{"id":16044,"date":"2018-12-18T09:00:45","date_gmt":"2018-12-18T09:00:45","guid":{"rendered":"https:\/\/atdb-production.studiograft.dev\/de\/?p=16044"},"modified":"2023-04-03T17:09:19","modified_gmt":"2023-04-03T16:09:19","slug":"der-schottische-saenger-fish-auf-europatour-mit-allen-heath-sq-6","status":"publish","type":"post","link":"https:\/\/distribution.audio-technica.eu\/de-de\/news\/der-schottische-saenger-fish-auf-europatour-mit-allen-heath-sq-6\/","title":{"rendered":"Der schottische S\u00e4nger Fish auf Europatour mit Allen &#038; Heath SQ-6"},"content":{"rendered":"<p>[fusion_builder_container hundred_percent=&#8220;no&#8220; equal_height_columns=&#8220;no&#8220; menu_anchor=&#8220;&#8220; hide_on_mobile=&#8220;small-visibility,medium-visibility,large-visibility&#8220; class=&#8220;&#8220; id=&#8220;&#8220; background_color=&#8220;&#8220; background_image=&#8220;&#8220; background_position=&#8220;center center&#8220; background_repeat=&#8220;no-repeat&#8220; fade=&#8220;no&#8220; background_parallax=&#8220;none&#8220; parallax_speed=&#8220;0.3&#8243; video_mp4=&#8220;&#8220; video_webm=&#8220;&#8220; video_ogv=&#8220;&#8220; video_url=&#8220;&#8220; video_aspect_ratio=&#8220;16:9&#8243; video_loop=&#8220;yes&#8220; video_mute=&#8220;yes&#8220; overlay_color=&#8220;&#8220; video_preview_image=&#8220;&#8220; border_size=&#8220;&#8220; border_color=&#8220;&#8220; border_style=&#8220;solid&#8220; padding_top=&#8220;&#8220; padding_bottom=&#8220;&#8220; padding_left=&#8220;&#8220; padding_right=&#8220;&#8220;][fusion_builder_row][fusion_builder_column type=&#8220;1_1&#8243; layout=&#8220;1_1&#8243; background_position=&#8220;left top&#8220; background_color=&#8220;&#8220; border_size=&#8220;&#8220; border_color=&#8220;&#8220; border_style=&#8220;solid&#8220; border_position=&#8220;all&#8220; spacing=&#8220;yes&#8220; background_image=&#8220;&#8220; background_repeat=&#8220;no-repeat&#8220; padding_top=&#8220;&#8220; padding_right=&#8220;&#8220; padding_bottom=&#8220;&#8220; padding_left=&#8220;&#8220; margin_top=&#8220;0px&#8220; margin_bottom=&#8220;0px&#8220; class=&#8220;&#8220; id=&#8220;&#8220; animation_type=&#8220;&#8220; animation_speed=&#8220;0.3&#8243; animation_direction=&#8220;left&#8220; hide_on_mobile=&#8220;small-visibility,medium-visibility,large-visibility&#8220; center_content=&#8220;no&#8220; last=&#8220;no&#8220; min_height=&#8220;&#8220; hover_type=&#8220;none&#8220; link=&#8220;&#8220;][fusion_text columns=&#8220;&#8220; column_min_width=&#8220;&#8220; column_spacing=&#8220;&#8220; rule_style=&#8220;default&#8220; rule_size=&#8220;&#8220; rule_color=&#8220;&#8220; class=&#8220;&#8220; id=&#8220;&#8220;]<\/p>\n<p><img loading=\"lazy\" decoding=\"async\" class=\"size-600 wp-image-16118 aligncenter\" src=\"\/de\/wp-content\/uploads\/sites\/6\/FISH-600x401.jpg\" alt=\"\" width=\"600\" height=\"401\" srcset=\"https:\/\/distribution.audio-technica.eu\/app\/uploads\/sites\/6\/FISH-600x401.jpg 600w, https:\/\/distribution.audio-technica.eu\/app\/uploads\/sites\/6\/FISH-300x200.jpg 300w, https:\/\/distribution.audio-technica.eu\/app\/uploads\/sites\/6\/FISH-768x513.jpg 768w, https:\/\/distribution.audio-technica.eu\/app\/uploads\/sites\/6\/FISH-1024x684.jpg 1024w, https:\/\/distribution.audio-technica.eu\/app\/uploads\/sites\/6\/FISH-200x134.jpg 200w, https:\/\/distribution.audio-technica.eu\/app\/uploads\/sites\/6\/FISH-400x267.jpg 400w, https:\/\/distribution.audio-technica.eu\/app\/uploads\/sites\/6\/FISH-800x534.jpg 800w, https:\/\/distribution.audio-technica.eu\/app\/uploads\/sites\/6\/FISH-1200x801.jpg 1200w, https:\/\/distribution.audio-technica.eu\/app\/uploads\/sites\/6\/FISH.jpg 1772w\" sizes=\"auto, (max-width: 600px) 100vw, 600px\" \/><\/p>\n<p><span data-contrast=\"auto\">Der schottische S\u00e4nger\u00a0<\/span><span data-contrast=\"auto\">Fish<\/span><span data-contrast=\"auto\">\u00a0setzt auf seiner<\/span><span data-contrast=\"auto\">\u00a0<\/span><span data-contrast=\"auto\">Clubtour quer durch Europa auf\u00a0<\/span><span data-contrast=\"auto\">ein SQ-6 System<\/span><span data-contrast=\"auto\">\u00a0von Allen &amp; Heath<\/span><span data-contrast=\"auto\">\u00a0als\u00a0<\/span><span data-contrast=\"auto\">FOH<\/span><span data-contrast=\"auto\">&#8211; und Monitorpult<\/span><span data-contrast=\"auto\">.<\/span><span data-ccp-props=\"{\">\u00a0<\/span><\/p>\n<p><span data-contrast=\"auto\">Viel<\/span><span data-contrast=\"auto\">en wird\u00a0<\/span><span data-contrast=\"auto\">Fish<\/span><span data-contrast=\"auto\">\u00a0<\/span><span data-contrast=\"auto\">vor allem als Frontmann und S\u00e4nger der Band\u00a0<\/span><span data-contrast=\"auto\">Marillion<\/span><span data-contrast=\"auto\">\u00a0<\/span><span data-contrast=\"auto\">im Ged\u00e4chtnis geblieben sein, die er 1988 verlie\u00df, um eine Solokarriere zu verfolgen.<\/span><span data-contrast=\"auto\">\u00a0Seitdem hat er neben regelm\u00e4\u00dfigen Albumver\u00f6f<\/span><span data-contrast=\"auto\">fentlichungen auch immer wieder\u00a0<\/span><span data-contrast=\"auto\">live\u00a0<\/span><span data-contrast=\"auto\">mit seiner charismatischen B\u00fchnenpr\u00e4senz das Publikum begeistert.<\/span><span data-contrast=\"auto\">\u00a0Auf d<\/span><span data-contrast=\"auto\">er aktuellen Tour quer durch Europa stellt er sein neues Album \u201eWeltschmerz\u201c vor.<\/span><span data-ccp-props=\"{\">\u00a0<\/span><\/p>\n<p><span data-contrast=\"auto\">Verantwortlich f\u00fcr den\u00a0<\/span><span data-contrast=\"auto\">Live-Sound von\u00a0<\/span><span data-contrast=\"auto\">Fish<\/span><span data-contrast=\"auto\">\u00a0ist FOH- und Monitor-Engineer Steven Kent, der eine\u00a0<\/span><span data-contrast=\"auto\">SQ-6<\/span><span data-contrast=\"auto\">-Konsole von Allen &amp; Heath als<\/span><span data-contrast=\"auto\">\u00a0FOH<\/span><span data-contrast=\"auto\">&#8211; und Monitorpult einsetzt. Auf der B\u00fchne kommen zus\u00e4tzlich\u00a0<\/span><span data-contrast=\"auto\">je\u00a0<\/span><span data-contrast=\"auto\">ein AR2412 und AR84\u00a0<\/span><span data-contrast=\"auto\">AudioRack<\/span><span data-contrast=\"auto\">\u00a0als\u00a0<\/span><span data-contrast=\"auto\">Stageboxen<\/span><span data-contrast=\"auto\">\u00a0zum Einsatz. Die<\/span><span data-contrast=\"auto\">\u00a0SQ-6\u00a0<\/span><span data-contrast=\"auto\">ist\u00a0<\/span><span data-contrast=\"auto\">zus\u00e4tzlich\u00a0<\/span><span data-contrast=\"auto\">mit einer\u00a0<\/span><span data-contrast=\"auto\">Waves<\/span><span data-contrast=\"auto\">-Karte ausgestattet, die die Einbindung spezieller Effekte bei niedriger Latenz \u00fcber ein\u00a0<\/span><span data-contrast=\"auto\">Waves<\/span><span data-contrast=\"auto\">\u00a0<\/span><span data-contrast=\"auto\">SoundGrid<\/span><span data-contrast=\"auto\">\u00a0System erm\u00f6glicht.<\/span><span data-ccp-props=\"{\">\u00a0<\/span><\/p>\n<p><img loading=\"lazy\" decoding=\"async\" class=\"size-600 wp-image-16117 aligncenter\" src=\"\/de\/wp-content\/uploads\/sites\/6\/SQ-6-600x401.jpg\" alt=\"\" width=\"600\" height=\"401\" srcset=\"https:\/\/distribution.audio-technica.eu\/app\/uploads\/sites\/6\/SQ-6-600x401.jpg 600w, https:\/\/distribution.audio-technica.eu\/app\/uploads\/sites\/6\/SQ-6-300x200.jpg 300w, https:\/\/distribution.audio-technica.eu\/app\/uploads\/sites\/6\/SQ-6-768x513.jpg 768w, https:\/\/distribution.audio-technica.eu\/app\/uploads\/sites\/6\/SQ-6-1024x684.jpg 1024w, https:\/\/distribution.audio-technica.eu\/app\/uploads\/sites\/6\/SQ-6-200x134.jpg 200w, https:\/\/distribution.audio-technica.eu\/app\/uploads\/sites\/6\/SQ-6-400x267.jpg 400w, https:\/\/distribution.audio-technica.eu\/app\/uploads\/sites\/6\/SQ-6-800x534.jpg 800w, https:\/\/distribution.audio-technica.eu\/app\/uploads\/sites\/6\/SQ-6-1200x801.jpg 1200w, https:\/\/distribution.audio-technica.eu\/app\/uploads\/sites\/6\/SQ-6.jpg 1772w\" sizes=\"auto, (max-width: 600px) 100vw, 600px\" \/><\/p>\n<p><span data-contrast=\"auto\">\u201eDie<\/span><span data-contrast=\"auto\">\u00a0gro\u00dfe Herausforderung\u00a0<\/span><span data-contrast=\"auto\">f\u00fcr mich ist, dass ich\u00a0<\/span><span data-contrast=\"auto\">auf der Tour\u00a0<\/span><span data-contrast=\"auto\">Front\u00a0<\/span><span data-contrast=\"auto\">of<\/span><span data-contrast=\"auto\">\u00a0House und<\/span><span data-contrast=\"auto\">\u00a0Monitoring der Band von der gleichen Konsole aus mische\u201c, erkl\u00e4rt Kent. \u201eEinige Musiker nutzen In-<\/span><span data-contrast=\"auto\">Ear<\/span><span data-contrast=\"auto\">-Monitoring, andere traditionelle\u00a0<\/span><span data-contrast=\"auto\">Wedges<\/span><span data-contrast=\"auto\">, auf der B\u00fchne gibt es also eine wilde Mischung verschiedener Signale<\/span><span data-contrast=\"auto\">.\u00a0<\/span><span data-contrast=\"auto\">Und das alle<\/span><span data-contrast=\"auto\">s mit<\/span><span data-contrast=\"auto\">\u00a0meiner kompakten\u00a0<\/span><span data-contrast=\"auto\">SQ-6\u00a0<\/span><span data-contrast=\"auto\">steuern und verteilen zu k\u00f6nnen ist wirklich fantastisch.\u201c<\/span><span data-ccp-props=\"{\">\u00a0<\/span><\/p>\n<p><span data-contrast=\"auto\">&#8222;Da wir auf der B\u00fchne das\u00a0<\/span><span data-contrast=\"auto\">ME-1 Personal Mixing\u00a0<\/span><span data-contrast=\"auto\">S<\/span><span data-contrast=\"auto\">ystem\u00a0<\/span><span data-contrast=\"auto\">benutzen wird mir schon mal ein ganzes St\u00fcck Arbeit abgenommen&#8220;<\/span><span data-contrast=\"auto\">,\u00a0<\/span><span data-contrast=\"auto\">erkl\u00e4rt Kent weiter. \u201eDie Musiker k\u00f6nnen ihren Monitormix ganz einfach selber\u00a0<\/span><span data-contrast=\"auto\">einstellen<\/span><span data-contrast=\"auto\">,<\/span><span data-contrast=\"auto\">\u00a0ohne mich st\u00e4ndig\u00a0<\/span><span data-contrast=\"auto\">fragen<\/span><span data-contrast=\"auto\">\u00a0<\/span><span data-contrast=\"auto\">zu m\u00fcssen\u00a0<\/span><span data-contrast=\"auto\">und k\u00f6nnen sich so ganz auf ihren Sound und ihre Performance auf der B\u00fchne konzentrieren.\u201c<\/span><span data-ccp-props=\"{\">\u00a0<\/span><\/p>\n<p><span data-contrast=\"auto\">Direkt vor der Tour\u00a0<\/span><span data-contrast=\"auto\">konnte Kent noch die neuen DEEP<\/span><span data-contrast=\"auto\">&#8211;<\/span><span data-contrast=\"auto\">P<\/span><span data-contrast=\"auto\">lug-ins<\/span><span data-contrast=\"auto\">\u00a0f\u00fcr SQ installieren und freute sich sofort \u00fcber die gro\u00dfe Verbesserung des Livesounds\u00a0<\/span><span data-contrast=\"auto\">und das positive Feedback\u00a0<\/span><span data-contrast=\"auto\">der Band.<\/span><span data-ccp-props=\"{\">\u00a0<\/span><\/p>\n<p><img loading=\"lazy\" decoding=\"async\" class=\"size-600 wp-image-16045 aligncenter\" src=\"\/de\/wp-content\/uploads\/sites\/6\/Steven_Kent-600x338.jpg\" alt=\"\" width=\"600\" height=\"338\" srcset=\"https:\/\/distribution.audio-technica.eu\/app\/uploads\/sites\/6\/Steven_Kent-600x338.jpg 600w, https:\/\/distribution.audio-technica.eu\/app\/uploads\/sites\/6\/Steven_Kent-300x169.jpg 300w, https:\/\/distribution.audio-technica.eu\/app\/uploads\/sites\/6\/Steven_Kent-768x432.jpg 768w, https:\/\/distribution.audio-technica.eu\/app\/uploads\/sites\/6\/Steven_Kent-1024x576.jpg 1024w, https:\/\/distribution.audio-technica.eu\/app\/uploads\/sites\/6\/Steven_Kent-200x113.jpg 200w, https:\/\/distribution.audio-technica.eu\/app\/uploads\/sites\/6\/Steven_Kent-400x225.jpg 400w, https:\/\/distribution.audio-technica.eu\/app\/uploads\/sites\/6\/Steven_Kent-800x450.jpg 800w, https:\/\/distribution.audio-technica.eu\/app\/uploads\/sites\/6\/Steven_Kent-1200x675.jpg 1200w\" sizes=\"auto, (max-width: 600px) 100vw, 600px\" \/><\/p>\n<p><span data-contrast=\"auto\">&#8222;<\/span><span data-contrast=\"auto\">Ich setze den 16T\u00a0<\/span><span data-contrast=\"auto\">C<\/span><span data-contrast=\"auto\">ompressor<\/span><span data-contrast=\"auto\">\u00a0<\/span><span data-contrast=\"auto\">Limiter<\/span><span data-contrast=\"auto\">\u00a0vor allem f\u00fcr die\u00a0<\/span><span data-contrast=\"auto\">Kick<\/span><span data-contrast=\"auto\">dru<\/span><span data-contrast=\"auto\">m<\/span><span data-contrast=\"auto\">\u00a0und den B<\/span><span data-contrast=\"auto\">ass\u00a0<\/span><span data-contrast=\"auto\">ein und alles klingt seitdem kompakter und knackiger\u201c, so Kent. \u201eAuf den Vocals und Akustikgitarren nutze ich<\/span><span data-contrast=\"auto\">\u00a0<\/span><span data-contrast=\"auto\">den Peak\u00a0<\/span><span data-contrast=\"auto\">Limiter<\/span><span data-contrast=\"auto\">\u00a076. Gerade bei den Gitarren haben wir lange mit dem Sound gek\u00e4mpft<\/span><span data-contrast=\"auto\">\u00a0und waren mit normaler Kompression und\u00a0<\/span><span data-contrast=\"auto\">EQing<\/span><span data-contrast=\"auto\">\u00a0<\/span><span data-contrast=\"auto\">nie zufrieden.<\/span><span data-contrast=\"auto\">\u00a0Sobald wir aber den<\/span><span data-contrast=\"auto\">\u00a0<\/span><span data-contrast=\"auto\">76<\/span><span data-contrast=\"auto\">\u00a0hatten<\/span><span data-contrast=\"auto\">\u00a0klang alles sofort\u00a0<\/span><span data-contrast=\"auto\">genauso<\/span><span data-contrast=\"auto\">, wie wir es uns vorgestellt hatten.<\/span><span data-contrast=\"auto\">\u00a0<\/span><span data-contrast=\"auto\">Einer meiner Lieblinge ist auch der<\/span><span data-contrast=\"auto\">\u00a0<\/span><span data-contrast=\"auto\">Mighty<\/span><span data-contrast=\"auto\">\u00a0<\/span><span data-contrast=\"auto\">Compressor<\/span><span data-contrast=\"auto\">,\u00a0<\/span><span data-contrast=\"auto\">der die Transienten auf den Drum<\/span><span data-contrast=\"auto\">-G<\/span><span data-contrast=\"auto\">ruppen betont und so richtig Punch in den Mix bringt.\u201c<\/span><span data-ccp-props=\"{\">\u00a0<\/span><\/p>\n<p><span data-contrast=\"auto\">Nach der Tour wird die SQ-6-Konsole wieder ihrer zweiten Bestimmung zugef\u00fchrt \u2013 als Studio-Konsole in\u00a0<\/span><span data-contrast=\"auto\">Fishs<\/span><span data-contrast=\"auto\">\u00a0eigenem Recording-Studio, wo sie als Frontend f\u00fcr die DAW dient und gleichzeitig USB-Interface, DAW- und Monitor-Controller ist.<\/span><span data-ccp-props=\"{\">\u00a0<\/span><\/p>\n<p><a href=\"http:\/\/www.allen-heath.com\/\"><span data-contrast=\"none\">www.allen-heath.com<\/span><\/a><span data-contrast=\"auto\">\u202f<\/span><span data-ccp-props=\"{}\">\u00a0<\/span><\/p>\n<p>[\/fusion_text][\/fusion_builder_column][\/fusion_builder_row][\/fusion_builder_container]<\/p>\n","protected":false},"excerpt":{"rendered":"<p>[fusion_builder_container hundred_percent=&#8220;no&#8220; equal_height_columns=&#8220;no&#8220; menu_anchor=&#8220;&#8220; hide_on_mobile=&#8220;small-visibility,medium-visibility,large-visibility&#8220; class=&#8220;&#8220; id=&#8220;&#8220; background_color=&#8220;&#8220; background_image=&#8220;&#8220; background_position=&#8220;center center&#8220; background_repeat=&#8220;no-repeat&#8220; fade=&#8220;no&#8220; background_parallax=&#8220;none&#8220; parallax_speed=&#8220;0.3&#8243; video_mp4=&#8220;&#8220; video_webm=&#8220;&#8220; video_ogv=&#8220;&#8220; video_url=&#8220;&#8220; video_aspect_ratio=&#8220;16:9&#8243; video_loop=&#8220;yes&#8220; video_mute=&#8220;yes&#8220; overlay_color=&#8220;&#8220; video_preview_image=&#8220;&#8220; border_size=&#8220;&#8220; border_color=&#8220;&#8220; border_style=&#8220;solid&#8220; padding_top=&#8220;&#8220; padding_bottom=&#8220;&#8220; padding_left=&#8220;&#8220; padding_right=&#8220;&#8220;][fusion_builder_row][fusion_builder_column type=&#8220;1_1&#8243; layout=&#8220;1_1&#8243; background_position=&#8220;left top&#8220; background_color=&#8220;&#8220; border_size=&#8220;&#8220; border_color=&#8220;&#8220; border_style=&#8220;solid&#8220; border_position=&#8220;all&#8220; spacing=&#8220;yes&#8220; background_image=&#8220;&#8220; background_repeat=&#8220;no-repeat&#8220; padding_top=&#8220;&#8220; padding_right=&#8220;&#8220; padding_bottom=&#8220;&#8220; padding_left=&#8220;&#8220; margin_top=&#8220;0px&#8220; margin_bottom=&#8220;0px&#8220; class=&#8220;&#8220; id=&#8220;&#8220; animation_type=&#8220;&#8220; animation_speed=&#8220;0.3&#8243; animation_direction=&#8220;left&#8220; hide_on_mobile=&#8220;small-visibility,medium-visibility,large-visibility&#8220; [&hellip;]<\/p>\n","protected":false},"author":1,"featured_media":16045,"comment_status":"closed","ping_status":"closed","sticky":false,"template":"","format":"standard","meta":{"_acf_changed":false,"footnotes":""},"categories":[13],"tags":[],"class_list":["post-16044","post","type-post","status-publish","format-standard","has-post-thumbnail","hentry","category-allen-heath"],"acf":[],"yoast_head":"<!-- This site is optimized with the Yoast SEO plugin v27.1.1 - https:\/\/yoast.com\/product\/yoast-seo-wordpress\/ -->\n<title>Der schottische S\u00e4nger Fish auf Europatour mit Allen &amp; Heath SQ-6 - DE Audio-Technica Distribution<\/title>\n<meta name=\"robots\" content=\"index, follow, max-snippet:-1, max-image-preview:large, max-video-preview:-1\" \/>\n<link rel=\"canonical\" href=\"https:\/\/distribution.audio-technica.eu\/de-de\/news\/der-schottische-saenger-fish-auf-europatour-mit-allen-heath-sq-6\/\" \/>\n<meta property=\"og:locale\" content=\"de_DE\" \/>\n<meta property=\"og:type\" content=\"article\" \/>\n<meta property=\"og:title\" content=\"Der schottische S\u00e4nger Fish auf Europatour mit Allen &amp; Heath SQ-6 - DE Audio-Technica Distribution\" \/>\n<meta property=\"og:description\" content=\"[fusion_builder_container hundred_percent=&#8220;no&#8220; equal_height_columns=&#8220;no&#8220; menu_anchor=&#8220;&#8220; hide_on_mobile=&#8220;small-visibility,medium-visibility,large-visibility&#8220; class=&#8220;&#8220; id=&#8220;&#8220; background_color=&#8220;&#8220; background_image=&#8220;&#8220; background_position=&#8220;center center&#8220; background_repeat=&#8220;no-repeat&#8220; fade=&#8220;no&#8220; background_parallax=&#8220;none&#8220; parallax_speed=&#8220;0.3&#8243; video_mp4=&#8220;&#8220; video_webm=&#8220;&#8220; video_ogv=&#8220;&#8220; video_url=&#8220;&#8220; video_aspect_ratio=&#8220;16:9&#8243; video_loop=&#8220;yes&#8220; video_mute=&#8220;yes&#8220; overlay_color=&#8220;&#8220; video_preview_image=&#8220;&#8220; border_size=&#8220;&#8220; border_color=&#8220;&#8220; border_style=&#8220;solid&#8220; padding_top=&#8220;&#8220; padding_bottom=&#8220;&#8220; padding_left=&#8220;&#8220; padding_right=&#8220;&#8220;][fusion_builder_row][fusion_builder_column type=&#8220;1_1&#8243; layout=&#8220;1_1&#8243; background_position=&#8220;left top&#8220; background_color=&#8220;&#8220; border_size=&#8220;&#8220; border_color=&#8220;&#8220; border_style=&#8220;solid&#8220; border_position=&#8220;all&#8220; spacing=&#8220;yes&#8220; background_image=&#8220;&#8220; background_repeat=&#8220;no-repeat&#8220; padding_top=&#8220;&#8220; padding_right=&#8220;&#8220; padding_bottom=&#8220;&#8220; padding_left=&#8220;&#8220; margin_top=&#8220;0px&#8220; margin_bottom=&#8220;0px&#8220; class=&#8220;&#8220; id=&#8220;&#8220; animation_type=&#8220;&#8220; animation_speed=&#8220;0.3&#8243; animation_direction=&#8220;left&#8220; hide_on_mobile=&#8220;small-visibility,medium-visibility,large-visibility&#8220; [&hellip;]\" \/>\n<meta property=\"og:url\" content=\"https:\/\/distribution.audio-technica.eu\/de-de\/news\/der-schottische-saenger-fish-auf-europatour-mit-allen-heath-sq-6\/\" \/>\n<meta property=\"og:site_name\" content=\"DE Audio-Technica Distribution\" \/>\n<meta property=\"article:published_time\" content=\"2018-12-18T09:00:45+00:00\" \/>\n<meta property=\"article:modified_time\" content=\"2023-04-03T16:09:19+00:00\" \/>\n<meta property=\"og:image\" content=\"https:\/\/distribution.audio-technica.eu\/app\/uploads\/sites\/6\/Steven_Kent.jpg\" \/>\n\t<meta property=\"og:image:width\" content=\"2362\" \/>\n\t<meta property=\"og:image:height\" content=\"1329\" \/>\n\t<meta property=\"og:image:type\" content=\"image\/jpeg\" \/>\n<meta name=\"author\" content=\"Audio-Technica\" \/>\n<meta name=\"twitter:card\" content=\"summary_large_image\" \/>\n<meta name=\"twitter:label1\" content=\"Verfasst von\" \/>\n\t<meta name=\"twitter:data1\" content=\"Audio-Technica\" \/>\n\t<meta name=\"twitter:label2\" content=\"Gesch\u00e4tzte Lesezeit\" \/>\n\t<meta name=\"twitter:data2\" content=\"3\u00a0Minuten\" \/>\n<script type=\"application\/ld+json\" class=\"yoast-schema-graph\">{\"@context\":\"https:\/\/schema.org\",\"@graph\":[{\"@type\":\"Article\",\"@id\":\"https:\/\/distribution.audio-technica.eu\/de-de\/news\/der-schottische-saenger-fish-auf-europatour-mit-allen-heath-sq-6\/#article\",\"isPartOf\":{\"@id\":\"https:\/\/distribution.audio-technica.eu\/de-de\/news\/der-schottische-saenger-fish-auf-europatour-mit-allen-heath-sq-6\/\"},\"author\":{\"name\":\"Audio-Technica\",\"@id\":\"https:\/\/distribution.audio-technica.eu\/de-de\/#\/schema\/person\/e8e715e047e33cc425e816f59cbd9b80\"},\"headline\":\"Der schottische S\u00e4nger Fish auf Europatour mit Allen &#038; Heath SQ-6\",\"datePublished\":\"2018-12-18T09:00:45+00:00\",\"dateModified\":\"2023-04-03T16:09:19+00:00\",\"mainEntityOfPage\":{\"@id\":\"https:\/\/distribution.audio-technica.eu\/de-de\/news\/der-schottische-saenger-fish-auf-europatour-mit-allen-heath-sq-6\/\"},\"wordCount\":644,\"image\":{\"@id\":\"https:\/\/distribution.audio-technica.eu\/de-de\/news\/der-schottische-saenger-fish-auf-europatour-mit-allen-heath-sq-6\/#primaryimage\"},\"thumbnailUrl\":\"\/app\/uploads\/sites\/6\/Steven_Kent.jpg\",\"articleSection\":[\"Allen &amp; Heath\"],\"inLanguage\":\"de\"},{\"@type\":\"WebPage\",\"@id\":\"https:\/\/distribution.audio-technica.eu\/de-de\/news\/der-schottische-saenger-fish-auf-europatour-mit-allen-heath-sq-6\/\",\"url\":\"https:\/\/distribution.audio-technica.eu\/de-de\/news\/der-schottische-saenger-fish-auf-europatour-mit-allen-heath-sq-6\/\",\"name\":\"Der schottische S\u00e4nger Fish auf Europatour mit Allen & Heath SQ-6 - DE Audio-Technica Distribution\",\"isPartOf\":{\"@id\":\"https:\/\/distribution.audio-technica.eu\/de-de\/#website\"},\"primaryImageOfPage\":{\"@id\":\"https:\/\/distribution.audio-technica.eu\/de-de\/news\/der-schottische-saenger-fish-auf-europatour-mit-allen-heath-sq-6\/#primaryimage\"},\"image\":{\"@id\":\"https:\/\/distribution.audio-technica.eu\/de-de\/news\/der-schottische-saenger-fish-auf-europatour-mit-allen-heath-sq-6\/#primaryimage\"},\"thumbnailUrl\":\"\/app\/uploads\/sites\/6\/Steven_Kent.jpg\",\"datePublished\":\"2018-12-18T09:00:45+00:00\",\"dateModified\":\"2023-04-03T16:09:19+00:00\",\"author\":{\"@id\":\"https:\/\/distribution.audio-technica.eu\/de-de\/#\/schema\/person\/e8e715e047e33cc425e816f59cbd9b80\"},\"breadcrumb\":{\"@id\":\"https:\/\/distribution.audio-technica.eu\/de-de\/news\/der-schottische-saenger-fish-auf-europatour-mit-allen-heath-sq-6\/#breadcrumb\"},\"inLanguage\":\"de\",\"potentialAction\":[{\"@type\":\"ReadAction\",\"target\":[\"https:\/\/distribution.audio-technica.eu\/de-de\/news\/der-schottische-saenger-fish-auf-europatour-mit-allen-heath-sq-6\/\"]}]},{\"@type\":\"ImageObject\",\"inLanguage\":\"de\",\"@id\":\"https:\/\/distribution.audio-technica.eu\/de-de\/news\/der-schottische-saenger-fish-auf-europatour-mit-allen-heath-sq-6\/#primaryimage\",\"url\":\"\/app\/uploads\/sites\/6\/Steven_Kent.jpg\",\"contentUrl\":\"\/app\/uploads\/sites\/6\/Steven_Kent.jpg\",\"width\":2362,\"height\":1329},{\"@type\":\"BreadcrumbList\",\"@id\":\"https:\/\/distribution.audio-technica.eu\/de-de\/news\/der-schottische-saenger-fish-auf-europatour-mit-allen-heath-sq-6\/#breadcrumb\",\"itemListElement\":[{\"@type\":\"ListItem\",\"position\":1,\"name\":\"Products\",\"item\":\"https:\/\/distribution.audio-technica.eu\/de-de\/\"},{\"@type\":\"ListItem\",\"position\":2,\"name\":\"Der schottische S\u00e4nger Fish auf Europatour mit Allen &#038; Heath SQ-6\"}]},{\"@type\":\"WebSite\",\"@id\":\"https:\/\/distribution.audio-technica.eu\/de-de\/#website\",\"url\":\"https:\/\/distribution.audio-technica.eu\/de-de\/\",\"name\":\"DE Audio-Technica Distribution\",\"description\":\"\",\"potentialAction\":[{\"@type\":\"SearchAction\",\"target\":{\"@type\":\"EntryPoint\",\"urlTemplate\":\"https:\/\/distribution.audio-technica.eu\/de-de\/?s={search_term_string}\"},\"query-input\":{\"@type\":\"PropertyValueSpecification\",\"valueRequired\":true,\"valueName\":\"search_term_string\"}}],\"inLanguage\":\"de\"},{\"@type\":\"Person\",\"@id\":\"https:\/\/distribution.audio-technica.eu\/de-de\/#\/schema\/person\/e8e715e047e33cc425e816f59cbd9b80\",\"name\":\"Audio-Technica\",\"url\":\"https:\/\/distribution.audio-technica.eu\/de-de\/news\/author\/audiotechnica\/\"}]}<\/script>\n<!-- \/ Yoast SEO plugin. -->","yoast_head_json":{"title":"Der schottische S\u00e4nger Fish auf Europatour mit Allen & Heath SQ-6 - DE Audio-Technica Distribution","robots":{"index":"index","follow":"follow","max-snippet":"max-snippet:-1","max-image-preview":"max-image-preview:large","max-video-preview":"max-video-preview:-1"},"canonical":"https:\/\/distribution.audio-technica.eu\/de-de\/news\/der-schottische-saenger-fish-auf-europatour-mit-allen-heath-sq-6\/","og_locale":"de_DE","og_type":"article","og_title":"Der schottische S\u00e4nger Fish auf Europatour mit Allen & Heath SQ-6 - DE Audio-Technica Distribution","og_description":"[fusion_builder_container hundred_percent=&#8220;no&#8220; equal_height_columns=&#8220;no&#8220; menu_anchor=&#8220;&#8220; hide_on_mobile=&#8220;small-visibility,medium-visibility,large-visibility&#8220; class=&#8220;&#8220; id=&#8220;&#8220; background_color=&#8220;&#8220; background_image=&#8220;&#8220; background_position=&#8220;center center&#8220; background_repeat=&#8220;no-repeat&#8220; fade=&#8220;no&#8220; background_parallax=&#8220;none&#8220; parallax_speed=&#8220;0.3&#8243; video_mp4=&#8220;&#8220; video_webm=&#8220;&#8220; video_ogv=&#8220;&#8220; video_url=&#8220;&#8220; video_aspect_ratio=&#8220;16:9&#8243; video_loop=&#8220;yes&#8220; video_mute=&#8220;yes&#8220; overlay_color=&#8220;&#8220; video_preview_image=&#8220;&#8220; border_size=&#8220;&#8220; border_color=&#8220;&#8220; border_style=&#8220;solid&#8220; padding_top=&#8220;&#8220; padding_bottom=&#8220;&#8220; padding_left=&#8220;&#8220; padding_right=&#8220;&#8220;][fusion_builder_row][fusion_builder_column type=&#8220;1_1&#8243; layout=&#8220;1_1&#8243; background_position=&#8220;left top&#8220; background_color=&#8220;&#8220; border_size=&#8220;&#8220; border_color=&#8220;&#8220; border_style=&#8220;solid&#8220; border_position=&#8220;all&#8220; spacing=&#8220;yes&#8220; background_image=&#8220;&#8220; background_repeat=&#8220;no-repeat&#8220; padding_top=&#8220;&#8220; padding_right=&#8220;&#8220; padding_bottom=&#8220;&#8220; padding_left=&#8220;&#8220; margin_top=&#8220;0px&#8220; margin_bottom=&#8220;0px&#8220; class=&#8220;&#8220; id=&#8220;&#8220; animation_type=&#8220;&#8220; animation_speed=&#8220;0.3&#8243; animation_direction=&#8220;left&#8220; hide_on_mobile=&#8220;small-visibility,medium-visibility,large-visibility&#8220; [&hellip;]","og_url":"https:\/\/distribution.audio-technica.eu\/de-de\/news\/der-schottische-saenger-fish-auf-europatour-mit-allen-heath-sq-6\/","og_site_name":"DE Audio-Technica Distribution","article_published_time":"2018-12-18T09:00:45+00:00","article_modified_time":"2023-04-03T16:09:19+00:00","og_image":[{"width":2362,"height":1329,"url":"https:\/\/distribution.audio-technica.eu\/app\/uploads\/sites\/6\/Steven_Kent.jpg","type":"image\/jpeg"}],"author":"Audio-Technica","twitter_card":"summary_large_image","twitter_misc":{"Verfasst von":"Audio-Technica","Gesch\u00e4tzte Lesezeit":"3\u00a0Minuten"},"schema":{"@context":"https:\/\/schema.org","@graph":[{"@type":"Article","@id":"https:\/\/distribution.audio-technica.eu\/de-de\/news\/der-schottische-saenger-fish-auf-europatour-mit-allen-heath-sq-6\/#article","isPartOf":{"@id":"https:\/\/distribution.audio-technica.eu\/de-de\/news\/der-schottische-saenger-fish-auf-europatour-mit-allen-heath-sq-6\/"},"author":{"name":"Audio-Technica","@id":"https:\/\/distribution.audio-technica.eu\/de-de\/#\/schema\/person\/e8e715e047e33cc425e816f59cbd9b80"},"headline":"Der schottische S\u00e4nger Fish auf Europatour mit Allen &#038; Heath SQ-6","datePublished":"2018-12-18T09:00:45+00:00","dateModified":"2023-04-03T16:09:19+00:00","mainEntityOfPage":{"@id":"https:\/\/distribution.audio-technica.eu\/de-de\/news\/der-schottische-saenger-fish-auf-europatour-mit-allen-heath-sq-6\/"},"wordCount":644,"image":{"@id":"https:\/\/distribution.audio-technica.eu\/de-de\/news\/der-schottische-saenger-fish-auf-europatour-mit-allen-heath-sq-6\/#primaryimage"},"thumbnailUrl":"\/app\/uploads\/sites\/6\/Steven_Kent.jpg","articleSection":["Allen &amp; Heath"],"inLanguage":"de"},{"@type":"WebPage","@id":"https:\/\/distribution.audio-technica.eu\/de-de\/news\/der-schottische-saenger-fish-auf-europatour-mit-allen-heath-sq-6\/","url":"https:\/\/distribution.audio-technica.eu\/de-de\/news\/der-schottische-saenger-fish-auf-europatour-mit-allen-heath-sq-6\/","name":"Der schottische S\u00e4nger Fish auf Europatour mit Allen & Heath SQ-6 - DE Audio-Technica Distribution","isPartOf":{"@id":"https:\/\/distribution.audio-technica.eu\/de-de\/#website"},"primaryImageOfPage":{"@id":"https:\/\/distribution.audio-technica.eu\/de-de\/news\/der-schottische-saenger-fish-auf-europatour-mit-allen-heath-sq-6\/#primaryimage"},"image":{"@id":"https:\/\/distribution.audio-technica.eu\/de-de\/news\/der-schottische-saenger-fish-auf-europatour-mit-allen-heath-sq-6\/#primaryimage"},"thumbnailUrl":"\/app\/uploads\/sites\/6\/Steven_Kent.jpg","datePublished":"2018-12-18T09:00:45+00:00","dateModified":"2023-04-03T16:09:19+00:00","author":{"@id":"https:\/\/distribution.audio-technica.eu\/de-de\/#\/schema\/person\/e8e715e047e33cc425e816f59cbd9b80"},"breadcrumb":{"@id":"https:\/\/distribution.audio-technica.eu\/de-de\/news\/der-schottische-saenger-fish-auf-europatour-mit-allen-heath-sq-6\/#breadcrumb"},"inLanguage":"de","potentialAction":[{"@type":"ReadAction","target":["https:\/\/distribution.audio-technica.eu\/de-de\/news\/der-schottische-saenger-fish-auf-europatour-mit-allen-heath-sq-6\/"]}]},{"@type":"ImageObject","inLanguage":"de","@id":"https:\/\/distribution.audio-technica.eu\/de-de\/news\/der-schottische-saenger-fish-auf-europatour-mit-allen-heath-sq-6\/#primaryimage","url":"\/app\/uploads\/sites\/6\/Steven_Kent.jpg","contentUrl":"\/app\/uploads\/sites\/6\/Steven_Kent.jpg","width":2362,"height":1329},{"@type":"BreadcrumbList","@id":"https:\/\/distribution.audio-technica.eu\/de-de\/news\/der-schottische-saenger-fish-auf-europatour-mit-allen-heath-sq-6\/#breadcrumb","itemListElement":[{"@type":"ListItem","position":1,"name":"Products","item":"https:\/\/distribution.audio-technica.eu\/de-de\/"},{"@type":"ListItem","position":2,"name":"Der schottische S\u00e4nger Fish auf Europatour mit Allen &#038; Heath SQ-6"}]},{"@type":"WebSite","@id":"https:\/\/distribution.audio-technica.eu\/de-de\/#website","url":"https:\/\/distribution.audio-technica.eu\/de-de\/","name":"DE Audio-Technica Distribution","description":"","potentialAction":[{"@type":"SearchAction","target":{"@type":"EntryPoint","urlTemplate":"https:\/\/distribution.audio-technica.eu\/de-de\/?s={search_term_string}"},"query-input":{"@type":"PropertyValueSpecification","valueRequired":true,"valueName":"search_term_string"}}],"inLanguage":"de"},{"@type":"Person","@id":"https:\/\/distribution.audio-technica.eu\/de-de\/#\/schema\/person\/e8e715e047e33cc425e816f59cbd9b80","name":"Audio-Technica","url":"https:\/\/distribution.audio-technica.eu\/de-de\/news\/author\/audiotechnica\/"}]}},"_links":{"self":[{"href":"https:\/\/distribution.audio-technica.eu\/de-de\/wp-json\/wp\/v2\/posts\/16044","targetHints":{"allow":["GET"]}}],"collection":[{"href":"https:\/\/distribution.audio-technica.eu\/de-de\/wp-json\/wp\/v2\/posts"}],"about":[{"href":"https:\/\/distribution.audio-technica.eu\/de-de\/wp-json\/wp\/v2\/types\/post"}],"author":[{"embeddable":true,"href":"https:\/\/distribution.audio-technica.eu\/de-de\/wp-json\/wp\/v2\/users\/1"}],"replies":[{"embeddable":true,"href":"https:\/\/distribution.audio-technica.eu\/de-de\/wp-json\/wp\/v2\/comments?post=16044"}],"version-history":[{"count":3,"href":"https:\/\/distribution.audio-technica.eu\/de-de\/wp-json\/wp\/v2\/posts\/16044\/revisions"}],"predecessor-version":[{"id":16120,"href":"https:\/\/distribution.audio-technica.eu\/de-de\/wp-json\/wp\/v2\/posts\/16044\/revisions\/16120"}],"wp:featuredmedia":[{"embeddable":true,"href":"https:\/\/distribution.audio-technica.eu\/de-de\/wp-json\/wp\/v2\/media\/16045"}],"wp:attachment":[{"href":"https:\/\/distribution.audio-technica.eu\/de-de\/wp-json\/wp\/v2\/media?parent=16044"}],"wp:term":[{"taxonomy":"category","embeddable":true,"href":"https:\/\/distribution.audio-technica.eu\/de-de\/wp-json\/wp\/v2\/categories?post=16044"},{"taxonomy":"post_tag","embeddable":true,"href":"https:\/\/distribution.audio-technica.eu\/de-de\/wp-json\/wp\/v2\/tags?post=16044"}],"curies":[{"name":"wp","href":"https:\/\/api.w.org\/{rel}","templated":true}]}}