{"id":16631,"date":"2020-09-21T09:00:12","date_gmt":"2020-09-21T08:00:12","guid":{"rendered":"https:\/\/atdb-production.studiograft.dev\/de\/?p=16631"},"modified":"2023-09-13T17:46:23","modified_gmt":"2023-09-13T16:46:23","slug":"pressebericht-schlosshofkonzert-2020","status":"publish","type":"post","link":"https:\/\/distribution.audio-technica.eu\/de-de\/news\/pressebericht-schlosshofkonzert-2020\/","title":{"rendered":"Pressebericht\u00a0Schlosshofkonzert\u00a02020"},"content":{"rendered":"<p><img loading=\"lazy\" decoding=\"async\" class=\"alignnone size-large wp-image-16634\" src=\"\/app\/uploads\/sites\/6\/3-_R018612_DPL_3.3_Seydel_LR-1024x683.png\" alt=\"\" width=\"1024\" height=\"683\" srcset=\"https:\/\/distribution.audio-technica.eu\/app\/uploads\/sites\/6\/3-_R018612_DPL_3.3_Seydel_LR-1024x683.png 1024w, https:\/\/distribution.audio-technica.eu\/app\/uploads\/sites\/6\/3-_R018612_DPL_3.3_Seydel_LR-300x200.png 300w, https:\/\/distribution.audio-technica.eu\/app\/uploads\/sites\/6\/3-_R018612_DPL_3.3_Seydel_LR-768x512.png 768w, https:\/\/distribution.audio-technica.eu\/app\/uploads\/sites\/6\/3-_R018612_DPL_3.3_Seydel_LR-1536x1024.png 1536w, https:\/\/distribution.audio-technica.eu\/app\/uploads\/sites\/6\/3-_R018612_DPL_3.3_Seydel_LR-2048x1365.png 2048w, https:\/\/distribution.audio-technica.eu\/app\/uploads\/sites\/6\/3-_R018612_DPL_3.3_Seydel_LR-200x133.png 200w, https:\/\/distribution.audio-technica.eu\/app\/uploads\/sites\/6\/3-_R018612_DPL_3.3_Seydel_LR-400x267.png 400w, https:\/\/distribution.audio-technica.eu\/app\/uploads\/sites\/6\/3-_R018612_DPL_3.3_Seydel_LR-600x400.png 600w, https:\/\/distribution.audio-technica.eu\/app\/uploads\/sites\/6\/3-_R018612_DPL_3.3_Seydel_LR-800x533.png 800w, https:\/\/distribution.audio-technica.eu\/app\/uploads\/sites\/6\/3-_R018612_DPL_3.3_Seydel_LR-1200x800.png 1200w\" sizes=\"auto, (max-width: 1024px) 100vw, 1024px\" \/><\/p>\n<p>Im Rahmen von drei Konzerten der Th\u00fcringen Philharmonie\u00a0lieferte der Martin Audio-Rentalpartner\u00a0Kotsch\u00a0Showtechnik aus\u00a0Nessetal\u00a0bei Gotha eine hochwertige Beschallungsl\u00f6sung zur originalgetreuen Wiedergabe der teilweise sehr anspruchsvollen klassischen Musik.<\/p>\n<p>Um den\u00a0Coronauflagen\u00a0gerecht zu werden, zog es die Th\u00fcringen Philharmonie f\u00fcr drei Abende in den wundersch\u00f6nen Hof des barocken Schloss Friedenstein in Gotha. Hier konnte unter Ber\u00fccksichtigung der Abstandsregeln\u00a0ein Barockabend, eine Operettengala und ein Konzert mit Violine und Fl\u00fcgel vor 400 Zuh\u00f6rern stattfinden. Torsten\u00a0Kotsch, Inhaber der Firma\u00a0Kotsch\u00a0Showtechnik, setzte mit seinem Team das Sound- und Lichtdesign um und erkl\u00e4rt die Besonderheiten der klassischen Musik: \u201eDer\u00a0Dynamikumfang\u00a0eines klassischen Konzerts ist weitaus\u00a0gr\u00f6\u00dfer\u00a0als bei\u00a0vielen Rockkonzerten. Da die Konzerte Open-Air stattfanden, und nicht in einem Theater oder Konzertsaal, mussten wir hier besondere Sorgfalt auf das richtige Set-Up des Systems legen.\u201c<\/p>\n<p>Die Wahl der Lautsprechertechnik fiel durchweg auf\u00a0self-powered\u00a0Produkte von Martin Audio. Als Main-PA kam das MLA Compact zum Einsatz, der Bereich vor der B\u00fchne wurde mit DD12 Lautsprechern abgedeckt und auf der B\u00fchne kamen CDD-LIVE8 Lautsprecher als Monitore zum Einsatz. Torsten\u00a0Kotsch\u00a0erkl\u00e4rt die Auswahl: \u201eIch kann alle Lautsprecher \u00fcber das VU-Net von Martin Audio verbinden und in der Software steuern und \u00fcberwachen. Da wir auf allen Pl\u00e4tzen ein m\u00f6glichst gleiches Klangerlebnis realisieren wollten, war der Mix aus MLA Compact und DD12 perfekt. Beide Systeme strahlen sehr homogen ab und sorgen so daf\u00fcr, dass alle Instrumente auf allen Pl\u00e4tzen gleich gut geh\u00f6rt werden. Die CDD-LIVE8 waren f\u00fcr diese Anwendung die richten B\u00fchnenmonitore, da diese ebenfalls sehr homogen abstrahlen und au\u00dferordentlich kompakt sind.\u201c\u00a0Die Main-PA hing eine Woche lang durchg\u00e4ngig auf dem Schlosshof. An den drei Veranstaltungstagen hat es gl\u00fccklicherweise nicht geregnet, daf\u00fcr aber zwischen den Tagen. \u201eDas hat dem System nicht viel ausgemacht\u201c, best\u00e4tigt\u00a0Kotsch.<\/p>\n<div id='gallery-1' class='gallery galleryid-16631 gallery-columns-3 gallery-size-medium'><figure class='gallery-item'>\n\t\t\t<div class='gallery-icon landscape'>\n\t\t\t\t<img loading=\"lazy\" decoding=\"async\" width=\"300\" height=\"169\" src=\"\/app\/uploads\/sites\/6\/2-_R018612_DPL_3.3_Seydel_LR-300x169.png\" class=\"attachment-medium size-medium\" alt=\"\" srcset=\"https:\/\/distribution.audio-technica.eu\/app\/uploads\/sites\/6\/2-_R018612_DPL_3.3_Seydel_LR-300x169.png 300w, https:\/\/distribution.audio-technica.eu\/app\/uploads\/sites\/6\/2-_R018612_DPL_3.3_Seydel_LR-1024x576.png 1024w, https:\/\/distribution.audio-technica.eu\/app\/uploads\/sites\/6\/2-_R018612_DPL_3.3_Seydel_LR-768x432.png 768w, https:\/\/distribution.audio-technica.eu\/app\/uploads\/sites\/6\/2-_R018612_DPL_3.3_Seydel_LR-1536x864.png 1536w, https:\/\/distribution.audio-technica.eu\/app\/uploads\/sites\/6\/2-_R018612_DPL_3.3_Seydel_LR-200x113.png 200w, https:\/\/distribution.audio-technica.eu\/app\/uploads\/sites\/6\/2-_R018612_DPL_3.3_Seydel_LR-400x225.png 400w, https:\/\/distribution.audio-technica.eu\/app\/uploads\/sites\/6\/2-_R018612_DPL_3.3_Seydel_LR-600x338.png 600w, https:\/\/distribution.audio-technica.eu\/app\/uploads\/sites\/6\/2-_R018612_DPL_3.3_Seydel_LR-800x450.png 800w, https:\/\/distribution.audio-technica.eu\/app\/uploads\/sites\/6\/2-_R018612_DPL_3.3_Seydel_LR-1200x675.png 1200w, https:\/\/distribution.audio-technica.eu\/app\/uploads\/sites\/6\/2-_R018612_DPL_3.3_Seydel_LR.png 1920w\" sizes=\"auto, (max-width: 300px) 100vw, 300px\" \/>\n\t\t\t<\/div><\/figure><figure class='gallery-item'>\n\t\t\t<div class='gallery-icon landscape'>\n\t\t\t\t<img loading=\"lazy\" decoding=\"async\" width=\"300\" height=\"169\" src=\"\/app\/uploads\/sites\/6\/1-_R018583_DPL_3.3_Seydel_LR-300x169.png\" class=\"attachment-medium size-medium\" alt=\"\" srcset=\"https:\/\/distribution.audio-technica.eu\/app\/uploads\/sites\/6\/1-_R018583_DPL_3.3_Seydel_LR-300x169.png 300w, https:\/\/distribution.audio-technica.eu\/app\/uploads\/sites\/6\/1-_R018583_DPL_3.3_Seydel_LR-1024x576.png 1024w, https:\/\/distribution.audio-technica.eu\/app\/uploads\/sites\/6\/1-_R018583_DPL_3.3_Seydel_LR-768x432.png 768w, https:\/\/distribution.audio-technica.eu\/app\/uploads\/sites\/6\/1-_R018583_DPL_3.3_Seydel_LR-1536x864.png 1536w, https:\/\/distribution.audio-technica.eu\/app\/uploads\/sites\/6\/1-_R018583_DPL_3.3_Seydel_LR-200x113.png 200w, https:\/\/distribution.audio-technica.eu\/app\/uploads\/sites\/6\/1-_R018583_DPL_3.3_Seydel_LR-400x225.png 400w, https:\/\/distribution.audio-technica.eu\/app\/uploads\/sites\/6\/1-_R018583_DPL_3.3_Seydel_LR-600x338.png 600w, https:\/\/distribution.audio-technica.eu\/app\/uploads\/sites\/6\/1-_R018583_DPL_3.3_Seydel_LR-800x450.png 800w, https:\/\/distribution.audio-technica.eu\/app\/uploads\/sites\/6\/1-_R018583_DPL_3.3_Seydel_LR-1200x675.png 1200w, https:\/\/distribution.audio-technica.eu\/app\/uploads\/sites\/6\/1-_R018583_DPL_3.3_Seydel_LR.png 1920w\" sizes=\"auto, (max-width: 300px) 100vw, 300px\" \/>\n\t\t\t<\/div><\/figure><figure class='gallery-item'>\n\t\t\t<div class='gallery-icon landscape'>\n\t\t\t\t<img loading=\"lazy\" decoding=\"async\" width=\"300\" height=\"169\" src=\"\/app\/uploads\/sites\/6\/4-_V084683_DPL_3.3_Seydel_LR-1-300x169.png\" class=\"attachment-medium size-medium\" alt=\"\" srcset=\"https:\/\/distribution.audio-technica.eu\/app\/uploads\/sites\/6\/4-_V084683_DPL_3.3_Seydel_LR-1-300x169.png 300w, https:\/\/distribution.audio-technica.eu\/app\/uploads\/sites\/6\/4-_V084683_DPL_3.3_Seydel_LR-1-1024x576.png 1024w, https:\/\/distribution.audio-technica.eu\/app\/uploads\/sites\/6\/4-_V084683_DPL_3.3_Seydel_LR-1-768x432.png 768w, https:\/\/distribution.audio-technica.eu\/app\/uploads\/sites\/6\/4-_V084683_DPL_3.3_Seydel_LR-1-1536x864.png 1536w, https:\/\/distribution.audio-technica.eu\/app\/uploads\/sites\/6\/4-_V084683_DPL_3.3_Seydel_LR-1-200x113.png 200w, https:\/\/distribution.audio-technica.eu\/app\/uploads\/sites\/6\/4-_V084683_DPL_3.3_Seydel_LR-1-400x225.png 400w, https:\/\/distribution.audio-technica.eu\/app\/uploads\/sites\/6\/4-_V084683_DPL_3.3_Seydel_LR-1-600x338.png 600w, https:\/\/distribution.audio-technica.eu\/app\/uploads\/sites\/6\/4-_V084683_DPL_3.3_Seydel_LR-1-800x450.png 800w, https:\/\/distribution.audio-technica.eu\/app\/uploads\/sites\/6\/4-_V084683_DPL_3.3_Seydel_LR-1-1200x675.png 1200w, https:\/\/distribution.audio-technica.eu\/app\/uploads\/sites\/6\/4-_V084683_DPL_3.3_Seydel_LR-1.png 1920w\" sizes=\"auto, (max-width: 300px) 100vw, 300px\" \/>\n\t\t\t<\/div><\/figure>\n\t\t<\/div>\n\n<p>Aufgrund der baulichen Vorgaben im Schlosshof musste der FOH sehr weit hinten stehen. Gut 40 Meter lagen so zwischen B\u00fchne und Mischpult. Dar\u00fcber hinaus machten die vielen reflektierenden Fl\u00e4chen auf und um den Schlosshof das richtige Mixen nicht einfacher. Hier griff Torsten Kotsch auf eine besondere Funktion des MLA Compacts zur\u00fcck, um Reflektionen zu minimieren: \u201eBei der MLA-Technologie von Martin Audio habe ich unter anderem die M\u00f6glichkeit, einen Hard Avoid zu setzten. Diese Bereiche definiere ich vorher in der Software. Das Preset f\u00fcr die Lautsprecher wird dann so gerechnet, dass m\u00f6glichst wenig Energie an diese reflektierenden Fl\u00e4chen abgegeben wird.\u201c Das Ergebnis war sehr gut, so dass Klassikfans und K\u00fcnstler die Beschallung gelobt haben. \u201eEin Gast sagte mir, dass er die Violinen butterweich empfunden hat und mit dem Sound sehr zufrieden war. Der Dirigent und die Solisten waren von dem Monitoring begeistert.\u201c Das h\u00f6rt man doch gerne \u2013 vor allem in Coronazeiten.<\/p>\n","protected":false},"excerpt":{"rendered":"<p>Im Rahmen von drei Konzerten der Th\u00fcringen Philharmonie\u00a0lieferte der Martin Audio-Rentalpartner\u00a0Kotsch\u00a0Showtechnik aus\u00a0Nessetal\u00a0bei Gotha eine hochwertige Beschallungsl\u00f6sung zur originalgetreuen Wiedergabe der teilweise sehr anspruchsvollen klassischen Musik. Um den\u00a0Coronauflagen\u00a0gerecht zu werden, zog es die Th\u00fcringen Philharmonie f\u00fcr drei Abende in den wundersch\u00f6nen Hof des barocken Schloss Friedenstein in Gotha. Hier konnte unter Ber\u00fccksichtigung der Abstandsregeln\u00a0ein Barockabend, eine [&hellip;]<\/p>\n","protected":false},"author":1,"featured_media":16632,"comment_status":"closed","ping_status":"closed","sticky":false,"template":"","format":"standard","meta":{"_acf_changed":false,"footnotes":""},"categories":[1914],"tags":[],"class_list":["post-16631","post","type-post","status-publish","format-standard","has-post-thumbnail","hentry","category-martin-audio"],"acf":[],"yoast_head":"<!-- This site is optimized with the Yoast SEO plugin v27.1.1 - https:\/\/yoast.com\/product\/yoast-seo-wordpress\/ -->\n<title>Pressebericht\u00a0Schlosshofkonzert\u00a02020 - DE Audio-Technica Distribution<\/title>\n<meta name=\"robots\" content=\"index, follow, max-snippet:-1, max-image-preview:large, max-video-preview:-1\" \/>\n<link rel=\"canonical\" href=\"https:\/\/distribution.audio-technica.eu\/de-de\/news\/pressebericht-schlosshofkonzert-2020\/\" \/>\n<meta property=\"og:locale\" content=\"de_DE\" \/>\n<meta property=\"og:type\" content=\"article\" \/>\n<meta property=\"og:title\" content=\"Pressebericht\u00a0Schlosshofkonzert\u00a02020 - DE Audio-Technica Distribution\" \/>\n<meta property=\"og:description\" content=\"Im Rahmen von drei Konzerten der Th\u00fcringen Philharmonie\u00a0lieferte der Martin Audio-Rentalpartner\u00a0Kotsch\u00a0Showtechnik aus\u00a0Nessetal\u00a0bei Gotha eine hochwertige Beschallungsl\u00f6sung zur originalgetreuen Wiedergabe der teilweise sehr anspruchsvollen klassischen Musik. Um den\u00a0Coronauflagen\u00a0gerecht zu werden, zog es die Th\u00fcringen Philharmonie f\u00fcr drei Abende in den wundersch\u00f6nen Hof des barocken Schloss Friedenstein in Gotha. Hier konnte unter Ber\u00fccksichtigung der Abstandsregeln\u00a0ein Barockabend, eine [&hellip;]\" \/>\n<meta property=\"og:url\" content=\"https:\/\/distribution.audio-technica.eu\/de-de\/news\/pressebericht-schlosshofkonzert-2020\/\" \/>\n<meta property=\"og:site_name\" content=\"DE Audio-Technica Distribution\" \/>\n<meta property=\"article:published_time\" content=\"2020-09-21T08:00:12+00:00\" \/>\n<meta property=\"article:modified_time\" content=\"2023-09-13T16:46:23+00:00\" \/>\n<meta property=\"og:image\" content=\"https:\/\/distribution.audio-technica.eu\/app\/uploads\/sites\/6\/1-_R018583_DPL_3.3_Seydel_LR-1024x576.png\" \/>\n\t<meta property=\"og:image:width\" content=\"1024\" \/>\n\t<meta property=\"og:image:height\" content=\"576\" \/>\n\t<meta property=\"og:image:type\" content=\"image\/png\" \/>\n<meta name=\"author\" content=\"Audio-Technica\" \/>\n<meta name=\"twitter:card\" content=\"summary_large_image\" \/>\n<meta name=\"twitter:label1\" content=\"Verfasst von\" \/>\n\t<meta name=\"twitter:data1\" content=\"Audio-Technica\" \/>\n\t<meta name=\"twitter:label2\" content=\"Gesch\u00e4tzte Lesezeit\" \/>\n\t<meta name=\"twitter:data2\" content=\"4\u00a0Minuten\" \/>\n<script type=\"application\/ld+json\" class=\"yoast-schema-graph\">{\"@context\":\"https:\/\/schema.org\",\"@graph\":[{\"@type\":\"Article\",\"@id\":\"https:\/\/distribution.audio-technica.eu\/de-de\/news\/pressebericht-schlosshofkonzert-2020\/#article\",\"isPartOf\":{\"@id\":\"https:\/\/distribution.audio-technica.eu\/de-de\/news\/pressebericht-schlosshofkonzert-2020\/\"},\"author\":{\"name\":\"Audio-Technica\",\"@id\":\"https:\/\/distribution.audio-technica.eu\/de-de\/#\/schema\/person\/e8e715e047e33cc425e816f59cbd9b80\"},\"headline\":\"Pressebericht\u00a0Schlosshofkonzert\u00a02020\",\"datePublished\":\"2020-09-21T08:00:12+00:00\",\"dateModified\":\"2023-09-13T16:46:23+00:00\",\"mainEntityOfPage\":{\"@id\":\"https:\/\/distribution.audio-technica.eu\/de-de\/news\/pressebericht-schlosshofkonzert-2020\/\"},\"wordCount\":481,\"image\":{\"@id\":\"https:\/\/distribution.audio-technica.eu\/de-de\/news\/pressebericht-schlosshofkonzert-2020\/#primaryimage\"},\"thumbnailUrl\":\"\/app\/uploads\/sites\/6\/1-_R018583_DPL_3.3_Seydel_LR.png\",\"articleSection\":[\"Martin Audio\"],\"inLanguage\":\"de\"},{\"@type\":\"WebPage\",\"@id\":\"https:\/\/distribution.audio-technica.eu\/de-de\/news\/pressebericht-schlosshofkonzert-2020\/\",\"url\":\"https:\/\/distribution.audio-technica.eu\/de-de\/news\/pressebericht-schlosshofkonzert-2020\/\",\"name\":\"Pressebericht\u00a0Schlosshofkonzert\u00a02020 - DE Audio-Technica Distribution\",\"isPartOf\":{\"@id\":\"https:\/\/distribution.audio-technica.eu\/de-de\/#website\"},\"primaryImageOfPage\":{\"@id\":\"https:\/\/distribution.audio-technica.eu\/de-de\/news\/pressebericht-schlosshofkonzert-2020\/#primaryimage\"},\"image\":{\"@id\":\"https:\/\/distribution.audio-technica.eu\/de-de\/news\/pressebericht-schlosshofkonzert-2020\/#primaryimage\"},\"thumbnailUrl\":\"\/app\/uploads\/sites\/6\/1-_R018583_DPL_3.3_Seydel_LR.png\",\"datePublished\":\"2020-09-21T08:00:12+00:00\",\"dateModified\":\"2023-09-13T16:46:23+00:00\",\"author\":{\"@id\":\"https:\/\/distribution.audio-technica.eu\/de-de\/#\/schema\/person\/e8e715e047e33cc425e816f59cbd9b80\"},\"breadcrumb\":{\"@id\":\"https:\/\/distribution.audio-technica.eu\/de-de\/news\/pressebericht-schlosshofkonzert-2020\/#breadcrumb\"},\"inLanguage\":\"de\",\"potentialAction\":[{\"@type\":\"ReadAction\",\"target\":[\"https:\/\/distribution.audio-technica.eu\/de-de\/news\/pressebericht-schlosshofkonzert-2020\/\"]}]},{\"@type\":\"ImageObject\",\"inLanguage\":\"de\",\"@id\":\"https:\/\/distribution.audio-technica.eu\/de-de\/news\/pressebericht-schlosshofkonzert-2020\/#primaryimage\",\"url\":\"\/app\/uploads\/sites\/6\/1-_R018583_DPL_3.3_Seydel_LR.png\",\"contentUrl\":\"\/app\/uploads\/sites\/6\/1-_R018583_DPL_3.3_Seydel_LR.png\",\"width\":1920,\"height\":1080},{\"@type\":\"BreadcrumbList\",\"@id\":\"https:\/\/distribution.audio-technica.eu\/de-de\/news\/pressebericht-schlosshofkonzert-2020\/#breadcrumb\",\"itemListElement\":[{\"@type\":\"ListItem\",\"position\":1,\"name\":\"Products\",\"item\":\"https:\/\/distribution.audio-technica.eu\/de-de\/\"},{\"@type\":\"ListItem\",\"position\":2,\"name\":\"Pressebericht\u00a0Schlosshofkonzert\u00a02020\"}]},{\"@type\":\"WebSite\",\"@id\":\"https:\/\/distribution.audio-technica.eu\/de-de\/#website\",\"url\":\"https:\/\/distribution.audio-technica.eu\/de-de\/\",\"name\":\"DE Audio-Technica Distribution\",\"description\":\"\",\"potentialAction\":[{\"@type\":\"SearchAction\",\"target\":{\"@type\":\"EntryPoint\",\"urlTemplate\":\"https:\/\/distribution.audio-technica.eu\/de-de\/?s={search_term_string}\"},\"query-input\":{\"@type\":\"PropertyValueSpecification\",\"valueRequired\":true,\"valueName\":\"search_term_string\"}}],\"inLanguage\":\"de\"},{\"@type\":\"Person\",\"@id\":\"https:\/\/distribution.audio-technica.eu\/de-de\/#\/schema\/person\/e8e715e047e33cc425e816f59cbd9b80\",\"name\":\"Audio-Technica\",\"url\":\"https:\/\/distribution.audio-technica.eu\/de-de\/news\/author\/audiotechnica\/\"}]}<\/script>\n<!-- \/ Yoast SEO plugin. -->","yoast_head_json":{"title":"Pressebericht\u00a0Schlosshofkonzert\u00a02020 - DE Audio-Technica Distribution","robots":{"index":"index","follow":"follow","max-snippet":"max-snippet:-1","max-image-preview":"max-image-preview:large","max-video-preview":"max-video-preview:-1"},"canonical":"https:\/\/distribution.audio-technica.eu\/de-de\/news\/pressebericht-schlosshofkonzert-2020\/","og_locale":"de_DE","og_type":"article","og_title":"Pressebericht\u00a0Schlosshofkonzert\u00a02020 - DE Audio-Technica Distribution","og_description":"Im Rahmen von drei Konzerten der Th\u00fcringen Philharmonie\u00a0lieferte der Martin Audio-Rentalpartner\u00a0Kotsch\u00a0Showtechnik aus\u00a0Nessetal\u00a0bei Gotha eine hochwertige Beschallungsl\u00f6sung zur originalgetreuen Wiedergabe der teilweise sehr anspruchsvollen klassischen Musik. Um den\u00a0Coronauflagen\u00a0gerecht zu werden, zog es die Th\u00fcringen Philharmonie f\u00fcr drei Abende in den wundersch\u00f6nen Hof des barocken Schloss Friedenstein in Gotha. Hier konnte unter Ber\u00fccksichtigung der Abstandsregeln\u00a0ein Barockabend, eine [&hellip;]","og_url":"https:\/\/distribution.audio-technica.eu\/de-de\/news\/pressebericht-schlosshofkonzert-2020\/","og_site_name":"DE Audio-Technica Distribution","article_published_time":"2020-09-21T08:00:12+00:00","article_modified_time":"2023-09-13T16:46:23+00:00","og_image":[{"width":1024,"height":576,"url":"https:\/\/distribution.audio-technica.eu\/app\/uploads\/sites\/6\/1-_R018583_DPL_3.3_Seydel_LR-1024x576.png","type":"image\/png"}],"author":"Audio-Technica","twitter_card":"summary_large_image","twitter_misc":{"Verfasst von":"Audio-Technica","Gesch\u00e4tzte Lesezeit":"4\u00a0Minuten"},"schema":{"@context":"https:\/\/schema.org","@graph":[{"@type":"Article","@id":"https:\/\/distribution.audio-technica.eu\/de-de\/news\/pressebericht-schlosshofkonzert-2020\/#article","isPartOf":{"@id":"https:\/\/distribution.audio-technica.eu\/de-de\/news\/pressebericht-schlosshofkonzert-2020\/"},"author":{"name":"Audio-Technica","@id":"https:\/\/distribution.audio-technica.eu\/de-de\/#\/schema\/person\/e8e715e047e33cc425e816f59cbd9b80"},"headline":"Pressebericht\u00a0Schlosshofkonzert\u00a02020","datePublished":"2020-09-21T08:00:12+00:00","dateModified":"2023-09-13T16:46:23+00:00","mainEntityOfPage":{"@id":"https:\/\/distribution.audio-technica.eu\/de-de\/news\/pressebericht-schlosshofkonzert-2020\/"},"wordCount":481,"image":{"@id":"https:\/\/distribution.audio-technica.eu\/de-de\/news\/pressebericht-schlosshofkonzert-2020\/#primaryimage"},"thumbnailUrl":"\/app\/uploads\/sites\/6\/1-_R018583_DPL_3.3_Seydel_LR.png","articleSection":["Martin Audio"],"inLanguage":"de"},{"@type":"WebPage","@id":"https:\/\/distribution.audio-technica.eu\/de-de\/news\/pressebericht-schlosshofkonzert-2020\/","url":"https:\/\/distribution.audio-technica.eu\/de-de\/news\/pressebericht-schlosshofkonzert-2020\/","name":"Pressebericht\u00a0Schlosshofkonzert\u00a02020 - DE Audio-Technica Distribution","isPartOf":{"@id":"https:\/\/distribution.audio-technica.eu\/de-de\/#website"},"primaryImageOfPage":{"@id":"https:\/\/distribution.audio-technica.eu\/de-de\/news\/pressebericht-schlosshofkonzert-2020\/#primaryimage"},"image":{"@id":"https:\/\/distribution.audio-technica.eu\/de-de\/news\/pressebericht-schlosshofkonzert-2020\/#primaryimage"},"thumbnailUrl":"\/app\/uploads\/sites\/6\/1-_R018583_DPL_3.3_Seydel_LR.png","datePublished":"2020-09-21T08:00:12+00:00","dateModified":"2023-09-13T16:46:23+00:00","author":{"@id":"https:\/\/distribution.audio-technica.eu\/de-de\/#\/schema\/person\/e8e715e047e33cc425e816f59cbd9b80"},"breadcrumb":{"@id":"https:\/\/distribution.audio-technica.eu\/de-de\/news\/pressebericht-schlosshofkonzert-2020\/#breadcrumb"},"inLanguage":"de","potentialAction":[{"@type":"ReadAction","target":["https:\/\/distribution.audio-technica.eu\/de-de\/news\/pressebericht-schlosshofkonzert-2020\/"]}]},{"@type":"ImageObject","inLanguage":"de","@id":"https:\/\/distribution.audio-technica.eu\/de-de\/news\/pressebericht-schlosshofkonzert-2020\/#primaryimage","url":"\/app\/uploads\/sites\/6\/1-_R018583_DPL_3.3_Seydel_LR.png","contentUrl":"\/app\/uploads\/sites\/6\/1-_R018583_DPL_3.3_Seydel_LR.png","width":1920,"height":1080},{"@type":"BreadcrumbList","@id":"https:\/\/distribution.audio-technica.eu\/de-de\/news\/pressebericht-schlosshofkonzert-2020\/#breadcrumb","itemListElement":[{"@type":"ListItem","position":1,"name":"Products","item":"https:\/\/distribution.audio-technica.eu\/de-de\/"},{"@type":"ListItem","position":2,"name":"Pressebericht\u00a0Schlosshofkonzert\u00a02020"}]},{"@type":"WebSite","@id":"https:\/\/distribution.audio-technica.eu\/de-de\/#website","url":"https:\/\/distribution.audio-technica.eu\/de-de\/","name":"DE Audio-Technica Distribution","description":"","potentialAction":[{"@type":"SearchAction","target":{"@type":"EntryPoint","urlTemplate":"https:\/\/distribution.audio-technica.eu\/de-de\/?s={search_term_string}"},"query-input":{"@type":"PropertyValueSpecification","valueRequired":true,"valueName":"search_term_string"}}],"inLanguage":"de"},{"@type":"Person","@id":"https:\/\/distribution.audio-technica.eu\/de-de\/#\/schema\/person\/e8e715e047e33cc425e816f59cbd9b80","name":"Audio-Technica","url":"https:\/\/distribution.audio-technica.eu\/de-de\/news\/author\/audiotechnica\/"}]}},"_links":{"self":[{"href":"https:\/\/distribution.audio-technica.eu\/de-de\/wp-json\/wp\/v2\/posts\/16631","targetHints":{"allow":["GET"]}}],"collection":[{"href":"https:\/\/distribution.audio-technica.eu\/de-de\/wp-json\/wp\/v2\/posts"}],"about":[{"href":"https:\/\/distribution.audio-technica.eu\/de-de\/wp-json\/wp\/v2\/types\/post"}],"author":[{"embeddable":true,"href":"https:\/\/distribution.audio-technica.eu\/de-de\/wp-json\/wp\/v2\/users\/1"}],"replies":[{"embeddable":true,"href":"https:\/\/distribution.audio-technica.eu\/de-de\/wp-json\/wp\/v2\/comments?post=16631"}],"version-history":[{"count":11,"href":"https:\/\/distribution.audio-technica.eu\/de-de\/wp-json\/wp\/v2\/posts\/16631\/revisions"}],"predecessor-version":[{"id":18141,"href":"https:\/\/distribution.audio-technica.eu\/de-de\/wp-json\/wp\/v2\/posts\/16631\/revisions\/18141"}],"wp:featuredmedia":[{"embeddable":true,"href":"https:\/\/distribution.audio-technica.eu\/de-de\/wp-json\/wp\/v2\/media\/16632"}],"wp:attachment":[{"href":"https:\/\/distribution.audio-technica.eu\/de-de\/wp-json\/wp\/v2\/media?parent=16631"}],"wp:term":[{"taxonomy":"category","embeddable":true,"href":"https:\/\/distribution.audio-technica.eu\/de-de\/wp-json\/wp\/v2\/categories?post=16631"},{"taxonomy":"post_tag","embeddable":true,"href":"https:\/\/distribution.audio-technica.eu\/de-de\/wp-json\/wp\/v2\/tags?post=16631"}],"curies":[{"name":"wp","href":"https:\/\/api.w.org\/{rel}","templated":true}]}}