{"id":16760,"date":"2020-12-15T15:05:48","date_gmt":"2020-12-15T15:05:48","guid":{"rendered":"https:\/\/atdb-production.studiograft.dev\/de\/?p=16760"},"modified":"2023-09-13T17:50:11","modified_gmt":"2023-09-13T16:50:11","slug":"clw-bonn-mitmartin-audio","status":"publish","type":"post","link":"https:\/\/distribution.audio-technica.eu\/de-de\/news\/clw-bonn-mitmartin-audio\/","title":{"rendered":"CLW Bonn mit Martin Audio"},"content":{"rendered":"<p><img loading=\"lazy\" decoding=\"async\" class=\"alignnone size-large wp-image-16761\" src=\"\/app\/uploads\/sites\/6\/CLW-Bonn_1-1024x575.jpeg\" alt=\"\" width=\"1024\" height=\"575\" srcset=\"https:\/\/distribution.audio-technica.eu\/app\/uploads\/sites\/6\/CLW-Bonn_1-1024x575.jpeg 1024w, https:\/\/distribution.audio-technica.eu\/app\/uploads\/sites\/6\/CLW-Bonn_1-300x168.jpeg 300w, https:\/\/distribution.audio-technica.eu\/app\/uploads\/sites\/6\/CLW-Bonn_1-768x431.jpeg 768w, https:\/\/distribution.audio-technica.eu\/app\/uploads\/sites\/6\/CLW-Bonn_1-1536x862.jpeg 1536w, https:\/\/distribution.audio-technica.eu\/app\/uploads\/sites\/6\/CLW-Bonn_1-2048x1150.jpeg 2048w, https:\/\/distribution.audio-technica.eu\/app\/uploads\/sites\/6\/CLW-Bonn_1-200x112.jpeg 200w, https:\/\/distribution.audio-technica.eu\/app\/uploads\/sites\/6\/CLW-Bonn_1-400x225.jpeg 400w, https:\/\/distribution.audio-technica.eu\/app\/uploads\/sites\/6\/CLW-Bonn_1-600x337.jpeg 600w, https:\/\/distribution.audio-technica.eu\/app\/uploads\/sites\/6\/CLW-Bonn_1-800x449.jpeg 800w, https:\/\/distribution.audio-technica.eu\/app\/uploads\/sites\/6\/CLW-Bonn_1-1200x674.jpeg 1200w\" sizes=\"auto, (max-width: 1024px) 100vw, 1024px\" \/><\/p>\n<p><span data-contrast=\"auto\">Das CLW in Bonn<\/span><span data-contrast=\"auto\">-Bad Godesberg\u00a0<\/span><span data-contrast=\"auto\">ist<\/span><span data-contrast=\"auto\">\u00a0eine evangelische Freikirche und offen f\u00fcr Gl\u00e4ubige aller Nationen &amp; Generationen. Die Kirchengemeinde verf\u00fcgt \u00fcber ein Gotteshaus mit angrenzendem Kindergarten und bietet unter anderem jeden Sonntag um 10.00 Uhr Gottesdienste f\u00fcr die ganze Familie an. Die Gottesdienste finden auch online statt, \u00fcber einen\u00a0<\/span><span data-contrast=\"auto\">YouTube<\/span><span data-contrast=\"auto\">-Link auf der Homepage kann jeder Interessierte dem Gottesdienst beiwohnen. Das lebendige Wort (CLW = Centrum f\u00fcr lebendiges Wort) steht dabei im Mittelpunkt: in Form von Predigten und musikalischen Beitr\u00e4gen. Der Anteil an Livemusik ist in den letzten Jahren stetig gewachsen, so dass hinsichtlich der verwendeten Beschallungstechnik ein Upgrade notwendig wurde.\u00a0<\/span><span data-ccp-props=\"{}\">\u00a0<\/span><span data-ccp-props=\"{}\">\u00a0<\/span><\/p>\n<p><span data-contrast=\"auto\">Julian\u00a0<\/span><span data-contrast=\"auto\">Betker<\/span><span data-contrast=\"auto\">, Auszubildender Pastor und Vikar im CLW, ist auch f\u00fcr die Medienarbeit zust\u00e4ndig und erkl\u00e4rt das Anforderungsprofil: \u201eWir haben uns schon l\u00e4nger mit einer neuen Beschallungsl\u00f6sung besch\u00e4ftigt, die viele Kriterien erf\u00fcllen sollte. Zum einen sollte ein Gro\u00dfteil unserer Bestandstechnik weitergenutzt werden k\u00f6nnen, dazu geh\u00f6ren beispielsweise Mischpult, Mikrofone und Subwoofer. Unsere Gottesdienste leben von und mit der Livemusik \u2013 die war mit unserer alten Anlage aber auch teilweise au\u00dferhalb des Kirchengeb\u00e4udes zu h\u00f6ren. Dar\u00fcber hinaus war durch die Positionierung der Lautsprecher immer eine Feedbackgefahr gegeben. Letzter wichtiger Punkt war auch die Einhaltung des Budgets. Wir sind eine spendenfinanzierte Einrichtung und m\u00fcssen daher nat\u00fcrlich besonders auf die Ausgaben achten.\u201c<\/span><span data-ccp-props=\"{}\">\u00a0<\/span><\/p>\n<p><span data-contrast=\"auto\">So wurden mehrere Lautsprecherhersteller angesprochen, eine L\u00f6sung zu erarbeiten. Die Firma Klein Beschallungs- und Kirchentechnik aus K\u00f6ln erstellte zusammen mit Audio-<\/span><span data-contrast=\"auto\">Technica<\/span><span data-contrast=\"auto\">\u00a0Deutschland ein Konzept mit Lautsprechern und Endstufen von Martin Audio. Gro\u00dfer Wert wurde auf die nahtlose Integration der Bestandsanlage gelegt. Paul Klein, Inhaber: \u201eWir arbeiten schon lange mit den Produkten von Audio-<\/span><span data-contrast=\"auto\">Technica<\/span><span data-contrast=\"auto\">\u00a0und konnten hier erstmals auch die Lautsprecher von Martin Audio anbieten. Die CDD-Serie hat uns qualitativ sehr \u00fcberzeugt, zusammen mit den Endstufen der VIA-Serie und dem Systemcontroller DX0.5 konnten wir ein schl\u00fcssiges Konzept erstellen. Dar\u00fcber hinaus konnten wir mit den\u00a0<\/span><span data-contrast=\"auto\">Adorn<\/span><span data-contrast=\"auto\">-Lautsprechern Nebenr\u00e4ume kosteng\u00fcnstig und dennoch hochwertig beschallen.\u201c<\/span><span data-ccp-props=\"{}\">\u00a0<\/span><\/p>\n<div id='gallery-1' class='gallery galleryid-16760 gallery-columns-2 gallery-size-large'><figure class='gallery-item'>\n\t\t\t<div class='gallery-icon landscape'>\n\t\t\t\t<img loading=\"lazy\" decoding=\"async\" width=\"1024\" height=\"575\" src=\"\/app\/uploads\/sites\/6\/CLW-Bonn_2-1024x575.jpeg\" class=\"attachment-large size-large\" alt=\"\" srcset=\"https:\/\/distribution.audio-technica.eu\/app\/uploads\/sites\/6\/CLW-Bonn_2-1024x575.jpeg 1024w, https:\/\/distribution.audio-technica.eu\/app\/uploads\/sites\/6\/CLW-Bonn_2-300x168.jpeg 300w, https:\/\/distribution.audio-technica.eu\/app\/uploads\/sites\/6\/CLW-Bonn_2-768x431.jpeg 768w, https:\/\/distribution.audio-technica.eu\/app\/uploads\/sites\/6\/CLW-Bonn_2-1536x862.jpeg 1536w, https:\/\/distribution.audio-technica.eu\/app\/uploads\/sites\/6\/CLW-Bonn_2-2048x1150.jpeg 2048w, https:\/\/distribution.audio-technica.eu\/app\/uploads\/sites\/6\/CLW-Bonn_2-200x112.jpeg 200w, https:\/\/distribution.audio-technica.eu\/app\/uploads\/sites\/6\/CLW-Bonn_2-400x225.jpeg 400w, https:\/\/distribution.audio-technica.eu\/app\/uploads\/sites\/6\/CLW-Bonn_2-600x337.jpeg 600w, https:\/\/distribution.audio-technica.eu\/app\/uploads\/sites\/6\/CLW-Bonn_2-800x449.jpeg 800w, https:\/\/distribution.audio-technica.eu\/app\/uploads\/sites\/6\/CLW-Bonn_2-1200x674.jpeg 1200w\" sizes=\"auto, (max-width: 1024px) 100vw, 1024px\" \/>\n\t\t\t<\/div><\/figure><figure class='gallery-item'>\n\t\t\t<div class='gallery-icon landscape'>\n\t\t\t\t<img loading=\"lazy\" decoding=\"async\" width=\"1024\" height=\"575\" src=\"\/app\/uploads\/sites\/6\/CLW-Bonn_3-1024x575.jpeg\" class=\"attachment-large size-large\" alt=\"\" srcset=\"https:\/\/distribution.audio-technica.eu\/app\/uploads\/sites\/6\/CLW-Bonn_3-1024x575.jpeg 1024w, https:\/\/distribution.audio-technica.eu\/app\/uploads\/sites\/6\/CLW-Bonn_3-300x168.jpeg 300w, https:\/\/distribution.audio-technica.eu\/app\/uploads\/sites\/6\/CLW-Bonn_3-768x431.jpeg 768w, https:\/\/distribution.audio-technica.eu\/app\/uploads\/sites\/6\/CLW-Bonn_3-1536x862.jpeg 1536w, https:\/\/distribution.audio-technica.eu\/app\/uploads\/sites\/6\/CLW-Bonn_3-2048x1150.jpeg 2048w, https:\/\/distribution.audio-technica.eu\/app\/uploads\/sites\/6\/CLW-Bonn_3-200x112.jpeg 200w, https:\/\/distribution.audio-technica.eu\/app\/uploads\/sites\/6\/CLW-Bonn_3-400x225.jpeg 400w, https:\/\/distribution.audio-technica.eu\/app\/uploads\/sites\/6\/CLW-Bonn_3-600x337.jpeg 600w, https:\/\/distribution.audio-technica.eu\/app\/uploads\/sites\/6\/CLW-Bonn_3-800x449.jpeg 800w, https:\/\/distribution.audio-technica.eu\/app\/uploads\/sites\/6\/CLW-Bonn_3-1200x674.jpeg 1200w\" sizes=\"auto, (max-width: 1024px) 100vw, 1024px\" \/>\n\t\t\t<\/div><\/figure>\n\t\t<\/div>\n\n<p><span data-contrast=\"auto\">Nach einem Vergleichsh\u00f6ren fiel die Entscheidung schlie\u00dflich auf Martin Audio. Da das Kirchengeb\u00e4ude ein Rundbau ist, der \u00fcber eine Empore verf\u00fcgt, wurde die Beschallung in Teilbereiche gegliedert. Der Bereich vor der B\u00fchne ist die gr\u00f6\u00dfte\u00a0<\/span><span data-contrast=\"auto\">zu beschallende Fl\u00e4che<\/span><span data-contrast=\"auto\">\u00a0und wurde mit zwei CDD12 abgedeckt. Der\u00a0<\/span><span data-contrast=\"auto\">Oberrang<\/span><span data-contrast=\"auto\">, der eine Glasscheibe als Br\u00fcstung nutzt, wurde mit zwei CDD10 Lautsprechern beschallt. Hier bestand die Schwierigkeit darin, die Glasfl\u00e4chen so wenig wie m\u00f6glich anzuregen. Paul Klein: \u201eMit der CDD-Serie k\u00f6nnen wir sehr genau den Publikumsbereich abdecken. Auf der Empore konnten wir sehr gut \u00fcber die Glasfl\u00e4chen abstrahlen, so dass Reflexionen minimiert wurden.\u201c Unter der Empore wurden CDD6-Lautsprecher eingesetzt, Nebenr\u00e4ume wurden mit A55-Lautsprechern aus der\u00a0<\/span><span data-contrast=\"auto\">Adorn<\/span><span data-contrast=\"auto\">-Serie beschallt. Angetrieben wurde alles \u00fcber eine VIA5002- und eine VIA5004-Endstufe, die\u00a0<\/span><span data-contrast=\"auto\">Presets<\/span><span data-contrast=\"auto\">\u00a0lieferte der DX0.5 Systemcontroller. Paul Klein \u00fcber die Installation: \u201eZusammen mit dem CLW konnten wir ein sehr sch\u00f6nes Beschallungskonzept umsetzten. Die CDD-Lautsprecher liefern genug Pegel im Saal, sind sehr feedbacksicher und geben kaum Emissionen nach au\u00dfen ab. Die Installation verlief sehr gut, auch dank vieler helfender H\u00e4nde des CLWs.\u201c<\/span><span data-ccp-props=\"{}\">\u00a0<\/span><\/p>\n<p><span data-contrast=\"auto\">Julian\u00a0<\/span><span data-contrast=\"auto\">Betker<\/span><span data-contrast=\"auto\">\u00a0erg\u00e4nzt: \u201eWir sind sehr happy, mit unserer neuen Beschallungsanlage zu arbeiten. Unsere Livemusik kann so noch lebendiger transportiert werden und h\u00f6rt sich auf allen Pl\u00e4tzen sehr gut an. Wir sind positiv \u00fcberrascht, dass die Integration unserer Bestandstechnik so reibungslos funktioniert hat. Hier nochmal ein gro\u00dfes Lob an Paul Klein und sein Team \u2013 die Zusammenarbeit war klasse!\u201c<\/span><span data-ccp-props=\"{}\">\u00a0<\/span><\/p>\n<p><span data-ccp-props=\"{&quot;335559685&quot;:-284}\">\u00a0<\/span><\/p>\n<p><span data-contrast=\"auto\">Martin Audio wird in Deutschland durch\u00a0<\/span><span data-contrast=\"auto\">die\u00a0<\/span><span data-contrast=\"auto\">Audio-<\/span><span data-contrast=\"auto\">Technica<\/span><span data-contrast=\"auto\">\u00a0GmbH<\/span><span data-contrast=\"auto\">\u00a0vertrieben.\u00a0<\/span><span data-ccp-props=\"{&quot;335559685&quot;:-284}\">\u00a0<\/span><\/p>\n<p><span data-contrast=\"auto\">Allgemeine Informationen zu Martin Audio<\/span><span data-contrast=\"auto\">:\u00a0<\/span><a href=\"https:\/\/martin-audio.com\/\"><span data-contrast=\"none\">https:\/\/martin-audio.com<\/span><\/a><span data-ccp-props=\"{&quot;335559685&quot;:-284}\">\u00a0<\/span><\/p>\n<p><span data-contrast=\"auto\">Informationen zum\u00a0<\/span><span data-contrast=\"auto\">CLWBonn<\/span><span data-contrast=\"auto\">:\u00a0<\/span><a href=\"https:\/\/www.clwbonn.de\/\"><span data-contrast=\"auto\">https:\/\/www.clwbonn.de<\/span><\/a><span data-ccp-props=\"{&quot;335559685&quot;:-284}\">\u00a0<\/span><\/p>\n","protected":false},"excerpt":{"rendered":"<p>Das CLW in Bonn-Bad Godesberg\u00a0ist\u00a0eine evangelische Freikirche und offen f\u00fcr Gl\u00e4ubige aller Nationen &amp; Generationen. Die Kirchengemeinde verf\u00fcgt \u00fcber ein Gotteshaus mit angrenzendem Kindergarten und bietet unter anderem jeden Sonntag um 10.00 Uhr Gottesdienste f\u00fcr die ganze Familie an. Die Gottesdienste finden auch online statt, \u00fcber einen\u00a0YouTube-Link auf der Homepage kann jeder Interessierte dem Gottesdienst [&hellip;]<\/p>\n","protected":false},"author":1,"featured_media":16761,"comment_status":"closed","ping_status":"closed","sticky":false,"template":"","format":"standard","meta":{"_acf_changed":false,"footnotes":""},"categories":[1914],"tags":[],"class_list":["post-16760","post","type-post","status-publish","format-standard","has-post-thumbnail","hentry","category-martin-audio"],"acf":[],"yoast_head":"<!-- This site is optimized with the Yoast SEO plugin v27.1.1 - https:\/\/yoast.com\/product\/yoast-seo-wordpress\/ -->\n<title>CLW Bonn mit Martin Audio - DE Audio-Technica Distribution<\/title>\n<meta name=\"robots\" content=\"index, follow, max-snippet:-1, max-image-preview:large, max-video-preview:-1\" \/>\n<link rel=\"canonical\" href=\"https:\/\/distribution.audio-technica.eu\/de-de\/news\/clw-bonn-mitmartin-audio\/\" \/>\n<meta property=\"og:locale\" content=\"de_DE\" \/>\n<meta property=\"og:type\" content=\"article\" \/>\n<meta property=\"og:title\" content=\"CLW Bonn mit Martin Audio - DE Audio-Technica Distribution\" \/>\n<meta property=\"og:description\" content=\"Das CLW in Bonn-Bad Godesberg\u00a0ist\u00a0eine evangelische Freikirche und offen f\u00fcr Gl\u00e4ubige aller Nationen &amp; Generationen. Die Kirchengemeinde verf\u00fcgt \u00fcber ein Gotteshaus mit angrenzendem Kindergarten und bietet unter anderem jeden Sonntag um 10.00 Uhr Gottesdienste f\u00fcr die ganze Familie an. Die Gottesdienste finden auch online statt, \u00fcber einen\u00a0YouTube-Link auf der Homepage kann jeder Interessierte dem Gottesdienst [&hellip;]\" \/>\n<meta property=\"og:url\" content=\"https:\/\/distribution.audio-technica.eu\/de-de\/news\/clw-bonn-mitmartin-audio\/\" \/>\n<meta property=\"og:site_name\" content=\"DE Audio-Technica Distribution\" \/>\n<meta property=\"article:published_time\" content=\"2020-12-15T15:05:48+00:00\" \/>\n<meta property=\"article:modified_time\" content=\"2023-09-13T16:50:11+00:00\" \/>\n<meta property=\"og:image\" content=\"https:\/\/distribution.audio-technica.eu\/app\/uploads\/sites\/6\/CLW-Bonn_1-scaled.jpeg\" \/>\n\t<meta property=\"og:image:width\" content=\"2560\" \/>\n\t<meta property=\"og:image:height\" content=\"1437\" \/>\n\t<meta property=\"og:image:type\" content=\"image\/jpeg\" \/>\n<meta name=\"author\" content=\"Audio-Technica\" \/>\n<meta name=\"twitter:card\" content=\"summary_large_image\" \/>\n<meta name=\"twitter:label1\" content=\"Verfasst von\" \/>\n\t<meta name=\"twitter:data1\" content=\"Audio-Technica\" \/>\n\t<meta name=\"twitter:label2\" content=\"Gesch\u00e4tzte Lesezeit\" \/>\n\t<meta name=\"twitter:data2\" content=\"4\u00a0Minuten\" \/>\n<script type=\"application\/ld+json\" class=\"yoast-schema-graph\">{\"@context\":\"https:\/\/schema.org\",\"@graph\":[{\"@type\":\"Article\",\"@id\":\"https:\/\/distribution.audio-technica.eu\/de-de\/news\/clw-bonn-mitmartin-audio\/#article\",\"isPartOf\":{\"@id\":\"https:\/\/distribution.audio-technica.eu\/de-de\/news\/clw-bonn-mitmartin-audio\/\"},\"author\":{\"name\":\"Audio-Technica\",\"@id\":\"https:\/\/distribution.audio-technica.eu\/de-de\/#\/schema\/person\/e8e715e047e33cc425e816f59cbd9b80\"},\"headline\":\"CLW Bonn mit Martin Audio\",\"datePublished\":\"2020-12-15T15:05:48+00:00\",\"dateModified\":\"2023-09-13T16:50:11+00:00\",\"mainEntityOfPage\":{\"@id\":\"https:\/\/distribution.audio-technica.eu\/de-de\/news\/clw-bonn-mitmartin-audio\/\"},\"wordCount\":632,\"image\":{\"@id\":\"https:\/\/distribution.audio-technica.eu\/de-de\/news\/clw-bonn-mitmartin-audio\/#primaryimage\"},\"thumbnailUrl\":\"\/app\/uploads\/sites\/6\/CLW-Bonn_1-scaled.jpeg\",\"articleSection\":[\"Martin Audio\"],\"inLanguage\":\"de\"},{\"@type\":\"WebPage\",\"@id\":\"https:\/\/distribution.audio-technica.eu\/de-de\/news\/clw-bonn-mitmartin-audio\/\",\"url\":\"https:\/\/distribution.audio-technica.eu\/de-de\/news\/clw-bonn-mitmartin-audio\/\",\"name\":\"CLW Bonn mit Martin Audio - DE Audio-Technica Distribution\",\"isPartOf\":{\"@id\":\"https:\/\/distribution.audio-technica.eu\/de-de\/#website\"},\"primaryImageOfPage\":{\"@id\":\"https:\/\/distribution.audio-technica.eu\/de-de\/news\/clw-bonn-mitmartin-audio\/#primaryimage\"},\"image\":{\"@id\":\"https:\/\/distribution.audio-technica.eu\/de-de\/news\/clw-bonn-mitmartin-audio\/#primaryimage\"},\"thumbnailUrl\":\"\/app\/uploads\/sites\/6\/CLW-Bonn_1-scaled.jpeg\",\"datePublished\":\"2020-12-15T15:05:48+00:00\",\"dateModified\":\"2023-09-13T16:50:11+00:00\",\"author\":{\"@id\":\"https:\/\/distribution.audio-technica.eu\/de-de\/#\/schema\/person\/e8e715e047e33cc425e816f59cbd9b80\"},\"breadcrumb\":{\"@id\":\"https:\/\/distribution.audio-technica.eu\/de-de\/news\/clw-bonn-mitmartin-audio\/#breadcrumb\"},\"inLanguage\":\"de\",\"potentialAction\":[{\"@type\":\"ReadAction\",\"target\":[\"https:\/\/distribution.audio-technica.eu\/de-de\/news\/clw-bonn-mitmartin-audio\/\"]}]},{\"@type\":\"ImageObject\",\"inLanguage\":\"de\",\"@id\":\"https:\/\/distribution.audio-technica.eu\/de-de\/news\/clw-bonn-mitmartin-audio\/#primaryimage\",\"url\":\"\/app\/uploads\/sites\/6\/CLW-Bonn_1-scaled.jpeg\",\"contentUrl\":\"\/app\/uploads\/sites\/6\/CLW-Bonn_1-scaled.jpeg\",\"width\":2560,\"height\":1437},{\"@type\":\"BreadcrumbList\",\"@id\":\"https:\/\/distribution.audio-technica.eu\/de-de\/news\/clw-bonn-mitmartin-audio\/#breadcrumb\",\"itemListElement\":[{\"@type\":\"ListItem\",\"position\":1,\"name\":\"Products\",\"item\":\"https:\/\/distribution.audio-technica.eu\/de-de\/\"},{\"@type\":\"ListItem\",\"position\":2,\"name\":\"CLW Bonn mit Martin Audio\"}]},{\"@type\":\"WebSite\",\"@id\":\"https:\/\/distribution.audio-technica.eu\/de-de\/#website\",\"url\":\"https:\/\/distribution.audio-technica.eu\/de-de\/\",\"name\":\"DE Audio-Technica Distribution\",\"description\":\"\",\"potentialAction\":[{\"@type\":\"SearchAction\",\"target\":{\"@type\":\"EntryPoint\",\"urlTemplate\":\"https:\/\/distribution.audio-technica.eu\/de-de\/?s={search_term_string}\"},\"query-input\":{\"@type\":\"PropertyValueSpecification\",\"valueRequired\":true,\"valueName\":\"search_term_string\"}}],\"inLanguage\":\"de\"},{\"@type\":\"Person\",\"@id\":\"https:\/\/distribution.audio-technica.eu\/de-de\/#\/schema\/person\/e8e715e047e33cc425e816f59cbd9b80\",\"name\":\"Audio-Technica\",\"url\":\"https:\/\/distribution.audio-technica.eu\/de-de\/news\/author\/audiotechnica\/\"}]}<\/script>\n<!-- \/ Yoast SEO plugin. -->","yoast_head_json":{"title":"CLW Bonn mit Martin Audio - DE Audio-Technica Distribution","robots":{"index":"index","follow":"follow","max-snippet":"max-snippet:-1","max-image-preview":"max-image-preview:large","max-video-preview":"max-video-preview:-1"},"canonical":"https:\/\/distribution.audio-technica.eu\/de-de\/news\/clw-bonn-mitmartin-audio\/","og_locale":"de_DE","og_type":"article","og_title":"CLW Bonn mit Martin Audio - DE Audio-Technica Distribution","og_description":"Das CLW in Bonn-Bad Godesberg\u00a0ist\u00a0eine evangelische Freikirche und offen f\u00fcr Gl\u00e4ubige aller Nationen &amp; Generationen. Die Kirchengemeinde verf\u00fcgt \u00fcber ein Gotteshaus mit angrenzendem Kindergarten und bietet unter anderem jeden Sonntag um 10.00 Uhr Gottesdienste f\u00fcr die ganze Familie an. Die Gottesdienste finden auch online statt, \u00fcber einen\u00a0YouTube-Link auf der Homepage kann jeder Interessierte dem Gottesdienst [&hellip;]","og_url":"https:\/\/distribution.audio-technica.eu\/de-de\/news\/clw-bonn-mitmartin-audio\/","og_site_name":"DE Audio-Technica Distribution","article_published_time":"2020-12-15T15:05:48+00:00","article_modified_time":"2023-09-13T16:50:11+00:00","og_image":[{"width":2560,"height":1437,"url":"https:\/\/distribution.audio-technica.eu\/app\/uploads\/sites\/6\/CLW-Bonn_1-scaled.jpeg","type":"image\/jpeg"}],"author":"Audio-Technica","twitter_card":"summary_large_image","twitter_misc":{"Verfasst von":"Audio-Technica","Gesch\u00e4tzte Lesezeit":"4\u00a0Minuten"},"schema":{"@context":"https:\/\/schema.org","@graph":[{"@type":"Article","@id":"https:\/\/distribution.audio-technica.eu\/de-de\/news\/clw-bonn-mitmartin-audio\/#article","isPartOf":{"@id":"https:\/\/distribution.audio-technica.eu\/de-de\/news\/clw-bonn-mitmartin-audio\/"},"author":{"name":"Audio-Technica","@id":"https:\/\/distribution.audio-technica.eu\/de-de\/#\/schema\/person\/e8e715e047e33cc425e816f59cbd9b80"},"headline":"CLW Bonn mit Martin Audio","datePublished":"2020-12-15T15:05:48+00:00","dateModified":"2023-09-13T16:50:11+00:00","mainEntityOfPage":{"@id":"https:\/\/distribution.audio-technica.eu\/de-de\/news\/clw-bonn-mitmartin-audio\/"},"wordCount":632,"image":{"@id":"https:\/\/distribution.audio-technica.eu\/de-de\/news\/clw-bonn-mitmartin-audio\/#primaryimage"},"thumbnailUrl":"\/app\/uploads\/sites\/6\/CLW-Bonn_1-scaled.jpeg","articleSection":["Martin Audio"],"inLanguage":"de"},{"@type":"WebPage","@id":"https:\/\/distribution.audio-technica.eu\/de-de\/news\/clw-bonn-mitmartin-audio\/","url":"https:\/\/distribution.audio-technica.eu\/de-de\/news\/clw-bonn-mitmartin-audio\/","name":"CLW Bonn mit Martin Audio - DE Audio-Technica Distribution","isPartOf":{"@id":"https:\/\/distribution.audio-technica.eu\/de-de\/#website"},"primaryImageOfPage":{"@id":"https:\/\/distribution.audio-technica.eu\/de-de\/news\/clw-bonn-mitmartin-audio\/#primaryimage"},"image":{"@id":"https:\/\/distribution.audio-technica.eu\/de-de\/news\/clw-bonn-mitmartin-audio\/#primaryimage"},"thumbnailUrl":"\/app\/uploads\/sites\/6\/CLW-Bonn_1-scaled.jpeg","datePublished":"2020-12-15T15:05:48+00:00","dateModified":"2023-09-13T16:50:11+00:00","author":{"@id":"https:\/\/distribution.audio-technica.eu\/de-de\/#\/schema\/person\/e8e715e047e33cc425e816f59cbd9b80"},"breadcrumb":{"@id":"https:\/\/distribution.audio-technica.eu\/de-de\/news\/clw-bonn-mitmartin-audio\/#breadcrumb"},"inLanguage":"de","potentialAction":[{"@type":"ReadAction","target":["https:\/\/distribution.audio-technica.eu\/de-de\/news\/clw-bonn-mitmartin-audio\/"]}]},{"@type":"ImageObject","inLanguage":"de","@id":"https:\/\/distribution.audio-technica.eu\/de-de\/news\/clw-bonn-mitmartin-audio\/#primaryimage","url":"\/app\/uploads\/sites\/6\/CLW-Bonn_1-scaled.jpeg","contentUrl":"\/app\/uploads\/sites\/6\/CLW-Bonn_1-scaled.jpeg","width":2560,"height":1437},{"@type":"BreadcrumbList","@id":"https:\/\/distribution.audio-technica.eu\/de-de\/news\/clw-bonn-mitmartin-audio\/#breadcrumb","itemListElement":[{"@type":"ListItem","position":1,"name":"Products","item":"https:\/\/distribution.audio-technica.eu\/de-de\/"},{"@type":"ListItem","position":2,"name":"CLW Bonn mit Martin Audio"}]},{"@type":"WebSite","@id":"https:\/\/distribution.audio-technica.eu\/de-de\/#website","url":"https:\/\/distribution.audio-technica.eu\/de-de\/","name":"DE Audio-Technica Distribution","description":"","potentialAction":[{"@type":"SearchAction","target":{"@type":"EntryPoint","urlTemplate":"https:\/\/distribution.audio-technica.eu\/de-de\/?s={search_term_string}"},"query-input":{"@type":"PropertyValueSpecification","valueRequired":true,"valueName":"search_term_string"}}],"inLanguage":"de"},{"@type":"Person","@id":"https:\/\/distribution.audio-technica.eu\/de-de\/#\/schema\/person\/e8e715e047e33cc425e816f59cbd9b80","name":"Audio-Technica","url":"https:\/\/distribution.audio-technica.eu\/de-de\/news\/author\/audiotechnica\/"}]}},"_links":{"self":[{"href":"https:\/\/distribution.audio-technica.eu\/de-de\/wp-json\/wp\/v2\/posts\/16760","targetHints":{"allow":["GET"]}}],"collection":[{"href":"https:\/\/distribution.audio-technica.eu\/de-de\/wp-json\/wp\/v2\/posts"}],"about":[{"href":"https:\/\/distribution.audio-technica.eu\/de-de\/wp-json\/wp\/v2\/types\/post"}],"author":[{"embeddable":true,"href":"https:\/\/distribution.audio-technica.eu\/de-de\/wp-json\/wp\/v2\/users\/1"}],"replies":[{"embeddable":true,"href":"https:\/\/distribution.audio-technica.eu\/de-de\/wp-json\/wp\/v2\/comments?post=16760"}],"version-history":[{"count":4,"href":"https:\/\/distribution.audio-technica.eu\/de-de\/wp-json\/wp\/v2\/posts\/16760\/revisions"}],"predecessor-version":[{"id":18145,"href":"https:\/\/distribution.audio-technica.eu\/de-de\/wp-json\/wp\/v2\/posts\/16760\/revisions\/18145"}],"wp:featuredmedia":[{"embeddable":true,"href":"https:\/\/distribution.audio-technica.eu\/de-de\/wp-json\/wp\/v2\/media\/16761"}],"wp:attachment":[{"href":"https:\/\/distribution.audio-technica.eu\/de-de\/wp-json\/wp\/v2\/media?parent=16760"}],"wp:term":[{"taxonomy":"category","embeddable":true,"href":"https:\/\/distribution.audio-technica.eu\/de-de\/wp-json\/wp\/v2\/categories?post=16760"},{"taxonomy":"post_tag","embeddable":true,"href":"https:\/\/distribution.audio-technica.eu\/de-de\/wp-json\/wp\/v2\/tags?post=16760"}],"curies":[{"name":"wp","href":"https:\/\/api.w.org\/{rel}","templated":true}]}}