{"id":18038,"date":"2021-11-01T12:27:02","date_gmt":"2021-11-01T12:27:02","guid":{"rendered":"https:\/\/distribution.audio-technica.eu\/de-de\/?p=18038"},"modified":"2023-08-28T12:27:13","modified_gmt":"2023-08-28T11:27:13","slug":"kotsch-showtechnik-martin-audio-ueberzeugungstaeter","status":"publish","type":"post","link":"https:\/\/distribution.audio-technica.eu\/de-de\/news\/kotsch-showtechnik-martin-audio-ueberzeugungstaeter\/","title":{"rendered":"Kotsch-Showtechnik: Martin Audio \u00dcberzeugungst\u00e4ter"},"content":{"rendered":"<p class=\"s11\"><span class=\"s12\">Nach nun beinahe zwei Jahren Pandemie hat sich<\/span><span class=\"s12\"> die Situation der Veranstaltungsbranche nur bedingt verbessert. Die Auftragsb\u00fccher vieler Technikverleiher f\u00fcllen sich<\/span><span class=\"s12\"> zwa<\/span><span class=\"s12\">r langsam wieder, von einer Normalit\u00e4t kann man hier allerdings bei <\/span><span class=\"s12\">w<\/span><span class=\"s12\">eitem noch nic<\/span><span class=\"s12\">ht sprechen. Auch f\u00fcr Torsten Kotsch, Gesch\u00e4ftsf\u00fchrer de<\/span><span class=\"s12\">r<\/span><span class=\"s12\"> Th\u00fcringer Firma Kotsch-Showtechnik, bleibt die Lage weiter angespannt. \u201eIn den letzten anderthalb Jahren konnte<\/span><span class=\"s12\">n wi<\/span><span class=\"s12\">r uns durch Investitionen zum Gl\u00fcck so gut aufstellen, dass das Video- und <\/span><span class=\"s12\">Streaming<\/span><span class=\"s12\">&#8211;<\/span><span class=\"s12\">Gesch\u00e4ft<\/span><span class=\"s12\"> f\u00fcr uns als Tagesgesch\u00e4ft m\u00f6glich wurde\u201c, erkl\u00e4rt <\/span><span class=\"s12\">er<\/span><span class=\"s12\">. \u201eDas Gesch\u00e4ftsfeld hat sich schon deutlich gewandelt und an vielen Stellen ist immer noch nur wenig P<\/span><span class=\"s12\">r\u00e4senz <\/span><span class=\"s12\">m\u00f6glich\u201c<\/span><span class=\"s12\">. <\/span><span class=\"s12\">Umso wichtiger ist es jetzt, bei den Veranstaltungen, die in Pr\u00e4senz s<\/span><span class=\"s12\">tattfinden k\u00f6nnen auf Beschallungsseite klar aufzutreten. F\u00fcr einen Martin Audio \u00dcberzeugungst\u00e4ter wie Kotsch keine schwierige Situation. Seit 1996 setzt er auf Systeme <\/span><span class=\"s12\">des bri<\/span><span class=\"s12\">tischen Herstellers. Beginnend mit der Wavefront Serie k<\/span><span class=\"s12\">ommt<\/span><span class=\"s12\"> 2012 das erste MLA Mi<\/span><span class=\"s12\">ni in den Bestand, womit Kotsch haupts\u00e4chlich Tagungs- und Industrieveranstaltungen beschallt. Bald folgt<\/span> <span class=\"s12\">MLA Compact, welches Kotsch f\u00fcr gr\u00f6\u00dfere Musikveranst<\/span><span class=\"s12\">altungen nutzt u<\/span><span class=\"s12\">nd zus\u00e4tzlich die CDD Serie f\u00fcr kleinere Beschallungsaufgaben. <\/span><\/p>\n<p class=\"s11\"><span class=\"s12\">Neben <\/span><span class=\"s12\">de<\/span><span class=\"s12\">n<\/span><span class=\"s12\"> Tagungsveranstaltungen ist klassische Musik das zweite gro\u00dfe Gesch\u00e4ftsfeld von Kotsch-Showtechnik. \u201eMit den Martin Audio Systemen bekommen wir da sehr oft <\/span><span class=\"s12\">positive <\/span><span class=\"s12\">K<\/span><span class=\"s12\">ritiken vo<\/span><span class=\"s12\">n<\/span><span class=\"s12\"> Publ<\/span><span class=\"s12\">ikum und <\/span><span class=\"s12\">Musikern<\/span><span class=\"s12\">, die sagen, dass sie noch nie <\/span><span class=\"s12\">einen <\/span><span class=\"s12\">so guten Sound geh\u00f6rt h<\/span><span class=\"s12\">\u00e4<\/span><span class=\"s12\">tten<\/span><span class=\"s12\">. Wir beschallen damit oft auch akustisch schwierige <\/span><span class=\"s12\">Locations, wo uns die M\u00f6glichkeit, bestimmte Fl\u00e4chen akustisch auszublenden oder reduzieren zu k\u00f6nnen, den entsc<\/span><span class=\"s12\">heidenden<\/span><span class=\"s12\"> Vorteil bringt. Das ist meiner Meinung nach mit Systemen anderer Hersteller n<\/span><span class=\"s12\">ur unter wesentlich gr\u00f6\u00dferem Aufwand m\u00f6glich. Die einzelnen Systeme sind dabei noch sehr flexibel einsetzbar. Mit einem MLA Mini haben wir selbst schon gr\u00f6\u00dfere Open Air <\/span><span class=\"s12\">Setups er<\/span><span class=\"s12\">folgreich bedient\u201c, schw\u00e4rmt Kotsch und f\u00fcgt schmunzelnd hinzu: \u201eIch staune da<\/span><span class=\"s12\"> immer noch jedes Mal selbst.\u201c <\/span><\/p>\n<p class=\"s11\"><span class=\"s12\">Das gro\u00dfe Plus ist f\u00fcr Kotsch die enorme Musikalit\u00e4t die Martin Audio transportiert: \u201eIm Vergleich zu anderen Herstellern hat mich bei M<\/span><span class=\"s12\">artin Aud<\/span><span class=\"s12\">io immer der Mittenbereich<\/span><span class=\"s12\">\u00fcberzeugt<\/span><span class=\"s12\">, vor allem die unteren Mitten<\/span><span class=\"s12\">. Das vermi<\/span><span class=\"s12\">sse ich h\u00e4ufig bei anderen namhaften Systemen. Das trifft absolut meinen Geschmack<\/span><span class=\"s12\"> und<\/span><span class=\"s12\"> hat alles Hand und <\/span><span class=\"s12\">Fu\u00df<\/span><span class=\"s12\">, nicht nur f\u00fcr Audiophile<\/span><span class=\"s12\">. Aber auch im H\u00f6henbereich s<\/span><span class=\"s12\">ind diese Syste<\/span><span class=\"s12\">me einfach toll. Das Compact beispielsweise, mit seinem 0,7-Zoll <\/span><span class=\"s12\">Treiber, klingt so nat\u00fcrlich und<\/span><span class=\"s12\"> \u00fcberhaupt<\/span><span class=\"s12\"> nicht scharf oder spitz<\/span> <span class=\"s12\">\u00fcberzeichnet. <\/span><span class=\"s12\">Durch<\/span><span class=\"s12\"> das Drei-Wege-System l\u00e4sst sich viel einfacher eine sch\u00f6ne Homogenit\u00e4t im Soundbild errei<\/span><span class=\"s12\">chen.\u201c <\/span><\/p>\n<p class=\"s11\"><span class=\"s12\">Auch a<\/span><span class=\"s12\">uf von Kotsch betreuten B\u00fchnen findet sich Martin Audio. Ein gro\u00df<\/span><span class=\"s12\">er Bestand an LE1200 und LE1500 Monitorlautsprechern beschallt dort die K\u00fcnstler. \u201eIch liebe die alten LE1500, das sind schlicht und einfach \u201eRock\u2019n\u2019Roll-Tr\u00fcmmer\u201c, lacht <\/span><span class=\"s12\">er<\/span><span class=\"s12\">. \u201eIch bin so gespa<\/span><span class=\"s12\">nnt auf die neuen XE500, die werde ich mir bald mal anh\u00f6ren<\/span><span class=\"s12\">. <\/span><span class=\"s12\">Und auf Torus bin ich auch schon ganz sch\u00f6n neugierig\u201c.<\/span><\/p>\n","protected":false},"excerpt":{"rendered":"<p>Nach nun beinahe zwei Jahren Pandemie hat sich die Situation der Veranstaltungsbranche nur bedingt verbessert. Die Auftragsb\u00fccher vieler Technikverleiher f\u00fcllen sich zwar langsam wieder, von einer Normalit\u00e4t kann man hier allerdings bei weitem noch nicht sprechen. Auch f\u00fcr Torsten Kotsch, Gesch\u00e4ftsf\u00fchrer der Th\u00fcringer Firma Kotsch-Showtechnik, bleibt die Lage weiter angespannt. \u201eIn den letzten anderthalb Jahren [&hellip;]<\/p>\n","protected":false},"author":20,"featured_media":0,"comment_status":"closed","ping_status":"closed","sticky":false,"template":"","format":"standard","meta":{"_acf_changed":false,"footnotes":""},"categories":[1914],"tags":[],"class_list":["post-18038","post","type-post","status-publish","format-standard","hentry","category-martin-audio"],"acf":[],"yoast_head":"<!-- This site is optimized with the Yoast SEO plugin v27.1.1 - https:\/\/yoast.com\/product\/yoast-seo-wordpress\/ -->\n<title>Kotsch-Showtechnik: Martin Audio \u00dcberzeugungst\u00e4ter - DE Audio-Technica Distribution<\/title>\n<meta name=\"robots\" content=\"index, follow, max-snippet:-1, max-image-preview:large, max-video-preview:-1\" \/>\n<link rel=\"canonical\" href=\"https:\/\/distribution.audio-technica.eu\/de-de\/news\/kotsch-showtechnik-martin-audio-ueberzeugungstaeter\/\" \/>\n<meta property=\"og:locale\" content=\"de_DE\" \/>\n<meta property=\"og:type\" content=\"article\" \/>\n<meta property=\"og:title\" content=\"Kotsch-Showtechnik: Martin Audio \u00dcberzeugungst\u00e4ter - DE Audio-Technica Distribution\" \/>\n<meta property=\"og:description\" content=\"Nach nun beinahe zwei Jahren Pandemie hat sich die Situation der Veranstaltungsbranche nur bedingt verbessert. Die Auftragsb\u00fccher vieler Technikverleiher f\u00fcllen sich zwar langsam wieder, von einer Normalit\u00e4t kann man hier allerdings bei weitem noch nicht sprechen. Auch f\u00fcr Torsten Kotsch, Gesch\u00e4ftsf\u00fchrer der Th\u00fcringer Firma Kotsch-Showtechnik, bleibt die Lage weiter angespannt. \u201eIn den letzten anderthalb Jahren [&hellip;]\" \/>\n<meta property=\"og:url\" content=\"https:\/\/distribution.audio-technica.eu\/de-de\/news\/kotsch-showtechnik-martin-audio-ueberzeugungstaeter\/\" \/>\n<meta property=\"og:site_name\" content=\"DE Audio-Technica Distribution\" \/>\n<meta property=\"article:published_time\" content=\"2021-11-01T12:27:02+00:00\" \/>\n<meta property=\"article:modified_time\" content=\"2023-08-28T11:27:13+00:00\" \/>\n<meta name=\"author\" content=\"nleon\" \/>\n<meta name=\"twitter:card\" content=\"summary_large_image\" \/>\n<meta name=\"twitter:label1\" content=\"Verfasst von\" \/>\n\t<meta name=\"twitter:data1\" content=\"nleon\" \/>\n\t<meta name=\"twitter:label2\" content=\"Gesch\u00e4tzte Lesezeit\" \/>\n\t<meta name=\"twitter:data2\" content=\"3\u00a0Minuten\" \/>\n<script type=\"application\/ld+json\" class=\"yoast-schema-graph\">{\"@context\":\"https:\/\/schema.org\",\"@graph\":[{\"@type\":\"Article\",\"@id\":\"https:\/\/distribution.audio-technica.eu\/de-de\/news\/kotsch-showtechnik-martin-audio-ueberzeugungstaeter\/#article\",\"isPartOf\":{\"@id\":\"https:\/\/distribution.audio-technica.eu\/de-de\/news\/kotsch-showtechnik-martin-audio-ueberzeugungstaeter\/\"},\"author\":{\"name\":\"nleon\",\"@id\":\"https:\/\/distribution.audio-technica.eu\/de-de\/#\/schema\/person\/7ebd88a9bd472fefc370a89edcc4edbf\"},\"headline\":\"Kotsch-Showtechnik: Martin Audio \u00dcberzeugungst\u00e4ter\",\"datePublished\":\"2021-11-01T12:27:02+00:00\",\"dateModified\":\"2023-08-28T11:27:13+00:00\",\"mainEntityOfPage\":{\"@id\":\"https:\/\/distribution.audio-technica.eu\/de-de\/news\/kotsch-showtechnik-martin-audio-ueberzeugungstaeter\/\"},\"wordCount\":529,\"articleSection\":[\"Martin Audio\"],\"inLanguage\":\"de\"},{\"@type\":\"WebPage\",\"@id\":\"https:\/\/distribution.audio-technica.eu\/de-de\/news\/kotsch-showtechnik-martin-audio-ueberzeugungstaeter\/\",\"url\":\"https:\/\/distribution.audio-technica.eu\/de-de\/news\/kotsch-showtechnik-martin-audio-ueberzeugungstaeter\/\",\"name\":\"Kotsch-Showtechnik: Martin Audio \u00dcberzeugungst\u00e4ter - DE Audio-Technica Distribution\",\"isPartOf\":{\"@id\":\"https:\/\/distribution.audio-technica.eu\/de-de\/#website\"},\"datePublished\":\"2021-11-01T12:27:02+00:00\",\"dateModified\":\"2023-08-28T11:27:13+00:00\",\"author\":{\"@id\":\"https:\/\/distribution.audio-technica.eu\/de-de\/#\/schema\/person\/7ebd88a9bd472fefc370a89edcc4edbf\"},\"breadcrumb\":{\"@id\":\"https:\/\/distribution.audio-technica.eu\/de-de\/news\/kotsch-showtechnik-martin-audio-ueberzeugungstaeter\/#breadcrumb\"},\"inLanguage\":\"de\",\"potentialAction\":[{\"@type\":\"ReadAction\",\"target\":[\"https:\/\/distribution.audio-technica.eu\/de-de\/news\/kotsch-showtechnik-martin-audio-ueberzeugungstaeter\/\"]}]},{\"@type\":\"BreadcrumbList\",\"@id\":\"https:\/\/distribution.audio-technica.eu\/de-de\/news\/kotsch-showtechnik-martin-audio-ueberzeugungstaeter\/#breadcrumb\",\"itemListElement\":[{\"@type\":\"ListItem\",\"position\":1,\"name\":\"Products\",\"item\":\"https:\/\/distribution.audio-technica.eu\/de-de\/\"},{\"@type\":\"ListItem\",\"position\":2,\"name\":\"Kotsch-Showtechnik: Martin Audio \u00dcberzeugungst\u00e4ter\"}]},{\"@type\":\"WebSite\",\"@id\":\"https:\/\/distribution.audio-technica.eu\/de-de\/#website\",\"url\":\"https:\/\/distribution.audio-technica.eu\/de-de\/\",\"name\":\"DE Audio-Technica Distribution\",\"description\":\"\",\"potentialAction\":[{\"@type\":\"SearchAction\",\"target\":{\"@type\":\"EntryPoint\",\"urlTemplate\":\"https:\/\/distribution.audio-technica.eu\/de-de\/?s={search_term_string}\"},\"query-input\":{\"@type\":\"PropertyValueSpecification\",\"valueRequired\":true,\"valueName\":\"search_term_string\"}}],\"inLanguage\":\"de\"},{\"@type\":\"Person\",\"@id\":\"https:\/\/distribution.audio-technica.eu\/de-de\/#\/schema\/person\/7ebd88a9bd472fefc370a89edcc4edbf\",\"name\":\"nleon\",\"url\":\"https:\/\/distribution.audio-technica.eu\/de-de\/news\/author\/nleon\/\"}]}<\/script>\n<!-- \/ Yoast SEO plugin. -->","yoast_head_json":{"title":"Kotsch-Showtechnik: Martin Audio \u00dcberzeugungst\u00e4ter - DE Audio-Technica Distribution","robots":{"index":"index","follow":"follow","max-snippet":"max-snippet:-1","max-image-preview":"max-image-preview:large","max-video-preview":"max-video-preview:-1"},"canonical":"https:\/\/distribution.audio-technica.eu\/de-de\/news\/kotsch-showtechnik-martin-audio-ueberzeugungstaeter\/","og_locale":"de_DE","og_type":"article","og_title":"Kotsch-Showtechnik: Martin Audio \u00dcberzeugungst\u00e4ter - DE Audio-Technica Distribution","og_description":"Nach nun beinahe zwei Jahren Pandemie hat sich die Situation der Veranstaltungsbranche nur bedingt verbessert. Die Auftragsb\u00fccher vieler Technikverleiher f\u00fcllen sich zwar langsam wieder, von einer Normalit\u00e4t kann man hier allerdings bei weitem noch nicht sprechen. Auch f\u00fcr Torsten Kotsch, Gesch\u00e4ftsf\u00fchrer der Th\u00fcringer Firma Kotsch-Showtechnik, bleibt die Lage weiter angespannt. \u201eIn den letzten anderthalb Jahren [&hellip;]","og_url":"https:\/\/distribution.audio-technica.eu\/de-de\/news\/kotsch-showtechnik-martin-audio-ueberzeugungstaeter\/","og_site_name":"DE Audio-Technica Distribution","article_published_time":"2021-11-01T12:27:02+00:00","article_modified_time":"2023-08-28T11:27:13+00:00","author":"nleon","twitter_card":"summary_large_image","twitter_misc":{"Verfasst von":"nleon","Gesch\u00e4tzte Lesezeit":"3\u00a0Minuten"},"schema":{"@context":"https:\/\/schema.org","@graph":[{"@type":"Article","@id":"https:\/\/distribution.audio-technica.eu\/de-de\/news\/kotsch-showtechnik-martin-audio-ueberzeugungstaeter\/#article","isPartOf":{"@id":"https:\/\/distribution.audio-technica.eu\/de-de\/news\/kotsch-showtechnik-martin-audio-ueberzeugungstaeter\/"},"author":{"name":"nleon","@id":"https:\/\/distribution.audio-technica.eu\/de-de\/#\/schema\/person\/7ebd88a9bd472fefc370a89edcc4edbf"},"headline":"Kotsch-Showtechnik: Martin Audio \u00dcberzeugungst\u00e4ter","datePublished":"2021-11-01T12:27:02+00:00","dateModified":"2023-08-28T11:27:13+00:00","mainEntityOfPage":{"@id":"https:\/\/distribution.audio-technica.eu\/de-de\/news\/kotsch-showtechnik-martin-audio-ueberzeugungstaeter\/"},"wordCount":529,"articleSection":["Martin Audio"],"inLanguage":"de"},{"@type":"WebPage","@id":"https:\/\/distribution.audio-technica.eu\/de-de\/news\/kotsch-showtechnik-martin-audio-ueberzeugungstaeter\/","url":"https:\/\/distribution.audio-technica.eu\/de-de\/news\/kotsch-showtechnik-martin-audio-ueberzeugungstaeter\/","name":"Kotsch-Showtechnik: Martin Audio \u00dcberzeugungst\u00e4ter - DE Audio-Technica Distribution","isPartOf":{"@id":"https:\/\/distribution.audio-technica.eu\/de-de\/#website"},"datePublished":"2021-11-01T12:27:02+00:00","dateModified":"2023-08-28T11:27:13+00:00","author":{"@id":"https:\/\/distribution.audio-technica.eu\/de-de\/#\/schema\/person\/7ebd88a9bd472fefc370a89edcc4edbf"},"breadcrumb":{"@id":"https:\/\/distribution.audio-technica.eu\/de-de\/news\/kotsch-showtechnik-martin-audio-ueberzeugungstaeter\/#breadcrumb"},"inLanguage":"de","potentialAction":[{"@type":"ReadAction","target":["https:\/\/distribution.audio-technica.eu\/de-de\/news\/kotsch-showtechnik-martin-audio-ueberzeugungstaeter\/"]}]},{"@type":"BreadcrumbList","@id":"https:\/\/distribution.audio-technica.eu\/de-de\/news\/kotsch-showtechnik-martin-audio-ueberzeugungstaeter\/#breadcrumb","itemListElement":[{"@type":"ListItem","position":1,"name":"Products","item":"https:\/\/distribution.audio-technica.eu\/de-de\/"},{"@type":"ListItem","position":2,"name":"Kotsch-Showtechnik: Martin Audio \u00dcberzeugungst\u00e4ter"}]},{"@type":"WebSite","@id":"https:\/\/distribution.audio-technica.eu\/de-de\/#website","url":"https:\/\/distribution.audio-technica.eu\/de-de\/","name":"DE Audio-Technica Distribution","description":"","potentialAction":[{"@type":"SearchAction","target":{"@type":"EntryPoint","urlTemplate":"https:\/\/distribution.audio-technica.eu\/de-de\/?s={search_term_string}"},"query-input":{"@type":"PropertyValueSpecification","valueRequired":true,"valueName":"search_term_string"}}],"inLanguage":"de"},{"@type":"Person","@id":"https:\/\/distribution.audio-technica.eu\/de-de\/#\/schema\/person\/7ebd88a9bd472fefc370a89edcc4edbf","name":"nleon","url":"https:\/\/distribution.audio-technica.eu\/de-de\/news\/author\/nleon\/"}]}},"_links":{"self":[{"href":"https:\/\/distribution.audio-technica.eu\/de-de\/wp-json\/wp\/v2\/posts\/18038","targetHints":{"allow":["GET"]}}],"collection":[{"href":"https:\/\/distribution.audio-technica.eu\/de-de\/wp-json\/wp\/v2\/posts"}],"about":[{"href":"https:\/\/distribution.audio-technica.eu\/de-de\/wp-json\/wp\/v2\/types\/post"}],"author":[{"embeddable":true,"href":"https:\/\/distribution.audio-technica.eu\/de-de\/wp-json\/wp\/v2\/users\/20"}],"replies":[{"embeddable":true,"href":"https:\/\/distribution.audio-technica.eu\/de-de\/wp-json\/wp\/v2\/comments?post=18038"}],"version-history":[{"count":2,"href":"https:\/\/distribution.audio-technica.eu\/de-de\/wp-json\/wp\/v2\/posts\/18038\/revisions"}],"predecessor-version":[{"id":18040,"href":"https:\/\/distribution.audio-technica.eu\/de-de\/wp-json\/wp\/v2\/posts\/18038\/revisions\/18040"}],"wp:attachment":[{"href":"https:\/\/distribution.audio-technica.eu\/de-de\/wp-json\/wp\/v2\/media?parent=18038"}],"wp:term":[{"taxonomy":"category","embeddable":true,"href":"https:\/\/distribution.audio-technica.eu\/de-de\/wp-json\/wp\/v2\/categories?post=18038"},{"taxonomy":"post_tag","embeddable":true,"href":"https:\/\/distribution.audio-technica.eu\/de-de\/wp-json\/wp\/v2\/tags?post=18038"}],"curies":[{"name":"wp","href":"https:\/\/api.w.org\/{rel}","templated":true}]}}