{"id":18095,"date":"2021-06-30T11:28:27","date_gmt":"2021-06-30T10:28:27","guid":{"rendered":"https:\/\/distribution.audio-technica.eu\/de-de\/?p=18095"},"modified":"2023-08-30T11:33:37","modified_gmt":"2023-08-30T10:33:37","slug":"clear-com-erweitert-freespeak-funkintercom-mit-neuer-basisstation","status":"publish","type":"post","link":"https:\/\/distribution.audio-technica.eu\/de-de\/news\/clear-com-erweitert-freespeak-funkintercom-mit-neuer-basisstation\/","title":{"rendered":"Clear-Com erweitert FreeSpeak-Funkintercom mit neuer Basisstation"},"content":{"rendered":"<p class=\"paragraph\"><span class=\"normaltextrun\"><span lang=\"DE\">Clear-Com\u00ae<\/span><\/span><span class=\"apple-converted-space\"><span lang=\"DE\">\u00a0<\/span><\/span><span class=\"normaltextrun\"><span lang=\"DE\">stellt mit der<\/span><\/span><span class=\"apple-converted-space\"><span lang=\"DE\">\u00a0<\/span><\/span><span class=\"normaltextrun\"><span lang=\"DE\">FreeSpeak<\/span><\/span><span class=\"apple-converted-space\"><span lang=\"DE\">\u00a0<\/span><\/span><span class=\"normaltextrun\"><span lang=\"DE\">Edge\u00ae Basisstation<\/span><\/span><span class=\"apple-converted-space\"><span lang=\"DE\">\u00a0<\/span><\/span><span class=\"normaltextrun\"><span lang=\"DE\">eine Erweiterung seiner<\/span><\/span><span class=\"apple-converted-space\"><span lang=\"DE\">\u00a0<\/span><\/span><span class=\"normaltextrun\"><span lang=\"DE\">\u00e4u\u00dferst erfolgreichen<\/span><\/span><span class=\"apple-converted-space\"><span lang=\"DE\">\u00a0<\/span><\/span><span class=\"normaltextrun\"><span lang=\"DE\">Funkintercom-Produktreihe<\/span><\/span><span class=\"apple-converted-space\"><span lang=\"DE\">\u00a0<\/span><\/span><span class=\"normaltextrun\"><span lang=\"DE\">vor.<\/span><\/span><span class=\"apple-converted-space\"><span lang=\"DE\">\u00a0<\/span><\/span><span class=\"normaltextrun\"><span lang=\"DE\">Die IP-basierte Zentrale unterst\u00fctzt die gesamte Palette des digitalen<\/span><\/span><span class=\"apple-converted-space\"><span lang=\"DE\">\u00a0<\/span><\/span><span class=\"normaltextrun\"><span lang=\"DE\">FreeSpeak\u2122 Wireless<\/span><\/span><span class=\"apple-converted-space\"><span lang=\"DE\">\u00a0<\/span><\/span><span class=\"normaltextrun\"><span lang=\"DE\">Intercom-Portfolios, einschlie\u00dflich<\/span><\/span><span class=\"apple-converted-space\"><span lang=\"DE\">\u00a0<\/span><\/span><span class=\"normaltextrun\"><span lang=\"DE\">der<\/span><\/span><span class=\"apple-converted-space\"><span lang=\"DE\">\u00a0<\/span><\/span><span class=\"normaltextrun\"><span lang=\"DE\">1,9 GHz-<\/span><\/span><span class=\"apple-converted-space\"><span lang=\"DE\">\u00a0<\/span><\/span><span class=\"normaltextrun\"><span lang=\"DE\">(sowohl<\/span><\/span><span class=\"apple-converted-space\"><span lang=\"DE\">\u00a0<\/span><\/span><span class=\"normaltextrun\"><span lang=\"DE\">E1-,<\/span><\/span><span class=\"apple-converted-space\"><span lang=\"DE\">\u00a0<\/span><\/span><span class=\"normaltextrun\"><span lang=\"DE\">wie auch<\/span><\/span><span class=\"apple-converted-space\"><span lang=\"DE\">\u00a0<\/span><\/span><span class=\"normaltextrun\"><span lang=\"DE\">IP-Transceiver), 2,4 GHz-<\/span><\/span><span class=\"apple-converted-space\"><span lang=\"DE\">\u00a0<\/span><\/span><span class=\"normaltextrun\"><span lang=\"DE\">und 5 GHz-Komponenten. Dar\u00fcber hinaus verf\u00fcgt die Hauptstation \u00fcber einen Dante-Schnittstelle zur digitalen Anbindung von Ger\u00e4ten.\u00a0<\/span><\/span><span class=\"eop\">\u00a0<\/span><\/p>\n<p class=\"paragraph\"><span class=\"normaltextrun\"><span lang=\"DE\">Die<\/span><\/span><span class=\"apple-converted-space\"><span lang=\"DE\">\u00a0<\/span><\/span><span class=\"normaltextrun\"><span lang=\"DE\">FreeSpeak<\/span><\/span><span class=\"apple-converted-space\"><span lang=\"DE\">\u00a0<\/span><\/span><span class=\"normaltextrun\"><span lang=\"DE\">Edge<\/span><\/span><span class=\"apple-converted-space\"><span lang=\"DE\">\u00a0<\/span><\/span><span class=\"normaltextrun\"><span lang=\"DE\">Basisstation<\/span><\/span><span class=\"apple-converted-space\"><span lang=\"DE\">\u00a0<\/span><\/span><span class=\"normaltextrun\"><span lang=\"DE\">bietet eine<\/span><\/span><span class=\"apple-converted-space\"><span lang=\"DE\">\u00a0<\/span><\/span><span class=\"normaltextrun\"><span lang=\"DE\">Standalone-L\u00f6sung f\u00fcr<\/span><\/span><span class=\"apple-converted-space\"><span lang=\"DE\">\u00a0<\/span><\/span><span class=\"normaltextrun\"><span lang=\"DE\">FreeSpeak<\/span><\/span><span class=\"apple-converted-space\"><span lang=\"DE\">\u00a0<\/span><\/span><span class=\"normaltextrun\"><span lang=\"DE\">Edge 5 GHz-Systeme sowie Unterst\u00fctzung f\u00fcr<\/span><\/span><span class=\"apple-converted-space\"><span lang=\"DE\">\u00a0<\/span><\/span><span class=\"normaltextrun\"><span lang=\"DE\">FreeSpeak<\/span><\/span><span class=\"apple-converted-space\"><span lang=\"DE\">\u00a0<\/span><\/span><span class=\"normaltextrun\"><span lang=\"DE\">1,9 GHz IP-Transceiver \u00fcber AES67-Verbindungen, die bisher nur \u00fcber<\/span><\/span><span class=\"apple-converted-space\"><span lang=\"DE\">\u00a0<\/span><\/span><span class=\"normaltextrun\"><span lang=\"DE\">Eclipse\u00ae Digital Matrix-Systeme mit einer E-IPA-Karte verf\u00fcgbar waren. Das 1HE-Ger\u00e4t unterst\u00fctzt<\/span><\/span><span class=\"apple-converted-space\"><span lang=\"DE\">\u00a0<\/span><\/span><span class=\"normaltextrun\"><span lang=\"DE\">dabei<\/span><\/span><span class=\"apple-converted-space\"><span lang=\"DE\">\u00a0<\/span><\/span><span class=\"normaltextrun\"><span lang=\"DE\">bis zu 16<\/span><\/span><span class=\"apple-converted-space\"><span lang=\"DE\">\u00a0<\/span><\/span><span class=\"normaltextrun\"><span lang=\"DE\">drahtlose<\/span><\/span><span class=\"apple-converted-space\"><span lang=\"DE\">\u00a0<\/span><\/span><span class=\"normaltextrun\"><span lang=\"DE\">Beltpacks<\/span><\/span><span class=\"apple-converted-space\"><span lang=\"DE\">\u00a0<\/span><\/span><span class=\"normaltextrun\"><span lang=\"DE\">und 6 IP-Transceiver (alternativ<\/span><\/span><span class=\"apple-converted-space\"><span lang=\"DE\">\u00a0<\/span><\/span><span class=\"normaltextrun\"><span lang=\"DE\">10 E1-Transceiver) mit der Flexibilit\u00e4t,<\/span><\/span><span class=\"apple-converted-space\"><span lang=\"DE\">\u00a0<\/span><\/span><span class=\"normaltextrun\"><span lang=\"DE\">verschiedene<\/span><\/span><span class=\"apple-converted-space\"><span lang=\"DE\">\u00a0<\/span><\/span><span class=\"normaltextrun\"><span lang=\"DE\">Frequenzbereiche<\/span><\/span><span class=\"apple-converted-space\"><span lang=\"DE\">\u00a0<\/span><\/span><span class=\"normaltextrun\"><span lang=\"DE\">zu<\/span><\/span><span class=\"apple-converted-space\"><span lang=\"DE\">\u00a0<\/span><\/span><span class=\"normaltextrun\"><span lang=\"DE\">kombinieren.<\/span><\/span><span class=\"apple-converted-space\"><span lang=\"DE\">\u00a0<\/span><\/span><span class=\"normaltextrun\"><span lang=\"DE\">Mit einer Mischung aus IP-, 2-Draht- und 4-Draht-Audioanschl\u00fcssen kann die<\/span><\/span><span class=\"apple-converted-space\"><span lang=\"DE\">\u00a0<\/span><\/span><span class=\"normaltextrun\"><span lang=\"DE\">Zentrale<\/span><\/span><span class=\"apple-converted-space\"><span lang=\"DE\">\u00a0<\/span><\/span><span class=\"normaltextrun\"><span lang=\"DE\">eine Vielzahl von Systemen integrieren.\u00a0<\/span><\/span><span class=\"eop\">\u00a0<\/span><\/p>\n<p class=\"paragraph\"><img loading=\"lazy\" decoding=\"async\" class=\"alignnone size-full wp-image-18097\" src=\"\/app\/uploads\/sites\/6\/PM1_large-FSEdge_Beauty_Base_Front_Straight.jpeg\" alt=\"\" width=\"2000\" height=\"1125\" srcset=\"https:\/\/distribution.audio-technica.eu\/app\/uploads\/sites\/6\/PM1_large-FSEdge_Beauty_Base_Front_Straight.jpeg 2000w, https:\/\/distribution.audio-technica.eu\/app\/uploads\/sites\/6\/PM1_large-FSEdge_Beauty_Base_Front_Straight-300x169.jpeg 300w, https:\/\/distribution.audio-technica.eu\/app\/uploads\/sites\/6\/PM1_large-FSEdge_Beauty_Base_Front_Straight-1024x576.jpeg 1024w, https:\/\/distribution.audio-technica.eu\/app\/uploads\/sites\/6\/PM1_large-FSEdge_Beauty_Base_Front_Straight-768x432.jpeg 768w, https:\/\/distribution.audio-technica.eu\/app\/uploads\/sites\/6\/PM1_large-FSEdge_Beauty_Base_Front_Straight-1536x864.jpeg 1536w, https:\/\/distribution.audio-technica.eu\/app\/uploads\/sites\/6\/PM1_large-FSEdge_Beauty_Base_Front_Straight-600x338.jpeg 600w\" sizes=\"auto, (max-width: 2000px) 100vw, 2000px\" \/><\/p>\n<p class=\"paragraph\"><span class=\"normaltextrun\"><span lang=\"DE\">Die<\/span><\/span><span class=\"apple-converted-space\"><span lang=\"DE\">\u00a0<\/span><\/span><span class=\"normaltextrun\"><span lang=\"DE\">FreeSpeak<\/span><\/span><span class=\"apple-converted-space\"><span lang=\"DE\">\u00a0<\/span><\/span><span class=\"normaltextrun\"><span lang=\"DE\">Edge<\/span><\/span><span class=\"apple-converted-space\"><span lang=\"DE\">\u00a0<\/span><\/span><span class=\"normaltextrun\"><span lang=\"DE\">Basisstation<\/span><\/span><span class=\"apple-converted-space\"><span lang=\"DE\">\u00a0<\/span><\/span><span class=\"normaltextrun\"><span lang=\"DE\">wird \u00fcber die browserbasierte CCM-Software von Clear-Com konfiguriert. Das<\/span><\/span><span class=\"apple-converted-space\"><span lang=\"DE\">\u00a0<\/span><\/span><span class=\"normaltextrun\"><span lang=\"DE\">von Grund auf<\/span><\/span><span class=\"apple-converted-space\"><span lang=\"DE\">\u00a0<\/span><\/span><span class=\"normaltextrun\"><span lang=\"DE\">neugestaltete Webinterface bietet<\/span><\/span><span class=\"apple-converted-space\"><span lang=\"DE\">\u00a0<\/span><\/span><span class=\"normaltextrun\"><span lang=\"DE\">intuitive Men\u00fcs und<\/span><\/span><span class=\"apple-converted-space\"><span lang=\"DE\">\u00a0<\/span><\/span><span class=\"normaltextrun\"><span lang=\"DE\">verbesserte<\/span><\/span><span class=\"apple-converted-space\"><span lang=\"DE\">\u00a0<\/span><\/span><span class=\"normaltextrun\"><span lang=\"DE\">Funktionen<\/span><\/span><span class=\"apple-converted-space\"><span lang=\"DE\">\u00a0<\/span><\/span><span class=\"normaltextrun\"><span lang=\"DE\">sowie die M\u00f6glichkeit der Echtzeit-\u00dcberwachung des gesamten Systems.<\/span><\/span><span class=\"eop\">\u00a0<\/span><\/p>\n<p class=\"paragraph\"><span class=\"normaltextrun\"><span lang=\"DE\">Durch eine standardm\u00e4\u00dfige Grundkonfiguration und die intuitiven Men\u00fcfunktionen an der Basisstation ist das System schnell einsatzbereit.<\/span><\/span><span class=\"apple-converted-space\"><span lang=\"DE\">\u00a0<\/span><\/span><span class=\"normaltextrun\"><span lang=\"DE\">Transceiver<\/span><\/span><span class=\"apple-converted-space\"><span lang=\"DE\">\u00a0<\/span><\/span><span class=\"normaltextrun\"><span lang=\"DE\">k\u00f6nnen<\/span><\/span><span class=\"apple-converted-space\"><span lang=\"DE\">\u00a0<\/span><\/span><span class=\"normaltextrun\"><span lang=\"DE\">direkt \u00fcber das Bedienfeld hinzugef\u00fcgt<\/span><\/span><span class=\"apple-converted-space\"><span lang=\"DE\">\u00a0<\/span><\/span><span class=\"normaltextrun\"><span lang=\"DE\">und<\/span><\/span><span class=\"apple-converted-space\"><span lang=\"DE\">\u00a0<\/span><\/span><span class=\"normaltextrun\"><span lang=\"DE\">Beltpacks<\/span><\/span><span class=\"apple-converted-space\"><span lang=\"DE\">\u00a0<\/span><\/span><span class=\"normaltextrun\"><span lang=\"DE\">\u00fcber USB<\/span><\/span><span class=\"apple-converted-space\"><span lang=\"DE\">\u00a0<\/span><\/span><span class=\"normaltextrun\"><span lang=\"DE\">registriert werden. Dieses System eignet sich somit ideal f\u00fcr Live-Events oder andere Anwendungen, bei denen nur wenig Zeit zur Einrichtung zur Verf\u00fcgung steht.<\/span><\/span><span class=\"eop\">\u00a0<\/span><\/p>\n<p class=\"paragraph\"><img loading=\"lazy\" decoding=\"async\" class=\"alignnone size-full wp-image-18098\" src=\"\/app\/uploads\/sites\/6\/PM2_large-FSEdge_Beauty_Base_Left-Straight.jpeg\" alt=\"\" width=\"2000\" height=\"1125\" srcset=\"https:\/\/distribution.audio-technica.eu\/app\/uploads\/sites\/6\/PM2_large-FSEdge_Beauty_Base_Left-Straight.jpeg 2000w, https:\/\/distribution.audio-technica.eu\/app\/uploads\/sites\/6\/PM2_large-FSEdge_Beauty_Base_Left-Straight-300x169.jpeg 300w, https:\/\/distribution.audio-technica.eu\/app\/uploads\/sites\/6\/PM2_large-FSEdge_Beauty_Base_Left-Straight-1024x576.jpeg 1024w, https:\/\/distribution.audio-technica.eu\/app\/uploads\/sites\/6\/PM2_large-FSEdge_Beauty_Base_Left-Straight-768x432.jpeg 768w, https:\/\/distribution.audio-technica.eu\/app\/uploads\/sites\/6\/PM2_large-FSEdge_Beauty_Base_Left-Straight-1536x864.jpeg 1536w, https:\/\/distribution.audio-technica.eu\/app\/uploads\/sites\/6\/PM2_large-FSEdge_Beauty_Base_Left-Straight-600x338.jpeg 600w\" sizes=\"auto, (max-width: 2000px) 100vw, 2000px\" \/><\/p>\n<p class=\"paragraph\"><span class=\"normaltextrun\"><span lang=\"DE\">Die 1HE-Station verf\u00fcgt \u00fcber zwei hochaufl\u00f6sende Vollfarb-Touchscreen-Displays mit vier Drehgebern, die vier Sprech- und H\u00f6rkan\u00e4le erm\u00f6glichen, so dass<\/span><\/span><span class=\"apple-converted-space\"><span lang=\"DE\">\u00a0<\/span><\/span><span class=\"normaltextrun\"><span lang=\"DE\">die Basisstation gleichzeitig als Sprechstelle eingesetzt werden kann.<\/span><\/span><span class=\"eop\">\u00a0<\/span><\/p>\n<p class=\"paragraph\"><span class=\"normaltextrun\"><span lang=\"DE\">&#8222;W\u00e4hrend sich viele unserer Kunden f\u00fcr eine integrierte L\u00f6sung mit drahtgebundenen und drahtlosen<\/span><\/span><span class=\"apple-converted-space\"><span lang=\"DE\">\u00a0<\/span><\/span><span class=\"normaltextrun\"><span lang=\"DE\">Komponenten<\/span><\/span><span class=\"apple-converted-space\"><span lang=\"DE\">\u00a0<\/span><\/span><span class=\"normaltextrun\"><span lang=\"DE\">in einem System entscheiden, sucht eine gro\u00dfe Gruppe immer noch nach einer<\/span><\/span><span class=\"apple-converted-space\"><span lang=\"DE\">\u00a0<\/span><\/span><span class=\"normaltextrun\"><span lang=\"DE\">dedizierten<\/span><\/span><span class=\"apple-converted-space\"><span lang=\"DE\">\u00a0<\/span><\/span><span class=\"normaltextrun\"><span lang=\"DE\">Funkintercom, oft zur Verbindung mit anderen bereits bestehenden Systemen&#8220;, kommentiert Stephen Sandford, Senior<\/span><\/span><span class=\"apple-converted-space\"><span lang=\"DE\">\u00a0<\/span><\/span><span class=\"normaltextrun\"><span lang=\"DE\">Product<\/span><\/span><span class=\"apple-converted-space\"><span lang=\"DE\">\u00a0<\/span><\/span><span class=\"normaltextrun\"><span lang=\"DE\">Manager bei Clear-Com. &#8222;W\u00e4hrend wir dieser Art von Kunden bisher die bestehende<\/span><\/span><span class=\"apple-converted-space\"><span lang=\"DE\">\u00a0<\/span><\/span><span class=\"normaltextrun\"><span lang=\"DE\">FreeSpeak<\/span><\/span><span class=\"apple-converted-space\"><span lang=\"DE\">\u00a0<\/span><\/span><span class=\"normaltextrun\"><span lang=\"DE\">II Basisstation angeboten haben, wurde der Bedarf an einer IP-basierten L\u00f6sung dieser Art immer deutlicher. Die<\/span><\/span><span class=\"apple-converted-space\"><span lang=\"DE\">\u00a0<\/span><\/span><span class=\"normaltextrun\"><span lang=\"DE\">FreeSpeak<\/span><\/span><span class=\"apple-converted-space\"><span lang=\"DE\">\u00a0<\/span><\/span><span class=\"normaltextrun\"><span lang=\"DE\">Edge Basisstation erf\u00fcllt diesen Bedarf mit ihrer IP-basierten Transceiver-Architektur sowie Verbindungen zu externen Systemen \u00fcber die g\u00e4ngigsten IP-Protokolle der Branche.&#8220;<\/span><\/span><span class=\"eop\">\u00a0<\/span><\/p>\n","protected":false},"excerpt":{"rendered":"<p>Clear-Com\u00ae\u00a0stellt mit der\u00a0FreeSpeak\u00a0Edge\u00ae Basisstation\u00a0eine Erweiterung seiner\u00a0\u00e4u\u00dferst erfolgreichen\u00a0Funkintercom-Produktreihe\u00a0vor.\u00a0Die IP-basierte Zentrale unterst\u00fctzt die gesamte Palette des digitalen\u00a0FreeSpeak\u2122 Wireless\u00a0Intercom-Portfolios, einschlie\u00dflich\u00a0der\u00a01,9 GHz-\u00a0(sowohl\u00a0E1-,\u00a0wie auch\u00a0IP-Transceiver), 2,4 GHz-\u00a0und 5 GHz-Komponenten. Dar\u00fcber hinaus verf\u00fcgt die Hauptstation \u00fcber einen Dante-Schnittstelle zur digitalen Anbindung von Ger\u00e4ten.\u00a0\u00a0 Die\u00a0FreeSpeak\u00a0Edge\u00a0Basisstation\u00a0bietet eine\u00a0Standalone-L\u00f6sung f\u00fcr\u00a0FreeSpeak\u00a0Edge 5 GHz-Systeme sowie Unterst\u00fctzung f\u00fcr\u00a0FreeSpeak\u00a01,9 GHz IP-Transceiver \u00fcber AES67-Verbindungen, die bisher nur \u00fcber\u00a0Eclipse\u00ae Digital Matrix-Systeme mit [&hellip;]<\/p>\n","protected":false},"author":20,"featured_media":18096,"comment_status":"closed","ping_status":"closed","sticky":false,"template":"","format":"standard","meta":{"_acf_changed":false,"footnotes":""},"categories":[1921],"tags":[],"class_list":["post-18095","post","type-post","status-publish","format-standard","has-post-thumbnail","hentry","category-clear-com"],"acf":[],"yoast_head":"<!-- This site is optimized with the Yoast SEO plugin v27.1.1 - https:\/\/yoast.com\/product\/yoast-seo-wordpress\/ -->\n<title>Clear-Com erweitert FreeSpeak-Funkintercom mit neuer Basisstation - DE Audio-Technica Distribution<\/title>\n<meta name=\"robots\" content=\"index, follow, max-snippet:-1, max-image-preview:large, max-video-preview:-1\" \/>\n<link rel=\"canonical\" href=\"https:\/\/distribution.audio-technica.eu\/de-de\/news\/clear-com-erweitert-freespeak-funkintercom-mit-neuer-basisstation\/\" \/>\n<meta property=\"og:locale\" content=\"de_DE\" \/>\n<meta property=\"og:type\" content=\"article\" \/>\n<meta property=\"og:title\" content=\"Clear-Com erweitert FreeSpeak-Funkintercom mit neuer Basisstation - DE Audio-Technica Distribution\" \/>\n<meta property=\"og:description\" content=\"Clear-Com\u00ae\u00a0stellt mit der\u00a0FreeSpeak\u00a0Edge\u00ae Basisstation\u00a0eine Erweiterung seiner\u00a0\u00e4u\u00dferst erfolgreichen\u00a0Funkintercom-Produktreihe\u00a0vor.\u00a0Die IP-basierte Zentrale unterst\u00fctzt die gesamte Palette des digitalen\u00a0FreeSpeak\u2122 Wireless\u00a0Intercom-Portfolios, einschlie\u00dflich\u00a0der\u00a01,9 GHz-\u00a0(sowohl\u00a0E1-,\u00a0wie auch\u00a0IP-Transceiver), 2,4 GHz-\u00a0und 5 GHz-Komponenten. Dar\u00fcber hinaus verf\u00fcgt die Hauptstation \u00fcber einen Dante-Schnittstelle zur digitalen Anbindung von Ger\u00e4ten.\u00a0\u00a0 Die\u00a0FreeSpeak\u00a0Edge\u00a0Basisstation\u00a0bietet eine\u00a0Standalone-L\u00f6sung f\u00fcr\u00a0FreeSpeak\u00a0Edge 5 GHz-Systeme sowie Unterst\u00fctzung f\u00fcr\u00a0FreeSpeak\u00a01,9 GHz IP-Transceiver \u00fcber AES67-Verbindungen, die bisher nur \u00fcber\u00a0Eclipse\u00ae Digital Matrix-Systeme mit [&hellip;]\" \/>\n<meta property=\"og:url\" content=\"https:\/\/distribution.audio-technica.eu\/de-de\/news\/clear-com-erweitert-freespeak-funkintercom-mit-neuer-basisstation\/\" \/>\n<meta property=\"og:site_name\" content=\"DE Audio-Technica Distribution\" \/>\n<meta property=\"article:published_time\" content=\"2021-06-30T10:28:27+00:00\" \/>\n<meta property=\"article:modified_time\" content=\"2023-08-30T10:33:37+00:00\" \/>\n<meta property=\"og:image\" content=\"https:\/\/distribution.audio-technica.eu\/app\/uploads\/sites\/6\/PM3_large-FSEdge_Beauty_Base_Left_Sharp_Angle.jpeg\" \/>\n\t<meta property=\"og:image:width\" content=\"2000\" \/>\n\t<meta property=\"og:image:height\" content=\"1125\" \/>\n\t<meta property=\"og:image:type\" content=\"image\/jpeg\" \/>\n<meta name=\"author\" content=\"nleon\" \/>\n<meta name=\"twitter:card\" content=\"summary_large_image\" \/>\n<meta name=\"twitter:label1\" content=\"Verfasst von\" \/>\n\t<meta name=\"twitter:data1\" content=\"nleon\" \/>\n\t<meta name=\"twitter:label2\" content=\"Gesch\u00e4tzte Lesezeit\" \/>\n\t<meta name=\"twitter:data2\" content=\"3\u00a0Minuten\" \/>\n<script type=\"application\/ld+json\" class=\"yoast-schema-graph\">{\"@context\":\"https:\/\/schema.org\",\"@graph\":[{\"@type\":\"Article\",\"@id\":\"https:\/\/distribution.audio-technica.eu\/de-de\/news\/clear-com-erweitert-freespeak-funkintercom-mit-neuer-basisstation\/#article\",\"isPartOf\":{\"@id\":\"https:\/\/distribution.audio-technica.eu\/de-de\/news\/clear-com-erweitert-freespeak-funkintercom-mit-neuer-basisstation\/\"},\"author\":{\"name\":\"nleon\",\"@id\":\"https:\/\/distribution.audio-technica.eu\/de-de\/#\/schema\/person\/7ebd88a9bd472fefc370a89edcc4edbf\"},\"headline\":\"Clear-Com erweitert FreeSpeak-Funkintercom mit neuer Basisstation\",\"datePublished\":\"2021-06-30T10:28:27+00:00\",\"dateModified\":\"2023-08-30T10:33:37+00:00\",\"mainEntityOfPage\":{\"@id\":\"https:\/\/distribution.audio-technica.eu\/de-de\/news\/clear-com-erweitert-freespeak-funkintercom-mit-neuer-basisstation\/\"},\"wordCount\":361,\"image\":{\"@id\":\"https:\/\/distribution.audio-technica.eu\/de-de\/news\/clear-com-erweitert-freespeak-funkintercom-mit-neuer-basisstation\/#primaryimage\"},\"thumbnailUrl\":\"\/app\/uploads\/sites\/6\/PM3_large-FSEdge_Beauty_Base_Left_Sharp_Angle.jpeg\",\"articleSection\":[\"Clear-Com\"],\"inLanguage\":\"de\"},{\"@type\":\"WebPage\",\"@id\":\"https:\/\/distribution.audio-technica.eu\/de-de\/news\/clear-com-erweitert-freespeak-funkintercom-mit-neuer-basisstation\/\",\"url\":\"https:\/\/distribution.audio-technica.eu\/de-de\/news\/clear-com-erweitert-freespeak-funkintercom-mit-neuer-basisstation\/\",\"name\":\"Clear-Com erweitert FreeSpeak-Funkintercom mit neuer Basisstation - DE Audio-Technica Distribution\",\"isPartOf\":{\"@id\":\"https:\/\/distribution.audio-technica.eu\/de-de\/#website\"},\"primaryImageOfPage\":{\"@id\":\"https:\/\/distribution.audio-technica.eu\/de-de\/news\/clear-com-erweitert-freespeak-funkintercom-mit-neuer-basisstation\/#primaryimage\"},\"image\":{\"@id\":\"https:\/\/distribution.audio-technica.eu\/de-de\/news\/clear-com-erweitert-freespeak-funkintercom-mit-neuer-basisstation\/#primaryimage\"},\"thumbnailUrl\":\"\/app\/uploads\/sites\/6\/PM3_large-FSEdge_Beauty_Base_Left_Sharp_Angle.jpeg\",\"datePublished\":\"2021-06-30T10:28:27+00:00\",\"dateModified\":\"2023-08-30T10:33:37+00:00\",\"author\":{\"@id\":\"https:\/\/distribution.audio-technica.eu\/de-de\/#\/schema\/person\/7ebd88a9bd472fefc370a89edcc4edbf\"},\"breadcrumb\":{\"@id\":\"https:\/\/distribution.audio-technica.eu\/de-de\/news\/clear-com-erweitert-freespeak-funkintercom-mit-neuer-basisstation\/#breadcrumb\"},\"inLanguage\":\"de\",\"potentialAction\":[{\"@type\":\"ReadAction\",\"target\":[\"https:\/\/distribution.audio-technica.eu\/de-de\/news\/clear-com-erweitert-freespeak-funkintercom-mit-neuer-basisstation\/\"]}]},{\"@type\":\"ImageObject\",\"inLanguage\":\"de\",\"@id\":\"https:\/\/distribution.audio-technica.eu\/de-de\/news\/clear-com-erweitert-freespeak-funkintercom-mit-neuer-basisstation\/#primaryimage\",\"url\":\"\/app\/uploads\/sites\/6\/PM3_large-FSEdge_Beauty_Base_Left_Sharp_Angle.jpeg\",\"contentUrl\":\"\/app\/uploads\/sites\/6\/PM3_large-FSEdge_Beauty_Base_Left_Sharp_Angle.jpeg\",\"width\":2000,\"height\":1125},{\"@type\":\"BreadcrumbList\",\"@id\":\"https:\/\/distribution.audio-technica.eu\/de-de\/news\/clear-com-erweitert-freespeak-funkintercom-mit-neuer-basisstation\/#breadcrumb\",\"itemListElement\":[{\"@type\":\"ListItem\",\"position\":1,\"name\":\"Products\",\"item\":\"https:\/\/distribution.audio-technica.eu\/de-de\/\"},{\"@type\":\"ListItem\",\"position\":2,\"name\":\"Clear-Com erweitert FreeSpeak-Funkintercom mit neuer Basisstation\"}]},{\"@type\":\"WebSite\",\"@id\":\"https:\/\/distribution.audio-technica.eu\/de-de\/#website\",\"url\":\"https:\/\/distribution.audio-technica.eu\/de-de\/\",\"name\":\"DE Audio-Technica Distribution\",\"description\":\"\",\"potentialAction\":[{\"@type\":\"SearchAction\",\"target\":{\"@type\":\"EntryPoint\",\"urlTemplate\":\"https:\/\/distribution.audio-technica.eu\/de-de\/?s={search_term_string}\"},\"query-input\":{\"@type\":\"PropertyValueSpecification\",\"valueRequired\":true,\"valueName\":\"search_term_string\"}}],\"inLanguage\":\"de\"},{\"@type\":\"Person\",\"@id\":\"https:\/\/distribution.audio-technica.eu\/de-de\/#\/schema\/person\/7ebd88a9bd472fefc370a89edcc4edbf\",\"name\":\"nleon\",\"url\":\"https:\/\/distribution.audio-technica.eu\/de-de\/news\/author\/nleon\/\"}]}<\/script>\n<!-- \/ Yoast SEO plugin. -->","yoast_head_json":{"title":"Clear-Com erweitert FreeSpeak-Funkintercom mit neuer Basisstation - DE Audio-Technica Distribution","robots":{"index":"index","follow":"follow","max-snippet":"max-snippet:-1","max-image-preview":"max-image-preview:large","max-video-preview":"max-video-preview:-1"},"canonical":"https:\/\/distribution.audio-technica.eu\/de-de\/news\/clear-com-erweitert-freespeak-funkintercom-mit-neuer-basisstation\/","og_locale":"de_DE","og_type":"article","og_title":"Clear-Com erweitert FreeSpeak-Funkintercom mit neuer Basisstation - DE Audio-Technica Distribution","og_description":"Clear-Com\u00ae\u00a0stellt mit der\u00a0FreeSpeak\u00a0Edge\u00ae Basisstation\u00a0eine Erweiterung seiner\u00a0\u00e4u\u00dferst erfolgreichen\u00a0Funkintercom-Produktreihe\u00a0vor.\u00a0Die IP-basierte Zentrale unterst\u00fctzt die gesamte Palette des digitalen\u00a0FreeSpeak\u2122 Wireless\u00a0Intercom-Portfolios, einschlie\u00dflich\u00a0der\u00a01,9 GHz-\u00a0(sowohl\u00a0E1-,\u00a0wie auch\u00a0IP-Transceiver), 2,4 GHz-\u00a0und 5 GHz-Komponenten. Dar\u00fcber hinaus verf\u00fcgt die Hauptstation \u00fcber einen Dante-Schnittstelle zur digitalen Anbindung von Ger\u00e4ten.\u00a0\u00a0 Die\u00a0FreeSpeak\u00a0Edge\u00a0Basisstation\u00a0bietet eine\u00a0Standalone-L\u00f6sung f\u00fcr\u00a0FreeSpeak\u00a0Edge 5 GHz-Systeme sowie Unterst\u00fctzung f\u00fcr\u00a0FreeSpeak\u00a01,9 GHz IP-Transceiver \u00fcber AES67-Verbindungen, die bisher nur \u00fcber\u00a0Eclipse\u00ae Digital Matrix-Systeme mit [&hellip;]","og_url":"https:\/\/distribution.audio-technica.eu\/de-de\/news\/clear-com-erweitert-freespeak-funkintercom-mit-neuer-basisstation\/","og_site_name":"DE Audio-Technica Distribution","article_published_time":"2021-06-30T10:28:27+00:00","article_modified_time":"2023-08-30T10:33:37+00:00","og_image":[{"width":2000,"height":1125,"url":"https:\/\/distribution.audio-technica.eu\/app\/uploads\/sites\/6\/PM3_large-FSEdge_Beauty_Base_Left_Sharp_Angle.jpeg","type":"image\/jpeg"}],"author":"nleon","twitter_card":"summary_large_image","twitter_misc":{"Verfasst von":"nleon","Gesch\u00e4tzte Lesezeit":"3\u00a0Minuten"},"schema":{"@context":"https:\/\/schema.org","@graph":[{"@type":"Article","@id":"https:\/\/distribution.audio-technica.eu\/de-de\/news\/clear-com-erweitert-freespeak-funkintercom-mit-neuer-basisstation\/#article","isPartOf":{"@id":"https:\/\/distribution.audio-technica.eu\/de-de\/news\/clear-com-erweitert-freespeak-funkintercom-mit-neuer-basisstation\/"},"author":{"name":"nleon","@id":"https:\/\/distribution.audio-technica.eu\/de-de\/#\/schema\/person\/7ebd88a9bd472fefc370a89edcc4edbf"},"headline":"Clear-Com erweitert FreeSpeak-Funkintercom mit neuer Basisstation","datePublished":"2021-06-30T10:28:27+00:00","dateModified":"2023-08-30T10:33:37+00:00","mainEntityOfPage":{"@id":"https:\/\/distribution.audio-technica.eu\/de-de\/news\/clear-com-erweitert-freespeak-funkintercom-mit-neuer-basisstation\/"},"wordCount":361,"image":{"@id":"https:\/\/distribution.audio-technica.eu\/de-de\/news\/clear-com-erweitert-freespeak-funkintercom-mit-neuer-basisstation\/#primaryimage"},"thumbnailUrl":"\/app\/uploads\/sites\/6\/PM3_large-FSEdge_Beauty_Base_Left_Sharp_Angle.jpeg","articleSection":["Clear-Com"],"inLanguage":"de"},{"@type":"WebPage","@id":"https:\/\/distribution.audio-technica.eu\/de-de\/news\/clear-com-erweitert-freespeak-funkintercom-mit-neuer-basisstation\/","url":"https:\/\/distribution.audio-technica.eu\/de-de\/news\/clear-com-erweitert-freespeak-funkintercom-mit-neuer-basisstation\/","name":"Clear-Com erweitert FreeSpeak-Funkintercom mit neuer Basisstation - DE Audio-Technica Distribution","isPartOf":{"@id":"https:\/\/distribution.audio-technica.eu\/de-de\/#website"},"primaryImageOfPage":{"@id":"https:\/\/distribution.audio-technica.eu\/de-de\/news\/clear-com-erweitert-freespeak-funkintercom-mit-neuer-basisstation\/#primaryimage"},"image":{"@id":"https:\/\/distribution.audio-technica.eu\/de-de\/news\/clear-com-erweitert-freespeak-funkintercom-mit-neuer-basisstation\/#primaryimage"},"thumbnailUrl":"\/app\/uploads\/sites\/6\/PM3_large-FSEdge_Beauty_Base_Left_Sharp_Angle.jpeg","datePublished":"2021-06-30T10:28:27+00:00","dateModified":"2023-08-30T10:33:37+00:00","author":{"@id":"https:\/\/distribution.audio-technica.eu\/de-de\/#\/schema\/person\/7ebd88a9bd472fefc370a89edcc4edbf"},"breadcrumb":{"@id":"https:\/\/distribution.audio-technica.eu\/de-de\/news\/clear-com-erweitert-freespeak-funkintercom-mit-neuer-basisstation\/#breadcrumb"},"inLanguage":"de","potentialAction":[{"@type":"ReadAction","target":["https:\/\/distribution.audio-technica.eu\/de-de\/news\/clear-com-erweitert-freespeak-funkintercom-mit-neuer-basisstation\/"]}]},{"@type":"ImageObject","inLanguage":"de","@id":"https:\/\/distribution.audio-technica.eu\/de-de\/news\/clear-com-erweitert-freespeak-funkintercom-mit-neuer-basisstation\/#primaryimage","url":"\/app\/uploads\/sites\/6\/PM3_large-FSEdge_Beauty_Base_Left_Sharp_Angle.jpeg","contentUrl":"\/app\/uploads\/sites\/6\/PM3_large-FSEdge_Beauty_Base_Left_Sharp_Angle.jpeg","width":2000,"height":1125},{"@type":"BreadcrumbList","@id":"https:\/\/distribution.audio-technica.eu\/de-de\/news\/clear-com-erweitert-freespeak-funkintercom-mit-neuer-basisstation\/#breadcrumb","itemListElement":[{"@type":"ListItem","position":1,"name":"Products","item":"https:\/\/distribution.audio-technica.eu\/de-de\/"},{"@type":"ListItem","position":2,"name":"Clear-Com erweitert FreeSpeak-Funkintercom mit neuer Basisstation"}]},{"@type":"WebSite","@id":"https:\/\/distribution.audio-technica.eu\/de-de\/#website","url":"https:\/\/distribution.audio-technica.eu\/de-de\/","name":"DE Audio-Technica Distribution","description":"","potentialAction":[{"@type":"SearchAction","target":{"@type":"EntryPoint","urlTemplate":"https:\/\/distribution.audio-technica.eu\/de-de\/?s={search_term_string}"},"query-input":{"@type":"PropertyValueSpecification","valueRequired":true,"valueName":"search_term_string"}}],"inLanguage":"de"},{"@type":"Person","@id":"https:\/\/distribution.audio-technica.eu\/de-de\/#\/schema\/person\/7ebd88a9bd472fefc370a89edcc4edbf","name":"nleon","url":"https:\/\/distribution.audio-technica.eu\/de-de\/news\/author\/nleon\/"}]}},"_links":{"self":[{"href":"https:\/\/distribution.audio-technica.eu\/de-de\/wp-json\/wp\/v2\/posts\/18095","targetHints":{"allow":["GET"]}}],"collection":[{"href":"https:\/\/distribution.audio-technica.eu\/de-de\/wp-json\/wp\/v2\/posts"}],"about":[{"href":"https:\/\/distribution.audio-technica.eu\/de-de\/wp-json\/wp\/v2\/types\/post"}],"author":[{"embeddable":true,"href":"https:\/\/distribution.audio-technica.eu\/de-de\/wp-json\/wp\/v2\/users\/20"}],"replies":[{"embeddable":true,"href":"https:\/\/distribution.audio-technica.eu\/de-de\/wp-json\/wp\/v2\/comments?post=18095"}],"version-history":[{"count":3,"href":"https:\/\/distribution.audio-technica.eu\/de-de\/wp-json\/wp\/v2\/posts\/18095\/revisions"}],"predecessor-version":[{"id":18101,"href":"https:\/\/distribution.audio-technica.eu\/de-de\/wp-json\/wp\/v2\/posts\/18095\/revisions\/18101"}],"wp:featuredmedia":[{"embeddable":true,"href":"https:\/\/distribution.audio-technica.eu\/de-de\/wp-json\/wp\/v2\/media\/18096"}],"wp:attachment":[{"href":"https:\/\/distribution.audio-technica.eu\/de-de\/wp-json\/wp\/v2\/media?parent=18095"}],"wp:term":[{"taxonomy":"category","embeddable":true,"href":"https:\/\/distribution.audio-technica.eu\/de-de\/wp-json\/wp\/v2\/categories?post=18095"},{"taxonomy":"post_tag","embeddable":true,"href":"https:\/\/distribution.audio-technica.eu\/de-de\/wp-json\/wp\/v2\/tags?post=18095"}],"curies":[{"name":"wp","href":"https:\/\/api.w.org\/{rel}","templated":true}]}}