{"id":18718,"date":"2024-03-19T11:53:34","date_gmt":"2024-03-19T11:53:34","guid":{"rendered":"https:\/\/distribution.audio-technica.eu\/de-de\/?p=18718"},"modified":"2024-05-29T11:53:48","modified_gmt":"2024-05-29T10:53:48","slug":"artnovion-und-der-jazzclub-karlsruhe-bringen-jazz-in-top-sound-in-die-ehemalige-kurbel","status":"publish","type":"post","link":"https:\/\/distribution.audio-technica.eu\/de-de\/news\/artnovion-und-der-jazzclub-karlsruhe-bringen-jazz-in-top-sound-in-die-ehemalige-kurbel\/","title":{"rendered":"artnovion und der Jazzclub Karlsruhe bringen Jazz in Top-Sound  in die ehemalige \u201eKurbel\u201c"},"content":{"rendered":"<div>Der <span class=\"outlook-search-highlight\" data-markjs=\"true\">Jazzclub<\/span> <span class=\"outlook-search-highlight\" data-markjs=\"true\">Karlsruhe<\/span> f\u00fcllt das erste Obergeschoss des ehemaligen Kultkinos \u201eKurbel\u201c in <span class=\"outlook-search-highlight\" data-markjs=\"true\">Karlsruhe<\/span> mit musikalischem Leben: Die verschiedensten Ausformungen des Jazz haben in diesem Club ein Zuhause. F\u00fcr den perfekten Sound sorgt die Akustikinstallation von artnovion.<\/div>\n<div><\/div>\n<div><img loading=\"lazy\" decoding=\"async\" class=\"size-full wp-image-18720 aligncenter\" src=\"\/app\/uploads\/sites\/6\/RSxT-002-231113\u00a9PaulNeedham-scaled.jpg\" alt=\"\" width=\"2560\" height=\"1707\" srcset=\"https:\/\/distribution.audio-technica.eu\/app\/uploads\/sites\/6\/RSxT-002-231113\u00a9PaulNeedham-scaled.jpg 2560w, https:\/\/distribution.audio-technica.eu\/app\/uploads\/sites\/6\/RSxT-002-231113\u00a9PaulNeedham-300x200.jpg 300w, https:\/\/distribution.audio-technica.eu\/app\/uploads\/sites\/6\/RSxT-002-231113\u00a9PaulNeedham-1024x683.jpg 1024w, https:\/\/distribution.audio-technica.eu\/app\/uploads\/sites\/6\/RSxT-002-231113\u00a9PaulNeedham-768x512.jpg 768w, https:\/\/distribution.audio-technica.eu\/app\/uploads\/sites\/6\/RSxT-002-231113\u00a9PaulNeedham-1536x1024.jpg 1536w, https:\/\/distribution.audio-technica.eu\/app\/uploads\/sites\/6\/RSxT-002-231113\u00a9PaulNeedham-2048x1365.jpg 2048w, https:\/\/distribution.audio-technica.eu\/app\/uploads\/sites\/6\/RSxT-002-231113\u00a9PaulNeedham-600x400.jpg 600w\" sizes=\"auto, (max-width: 2560px) 100vw, 2560px\" \/><\/div>\n<div><\/div>\n<div><strong><span class=\"outlook-search-highlight\" data-markjs=\"true\">Jazzclub<\/span> <span class=\"outlook-search-highlight\" data-markjs=\"true\">Karlsruhe<\/span>: Musikkultur im Kultkino<\/strong><\/div>\n<div>Die Urspr\u00fcnge des <span class=\"outlook-search-highlight\" data-markjs=\"true\">Jazzclub<\/span> <span class=\"outlook-search-highlight\" data-markjs=\"true\">Karlsruhe<\/span> gehen bis in die 1940er Jahre zur\u00fcck, die offizielle Gr\u00fcndung erfolgte dann 1969. Seit jeher unterst\u00fctzt der Verein lokale K\u00fcnstler und bringt etablierte Gr\u00f6\u00dfen vor ein leidenschaftliches Publikum. Bis vor kurzem war der <span class=\"outlook-search-highlight\" data-markjs=\"true\">Jazzclub<\/span> dabei ohne eigenes Dach immer in anderen Veranstaltungsr\u00e4umen zu Gast. Jetzt hat er ein eigenes Zuhause gefunden \u2013 im ehemaligen Kultkino \u201eKurbel\u201c in <span class=\"outlook-search-highlight\" data-markjs=\"true\">Karlsruhe<\/span>. Dort befindet sich jetzt neben B\u00fcros und Archiv des Vereins auch der kleine Konzertsaal f\u00fcr bis zu 250 G\u00e4ste. Nachdem die urspr\u00fcngliche Kinobespannung aufgrund von Brandschutzbestimmungen entfernt werden musste, blieben nackte W\u00e4nde \u2013 akustisch eher unvorteilhaft. Die portugiesischen Akustik-Spezialisten von artnovion konnten zum Gl\u00fcck Abhilfe schaffen.<\/div>\n<div><\/div>\n<div><img loading=\"lazy\" decoding=\"async\" class=\"size-full wp-image-18721 aligncenter\" src=\"\/app\/uploads\/sites\/6\/Installation-002-230815\u00a9PaulNeedham-scaled.jpg\" alt=\"\" width=\"2560\" height=\"1706\" srcset=\"https:\/\/distribution.audio-technica.eu\/app\/uploads\/sites\/6\/Installation-002-230815\u00a9PaulNeedham-scaled.jpg 2560w, https:\/\/distribution.audio-technica.eu\/app\/uploads\/sites\/6\/Installation-002-230815\u00a9PaulNeedham-300x200.jpg 300w, https:\/\/distribution.audio-technica.eu\/app\/uploads\/sites\/6\/Installation-002-230815\u00a9PaulNeedham-1024x683.jpg 1024w, https:\/\/distribution.audio-technica.eu\/app\/uploads\/sites\/6\/Installation-002-230815\u00a9PaulNeedham-768x512.jpg 768w, https:\/\/distribution.audio-technica.eu\/app\/uploads\/sites\/6\/Installation-002-230815\u00a9PaulNeedham-1536x1024.jpg 1536w, https:\/\/distribution.audio-technica.eu\/app\/uploads\/sites\/6\/Installation-002-230815\u00a9PaulNeedham-2048x1365.jpg 2048w, https:\/\/distribution.audio-technica.eu\/app\/uploads\/sites\/6\/Installation-002-230815\u00a9PaulNeedham-600x400.jpg 600w\" sizes=\"auto, (max-width: 2560px) 100vw, 2560px\" \/><\/div>\n<div><\/div>\n<div>\n<div><strong>Hybridl\u00f6sung von artnovion: Klang bis in die h\u00f6chsten R\u00e4nge<\/strong><\/div>\n<div>Eine Herausforderung f\u00fcr das Akustikkonzept im <span class=\"outlook-search-highlight\" data-markjs=\"true\">Jazzclub<\/span> <span class=\"outlook-search-highlight\" data-markjs=\"true\">Karlsruhe<\/span> war die Raumstruktur: Trotz der vergleichsweise kompakten Abmessungen des Raums gibt es ansteigende R\u00e4nge, wodurch die ben\u00f6tigte akustische Abdeckung eine dritte Dimension gewinnt. Au\u00dferdem sollten im <span class=\"outlook-search-highlight\" data-markjs=\"true\">Jazzclub<\/span> sowohl akustische als auch elektrisch verst\u00e4rkte Konzerte stattfinden k\u00f6nnen, ohne klanglich in der einen oder anderen Weise zur\u00fcckstecken zu m\u00fcssen. Um diesen Anforderungen gerecht werden zu k\u00f6nnen, konzipierte artnovion die Akustik um das Hybrid-Modul Siena herum. Siena verbindet einen Breitbandabsorber mit einem MLS-Diffusor f\u00fcr die hohen Frequenzen und vermeidet so in einem Raum mit intensiver Absorption die \u00dcberd\u00e4mpfung der H\u00f6hen. Durch die diffuse Reflexion hoher Frequenzen entsteht ein angenehmes Klangbild, das sich gleichm\u00e4\u00dfig \u00fcber den ganzen Raum ausbreitet \u2013 bis in die oberen R\u00e4nge. So lie\u00df sich nicht nur die Nachhallzeit des Raums \u00fcber den gesamten Frequenzbereich reduzieren, sondern auch die Deutlichkeits- und Klarheitswerte stiegen auf einen Wert von \u00fcber 0,75 \u2013 ein herausragendes Ergebnis.<\/div>\n<\/div>\n<div><\/div>\n<div><img loading=\"lazy\" decoding=\"async\" class=\"alignnone size-full wp-image-18722\" src=\"\/app\/uploads\/sites\/6\/SiennaPanels-012-231204\u00a9PaulNeedham-scaled.jpg\" alt=\"\" width=\"2560\" height=\"1707\" srcset=\"https:\/\/distribution.audio-technica.eu\/app\/uploads\/sites\/6\/SiennaPanels-012-231204\u00a9PaulNeedham-scaled.jpg 2560w, https:\/\/distribution.audio-technica.eu\/app\/uploads\/sites\/6\/SiennaPanels-012-231204\u00a9PaulNeedham-300x200.jpg 300w, https:\/\/distribution.audio-technica.eu\/app\/uploads\/sites\/6\/SiennaPanels-012-231204\u00a9PaulNeedham-1024x683.jpg 1024w, https:\/\/distribution.audio-technica.eu\/app\/uploads\/sites\/6\/SiennaPanels-012-231204\u00a9PaulNeedham-768x512.jpg 768w, https:\/\/distribution.audio-technica.eu\/app\/uploads\/sites\/6\/SiennaPanels-012-231204\u00a9PaulNeedham-1536x1024.jpg 1536w, https:\/\/distribution.audio-technica.eu\/app\/uploads\/sites\/6\/SiennaPanels-012-231204\u00a9PaulNeedham-2048x1365.jpg 2048w, https:\/\/distribution.audio-technica.eu\/app\/uploads\/sites\/6\/SiennaPanels-012-231204\u00a9PaulNeedham-600x400.jpg 600w\" sizes=\"auto, (max-width: 2560px) 100vw, 2560px\" \/><\/div>\n<div><\/div>\n<div>\n<div><strong><span class=\"outlook-search-highlight\" data-markjs=\"true\">Karlsruhe<\/span> spricht \u00fcber den Sound im <span class=\"outlook-search-highlight\" data-markjs=\"true\">Jazzclub<\/span><\/strong><\/div>\n<div>Niklas Braun, Vorstand des <span class=\"outlook-search-highlight\" data-markjs=\"true\">Jazzclub<\/span> <span class=\"outlook-search-highlight\" data-markjs=\"true\">Karlsruhe<\/span> und selbst Musiker und Tontechniker, ist begeistert vom Ergebnis der akustischen Ma\u00dfnahmen: \u201eKlaviertrios oder Quartette haben wir jetzt schon ein paar Mal veranstaltet, das funktioniert wunderbar ohne Verst\u00e4rkung bis in die R\u00e4nge hoch. Aber auch mit einer 14-k\u00f6pfigen Soul &amp; Funk Band auf der B\u00fchne und einer lauten PA klingt der Raum wirklich knackig. Im Herbst durfte ich f\u00fcr eine R&amp;B\/Soul Band am Mischpult stehen. Dank der Raumakustik konnte ich den Sound f\u00fcr die Band ausgewogen, satt und mit einer angenehmen Lautst\u00e4rke gestalten. Der Raum reagiert bei keiner Frequenz negativ, er koppelt nicht und es gibt keine stehenden Wellen. Das macht einfach Spa\u00df!\u201c Mit seiner Meinung zum Sound des Raums ist er indes nicht allein. \u201eIch bin sehr gl\u00fccklich \u00fcber die R\u00fcckmeldung von G\u00e4sten, unseren Mitgliedern und Profis der Szene, die uns sagen, wie angenehm es sei, in den Konzerten zu sitzen,\u201c erz\u00e4hlt Braun. \u201eSie sagen es immer auf andere Weise: das klingt gut; der Sound ist toll; der Raum klingt wunderbar. Das war unser Ziel, dass Menschen sich wohlf\u00fchlen.\u201c<\/div>\n<\/div>\n<div><\/div>\n<div><img loading=\"lazy\" decoding=\"async\" class=\"size-full wp-image-18723 aligncenter\" src=\"\/app\/uploads\/sites\/6\/SiennaPanels-008-231204\u00a9PaulNeedham-scaled.jpg\" alt=\"\" width=\"2560\" height=\"1707\" srcset=\"https:\/\/distribution.audio-technica.eu\/app\/uploads\/sites\/6\/SiennaPanels-008-231204\u00a9PaulNeedham-scaled.jpg 2560w, https:\/\/distribution.audio-technica.eu\/app\/uploads\/sites\/6\/SiennaPanels-008-231204\u00a9PaulNeedham-300x200.jpg 300w, https:\/\/distribution.audio-technica.eu\/app\/uploads\/sites\/6\/SiennaPanels-008-231204\u00a9PaulNeedham-1024x683.jpg 1024w, https:\/\/distribution.audio-technica.eu\/app\/uploads\/sites\/6\/SiennaPanels-008-231204\u00a9PaulNeedham-768x512.jpg 768w, https:\/\/distribution.audio-technica.eu\/app\/uploads\/sites\/6\/SiennaPanels-008-231204\u00a9PaulNeedham-1536x1024.jpg 1536w, https:\/\/distribution.audio-technica.eu\/app\/uploads\/sites\/6\/SiennaPanels-008-231204\u00a9PaulNeedham-2048x1365.jpg 2048w, https:\/\/distribution.audio-technica.eu\/app\/uploads\/sites\/6\/SiennaPanels-008-231204\u00a9PaulNeedham-600x400.jpg 600w\" sizes=\"auto, (max-width: 2560px) 100vw, 2560px\" \/><\/div>\n<div>\n<div><\/div>\n<div><strong>Hochwertige Akustik vom Profi: artnovion<\/strong><\/div>\n<div>F\u00fcr Niklas Braun hat es sich in jedem Fall gelohnt, auf die Hilfe von Akustik-Experten zu setzen, die einen tontechnischen Hintergrund haben und nicht vorwiegend aus der Architektur kommen. \u201eIm Falle artnovion ist es ja so, dass die Ansprechpartner vom Fach sind, also auch selbst am Mischpult stehen, das Geh\u00f6r und ein Verst\u00e4ndnis von Akustik haben.\u201c Das gesamte akustische Konzept wurde von artnovion simuliert, um alle Vorgaben einzuhalten oder sogar zu \u00fcbertreffen. Der so erzielte Vorschlag wurde dann in 3D gerendert und in verschiedenen Ansichten vorgestellt. Auch das Design spielte eine zentrale Rolle, denn \u201edas Auge h\u00f6rt mit\u201c, wie Braun best\u00e4tigt. \u201eIn den Pl\u00e4nen sah es zuerst ein bisschen nach Kathedrale aus. Wenn man das aber dann mal live gesehen hat, das Mattschwarz auf der schwarz lackierten Wand, dazwischen die alten Kinoleuchten, das sieht einfach super aus.\u201c Und so k\u00f6nnen sich die Besucher ebenso wie die K\u00fcnstler rundum wohl f\u00fchlen im <span class=\"outlook-search-highlight\" data-markjs=\"true\">Jazzclub<\/span> <span class=\"outlook-search-highlight\" data-markjs=\"true\">Karlsruhe<\/span> und die Musik genie\u00dfen \u2013 von der B\u00fchne bis in die R\u00e4nge.<\/div>\n<\/div>\n","protected":false},"excerpt":{"rendered":"<p>Der Jazzclub Karlsruhe f\u00fcllt das erste Obergeschoss des ehemaligen Kultkinos \u201eKurbel\u201c in Karlsruhe mit musikalischem Leben: Die verschiedensten Ausformungen des Jazz haben in diesem Club ein Zuhause. F\u00fcr den perfekten Sound sorgt die Akustikinstallation von artnovion. Jazzclub Karlsruhe: Musikkultur im Kultkino Die Urspr\u00fcnge des Jazzclub Karlsruhe gehen bis in die 1940er Jahre zur\u00fcck, die offizielle [&hellip;]<\/p>\n","protected":false},"author":20,"featured_media":18719,"comment_status":"closed","ping_status":"closed","sticky":false,"template":"","format":"standard","meta":{"_acf_changed":false,"footnotes":""},"categories":[1931],"tags":[],"class_list":["post-18718","post","type-post","status-publish","format-standard","has-post-thumbnail","hentry","category-press-release"],"acf":[],"yoast_head":"<!-- This site is optimized with the Yoast SEO plugin v27.1.1 - https:\/\/yoast.com\/product\/yoast-seo-wordpress\/ -->\n<title>artnovion und der Jazzclub Karlsruhe bringen Jazz in Top-Sound in die ehemalige \u201eKurbel\u201c - DE Audio-Technica Distribution<\/title>\n<meta name=\"robots\" content=\"index, follow, max-snippet:-1, max-image-preview:large, max-video-preview:-1\" \/>\n<link rel=\"canonical\" href=\"https:\/\/distribution.audio-technica.eu\/de-de\/news\/artnovion-und-der-jazzclub-karlsruhe-bringen-jazz-in-top-sound-in-die-ehemalige-kurbel\/\" \/>\n<meta property=\"og:locale\" content=\"de_DE\" \/>\n<meta property=\"og:type\" content=\"article\" \/>\n<meta property=\"og:title\" content=\"artnovion und der Jazzclub Karlsruhe bringen Jazz in Top-Sound in die ehemalige \u201eKurbel\u201c - DE Audio-Technica Distribution\" \/>\n<meta property=\"og:description\" content=\"Der Jazzclub Karlsruhe f\u00fcllt das erste Obergeschoss des ehemaligen Kultkinos \u201eKurbel\u201c in Karlsruhe mit musikalischem Leben: Die verschiedensten Ausformungen des Jazz haben in diesem Club ein Zuhause. F\u00fcr den perfekten Sound sorgt die Akustikinstallation von artnovion. Jazzclub Karlsruhe: Musikkultur im Kultkino Die Urspr\u00fcnge des Jazzclub Karlsruhe gehen bis in die 1940er Jahre zur\u00fcck, die offizielle [&hellip;]\" \/>\n<meta property=\"og:url\" content=\"https:\/\/distribution.audio-technica.eu\/de-de\/news\/artnovion-und-der-jazzclub-karlsruhe-bringen-jazz-in-top-sound-in-die-ehemalige-kurbel\/\" \/>\n<meta property=\"og:site_name\" content=\"DE Audio-Technica Distribution\" \/>\n<meta property=\"article:published_time\" content=\"2024-03-19T11:53:34+00:00\" \/>\n<meta property=\"article:modified_time\" content=\"2024-05-29T10:53:48+00:00\" \/>\n<meta property=\"og:image\" content=\"https:\/\/distribution.audio-technica.eu\/app\/uploads\/sites\/6\/audio-technica_artnovion_jazzclub-scaled.jpg\" \/>\n\t<meta property=\"og:image:width\" content=\"2560\" \/>\n\t<meta property=\"og:image:height\" content=\"1707\" \/>\n\t<meta property=\"og:image:type\" content=\"image\/jpeg\" \/>\n<meta name=\"author\" content=\"nleon\" \/>\n<meta name=\"twitter:card\" content=\"summary_large_image\" \/>\n<meta name=\"twitter:label1\" content=\"Verfasst von\" \/>\n\t<meta name=\"twitter:data1\" content=\"nleon\" \/>\n\t<meta name=\"twitter:label2\" content=\"Gesch\u00e4tzte Lesezeit\" \/>\n\t<meta name=\"twitter:data2\" content=\"5\u00a0Minuten\" \/>\n<script type=\"application\/ld+json\" class=\"yoast-schema-graph\">{\"@context\":\"https:\/\/schema.org\",\"@graph\":[{\"@type\":\"Article\",\"@id\":\"https:\/\/distribution.audio-technica.eu\/de-de\/news\/artnovion-und-der-jazzclub-karlsruhe-bringen-jazz-in-top-sound-in-die-ehemalige-kurbel\/#article\",\"isPartOf\":{\"@id\":\"https:\/\/distribution.audio-technica.eu\/de-de\/news\/artnovion-und-der-jazzclub-karlsruhe-bringen-jazz-in-top-sound-in-die-ehemalige-kurbel\/\"},\"author\":{\"name\":\"nleon\",\"@id\":\"https:\/\/distribution.audio-technica.eu\/de-de\/#\/schema\/person\/7ebd88a9bd472fefc370a89edcc4edbf\"},\"headline\":\"artnovion und der Jazzclub Karlsruhe bringen Jazz in Top-Sound in die ehemalige \u201eKurbel\u201c\",\"datePublished\":\"2024-03-19T11:53:34+00:00\",\"dateModified\":\"2024-05-29T10:53:48+00:00\",\"mainEntityOfPage\":{\"@id\":\"https:\/\/distribution.audio-technica.eu\/de-de\/news\/artnovion-und-der-jazzclub-karlsruhe-bringen-jazz-in-top-sound-in-die-ehemalige-kurbel\/\"},\"wordCount\":727,\"image\":{\"@id\":\"https:\/\/distribution.audio-technica.eu\/de-de\/news\/artnovion-und-der-jazzclub-karlsruhe-bringen-jazz-in-top-sound-in-die-ehemalige-kurbel\/#primaryimage\"},\"thumbnailUrl\":\"\/app\/uploads\/sites\/6\/audio-technica_artnovion_jazzclub-scaled.jpg\",\"articleSection\":[\"Press Release\"],\"inLanguage\":\"de\"},{\"@type\":\"WebPage\",\"@id\":\"https:\/\/distribution.audio-technica.eu\/de-de\/news\/artnovion-und-der-jazzclub-karlsruhe-bringen-jazz-in-top-sound-in-die-ehemalige-kurbel\/\",\"url\":\"https:\/\/distribution.audio-technica.eu\/de-de\/news\/artnovion-und-der-jazzclub-karlsruhe-bringen-jazz-in-top-sound-in-die-ehemalige-kurbel\/\",\"name\":\"artnovion und der Jazzclub Karlsruhe bringen Jazz in Top-Sound in die ehemalige \u201eKurbel\u201c - DE Audio-Technica Distribution\",\"isPartOf\":{\"@id\":\"https:\/\/distribution.audio-technica.eu\/de-de\/#website\"},\"primaryImageOfPage\":{\"@id\":\"https:\/\/distribution.audio-technica.eu\/de-de\/news\/artnovion-und-der-jazzclub-karlsruhe-bringen-jazz-in-top-sound-in-die-ehemalige-kurbel\/#primaryimage\"},\"image\":{\"@id\":\"https:\/\/distribution.audio-technica.eu\/de-de\/news\/artnovion-und-der-jazzclub-karlsruhe-bringen-jazz-in-top-sound-in-die-ehemalige-kurbel\/#primaryimage\"},\"thumbnailUrl\":\"\/app\/uploads\/sites\/6\/audio-technica_artnovion_jazzclub-scaled.jpg\",\"datePublished\":\"2024-03-19T11:53:34+00:00\",\"dateModified\":\"2024-05-29T10:53:48+00:00\",\"author\":{\"@id\":\"https:\/\/distribution.audio-technica.eu\/de-de\/#\/schema\/person\/7ebd88a9bd472fefc370a89edcc4edbf\"},\"breadcrumb\":{\"@id\":\"https:\/\/distribution.audio-technica.eu\/de-de\/news\/artnovion-und-der-jazzclub-karlsruhe-bringen-jazz-in-top-sound-in-die-ehemalige-kurbel\/#breadcrumb\"},\"inLanguage\":\"de\",\"potentialAction\":[{\"@type\":\"ReadAction\",\"target\":[\"https:\/\/distribution.audio-technica.eu\/de-de\/news\/artnovion-und-der-jazzclub-karlsruhe-bringen-jazz-in-top-sound-in-die-ehemalige-kurbel\/\"]}]},{\"@type\":\"ImageObject\",\"inLanguage\":\"de\",\"@id\":\"https:\/\/distribution.audio-technica.eu\/de-de\/news\/artnovion-und-der-jazzclub-karlsruhe-bringen-jazz-in-top-sound-in-die-ehemalige-kurbel\/#primaryimage\",\"url\":\"\/app\/uploads\/sites\/6\/audio-technica_artnovion_jazzclub-scaled.jpg\",\"contentUrl\":\"\/app\/uploads\/sites\/6\/audio-technica_artnovion_jazzclub-scaled.jpg\",\"width\":2560,\"height\":1707},{\"@type\":\"BreadcrumbList\",\"@id\":\"https:\/\/distribution.audio-technica.eu\/de-de\/news\/artnovion-und-der-jazzclub-karlsruhe-bringen-jazz-in-top-sound-in-die-ehemalige-kurbel\/#breadcrumb\",\"itemListElement\":[{\"@type\":\"ListItem\",\"position\":1,\"name\":\"Products\",\"item\":\"https:\/\/distribution.audio-technica.eu\/de-de\/\"},{\"@type\":\"ListItem\",\"position\":2,\"name\":\"artnovion und der Jazzclub Karlsruhe bringen Jazz in Top-Sound in die ehemalige \u201eKurbel\u201c\"}]},{\"@type\":\"WebSite\",\"@id\":\"https:\/\/distribution.audio-technica.eu\/de-de\/#website\",\"url\":\"https:\/\/distribution.audio-technica.eu\/de-de\/\",\"name\":\"DE Audio-Technica Distribution\",\"description\":\"\",\"potentialAction\":[{\"@type\":\"SearchAction\",\"target\":{\"@type\":\"EntryPoint\",\"urlTemplate\":\"https:\/\/distribution.audio-technica.eu\/de-de\/?s={search_term_string}\"},\"query-input\":{\"@type\":\"PropertyValueSpecification\",\"valueRequired\":true,\"valueName\":\"search_term_string\"}}],\"inLanguage\":\"de\"},{\"@type\":\"Person\",\"@id\":\"https:\/\/distribution.audio-technica.eu\/de-de\/#\/schema\/person\/7ebd88a9bd472fefc370a89edcc4edbf\",\"name\":\"nleon\",\"url\":\"https:\/\/distribution.audio-technica.eu\/de-de\/news\/author\/nleon\/\"}]}<\/script>\n<!-- \/ Yoast SEO plugin. -->","yoast_head_json":{"title":"artnovion und der Jazzclub Karlsruhe bringen Jazz in Top-Sound in die ehemalige \u201eKurbel\u201c - DE Audio-Technica Distribution","robots":{"index":"index","follow":"follow","max-snippet":"max-snippet:-1","max-image-preview":"max-image-preview:large","max-video-preview":"max-video-preview:-1"},"canonical":"https:\/\/distribution.audio-technica.eu\/de-de\/news\/artnovion-und-der-jazzclub-karlsruhe-bringen-jazz-in-top-sound-in-die-ehemalige-kurbel\/","og_locale":"de_DE","og_type":"article","og_title":"artnovion und der Jazzclub Karlsruhe bringen Jazz in Top-Sound in die ehemalige \u201eKurbel\u201c - DE Audio-Technica Distribution","og_description":"Der Jazzclub Karlsruhe f\u00fcllt das erste Obergeschoss des ehemaligen Kultkinos \u201eKurbel\u201c in Karlsruhe mit musikalischem Leben: Die verschiedensten Ausformungen des Jazz haben in diesem Club ein Zuhause. F\u00fcr den perfekten Sound sorgt die Akustikinstallation von artnovion. Jazzclub Karlsruhe: Musikkultur im Kultkino Die Urspr\u00fcnge des Jazzclub Karlsruhe gehen bis in die 1940er Jahre zur\u00fcck, die offizielle [&hellip;]","og_url":"https:\/\/distribution.audio-technica.eu\/de-de\/news\/artnovion-und-der-jazzclub-karlsruhe-bringen-jazz-in-top-sound-in-die-ehemalige-kurbel\/","og_site_name":"DE Audio-Technica Distribution","article_published_time":"2024-03-19T11:53:34+00:00","article_modified_time":"2024-05-29T10:53:48+00:00","og_image":[{"width":2560,"height":1707,"url":"https:\/\/distribution.audio-technica.eu\/app\/uploads\/sites\/6\/audio-technica_artnovion_jazzclub-scaled.jpg","type":"image\/jpeg"}],"author":"nleon","twitter_card":"summary_large_image","twitter_misc":{"Verfasst von":"nleon","Gesch\u00e4tzte Lesezeit":"5\u00a0Minuten"},"schema":{"@context":"https:\/\/schema.org","@graph":[{"@type":"Article","@id":"https:\/\/distribution.audio-technica.eu\/de-de\/news\/artnovion-und-der-jazzclub-karlsruhe-bringen-jazz-in-top-sound-in-die-ehemalige-kurbel\/#article","isPartOf":{"@id":"https:\/\/distribution.audio-technica.eu\/de-de\/news\/artnovion-und-der-jazzclub-karlsruhe-bringen-jazz-in-top-sound-in-die-ehemalige-kurbel\/"},"author":{"name":"nleon","@id":"https:\/\/distribution.audio-technica.eu\/de-de\/#\/schema\/person\/7ebd88a9bd472fefc370a89edcc4edbf"},"headline":"artnovion und der Jazzclub Karlsruhe bringen Jazz in Top-Sound in die ehemalige \u201eKurbel\u201c","datePublished":"2024-03-19T11:53:34+00:00","dateModified":"2024-05-29T10:53:48+00:00","mainEntityOfPage":{"@id":"https:\/\/distribution.audio-technica.eu\/de-de\/news\/artnovion-und-der-jazzclub-karlsruhe-bringen-jazz-in-top-sound-in-die-ehemalige-kurbel\/"},"wordCount":727,"image":{"@id":"https:\/\/distribution.audio-technica.eu\/de-de\/news\/artnovion-und-der-jazzclub-karlsruhe-bringen-jazz-in-top-sound-in-die-ehemalige-kurbel\/#primaryimage"},"thumbnailUrl":"\/app\/uploads\/sites\/6\/audio-technica_artnovion_jazzclub-scaled.jpg","articleSection":["Press Release"],"inLanguage":"de"},{"@type":"WebPage","@id":"https:\/\/distribution.audio-technica.eu\/de-de\/news\/artnovion-und-der-jazzclub-karlsruhe-bringen-jazz-in-top-sound-in-die-ehemalige-kurbel\/","url":"https:\/\/distribution.audio-technica.eu\/de-de\/news\/artnovion-und-der-jazzclub-karlsruhe-bringen-jazz-in-top-sound-in-die-ehemalige-kurbel\/","name":"artnovion und der Jazzclub Karlsruhe bringen Jazz in Top-Sound in die ehemalige \u201eKurbel\u201c - DE Audio-Technica Distribution","isPartOf":{"@id":"https:\/\/distribution.audio-technica.eu\/de-de\/#website"},"primaryImageOfPage":{"@id":"https:\/\/distribution.audio-technica.eu\/de-de\/news\/artnovion-und-der-jazzclub-karlsruhe-bringen-jazz-in-top-sound-in-die-ehemalige-kurbel\/#primaryimage"},"image":{"@id":"https:\/\/distribution.audio-technica.eu\/de-de\/news\/artnovion-und-der-jazzclub-karlsruhe-bringen-jazz-in-top-sound-in-die-ehemalige-kurbel\/#primaryimage"},"thumbnailUrl":"\/app\/uploads\/sites\/6\/audio-technica_artnovion_jazzclub-scaled.jpg","datePublished":"2024-03-19T11:53:34+00:00","dateModified":"2024-05-29T10:53:48+00:00","author":{"@id":"https:\/\/distribution.audio-technica.eu\/de-de\/#\/schema\/person\/7ebd88a9bd472fefc370a89edcc4edbf"},"breadcrumb":{"@id":"https:\/\/distribution.audio-technica.eu\/de-de\/news\/artnovion-und-der-jazzclub-karlsruhe-bringen-jazz-in-top-sound-in-die-ehemalige-kurbel\/#breadcrumb"},"inLanguage":"de","potentialAction":[{"@type":"ReadAction","target":["https:\/\/distribution.audio-technica.eu\/de-de\/news\/artnovion-und-der-jazzclub-karlsruhe-bringen-jazz-in-top-sound-in-die-ehemalige-kurbel\/"]}]},{"@type":"ImageObject","inLanguage":"de","@id":"https:\/\/distribution.audio-technica.eu\/de-de\/news\/artnovion-und-der-jazzclub-karlsruhe-bringen-jazz-in-top-sound-in-die-ehemalige-kurbel\/#primaryimage","url":"\/app\/uploads\/sites\/6\/audio-technica_artnovion_jazzclub-scaled.jpg","contentUrl":"\/app\/uploads\/sites\/6\/audio-technica_artnovion_jazzclub-scaled.jpg","width":2560,"height":1707},{"@type":"BreadcrumbList","@id":"https:\/\/distribution.audio-technica.eu\/de-de\/news\/artnovion-und-der-jazzclub-karlsruhe-bringen-jazz-in-top-sound-in-die-ehemalige-kurbel\/#breadcrumb","itemListElement":[{"@type":"ListItem","position":1,"name":"Products","item":"https:\/\/distribution.audio-technica.eu\/de-de\/"},{"@type":"ListItem","position":2,"name":"artnovion und der Jazzclub Karlsruhe bringen Jazz in Top-Sound in die ehemalige \u201eKurbel\u201c"}]},{"@type":"WebSite","@id":"https:\/\/distribution.audio-technica.eu\/de-de\/#website","url":"https:\/\/distribution.audio-technica.eu\/de-de\/","name":"DE Audio-Technica Distribution","description":"","potentialAction":[{"@type":"SearchAction","target":{"@type":"EntryPoint","urlTemplate":"https:\/\/distribution.audio-technica.eu\/de-de\/?s={search_term_string}"},"query-input":{"@type":"PropertyValueSpecification","valueRequired":true,"valueName":"search_term_string"}}],"inLanguage":"de"},{"@type":"Person","@id":"https:\/\/distribution.audio-technica.eu\/de-de\/#\/schema\/person\/7ebd88a9bd472fefc370a89edcc4edbf","name":"nleon","url":"https:\/\/distribution.audio-technica.eu\/de-de\/news\/author\/nleon\/"}]}},"_links":{"self":[{"href":"https:\/\/distribution.audio-technica.eu\/de-de\/wp-json\/wp\/v2\/posts\/18718","targetHints":{"allow":["GET"]}}],"collection":[{"href":"https:\/\/distribution.audio-technica.eu\/de-de\/wp-json\/wp\/v2\/posts"}],"about":[{"href":"https:\/\/distribution.audio-technica.eu\/de-de\/wp-json\/wp\/v2\/types\/post"}],"author":[{"embeddable":true,"href":"https:\/\/distribution.audio-technica.eu\/de-de\/wp-json\/wp\/v2\/users\/20"}],"replies":[{"embeddable":true,"href":"https:\/\/distribution.audio-technica.eu\/de-de\/wp-json\/wp\/v2\/comments?post=18718"}],"version-history":[{"count":1,"href":"https:\/\/distribution.audio-technica.eu\/de-de\/wp-json\/wp\/v2\/posts\/18718\/revisions"}],"predecessor-version":[{"id":18724,"href":"https:\/\/distribution.audio-technica.eu\/de-de\/wp-json\/wp\/v2\/posts\/18718\/revisions\/18724"}],"wp:featuredmedia":[{"embeddable":true,"href":"https:\/\/distribution.audio-technica.eu\/de-de\/wp-json\/wp\/v2\/media\/18719"}],"wp:attachment":[{"href":"https:\/\/distribution.audio-technica.eu\/de-de\/wp-json\/wp\/v2\/media?parent=18718"}],"wp:term":[{"taxonomy":"category","embeddable":true,"href":"https:\/\/distribution.audio-technica.eu\/de-de\/wp-json\/wp\/v2\/categories?post=18718"},{"taxonomy":"post_tag","embeddable":true,"href":"https:\/\/distribution.audio-technica.eu\/de-de\/wp-json\/wp\/v2\/tags?post=18718"}],"curies":[{"name":"wp","href":"https:\/\/api.w.org\/{rel}","templated":true}]}}