{"id":1246,"date":"2017-06-23T16:21:58","date_gmt":"2017-06-23T14:21:58","guid":{"rendered":"http:\/\/noticias.audio-technica.es\/?p=1246"},"modified":"2023-07-30T14:07:54","modified_gmt":"2023-07-30T12:07:54","slug":"mediapro-monitores-genelec-microfonos-audio-technica","status":"publish","type":"post","link":"https:\/\/distribution.audio-technica.eu\/es-es\/noticias\/mediapro-monitores-genelec-microfonos-audio-technica\/","title":{"rendered":"Mediapro utiliza monitores Genelec y micr\u00f3fonos est\u00e9reo Audio-Technica BP4029 en su nueva unidad m\u00f3vil de Ultra Alta Definici\u00f3n 4K"},"content":{"rendered":"<h2>Mediapro ha equipado su nueva unidad m\u00f3vil de Ultra Alta Definici\u00f3n 4K con sistemas de monitorizaci\u00f3n Genelec y micr\u00f3fonos est\u00e9reo BP4029 de Audio-Technica. La nueva UM, que es la m\u00e1s grande del mercado espa\u00f1ol en configuraci\u00f3n UHD y est\u00e1 pensada para la producci\u00f3n de grandes eventos.<\/h2>\n<p><a href=\"http:\/\/noticias.audio-technica.es\/wp-content\/uploads\/NdP-Genelec-AT-Mediapro2.jpeg\"><img loading=\"lazy\" decoding=\"async\" class=\"aligncenter size-full wp-image-1243\" src=\"http:\/\/noticias.audio-technica.es\/wp-content\/uploads\/NdP-Genelec-AT-Mediapro2.jpeg\" alt=\"Mediapro utiliza monitores Genelec y micr\u00f3fonos est\u00e9reo Audio-Technica BP4029\" width=\"1000\" height=\"750\" srcset=\"https:\/\/distribution.audio-technica.eu\/app\/uploads\/sites\/2\/NdP-Genelec-AT-Mediapro2.jpeg 1000w, https:\/\/distribution.audio-technica.eu\/app\/uploads\/sites\/2\/NdP-Genelec-AT-Mediapro2-300x225.jpeg 300w, https:\/\/distribution.audio-technica.eu\/app\/uploads\/sites\/2\/NdP-Genelec-AT-Mediapro2-768x576.jpeg 768w, https:\/\/distribution.audio-technica.eu\/app\/uploads\/sites\/2\/NdP-Genelec-AT-Mediapro2-200x150.jpeg 200w, https:\/\/distribution.audio-technica.eu\/app\/uploads\/sites\/2\/NdP-Genelec-AT-Mediapro2-400x300.jpeg 400w, https:\/\/distribution.audio-technica.eu\/app\/uploads\/sites\/2\/NdP-Genelec-AT-Mediapro2-600x450.jpeg 600w, https:\/\/distribution.audio-technica.eu\/app\/uploads\/sites\/2\/NdP-Genelec-AT-Mediapro2-800x600.jpeg 800w\" sizes=\"auto, (max-width: 1000px) 100vw, 1000px\" \/><\/a><\/p>\n<p>El grupo <a href=\"http:\/\/www.mediapro.es\/esp\/index.php\">Mediapro<\/a>, la \u00fanica productora europea que produce regularmente en 4K HDR, ha ampliado su flota con la puesta en funcionamiento de su tercera unidad m\u00f3vil equipada con esta tecnolog\u00eda. La unidad, una de las m\u00e1s grandes de Europa, est\u00e1 equipada para soportar una configuraci\u00f3n en 4K de 18 c\u00e1maras y 6 EVS (o 32 c\u00e1maras en HD).<\/p>\n<p>Una unidad de estas caracter\u00edsticas necesita un sistema de monitorizaci\u00f3n extremadamente preciso y fiable, a pesar de la obvia carencia en el espacio disponible, problema indiscutible en una unidad m\u00f3vil, y que afecta no solo al espacio, sino tambi\u00e9n \u2013y m\u00e1s importante- a la precisi\u00f3n de la monitorizaci\u00f3n. La soluci\u00f3n perfecta la ofrec\u00eda el uso de monitores dotados de tecnolog\u00eda SAM. Estos monitores ofrecen dos ventajas in\u00e9ditas en el mercado: la posibilidad de crear una flexible red de monitores y subgraves controlada por ordenador, que permite al usuario configurar de forma muy r\u00e1pida y f\u00e1cil cualquier tipo de sistema de monitorizaci\u00f3n, y la capacidad de controlar el comportamiento y respuesta de cada monitor para adaptarlo al entorno y las condiciones de audici\u00f3n. En concreto, se han escogido los modelos <a href=\"https:\/\/www.genelec.com\/studio-monitors\/sam-studio-monitors\/8320a-sam-studio-monitor\">8320A<\/a>, <a href=\"https:\/\/www.genelec.com\/studio-monitors\/sam-studio-monitors\/8330a-sam-studio-monitor\">8330A<\/a> y el coaxial <a href=\"https:\/\/www.genelec.com\/8351\">8351A<\/a>, complementados con un subgrave <a href=\"https:\/\/www.genelec.com\/studio-monitors\/sam-studio-subwoofers\/7350a-sam-studio-subwoofer\">7350A<\/a>.<\/p>\n<p><a href=\"http:\/\/noticias.audio-technica.es\/wp-content\/uploads\/NdP-Genelec-AT-Mediapro1.jpeg\"><img loading=\"lazy\" decoding=\"async\" class=\"aligncenter size-full wp-image-1242\" src=\"http:\/\/noticias.audio-technica.es\/wp-content\/uploads\/NdP-Genelec-AT-Mediapro1.jpeg\" alt=\"Mediapro utiliza monitores Genelec y micr\u00f3fonos est\u00e9reo Audio-Technica BP4029\" width=\"1000\" height=\"561\" srcset=\"https:\/\/distribution.audio-technica.eu\/app\/uploads\/sites\/2\/NdP-Genelec-AT-Mediapro1.jpeg 1000w, https:\/\/distribution.audio-technica.eu\/app\/uploads\/sites\/2\/NdP-Genelec-AT-Mediapro1-300x168.jpeg 300w, https:\/\/distribution.audio-technica.eu\/app\/uploads\/sites\/2\/NdP-Genelec-AT-Mediapro1-768x431.jpeg 768w, https:\/\/distribution.audio-technica.eu\/app\/uploads\/sites\/2\/NdP-Genelec-AT-Mediapro1-200x112.jpeg 200w, https:\/\/distribution.audio-technica.eu\/app\/uploads\/sites\/2\/NdP-Genelec-AT-Mediapro1-400x224.jpeg 400w, https:\/\/distribution.audio-technica.eu\/app\/uploads\/sites\/2\/NdP-Genelec-AT-Mediapro1-600x337.jpeg 600w, https:\/\/distribution.audio-technica.eu\/app\/uploads\/sites\/2\/NdP-Genelec-AT-Mediapro1-800x449.jpeg 800w\" sizes=\"auto, (max-width: 1000px) 100vw, 1000px\" \/><\/a><\/p>\n<p>El monitor de 2 v\u00edas biamplificado <a href=\"https:\/\/www.genelec.com\/studio-monitors\/sam-studio-monitors\/8320a-sam-studio-monitor\">8320A<\/a> incorpora un transductor de graves de 4\u201d, un transductor de agudos de \u00be con c\u00fapula met\u00e1lica asociado un dispositivo DCW, y sendos amplificadores de potencia para graves y agudos, ambos de 50W.<\/p>\n<p>Por su parte, el monitor <a href=\"https:\/\/www.genelec.com\/studio-monitors\/sam-studio-monitors\/8330a-sam-studio-monitor\">8330A<\/a>, tambi\u00e9n de dos v\u00edas y autoamplificado, est\u00e1 equipado con un transductor de graves de 5&#8243;, un transductor de agudos de 3\/4&#8243; con c\u00fapula met\u00e1lica, asociado a una gu\u00eda ondas DCW; tambi\u00e9n cuenta con dos amplificadores de 50 W.<\/p>\n<p>Ambos modelos ofrecen unas dimensiones compactas y cuentan con blindaje magn\u00e9tico, lo que los convierte en ideales para ser utilizados en unidades m\u00f3viles.<\/p>\n<p><a href=\"http:\/\/noticias.audio-technica.es\/wp-content\/uploads\/NdP-Genelec-AT-Mediapro4.jpeg\"><img loading=\"lazy\" decoding=\"async\" class=\"aligncenter size-full wp-image-1245\" src=\"http:\/\/noticias.audio-technica.es\/wp-content\/uploads\/NdP-Genelec-AT-Mediapro4.jpeg\" alt=\"Mediapro utiliza monitores Genelec y micr\u00f3fonos est\u00e9reo Audio-Technica BP4029\" width=\"1000\" height=\"561\" srcset=\"https:\/\/distribution.audio-technica.eu\/app\/uploads\/sites\/2\/NdP-Genelec-AT-Mediapro4.jpeg 1000w, https:\/\/distribution.audio-technica.eu\/app\/uploads\/sites\/2\/NdP-Genelec-AT-Mediapro4-300x168.jpeg 300w, https:\/\/distribution.audio-technica.eu\/app\/uploads\/sites\/2\/NdP-Genelec-AT-Mediapro4-768x431.jpeg 768w, https:\/\/distribution.audio-technica.eu\/app\/uploads\/sites\/2\/NdP-Genelec-AT-Mediapro4-200x112.jpeg 200w, https:\/\/distribution.audio-technica.eu\/app\/uploads\/sites\/2\/NdP-Genelec-AT-Mediapro4-400x224.jpeg 400w, https:\/\/distribution.audio-technica.eu\/app\/uploads\/sites\/2\/NdP-Genelec-AT-Mediapro4-600x337.jpeg 600w, https:\/\/distribution.audio-technica.eu\/app\/uploads\/sites\/2\/NdP-Genelec-AT-Mediapro4-800x449.jpeg 800w\" sizes=\"auto, (max-width: 1000px) 100vw, 1000px\" \/><\/a><\/p>\n<p>El poco convencional y compacto Monitor Activo Inteligente Ac\u00fasticamente Coaxial <a href=\"https:\/\/www.genelec.com\/8351\">8351A<\/a> es un logro revolucionario en el dise\u00f1o de monitores de tres v\u00edas. Se trata de un monitor coaxial de 3 v\u00edas triamplificado, que combina la revolucionaria tecnolog\u00eda Acoustically Concealed Woofers (ACW), exclusiva de Genelec, con otras dos innovadoras tecnolog\u00edas, tambi\u00e9n desarrolladas en exclusiva por esta firma: el transductor Minimum Diffraction Coaxial (MDC) y el gu\u00eda ondas Maximised Directivity Control Waveguide (MaxDCW), para producir una directividad controlada en un amplio ancho de banda.<\/p>\n<p>Cuenta con dos transductores de graves de 8.5&#8243;x4&#8243;, un transductor de medios de 5&#8243;, y un transductor de agudos de 3\/4&#8243; + DCW. Sus amplificadores de potencia ofrecen 150 W en graves, 120 W en medios y 90 W en agudos.<\/p>\n<p><a href=\"http:\/\/noticias.audio-technica.es\/wp-content\/uploads\/NdP-Genelec-AT-Mediapro3.jpeg\"><img loading=\"lazy\" decoding=\"async\" class=\"aligncenter size-full wp-image-1244\" src=\"http:\/\/noticias.audio-technica.es\/wp-content\/uploads\/NdP-Genelec-AT-Mediapro3.jpeg\" alt=\"Mediapro utiliza monitores Genelec y micr\u00f3fonos est\u00e9reo Audio-Technica BP4029\" width=\"1000\" height=\"561\" srcset=\"https:\/\/distribution.audio-technica.eu\/app\/uploads\/sites\/2\/NdP-Genelec-AT-Mediapro3.jpeg 1000w, https:\/\/distribution.audio-technica.eu\/app\/uploads\/sites\/2\/NdP-Genelec-AT-Mediapro3-300x168.jpeg 300w, https:\/\/distribution.audio-technica.eu\/app\/uploads\/sites\/2\/NdP-Genelec-AT-Mediapro3-768x431.jpeg 768w, https:\/\/distribution.audio-technica.eu\/app\/uploads\/sites\/2\/NdP-Genelec-AT-Mediapro3-200x112.jpeg 200w, https:\/\/distribution.audio-technica.eu\/app\/uploads\/sites\/2\/NdP-Genelec-AT-Mediapro3-400x224.jpeg 400w, https:\/\/distribution.audio-technica.eu\/app\/uploads\/sites\/2\/NdP-Genelec-AT-Mediapro3-600x337.jpeg 600w, https:\/\/distribution.audio-technica.eu\/app\/uploads\/sites\/2\/NdP-Genelec-AT-Mediapro3-800x449.jpeg 800w\" sizes=\"auto, (max-width: 1000px) 100vw, 1000px\" \/><\/a><\/p>\n<p>El subgrave <a href=\"https:\/\/www.genelec.com\/studio-monitors\/sam-studio-subwoofers\/7350a-sam-studio-subwoofer\">7350 SAM<\/a> proporciona una monitorizaci\u00f3n de precisi\u00f3n sorprendente y una gran flexibilidad en un formato extremadamente compacto. Incorpora un amplificador en clase D de 150 W, dise\u00f1ado y fabricado por Genelec, que proporciona un elevado SPL, alta fiabilidad y una distorsi\u00f3n muy baja, y un transductor de 8\u201d.<\/p>\n<p>Tambi\u00e9n se han instalado monitores anal\u00f3gicos convencionales, concretamente el peque\u00f1o monitor biamplificado <a href=\"https:\/\/www.genelec.com\/studio-monitors\/classic-studio-monitors-subwoofers\/8020d-studio-monitor\">8020D<\/a>, que ha sido dise\u00f1ado para la monitorizaci\u00f3n en entornos de dif\u00edcil audici\u00f3n, especialmente en aquellos en los que se carece de espacio. Incorpora un transductor de graves de 105 mm (4&#8243;) y un twetter de 19 mm (3\/4&#8243;) montado en la avanzada gu\u00eda ondas Directivity Controlled Waveguide (DCW) de Genelec. Para la amplificaci\u00f3n, cuenta con sendos amplificadores de 20 W.<\/p>\n<p><a href=\"http:\/\/noticias.audio-technica.es\/wp-content\/uploads\/NdP-Genelec-At-Mediapro-BP4029.jpg\"><img loading=\"lazy\" decoding=\"async\" class=\"aligncenter wp-image-1241 size-full\" src=\"http:\/\/noticias.audio-technica.es\/wp-content\/uploads\/NdP-Genelec-At-Mediapro-BP4029-e1498458634722.jpg\" alt=\"Mediapro utiliza monitores Genelec y micr\u00f3fonos est\u00e9reo Audio-Technica BP4029\" width=\"2283\" height=\"1969\" srcset=\"https:\/\/distribution.audio-technica.eu\/app\/uploads\/sites\/2\/NdP-Genelec-At-Mediapro-BP4029-e1498458634722.jpg 2283w, https:\/\/distribution.audio-technica.eu\/app\/uploads\/sites\/2\/NdP-Genelec-At-Mediapro-BP4029-e1498458634722-300x259.jpg 300w, https:\/\/distribution.audio-technica.eu\/app\/uploads\/sites\/2\/NdP-Genelec-At-Mediapro-BP4029-e1498458634722-768x662.jpg 768w, https:\/\/distribution.audio-technica.eu\/app\/uploads\/sites\/2\/NdP-Genelec-At-Mediapro-BP4029-e1498458634722-1024x883.jpg 1024w, https:\/\/distribution.audio-technica.eu\/app\/uploads\/sites\/2\/NdP-Genelec-At-Mediapro-BP4029-e1498458634722-200x172.jpg 200w, https:\/\/distribution.audio-technica.eu\/app\/uploads\/sites\/2\/NdP-Genelec-At-Mediapro-BP4029-e1498458634722-400x345.jpg 400w, https:\/\/distribution.audio-technica.eu\/app\/uploads\/sites\/2\/NdP-Genelec-At-Mediapro-BP4029-e1498458634722-600x517.jpg 600w, https:\/\/distribution.audio-technica.eu\/app\/uploads\/sites\/2\/NdP-Genelec-At-Mediapro-BP4029-e1498458634722-800x690.jpg 800w, https:\/\/distribution.audio-technica.eu\/app\/uploads\/sites\/2\/NdP-Genelec-At-Mediapro-BP4029-e1498458634722-1200x1035.jpg 1200w\" sizes=\"auto, (max-width: 2283px) 100vw, 2283px\" \/><\/a><\/p>\n<p>Mediapro tambi\u00e9n ha adquirido dos unidades del micr\u00f3fono de ca\u00f1\u00f3n est\u00e9reo Audio-Technica BP4029, que han sido utilizados por <a href=\"http:\/\/www.atresmedia.com\/\">Atresmedia<\/a> para la retransmisi\u00f3n de los dos \u00faltimos partidos disputados hasta la fecha en la Champions League. Esta ha sido la primera vez que esta cadena utiliza micr\u00f3fonos est\u00e9reo de ca\u00f1\u00f3n. Despu\u00e9s de un breve per\u00edodo de pruebas, se escogi\u00f3 el micr\u00f3fono est\u00e9reo de ca\u00f1\u00f3n <a href=\"https:\/\/eu.audio-technica.com\/BP4029?lang=es\">BP4029<\/a> de Audio-Technica. Seg\u00fan ha manifestado Gustavo Porta Casas (jefe de operaciones en Atresmedia) los resultados han sido excelentes, y a partir de ahora el uso de estos micr\u00f3fonos se convertir\u00e1 en un est\u00e1ndar para todas las operaciones en exteriores de esta cadena.<\/p>\n<p>Basado en los modelos desarrollados para ser utilizados en las retransmisiones de los Juegos de Sydney de 2000, el micr\u00f3fono est\u00e9reo tipo ca\u00f1\u00f3n BP4029 (235,9 mm de longitud) ha sido dise\u00f1ado para ser utilizado en broadcast y producci\u00f3n de alto nivel. Incorpora elementos l\u00ednea-cardioide y figura en 8 independientes configurados en una distribuci\u00f3n MS (Mid-Side) con matrizado interno seleccionable por medio de un conmutador. Este innovador micr\u00f3fono permite que el usuario pueda seleccionar entre una salida est\u00e9reo izquierda\/derecha (estrecha o amplia) a trav\u00e9s del sistema interno de matrizado del micr\u00f3fono, o seleccionar se\u00f1ales discretas Mid-Side para su posterior manipulaci\u00f3n, una flexibilidad que no ofrece ning\u00fan otro fabricante. Un filtro conmutable de supresi\u00f3n de graves ayuda a minimizar la captaci\u00f3n de ruido de baja frecuencia no deseado. Alimentado por medio de phantom, este modelo presenta un robusto pero ligero dise\u00f1o, y un elegante acabado en negro, perfecto para su uso en c\u00e1maras.<\/p>\n<p>&nbsp;<\/p>\n<p>Para m\u00e1s informaci\u00f3n sobre los monitores de Genelec, <a href=\"https:\/\/www.genelec.com\/studio-monitors\">https:\/\/www.genelec.com\/studio-monitors<\/a><\/p>\n<p><a href=\"https:\/\/eu.audio-technica.com\/microphones?lang-es\">M\u00e1s informaci\u00f3n sobre los micr\u00f3fonos de Audio-Technica<\/a><\/p>\n<p>Genelec y Audio-Technica es distribuido en Espa\u00f1a por\u00a0<a href=\"https:\/\/eu.audio-technica.com\/brands\/genelec?lang=es\">Audio-Technica Iberia<\/a><\/p>\n<p><strong><em>\u00a0<\/em><\/strong><\/p>\n<p><strong><em>Sobre Genelec<\/em><\/strong><\/p>\n<p><em>Desde la fundaci\u00f3n de Genelec en 1978, los monitores de audio profesional han sido su n\u00facleo principal de negocio. Un compromiso sin igual con la investigaci\u00f3n y el desarrollo han dado como fruto referencias de primer orden en el audio, consiguiendo posicionar en su industria a Genelec como el l\u00edder en monitores activos. Despu\u00e9s de m\u00e1s de 35 a\u00f1os, los productos de Genelec permanecen fieles a la filosof\u00eda original, ofreciendo confiabilidad, reproducci\u00f3n neutral de sonido con independencia de su tama\u00f1o y la capacidad de adaptarse a las condiciones ac\u00fasticas del entorno de escucha. Los clientes de Genelec reciben un soporte primordial sobre el terreno, desde la asesor\u00eda ac\u00fastica y la calibraci\u00f3n de los sistemas, al servicio t\u00e9cnico y la larga vida \u00fatil del producto. Adquirir un producto de Genelec es una inversi\u00f3n segura a largo plazo en soluciones de monitoreo de audio confiables y de excelente desempe\u00f1o<\/em>.<\/p>\n<p>&nbsp;<\/p>\n<p><strong><em>Sobre <\/em><\/strong><strong><em>Audio-Technica<\/em><\/strong><\/p>\n<p><em>Con m\u00e1s de 50 a\u00f1os de excelencia en el sector del audio, Audio-Technica es un reconocido l\u00edder innovador en la tecnolog\u00eda de transductores, en el dise\u00f1o y fabricaci\u00f3n de micr\u00f3fonos, micr\u00f3fonos inal\u00e1mbricos, auriculares, mezcladores y electr\u00f3nica para la industria del audio. Entre los usuarios de micr\u00f3fonos y auriculares Audio-Technica se incluyen Metallica, Gwen Stefani, Linkin Park, Rudimental, Faithless, Pendulum, Royal Blood, James Bay, Enter Shikari, You Me At Six y Deaf Havana.<\/em><\/p>\n","protected":false},"excerpt":{"rendered":"<p>Mediapro ha equipado su nueva unidad m\u00f3vil de Ultra Alta Definici\u00f3n 4K con sistemas de monitorizaci\u00f3n Genelec y micr\u00f3fonos est\u00e9reo BP4029 de Audio-Technica. La nueva UM, que es la m\u00e1s grande del mercado espa\u00f1ol en configuraci\u00f3n UHD y est\u00e1 pensada para la producci\u00f3n de grandes eventos. El grupo Mediapro, la \u00fanica productora europea que produce [&hellip;]<\/p>\n","protected":false},"author":1,"featured_media":6739,"comment_status":"closed","ping_status":"closed","sticky":false,"template":"","format":"standard","meta":{"_acf_changed":false,"footnotes":""},"categories":[2460],"tags":[1775,1776,1777,1566,1567,1778],"class_list":["post-1246","post","type-post","status-publish","format-standard","has-post-thumbnail","hentry","category-instalaciones","tag-atresmedia","tag-bp4029","tag-mediapro","tag-monitores","tag-sam","tag-unidad-movil"],"acf":[],"yoast_head":"<!-- This site is optimized with the Yoast SEO plugin v27.1.1 - https:\/\/yoast.com\/product\/yoast-seo-wordpress\/ -->\n<title>Mediapro utiliza monitores Genelec y micr\u00f3fonos est\u00e9reo Audio-Technica BP4029 en su nueva unidad m\u00f3vil de Ultra Alta Definici\u00f3n 4K - Audio-Technica Iberia<\/title>\n<meta name=\"robots\" content=\"index, follow, max-snippet:-1, max-image-preview:large, max-video-preview:-1\" \/>\n<link rel=\"canonical\" href=\"https:\/\/distribution.audio-technica.eu\/es-es\/noticias\/mediapro-monitores-genelec-microfonos-audio-technica\/\" \/>\n<meta property=\"og:locale\" content=\"es_ES\" \/>\n<meta property=\"og:type\" content=\"article\" \/>\n<meta property=\"og:title\" content=\"Mediapro utiliza monitores Genelec y micr\u00f3fonos est\u00e9reo Audio-Technica BP4029 en su nueva unidad m\u00f3vil de Ultra Alta Definici\u00f3n 4K - Audio-Technica Iberia\" \/>\n<meta property=\"og:description\" content=\"Mediapro ha equipado su nueva unidad m\u00f3vil de Ultra Alta Definici\u00f3n 4K con sistemas de monitorizaci\u00f3n Genelec y micr\u00f3fonos est\u00e9reo BP4029 de Audio-Technica. La nueva UM, que es la m\u00e1s grande del mercado espa\u00f1ol en configuraci\u00f3n UHD y est\u00e1 pensada para la producci\u00f3n de grandes eventos. El grupo Mediapro, la \u00fanica productora europea que produce [&hellip;]\" \/>\n<meta property=\"og:url\" content=\"https:\/\/distribution.audio-technica.eu\/es-es\/noticias\/mediapro-monitores-genelec-microfonos-audio-technica\/\" \/>\n<meta property=\"og:site_name\" content=\"Audio-Technica Iberia\" \/>\n<meta property=\"article:published_time\" content=\"2017-06-23T14:21:58+00:00\" \/>\n<meta property=\"article:modified_time\" content=\"2023-07-30T12:07:54+00:00\" \/>\n<meta property=\"og:image\" content=\"https:\/\/distribution.audio-technica.eu\/app\/uploads\/sites\/2\/NdP-Genelec-AT-Mediapro-banner.jpeg\" \/>\n\t<meta property=\"og:image:width\" content=\"640\" \/>\n\t<meta property=\"og:image:height\" content=\"360\" \/>\n\t<meta property=\"og:image:type\" content=\"image\/jpeg\" \/>\n<meta name=\"author\" content=\"Audio-Technica\" \/>\n<meta name=\"twitter:card\" content=\"summary_large_image\" \/>\n<meta name=\"twitter:label1\" content=\"Escrito por\" \/>\n\t<meta name=\"twitter:data1\" content=\"Audio-Technica\" \/>\n\t<meta name=\"twitter:label2\" content=\"Tiempo de lectura\" \/>\n\t<meta name=\"twitter:data2\" content=\"6 minutos\" \/>\n<script type=\"application\/ld+json\" class=\"yoast-schema-graph\">{\"@context\":\"https:\/\/schema.org\",\"@graph\":[{\"@type\":\"Article\",\"@id\":\"https:\/\/distribution.audio-technica.eu\/es-es\/noticias\/mediapro-monitores-genelec-microfonos-audio-technica\/#article\",\"isPartOf\":{\"@id\":\"https:\/\/distribution.audio-technica.eu\/es-es\/noticias\/mediapro-monitores-genelec-microfonos-audio-technica\/\"},\"author\":{\"name\":\"Audio-Technica\",\"@id\":\"https:\/\/distribution.audio-technica.eu\/es-es\/#\/schema\/person\/e8e715e047e33cc425e816f59cbd9b80\"},\"headline\":\"Mediapro utiliza monitores Genelec y micr\u00f3fonos est\u00e9reo Audio-Technica BP4029 en su nueva unidad m\u00f3vil de Ultra Alta Definici\u00f3n 4K\",\"datePublished\":\"2017-06-23T14:21:58+00:00\",\"dateModified\":\"2023-07-30T12:07:54+00:00\",\"mainEntityOfPage\":{\"@id\":\"https:\/\/distribution.audio-technica.eu\/es-es\/noticias\/mediapro-monitores-genelec-microfonos-audio-technica\/\"},\"wordCount\":1234,\"image\":{\"@id\":\"https:\/\/distribution.audio-technica.eu\/es-es\/noticias\/mediapro-monitores-genelec-microfonos-audio-technica\/#primaryimage\"},\"thumbnailUrl\":\"\/app\/uploads\/sites\/2\/NdP-Genelec-AT-Mediapro-banner.jpeg\",\"keywords\":[\"atresmedia\",\"bp4029\",\"mediapro\",\"MONITORES\",\"SAM\",\"unidad movil\"],\"articleSection\":[\"Instalaciones\"],\"inLanguage\":\"es\"},{\"@type\":\"WebPage\",\"@id\":\"https:\/\/distribution.audio-technica.eu\/es-es\/noticias\/mediapro-monitores-genelec-microfonos-audio-technica\/\",\"url\":\"https:\/\/distribution.audio-technica.eu\/es-es\/noticias\/mediapro-monitores-genelec-microfonos-audio-technica\/\",\"name\":\"Mediapro utiliza monitores Genelec y micr\u00f3fonos est\u00e9reo Audio-Technica BP4029 en su nueva unidad m\u00f3vil de Ultra Alta Definici\u00f3n 4K - Audio-Technica Iberia\",\"isPartOf\":{\"@id\":\"https:\/\/distribution.audio-technica.eu\/es-es\/#website\"},\"primaryImageOfPage\":{\"@id\":\"https:\/\/distribution.audio-technica.eu\/es-es\/noticias\/mediapro-monitores-genelec-microfonos-audio-technica\/#primaryimage\"},\"image\":{\"@id\":\"https:\/\/distribution.audio-technica.eu\/es-es\/noticias\/mediapro-monitores-genelec-microfonos-audio-technica\/#primaryimage\"},\"thumbnailUrl\":\"\/app\/uploads\/sites\/2\/NdP-Genelec-AT-Mediapro-banner.jpeg\",\"datePublished\":\"2017-06-23T14:21:58+00:00\",\"dateModified\":\"2023-07-30T12:07:54+00:00\",\"author\":{\"@id\":\"https:\/\/distribution.audio-technica.eu\/es-es\/#\/schema\/person\/e8e715e047e33cc425e816f59cbd9b80\"},\"breadcrumb\":{\"@id\":\"https:\/\/distribution.audio-technica.eu\/es-es\/noticias\/mediapro-monitores-genelec-microfonos-audio-technica\/#breadcrumb\"},\"inLanguage\":\"es\",\"potentialAction\":[{\"@type\":\"ReadAction\",\"target\":[\"https:\/\/distribution.audio-technica.eu\/es-es\/noticias\/mediapro-monitores-genelec-microfonos-audio-technica\/\"]}]},{\"@type\":\"ImageObject\",\"inLanguage\":\"es\",\"@id\":\"https:\/\/distribution.audio-technica.eu\/es-es\/noticias\/mediapro-monitores-genelec-microfonos-audio-technica\/#primaryimage\",\"url\":\"\/app\/uploads\/sites\/2\/NdP-Genelec-AT-Mediapro-banner.jpeg\",\"contentUrl\":\"\/app\/uploads\/sites\/2\/NdP-Genelec-AT-Mediapro-banner.jpeg\",\"width\":640,\"height\":360,\"caption\":\"Mediapro utiliza monitores Genelec y micr\u00f3fonos est\u00e9reo Audio-Technica BP4029\"},{\"@type\":\"BreadcrumbList\",\"@id\":\"https:\/\/distribution.audio-technica.eu\/es-es\/noticias\/mediapro-monitores-genelec-microfonos-audio-technica\/#breadcrumb\",\"itemListElement\":[{\"@type\":\"ListItem\",\"position\":1,\"name\":\"Products\",\"item\":\"https:\/\/distribution.audio-technica.eu\/es-es\/\"},{\"@type\":\"ListItem\",\"position\":2,\"name\":\"Mediapro utiliza monitores Genelec y micr\u00f3fonos est\u00e9reo Audio-Technica BP4029 en su nueva unidad m\u00f3vil de Ultra Alta Definici\u00f3n 4K\"}]},{\"@type\":\"WebSite\",\"@id\":\"https:\/\/distribution.audio-technica.eu\/es-es\/#website\",\"url\":\"https:\/\/distribution.audio-technica.eu\/es-es\/\",\"name\":\"Audio-Technica Iberia\",\"description\":\"Distribuci\u00f3n\",\"potentialAction\":[{\"@type\":\"SearchAction\",\"target\":{\"@type\":\"EntryPoint\",\"urlTemplate\":\"https:\/\/distribution.audio-technica.eu\/es-es\/?s={search_term_string}\"},\"query-input\":{\"@type\":\"PropertyValueSpecification\",\"valueRequired\":true,\"valueName\":\"search_term_string\"}}],\"inLanguage\":\"es\"},{\"@type\":\"Person\",\"@id\":\"https:\/\/distribution.audio-technica.eu\/es-es\/#\/schema\/person\/e8e715e047e33cc425e816f59cbd9b80\",\"name\":\"Audio-Technica\"}]}<\/script>\n<!-- \/ Yoast SEO plugin. -->","yoast_head_json":{"title":"Mediapro utiliza monitores Genelec y micr\u00f3fonos est\u00e9reo Audio-Technica BP4029 en su nueva unidad m\u00f3vil de Ultra Alta Definici\u00f3n 4K - Audio-Technica Iberia","robots":{"index":"index","follow":"follow","max-snippet":"max-snippet:-1","max-image-preview":"max-image-preview:large","max-video-preview":"max-video-preview:-1"},"canonical":"https:\/\/distribution.audio-technica.eu\/es-es\/noticias\/mediapro-monitores-genelec-microfonos-audio-technica\/","og_locale":"es_ES","og_type":"article","og_title":"Mediapro utiliza monitores Genelec y micr\u00f3fonos est\u00e9reo Audio-Technica BP4029 en su nueva unidad m\u00f3vil de Ultra Alta Definici\u00f3n 4K - Audio-Technica Iberia","og_description":"Mediapro ha equipado su nueva unidad m\u00f3vil de Ultra Alta Definici\u00f3n 4K con sistemas de monitorizaci\u00f3n Genelec y micr\u00f3fonos est\u00e9reo BP4029 de Audio-Technica. La nueva UM, que es la m\u00e1s grande del mercado espa\u00f1ol en configuraci\u00f3n UHD y est\u00e1 pensada para la producci\u00f3n de grandes eventos. El grupo Mediapro, la \u00fanica productora europea que produce [&hellip;]","og_url":"https:\/\/distribution.audio-technica.eu\/es-es\/noticias\/mediapro-monitores-genelec-microfonos-audio-technica\/","og_site_name":"Audio-Technica Iberia","article_published_time":"2017-06-23T14:21:58+00:00","article_modified_time":"2023-07-30T12:07:54+00:00","og_image":[{"width":640,"height":360,"url":"https:\/\/distribution.audio-technica.eu\/app\/uploads\/sites\/2\/NdP-Genelec-AT-Mediapro-banner.jpeg","type":"image\/jpeg"}],"author":"Audio-Technica","twitter_card":"summary_large_image","twitter_misc":{"Escrito por":"Audio-Technica","Tiempo de lectura":"6 minutos"},"schema":{"@context":"https:\/\/schema.org","@graph":[{"@type":"Article","@id":"https:\/\/distribution.audio-technica.eu\/es-es\/noticias\/mediapro-monitores-genelec-microfonos-audio-technica\/#article","isPartOf":{"@id":"https:\/\/distribution.audio-technica.eu\/es-es\/noticias\/mediapro-monitores-genelec-microfonos-audio-technica\/"},"author":{"name":"Audio-Technica","@id":"https:\/\/distribution.audio-technica.eu\/es-es\/#\/schema\/person\/e8e715e047e33cc425e816f59cbd9b80"},"headline":"Mediapro utiliza monitores Genelec y micr\u00f3fonos est\u00e9reo Audio-Technica BP4029 en su nueva unidad m\u00f3vil de Ultra Alta Definici\u00f3n 4K","datePublished":"2017-06-23T14:21:58+00:00","dateModified":"2023-07-30T12:07:54+00:00","mainEntityOfPage":{"@id":"https:\/\/distribution.audio-technica.eu\/es-es\/noticias\/mediapro-monitores-genelec-microfonos-audio-technica\/"},"wordCount":1234,"image":{"@id":"https:\/\/distribution.audio-technica.eu\/es-es\/noticias\/mediapro-monitores-genelec-microfonos-audio-technica\/#primaryimage"},"thumbnailUrl":"\/app\/uploads\/sites\/2\/NdP-Genelec-AT-Mediapro-banner.jpeg","keywords":["atresmedia","bp4029","mediapro","MONITORES","SAM","unidad movil"],"articleSection":["Instalaciones"],"inLanguage":"es"},{"@type":"WebPage","@id":"https:\/\/distribution.audio-technica.eu\/es-es\/noticias\/mediapro-monitores-genelec-microfonos-audio-technica\/","url":"https:\/\/distribution.audio-technica.eu\/es-es\/noticias\/mediapro-monitores-genelec-microfonos-audio-technica\/","name":"Mediapro utiliza monitores Genelec y micr\u00f3fonos est\u00e9reo Audio-Technica BP4029 en su nueva unidad m\u00f3vil de Ultra Alta Definici\u00f3n 4K - Audio-Technica Iberia","isPartOf":{"@id":"https:\/\/distribution.audio-technica.eu\/es-es\/#website"},"primaryImageOfPage":{"@id":"https:\/\/distribution.audio-technica.eu\/es-es\/noticias\/mediapro-monitores-genelec-microfonos-audio-technica\/#primaryimage"},"image":{"@id":"https:\/\/distribution.audio-technica.eu\/es-es\/noticias\/mediapro-monitores-genelec-microfonos-audio-technica\/#primaryimage"},"thumbnailUrl":"\/app\/uploads\/sites\/2\/NdP-Genelec-AT-Mediapro-banner.jpeg","datePublished":"2017-06-23T14:21:58+00:00","dateModified":"2023-07-30T12:07:54+00:00","author":{"@id":"https:\/\/distribution.audio-technica.eu\/es-es\/#\/schema\/person\/e8e715e047e33cc425e816f59cbd9b80"},"breadcrumb":{"@id":"https:\/\/distribution.audio-technica.eu\/es-es\/noticias\/mediapro-monitores-genelec-microfonos-audio-technica\/#breadcrumb"},"inLanguage":"es","potentialAction":[{"@type":"ReadAction","target":["https:\/\/distribution.audio-technica.eu\/es-es\/noticias\/mediapro-monitores-genelec-microfonos-audio-technica\/"]}]},{"@type":"ImageObject","inLanguage":"es","@id":"https:\/\/distribution.audio-technica.eu\/es-es\/noticias\/mediapro-monitores-genelec-microfonos-audio-technica\/#primaryimage","url":"\/app\/uploads\/sites\/2\/NdP-Genelec-AT-Mediapro-banner.jpeg","contentUrl":"\/app\/uploads\/sites\/2\/NdP-Genelec-AT-Mediapro-banner.jpeg","width":640,"height":360,"caption":"Mediapro utiliza monitores Genelec y micr\u00f3fonos est\u00e9reo Audio-Technica BP4029"},{"@type":"BreadcrumbList","@id":"https:\/\/distribution.audio-technica.eu\/es-es\/noticias\/mediapro-monitores-genelec-microfonos-audio-technica\/#breadcrumb","itemListElement":[{"@type":"ListItem","position":1,"name":"Products","item":"https:\/\/distribution.audio-technica.eu\/es-es\/"},{"@type":"ListItem","position":2,"name":"Mediapro utiliza monitores Genelec y micr\u00f3fonos est\u00e9reo Audio-Technica BP4029 en su nueva unidad m\u00f3vil de Ultra Alta Definici\u00f3n 4K"}]},{"@type":"WebSite","@id":"https:\/\/distribution.audio-technica.eu\/es-es\/#website","url":"https:\/\/distribution.audio-technica.eu\/es-es\/","name":"Audio-Technica Iberia","description":"Distribuci\u00f3n","potentialAction":[{"@type":"SearchAction","target":{"@type":"EntryPoint","urlTemplate":"https:\/\/distribution.audio-technica.eu\/es-es\/?s={search_term_string}"},"query-input":{"@type":"PropertyValueSpecification","valueRequired":true,"valueName":"search_term_string"}}],"inLanguage":"es"},{"@type":"Person","@id":"https:\/\/distribution.audio-technica.eu\/es-es\/#\/schema\/person\/e8e715e047e33cc425e816f59cbd9b80","name":"Audio-Technica"}]}},"_links":{"self":[{"href":"https:\/\/distribution.audio-technica.eu\/es-es\/wp-json\/wp\/v2\/posts\/1246","targetHints":{"allow":["GET"]}}],"collection":[{"href":"https:\/\/distribution.audio-technica.eu\/es-es\/wp-json\/wp\/v2\/posts"}],"about":[{"href":"https:\/\/distribution.audio-technica.eu\/es-es\/wp-json\/wp\/v2\/types\/post"}],"author":[{"embeddable":true,"href":"https:\/\/distribution.audio-technica.eu\/es-es\/wp-json\/wp\/v2\/users\/1"}],"replies":[{"embeddable":true,"href":"https:\/\/distribution.audio-technica.eu\/es-es\/wp-json\/wp\/v2\/comments?post=1246"}],"version-history":[{"count":1,"href":"https:\/\/distribution.audio-technica.eu\/es-es\/wp-json\/wp\/v2\/posts\/1246\/revisions"}],"predecessor-version":[{"id":27170,"href":"https:\/\/distribution.audio-technica.eu\/es-es\/wp-json\/wp\/v2\/posts\/1246\/revisions\/27170"}],"wp:featuredmedia":[{"embeddable":true,"href":"https:\/\/distribution.audio-technica.eu\/es-es\/wp-json\/wp\/v2\/media\/6739"}],"wp:attachment":[{"href":"https:\/\/distribution.audio-technica.eu\/es-es\/wp-json\/wp\/v2\/media?parent=1246"}],"wp:term":[{"taxonomy":"category","embeddable":true,"href":"https:\/\/distribution.audio-technica.eu\/es-es\/wp-json\/wp\/v2\/categories?post=1246"},{"taxonomy":"post_tag","embeddable":true,"href":"https:\/\/distribution.audio-technica.eu\/es-es\/wp-json\/wp\/v2\/tags?post=1246"}],"curies":[{"name":"wp","href":"https:\/\/api.w.org\/{rel}","templated":true}]}}