{"id":14133,"date":"2018-07-23T18:01:05","date_gmt":"2018-07-23T16:01:05","guid":{"rendered":"https:\/\/atdb-production.studiograft.dev\/es\/?p=14133"},"modified":"2023-07-31T10:59:12","modified_gmt":"2023-07-31T08:59:12","slug":"allen-heath-patrocina-dos-escenarios-festival-mad-cool-2018","status":"publish","type":"post","link":"https:\/\/distribution.audio-technica.eu\/es-es\/noticias\/allen-heath-patrocina-dos-escenarios-festival-mad-cool-2018\/","title":{"rendered":"Allen &amp; Heath patrocina dos escenarios en el festival Mad Cool 2018"},"content":{"rendered":"<h2>A trav\u00e9s de su distribuidor exclusivo en Espa\u00f1a, Audio-Technica Iberia, Allen &amp; Heath patrocin\u00f3 el festival Mad Cool 2018 con la presencia de varios sistemas Allen &amp; Heath dLive distribuidos en dos escenarios: The Loop, dedicado principalmente a la m\u00fasica electr\u00f3nica, y Madrid te abraza, una de los escenarios principales.<\/h2>\n<h2><a href=\"http:\/\/noticias.audio-technica.es\/wp-content\/uploads\/NdP-AH-dLive-MadCool-2018-The-Loop-2.jpg\"><img loading=\"lazy\" decoding=\"async\" class=\"alignnone wp-image-14137 size-full\" src=\"\/es\/wp-content\/uploads\/sites\/2\/NdP-AH-dLive-MadCool-2018-The-Loop-2.jpg\" alt=\"\" width=\"1500\" height=\"844\" srcset=\"https:\/\/distribution.audio-technica.eu\/app\/uploads\/sites\/2\/NdP-AH-dLive-MadCool-2018-The-Loop-2.jpg 1500w, https:\/\/distribution.audio-technica.eu\/app\/uploads\/sites\/2\/NdP-AH-dLive-MadCool-2018-The-Loop-2-300x169.jpg 300w, https:\/\/distribution.audio-technica.eu\/app\/uploads\/sites\/2\/NdP-AH-dLive-MadCool-2018-The-Loop-2-768x432.jpg 768w, https:\/\/distribution.audio-technica.eu\/app\/uploads\/sites\/2\/NdP-AH-dLive-MadCool-2018-The-Loop-2-1024x576.jpg 1024w, https:\/\/distribution.audio-technica.eu\/app\/uploads\/sites\/2\/NdP-AH-dLive-MadCool-2018-The-Loop-2-200x113.jpg 200w, https:\/\/distribution.audio-technica.eu\/app\/uploads\/sites\/2\/NdP-AH-dLive-MadCool-2018-The-Loop-2-400x225.jpg 400w, https:\/\/distribution.audio-technica.eu\/app\/uploads\/sites\/2\/NdP-AH-dLive-MadCool-2018-The-Loop-2-600x338.jpg 600w, https:\/\/distribution.audio-technica.eu\/app\/uploads\/sites\/2\/NdP-AH-dLive-MadCool-2018-The-Loop-2-800x450.jpg 800w, https:\/\/distribution.audio-technica.eu\/app\/uploads\/sites\/2\/NdP-AH-dLive-MadCool-2018-The-Loop-2-1200x675.jpg 1200w\" sizes=\"auto, (max-width: 1500px) 100vw, 1500px\" \/><\/a><\/h2>\n<p>El gigante PRG estuvo a cargo de la producci\u00f3n t\u00e9cnica para estos y la mayor\u00eda de los escenarios del Mad Cool 2018, que inclu\u00edan estructuras, rigging, audiovisuales, iluminaci\u00f3n y audio. Audio-Technica Iberia y Allen &amp; Heath tuvieron una estrecha e intensa cooperaci\u00f3n con PRG, y el personal de ambas empresas di\u00f3 apoyo local desde los d\u00edas previos hasta el final de los eventos. El festival tuvo lugar en Madrid los d\u00edas 12, 13 y 14 de julio.<\/p>\n<h4><strong>El escenario The Loop<\/strong><\/h4>\n<p>La idea original consisti\u00f3 en esponsorizar el escenario The Loop, por donde actuaron muchos artistas internacionales, incluyendo a Paul Kalkbrenner, Richie Hawtin y Sofi-Tukker, entre muchos otros. El equipamiento para este escenario fue una dLive S7000 + DM64 en FOH y una dLive S3000 + DM64 en monitores, lo que permiti\u00f3 a los t\u00e9cnicos de sonido internacionales y nacionales familiarizarse con dLive durante tres d\u00edas.<\/p>\n<p>Adem\u00e1s, en el backstage del escenario The Loop, se organiz\u00f3 un Allen &amp; Heath dLive Boot Camp con dos sistemas consistentes en una C2500 + CDM32 y una C1500 + CDM32. La idea de hacer un Boot Camp con estas consolas fue que los ingenieros (PRG y visitantes) tuvieran un equipo compacto para ellos donde pudieran preparar sus sesiones y mostrarles tambi\u00e9n que los sistemas dLive C-Class son totalmente compatibles con dLive S-Class.<\/p>\n<h4><strong>El escenario Madrid te abraza<\/strong><\/h4>\n<p>En este gran escenario tambi\u00e9n hab\u00eda un sistema para monitores que inclu\u00eda una dLive S5000 + DM64. La parte inesperada de este escenario fue que la banda estadounidense At The Drive In en realidad quer\u00eda un sistema dLive para monitores y un segundo sistema para FOH. Afortunadamente, los equipos de Audio-Technica y A &amp; H ten\u00edan el recurso cercano del Boot Camp, que se desmantel\u00f3 parcialmente durante algunas horas para satisfacer las necesidades de At The Drive In. Un sistema compuesto por C1500 + CDM32 se llev\u00f3 al escenario Madrid te abraza, junto con dos tarjetas GigaAce que se utilizaron para llevar a este sistema un split digital del sistema S5000 + DM64. Los ingenieros de PRG y At The Drive In estaban muy contentos, ya que esta soluci\u00f3n casi improvisada estaba en funcionamiento al cabo de 10 minutos.<\/p>\n<p>[fusion_fusionslider name=\u00bbmad-cool-slider\u00bb hide_on_mobile=\u00bbsmall-visibility,medium-visibility,large-visibility\u00bb class=\u00bb\u00bb id=\u00bb\u00bb][\/fusion_fusionslider]<\/p>\n<h4><strong>Conclusi\u00f3n<\/strong><\/h4>\n<p>Durante tres d\u00edas, Madrid fue el centro del mundo, musicalmente hablando. Mad Cool recibi\u00f3 este a\u00f1o artistas como Pearl Jam, Depeche Mode, Queens of Stone Age, Arctic Monkeys, Franz Ferdinand y Richie Hawtin, entre muchos otros. Varias decenas de t\u00e9cnicos de sonido e ingenieros pasaron por all\u00ed, y muchas caras cambiaron una vez que supieron sobre las capacidades y la flexibilidad de los sistemas de mezcla y enrutamiento Allen &amp; Heath dLive. La calidad y la velocidad del apoyo provisto tanto por la marca como por el distribuidor tambi\u00e9n fueron elogiados.<\/p>\n<p>El apoyo local a Mad Cool fue dado por Leon Phillips por parte de Allen &amp; Heath, mientras que Alex Blanco y Gabriel Albornoz apoyaron el evento desde Audio-Technica Iberia.<\/p>\n<p>M\u00e1s informaci\u00f3n sobre dLive en:<\/p>\n<p><a href=\"https:\/\/www.allen-heath.com\/dlive-home\/\" target=\"_blank\" rel=\"noopener\">https:\/\/www.allen-heath.com\/dlive-home\/<\/a><\/p>\n<p>Allen &amp; Heath es distribuido en Espa\u00f1a por<a href=\"https:\/\/eu.audio-technica.com\/brands\/allenheath\/ah-por-series?lang=es\" target=\"_blank\" rel=\"noopener\">\u00a0Audio-Technica Iberia<\/a><\/p>\n<p><strong><em>Acerca de Allen &amp; Heath<\/em><\/strong><\/p>\n<p>Fundada hace m\u00e1s de 45 a\u00f1os, Allen &amp; Heath dise\u00f1a y fabrica consolas de mezcla para audio profesional para una clientela internacional dedicada a los mercados de sonorizaci\u00f3n en directo, instalaci\u00f3n de sistemas y clubs nocturnos.<\/p>\n","protected":false},"excerpt":{"rendered":"<p>A trav\u00e9s de su distribuidor exclusivo en Espa\u00f1a, Audio-Technica Iberia, Allen &amp; Heath patrocin\u00f3 el festival Mad Cool 2018 con la presencia de varios sistemas Allen &amp; Heath dLive distribuidos en dos escenarios: The Loop, dedicado principalmente a la m\u00fasica electr\u00f3nica, y Madrid te abraza, una de los escenarios principales. El gigante PRG estuvo a [&hellip;]<\/p>\n","protected":false},"author":3,"featured_media":14143,"comment_status":"closed","ping_status":"closed","sticky":false,"template":"","format":"standard","meta":{"_acf_changed":false,"footnotes":""},"categories":[1821,2458],"tags":[1587],"class_list":["post-14133","post","type-post","status-publish","format-standard","has-post-thumbnail","hentry","category-artistas","category-eventos","tag-dlive"],"acf":[],"yoast_head":"<!-- This site is optimized with the Yoast SEO plugin v27.1.1 - https:\/\/yoast.com\/product\/yoast-seo-wordpress\/ -->\n<title>Allen &amp; Heath patrocina dos escenarios en el festival Mad Cool 2018 - Audio-Technica Iberia<\/title>\n<meta name=\"robots\" content=\"index, follow, max-snippet:-1, max-image-preview:large, max-video-preview:-1\" \/>\n<link rel=\"canonical\" href=\"https:\/\/distribution.audio-technica.eu\/es-es\/noticias\/allen-heath-patrocina-dos-escenarios-festival-mad-cool-2018\/\" \/>\n<meta property=\"og:locale\" content=\"es_ES\" \/>\n<meta property=\"og:type\" content=\"article\" \/>\n<meta property=\"og:title\" content=\"Allen &amp; Heath patrocina dos escenarios en el festival Mad Cool 2018 - Audio-Technica Iberia\" \/>\n<meta property=\"og:description\" content=\"A trav\u00e9s de su distribuidor exclusivo en Espa\u00f1a, Audio-Technica Iberia, Allen &amp; Heath patrocin\u00f3 el festival Mad Cool 2018 con la presencia de varios sistemas Allen &amp; Heath dLive distribuidos en dos escenarios: The Loop, dedicado principalmente a la m\u00fasica electr\u00f3nica, y Madrid te abraza, una de los escenarios principales. El gigante PRG estuvo a [&hellip;]\" \/>\n<meta property=\"og:url\" content=\"https:\/\/distribution.audio-technica.eu\/es-es\/noticias\/allen-heath-patrocina-dos-escenarios-festival-mad-cool-2018\/\" \/>\n<meta property=\"og:site_name\" content=\"Audio-Technica Iberia\" \/>\n<meta property=\"article:published_time\" content=\"2018-07-23T16:01:05+00:00\" \/>\n<meta property=\"article:modified_time\" content=\"2023-07-31T08:59:12+00:00\" \/>\n<meta property=\"og:image\" content=\"https:\/\/distribution.audio-technica.eu\/app\/uploads\/sites\/2\/NdP-AH-dLive-MadCool-2018-Banner.jpg\" \/>\n\t<meta property=\"og:image:width\" content=\"640\" \/>\n\t<meta property=\"og:image:height\" content=\"360\" \/>\n\t<meta property=\"og:image:type\" content=\"image\/jpeg\" \/>\n<meta name=\"author\" content=\"ncastano\" \/>\n<meta name=\"twitter:card\" content=\"summary_large_image\" \/>\n<meta name=\"twitter:label1\" content=\"Escrito por\" \/>\n\t<meta name=\"twitter:data1\" content=\"ncastano\" \/>\n\t<meta name=\"twitter:label2\" content=\"Tiempo de lectura\" \/>\n\t<meta name=\"twitter:data2\" content=\"3 minutos\" \/>\n<script type=\"application\/ld+json\" class=\"yoast-schema-graph\">{\"@context\":\"https:\/\/schema.org\",\"@graph\":[{\"@type\":\"Article\",\"@id\":\"https:\/\/distribution.audio-technica.eu\/es-es\/noticias\/allen-heath-patrocina-dos-escenarios-festival-mad-cool-2018\/#article\",\"isPartOf\":{\"@id\":\"https:\/\/distribution.audio-technica.eu\/es-es\/noticias\/allen-heath-patrocina-dos-escenarios-festival-mad-cool-2018\/\"},\"author\":{\"name\":\"ncastano\",\"@id\":\"https:\/\/distribution.audio-technica.eu\/es-es\/#\/schema\/person\/a04f79c3d9918bbe5ecebe751bec9122\"},\"headline\":\"Allen &amp; Heath patrocina dos escenarios en el festival Mad Cool 2018\",\"datePublished\":\"2018-07-23T16:01:05+00:00\",\"dateModified\":\"2023-07-31T08:59:12+00:00\",\"mainEntityOfPage\":{\"@id\":\"https:\/\/distribution.audio-technica.eu\/es-es\/noticias\/allen-heath-patrocina-dos-escenarios-festival-mad-cool-2018\/\"},\"wordCount\":642,\"image\":{\"@id\":\"https:\/\/distribution.audio-technica.eu\/es-es\/noticias\/allen-heath-patrocina-dos-escenarios-festival-mad-cool-2018\/#primaryimage\"},\"thumbnailUrl\":\"\/app\/uploads\/sites\/2\/NdP-AH-dLive-MadCool-2018-Banner.jpg\",\"keywords\":[\"dLive\"],\"articleSection\":[\"Artistas\",\"Eventos\"],\"inLanguage\":\"es\"},{\"@type\":\"WebPage\",\"@id\":\"https:\/\/distribution.audio-technica.eu\/es-es\/noticias\/allen-heath-patrocina-dos-escenarios-festival-mad-cool-2018\/\",\"url\":\"https:\/\/distribution.audio-technica.eu\/es-es\/noticias\/allen-heath-patrocina-dos-escenarios-festival-mad-cool-2018\/\",\"name\":\"Allen &amp; Heath patrocina dos escenarios en el festival Mad Cool 2018 - Audio-Technica Iberia\",\"isPartOf\":{\"@id\":\"https:\/\/distribution.audio-technica.eu\/es-es\/#website\"},\"primaryImageOfPage\":{\"@id\":\"https:\/\/distribution.audio-technica.eu\/es-es\/noticias\/allen-heath-patrocina-dos-escenarios-festival-mad-cool-2018\/#primaryimage\"},\"image\":{\"@id\":\"https:\/\/distribution.audio-technica.eu\/es-es\/noticias\/allen-heath-patrocina-dos-escenarios-festival-mad-cool-2018\/#primaryimage\"},\"thumbnailUrl\":\"\/app\/uploads\/sites\/2\/NdP-AH-dLive-MadCool-2018-Banner.jpg\",\"datePublished\":\"2018-07-23T16:01:05+00:00\",\"dateModified\":\"2023-07-31T08:59:12+00:00\",\"author\":{\"@id\":\"https:\/\/distribution.audio-technica.eu\/es-es\/#\/schema\/person\/a04f79c3d9918bbe5ecebe751bec9122\"},\"breadcrumb\":{\"@id\":\"https:\/\/distribution.audio-technica.eu\/es-es\/noticias\/allen-heath-patrocina-dos-escenarios-festival-mad-cool-2018\/#breadcrumb\"},\"inLanguage\":\"es\",\"potentialAction\":[{\"@type\":\"ReadAction\",\"target\":[\"https:\/\/distribution.audio-technica.eu\/es-es\/noticias\/allen-heath-patrocina-dos-escenarios-festival-mad-cool-2018\/\"]}]},{\"@type\":\"ImageObject\",\"inLanguage\":\"es\",\"@id\":\"https:\/\/distribution.audio-technica.eu\/es-es\/noticias\/allen-heath-patrocina-dos-escenarios-festival-mad-cool-2018\/#primaryimage\",\"url\":\"\/app\/uploads\/sites\/2\/NdP-AH-dLive-MadCool-2018-Banner.jpg\",\"contentUrl\":\"\/app\/uploads\/sites\/2\/NdP-AH-dLive-MadCool-2018-Banner.jpg\",\"width\":640,\"height\":360},{\"@type\":\"BreadcrumbList\",\"@id\":\"https:\/\/distribution.audio-technica.eu\/es-es\/noticias\/allen-heath-patrocina-dos-escenarios-festival-mad-cool-2018\/#breadcrumb\",\"itemListElement\":[{\"@type\":\"ListItem\",\"position\":1,\"name\":\"Products\",\"item\":\"https:\/\/distribution.audio-technica.eu\/es-es\/\"},{\"@type\":\"ListItem\",\"position\":2,\"name\":\"Allen &amp; Heath patrocina dos escenarios en el festival Mad Cool 2018\"}]},{\"@type\":\"WebSite\",\"@id\":\"https:\/\/distribution.audio-technica.eu\/es-es\/#website\",\"url\":\"https:\/\/distribution.audio-technica.eu\/es-es\/\",\"name\":\"Audio-Technica Iberia\",\"description\":\"Distribuci\u00f3n\",\"potentialAction\":[{\"@type\":\"SearchAction\",\"target\":{\"@type\":\"EntryPoint\",\"urlTemplate\":\"https:\/\/distribution.audio-technica.eu\/es-es\/?s={search_term_string}\"},\"query-input\":{\"@type\":\"PropertyValueSpecification\",\"valueRequired\":true,\"valueName\":\"search_term_string\"}}],\"inLanguage\":\"es\"},{\"@type\":\"Person\",\"@id\":\"https:\/\/distribution.audio-technica.eu\/es-es\/#\/schema\/person\/a04f79c3d9918bbe5ecebe751bec9122\",\"name\":\"ncastano\"}]}<\/script>\n<!-- \/ Yoast SEO plugin. -->","yoast_head_json":{"title":"Allen &amp; Heath patrocina dos escenarios en el festival Mad Cool 2018 - Audio-Technica Iberia","robots":{"index":"index","follow":"follow","max-snippet":"max-snippet:-1","max-image-preview":"max-image-preview:large","max-video-preview":"max-video-preview:-1"},"canonical":"https:\/\/distribution.audio-technica.eu\/es-es\/noticias\/allen-heath-patrocina-dos-escenarios-festival-mad-cool-2018\/","og_locale":"es_ES","og_type":"article","og_title":"Allen &amp; Heath patrocina dos escenarios en el festival Mad Cool 2018 - Audio-Technica Iberia","og_description":"A trav\u00e9s de su distribuidor exclusivo en Espa\u00f1a, Audio-Technica Iberia, Allen &amp; Heath patrocin\u00f3 el festival Mad Cool 2018 con la presencia de varios sistemas Allen &amp; Heath dLive distribuidos en dos escenarios: The Loop, dedicado principalmente a la m\u00fasica electr\u00f3nica, y Madrid te abraza, una de los escenarios principales. El gigante PRG estuvo a [&hellip;]","og_url":"https:\/\/distribution.audio-technica.eu\/es-es\/noticias\/allen-heath-patrocina-dos-escenarios-festival-mad-cool-2018\/","og_site_name":"Audio-Technica Iberia","article_published_time":"2018-07-23T16:01:05+00:00","article_modified_time":"2023-07-31T08:59:12+00:00","og_image":[{"width":640,"height":360,"url":"https:\/\/distribution.audio-technica.eu\/app\/uploads\/sites\/2\/NdP-AH-dLive-MadCool-2018-Banner.jpg","type":"image\/jpeg"}],"author":"ncastano","twitter_card":"summary_large_image","twitter_misc":{"Escrito por":"ncastano","Tiempo de lectura":"3 minutos"},"schema":{"@context":"https:\/\/schema.org","@graph":[{"@type":"Article","@id":"https:\/\/distribution.audio-technica.eu\/es-es\/noticias\/allen-heath-patrocina-dos-escenarios-festival-mad-cool-2018\/#article","isPartOf":{"@id":"https:\/\/distribution.audio-technica.eu\/es-es\/noticias\/allen-heath-patrocina-dos-escenarios-festival-mad-cool-2018\/"},"author":{"name":"ncastano","@id":"https:\/\/distribution.audio-technica.eu\/es-es\/#\/schema\/person\/a04f79c3d9918bbe5ecebe751bec9122"},"headline":"Allen &amp; Heath patrocina dos escenarios en el festival Mad Cool 2018","datePublished":"2018-07-23T16:01:05+00:00","dateModified":"2023-07-31T08:59:12+00:00","mainEntityOfPage":{"@id":"https:\/\/distribution.audio-technica.eu\/es-es\/noticias\/allen-heath-patrocina-dos-escenarios-festival-mad-cool-2018\/"},"wordCount":642,"image":{"@id":"https:\/\/distribution.audio-technica.eu\/es-es\/noticias\/allen-heath-patrocina-dos-escenarios-festival-mad-cool-2018\/#primaryimage"},"thumbnailUrl":"\/app\/uploads\/sites\/2\/NdP-AH-dLive-MadCool-2018-Banner.jpg","keywords":["dLive"],"articleSection":["Artistas","Eventos"],"inLanguage":"es"},{"@type":"WebPage","@id":"https:\/\/distribution.audio-technica.eu\/es-es\/noticias\/allen-heath-patrocina-dos-escenarios-festival-mad-cool-2018\/","url":"https:\/\/distribution.audio-technica.eu\/es-es\/noticias\/allen-heath-patrocina-dos-escenarios-festival-mad-cool-2018\/","name":"Allen &amp; Heath patrocina dos escenarios en el festival Mad Cool 2018 - Audio-Technica Iberia","isPartOf":{"@id":"https:\/\/distribution.audio-technica.eu\/es-es\/#website"},"primaryImageOfPage":{"@id":"https:\/\/distribution.audio-technica.eu\/es-es\/noticias\/allen-heath-patrocina-dos-escenarios-festival-mad-cool-2018\/#primaryimage"},"image":{"@id":"https:\/\/distribution.audio-technica.eu\/es-es\/noticias\/allen-heath-patrocina-dos-escenarios-festival-mad-cool-2018\/#primaryimage"},"thumbnailUrl":"\/app\/uploads\/sites\/2\/NdP-AH-dLive-MadCool-2018-Banner.jpg","datePublished":"2018-07-23T16:01:05+00:00","dateModified":"2023-07-31T08:59:12+00:00","author":{"@id":"https:\/\/distribution.audio-technica.eu\/es-es\/#\/schema\/person\/a04f79c3d9918bbe5ecebe751bec9122"},"breadcrumb":{"@id":"https:\/\/distribution.audio-technica.eu\/es-es\/noticias\/allen-heath-patrocina-dos-escenarios-festival-mad-cool-2018\/#breadcrumb"},"inLanguage":"es","potentialAction":[{"@type":"ReadAction","target":["https:\/\/distribution.audio-technica.eu\/es-es\/noticias\/allen-heath-patrocina-dos-escenarios-festival-mad-cool-2018\/"]}]},{"@type":"ImageObject","inLanguage":"es","@id":"https:\/\/distribution.audio-technica.eu\/es-es\/noticias\/allen-heath-patrocina-dos-escenarios-festival-mad-cool-2018\/#primaryimage","url":"\/app\/uploads\/sites\/2\/NdP-AH-dLive-MadCool-2018-Banner.jpg","contentUrl":"\/app\/uploads\/sites\/2\/NdP-AH-dLive-MadCool-2018-Banner.jpg","width":640,"height":360},{"@type":"BreadcrumbList","@id":"https:\/\/distribution.audio-technica.eu\/es-es\/noticias\/allen-heath-patrocina-dos-escenarios-festival-mad-cool-2018\/#breadcrumb","itemListElement":[{"@type":"ListItem","position":1,"name":"Products","item":"https:\/\/distribution.audio-technica.eu\/es-es\/"},{"@type":"ListItem","position":2,"name":"Allen &amp; Heath patrocina dos escenarios en el festival Mad Cool 2018"}]},{"@type":"WebSite","@id":"https:\/\/distribution.audio-technica.eu\/es-es\/#website","url":"https:\/\/distribution.audio-technica.eu\/es-es\/","name":"Audio-Technica Iberia","description":"Distribuci\u00f3n","potentialAction":[{"@type":"SearchAction","target":{"@type":"EntryPoint","urlTemplate":"https:\/\/distribution.audio-technica.eu\/es-es\/?s={search_term_string}"},"query-input":{"@type":"PropertyValueSpecification","valueRequired":true,"valueName":"search_term_string"}}],"inLanguage":"es"},{"@type":"Person","@id":"https:\/\/distribution.audio-technica.eu\/es-es\/#\/schema\/person\/a04f79c3d9918bbe5ecebe751bec9122","name":"ncastano"}]}},"_links":{"self":[{"href":"https:\/\/distribution.audio-technica.eu\/es-es\/wp-json\/wp\/v2\/posts\/14133","targetHints":{"allow":["GET"]}}],"collection":[{"href":"https:\/\/distribution.audio-technica.eu\/es-es\/wp-json\/wp\/v2\/posts"}],"about":[{"href":"https:\/\/distribution.audio-technica.eu\/es-es\/wp-json\/wp\/v2\/types\/post"}],"author":[{"embeddable":true,"href":"https:\/\/distribution.audio-technica.eu\/es-es\/wp-json\/wp\/v2\/users\/3"}],"replies":[{"embeddable":true,"href":"https:\/\/distribution.audio-technica.eu\/es-es\/wp-json\/wp\/v2\/comments?post=14133"}],"version-history":[{"count":13,"href":"https:\/\/distribution.audio-technica.eu\/es-es\/wp-json\/wp\/v2\/posts\/14133\/revisions"}],"predecessor-version":[{"id":14752,"href":"https:\/\/distribution.audio-technica.eu\/es-es\/wp-json\/wp\/v2\/posts\/14133\/revisions\/14752"}],"wp:featuredmedia":[{"embeddable":true,"href":"https:\/\/distribution.audio-technica.eu\/es-es\/wp-json\/wp\/v2\/media\/14143"}],"wp:attachment":[{"href":"https:\/\/distribution.audio-technica.eu\/es-es\/wp-json\/wp\/v2\/media?parent=14133"}],"wp:term":[{"taxonomy":"category","embeddable":true,"href":"https:\/\/distribution.audio-technica.eu\/es-es\/wp-json\/wp\/v2\/categories?post=14133"},{"taxonomy":"post_tag","embeddable":true,"href":"https:\/\/distribution.audio-technica.eu\/es-es\/wp-json\/wp\/v2\/tags?post=14133"}],"curies":[{"name":"wp","href":"https:\/\/api.w.org\/{rel}","templated":true}]}}