{"id":14486,"date":"2018-08-09T19:10:04","date_gmt":"2018-08-09T17:10:04","guid":{"rendered":"https:\/\/atdb-production.studiograft.dev\/es\/?p=14486"},"modified":"2023-07-31T11:28:16","modified_gmt":"2023-07-31T09:28:16","slug":"genelec-presenta-nuevos-monitores-de-alto-spl","status":"publish","type":"post","link":"https:\/\/distribution.audio-technica.eu\/es-es\/noticias\/genelec-presenta-nuevos-monitores-de-alto-spl\/","title":{"rendered":"Alto y claro: Genelec presenta sus nuevos monitores de alto SPL"},"content":{"rendered":"<p><a href=\"https:\/\/distribution.audio-technica.eu\/es\/wp-content\/uploads\/sites\/2\/NdP-Genelec-S360_7382_GLM_3.jpg\"><img loading=\"lazy\" decoding=\"async\" class=\"alignnone size-full wp-image-14484\" src=\"\/es\/wp-content\/uploads\/sites\/2\/NdP-Genelec-S360_7382_GLM_3.jpg\" alt=\"\" width=\"1500\" height=\"1114\" srcset=\"https:\/\/distribution.audio-technica.eu\/app\/uploads\/sites\/2\/NdP-Genelec-S360_7382_GLM_3.jpg 1500w, https:\/\/distribution.audio-technica.eu\/app\/uploads\/sites\/2\/NdP-Genelec-S360_7382_GLM_3-300x223.jpg 300w, https:\/\/distribution.audio-technica.eu\/app\/uploads\/sites\/2\/NdP-Genelec-S360_7382_GLM_3-768x570.jpg 768w, https:\/\/distribution.audio-technica.eu\/app\/uploads\/sites\/2\/NdP-Genelec-S360_7382_GLM_3-1024x760.jpg 1024w, https:\/\/distribution.audio-technica.eu\/app\/uploads\/sites\/2\/NdP-Genelec-S360_7382_GLM_3-200x149.jpg 200w, https:\/\/distribution.audio-technica.eu\/app\/uploads\/sites\/2\/NdP-Genelec-S360_7382_GLM_3-400x297.jpg 400w, https:\/\/distribution.audio-technica.eu\/app\/uploads\/sites\/2\/NdP-Genelec-S360_7382_GLM_3-600x446.jpg 600w, https:\/\/distribution.audio-technica.eu\/app\/uploads\/sites\/2\/NdP-Genelec-S360_7382_GLM_3-800x594.jpg 800w, https:\/\/distribution.audio-technica.eu\/app\/uploads\/sites\/2\/NdP-Genelec-S360_7382_GLM_3-1200x891.jpg 1200w\" sizes=\"auto, (max-width: 1500px) 100vw, 1500px\" \/><\/a><\/p>\n<p>Siempre pendiente para ofrecer soluciones de audio para todos los tama\u00f1os de salas y aplicaciones, Genelec ha anunciando el lanzamiento global de dos nuevos productos SAM de alto nivel de presi\u00f3n sonora, el monitor de dos v\u00edas <a href=\"https:\/\/distribution.audio-technica.eu\/es\/product\/s360-sam\/\" target=\"_blank\" rel=\"noopener\">S360<\/a>, y el subwoofer <a href=\"https:\/\/distribution.audio-technica.eu\/es\/product\/7382-sam\/\" target=\"_blank\" rel=\"noopener\">7382<\/a>.<\/p>\n<p>Ambos modelos son ideales para cualquier aplicaci\u00f3n profesional que requiera alta potencia ac\u00fastica o mayores distancias de escucha; desde grandes sistemas inmersivos en estudios de post-producci\u00f3n o salas de mezcla para cine, a monitorizaci\u00f3n para producci\u00f3n musical o reproducci\u00f3n de m\u00fasica electr\u00f3nica.<\/p>\n<p>Alojado en un recinto compacto, con un acabado en madera finlandesa de alta calidad, moldeado para minimizar al m\u00e1ximo la coloraci\u00f3n generada por la difracci\u00f3n que t\u00edpicamente producen los recintos de madera, el S360 presenta un woofer mejorado de 10 pulgadas de alta eficiencia y m\u00ednima distorsi\u00f3n, basado en la serie <em>Master <\/em>de Genelec y una extendida y completamente integrada gu\u00eda ondas para el control de la directividad <a href=\"https:\/\/www.genelec.com\/key-technologies\/directivity-control-waveguide-dcw-technology\">(DCW<\/a>), que soporta un tweeter de compresi\u00f3n con diafragma de titanio de 1,7 pulgadas. El resultado conjuga la neutralidad por la que Genelec es conocida, con una capacidad SPL de 118 dB, con picos incluso mayores, y una capacidad de largo alcance que puede proporcionar calidad y precisi\u00f3n de referencia a distancias superiores a 10 metros. El S360 ofrece los beneficios y rendimiento de un monitor de campo lejano con un factor de forma condensado, incluyendo excelentes caracter\u00edsticas en el eje, y dispersi\u00f3n sin coloraci\u00f3n a 95 grados (horizontal) y 75 grados (vertical).<a href=\"https:\/\/distribution.audio-technica.eu\/es\/wp-content\/uploads\/sites\/2\/NdP-Genelec-S360_set_1.jpg\"><img loading=\"lazy\" decoding=\"async\" class=\"wp-image-14482 aligncenter\" src=\"\/es\/wp-content\/uploads\/sites\/2\/NdP-Genelec-S360_set_1.jpg\" alt=\"\" width=\"497\" height=\"414\" srcset=\"https:\/\/distribution.audio-technica.eu\/app\/uploads\/sites\/2\/NdP-Genelec-S360_set_1.jpg 1500w, https:\/\/distribution.audio-technica.eu\/app\/uploads\/sites\/2\/NdP-Genelec-S360_set_1-300x250.jpg 300w, https:\/\/distribution.audio-technica.eu\/app\/uploads\/sites\/2\/NdP-Genelec-S360_set_1-768x640.jpg 768w, https:\/\/distribution.audio-technica.eu\/app\/uploads\/sites\/2\/NdP-Genelec-S360_set_1-1024x853.jpg 1024w, https:\/\/distribution.audio-technica.eu\/app\/uploads\/sites\/2\/NdP-Genelec-S360_set_1-200x167.jpg 200w, https:\/\/distribution.audio-technica.eu\/app\/uploads\/sites\/2\/NdP-Genelec-S360_set_1-400x333.jpg 400w, https:\/\/distribution.audio-technica.eu\/app\/uploads\/sites\/2\/NdP-Genelec-S360_set_1-600x500.jpg 600w, https:\/\/distribution.audio-technica.eu\/app\/uploads\/sites\/2\/NdP-Genelec-S360_set_1-800x667.jpg 800w, https:\/\/distribution.audio-technica.eu\/app\/uploads\/sites\/2\/NdP-Genelec-S360_set_1-1200x1000.jpg 1200w\" sizes=\"auto, (max-width: 497px) 100vw, 497px\" \/><\/a>El recinto del\u202fS360\u202fofrece versatilidad para su montaje dentro de la pared y sobre la pared, mientras que el puerto r\u00e9flex laminar integrado, que fluye hacia abajo <a href=\"https:\/\/www.genelec.com\/key-technologies\/laminar-integrated-port-lip-technology\">(LIP<\/a>), asegura una salida de graves ajustada y libre de ruido, lo que le hace tambi\u00e9n perfecto para pantallas perforadas. Alternativamente, cuando el S360 es usado sobre un soporte, el innovador Iso- Plate desacopla efectivamente el monitor de su base, enfocando la salida de baja frecuencia mientras que previene la transmisi\u00f3n de vibraciones y las turbulencias de aire.<\/p>\n<p>Una flexibilidad adicional llega gracias a la electr\u00f3nica del sistema, que puede ser integrada dentro del recinto o ubicada remotamente.<\/p>\n<p>Sabiendo que la producci\u00f3n de buenos contenidos depende del correcto posicionamiento de los monitores, del alineamiento de niveles, alineamiento de los tiempos de llegada y compensaci\u00f3n de la sala, el S360 ofrece una total integraci\u00f3n con el software <a href=\"https:\/\/www.genelec.com\/glm\">GLM <\/a>de Genelec, permitiendo la configuraci\u00f3n, calibraci\u00f3n y control de los monitores de m\u00e1s de 40 canales sin la necesidad de procesamiento externo.<\/p>\n<p>El acompa\u00f1amiento ideal tanto para el <a href=\"https:\/\/distribution.audio-technica.eu\/es\/product\/s360-sam\/\" target=\"_blank\" rel=\"noopener\">S360<\/a> como para los otros monitores de gran formato de Genelec es el <a href=\"https:\/\/distribution.audio-technica.eu\/es\/product\/7382-sam\/\" target=\"_blank\" rel=\"noopener\">7382<\/a>, el m\u00e1s potente subwoofer de Genelec hasta la fecha.<a href=\"https:\/\/distribution.audio-technica.eu\/es\/wp-content\/uploads\/sites\/2\/NdP-Genelec-7382_with_amp.jpg\"><img loading=\"lazy\" decoding=\"async\" class=\"wp-image-14483 aligncenter\" src=\"\/es\/wp-content\/uploads\/sites\/2\/NdP-Genelec-7382_with_amp.jpg\" alt=\"\" width=\"522\" height=\"377\" srcset=\"https:\/\/distribution.audio-technica.eu\/app\/uploads\/sites\/2\/NdP-Genelec-7382_with_amp.jpg 1500w, https:\/\/distribution.audio-technica.eu\/app\/uploads\/sites\/2\/NdP-Genelec-7382_with_amp-300x217.jpg 300w, https:\/\/distribution.audio-technica.eu\/app\/uploads\/sites\/2\/NdP-Genelec-7382_with_amp-768x554.jpg 768w, https:\/\/distribution.audio-technica.eu\/app\/uploads\/sites\/2\/NdP-Genelec-7382_with_amp-1024x739.jpg 1024w, https:\/\/distribution.audio-technica.eu\/app\/uploads\/sites\/2\/NdP-Genelec-7382_with_amp-200x144.jpg 200w, https:\/\/distribution.audio-technica.eu\/app\/uploads\/sites\/2\/NdP-Genelec-7382_with_amp-400x289.jpg 400w, https:\/\/distribution.audio-technica.eu\/app\/uploads\/sites\/2\/NdP-Genelec-7382_with_amp-600x433.jpg 600w, https:\/\/distribution.audio-technica.eu\/app\/uploads\/sites\/2\/NdP-Genelec-7382_with_amp-800x578.jpg 800w, https:\/\/distribution.audio-technica.eu\/app\/uploads\/sites\/2\/NdP-Genelec-7382_with_amp-1200x866.jpg 1200w\" sizes=\"auto, (max-width: 522px) 100vw, 522px\" \/><\/a>Proporcionando precisa y potente extensi\u00f3n en baja frecuencia hasta los 15 Hz, el 7382 aloja tres woofers de 15 pulgadas dise\u00f1ados a medida. Cada uno se beneficia del entorno libre de vibraci\u00f3n del recinto conglomerado fuertemente reforzado, con puerto \u201c<em>bass r\u00e9flex<\/em>\u201d laminar extendido a lo largo de toda la parte trasera para garantizar baja distorsi\u00f3n y un rendimiento libre de compresi\u00f3n, incluso cuando el 7382 entrega salidas que exceden los 130 dB SPL.<\/p>\n<p>Perfilado bajo el procesamiento integrado y d\u00e9cadas de investigaci\u00f3n, el 7382 tambi\u00e9n trabaja con el software GLM para la gesti\u00f3n del control de graves, resuelve problemas de ubicaci\u00f3n del subwoofer en salas impredecibles o incluso permite construir sistemas de varios subwoofers de Genelec.<\/p>\n<p><em>\u201cCon el lanzamiento del S360 y el 7382 tenemos ahora una completa gama de monitores y subwoofers para todos los tama\u00f1os de salas, posibles requerimientos de SPL y diferentes distancias de escucha<\/em>\u201d, comenta el Director General de Genelec, Siam\u00e4k Naghian.<\/p>\n<p><em>\u201cAdem\u00e1s de su compatibilidad con todo tipo de aplicaciones musicales de alto nivel de presi\u00f3n sonora, vemos que el S360 y el 7382 encuentran su lugar en sistemas de audio inmersivo donde el oyente, por definici\u00f3n, necesita encontrarse a si mismo totalmente inmerso en la experiencia, consciente de cada detalle. Esa misma precisi\u00f3n est\u00e1 en el coraz\u00f3n de cada monitor Genelec. Es por lo que creemos tan profundamente en el crecimiento de estos interesantes nuevos formatos multicanal, y por lo que hemos producido el S360 y el 7382: para hacer realidad ese potencial inmersivo como nunca antes.\u201d\u202f<\/em><\/p>\n<p>La llegada del S360 y el 7382 coincide con la publicaci\u00f3n de un nuevo conjunto de herramientas educativas que buscan ayudar a los profesionales a comprender mejor y hacer uso del audio inmersivo. Titulada \u201c<em>Immersive Audio Solutions<\/em>\u201d, la publicaci\u00f3n incluir\u00e1 una completa visi\u00f3n de los requerimientos para crear un efectivo sistema de audio inmersivo, incluyendo conocimientos de los formatos m\u00e1s com\u00fanmente adoptados y de las soluciones de Genelec requeridas para sacar el m\u00e1ximo partido de ellos. Junto con el lanzamiento del S360 y el 7382, la publicaci\u00f3n estar\u00e1 disponible para descarga en: <u><a href=\"http:\/\/www.genelec.com\/immersive\">www.genelec.com\/immersive<\/a><\/u>.<\/p>\n<p>Para m\u00e1s informaci\u00f3n visitar<a href=\"http:\/\/www.genelec.com\/\">\u202fwww.genelec.com<\/a>.<\/p>\n<p>&nbsp;<\/p>\n<p><strong><em>Sobre SAM<\/em><\/strong><\/p>\n<p><em>La tecnolog\u00eda SAM <\/em><em>(<a href=\"https:\/\/www.genelec.com\/key-technologies\/smart-active-monitor-sam-systems\">Smart Active Monitoring) <\/a><\/em><em>ha sido desarrollada y refinada por Genelec durante <\/em><em>m\u00e1s de una d\u00e9cada para interconectar monitores de estudio y poder configurarlos y calibrarlos para el entorno ac\u00fastico espec\u00edfico del usuario. Cada monitor y subwoofer SAM est\u00e1 internamente equipado con una avanzada circuiter\u00eda DSP, lo que permite su perfecta integraci\u00f3n con el software GLM (Genelec Loudspeaker Manager), que trabaja tanto en Mac como en PC. El micr\u00f3fono de referencia del GLM permite al usuario analizar el entorno ac\u00fastico, tras lo cual el algoritmo AutoCal del GLM optimiza, para cada monitor SAM, el nivel, tiempo de llegada, fase del filtro de cruce del subwoofer y la respuesta espectral de la sala, con la opci\u00f3n de ajustes adicionales personalizados por el usuario. Minimizando la influencia de la sala sobre el sonido, los monitores SAM proporcionan una referencia sin igual, con una excelente transferencia entre salas.<\/em><\/p>\n<p><em>\u00a0<\/em><\/p>\n<p><strong><em>Sobre Genelec<\/em><\/strong><\/p>\n<p><em>Desde la fundaci\u00f3n de Genelec, en 1978, la monitorizaci\u00f3n de audio profesional ha sido el n\u00facleo de su actividad. Un compromiso sin igual con la investigaci\u00f3n y el desarrollo han dado como resultado un gran n\u00famero de innovaciones, y ha establecido a Genelec como l\u00edder de la industria en el terreno de los monitores activos. 40 a\u00f1os m\u00e1s tarde, los productos de monitorizaci\u00f3n de Genelec permanecen fieles a la filosof\u00eda original, ofreciendo fiabilidad, sonido neutro independientemente de su tama\u00f1o, y la capacidad de adaptarse a las condiciones ac\u00fasticas del entorno de audici\u00f3n. Los clientes de Genelec reciben el mejor soporte sobre el terreno, desde asesoramiento ac\u00fastico y servicios de calibraci\u00f3n, a servicio t\u00e9cnico y larga vida \u00fatil del producto. Adquirir productos Genelec es una segura inversi\u00f3n a largo plazo en un incre\u00edble y fiable sistema de monitorizaci\u00f3n de audio.<\/em><\/p>\n<p><em>\u00a0<\/em><\/p>\n","protected":false},"excerpt":{"rendered":"<p>Siempre pendiente para ofrecer soluciones de audio para todos los tama\u00f1os de salas y aplicaciones, Genelec ha anunciando el lanzamiento global de dos nuevos productos SAM de alto nivel de presi\u00f3n sonora, el monitor de dos v\u00edas S360, y el subwoofer 7382. Ambos modelos son ideales para cualquier aplicaci\u00f3n profesional que requiera alta potencia ac\u00fastica [&hellip;]<\/p>\n","protected":false},"author":2,"featured_media":14485,"comment_status":"closed","ping_status":"closed","sticky":false,"template":"","format":"standard","meta":{"_acf_changed":false,"footnotes":""},"categories":[2456],"tags":[1564,1643,1566,1567],"class_list":["post-14486","post","type-post","status-publish","format-standard","has-post-thumbnail","hentry","category-novedades","tag-estudio","tag-genelec","tag-monitores","tag-sam"],"acf":[],"yoast_head":"<!-- This site is optimized with the Yoast SEO plugin v27.1.1 - https:\/\/yoast.com\/product\/yoast-seo-wordpress\/ -->\n<title>Alto y claro: Genelec presenta sus nuevos monitores de alto SPL - Audio-Technica Iberia<\/title>\n<meta name=\"robots\" content=\"index, follow, max-snippet:-1, max-image-preview:large, max-video-preview:-1\" \/>\n<link rel=\"canonical\" href=\"https:\/\/distribution.audio-technica.eu\/es-es\/noticias\/genelec-presenta-nuevos-monitores-de-alto-spl\/\" \/>\n<meta property=\"og:locale\" content=\"es_ES\" \/>\n<meta property=\"og:type\" content=\"article\" \/>\n<meta property=\"og:title\" content=\"Alto y claro: Genelec presenta sus nuevos monitores de alto SPL - Audio-Technica Iberia\" \/>\n<meta property=\"og:description\" content=\"Siempre pendiente para ofrecer soluciones de audio para todos los tama\u00f1os de salas y aplicaciones, Genelec ha anunciando el lanzamiento global de dos nuevos productos SAM de alto nivel de presi\u00f3n sonora, el monitor de dos v\u00edas S360, y el subwoofer 7382. Ambos modelos son ideales para cualquier aplicaci\u00f3n profesional que requiera alta potencia ac\u00fastica [&hellip;]\" \/>\n<meta property=\"og:url\" content=\"https:\/\/distribution.audio-technica.eu\/es-es\/noticias\/genelec-presenta-nuevos-monitores-de-alto-spl\/\" \/>\n<meta property=\"og:site_name\" content=\"Audio-Technica Iberia\" \/>\n<meta property=\"article:published_time\" content=\"2018-08-09T17:10:04+00:00\" \/>\n<meta property=\"article:modified_time\" content=\"2023-07-31T09:28:16+00:00\" \/>\n<meta property=\"og:image\" content=\"https:\/\/distribution.audio-technica.eu\/app\/uploads\/sites\/2\/NdP-Genelec-S360_7382_GLM_3_banner.jpg\" \/>\n\t<meta property=\"og:image:width\" content=\"640\" \/>\n\t<meta property=\"og:image:height\" content=\"360\" \/>\n\t<meta property=\"og:image:type\" content=\"image\/jpeg\" \/>\n<meta name=\"author\" content=\"ctorras\" \/>\n<meta name=\"twitter:card\" content=\"summary_large_image\" \/>\n<meta name=\"twitter:label1\" content=\"Escrito por\" \/>\n\t<meta name=\"twitter:data1\" content=\"ctorras\" \/>\n\t<meta name=\"twitter:label2\" content=\"Tiempo de lectura\" \/>\n\t<meta name=\"twitter:data2\" content=\"6 minutos\" \/>\n<script type=\"application\/ld+json\" class=\"yoast-schema-graph\">{\"@context\":\"https:\/\/schema.org\",\"@graph\":[{\"@type\":\"Article\",\"@id\":\"https:\/\/distribution.audio-technica.eu\/es-es\/noticias\/genelec-presenta-nuevos-monitores-de-alto-spl\/#article\",\"isPartOf\":{\"@id\":\"https:\/\/distribution.audio-technica.eu\/es-es\/noticias\/genelec-presenta-nuevos-monitores-de-alto-spl\/\"},\"author\":{\"name\":\"ctorras\",\"@id\":\"https:\/\/distribution.audio-technica.eu\/es-es\/#\/schema\/person\/dbf0d33217ceab6329b4c3144742f2fb\"},\"headline\":\"Alto y claro: Genelec presenta sus nuevos monitores de alto SPL\",\"datePublished\":\"2018-08-09T17:10:04+00:00\",\"dateModified\":\"2023-07-31T09:28:16+00:00\",\"mainEntityOfPage\":{\"@id\":\"https:\/\/distribution.audio-technica.eu\/es-es\/noticias\/genelec-presenta-nuevos-monitores-de-alto-spl\/\"},\"wordCount\":1168,\"image\":{\"@id\":\"https:\/\/distribution.audio-technica.eu\/es-es\/noticias\/genelec-presenta-nuevos-monitores-de-alto-spl\/#primaryimage\"},\"thumbnailUrl\":\"\/app\/uploads\/sites\/2\/NdP-Genelec-S360_7382_GLM_3_banner.jpg\",\"keywords\":[\"Estudio\",\"genelec\",\"MONITORES\",\"SAM\"],\"articleSection\":[\"Novedades\"],\"inLanguage\":\"es\"},{\"@type\":\"WebPage\",\"@id\":\"https:\/\/distribution.audio-technica.eu\/es-es\/noticias\/genelec-presenta-nuevos-monitores-de-alto-spl\/\",\"url\":\"https:\/\/distribution.audio-technica.eu\/es-es\/noticias\/genelec-presenta-nuevos-monitores-de-alto-spl\/\",\"name\":\"Alto y claro: Genelec presenta sus nuevos monitores de alto SPL - Audio-Technica Iberia\",\"isPartOf\":{\"@id\":\"https:\/\/distribution.audio-technica.eu\/es-es\/#website\"},\"primaryImageOfPage\":{\"@id\":\"https:\/\/distribution.audio-technica.eu\/es-es\/noticias\/genelec-presenta-nuevos-monitores-de-alto-spl\/#primaryimage\"},\"image\":{\"@id\":\"https:\/\/distribution.audio-technica.eu\/es-es\/noticias\/genelec-presenta-nuevos-monitores-de-alto-spl\/#primaryimage\"},\"thumbnailUrl\":\"\/app\/uploads\/sites\/2\/NdP-Genelec-S360_7382_GLM_3_banner.jpg\",\"datePublished\":\"2018-08-09T17:10:04+00:00\",\"dateModified\":\"2023-07-31T09:28:16+00:00\",\"author\":{\"@id\":\"https:\/\/distribution.audio-technica.eu\/es-es\/#\/schema\/person\/dbf0d33217ceab6329b4c3144742f2fb\"},\"breadcrumb\":{\"@id\":\"https:\/\/distribution.audio-technica.eu\/es-es\/noticias\/genelec-presenta-nuevos-monitores-de-alto-spl\/#breadcrumb\"},\"inLanguage\":\"es\",\"potentialAction\":[{\"@type\":\"ReadAction\",\"target\":[\"https:\/\/distribution.audio-technica.eu\/es-es\/noticias\/genelec-presenta-nuevos-monitores-de-alto-spl\/\"]}]},{\"@type\":\"ImageObject\",\"inLanguage\":\"es\",\"@id\":\"https:\/\/distribution.audio-technica.eu\/es-es\/noticias\/genelec-presenta-nuevos-monitores-de-alto-spl\/#primaryimage\",\"url\":\"\/app\/uploads\/sites\/2\/NdP-Genelec-S360_7382_GLM_3_banner.jpg\",\"contentUrl\":\"\/app\/uploads\/sites\/2\/NdP-Genelec-S360_7382_GLM_3_banner.jpg\",\"width\":640,\"height\":360},{\"@type\":\"BreadcrumbList\",\"@id\":\"https:\/\/distribution.audio-technica.eu\/es-es\/noticias\/genelec-presenta-nuevos-monitores-de-alto-spl\/#breadcrumb\",\"itemListElement\":[{\"@type\":\"ListItem\",\"position\":1,\"name\":\"Products\",\"item\":\"https:\/\/distribution.audio-technica.eu\/es-es\/\"},{\"@type\":\"ListItem\",\"position\":2,\"name\":\"Alto y claro: Genelec presenta sus nuevos monitores de alto SPL\"}]},{\"@type\":\"WebSite\",\"@id\":\"https:\/\/distribution.audio-technica.eu\/es-es\/#website\",\"url\":\"https:\/\/distribution.audio-technica.eu\/es-es\/\",\"name\":\"Audio-Technica Iberia\",\"description\":\"Distribuci\u00f3n\",\"potentialAction\":[{\"@type\":\"SearchAction\",\"target\":{\"@type\":\"EntryPoint\",\"urlTemplate\":\"https:\/\/distribution.audio-technica.eu\/es-es\/?s={search_term_string}\"},\"query-input\":{\"@type\":\"PropertyValueSpecification\",\"valueRequired\":true,\"valueName\":\"search_term_string\"}}],\"inLanguage\":\"es\"},{\"@type\":\"Person\",\"@id\":\"https:\/\/distribution.audio-technica.eu\/es-es\/#\/schema\/person\/dbf0d33217ceab6329b4c3144742f2fb\",\"name\":\"ctorras\"}]}<\/script>\n<!-- \/ Yoast SEO plugin. -->","yoast_head_json":{"title":"Alto y claro: Genelec presenta sus nuevos monitores de alto SPL - Audio-Technica Iberia","robots":{"index":"index","follow":"follow","max-snippet":"max-snippet:-1","max-image-preview":"max-image-preview:large","max-video-preview":"max-video-preview:-1"},"canonical":"https:\/\/distribution.audio-technica.eu\/es-es\/noticias\/genelec-presenta-nuevos-monitores-de-alto-spl\/","og_locale":"es_ES","og_type":"article","og_title":"Alto y claro: Genelec presenta sus nuevos monitores de alto SPL - Audio-Technica Iberia","og_description":"Siempre pendiente para ofrecer soluciones de audio para todos los tama\u00f1os de salas y aplicaciones, Genelec ha anunciando el lanzamiento global de dos nuevos productos SAM de alto nivel de presi\u00f3n sonora, el monitor de dos v\u00edas S360, y el subwoofer 7382. Ambos modelos son ideales para cualquier aplicaci\u00f3n profesional que requiera alta potencia ac\u00fastica [&hellip;]","og_url":"https:\/\/distribution.audio-technica.eu\/es-es\/noticias\/genelec-presenta-nuevos-monitores-de-alto-spl\/","og_site_name":"Audio-Technica Iberia","article_published_time":"2018-08-09T17:10:04+00:00","article_modified_time":"2023-07-31T09:28:16+00:00","og_image":[{"width":640,"height":360,"url":"https:\/\/distribution.audio-technica.eu\/app\/uploads\/sites\/2\/NdP-Genelec-S360_7382_GLM_3_banner.jpg","type":"image\/jpeg"}],"author":"ctorras","twitter_card":"summary_large_image","twitter_misc":{"Escrito por":"ctorras","Tiempo de lectura":"6 minutos"},"schema":{"@context":"https:\/\/schema.org","@graph":[{"@type":"Article","@id":"https:\/\/distribution.audio-technica.eu\/es-es\/noticias\/genelec-presenta-nuevos-monitores-de-alto-spl\/#article","isPartOf":{"@id":"https:\/\/distribution.audio-technica.eu\/es-es\/noticias\/genelec-presenta-nuevos-monitores-de-alto-spl\/"},"author":{"name":"ctorras","@id":"https:\/\/distribution.audio-technica.eu\/es-es\/#\/schema\/person\/dbf0d33217ceab6329b4c3144742f2fb"},"headline":"Alto y claro: Genelec presenta sus nuevos monitores de alto SPL","datePublished":"2018-08-09T17:10:04+00:00","dateModified":"2023-07-31T09:28:16+00:00","mainEntityOfPage":{"@id":"https:\/\/distribution.audio-technica.eu\/es-es\/noticias\/genelec-presenta-nuevos-monitores-de-alto-spl\/"},"wordCount":1168,"image":{"@id":"https:\/\/distribution.audio-technica.eu\/es-es\/noticias\/genelec-presenta-nuevos-monitores-de-alto-spl\/#primaryimage"},"thumbnailUrl":"\/app\/uploads\/sites\/2\/NdP-Genelec-S360_7382_GLM_3_banner.jpg","keywords":["Estudio","genelec","MONITORES","SAM"],"articleSection":["Novedades"],"inLanguage":"es"},{"@type":"WebPage","@id":"https:\/\/distribution.audio-technica.eu\/es-es\/noticias\/genelec-presenta-nuevos-monitores-de-alto-spl\/","url":"https:\/\/distribution.audio-technica.eu\/es-es\/noticias\/genelec-presenta-nuevos-monitores-de-alto-spl\/","name":"Alto y claro: Genelec presenta sus nuevos monitores de alto SPL - Audio-Technica Iberia","isPartOf":{"@id":"https:\/\/distribution.audio-technica.eu\/es-es\/#website"},"primaryImageOfPage":{"@id":"https:\/\/distribution.audio-technica.eu\/es-es\/noticias\/genelec-presenta-nuevos-monitores-de-alto-spl\/#primaryimage"},"image":{"@id":"https:\/\/distribution.audio-technica.eu\/es-es\/noticias\/genelec-presenta-nuevos-monitores-de-alto-spl\/#primaryimage"},"thumbnailUrl":"\/app\/uploads\/sites\/2\/NdP-Genelec-S360_7382_GLM_3_banner.jpg","datePublished":"2018-08-09T17:10:04+00:00","dateModified":"2023-07-31T09:28:16+00:00","author":{"@id":"https:\/\/distribution.audio-technica.eu\/es-es\/#\/schema\/person\/dbf0d33217ceab6329b4c3144742f2fb"},"breadcrumb":{"@id":"https:\/\/distribution.audio-technica.eu\/es-es\/noticias\/genelec-presenta-nuevos-monitores-de-alto-spl\/#breadcrumb"},"inLanguage":"es","potentialAction":[{"@type":"ReadAction","target":["https:\/\/distribution.audio-technica.eu\/es-es\/noticias\/genelec-presenta-nuevos-monitores-de-alto-spl\/"]}]},{"@type":"ImageObject","inLanguage":"es","@id":"https:\/\/distribution.audio-technica.eu\/es-es\/noticias\/genelec-presenta-nuevos-monitores-de-alto-spl\/#primaryimage","url":"\/app\/uploads\/sites\/2\/NdP-Genelec-S360_7382_GLM_3_banner.jpg","contentUrl":"\/app\/uploads\/sites\/2\/NdP-Genelec-S360_7382_GLM_3_banner.jpg","width":640,"height":360},{"@type":"BreadcrumbList","@id":"https:\/\/distribution.audio-technica.eu\/es-es\/noticias\/genelec-presenta-nuevos-monitores-de-alto-spl\/#breadcrumb","itemListElement":[{"@type":"ListItem","position":1,"name":"Products","item":"https:\/\/distribution.audio-technica.eu\/es-es\/"},{"@type":"ListItem","position":2,"name":"Alto y claro: Genelec presenta sus nuevos monitores de alto SPL"}]},{"@type":"WebSite","@id":"https:\/\/distribution.audio-technica.eu\/es-es\/#website","url":"https:\/\/distribution.audio-technica.eu\/es-es\/","name":"Audio-Technica Iberia","description":"Distribuci\u00f3n","potentialAction":[{"@type":"SearchAction","target":{"@type":"EntryPoint","urlTemplate":"https:\/\/distribution.audio-technica.eu\/es-es\/?s={search_term_string}"},"query-input":{"@type":"PropertyValueSpecification","valueRequired":true,"valueName":"search_term_string"}}],"inLanguage":"es"},{"@type":"Person","@id":"https:\/\/distribution.audio-technica.eu\/es-es\/#\/schema\/person\/dbf0d33217ceab6329b4c3144742f2fb","name":"ctorras"}]}},"_links":{"self":[{"href":"https:\/\/distribution.audio-technica.eu\/es-es\/wp-json\/wp\/v2\/posts\/14486","targetHints":{"allow":["GET"]}}],"collection":[{"href":"https:\/\/distribution.audio-technica.eu\/es-es\/wp-json\/wp\/v2\/posts"}],"about":[{"href":"https:\/\/distribution.audio-technica.eu\/es-es\/wp-json\/wp\/v2\/types\/post"}],"author":[{"embeddable":true,"href":"https:\/\/distribution.audio-technica.eu\/es-es\/wp-json\/wp\/v2\/users\/2"}],"replies":[{"embeddable":true,"href":"https:\/\/distribution.audio-technica.eu\/es-es\/wp-json\/wp\/v2\/comments?post=14486"}],"version-history":[{"count":5,"href":"https:\/\/distribution.audio-technica.eu\/es-es\/wp-json\/wp\/v2\/posts\/14486\/revisions"}],"predecessor-version":[{"id":14491,"href":"https:\/\/distribution.audio-technica.eu\/es-es\/wp-json\/wp\/v2\/posts\/14486\/revisions\/14491"}],"wp:featuredmedia":[{"embeddable":true,"href":"https:\/\/distribution.audio-technica.eu\/es-es\/wp-json\/wp\/v2\/media\/14485"}],"wp:attachment":[{"href":"https:\/\/distribution.audio-technica.eu\/es-es\/wp-json\/wp\/v2\/media?parent=14486"}],"wp:term":[{"taxonomy":"category","embeddable":true,"href":"https:\/\/distribution.audio-technica.eu\/es-es\/wp-json\/wp\/v2\/categories?post=14486"},{"taxonomy":"post_tag","embeddable":true,"href":"https:\/\/distribution.audio-technica.eu\/es-es\/wp-json\/wp\/v2\/tags?post=14486"}],"curies":[{"name":"wp","href":"https:\/\/api.w.org\/{rel}","templated":true}]}}