{"id":14656,"date":"2018-08-29T20:06:47","date_gmt":"2018-08-29T18:06:47","guid":{"rendered":"https:\/\/atdb-production.studiograft.dev\/es\/?p=14656"},"modified":"2023-10-17T18:29:16","modified_gmt":"2023-10-17T16:29:16","slug":"audio-technica-presenta-la-nueva-serie-basica-de-capsulas-vm95-incluyendo-la-nueva-generacion-del-legendario-modelo-at95e","status":"publish","type":"post","link":"https:\/\/distribution.audio-technica.eu\/es-es\/noticias\/audio-technica-presenta-la-nueva-serie-basica-de-capsulas-vm95-incluyendo-la-nueva-generacion-del-legendario-modelo-at95e\/","title":{"rendered":"Audio-Technica presenta la nueva serie b\u00e1sica de c\u00e1psulas VM95, incluyendo la nueva generaci\u00f3n del legendario modelo AT95E"},"content":{"rendered":"<p><a href=\"https:\/\/distribution.audio-technica.eu\/es\/wp-content\/uploads\/sites\/2\/VM95E_intro.jpg\"><img loading=\"lazy\" decoding=\"async\" class=\"alignnone size-full wp-image-14642\" src=\"\/es\/wp-content\/uploads\/sites\/2\/VM95E_intro.jpg\" alt=\"\" width=\"800\" height=\"1200\" srcset=\"https:\/\/distribution.audio-technica.eu\/app\/uploads\/sites\/2\/VM95E_intro.jpg 800w, https:\/\/distribution.audio-technica.eu\/app\/uploads\/sites\/2\/VM95E_intro-200x300.jpg 200w, https:\/\/distribution.audio-technica.eu\/app\/uploads\/sites\/2\/VM95E_intro-768x1152.jpg 768w, https:\/\/distribution.audio-technica.eu\/app\/uploads\/sites\/2\/VM95E_intro-683x1024.jpg 683w, https:\/\/distribution.audio-technica.eu\/app\/uploads\/sites\/2\/VM95E_intro-400x600.jpg 400w, https:\/\/distribution.audio-technica.eu\/app\/uploads\/sites\/2\/VM95E_intro-600x900.jpg 600w\" sizes=\"auto, (max-width: 800px) 100vw, 800px\" \/><\/a><\/p>\n<p><em><strong>IFA Show, Berl\u00edn, Alemania, 29 de Agosto de 2018. <\/strong><\/em>Dise\u00f1ando y fabricando a mano c\u00e1psulas fonogr\u00e1ficas desde 1962, Audio-Technica presenta ahora su nueva <a href=\"https:\/\/eu.audio-technica.com\/cartridges\/cartridge-series\/vm95-series?lang=es\">serie VM95<\/a> que incluye c\u00e1psulas de nivel b\u00e1sico de doble im\u00e1n m\u00f3vil. Bas\u00e1ndose en la rica herencia y experiencia de la compa\u00f1\u00eda, las seis s\u00f3lidas c\u00e1psulas que incluye la gama VM95 incorporan el mismo dise\u00f1o de cuerpo para permitir el intercambio f\u00e1cil y la actualizaci\u00f3n de cualquier aguja tipo AT-VMN95. Desarrollada en Jap\u00f3n hace 38 a\u00f1os, esta nueva serie tambi\u00e9n incluye la pr\u00f3xima generaci\u00f3n de la c\u00e1psula AT95E, aclamada por la cr\u00edtica y considerada por muchos como la c\u00e1psula de nivel b\u00e1sico m\u00e1s exitosa de la historia.<\/p>\n<p>Combinando un excelente comportamiento anal\u00f3gico con un precio asequible, el nuevo dise\u00f1o de la <a href=\"https:\/\/eu.audio-technica.com\/cartridges\/cartridge-series\/vm95-series?lang=es\">serie VM95<\/a> facilita su instalaci\u00f3n o intercambio gracias a las inserciones roscadas presentes en el cuerpo de la c\u00e1psula, permitiendo su montaje en un cabezal o en un brazo integral con solo dos tornillos (sin tuercas o arandelas).<\/p>\n<p><a href=\"https:\/\/distribution.audio-technica.eu\/es\/wp-content\/uploads\/sites\/2\/VM95.jpg\"><img loading=\"lazy\" decoding=\"async\" class=\"alignnone size-full wp-image-14641\" src=\"\/es\/wp-content\/uploads\/sites\/2\/VM95.jpg\" alt=\"\" width=\"1500\" height=\"653\" srcset=\"https:\/\/distribution.audio-technica.eu\/app\/uploads\/sites\/2\/VM95.jpg 1500w, https:\/\/distribution.audio-technica.eu\/app\/uploads\/sites\/2\/VM95-300x131.jpg 300w, https:\/\/distribution.audio-technica.eu\/app\/uploads\/sites\/2\/VM95-768x334.jpg 768w, https:\/\/distribution.audio-technica.eu\/app\/uploads\/sites\/2\/VM95-1024x446.jpg 1024w, https:\/\/distribution.audio-technica.eu\/app\/uploads\/sites\/2\/VM95-200x87.jpg 200w, https:\/\/distribution.audio-technica.eu\/app\/uploads\/sites\/2\/VM95-400x174.jpg 400w, https:\/\/distribution.audio-technica.eu\/app\/uploads\/sites\/2\/VM95-600x261.jpg 600w, https:\/\/distribution.audio-technica.eu\/app\/uploads\/sites\/2\/VM95-800x348.jpg 800w, https:\/\/distribution.audio-technica.eu\/app\/uploads\/sites\/2\/VM95-1200x522.jpg 1200w\" sizes=\"auto, (max-width: 1500px) 100vw, 1500px\" \/><\/a><\/p>\n<h3><strong>Presentamos la serie de c\u00e1psulas est\u00e9reo de doble im\u00e1n m\u00f3vil VM95<\/strong><\/h3>\n<p><strong>\u00a0<\/strong><strong>AT-VM95C con aguja c\u00f3nica<br \/>\n<\/strong>Este modelo b\u00e1sico de la serie incluye una aguja c\u00f3nica de 0.6 mil y mejora las prestaciones s\u00f3nicas de sus predecesoras, la AT91 y la AT91R, con un nuevo cantil\u00e9ver de aluminio y una bobina cuyo dise\u00f1o ofrece un mayor voltaje de salida (4 mV).<\/p>\n<p><strong>AT-VM95E con aguja el\u00edptica<br \/>\n<\/strong>Sustituyendo a la legendaria c\u00e1psula AT95E, la AT-VM95E se presenta con mejor nivel de salida, gama din\u00e1mica, respuesta en frecuencia y respuesta a los transitorios. El cantilever de aluminio y la aguja el\u00edptica pegada de 0.3 x 0.7 mil reproduce un sonido de la m\u00e1xima calidad, mientras que la bobina, de nuevo dise\u00f1o, proporciona un mayor nivel de salida (4 mV), comparado con los modelos previos AT95E y AT95EX.<\/p>\n<p><strong>AT-VM95EN con aguja el\u00edptica desnuda<br \/>\n<\/strong>Este modelo se suministra con una aguja el\u00edptica NUDE de 0.3 x 0.7 mil y cantil\u00e9ver de aluminio para ofrecer una mejor reproducci\u00f3n sonora.<\/p>\n<p><strong>AT-VM95ML con aguja Line Contact MicroLinear<br \/>\n<\/strong>Este modelo incorpora aguja de diamante MicroLinear y cantil\u00e9ver de aluminio.<\/p>\n<p><strong>AT-VM95SH con aguja Line Contact Shibata<br \/>\n<\/strong>Este modelo incluye una aguja de diamante Shibata y un cantil\u00e9ver de aluminio.<\/p>\n<p><strong>AT-VM95SP para discos SP de 78rpm<br \/>\n<\/strong>Dise\u00f1ado exclusivamente para discos SP, con salidas de doble balance, este modelo incluye una aguja c\u00f3nica de 3 mil y un cantil\u00e9ver de aluminio. Permite que los especialistas en archivos puedan utilizar esta c\u00e1psula para la reproducci\u00f3n de discos de corte vertical y puedan tener la posibilidad de escoger entre la lado derecho o izquierdo del surco.<\/p>\n<h3><strong>Precios y disponibilidad<\/strong><\/h3>\n<p><strong>C\u00e1psulas est\u00e9reo de doble im\u00e1n m\u00f3vil Serie VM95<\/strong><\/p>\n<p class=\"p4\"><span class=\"s1\"><a href=\"https:\/\/eu.audio-technica.com\/cartridges\/cartridge-series\/vm95-series\/AT-VM95C\">AT-VM95C<\/a> estar\u00e1 disponible en oto\u00f1o, a un precio de \u20ac34<\/span><\/p>\n<p class=\"p4\"><span class=\"s1\"><a href=\"https:\/\/eu.audio-technica.com\/cartridges\/cartridge-series\/vm95-series\/AT-VM95E\">AT-VM95E<\/a> estar\u00e1 disponible en oto\u00f1o, a un precio de \u20ac49<\/span><\/p>\n<p class=\"p4\"><span class=\"s1\"><a href=\"https:\/\/eu.audio-technica.com\/cartridges\/cartridge-series\/vm95-series\/AT-VM95EN\">AT-VM95EN<\/a> estar\u00e1 disponible en oto\u00f1o, a un precio de \u20ac119<\/span><\/p>\n<p class=\"p4\"><span class=\"s1\"><a href=\"https:\/\/eu.audio-technica.com\/cartridges\/cartridge-series\/vm95-series\/AT-VM95ML\">AT-VM95ML<\/a> estar\u00e1 disponible en oto\u00f1o, a un precio de \u20ac169<\/span><\/p>\n<p class=\"p4\"><span class=\"s1\"><a href=\"https:\/\/eu.audio-technica.com\/cartridges\/cartridge-series\/vm95-series\/AT-VM95SH\">AT-VM95SH<\/a> estar\u00e1 disponible en oto\u00f1o, a un precio de \u20ac199<\/span><\/p>\n<p class=\"p4\"><span class=\"s1\"><a href=\"https:\/\/eu.audio-technica.com\/cartridges\/cartridge-series\/vm95-series\/AT-VM95SP\">AT-VM95SP<\/a> estar\u00e1 disponible en oto\u00f1o, a un precio de \u20ac79<\/span><\/p>\n<p><strong>C\u00e1psulas Serie VM95 con cabezal HS6<\/strong><\/p>\n<p>C\u00e1psula <a href=\"https:\/\/eu.audio-technica.com\/cartridges\/cartridge-series\/vm95-series\/AT-VM95C-H\">AT-VM95C\/H<\/a> con cabezal HS6, disponible en oto\u00f1o de 2018, a un precio de 64 \u20ac<\/p>\n<p>C\u00e1psula <a href=\"https:\/\/eu.audio-technica.com\/cartridges\/cartridge-series\/vm95-series\/AT-VM95E-H\">AT-VM95E\/H<\/a> con cabezal HS6, disponible en oto\u00f1o de 2018, a un precio de 79 \u20ac<\/p>\n<p>C\u00e1psula <a href=\"https:\/\/eu.audio-technica.com\/cartridges\/cartridge-series\/vm95-series\/AT-VM95EN\/H\">AT-VM95EN\/H<\/a> con cabezal HS6, disponible en oto\u00f1o de 2018, a un precio de 149 \u20ac<\/p>\n<p>C\u00e1psula <a href=\"https:\/\/eu.audio-technica.com\/cartridges\/cartridge-series\/vm95-series\/AT-VM95ML-H\">AT-VM95ML\/H<\/a> con cabezal HS6, disponible en oto\u00f1o de 2018, a un precio de 199 \u20ac<\/p>\n<p>C\u00e1psula <a href=\"https:\/\/eu.audio-technica.com\/cartridges\/cartridge-series\/vm95-series\/AT-VM95SH-H\">AT-VM95SH\/H<\/a> con cabezal HS6, disponible en oto\u00f1o de 2018, a un precio de 229 \u20ac<\/p>\n<p>C\u00e1psula <a href=\"https:\/\/eu.audio-technica.com\/cartridges\/cartridge-series\/vm95-series\/AT-VM95SP-H\">AT-VM95SP\/H<\/a> con cabezal HS6, disponible en oto\u00f1o de 2018, a un precio de 109 \u20ac<\/p>\n<p><strong>Agujas de recambio Serie VM95 (compatible con cualquier c\u00e1psula de la serie VM95)<\/strong><\/p>\n<p><a href=\"https:\/\/eu.audio-technica.com\/cartridges\/styli\/AT-VMN95C\">AT-VMN95C<\/a> estar\u00e1 disponible en oto\u00f1o, a un precio de 21 \u20ac<\/p>\n<p><a href=\"https:\/\/eu.audio-technica.com\/cartridges\/styli\/AT-VMN95E\">AT-VMN95E<\/a> estar\u00e1 disponible en oto\u00f1o, a un precio de 29 \u20ac<\/p>\n<p><a href=\"https:\/\/eu.audio-technica.com\/cartridges\/styli\/AT-VMN95EN\">AT-VMN95EN<\/a> estar\u00e1 disponible en oto\u00f1o, a un precio de 99 \u20ac<\/p>\n<p><a href=\"https:\/\/eu.audio-technica.com\/cartridges\/styli\/AT-VMN95ML\">AT-VMN95ML<\/a> estar\u00e1 disponible en oto\u00f1o, a un precio de 149 \u20ac<\/p>\n<p><a href=\"https:\/\/eu.audio-technica.com\/cartridges\/styli\/AT-VMN95SH\">AT-VMN95SH<\/a> estar\u00e1 disponible en oto\u00f1o, a un precio de 179 \u20ac<\/p>\n<p><a href=\"https:\/\/eu.audio-technica.com\/cartridges\/styli\/AT-VMN95SP\">AT-VMN95SP<\/a> estar\u00e1 disponible en oto\u00f1o, a un precio de 59 \u20ac<\/p>\n","protected":false},"excerpt":{"rendered":"<p>IFA Show, Berl\u00edn, Alemania, 29 de Agosto de 2018. Dise\u00f1ando y fabricando a mano c\u00e1psulas fonogr\u00e1ficas desde 1962, Audio-Technica presenta ahora su nueva serie VM95 que incluye c\u00e1psulas de nivel b\u00e1sico de doble im\u00e1n m\u00f3vil. Bas\u00e1ndose en la rica herencia y experiencia de la compa\u00f1\u00eda, las seis s\u00f3lidas c\u00e1psulas que incluye la gama VM95 incorporan [&hellip;]<\/p>\n","protected":false},"author":2,"featured_media":14640,"comment_status":"closed","ping_status":"closed","sticky":false,"template":"","format":"standard","meta":{"_acf_changed":false,"footnotes":""},"categories":[2456],"tags":[1698,1703,2000],"class_list":["post-14656","post","type-post","status-publish","format-standard","has-post-thumbnail","hentry","category-novedades","tag-capsulas","tag-consumer","tag-ifa-2018"],"acf":[],"yoast_head":"<!-- This site is optimized with the Yoast SEO plugin v27.1.1 - https:\/\/yoast.com\/product\/yoast-seo-wordpress\/ -->\n<title>Audio-Technica presenta la nueva serie b\u00e1sica de c\u00e1psulas VM95, incluyendo la nueva generaci\u00f3n del legendario modelo AT95E - Audio-Technica Iberia<\/title>\n<meta name=\"robots\" content=\"index, follow, max-snippet:-1, max-image-preview:large, max-video-preview:-1\" \/>\n<link rel=\"canonical\" href=\"https:\/\/distribution.audio-technica.eu\/es-es\/noticias\/audio-technica-presenta-la-nueva-serie-basica-de-capsulas-vm95-incluyendo-la-nueva-generacion-del-legendario-modelo-at95e\/\" \/>\n<meta property=\"og:locale\" content=\"es_ES\" \/>\n<meta property=\"og:type\" content=\"article\" \/>\n<meta property=\"og:title\" content=\"Audio-Technica presenta la nueva serie b\u00e1sica de c\u00e1psulas VM95, incluyendo la nueva generaci\u00f3n del legendario modelo AT95E - Audio-Technica Iberia\" \/>\n<meta property=\"og:description\" content=\"IFA Show, Berl\u00edn, Alemania, 29 de Agosto de 2018. Dise\u00f1ando y fabricando a mano c\u00e1psulas fonogr\u00e1ficas desde 1962, Audio-Technica presenta ahora su nueva serie VM95 que incluye c\u00e1psulas de nivel b\u00e1sico de doble im\u00e1n m\u00f3vil. Bas\u00e1ndose en la rica herencia y experiencia de la compa\u00f1\u00eda, las seis s\u00f3lidas c\u00e1psulas que incluye la gama VM95 incorporan [&hellip;]\" \/>\n<meta property=\"og:url\" content=\"https:\/\/distribution.audio-technica.eu\/es-es\/noticias\/audio-technica-presenta-la-nueva-serie-basica-de-capsulas-vm95-incluyendo-la-nueva-generacion-del-legendario-modelo-at95e\/\" \/>\n<meta property=\"og:site_name\" content=\"Audio-Technica Iberia\" \/>\n<meta property=\"article:published_time\" content=\"2018-08-29T18:06:47+00:00\" \/>\n<meta property=\"article:modified_time\" content=\"2023-10-17T16:29:16+00:00\" \/>\n<meta property=\"og:image\" content=\"https:\/\/distribution.audio-technica.eu\/app\/uploads\/sites\/2\/VM95-banner.jpg\" \/>\n\t<meta property=\"og:image:width\" content=\"640\" \/>\n\t<meta property=\"og:image:height\" content=\"360\" \/>\n\t<meta property=\"og:image:type\" content=\"image\/jpeg\" \/>\n<meta name=\"author\" content=\"ctorras\" \/>\n<meta name=\"twitter:card\" content=\"summary_large_image\" \/>\n<meta name=\"twitter:label1\" content=\"Escrito por\" \/>\n\t<meta name=\"twitter:data1\" content=\"ctorras\" \/>\n\t<meta name=\"twitter:label2\" content=\"Tiempo de lectura\" \/>\n\t<meta name=\"twitter:data2\" content=\"4 minutos\" \/>\n<script type=\"application\/ld+json\" class=\"yoast-schema-graph\">{\"@context\":\"https:\/\/schema.org\",\"@graph\":[{\"@type\":\"Article\",\"@id\":\"https:\/\/distribution.audio-technica.eu\/es-es\/noticias\/audio-technica-presenta-la-nueva-serie-basica-de-capsulas-vm95-incluyendo-la-nueva-generacion-del-legendario-modelo-at95e\/#article\",\"isPartOf\":{\"@id\":\"https:\/\/distribution.audio-technica.eu\/es-es\/noticias\/audio-technica-presenta-la-nueva-serie-basica-de-capsulas-vm95-incluyendo-la-nueva-generacion-del-legendario-modelo-at95e\/\"},\"author\":{\"name\":\"ctorras\",\"@id\":\"https:\/\/distribution.audio-technica.eu\/es-es\/#\/schema\/person\/dbf0d33217ceab6329b4c3144742f2fb\"},\"headline\":\"Audio-Technica presenta la nueva serie b\u00e1sica de c\u00e1psulas VM95, incluyendo la nueva generaci\u00f3n del legendario modelo AT95E\",\"datePublished\":\"2018-08-29T18:06:47+00:00\",\"dateModified\":\"2023-10-17T16:29:16+00:00\",\"mainEntityOfPage\":{\"@id\":\"https:\/\/distribution.audio-technica.eu\/es-es\/noticias\/audio-technica-presenta-la-nueva-serie-basica-de-capsulas-vm95-incluyendo-la-nueva-generacion-del-legendario-modelo-at95e\/\"},\"wordCount\":770,\"image\":{\"@id\":\"https:\/\/distribution.audio-technica.eu\/es-es\/noticias\/audio-technica-presenta-la-nueva-serie-basica-de-capsulas-vm95-incluyendo-la-nueva-generacion-del-legendario-modelo-at95e\/#primaryimage\"},\"thumbnailUrl\":\"\/app\/uploads\/sites\/2\/VM95-banner.jpg\",\"keywords\":[\"C\u00e1psulas\",\"Consumer\",\"IFA 2018\"],\"articleSection\":[\"Novedades\"],\"inLanguage\":\"es\"},{\"@type\":\"WebPage\",\"@id\":\"https:\/\/distribution.audio-technica.eu\/es-es\/noticias\/audio-technica-presenta-la-nueva-serie-basica-de-capsulas-vm95-incluyendo-la-nueva-generacion-del-legendario-modelo-at95e\/\",\"url\":\"https:\/\/distribution.audio-technica.eu\/es-es\/noticias\/audio-technica-presenta-la-nueva-serie-basica-de-capsulas-vm95-incluyendo-la-nueva-generacion-del-legendario-modelo-at95e\/\",\"name\":\"Audio-Technica presenta la nueva serie b\u00e1sica de c\u00e1psulas VM95, incluyendo la nueva generaci\u00f3n del legendario modelo AT95E - Audio-Technica Iberia\",\"isPartOf\":{\"@id\":\"https:\/\/distribution.audio-technica.eu\/es-es\/#website\"},\"primaryImageOfPage\":{\"@id\":\"https:\/\/distribution.audio-technica.eu\/es-es\/noticias\/audio-technica-presenta-la-nueva-serie-basica-de-capsulas-vm95-incluyendo-la-nueva-generacion-del-legendario-modelo-at95e\/#primaryimage\"},\"image\":{\"@id\":\"https:\/\/distribution.audio-technica.eu\/es-es\/noticias\/audio-technica-presenta-la-nueva-serie-basica-de-capsulas-vm95-incluyendo-la-nueva-generacion-del-legendario-modelo-at95e\/#primaryimage\"},\"thumbnailUrl\":\"\/app\/uploads\/sites\/2\/VM95-banner.jpg\",\"datePublished\":\"2018-08-29T18:06:47+00:00\",\"dateModified\":\"2023-10-17T16:29:16+00:00\",\"author\":{\"@id\":\"https:\/\/distribution.audio-technica.eu\/es-es\/#\/schema\/person\/dbf0d33217ceab6329b4c3144742f2fb\"},\"breadcrumb\":{\"@id\":\"https:\/\/distribution.audio-technica.eu\/es-es\/noticias\/audio-technica-presenta-la-nueva-serie-basica-de-capsulas-vm95-incluyendo-la-nueva-generacion-del-legendario-modelo-at95e\/#breadcrumb\"},\"inLanguage\":\"es\",\"potentialAction\":[{\"@type\":\"ReadAction\",\"target\":[\"https:\/\/distribution.audio-technica.eu\/es-es\/noticias\/audio-technica-presenta-la-nueva-serie-basica-de-capsulas-vm95-incluyendo-la-nueva-generacion-del-legendario-modelo-at95e\/\"]}]},{\"@type\":\"ImageObject\",\"inLanguage\":\"es\",\"@id\":\"https:\/\/distribution.audio-technica.eu\/es-es\/noticias\/audio-technica-presenta-la-nueva-serie-basica-de-capsulas-vm95-incluyendo-la-nueva-generacion-del-legendario-modelo-at95e\/#primaryimage\",\"url\":\"\/app\/uploads\/sites\/2\/VM95-banner.jpg\",\"contentUrl\":\"\/app\/uploads\/sites\/2\/VM95-banner.jpg\",\"width\":640,\"height\":360},{\"@type\":\"BreadcrumbList\",\"@id\":\"https:\/\/distribution.audio-technica.eu\/es-es\/noticias\/audio-technica-presenta-la-nueva-serie-basica-de-capsulas-vm95-incluyendo-la-nueva-generacion-del-legendario-modelo-at95e\/#breadcrumb\",\"itemListElement\":[{\"@type\":\"ListItem\",\"position\":1,\"name\":\"Products\",\"item\":\"https:\/\/distribution.audio-technica.eu\/es-es\/\"},{\"@type\":\"ListItem\",\"position\":2,\"name\":\"Audio-Technica presenta la nueva serie b\u00e1sica de c\u00e1psulas VM95, incluyendo la nueva generaci\u00f3n del legendario modelo AT95E\"}]},{\"@type\":\"WebSite\",\"@id\":\"https:\/\/distribution.audio-technica.eu\/es-es\/#website\",\"url\":\"https:\/\/distribution.audio-technica.eu\/es-es\/\",\"name\":\"Audio-Technica Iberia\",\"description\":\"Distribuci\u00f3n\",\"potentialAction\":[{\"@type\":\"SearchAction\",\"target\":{\"@type\":\"EntryPoint\",\"urlTemplate\":\"https:\/\/distribution.audio-technica.eu\/es-es\/?s={search_term_string}\"},\"query-input\":{\"@type\":\"PropertyValueSpecification\",\"valueRequired\":true,\"valueName\":\"search_term_string\"}}],\"inLanguage\":\"es\"},{\"@type\":\"Person\",\"@id\":\"https:\/\/distribution.audio-technica.eu\/es-es\/#\/schema\/person\/dbf0d33217ceab6329b4c3144742f2fb\",\"name\":\"ctorras\"}]}<\/script>\n<!-- \/ Yoast SEO plugin. -->","yoast_head_json":{"title":"Audio-Technica presenta la nueva serie b\u00e1sica de c\u00e1psulas VM95, incluyendo la nueva generaci\u00f3n del legendario modelo AT95E - Audio-Technica Iberia","robots":{"index":"index","follow":"follow","max-snippet":"max-snippet:-1","max-image-preview":"max-image-preview:large","max-video-preview":"max-video-preview:-1"},"canonical":"https:\/\/distribution.audio-technica.eu\/es-es\/noticias\/audio-technica-presenta-la-nueva-serie-basica-de-capsulas-vm95-incluyendo-la-nueva-generacion-del-legendario-modelo-at95e\/","og_locale":"es_ES","og_type":"article","og_title":"Audio-Technica presenta la nueva serie b\u00e1sica de c\u00e1psulas VM95, incluyendo la nueva generaci\u00f3n del legendario modelo AT95E - Audio-Technica Iberia","og_description":"IFA Show, Berl\u00edn, Alemania, 29 de Agosto de 2018. Dise\u00f1ando y fabricando a mano c\u00e1psulas fonogr\u00e1ficas desde 1962, Audio-Technica presenta ahora su nueva serie VM95 que incluye c\u00e1psulas de nivel b\u00e1sico de doble im\u00e1n m\u00f3vil. Bas\u00e1ndose en la rica herencia y experiencia de la compa\u00f1\u00eda, las seis s\u00f3lidas c\u00e1psulas que incluye la gama VM95 incorporan [&hellip;]","og_url":"https:\/\/distribution.audio-technica.eu\/es-es\/noticias\/audio-technica-presenta-la-nueva-serie-basica-de-capsulas-vm95-incluyendo-la-nueva-generacion-del-legendario-modelo-at95e\/","og_site_name":"Audio-Technica Iberia","article_published_time":"2018-08-29T18:06:47+00:00","article_modified_time":"2023-10-17T16:29:16+00:00","og_image":[{"width":640,"height":360,"url":"https:\/\/distribution.audio-technica.eu\/app\/uploads\/sites\/2\/VM95-banner.jpg","type":"image\/jpeg"}],"author":"ctorras","twitter_card":"summary_large_image","twitter_misc":{"Escrito por":"ctorras","Tiempo de lectura":"4 minutos"},"schema":{"@context":"https:\/\/schema.org","@graph":[{"@type":"Article","@id":"https:\/\/distribution.audio-technica.eu\/es-es\/noticias\/audio-technica-presenta-la-nueva-serie-basica-de-capsulas-vm95-incluyendo-la-nueva-generacion-del-legendario-modelo-at95e\/#article","isPartOf":{"@id":"https:\/\/distribution.audio-technica.eu\/es-es\/noticias\/audio-technica-presenta-la-nueva-serie-basica-de-capsulas-vm95-incluyendo-la-nueva-generacion-del-legendario-modelo-at95e\/"},"author":{"name":"ctorras","@id":"https:\/\/distribution.audio-technica.eu\/es-es\/#\/schema\/person\/dbf0d33217ceab6329b4c3144742f2fb"},"headline":"Audio-Technica presenta la nueva serie b\u00e1sica de c\u00e1psulas VM95, incluyendo la nueva generaci\u00f3n del legendario modelo AT95E","datePublished":"2018-08-29T18:06:47+00:00","dateModified":"2023-10-17T16:29:16+00:00","mainEntityOfPage":{"@id":"https:\/\/distribution.audio-technica.eu\/es-es\/noticias\/audio-technica-presenta-la-nueva-serie-basica-de-capsulas-vm95-incluyendo-la-nueva-generacion-del-legendario-modelo-at95e\/"},"wordCount":770,"image":{"@id":"https:\/\/distribution.audio-technica.eu\/es-es\/noticias\/audio-technica-presenta-la-nueva-serie-basica-de-capsulas-vm95-incluyendo-la-nueva-generacion-del-legendario-modelo-at95e\/#primaryimage"},"thumbnailUrl":"\/app\/uploads\/sites\/2\/VM95-banner.jpg","keywords":["C\u00e1psulas","Consumer","IFA 2018"],"articleSection":["Novedades"],"inLanguage":"es"},{"@type":"WebPage","@id":"https:\/\/distribution.audio-technica.eu\/es-es\/noticias\/audio-technica-presenta-la-nueva-serie-basica-de-capsulas-vm95-incluyendo-la-nueva-generacion-del-legendario-modelo-at95e\/","url":"https:\/\/distribution.audio-technica.eu\/es-es\/noticias\/audio-technica-presenta-la-nueva-serie-basica-de-capsulas-vm95-incluyendo-la-nueva-generacion-del-legendario-modelo-at95e\/","name":"Audio-Technica presenta la nueva serie b\u00e1sica de c\u00e1psulas VM95, incluyendo la nueva generaci\u00f3n del legendario modelo AT95E - Audio-Technica Iberia","isPartOf":{"@id":"https:\/\/distribution.audio-technica.eu\/es-es\/#website"},"primaryImageOfPage":{"@id":"https:\/\/distribution.audio-technica.eu\/es-es\/noticias\/audio-technica-presenta-la-nueva-serie-basica-de-capsulas-vm95-incluyendo-la-nueva-generacion-del-legendario-modelo-at95e\/#primaryimage"},"image":{"@id":"https:\/\/distribution.audio-technica.eu\/es-es\/noticias\/audio-technica-presenta-la-nueva-serie-basica-de-capsulas-vm95-incluyendo-la-nueva-generacion-del-legendario-modelo-at95e\/#primaryimage"},"thumbnailUrl":"\/app\/uploads\/sites\/2\/VM95-banner.jpg","datePublished":"2018-08-29T18:06:47+00:00","dateModified":"2023-10-17T16:29:16+00:00","author":{"@id":"https:\/\/distribution.audio-technica.eu\/es-es\/#\/schema\/person\/dbf0d33217ceab6329b4c3144742f2fb"},"breadcrumb":{"@id":"https:\/\/distribution.audio-technica.eu\/es-es\/noticias\/audio-technica-presenta-la-nueva-serie-basica-de-capsulas-vm95-incluyendo-la-nueva-generacion-del-legendario-modelo-at95e\/#breadcrumb"},"inLanguage":"es","potentialAction":[{"@type":"ReadAction","target":["https:\/\/distribution.audio-technica.eu\/es-es\/noticias\/audio-technica-presenta-la-nueva-serie-basica-de-capsulas-vm95-incluyendo-la-nueva-generacion-del-legendario-modelo-at95e\/"]}]},{"@type":"ImageObject","inLanguage":"es","@id":"https:\/\/distribution.audio-technica.eu\/es-es\/noticias\/audio-technica-presenta-la-nueva-serie-basica-de-capsulas-vm95-incluyendo-la-nueva-generacion-del-legendario-modelo-at95e\/#primaryimage","url":"\/app\/uploads\/sites\/2\/VM95-banner.jpg","contentUrl":"\/app\/uploads\/sites\/2\/VM95-banner.jpg","width":640,"height":360},{"@type":"BreadcrumbList","@id":"https:\/\/distribution.audio-technica.eu\/es-es\/noticias\/audio-technica-presenta-la-nueva-serie-basica-de-capsulas-vm95-incluyendo-la-nueva-generacion-del-legendario-modelo-at95e\/#breadcrumb","itemListElement":[{"@type":"ListItem","position":1,"name":"Products","item":"https:\/\/distribution.audio-technica.eu\/es-es\/"},{"@type":"ListItem","position":2,"name":"Audio-Technica presenta la nueva serie b\u00e1sica de c\u00e1psulas VM95, incluyendo la nueva generaci\u00f3n del legendario modelo AT95E"}]},{"@type":"WebSite","@id":"https:\/\/distribution.audio-technica.eu\/es-es\/#website","url":"https:\/\/distribution.audio-technica.eu\/es-es\/","name":"Audio-Technica Iberia","description":"Distribuci\u00f3n","potentialAction":[{"@type":"SearchAction","target":{"@type":"EntryPoint","urlTemplate":"https:\/\/distribution.audio-technica.eu\/es-es\/?s={search_term_string}"},"query-input":{"@type":"PropertyValueSpecification","valueRequired":true,"valueName":"search_term_string"}}],"inLanguage":"es"},{"@type":"Person","@id":"https:\/\/distribution.audio-technica.eu\/es-es\/#\/schema\/person\/dbf0d33217ceab6329b4c3144742f2fb","name":"ctorras"}]}},"_links":{"self":[{"href":"https:\/\/distribution.audio-technica.eu\/es-es\/wp-json\/wp\/v2\/posts\/14656","targetHints":{"allow":["GET"]}}],"collection":[{"href":"https:\/\/distribution.audio-technica.eu\/es-es\/wp-json\/wp\/v2\/posts"}],"about":[{"href":"https:\/\/distribution.audio-technica.eu\/es-es\/wp-json\/wp\/v2\/types\/post"}],"author":[{"embeddable":true,"href":"https:\/\/distribution.audio-technica.eu\/es-es\/wp-json\/wp\/v2\/users\/2"}],"replies":[{"embeddable":true,"href":"https:\/\/distribution.audio-technica.eu\/es-es\/wp-json\/wp\/v2\/comments?post=14656"}],"version-history":[{"count":11,"href":"https:\/\/distribution.audio-technica.eu\/es-es\/wp-json\/wp\/v2\/posts\/14656\/revisions"}],"predecessor-version":[{"id":14718,"href":"https:\/\/distribution.audio-technica.eu\/es-es\/wp-json\/wp\/v2\/posts\/14656\/revisions\/14718"}],"wp:featuredmedia":[{"embeddable":true,"href":"https:\/\/distribution.audio-technica.eu\/es-es\/wp-json\/wp\/v2\/media\/14640"}],"wp:attachment":[{"href":"https:\/\/distribution.audio-technica.eu\/es-es\/wp-json\/wp\/v2\/media?parent=14656"}],"wp:term":[{"taxonomy":"category","embeddable":true,"href":"https:\/\/distribution.audio-technica.eu\/es-es\/wp-json\/wp\/v2\/categories?post=14656"},{"taxonomy":"post_tag","embeddable":true,"href":"https:\/\/distribution.audio-technica.eu\/es-es\/wp-json\/wp\/v2\/tags?post=14656"}],"curies":[{"name":"wp","href":"https:\/\/api.w.org\/{rel}","templated":true}]}}