{"id":14892,"date":"2018-09-19T17:30:33","date_gmt":"2018-09-19T15:30:33","guid":{"rendered":"https:\/\/atdb-production.studiograft.dev\/es\/?p=14892"},"modified":"2023-10-17T18:28:53","modified_gmt":"2023-10-17T16:28:53","slug":"concierto-de-modestia-aparte-con-microfonia-audio-technica","status":"publish","type":"post","link":"https:\/\/distribution.audio-technica.eu\/es-es\/noticias\/concierto-de-modestia-aparte-con-microfonia-audio-technica\/","title":{"rendered":"Concierto de Modestia Aparte en Las Ventas con microfon\u00eda Audio-Technica"},"content":{"rendered":"<h2>Modestia Aparte celebr\u00f3 sus 30 a\u00f1os de carrera en Las Ventas de Madrid, con micr\u00f3fonos Audio-Technica, junto a artistas invitados como Chenoa, Taburete o David DeMar\u00eda.<\/h2>\n<p><a href=\"https:\/\/distribution.audio-technica.eu\/es\/wp-content\/uploads\/sites\/2\/20180912_230106.jpg\"><img loading=\"lazy\" decoding=\"async\" class=\"alignnone size-full wp-image-14884\" src=\"\/es\/wp-content\/uploads\/sites\/2\/20180912_230106.jpg\" alt=\"Nost\u00e1lgico concierto de Modestia Aparte con microfon\u00eda Audio-Technica\" width=\"1500\" height=\"844\" srcset=\"https:\/\/distribution.audio-technica.eu\/app\/uploads\/sites\/2\/20180912_230106.jpg 1500w, https:\/\/distribution.audio-technica.eu\/app\/uploads\/sites\/2\/20180912_230106-300x169.jpg 300w, https:\/\/distribution.audio-technica.eu\/app\/uploads\/sites\/2\/20180912_230106-768x432.jpg 768w, https:\/\/distribution.audio-technica.eu\/app\/uploads\/sites\/2\/20180912_230106-1024x576.jpg 1024w, https:\/\/distribution.audio-technica.eu\/app\/uploads\/sites\/2\/20180912_230106-200x113.jpg 200w, https:\/\/distribution.audio-technica.eu\/app\/uploads\/sites\/2\/20180912_230106-400x225.jpg 400w, https:\/\/distribution.audio-technica.eu\/app\/uploads\/sites\/2\/20180912_230106-600x338.jpg 600w, https:\/\/distribution.audio-technica.eu\/app\/uploads\/sites\/2\/20180912_230106-800x450.jpg 800w, https:\/\/distribution.audio-technica.eu\/app\/uploads\/sites\/2\/20180912_230106-1200x675.jpg 1200w\" sizes=\"auto, (max-width: 1500px) 100vw, 1500px\" \/><\/a><\/p>\n<p>El pasado 12 de septiembre el grupo Modestia Aparte dio un concierto en la plaza de toros de Las Ventas, Madrid. Modestia Aparte fue una de las muchas bandas que triunfaron en Espa\u00f1a en los a\u00f1os 80 y 90, y ahora han hecho este concierto de 30\u00aa aniversario para sus nost\u00e1lgicos seguidores, y adem\u00e1s contaron con la actuaci\u00f3n de algunos artistas invitados, que tambi\u00e9n han participado en el disco \u201c30 a\u00f1os con Modestia Aparte (Son cosas de la edad)\u201d, como Chenoa, Taburete o David DeMar\u00eda.<\/p>\n<p><a href=\"https:\/\/distribution.audio-technica.eu\/es\/wp-content\/uploads\/sites\/2\/P1000019.jpg\"><img loading=\"lazy\" decoding=\"async\" class=\"alignnone size-full wp-image-14891\" src=\"\/es\/wp-content\/uploads\/sites\/2\/P1000019.jpg\" alt=\"Nost\u00e1lgico concierto de Modestia Aparte con microfon\u00eda Audio-Technica\" width=\"1500\" height=\"1125\" srcset=\"https:\/\/distribution.audio-technica.eu\/app\/uploads\/sites\/2\/P1000019.jpg 1500w, https:\/\/distribution.audio-technica.eu\/app\/uploads\/sites\/2\/P1000019-300x225.jpg 300w, https:\/\/distribution.audio-technica.eu\/app\/uploads\/sites\/2\/P1000019-768x576.jpg 768w, https:\/\/distribution.audio-technica.eu\/app\/uploads\/sites\/2\/P1000019-1024x768.jpg 1024w, https:\/\/distribution.audio-technica.eu\/app\/uploads\/sites\/2\/P1000019-200x150.jpg 200w, https:\/\/distribution.audio-technica.eu\/app\/uploads\/sites\/2\/P1000019-400x300.jpg 400w, https:\/\/distribution.audio-technica.eu\/app\/uploads\/sites\/2\/P1000019-600x450.jpg 600w, https:\/\/distribution.audio-technica.eu\/app\/uploads\/sites\/2\/P1000019-800x600.jpg 800w, https:\/\/distribution.audio-technica.eu\/app\/uploads\/sites\/2\/P1000019-1200x900.jpg 1200w\" sizes=\"auto, (max-width: 1500px) 100vw, 1500px\" \/><\/a><\/p>\n<p>La microfon\u00eda de Audio-Technica se us\u00f3 principalmente para voces, bater\u00eda y amplificadores de guitarras, siendo estos los modelos seleccionados: Kit <a href=\"https:\/\/eu.audio-technica.com\/ATM230PK?search=ATM230PK?lang=es\" target=\"_blank\" rel=\"noopener\">ATM230PK<\/a>, <a href=\"https:\/\/eu.audio-technica.com\/AE2500?search=ae2500?lang=es\" target=\"_blank\" rel=\"noopener\">AE2500<\/a>, <a href=\"https:\/\/eu.audio-technica.com\/AT5045?search=AT5045P?lang=es\" target=\"_blank\" rel=\"noopener\">AT5045P<\/a>, <a href=\"https:\/\/eu.audio-technica.com\/AE5100?search=AE5100?lang=es\" target=\"_blank\" rel=\"noopener\">AE5100<\/a> y <a href=\"https:\/\/eu.audio-technica.com\/ATM610a?search=ATM610a?lang=es\" target=\"_blank\" rel=\"noopener\">ATM610a<\/a>.<\/p>\n<div id='gallery-1' class='gallery galleryid-14892 gallery-columns-2 gallery-size-medium'><figure class='gallery-item'>\n\t\t\t<div class='gallery-icon landscape'>\n\t\t\t\t<a href='https:\/\/distribution.audio-technica.eu\/es-es\/img-20180912-wa0017\/'><img loading=\"lazy\" decoding=\"async\" width=\"300\" height=\"225\" src=\"\/app\/uploads\/sites\/2\/IMG-20180912-WA0017-300x225.jpg\" class=\"attachment-medium size-medium\" alt=\"Nost\u00e1lgico concierto de Modestia Aparte con microfon\u00eda Audio-Technica\" srcset=\"https:\/\/distribution.audio-technica.eu\/app\/uploads\/sites\/2\/IMG-20180912-WA0017-300x225.jpg 300w, https:\/\/distribution.audio-technica.eu\/app\/uploads\/sites\/2\/IMG-20180912-WA0017-768x576.jpg 768w, https:\/\/distribution.audio-technica.eu\/app\/uploads\/sites\/2\/IMG-20180912-WA0017-1024x768.jpg 1024w, https:\/\/distribution.audio-technica.eu\/app\/uploads\/sites\/2\/IMG-20180912-WA0017-200x150.jpg 200w, https:\/\/distribution.audio-technica.eu\/app\/uploads\/sites\/2\/IMG-20180912-WA0017-400x300.jpg 400w, https:\/\/distribution.audio-technica.eu\/app\/uploads\/sites\/2\/IMG-20180912-WA0017-600x450.jpg 600w, https:\/\/distribution.audio-technica.eu\/app\/uploads\/sites\/2\/IMG-20180912-WA0017-800x600.jpg 800w, https:\/\/distribution.audio-technica.eu\/app\/uploads\/sites\/2\/IMG-20180912-WA0017-1200x900.jpg 1200w, https:\/\/distribution.audio-technica.eu\/app\/uploads\/sites\/2\/IMG-20180912-WA0017.jpg 1500w\" sizes=\"auto, (max-width: 300px) 100vw, 300px\" \/><\/a>\n\t\t\t<\/div><\/figure><figure class='gallery-item'>\n\t\t\t<div class='gallery-icon landscape'>\n\t\t\t\t<a href='https:\/\/distribution.audio-technica.eu\/es-es\/img-20180912-wa0014\/'><img loading=\"lazy\" decoding=\"async\" width=\"300\" height=\"225\" src=\"\/app\/uploads\/sites\/2\/IMG-20180912-WA0014-300x225.jpg\" class=\"attachment-medium size-medium\" alt=\"Nost\u00e1lgico concierto de Modestia Aparte con microfon\u00eda Audio-Technica\" srcset=\"https:\/\/distribution.audio-technica.eu\/app\/uploads\/sites\/2\/IMG-20180912-WA0014-300x225.jpg 300w, https:\/\/distribution.audio-technica.eu\/app\/uploads\/sites\/2\/IMG-20180912-WA0014-768x576.jpg 768w, https:\/\/distribution.audio-technica.eu\/app\/uploads\/sites\/2\/IMG-20180912-WA0014-1024x768.jpg 1024w, https:\/\/distribution.audio-technica.eu\/app\/uploads\/sites\/2\/IMG-20180912-WA0014-200x150.jpg 200w, https:\/\/distribution.audio-technica.eu\/app\/uploads\/sites\/2\/IMG-20180912-WA0014-400x300.jpg 400w, https:\/\/distribution.audio-technica.eu\/app\/uploads\/sites\/2\/IMG-20180912-WA0014-600x450.jpg 600w, https:\/\/distribution.audio-technica.eu\/app\/uploads\/sites\/2\/IMG-20180912-WA0014-800x600.jpg 800w, https:\/\/distribution.audio-technica.eu\/app\/uploads\/sites\/2\/IMG-20180912-WA0014-1200x900.jpg 1200w, https:\/\/distribution.audio-technica.eu\/app\/uploads\/sites\/2\/IMG-20180912-WA0014.jpg 1500w\" sizes=\"auto, (max-width: 300px) 100vw, 300px\" \/><\/a>\n\t\t\t<\/div><\/figure><figure class='gallery-item'>\n\t\t\t<div class='gallery-icon landscape'>\n\t\t\t\t<a href='https:\/\/distribution.audio-technica.eu\/es-es\/img-20180912-wa0013\/'><img loading=\"lazy\" decoding=\"async\" width=\"300\" height=\"225\" src=\"\/app\/uploads\/sites\/2\/IMG-20180912-WA0013-300x225.jpg\" class=\"attachment-medium size-medium\" alt=\"Nost\u00e1lgico concierto de Modestia Aparte con microfon\u00eda Audio-Technica\" srcset=\"https:\/\/distribution.audio-technica.eu\/app\/uploads\/sites\/2\/IMG-20180912-WA0013-300x225.jpg 300w, https:\/\/distribution.audio-technica.eu\/app\/uploads\/sites\/2\/IMG-20180912-WA0013-768x576.jpg 768w, https:\/\/distribution.audio-technica.eu\/app\/uploads\/sites\/2\/IMG-20180912-WA0013-1024x768.jpg 1024w, https:\/\/distribution.audio-technica.eu\/app\/uploads\/sites\/2\/IMG-20180912-WA0013-200x150.jpg 200w, https:\/\/distribution.audio-technica.eu\/app\/uploads\/sites\/2\/IMG-20180912-WA0013-400x300.jpg 400w, https:\/\/distribution.audio-technica.eu\/app\/uploads\/sites\/2\/IMG-20180912-WA0013-600x450.jpg 600w, https:\/\/distribution.audio-technica.eu\/app\/uploads\/sites\/2\/IMG-20180912-WA0013-800x600.jpg 800w, https:\/\/distribution.audio-technica.eu\/app\/uploads\/sites\/2\/IMG-20180912-WA0013.jpg 1200w\" sizes=\"auto, (max-width: 300px) 100vw, 300px\" \/><\/a>\n\t\t\t<\/div><\/figure><figure class='gallery-item'>\n\t\t\t<div class='gallery-icon landscape'>\n\t\t\t\t<a href='https:\/\/distribution.audio-technica.eu\/es-es\/img-20180912-wa0006\/'><img loading=\"lazy\" decoding=\"async\" width=\"300\" height=\"225\" src=\"\/app\/uploads\/sites\/2\/IMG-20180912-WA0006-300x225.jpg\" class=\"attachment-medium size-medium\" alt=\"Nost\u00e1lgico concierto de Modestia Aparte con microfon\u00eda Audio-Technica\" srcset=\"https:\/\/distribution.audio-technica.eu\/app\/uploads\/sites\/2\/IMG-20180912-WA0006-300x225.jpg 300w, https:\/\/distribution.audio-technica.eu\/app\/uploads\/sites\/2\/IMG-20180912-WA0006-768x576.jpg 768w, https:\/\/distribution.audio-technica.eu\/app\/uploads\/sites\/2\/IMG-20180912-WA0006-1024x768.jpg 1024w, https:\/\/distribution.audio-technica.eu\/app\/uploads\/sites\/2\/IMG-20180912-WA0006-200x150.jpg 200w, https:\/\/distribution.audio-technica.eu\/app\/uploads\/sites\/2\/IMG-20180912-WA0006-400x300.jpg 400w, https:\/\/distribution.audio-technica.eu\/app\/uploads\/sites\/2\/IMG-20180912-WA0006-600x450.jpg 600w, https:\/\/distribution.audio-technica.eu\/app\/uploads\/sites\/2\/IMG-20180912-WA0006-800x600.jpg 800w, https:\/\/distribution.audio-technica.eu\/app\/uploads\/sites\/2\/IMG-20180912-WA0006.jpg 1200w\" sizes=\"auto, (max-width: 300px) 100vw, 300px\" \/><\/a>\n\t\t\t<\/div><\/figure>\n\t\t<\/div>\n\n","protected":false},"excerpt":{"rendered":"<p>Modestia Aparte celebr\u00f3 sus 30 a\u00f1os de carrera en Las Ventas de Madrid, con micr\u00f3fonos Audio-Technica, junto a artistas invitados como Chenoa, Taburete o David DeMar\u00eda. El pasado 12 de septiembre el grupo Modestia Aparte dio un concierto en la plaza de toros de Las Ventas, Madrid. Modestia Aparte fue una de las muchas bandas [&hellip;]<\/p>\n","protected":false},"author":2,"featured_media":14885,"comment_status":"closed","ping_status":"closed","sticky":false,"template":"","format":"standard","meta":{"_acf_changed":false,"footnotes":""},"categories":[2458,2461],"tags":[1579,2006],"class_list":["post-14892","post","type-post","status-publish","format-standard","has-post-thumbnail","hentry","category-eventos","category-noticias","tag-directo","tag-modestia-aparte"],"acf":[],"yoast_head":"<!-- This site is optimized with the Yoast SEO plugin v27.1.1 - https:\/\/yoast.com\/product\/yoast-seo-wordpress\/ -->\n<title>Concierto de Modestia Aparte en Las Ventas con microfon\u00eda Audio-Technica - Audio-Technica Iberia<\/title>\n<meta name=\"robots\" content=\"index, follow, max-snippet:-1, max-image-preview:large, max-video-preview:-1\" \/>\n<link rel=\"canonical\" href=\"https:\/\/distribution.audio-technica.eu\/es-es\/noticias\/concierto-de-modestia-aparte-con-microfonia-audio-technica\/\" \/>\n<meta property=\"og:locale\" content=\"es_ES\" \/>\n<meta property=\"og:type\" content=\"article\" \/>\n<meta property=\"og:title\" content=\"Concierto de Modestia Aparte en Las Ventas con microfon\u00eda Audio-Technica - Audio-Technica Iberia\" \/>\n<meta property=\"og:description\" content=\"Modestia Aparte celebr\u00f3 sus 30 a\u00f1os de carrera en Las Ventas de Madrid, con micr\u00f3fonos Audio-Technica, junto a artistas invitados como Chenoa, Taburete o David DeMar\u00eda. El pasado 12 de septiembre el grupo Modestia Aparte dio un concierto en la plaza de toros de Las Ventas, Madrid. Modestia Aparte fue una de las muchas bandas [&hellip;]\" \/>\n<meta property=\"og:url\" content=\"https:\/\/distribution.audio-technica.eu\/es-es\/noticias\/concierto-de-modestia-aparte-con-microfonia-audio-technica\/\" \/>\n<meta property=\"og:site_name\" content=\"Audio-Technica Iberia\" \/>\n<meta property=\"article:published_time\" content=\"2018-09-19T15:30:33+00:00\" \/>\n<meta property=\"article:modified_time\" content=\"2023-10-17T16:28:53+00:00\" \/>\n<meta property=\"og:image\" content=\"https:\/\/distribution.audio-technica.eu\/app\/uploads\/sites\/2\/banner-4.jpg\" \/>\n\t<meta property=\"og:image:width\" content=\"640\" \/>\n\t<meta property=\"og:image:height\" content=\"360\" \/>\n\t<meta property=\"og:image:type\" content=\"image\/jpeg\" \/>\n<meta name=\"author\" content=\"ctorras\" \/>\n<meta name=\"twitter:card\" content=\"summary_large_image\" \/>\n<meta name=\"twitter:label1\" content=\"Escrito por\" \/>\n\t<meta name=\"twitter:data1\" content=\"ctorras\" \/>\n\t<meta name=\"twitter:label2\" content=\"Tiempo de lectura\" \/>\n\t<meta name=\"twitter:data2\" content=\"1 minuto\" \/>\n<script type=\"application\/ld+json\" class=\"yoast-schema-graph\">{\"@context\":\"https:\/\/schema.org\",\"@graph\":[{\"@type\":\"Article\",\"@id\":\"https:\/\/distribution.audio-technica.eu\/es-es\/noticias\/concierto-de-modestia-aparte-con-microfonia-audio-technica\/#article\",\"isPartOf\":{\"@id\":\"https:\/\/distribution.audio-technica.eu\/es-es\/noticias\/concierto-de-modestia-aparte-con-microfonia-audio-technica\/\"},\"author\":{\"name\":\"ctorras\",\"@id\":\"https:\/\/distribution.audio-technica.eu\/es-es\/#\/schema\/person\/dbf0d33217ceab6329b4c3144742f2fb\"},\"headline\":\"Concierto de Modestia Aparte en Las Ventas con microfon\u00eda Audio-Technica\",\"datePublished\":\"2018-09-19T15:30:33+00:00\",\"dateModified\":\"2023-10-17T16:28:53+00:00\",\"mainEntityOfPage\":{\"@id\":\"https:\/\/distribution.audio-technica.eu\/es-es\/noticias\/concierto-de-modestia-aparte-con-microfonia-audio-technica\/\"},\"wordCount\":163,\"image\":{\"@id\":\"https:\/\/distribution.audio-technica.eu\/es-es\/noticias\/concierto-de-modestia-aparte-con-microfonia-audio-technica\/#primaryimage\"},\"thumbnailUrl\":\"\/app\/uploads\/sites\/2\/banner-4.jpg\",\"keywords\":[\"directo\",\"Modestia Aparte\"],\"articleSection\":[\"Eventos\",\"Noticias\"],\"inLanguage\":\"es\"},{\"@type\":\"WebPage\",\"@id\":\"https:\/\/distribution.audio-technica.eu\/es-es\/noticias\/concierto-de-modestia-aparte-con-microfonia-audio-technica\/\",\"url\":\"https:\/\/distribution.audio-technica.eu\/es-es\/noticias\/concierto-de-modestia-aparte-con-microfonia-audio-technica\/\",\"name\":\"Concierto de Modestia Aparte en Las Ventas con microfon\u00eda Audio-Technica - Audio-Technica Iberia\",\"isPartOf\":{\"@id\":\"https:\/\/distribution.audio-technica.eu\/es-es\/#website\"},\"primaryImageOfPage\":{\"@id\":\"https:\/\/distribution.audio-technica.eu\/es-es\/noticias\/concierto-de-modestia-aparte-con-microfonia-audio-technica\/#primaryimage\"},\"image\":{\"@id\":\"https:\/\/distribution.audio-technica.eu\/es-es\/noticias\/concierto-de-modestia-aparte-con-microfonia-audio-technica\/#primaryimage\"},\"thumbnailUrl\":\"\/app\/uploads\/sites\/2\/banner-4.jpg\",\"datePublished\":\"2018-09-19T15:30:33+00:00\",\"dateModified\":\"2023-10-17T16:28:53+00:00\",\"author\":{\"@id\":\"https:\/\/distribution.audio-technica.eu\/es-es\/#\/schema\/person\/dbf0d33217ceab6329b4c3144742f2fb\"},\"breadcrumb\":{\"@id\":\"https:\/\/distribution.audio-technica.eu\/es-es\/noticias\/concierto-de-modestia-aparte-con-microfonia-audio-technica\/#breadcrumb\"},\"inLanguage\":\"es\",\"potentialAction\":[{\"@type\":\"ReadAction\",\"target\":[\"https:\/\/distribution.audio-technica.eu\/es-es\/noticias\/concierto-de-modestia-aparte-con-microfonia-audio-technica\/\"]}]},{\"@type\":\"ImageObject\",\"inLanguage\":\"es\",\"@id\":\"https:\/\/distribution.audio-technica.eu\/es-es\/noticias\/concierto-de-modestia-aparte-con-microfonia-audio-technica\/#primaryimage\",\"url\":\"\/app\/uploads\/sites\/2\/banner-4.jpg\",\"contentUrl\":\"\/app\/uploads\/sites\/2\/banner-4.jpg\",\"width\":640,\"height\":360,\"caption\":\"Nost\u00e1lgico concierto de Modestia Aparte con microfon\u00eda Audio-Technica\"},{\"@type\":\"BreadcrumbList\",\"@id\":\"https:\/\/distribution.audio-technica.eu\/es-es\/noticias\/concierto-de-modestia-aparte-con-microfonia-audio-technica\/#breadcrumb\",\"itemListElement\":[{\"@type\":\"ListItem\",\"position\":1,\"name\":\"Products\",\"item\":\"https:\/\/distribution.audio-technica.eu\/es-es\/\"},{\"@type\":\"ListItem\",\"position\":2,\"name\":\"Concierto de Modestia Aparte en Las Ventas con microfon\u00eda Audio-Technica\"}]},{\"@type\":\"WebSite\",\"@id\":\"https:\/\/distribution.audio-technica.eu\/es-es\/#website\",\"url\":\"https:\/\/distribution.audio-technica.eu\/es-es\/\",\"name\":\"Audio-Technica Iberia\",\"description\":\"Distribuci\u00f3n\",\"potentialAction\":[{\"@type\":\"SearchAction\",\"target\":{\"@type\":\"EntryPoint\",\"urlTemplate\":\"https:\/\/distribution.audio-technica.eu\/es-es\/?s={search_term_string}\"},\"query-input\":{\"@type\":\"PropertyValueSpecification\",\"valueRequired\":true,\"valueName\":\"search_term_string\"}}],\"inLanguage\":\"es\"},{\"@type\":\"Person\",\"@id\":\"https:\/\/distribution.audio-technica.eu\/es-es\/#\/schema\/person\/dbf0d33217ceab6329b4c3144742f2fb\",\"name\":\"ctorras\"}]}<\/script>\n<!-- \/ Yoast SEO plugin. -->","yoast_head_json":{"title":"Concierto de Modestia Aparte en Las Ventas con microfon\u00eda Audio-Technica - Audio-Technica Iberia","robots":{"index":"index","follow":"follow","max-snippet":"max-snippet:-1","max-image-preview":"max-image-preview:large","max-video-preview":"max-video-preview:-1"},"canonical":"https:\/\/distribution.audio-technica.eu\/es-es\/noticias\/concierto-de-modestia-aparte-con-microfonia-audio-technica\/","og_locale":"es_ES","og_type":"article","og_title":"Concierto de Modestia Aparte en Las Ventas con microfon\u00eda Audio-Technica - Audio-Technica Iberia","og_description":"Modestia Aparte celebr\u00f3 sus 30 a\u00f1os de carrera en Las Ventas de Madrid, con micr\u00f3fonos Audio-Technica, junto a artistas invitados como Chenoa, Taburete o David DeMar\u00eda. El pasado 12 de septiembre el grupo Modestia Aparte dio un concierto en la plaza de toros de Las Ventas, Madrid. Modestia Aparte fue una de las muchas bandas [&hellip;]","og_url":"https:\/\/distribution.audio-technica.eu\/es-es\/noticias\/concierto-de-modestia-aparte-con-microfonia-audio-technica\/","og_site_name":"Audio-Technica Iberia","article_published_time":"2018-09-19T15:30:33+00:00","article_modified_time":"2023-10-17T16:28:53+00:00","og_image":[{"width":640,"height":360,"url":"https:\/\/distribution.audio-technica.eu\/app\/uploads\/sites\/2\/banner-4.jpg","type":"image\/jpeg"}],"author":"ctorras","twitter_card":"summary_large_image","twitter_misc":{"Escrito por":"ctorras","Tiempo de lectura":"1 minuto"},"schema":{"@context":"https:\/\/schema.org","@graph":[{"@type":"Article","@id":"https:\/\/distribution.audio-technica.eu\/es-es\/noticias\/concierto-de-modestia-aparte-con-microfonia-audio-technica\/#article","isPartOf":{"@id":"https:\/\/distribution.audio-technica.eu\/es-es\/noticias\/concierto-de-modestia-aparte-con-microfonia-audio-technica\/"},"author":{"name":"ctorras","@id":"https:\/\/distribution.audio-technica.eu\/es-es\/#\/schema\/person\/dbf0d33217ceab6329b4c3144742f2fb"},"headline":"Concierto de Modestia Aparte en Las Ventas con microfon\u00eda Audio-Technica","datePublished":"2018-09-19T15:30:33+00:00","dateModified":"2023-10-17T16:28:53+00:00","mainEntityOfPage":{"@id":"https:\/\/distribution.audio-technica.eu\/es-es\/noticias\/concierto-de-modestia-aparte-con-microfonia-audio-technica\/"},"wordCount":163,"image":{"@id":"https:\/\/distribution.audio-technica.eu\/es-es\/noticias\/concierto-de-modestia-aparte-con-microfonia-audio-technica\/#primaryimage"},"thumbnailUrl":"\/app\/uploads\/sites\/2\/banner-4.jpg","keywords":["directo","Modestia Aparte"],"articleSection":["Eventos","Noticias"],"inLanguage":"es"},{"@type":"WebPage","@id":"https:\/\/distribution.audio-technica.eu\/es-es\/noticias\/concierto-de-modestia-aparte-con-microfonia-audio-technica\/","url":"https:\/\/distribution.audio-technica.eu\/es-es\/noticias\/concierto-de-modestia-aparte-con-microfonia-audio-technica\/","name":"Concierto de Modestia Aparte en Las Ventas con microfon\u00eda Audio-Technica - Audio-Technica Iberia","isPartOf":{"@id":"https:\/\/distribution.audio-technica.eu\/es-es\/#website"},"primaryImageOfPage":{"@id":"https:\/\/distribution.audio-technica.eu\/es-es\/noticias\/concierto-de-modestia-aparte-con-microfonia-audio-technica\/#primaryimage"},"image":{"@id":"https:\/\/distribution.audio-technica.eu\/es-es\/noticias\/concierto-de-modestia-aparte-con-microfonia-audio-technica\/#primaryimage"},"thumbnailUrl":"\/app\/uploads\/sites\/2\/banner-4.jpg","datePublished":"2018-09-19T15:30:33+00:00","dateModified":"2023-10-17T16:28:53+00:00","author":{"@id":"https:\/\/distribution.audio-technica.eu\/es-es\/#\/schema\/person\/dbf0d33217ceab6329b4c3144742f2fb"},"breadcrumb":{"@id":"https:\/\/distribution.audio-technica.eu\/es-es\/noticias\/concierto-de-modestia-aparte-con-microfonia-audio-technica\/#breadcrumb"},"inLanguage":"es","potentialAction":[{"@type":"ReadAction","target":["https:\/\/distribution.audio-technica.eu\/es-es\/noticias\/concierto-de-modestia-aparte-con-microfonia-audio-technica\/"]}]},{"@type":"ImageObject","inLanguage":"es","@id":"https:\/\/distribution.audio-technica.eu\/es-es\/noticias\/concierto-de-modestia-aparte-con-microfonia-audio-technica\/#primaryimage","url":"\/app\/uploads\/sites\/2\/banner-4.jpg","contentUrl":"\/app\/uploads\/sites\/2\/banner-4.jpg","width":640,"height":360,"caption":"Nost\u00e1lgico concierto de Modestia Aparte con microfon\u00eda Audio-Technica"},{"@type":"BreadcrumbList","@id":"https:\/\/distribution.audio-technica.eu\/es-es\/noticias\/concierto-de-modestia-aparte-con-microfonia-audio-technica\/#breadcrumb","itemListElement":[{"@type":"ListItem","position":1,"name":"Products","item":"https:\/\/distribution.audio-technica.eu\/es-es\/"},{"@type":"ListItem","position":2,"name":"Concierto de Modestia Aparte en Las Ventas con microfon\u00eda Audio-Technica"}]},{"@type":"WebSite","@id":"https:\/\/distribution.audio-technica.eu\/es-es\/#website","url":"https:\/\/distribution.audio-technica.eu\/es-es\/","name":"Audio-Technica Iberia","description":"Distribuci\u00f3n","potentialAction":[{"@type":"SearchAction","target":{"@type":"EntryPoint","urlTemplate":"https:\/\/distribution.audio-technica.eu\/es-es\/?s={search_term_string}"},"query-input":{"@type":"PropertyValueSpecification","valueRequired":true,"valueName":"search_term_string"}}],"inLanguage":"es"},{"@type":"Person","@id":"https:\/\/distribution.audio-technica.eu\/es-es\/#\/schema\/person\/dbf0d33217ceab6329b4c3144742f2fb","name":"ctorras"}]}},"_links":{"self":[{"href":"https:\/\/distribution.audio-technica.eu\/es-es\/wp-json\/wp\/v2\/posts\/14892","targetHints":{"allow":["GET"]}}],"collection":[{"href":"https:\/\/distribution.audio-technica.eu\/es-es\/wp-json\/wp\/v2\/posts"}],"about":[{"href":"https:\/\/distribution.audio-technica.eu\/es-es\/wp-json\/wp\/v2\/types\/post"}],"author":[{"embeddable":true,"href":"https:\/\/distribution.audio-technica.eu\/es-es\/wp-json\/wp\/v2\/users\/2"}],"replies":[{"embeddable":true,"href":"https:\/\/distribution.audio-technica.eu\/es-es\/wp-json\/wp\/v2\/comments?post=14892"}],"version-history":[{"count":6,"href":"https:\/\/distribution.audio-technica.eu\/es-es\/wp-json\/wp\/v2\/posts\/14892\/revisions"}],"predecessor-version":[{"id":14899,"href":"https:\/\/distribution.audio-technica.eu\/es-es\/wp-json\/wp\/v2\/posts\/14892\/revisions\/14899"}],"wp:featuredmedia":[{"embeddable":true,"href":"https:\/\/distribution.audio-technica.eu\/es-es\/wp-json\/wp\/v2\/media\/14885"}],"wp:attachment":[{"href":"https:\/\/distribution.audio-technica.eu\/es-es\/wp-json\/wp\/v2\/media?parent=14892"}],"wp:term":[{"taxonomy":"category","embeddable":true,"href":"https:\/\/distribution.audio-technica.eu\/es-es\/wp-json\/wp\/v2\/categories?post=14892"},{"taxonomy":"post_tag","embeddable":true,"href":"https:\/\/distribution.audio-technica.eu\/es-es\/wp-json\/wp\/v2\/tags?post=14892"}],"curies":[{"name":"wp","href":"https:\/\/api.w.org\/{rel}","templated":true}]}}