{"id":14911,"date":"2018-09-20T18:40:38","date_gmt":"2018-09-20T16:40:38","guid":{"rendered":"https:\/\/atdb-production.studiograft.dev\/es\/?p=14911"},"modified":"2023-07-31T10:58:30","modified_gmt":"2023-07-31T08:58:30","slug":"joan-baez-de-gira-con-dlive-de-allen-heath","status":"publish","type":"post","link":"https:\/\/distribution.audio-technica.eu\/es-es\/noticias\/joan-baez-de-gira-con-dlive-de-allen-heath\/","title":{"rendered":"Joan Baez, de gira con dLive de Allen &amp; Heath"},"content":{"rendered":"<figure id=\"attachment_14910\" aria-describedby=\"caption-attachment-14910\" style=\"width: 1024px\" class=\"wp-caption alignnone\"><a href=\"https:\/\/distribution.audio-technica.eu\/es\/wp-content\/uploads\/sites\/2\/NdP-AH-dLive-Joan-Baez_Courtesy-Cesare-Veronesi.jpg\"><img loading=\"lazy\" decoding=\"async\" class=\"size-full wp-image-14910\" src=\"\/es\/wp-content\/uploads\/sites\/2\/NdP-AH-dLive-Joan-Baez_Courtesy-Cesare-Veronesi.jpg\" alt=\"Joan Baez, de gira con dLive de Allen &amp; Heath\" width=\"1024\" height=\"683\" srcset=\"https:\/\/distribution.audio-technica.eu\/app\/uploads\/sites\/2\/NdP-AH-dLive-Joan-Baez_Courtesy-Cesare-Veronesi.jpg 1024w, https:\/\/distribution.audio-technica.eu\/app\/uploads\/sites\/2\/NdP-AH-dLive-Joan-Baez_Courtesy-Cesare-Veronesi-300x200.jpg 300w, https:\/\/distribution.audio-technica.eu\/app\/uploads\/sites\/2\/NdP-AH-dLive-Joan-Baez_Courtesy-Cesare-Veronesi-768x512.jpg 768w, https:\/\/distribution.audio-technica.eu\/app\/uploads\/sites\/2\/NdP-AH-dLive-Joan-Baez_Courtesy-Cesare-Veronesi-200x133.jpg 200w, https:\/\/distribution.audio-technica.eu\/app\/uploads\/sites\/2\/NdP-AH-dLive-Joan-Baez_Courtesy-Cesare-Veronesi-400x267.jpg 400w, https:\/\/distribution.audio-technica.eu\/app\/uploads\/sites\/2\/NdP-AH-dLive-Joan-Baez_Courtesy-Cesare-Veronesi-600x400.jpg 600w, https:\/\/distribution.audio-technica.eu\/app\/uploads\/sites\/2\/NdP-AH-dLive-Joan-Baez_Courtesy-Cesare-Veronesi-800x534.jpg 800w\" sizes=\"auto, (max-width: 1024px) 100vw, 1024px\" \/><\/a><figcaption id=\"caption-attachment-14910\" class=\"wp-caption-text\">Foto cortes\u00eda de Cesare Veronesi<\/figcaption><\/figure>\n<p>Despu\u00e9s de una exitosa gira por Europa, con todas las entradas vendidas, Joan Baez continua su gira \u201cFare Three Well\u201d por Am\u00e9rica del Norte. Tanto los monitores como el FOH est\u00e1n siendo mezclados por el ingeniero Jason Raboin, de Klondike Sound, utilizando una superficie Clase C <a href=\"https:\/\/distribution.audio-technica.eu\/es\/product\/dlive-c3500\/\" target=\"_blank\" rel=\"noopener\">C3500<\/a> con un MixRack <a href=\"https:\/\/distribution.audio-technica.eu\/es\/product\/dlive-cdm48\/\" target=\"_blank\" rel=\"noopener\">CDM48<\/a> de Allen &amp; Heath.<\/p>\n<p>Seg\u00fan afirma Raboin, \u201c<em>Trabajo con Joan desde hace quince a\u00f1os, y es una artista fant\u00e1stica. En estos momentos, ella ha simplificado su banda hasta tres componentes, y yo he empezado a controlar simult\u00e1neamente tanto el FOH como los monitores, por lo que necesitaba una consola mejor. Investigu\u00e9 bastante y habl\u00e9 con mucha gente en la que conf\u00edo. Entonces, asist\u00ed a una demo de dLive. Incluso solamente con m\u00fasica pregrabada, sonaba mucho mejor que lo que estaba utilizando hasta entonces. As\u00ed que fui a por ella, y ha sido fant\u00e1stico.<\/em>\u201d<\/p>\n<p>Raboin describe la configuraci\u00f3n t\u00edpica para una actuaci\u00f3n. \u201c<em>Tengo 24 entradas procedentes del escenario, con tres mezclas intra aurales y cuatro cu\u00f1as, y cualquier otra cosa que sea necesaria para cada local en concreto. Y la demanda de entradas es tan grande que algunas veces tengo asientos situados tras el escenario. Por lo tanto, tengo muchas zonas que gestionar<\/em>\u201d. En dos conciertos realizados en Francia, Raboin suministr\u00f3 env\u00edos Dante a un cami\u00f3n de broadcast y a\u00f1ade, \u201c<em>Tambi\u00e9n, hubo un equipo de rodaje de un documental que nos sigui\u00f3 en algunas actuaciones, y les proporcion\u00e9 ocho env\u00edos anal\u00f3gicos desde el MixRack. Disponer de 24 salidas anal\u00f3gicas adem\u00e1s del env\u00edo AES hace esto posible<\/em>\u201d.<\/p>\n<figure id=\"attachment_14908\" aria-describedby=\"caption-attachment-14908\" style=\"width: 1024px\" class=\"wp-caption alignnone\"><a href=\"https:\/\/distribution.audio-technica.eu\/es\/wp-content\/uploads\/sites\/2\/NdP-AH-dLive-Joan-Baez_technician-Jason-Raboin.jpg\"><img loading=\"lazy\" decoding=\"async\" class=\"size-full wp-image-14908\" src=\"\/es\/wp-content\/uploads\/sites\/2\/NdP-AH-dLive-Joan-Baez_technician-Jason-Raboin.jpg\" alt=\"Joan Baez, de gira con dLive de Allen &amp; Heath\" width=\"1024\" height=\"683\" srcset=\"https:\/\/distribution.audio-technica.eu\/app\/uploads\/sites\/2\/NdP-AH-dLive-Joan-Baez_technician-Jason-Raboin.jpg 1024w, https:\/\/distribution.audio-technica.eu\/app\/uploads\/sites\/2\/NdP-AH-dLive-Joan-Baez_technician-Jason-Raboin-300x200.jpg 300w, https:\/\/distribution.audio-technica.eu\/app\/uploads\/sites\/2\/NdP-AH-dLive-Joan-Baez_technician-Jason-Raboin-768x512.jpg 768w, https:\/\/distribution.audio-technica.eu\/app\/uploads\/sites\/2\/NdP-AH-dLive-Joan-Baez_technician-Jason-Raboin-200x133.jpg 200w, https:\/\/distribution.audio-technica.eu\/app\/uploads\/sites\/2\/NdP-AH-dLive-Joan-Baez_technician-Jason-Raboin-400x267.jpg 400w, https:\/\/distribution.audio-technica.eu\/app\/uploads\/sites\/2\/NdP-AH-dLive-Joan-Baez_technician-Jason-Raboin-600x400.jpg 600w, https:\/\/distribution.audio-technica.eu\/app\/uploads\/sites\/2\/NdP-AH-dLive-Joan-Baez_technician-Jason-Raboin-800x534.jpg 800w\" sizes=\"auto, (max-width: 1024px) 100vw, 1024px\" \/><\/a><figcaption id=\"caption-attachment-14908\" class=\"wp-caption-text\">Jason Raboin, de Klondike Sound, utilizando una superficie C3500 con un MixRack CDM48 de Allen &amp; Heath<\/figcaption><\/figure>\n<p>Los bancos y capas de dLive ayudan a Reboin a gestionar sus entradas. Utiliza los retardos y reverbs de ExtraRack FX internos del mezclador para los instrumentos y las voces, y escenas de dLive para trabajos espec\u00edficos. Raboin graba cada actuaci\u00f3n a trav\u00e9s de una tarjeta dLive Waves y utiliza el Virtual Sound Check del mezclador para ajustar cada actuaci\u00f3n. Afirma que \u201c<em>VSC hace que ahora las pruebas de sonido sean mucho m\u00e1s cortas<\/em>\u201d.<\/p>\n<p>La gira cuenta con su propia monitorizaci\u00f3n intra aural y a trav\u00e9s de cu\u00f1as, y Raboin apunta que \u201c<em>la mezcla intra aural de Joan es principalmente post fader y divido su canal de voz, as\u00ed que la banda escucha lo mismo que el p\u00fablico. El percusionista cuenta con su propia mezcla intra aural sobre un iPad, con la app dLive OneMix. Esto ha sido fant\u00e1stico.<\/em>\u201d<\/p>\n<p>Raboin comenta, \u201c<em>En esta gira trabajamos en todo tipo de locales, desde exteriores a salas sinf\u00f3nicas. As\u00ed que la din\u00e1mica puede cambiar mucho de una actuaci\u00f3n a otra. Pero dLive realmente nos ha ayudado mucho a gestionar esto. El sonido es realmente fant\u00e1stico y siento que por fin he encontrado lo que he estado buscando durante muchos a\u00f1os.<\/em> \u201c<\/p>\n<p>&nbsp;<\/p>\n<p>Allen &amp; Heath es distribuido en Espa\u00f1a por<a href=\"https:\/\/distribution.audio-technica.eu\/es\/allen-heath\/\" target=\"_blank\" rel=\"noopener\">\u00a0Audio-Technica Iberia<\/a><\/p>\n","protected":false},"excerpt":{"rendered":"<p>Despu\u00e9s de una exitosa gira por Europa, con todas las entradas vendidas, Joan Baez continua su gira \u201cFare Three Well\u201d por Am\u00e9rica del Norte. Tanto los monitores como el FOH est\u00e1n siendo mezclados por el ingeniero Jason Raboin, de Klondike Sound, utilizando una superficie Clase C C3500 con un MixRack CDM48 de Allen &amp; Heath. [&hellip;]<\/p>\n","protected":false},"author":2,"featured_media":14909,"comment_status":"closed","ping_status":"closed","sticky":false,"template":"","format":"standard","meta":{"_acf_changed":false,"footnotes":""},"categories":[1821],"tags":[1587,1696],"class_list":["post-14911","post","type-post","status-publish","format-standard","has-post-thumbnail","hentry","category-artistas","tag-dlive","tag-gira"],"acf":[],"yoast_head":"<!-- This site is optimized with the Yoast SEO plugin v27.1.1 - https:\/\/yoast.com\/product\/yoast-seo-wordpress\/ -->\n<title>Joan Baez, de gira con dLive de Allen &amp; Heath - Audio-Technica Iberia<\/title>\n<meta name=\"robots\" content=\"index, follow, max-snippet:-1, max-image-preview:large, max-video-preview:-1\" \/>\n<link rel=\"canonical\" href=\"https:\/\/distribution.audio-technica.eu\/es-es\/noticias\/joan-baez-de-gira-con-dlive-de-allen-heath\/\" \/>\n<meta property=\"og:locale\" content=\"es_ES\" \/>\n<meta property=\"og:type\" content=\"article\" \/>\n<meta property=\"og:title\" content=\"Joan Baez, de gira con dLive de Allen &amp; Heath - Audio-Technica Iberia\" \/>\n<meta property=\"og:description\" content=\"Despu\u00e9s de una exitosa gira por Europa, con todas las entradas vendidas, Joan Baez continua su gira \u201cFare Three Well\u201d por Am\u00e9rica del Norte. Tanto los monitores como el FOH est\u00e1n siendo mezclados por el ingeniero Jason Raboin, de Klondike Sound, utilizando una superficie Clase C C3500 con un MixRack CDM48 de Allen &amp; Heath. [&hellip;]\" \/>\n<meta property=\"og:url\" content=\"https:\/\/distribution.audio-technica.eu\/es-es\/noticias\/joan-baez-de-gira-con-dlive-de-allen-heath\/\" \/>\n<meta property=\"og:site_name\" content=\"Audio-Technica Iberia\" \/>\n<meta property=\"article:published_time\" content=\"2018-09-20T16:40:38+00:00\" \/>\n<meta property=\"article:modified_time\" content=\"2023-07-31T08:58:30+00:00\" \/>\n<meta property=\"og:image\" content=\"https:\/\/distribution.audio-technica.eu\/app\/uploads\/sites\/2\/NdP-AH-dLive-Joan-Baez-banner.jpg\" \/>\n\t<meta property=\"og:image:width\" content=\"640\" \/>\n\t<meta property=\"og:image:height\" content=\"360\" \/>\n\t<meta property=\"og:image:type\" content=\"image\/jpeg\" \/>\n<meta name=\"author\" content=\"ctorras\" \/>\n<meta name=\"twitter:card\" content=\"summary_large_image\" \/>\n<meta name=\"twitter:label1\" content=\"Escrito por\" \/>\n\t<meta name=\"twitter:data1\" content=\"ctorras\" \/>\n\t<meta name=\"twitter:label2\" content=\"Tiempo de lectura\" \/>\n\t<meta name=\"twitter:data2\" content=\"3 minutos\" \/>\n<script type=\"application\/ld+json\" class=\"yoast-schema-graph\">{\"@context\":\"https:\/\/schema.org\",\"@graph\":[{\"@type\":\"Article\",\"@id\":\"https:\/\/distribution.audio-technica.eu\/es-es\/noticias\/joan-baez-de-gira-con-dlive-de-allen-heath\/#article\",\"isPartOf\":{\"@id\":\"https:\/\/distribution.audio-technica.eu\/es-es\/noticias\/joan-baez-de-gira-con-dlive-de-allen-heath\/\"},\"author\":{\"name\":\"ctorras\",\"@id\":\"https:\/\/distribution.audio-technica.eu\/es-es\/#\/schema\/person\/dbf0d33217ceab6329b4c3144742f2fb\"},\"headline\":\"Joan Baez, de gira con dLive de Allen &amp; Heath\",\"datePublished\":\"2018-09-20T16:40:38+00:00\",\"dateModified\":\"2023-07-31T08:58:30+00:00\",\"mainEntityOfPage\":{\"@id\":\"https:\/\/distribution.audio-technica.eu\/es-es\/noticias\/joan-baez-de-gira-con-dlive-de-allen-heath\/\"},\"wordCount\":548,\"image\":{\"@id\":\"https:\/\/distribution.audio-technica.eu\/es-es\/noticias\/joan-baez-de-gira-con-dlive-de-allen-heath\/#primaryimage\"},\"thumbnailUrl\":\"\/app\/uploads\/sites\/2\/NdP-AH-dLive-Joan-Baez-banner.jpg\",\"keywords\":[\"dLive\",\"gira\"],\"articleSection\":[\"Artistas\"],\"inLanguage\":\"es\"},{\"@type\":\"WebPage\",\"@id\":\"https:\/\/distribution.audio-technica.eu\/es-es\/noticias\/joan-baez-de-gira-con-dlive-de-allen-heath\/\",\"url\":\"https:\/\/distribution.audio-technica.eu\/es-es\/noticias\/joan-baez-de-gira-con-dlive-de-allen-heath\/\",\"name\":\"Joan Baez, de gira con dLive de Allen &amp; Heath - Audio-Technica Iberia\",\"isPartOf\":{\"@id\":\"https:\/\/distribution.audio-technica.eu\/es-es\/#website\"},\"primaryImageOfPage\":{\"@id\":\"https:\/\/distribution.audio-technica.eu\/es-es\/noticias\/joan-baez-de-gira-con-dlive-de-allen-heath\/#primaryimage\"},\"image\":{\"@id\":\"https:\/\/distribution.audio-technica.eu\/es-es\/noticias\/joan-baez-de-gira-con-dlive-de-allen-heath\/#primaryimage\"},\"thumbnailUrl\":\"\/app\/uploads\/sites\/2\/NdP-AH-dLive-Joan-Baez-banner.jpg\",\"datePublished\":\"2018-09-20T16:40:38+00:00\",\"dateModified\":\"2023-07-31T08:58:30+00:00\",\"author\":{\"@id\":\"https:\/\/distribution.audio-technica.eu\/es-es\/#\/schema\/person\/dbf0d33217ceab6329b4c3144742f2fb\"},\"breadcrumb\":{\"@id\":\"https:\/\/distribution.audio-technica.eu\/es-es\/noticias\/joan-baez-de-gira-con-dlive-de-allen-heath\/#breadcrumb\"},\"inLanguage\":\"es\",\"potentialAction\":[{\"@type\":\"ReadAction\",\"target\":[\"https:\/\/distribution.audio-technica.eu\/es-es\/noticias\/joan-baez-de-gira-con-dlive-de-allen-heath\/\"]}]},{\"@type\":\"ImageObject\",\"inLanguage\":\"es\",\"@id\":\"https:\/\/distribution.audio-technica.eu\/es-es\/noticias\/joan-baez-de-gira-con-dlive-de-allen-heath\/#primaryimage\",\"url\":\"\/app\/uploads\/sites\/2\/NdP-AH-dLive-Joan-Baez-banner.jpg\",\"contentUrl\":\"\/app\/uploads\/sites\/2\/NdP-AH-dLive-Joan-Baez-banner.jpg\",\"width\":640,\"height\":360,\"caption\":\"Joan Baez, de gira con dLive de Allen & Heath\"},{\"@type\":\"BreadcrumbList\",\"@id\":\"https:\/\/distribution.audio-technica.eu\/es-es\/noticias\/joan-baez-de-gira-con-dlive-de-allen-heath\/#breadcrumb\",\"itemListElement\":[{\"@type\":\"ListItem\",\"position\":1,\"name\":\"Products\",\"item\":\"https:\/\/distribution.audio-technica.eu\/es-es\/\"},{\"@type\":\"ListItem\",\"position\":2,\"name\":\"Joan Baez, de gira con dLive de Allen &amp; Heath\"}]},{\"@type\":\"WebSite\",\"@id\":\"https:\/\/distribution.audio-technica.eu\/es-es\/#website\",\"url\":\"https:\/\/distribution.audio-technica.eu\/es-es\/\",\"name\":\"Audio-Technica Iberia\",\"description\":\"Distribuci\u00f3n\",\"potentialAction\":[{\"@type\":\"SearchAction\",\"target\":{\"@type\":\"EntryPoint\",\"urlTemplate\":\"https:\/\/distribution.audio-technica.eu\/es-es\/?s={search_term_string}\"},\"query-input\":{\"@type\":\"PropertyValueSpecification\",\"valueRequired\":true,\"valueName\":\"search_term_string\"}}],\"inLanguage\":\"es\"},{\"@type\":\"Person\",\"@id\":\"https:\/\/distribution.audio-technica.eu\/es-es\/#\/schema\/person\/dbf0d33217ceab6329b4c3144742f2fb\",\"name\":\"ctorras\"}]}<\/script>\n<!-- \/ Yoast SEO plugin. -->","yoast_head_json":{"title":"Joan Baez, de gira con dLive de Allen &amp; Heath - Audio-Technica Iberia","robots":{"index":"index","follow":"follow","max-snippet":"max-snippet:-1","max-image-preview":"max-image-preview:large","max-video-preview":"max-video-preview:-1"},"canonical":"https:\/\/distribution.audio-technica.eu\/es-es\/noticias\/joan-baez-de-gira-con-dlive-de-allen-heath\/","og_locale":"es_ES","og_type":"article","og_title":"Joan Baez, de gira con dLive de Allen &amp; Heath - Audio-Technica Iberia","og_description":"Despu\u00e9s de una exitosa gira por Europa, con todas las entradas vendidas, Joan Baez continua su gira \u201cFare Three Well\u201d por Am\u00e9rica del Norte. Tanto los monitores como el FOH est\u00e1n siendo mezclados por el ingeniero Jason Raboin, de Klondike Sound, utilizando una superficie Clase C C3500 con un MixRack CDM48 de Allen &amp; Heath. [&hellip;]","og_url":"https:\/\/distribution.audio-technica.eu\/es-es\/noticias\/joan-baez-de-gira-con-dlive-de-allen-heath\/","og_site_name":"Audio-Technica Iberia","article_published_time":"2018-09-20T16:40:38+00:00","article_modified_time":"2023-07-31T08:58:30+00:00","og_image":[{"width":640,"height":360,"url":"https:\/\/distribution.audio-technica.eu\/app\/uploads\/sites\/2\/NdP-AH-dLive-Joan-Baez-banner.jpg","type":"image\/jpeg"}],"author":"ctorras","twitter_card":"summary_large_image","twitter_misc":{"Escrito por":"ctorras","Tiempo de lectura":"3 minutos"},"schema":{"@context":"https:\/\/schema.org","@graph":[{"@type":"Article","@id":"https:\/\/distribution.audio-technica.eu\/es-es\/noticias\/joan-baez-de-gira-con-dlive-de-allen-heath\/#article","isPartOf":{"@id":"https:\/\/distribution.audio-technica.eu\/es-es\/noticias\/joan-baez-de-gira-con-dlive-de-allen-heath\/"},"author":{"name":"ctorras","@id":"https:\/\/distribution.audio-technica.eu\/es-es\/#\/schema\/person\/dbf0d33217ceab6329b4c3144742f2fb"},"headline":"Joan Baez, de gira con dLive de Allen &amp; Heath","datePublished":"2018-09-20T16:40:38+00:00","dateModified":"2023-07-31T08:58:30+00:00","mainEntityOfPage":{"@id":"https:\/\/distribution.audio-technica.eu\/es-es\/noticias\/joan-baez-de-gira-con-dlive-de-allen-heath\/"},"wordCount":548,"image":{"@id":"https:\/\/distribution.audio-technica.eu\/es-es\/noticias\/joan-baez-de-gira-con-dlive-de-allen-heath\/#primaryimage"},"thumbnailUrl":"\/app\/uploads\/sites\/2\/NdP-AH-dLive-Joan-Baez-banner.jpg","keywords":["dLive","gira"],"articleSection":["Artistas"],"inLanguage":"es"},{"@type":"WebPage","@id":"https:\/\/distribution.audio-technica.eu\/es-es\/noticias\/joan-baez-de-gira-con-dlive-de-allen-heath\/","url":"https:\/\/distribution.audio-technica.eu\/es-es\/noticias\/joan-baez-de-gira-con-dlive-de-allen-heath\/","name":"Joan Baez, de gira con dLive de Allen &amp; Heath - Audio-Technica Iberia","isPartOf":{"@id":"https:\/\/distribution.audio-technica.eu\/es-es\/#website"},"primaryImageOfPage":{"@id":"https:\/\/distribution.audio-technica.eu\/es-es\/noticias\/joan-baez-de-gira-con-dlive-de-allen-heath\/#primaryimage"},"image":{"@id":"https:\/\/distribution.audio-technica.eu\/es-es\/noticias\/joan-baez-de-gira-con-dlive-de-allen-heath\/#primaryimage"},"thumbnailUrl":"\/app\/uploads\/sites\/2\/NdP-AH-dLive-Joan-Baez-banner.jpg","datePublished":"2018-09-20T16:40:38+00:00","dateModified":"2023-07-31T08:58:30+00:00","author":{"@id":"https:\/\/distribution.audio-technica.eu\/es-es\/#\/schema\/person\/dbf0d33217ceab6329b4c3144742f2fb"},"breadcrumb":{"@id":"https:\/\/distribution.audio-technica.eu\/es-es\/noticias\/joan-baez-de-gira-con-dlive-de-allen-heath\/#breadcrumb"},"inLanguage":"es","potentialAction":[{"@type":"ReadAction","target":["https:\/\/distribution.audio-technica.eu\/es-es\/noticias\/joan-baez-de-gira-con-dlive-de-allen-heath\/"]}]},{"@type":"ImageObject","inLanguage":"es","@id":"https:\/\/distribution.audio-technica.eu\/es-es\/noticias\/joan-baez-de-gira-con-dlive-de-allen-heath\/#primaryimage","url":"\/app\/uploads\/sites\/2\/NdP-AH-dLive-Joan-Baez-banner.jpg","contentUrl":"\/app\/uploads\/sites\/2\/NdP-AH-dLive-Joan-Baez-banner.jpg","width":640,"height":360,"caption":"Joan Baez, de gira con dLive de Allen & Heath"},{"@type":"BreadcrumbList","@id":"https:\/\/distribution.audio-technica.eu\/es-es\/noticias\/joan-baez-de-gira-con-dlive-de-allen-heath\/#breadcrumb","itemListElement":[{"@type":"ListItem","position":1,"name":"Products","item":"https:\/\/distribution.audio-technica.eu\/es-es\/"},{"@type":"ListItem","position":2,"name":"Joan Baez, de gira con dLive de Allen &amp; Heath"}]},{"@type":"WebSite","@id":"https:\/\/distribution.audio-technica.eu\/es-es\/#website","url":"https:\/\/distribution.audio-technica.eu\/es-es\/","name":"Audio-Technica Iberia","description":"Distribuci\u00f3n","potentialAction":[{"@type":"SearchAction","target":{"@type":"EntryPoint","urlTemplate":"https:\/\/distribution.audio-technica.eu\/es-es\/?s={search_term_string}"},"query-input":{"@type":"PropertyValueSpecification","valueRequired":true,"valueName":"search_term_string"}}],"inLanguage":"es"},{"@type":"Person","@id":"https:\/\/distribution.audio-technica.eu\/es-es\/#\/schema\/person\/dbf0d33217ceab6329b4c3144742f2fb","name":"ctorras"}]}},"_links":{"self":[{"href":"https:\/\/distribution.audio-technica.eu\/es-es\/wp-json\/wp\/v2\/posts\/14911","targetHints":{"allow":["GET"]}}],"collection":[{"href":"https:\/\/distribution.audio-technica.eu\/es-es\/wp-json\/wp\/v2\/posts"}],"about":[{"href":"https:\/\/distribution.audio-technica.eu\/es-es\/wp-json\/wp\/v2\/types\/post"}],"author":[{"embeddable":true,"href":"https:\/\/distribution.audio-technica.eu\/es-es\/wp-json\/wp\/v2\/users\/2"}],"replies":[{"embeddable":true,"href":"https:\/\/distribution.audio-technica.eu\/es-es\/wp-json\/wp\/v2\/comments?post=14911"}],"version-history":[{"count":9,"href":"https:\/\/distribution.audio-technica.eu\/es-es\/wp-json\/wp\/v2\/posts\/14911\/revisions"}],"predecessor-version":[{"id":14994,"href":"https:\/\/distribution.audio-technica.eu\/es-es\/wp-json\/wp\/v2\/posts\/14911\/revisions\/14994"}],"wp:featuredmedia":[{"embeddable":true,"href":"https:\/\/distribution.audio-technica.eu\/es-es\/wp-json\/wp\/v2\/media\/14909"}],"wp:attachment":[{"href":"https:\/\/distribution.audio-technica.eu\/es-es\/wp-json\/wp\/v2\/media?parent=14911"}],"wp:term":[{"taxonomy":"category","embeddable":true,"href":"https:\/\/distribution.audio-technica.eu\/es-es\/wp-json\/wp\/v2\/categories?post=14911"},{"taxonomy":"post_tag","embeddable":true,"href":"https:\/\/distribution.audio-technica.eu\/es-es\/wp-json\/wp\/v2\/tags?post=14911"}],"curies":[{"name":"wp","href":"https:\/\/api.w.org\/{rel}","templated":true}]}}