{"id":14974,"date":"2018-10-04T13:42:38","date_gmt":"2018-10-04T11:42:38","guid":{"rendered":"https:\/\/atdb-production.studiograft.dev\/es\/?p=14974"},"modified":"2023-10-17T18:28:36","modified_gmt":"2023-10-17T16:28:36","slug":"audio-technica-presenta-unidades-de-exposicion-y-comercializacion-en-punto-de-venta","status":"publish","type":"post","link":"https:\/\/distribution.audio-technica.eu\/es-es\/noticias\/audio-technica-presenta-unidades-de-exposicion-y-comercializacion-en-punto-de-venta\/","title":{"rendered":"Audio-Technica presenta unidades de exposici\u00f3n y comercializaci\u00f3n en punto de venta en toda la regi\u00f3n EMEA"},"content":{"rendered":"<figure id=\"attachment_14975\" aria-describedby=\"caption-attachment-14975\" style=\"width: 510px\" class=\"wp-caption alignright\"><a href=\"https:\/\/distribution.audio-technica.eu\/es\/wp-content\/uploads\/sites\/2\/Audio-Technica_retail_units.jpg\"><img loading=\"lazy\" decoding=\"async\" class=\" wp-image-14975\" src=\"\/es\/wp-content\/uploads\/sites\/2\/Audio-Technica_retail_units.jpg\" alt=\"Audio-Technica presenta unidades de exposici\u00f3n y comercializaci\u00f3n en punto de venta en toda la regi\u00f3n EMEA \" width=\"510\" height=\"938\" srcset=\"https:\/\/distribution.audio-technica.eu\/app\/uploads\/sites\/2\/Audio-Technica_retail_units.jpg 1360w, https:\/\/distribution.audio-technica.eu\/app\/uploads\/sites\/2\/Audio-Technica_retail_units-163x300.jpg 163w, https:\/\/distribution.audio-technica.eu\/app\/uploads\/sites\/2\/Audio-Technica_retail_units-768x1412.jpg 768w, https:\/\/distribution.audio-technica.eu\/app\/uploads\/sites\/2\/Audio-Technica_retail_units-557x1024.jpg 557w, https:\/\/distribution.audio-technica.eu\/app\/uploads\/sites\/2\/Audio-Technica_retail_units-200x368.jpg 200w, https:\/\/distribution.audio-technica.eu\/app\/uploads\/sites\/2\/Audio-Technica_retail_units-400x735.jpg 400w, https:\/\/distribution.audio-technica.eu\/app\/uploads\/sites\/2\/Audio-Technica_retail_units-600x1103.jpg 600w, https:\/\/distribution.audio-technica.eu\/app\/uploads\/sites\/2\/Audio-Technica_retail_units-800x1471.jpg 800w, https:\/\/distribution.audio-technica.eu\/app\/uploads\/sites\/2\/Audio-Technica_retail_units-1200x2206.jpg 1200w\" sizes=\"auto, (max-width: 510px) 100vw, 510px\" \/><\/a><figcaption id=\"caption-attachment-14975\" class=\"wp-caption-text\">De izquierda a derecha: Tim Page, marketing manager de audio profesional EMEA de Audio-Technica, con Joe France, sales manager de zona y especialista en DJ de Audio-Technica, en la tienda de m\u00fasica Andertons Music Co. de Guildford (Reino Unido)<\/figcaption><\/figure>\n<p>Audio-Technica ha comenzado recientemente a instalar m\u00e1s de 60 nuevos expositores en punto de venta destinados a los comercios MI m\u00e1s destacados dentro de la zona EMEA. El primero de ellos ha sido instalado en el Reino Unido, concretamente en Andertons Music en Guildford. Otros lugares donde pronto estar\u00e1 disponible incluyen Reidys (Blackburn) y Music Matter (Preston) en el Reino Unido, La Boutique Speciale en Paris y Musikhaus Kirstein en Schongau, cerca de Munich.<\/p>\n<p>Demostrando su creciente compromiso con los distribuidores MI de base, la inversi\u00f3n de Audio-Technica en estos nuevos expositores de punto de venta permite que los clientes puedan tocar y escuchar no menos de 30 de los auriculares, micr\u00f3fonos y productos inal\u00e1mbricos claves en el cat\u00e1logo de la empresa. Entre los productos mostrados se incluye la enormemente popular serie M (incluyendo los modelos M50x y el nuevo M60x) y los nuevos auriculares orientados a los DJs profesionales, los micr\u00f3fonos de las series Artist, Artist Elite y Serie 20 y los inal\u00e1mbricos System 10.<\/p>\n<p>El dise\u00f1o de la unidad incorpora conectividad Plug In &amp; Escucha para smartphones que permite la demostraci\u00f3n de auriculares y contenidos en pantalla de v\u00eddeo, permitiendo un compromiso significativo tanto con los equipos expuestos y la marca Audio-Technica como con sus usuarios profesionales.<\/p>\n<p>Tim Page, marketing manager de audio profesional de Audio-Technica para la zona EMEA, afirma, <em>\u201cLas tiendas al por menor, con su capacidad para ofrecer asesoramiento y servicio al cliente, siguen teniendo una importancia crucial para mantener la presencia de Audio-Technica en el mercado MI, y estoy muy satisfecho de que seamos capaces de apoyar nuestro trabajo con comercios clave en toda la zona EMEA con esta significativa inversi\u00f3n en este nuevo punto de venta interactivo. Estar\u00e1 pronto en comercios de Sud\u00e1frica, Rusia y Escandinavia, lo cual me complace mucho.\u201d<\/em><\/p>\n<p><em>\u201cLa unidad ha sido dise\u00f1ada para ser una poderosa herramienta de venta para los equipos comerciales y una excelente experiencia de demostraci\u00f3n y educacional para los clientes; esperamos tener instaladas las 61 unidades a finales de a\u00f1o, a tiempo para la temporada de ventas antes de las fiestas navide\u00f1as.\u201d<\/em><\/p>\n<p>&nbsp;<\/p>\n<p>Para m\u00e1s informaci\u00f3n, visite por favor <a href=\"http:\/\/www.eu.audio-technica.com\">www.eu.audio-technica.com<\/a>.<\/p>\n","protected":false},"excerpt":{"rendered":"<p>Audio-Technica ha comenzado recientemente a instalar m\u00e1s de 60 nuevos expositores en punto de venta destinados a los comercios MI m\u00e1s destacados dentro de la zona EMEA. El primero de ellos ha sido instalado en el Reino Unido, concretamente en Andertons Music en Guildford. Otros lugares donde pronto estar\u00e1 disponible incluyen Reidys (Blackburn) y Music [&hellip;]<\/p>\n","protected":false},"author":2,"featured_media":14976,"comment_status":"closed","ping_status":"closed","sticky":false,"template":"","format":"standard","meta":{"_acf_changed":false,"footnotes":""},"categories":[1692],"tags":[1708,1805,1675,2011,2010],"class_list":["post-14974","post","type-post","status-publish","format-standard","has-post-thumbnail","hentry","category-empresa","tag-auriculares","tag-inalambricos","tag-microfonos","tag-puntode-venta","tag-tiendas"],"acf":[],"yoast_head":"<!-- This site is optimized with the Yoast SEO plugin v27.1.1 - https:\/\/yoast.com\/product\/yoast-seo-wordpress\/ -->\n<title>Audio-Technica presenta unidades de exposici\u00f3n y comercializaci\u00f3n en punto de venta en toda la regi\u00f3n EMEA - Audio-Technica Iberia<\/title>\n<meta name=\"robots\" content=\"index, follow, max-snippet:-1, max-image-preview:large, max-video-preview:-1\" \/>\n<link rel=\"canonical\" href=\"https:\/\/distribution.audio-technica.eu\/es-es\/noticias\/audio-technica-presenta-unidades-de-exposicion-y-comercializacion-en-punto-de-venta\/\" \/>\n<meta property=\"og:locale\" content=\"es_ES\" \/>\n<meta property=\"og:type\" content=\"article\" \/>\n<meta property=\"og:title\" content=\"Audio-Technica presenta unidades de exposici\u00f3n y comercializaci\u00f3n en punto de venta en toda la regi\u00f3n EMEA - Audio-Technica Iberia\" \/>\n<meta property=\"og:description\" content=\"Audio-Technica ha comenzado recientemente a instalar m\u00e1s de 60 nuevos expositores en punto de venta destinados a los comercios MI m\u00e1s destacados dentro de la zona EMEA. El primero de ellos ha sido instalado en el Reino Unido, concretamente en Andertons Music en Guildford. Otros lugares donde pronto estar\u00e1 disponible incluyen Reidys (Blackburn) y Music [&hellip;]\" \/>\n<meta property=\"og:url\" content=\"https:\/\/distribution.audio-technica.eu\/es-es\/noticias\/audio-technica-presenta-unidades-de-exposicion-y-comercializacion-en-punto-de-venta\/\" \/>\n<meta property=\"og:site_name\" content=\"Audio-Technica Iberia\" \/>\n<meta property=\"article:published_time\" content=\"2018-10-04T11:42:38+00:00\" \/>\n<meta property=\"article:modified_time\" content=\"2023-10-17T16:28:36+00:00\" \/>\n<meta property=\"og:image\" content=\"https:\/\/distribution.audio-technica.eu\/app\/uploads\/sites\/2\/Audio-Technica_retail_units_banner.jpg\" \/>\n\t<meta property=\"og:image:width\" content=\"640\" \/>\n\t<meta property=\"og:image:height\" content=\"360\" \/>\n\t<meta property=\"og:image:type\" content=\"image\/jpeg\" \/>\n<meta name=\"author\" content=\"ctorras\" \/>\n<meta name=\"twitter:card\" content=\"summary_large_image\" \/>\n<meta name=\"twitter:label1\" content=\"Escrito por\" \/>\n\t<meta name=\"twitter:data1\" content=\"ctorras\" \/>\n\t<meta name=\"twitter:label2\" content=\"Tiempo de lectura\" \/>\n\t<meta name=\"twitter:data2\" content=\"2 minutos\" \/>\n<script type=\"application\/ld+json\" class=\"yoast-schema-graph\">{\"@context\":\"https:\/\/schema.org\",\"@graph\":[{\"@type\":\"Article\",\"@id\":\"https:\/\/distribution.audio-technica.eu\/es-es\/noticias\/audio-technica-presenta-unidades-de-exposicion-y-comercializacion-en-punto-de-venta\/#article\",\"isPartOf\":{\"@id\":\"https:\/\/distribution.audio-technica.eu\/es-es\/noticias\/audio-technica-presenta-unidades-de-exposicion-y-comercializacion-en-punto-de-venta\/\"},\"author\":{\"name\":\"ctorras\",\"@id\":\"https:\/\/distribution.audio-technica.eu\/es-es\/#\/schema\/person\/dbf0d33217ceab6329b4c3144742f2fb\"},\"headline\":\"Audio-Technica presenta unidades de exposici\u00f3n y comercializaci\u00f3n en punto de venta en toda la regi\u00f3n EMEA\",\"datePublished\":\"2018-10-04T11:42:38+00:00\",\"dateModified\":\"2023-10-17T16:28:36+00:00\",\"mainEntityOfPage\":{\"@id\":\"https:\/\/distribution.audio-technica.eu\/es-es\/noticias\/audio-technica-presenta-unidades-de-exposicion-y-comercializacion-en-punto-de-venta\/\"},\"wordCount\":440,\"image\":{\"@id\":\"https:\/\/distribution.audio-technica.eu\/es-es\/noticias\/audio-technica-presenta-unidades-de-exposicion-y-comercializacion-en-punto-de-venta\/#primaryimage\"},\"thumbnailUrl\":\"\/app\/uploads\/sites\/2\/Audio-Technica_retail_units_banner.jpg\",\"keywords\":[\"auriculares\",\"inalambricos\",\"Micr\u00f3fonos\",\"puntode venta\",\"tiendas\"],\"articleSection\":[\"Empresa\"],\"inLanguage\":\"es\"},{\"@type\":\"WebPage\",\"@id\":\"https:\/\/distribution.audio-technica.eu\/es-es\/noticias\/audio-technica-presenta-unidades-de-exposicion-y-comercializacion-en-punto-de-venta\/\",\"url\":\"https:\/\/distribution.audio-technica.eu\/es-es\/noticias\/audio-technica-presenta-unidades-de-exposicion-y-comercializacion-en-punto-de-venta\/\",\"name\":\"Audio-Technica presenta unidades de exposici\u00f3n y comercializaci\u00f3n en punto de venta en toda la regi\u00f3n EMEA - Audio-Technica Iberia\",\"isPartOf\":{\"@id\":\"https:\/\/distribution.audio-technica.eu\/es-es\/#website\"},\"primaryImageOfPage\":{\"@id\":\"https:\/\/distribution.audio-technica.eu\/es-es\/noticias\/audio-technica-presenta-unidades-de-exposicion-y-comercializacion-en-punto-de-venta\/#primaryimage\"},\"image\":{\"@id\":\"https:\/\/distribution.audio-technica.eu\/es-es\/noticias\/audio-technica-presenta-unidades-de-exposicion-y-comercializacion-en-punto-de-venta\/#primaryimage\"},\"thumbnailUrl\":\"\/app\/uploads\/sites\/2\/Audio-Technica_retail_units_banner.jpg\",\"datePublished\":\"2018-10-04T11:42:38+00:00\",\"dateModified\":\"2023-10-17T16:28:36+00:00\",\"author\":{\"@id\":\"https:\/\/distribution.audio-technica.eu\/es-es\/#\/schema\/person\/dbf0d33217ceab6329b4c3144742f2fb\"},\"breadcrumb\":{\"@id\":\"https:\/\/distribution.audio-technica.eu\/es-es\/noticias\/audio-technica-presenta-unidades-de-exposicion-y-comercializacion-en-punto-de-venta\/#breadcrumb\"},\"inLanguage\":\"es\",\"potentialAction\":[{\"@type\":\"ReadAction\",\"target\":[\"https:\/\/distribution.audio-technica.eu\/es-es\/noticias\/audio-technica-presenta-unidades-de-exposicion-y-comercializacion-en-punto-de-venta\/\"]}]},{\"@type\":\"ImageObject\",\"inLanguage\":\"es\",\"@id\":\"https:\/\/distribution.audio-technica.eu\/es-es\/noticias\/audio-technica-presenta-unidades-de-exposicion-y-comercializacion-en-punto-de-venta\/#primaryimage\",\"url\":\"\/app\/uploads\/sites\/2\/Audio-Technica_retail_units_banner.jpg\",\"contentUrl\":\"\/app\/uploads\/sites\/2\/Audio-Technica_retail_units_banner.jpg\",\"width\":640,\"height\":360},{\"@type\":\"BreadcrumbList\",\"@id\":\"https:\/\/distribution.audio-technica.eu\/es-es\/noticias\/audio-technica-presenta-unidades-de-exposicion-y-comercializacion-en-punto-de-venta\/#breadcrumb\",\"itemListElement\":[{\"@type\":\"ListItem\",\"position\":1,\"name\":\"Products\",\"item\":\"https:\/\/distribution.audio-technica.eu\/es-es\/\"},{\"@type\":\"ListItem\",\"position\":2,\"name\":\"Audio-Technica presenta unidades de exposici\u00f3n y comercializaci\u00f3n en punto de venta en toda la regi\u00f3n EMEA\"}]},{\"@type\":\"WebSite\",\"@id\":\"https:\/\/distribution.audio-technica.eu\/es-es\/#website\",\"url\":\"https:\/\/distribution.audio-technica.eu\/es-es\/\",\"name\":\"Audio-Technica Iberia\",\"description\":\"Distribuci\u00f3n\",\"potentialAction\":[{\"@type\":\"SearchAction\",\"target\":{\"@type\":\"EntryPoint\",\"urlTemplate\":\"https:\/\/distribution.audio-technica.eu\/es-es\/?s={search_term_string}\"},\"query-input\":{\"@type\":\"PropertyValueSpecification\",\"valueRequired\":true,\"valueName\":\"search_term_string\"}}],\"inLanguage\":\"es\"},{\"@type\":\"Person\",\"@id\":\"https:\/\/distribution.audio-technica.eu\/es-es\/#\/schema\/person\/dbf0d33217ceab6329b4c3144742f2fb\",\"name\":\"ctorras\"}]}<\/script>\n<!-- \/ Yoast SEO plugin. -->","yoast_head_json":{"title":"Audio-Technica presenta unidades de exposici\u00f3n y comercializaci\u00f3n en punto de venta en toda la regi\u00f3n EMEA - Audio-Technica Iberia","robots":{"index":"index","follow":"follow","max-snippet":"max-snippet:-1","max-image-preview":"max-image-preview:large","max-video-preview":"max-video-preview:-1"},"canonical":"https:\/\/distribution.audio-technica.eu\/es-es\/noticias\/audio-technica-presenta-unidades-de-exposicion-y-comercializacion-en-punto-de-venta\/","og_locale":"es_ES","og_type":"article","og_title":"Audio-Technica presenta unidades de exposici\u00f3n y comercializaci\u00f3n en punto de venta en toda la regi\u00f3n EMEA - Audio-Technica Iberia","og_description":"Audio-Technica ha comenzado recientemente a instalar m\u00e1s de 60 nuevos expositores en punto de venta destinados a los comercios MI m\u00e1s destacados dentro de la zona EMEA. El primero de ellos ha sido instalado en el Reino Unido, concretamente en Andertons Music en Guildford. Otros lugares donde pronto estar\u00e1 disponible incluyen Reidys (Blackburn) y Music [&hellip;]","og_url":"https:\/\/distribution.audio-technica.eu\/es-es\/noticias\/audio-technica-presenta-unidades-de-exposicion-y-comercializacion-en-punto-de-venta\/","og_site_name":"Audio-Technica Iberia","article_published_time":"2018-10-04T11:42:38+00:00","article_modified_time":"2023-10-17T16:28:36+00:00","og_image":[{"width":640,"height":360,"url":"https:\/\/distribution.audio-technica.eu\/app\/uploads\/sites\/2\/Audio-Technica_retail_units_banner.jpg","type":"image\/jpeg"}],"author":"ctorras","twitter_card":"summary_large_image","twitter_misc":{"Escrito por":"ctorras","Tiempo de lectura":"2 minutos"},"schema":{"@context":"https:\/\/schema.org","@graph":[{"@type":"Article","@id":"https:\/\/distribution.audio-technica.eu\/es-es\/noticias\/audio-technica-presenta-unidades-de-exposicion-y-comercializacion-en-punto-de-venta\/#article","isPartOf":{"@id":"https:\/\/distribution.audio-technica.eu\/es-es\/noticias\/audio-technica-presenta-unidades-de-exposicion-y-comercializacion-en-punto-de-venta\/"},"author":{"name":"ctorras","@id":"https:\/\/distribution.audio-technica.eu\/es-es\/#\/schema\/person\/dbf0d33217ceab6329b4c3144742f2fb"},"headline":"Audio-Technica presenta unidades de exposici\u00f3n y comercializaci\u00f3n en punto de venta en toda la regi\u00f3n EMEA","datePublished":"2018-10-04T11:42:38+00:00","dateModified":"2023-10-17T16:28:36+00:00","mainEntityOfPage":{"@id":"https:\/\/distribution.audio-technica.eu\/es-es\/noticias\/audio-technica-presenta-unidades-de-exposicion-y-comercializacion-en-punto-de-venta\/"},"wordCount":440,"image":{"@id":"https:\/\/distribution.audio-technica.eu\/es-es\/noticias\/audio-technica-presenta-unidades-de-exposicion-y-comercializacion-en-punto-de-venta\/#primaryimage"},"thumbnailUrl":"\/app\/uploads\/sites\/2\/Audio-Technica_retail_units_banner.jpg","keywords":["auriculares","inalambricos","Micr\u00f3fonos","puntode venta","tiendas"],"articleSection":["Empresa"],"inLanguage":"es"},{"@type":"WebPage","@id":"https:\/\/distribution.audio-technica.eu\/es-es\/noticias\/audio-technica-presenta-unidades-de-exposicion-y-comercializacion-en-punto-de-venta\/","url":"https:\/\/distribution.audio-technica.eu\/es-es\/noticias\/audio-technica-presenta-unidades-de-exposicion-y-comercializacion-en-punto-de-venta\/","name":"Audio-Technica presenta unidades de exposici\u00f3n y comercializaci\u00f3n en punto de venta en toda la regi\u00f3n EMEA - Audio-Technica Iberia","isPartOf":{"@id":"https:\/\/distribution.audio-technica.eu\/es-es\/#website"},"primaryImageOfPage":{"@id":"https:\/\/distribution.audio-technica.eu\/es-es\/noticias\/audio-technica-presenta-unidades-de-exposicion-y-comercializacion-en-punto-de-venta\/#primaryimage"},"image":{"@id":"https:\/\/distribution.audio-technica.eu\/es-es\/noticias\/audio-technica-presenta-unidades-de-exposicion-y-comercializacion-en-punto-de-venta\/#primaryimage"},"thumbnailUrl":"\/app\/uploads\/sites\/2\/Audio-Technica_retail_units_banner.jpg","datePublished":"2018-10-04T11:42:38+00:00","dateModified":"2023-10-17T16:28:36+00:00","author":{"@id":"https:\/\/distribution.audio-technica.eu\/es-es\/#\/schema\/person\/dbf0d33217ceab6329b4c3144742f2fb"},"breadcrumb":{"@id":"https:\/\/distribution.audio-technica.eu\/es-es\/noticias\/audio-technica-presenta-unidades-de-exposicion-y-comercializacion-en-punto-de-venta\/#breadcrumb"},"inLanguage":"es","potentialAction":[{"@type":"ReadAction","target":["https:\/\/distribution.audio-technica.eu\/es-es\/noticias\/audio-technica-presenta-unidades-de-exposicion-y-comercializacion-en-punto-de-venta\/"]}]},{"@type":"ImageObject","inLanguage":"es","@id":"https:\/\/distribution.audio-technica.eu\/es-es\/noticias\/audio-technica-presenta-unidades-de-exposicion-y-comercializacion-en-punto-de-venta\/#primaryimage","url":"\/app\/uploads\/sites\/2\/Audio-Technica_retail_units_banner.jpg","contentUrl":"\/app\/uploads\/sites\/2\/Audio-Technica_retail_units_banner.jpg","width":640,"height":360},{"@type":"BreadcrumbList","@id":"https:\/\/distribution.audio-technica.eu\/es-es\/noticias\/audio-technica-presenta-unidades-de-exposicion-y-comercializacion-en-punto-de-venta\/#breadcrumb","itemListElement":[{"@type":"ListItem","position":1,"name":"Products","item":"https:\/\/distribution.audio-technica.eu\/es-es\/"},{"@type":"ListItem","position":2,"name":"Audio-Technica presenta unidades de exposici\u00f3n y comercializaci\u00f3n en punto de venta en toda la regi\u00f3n EMEA"}]},{"@type":"WebSite","@id":"https:\/\/distribution.audio-technica.eu\/es-es\/#website","url":"https:\/\/distribution.audio-technica.eu\/es-es\/","name":"Audio-Technica Iberia","description":"Distribuci\u00f3n","potentialAction":[{"@type":"SearchAction","target":{"@type":"EntryPoint","urlTemplate":"https:\/\/distribution.audio-technica.eu\/es-es\/?s={search_term_string}"},"query-input":{"@type":"PropertyValueSpecification","valueRequired":true,"valueName":"search_term_string"}}],"inLanguage":"es"},{"@type":"Person","@id":"https:\/\/distribution.audio-technica.eu\/es-es\/#\/schema\/person\/dbf0d33217ceab6329b4c3144742f2fb","name":"ctorras"}]}},"_links":{"self":[{"href":"https:\/\/distribution.audio-technica.eu\/es-es\/wp-json\/wp\/v2\/posts\/14974","targetHints":{"allow":["GET"]}}],"collection":[{"href":"https:\/\/distribution.audio-technica.eu\/es-es\/wp-json\/wp\/v2\/posts"}],"about":[{"href":"https:\/\/distribution.audio-technica.eu\/es-es\/wp-json\/wp\/v2\/types\/post"}],"author":[{"embeddable":true,"href":"https:\/\/distribution.audio-technica.eu\/es-es\/wp-json\/wp\/v2\/users\/2"}],"replies":[{"embeddable":true,"href":"https:\/\/distribution.audio-technica.eu\/es-es\/wp-json\/wp\/v2\/comments?post=14974"}],"version-history":[{"count":3,"href":"https:\/\/distribution.audio-technica.eu\/es-es\/wp-json\/wp\/v2\/posts\/14974\/revisions"}],"predecessor-version":[{"id":14979,"href":"https:\/\/distribution.audio-technica.eu\/es-es\/wp-json\/wp\/v2\/posts\/14974\/revisions\/14979"}],"wp:featuredmedia":[{"embeddable":true,"href":"https:\/\/distribution.audio-technica.eu\/es-es\/wp-json\/wp\/v2\/media\/14976"}],"wp:attachment":[{"href":"https:\/\/distribution.audio-technica.eu\/es-es\/wp-json\/wp\/v2\/media?parent=14974"}],"wp:term":[{"taxonomy":"category","embeddable":true,"href":"https:\/\/distribution.audio-technica.eu\/es-es\/wp-json\/wp\/v2\/categories?post=14974"},{"taxonomy":"post_tag","embeddable":true,"href":"https:\/\/distribution.audio-technica.eu\/es-es\/wp-json\/wp\/v2\/tags?post=14974"}],"curies":[{"name":"wp","href":"https:\/\/api.w.org\/{rel}","templated":true}]}}