{"id":15167,"date":"2018-11-05T14:17:30","date_gmt":"2018-11-05T13:17:30","guid":{"rendered":"https:\/\/atdb-production.studiograft.dev\/es\/?p=15167"},"modified":"2023-07-31T11:27:49","modified_gmt":"2023-07-31T09:27:49","slug":"genelec-refuerza-la-oferta-didactica-en-una-escuela-finlandesa","status":"publish","type":"post","link":"https:\/\/distribution.audio-technica.eu\/es-es\/noticias\/genelec-refuerza-la-oferta-didactica-en-una-escuela-finlandesa\/","title":{"rendered":"Genelec refuerza la oferta did\u00e1ctica en una escuela finlandesa"},"content":{"rendered":"<h2>La escuela secundaria superior Lyseon Lukio, de Jyv\u00e4skyl\u00e4, Finlandia, ha adquirido un total de 116 unidades del altavoz para instalaci\u00f3n Serie 4000 de Genelec, que se han utilizado para realizar una gran actualizaci\u00f3n de sus sistemas de AV. Este centro se distingue por ser el m\u00e1s antiguo de habla finlandesa del pa\u00eds, dado que el lenguaje primario en la educaci\u00f3n ha sido el sueco hasta hace un par de generaciones.<\/h2>\n<figure id=\"attachment_15166\" aria-describedby=\"caption-attachment-15166\" style=\"width: 1500px\" class=\"wp-caption alignnone\"><a href=\"https:\/\/distribution.audio-technica.eu\/es\/wp-content\/uploads\/sites\/2\/EDU_0283_wp.jpg\"><img loading=\"lazy\" decoding=\"async\" class=\"wp-image-15166 size-full\" src=\"\/es\/wp-content\/uploads\/sites\/2\/EDU_0283_wp.jpg\" alt=\"\" width=\"1500\" height=\"1006\" srcset=\"https:\/\/distribution.audio-technica.eu\/app\/uploads\/sites\/2\/EDU_0283_wp.jpg 1500w, https:\/\/distribution.audio-technica.eu\/app\/uploads\/sites\/2\/EDU_0283_wp-300x201.jpg 300w, https:\/\/distribution.audio-technica.eu\/app\/uploads\/sites\/2\/EDU_0283_wp-768x515.jpg 768w, https:\/\/distribution.audio-technica.eu\/app\/uploads\/sites\/2\/EDU_0283_wp-1024x687.jpg 1024w, https:\/\/distribution.audio-technica.eu\/app\/uploads\/sites\/2\/EDU_0283_wp-200x134.jpg 200w, https:\/\/distribution.audio-technica.eu\/app\/uploads\/sites\/2\/EDU_0283_wp-400x268.jpg 400w, https:\/\/distribution.audio-technica.eu\/app\/uploads\/sites\/2\/EDU_0283_wp-600x402.jpg 600w, https:\/\/distribution.audio-technica.eu\/app\/uploads\/sites\/2\/EDU_0283_wp-800x537.jpg 800w, https:\/\/distribution.audio-technica.eu\/app\/uploads\/sites\/2\/EDU_0283_wp-1200x805.jpg 1200w\" sizes=\"auto, (max-width: 1500px) 100vw, 1500px\" \/><\/a><figcaption id=\"caption-attachment-15166\" class=\"wp-caption-text\">El lobby de Lyseon Lukio, en Jyv\u00e4skyl\u00e4, Finlandia<\/figcaption><\/figure>\n<p>Poniendo especial \u00e9nfasis en la calidad, por encima de todo, la claridad y la inteligibilidad de las locuciones, la empresa integradora especialista en tecnolog\u00eda AV para la educaci\u00f3n Edutaito Oy no dud\u00f3 ni un momento en escoger los altavoces Genelec para este proyecto. Cada una de las aulas, las salas de reuniones y oficinas del profesorado \/ director dispone de su propio par de altavoces compactos activos de 2 v\u00edas <a href=\"https:\/\/distribution.audio-technica.eu\/es\/product\/4010a\/\" target=\"_blank\" rel=\"noopener\">Genelec 4010<\/a>, que trabajan en combinaci\u00f3n con las tambi\u00e9n recientemente instaladas pantallas t\u00e1ctiles y otras tecnolog\u00edas interactivas. La escuela cuenta con m\u00e1s de 1000 estudiantes, lo que ha significado la instalaci\u00f3n de un total de 102 altavoces 4010A en todo el complejo docente. En las salas m\u00e1s grandes, y en particular en las salas dedicadas a la m\u00fasica, se han instalado altavoces <a href=\"https:\/\/distribution.audio-technica.eu\/es\/product\/4040a\/\" target=\"_blank\" rel=\"noopener\">4040A<\/a>, mucho m\u00e1s potentes.<\/p>\n<p>\u201c<em>Actualmente, un alto porcentaje del material docente est\u00e1 basado en la web<\/em>,\u201d explica Sebastian R\u00e4is\u00e4nen, de Edutaito, que es qui\u00e9n ha dise\u00f1ado el sistema AV. \u201c<em>Se dispone de infinidad de v\u00eddeos, material de audio y m\u00fasica. El aspecto m\u00e1s importante es la ense\u00f1anza y el aprendizaje de idiomas, lo que significa escuchar muchas grabaciones, hacer tus propias grabaciones y escuchar la reproducci\u00f3n. La claridad del audio es un aspecto fundamental. A veces, las sesiones incluso se llevan a cabo en salas de reuniones con Skype o sesiones de Hangout de Google, por lo que es fundamental disponer de audio de claridad excepcional<\/em>.\u201d<\/p>\n<p>Preguntado sobre el motivo por el que fueron seleccionados los monitores Genelec frente a los de otras marcas, afirma, \u201c<em>En primer lugar, Genelec se fabrica en Finlandia; este es un motivo importante para los profesores y directivos del centro, ya que se enorgullecen de apoyar a una marca finlandesa. En segundo lugar, mi propio inter\u00e9s en conseguir la m\u00e1xima pureza en la reproducci\u00f3n de la voz me empuj\u00f3 hacia Genelec, dada la claridad y sonido cristalino que ofrecen sus productos, lo cual resulta perfecto para este tipo de aplicaciones, en las que la inteligibilidad de las locuciones es tan importante. \u00a0No se puede ense\u00f1ar un idioma de forma adecuada si no puedes distinguir claramente los sonidos y escuchar lo que est\u00e1 diciendo la gente. Disponer de claridad en la voz es de suma importancia tanto para los profesores como para los alumnos, y por ese motivo trabajamos con Genelec.<\/em>\u201d<\/p>\n<p><a href=\"https:\/\/distribution.audio-technica.eu\/es\/wp-content\/uploads\/sites\/2\/EDU_0001_wp.jpg\"><img loading=\"lazy\" decoding=\"async\" class=\"alignnone size-full wp-image-15165\" src=\"\/es\/wp-content\/uploads\/sites\/2\/EDU_0001_wp.jpg\" alt=\"\" width=\"1500\" height=\"1001\" srcset=\"https:\/\/distribution.audio-technica.eu\/app\/uploads\/sites\/2\/EDU_0001_wp.jpg 1500w, https:\/\/distribution.audio-technica.eu\/app\/uploads\/sites\/2\/EDU_0001_wp-300x200.jpg 300w, https:\/\/distribution.audio-technica.eu\/app\/uploads\/sites\/2\/EDU_0001_wp-768x513.jpg 768w, https:\/\/distribution.audio-technica.eu\/app\/uploads\/sites\/2\/EDU_0001_wp-1024x683.jpg 1024w, https:\/\/distribution.audio-technica.eu\/app\/uploads\/sites\/2\/EDU_0001_wp-200x133.jpg 200w, https:\/\/distribution.audio-technica.eu\/app\/uploads\/sites\/2\/EDU_0001_wp-400x267.jpg 400w, https:\/\/distribution.audio-technica.eu\/app\/uploads\/sites\/2\/EDU_0001_wp-600x400.jpg 600w, https:\/\/distribution.audio-technica.eu\/app\/uploads\/sites\/2\/EDU_0001_wp-800x534.jpg 800w, https:\/\/distribution.audio-technica.eu\/app\/uploads\/sites\/2\/EDU_0001_wp-1200x801.jpg 1200w\" sizes=\"auto, (max-width: 1500px) 100vw, 1500px\" \/><\/a><\/p>\n<p>En el caso de la escuela superior Jyv\u00e4skyl\u00e4, aproximadamente la mitad de las aulas hab\u00edan sido previamente equipadas con pizarras interactivas con altavoces integrados, que fueron sustituidos por altavoces Genelec y pantallas t\u00e1ctiles. En la otra mitad, se estaban utilizando altavoces pasivos con amplificadores externos. \u201c<em>Al profesorado le gusta mucho los nuevos sistemas activos de Genelec, con amplificaci\u00f3n integrada<\/em>,\u201d afirma R\u00e4is\u00e4nen. \u201c<em>Los encuentran mucho m\u00e1s f\u00e1ciles de utilizar y funcionan en todo momento. Est\u00e1n encantados porque ahora el profesor no tiene porqu\u00e9 elevar la voz, y no necesita reproducir audio y video con alto volumen, ya que todo el mundo presente en la sala puede escuchar claramente cada s\u00edlaba. Finalmente la alta calidad en la construcci\u00f3n y la fiabilidad de los altavoces Genelec garantizan que, una vez instalado el sistema, tendr\u00e1n cero problemas. \u00a1Podr\u00edan pasar veinte a\u00f1os antes de que necesiten de mantenimiento! Los altavoces Genelec son un producto ideal para entornos de aprendizaje interactivo mejorados <\/em>\u00ab.<\/p>\n<p>&nbsp;<\/p>\n<p>M\u00e1s informaci\u00f3n sobre la <a href=\"https:\/\/www.genelec.com\/installation-speakers\/4000-series-installation-speakers\" target=\"_blank\" rel=\"noopener\">Serie 4000 de Genelec para instalaci\u00f3n<\/a><\/p>\n<p>Genelec es distribuido en Espa\u00f1a por\u00a0<a href=\"https:\/\/distribution.audio-technica.eu\/es\/product-category\/genelec\/\" target=\"_blank\" rel=\"noopener\">Audio-Technica Iberia<\/a><\/p>\n<p>&nbsp;<\/p>\n<p><em><strong>Sobre Genelec <\/strong><\/em><\/p>\n<p><em>Desde su fundaci\u00f3n en 1978, la monitorizaci\u00f3n profesional de audio ha sido el n\u00facleo del negocio de Genelec. Un compromiso sin precedentes con la investigaci\u00f3n y el desarrollo han dado como resultado una larga serie de innovaciones y han permitido a los productos para monitorizaci\u00f3n de Genelec convertirse en l\u00edderes de la industria en cuanto a monitores activos. Cuarenta a\u00f1os despu\u00e9s, los productos para monitorizaci\u00f3n de Genelec permanecen fieles a la filosof\u00eda original, ofreciendo fiabilidad, reproducci\u00f3n sonora neutra independientemente de su tama\u00f1o, adem\u00e1s de ofrecer la capacidad de adaptarse a las condiciones ac\u00fasticas del entorno de audici\u00f3n. Los clientes de Genelec reciben un soporte sin precedentes en cualquier lugar, desde asesoramiento ac\u00fastico y servicios de calibraci\u00f3n, hasta servicio t\u00e9cnico para garantizar una larga vida del producto. Adquirir un producto de Genelec representa un inversi\u00f3n segura a largo plazo en un sistema de monitorizaci\u00f3n de audio de calidad y fiabilidad sorprendente.<\/em><\/p>\n","protected":false},"excerpt":{"rendered":"<p>La escuela secundaria superior Lyseon Lukio, de Jyv\u00e4skyl\u00e4, Finlandia, ha adquirido un total de 116 unidades del altavoz para instalaci\u00f3n Serie 4000 de Genelec, que se han utilizado para realizar una gran actualizaci\u00f3n de sus sistemas de AV. Este centro se distingue por ser el m\u00e1s antiguo de habla finlandesa del pa\u00eds, dado que el [&hellip;]<\/p>\n","protected":false},"author":2,"featured_media":15164,"comment_status":"closed","ping_status":"closed","sticky":false,"template":"","format":"standard","meta":{"_acf_changed":false,"footnotes":""},"categories":[2460],"tags":[1553,1568],"class_list":["post-15167","post","type-post","status-publish","format-standard","has-post-thumbnail","hentry","category-instalaciones","tag-instalacion","tag-serie-4000"],"acf":[],"yoast_head":"<!-- This site is optimized with the Yoast SEO plugin v27.1.1 - https:\/\/yoast.com\/product\/yoast-seo-wordpress\/ -->\n<title>Genelec refuerza la oferta did\u00e1ctica en una escuela finlandesa - Audio-Technica Iberia<\/title>\n<meta name=\"robots\" content=\"index, follow, max-snippet:-1, max-image-preview:large, max-video-preview:-1\" \/>\n<link rel=\"canonical\" href=\"https:\/\/distribution.audio-technica.eu\/es-es\/noticias\/genelec-refuerza-la-oferta-didactica-en-una-escuela-finlandesa\/\" \/>\n<meta property=\"og:locale\" content=\"es_ES\" \/>\n<meta property=\"og:type\" content=\"article\" \/>\n<meta property=\"og:title\" content=\"Genelec refuerza la oferta did\u00e1ctica en una escuela finlandesa - Audio-Technica Iberia\" \/>\n<meta property=\"og:description\" content=\"La escuela secundaria superior Lyseon Lukio, de Jyv\u00e4skyl\u00e4, Finlandia, ha adquirido un total de 116 unidades del altavoz para instalaci\u00f3n Serie 4000 de Genelec, que se han utilizado para realizar una gran actualizaci\u00f3n de sus sistemas de AV. Este centro se distingue por ser el m\u00e1s antiguo de habla finlandesa del pa\u00eds, dado que el [&hellip;]\" \/>\n<meta property=\"og:url\" content=\"https:\/\/distribution.audio-technica.eu\/es-es\/noticias\/genelec-refuerza-la-oferta-didactica-en-una-escuela-finlandesa\/\" \/>\n<meta property=\"og:site_name\" content=\"Audio-Technica Iberia\" \/>\n<meta property=\"article:published_time\" content=\"2018-11-05T13:17:30+00:00\" \/>\n<meta property=\"article:modified_time\" content=\"2023-07-31T09:27:49+00:00\" \/>\n<meta property=\"og:image\" content=\"https:\/\/distribution.audio-technica.eu\/app\/uploads\/sites\/2\/EDU_0001_banner.jpg\" \/>\n\t<meta property=\"og:image:width\" content=\"640\" \/>\n\t<meta property=\"og:image:height\" content=\"360\" \/>\n\t<meta property=\"og:image:type\" content=\"image\/jpeg\" \/>\n<meta name=\"author\" content=\"ctorras\" \/>\n<meta name=\"twitter:card\" content=\"summary_large_image\" \/>\n<meta name=\"twitter:label1\" content=\"Escrito por\" \/>\n\t<meta name=\"twitter:data1\" content=\"ctorras\" \/>\n\t<meta name=\"twitter:label2\" content=\"Tiempo de lectura\" \/>\n\t<meta name=\"twitter:data2\" content=\"4 minutos\" \/>\n<script type=\"application\/ld+json\" class=\"yoast-schema-graph\">{\"@context\":\"https:\/\/schema.org\",\"@graph\":[{\"@type\":\"Article\",\"@id\":\"https:\/\/distribution.audio-technica.eu\/es-es\/noticias\/genelec-refuerza-la-oferta-didactica-en-una-escuela-finlandesa\/#article\",\"isPartOf\":{\"@id\":\"https:\/\/distribution.audio-technica.eu\/es-es\/noticias\/genelec-refuerza-la-oferta-didactica-en-una-escuela-finlandesa\/\"},\"author\":{\"name\":\"ctorras\",\"@id\":\"https:\/\/distribution.audio-technica.eu\/es-es\/#\/schema\/person\/dbf0d33217ceab6329b4c3144742f2fb\"},\"headline\":\"Genelec refuerza la oferta did\u00e1ctica en una escuela finlandesa\",\"datePublished\":\"2018-11-05T13:17:30+00:00\",\"dateModified\":\"2023-07-31T09:27:49+00:00\",\"mainEntityOfPage\":{\"@id\":\"https:\/\/distribution.audio-technica.eu\/es-es\/noticias\/genelec-refuerza-la-oferta-didactica-en-una-escuela-finlandesa\/\"},\"wordCount\":871,\"image\":{\"@id\":\"https:\/\/distribution.audio-technica.eu\/es-es\/noticias\/genelec-refuerza-la-oferta-didactica-en-una-escuela-finlandesa\/#primaryimage\"},\"thumbnailUrl\":\"\/app\/uploads\/sites\/2\/EDU_0001_banner.jpg\",\"keywords\":[\"Instalaci\u00f3n\",\"serie 4000\"],\"articleSection\":[\"Instalaciones\"],\"inLanguage\":\"es\"},{\"@type\":\"WebPage\",\"@id\":\"https:\/\/distribution.audio-technica.eu\/es-es\/noticias\/genelec-refuerza-la-oferta-didactica-en-una-escuela-finlandesa\/\",\"url\":\"https:\/\/distribution.audio-technica.eu\/es-es\/noticias\/genelec-refuerza-la-oferta-didactica-en-una-escuela-finlandesa\/\",\"name\":\"Genelec refuerza la oferta did\u00e1ctica en una escuela finlandesa - Audio-Technica Iberia\",\"isPartOf\":{\"@id\":\"https:\/\/distribution.audio-technica.eu\/es-es\/#website\"},\"primaryImageOfPage\":{\"@id\":\"https:\/\/distribution.audio-technica.eu\/es-es\/noticias\/genelec-refuerza-la-oferta-didactica-en-una-escuela-finlandesa\/#primaryimage\"},\"image\":{\"@id\":\"https:\/\/distribution.audio-technica.eu\/es-es\/noticias\/genelec-refuerza-la-oferta-didactica-en-una-escuela-finlandesa\/#primaryimage\"},\"thumbnailUrl\":\"\/app\/uploads\/sites\/2\/EDU_0001_banner.jpg\",\"datePublished\":\"2018-11-05T13:17:30+00:00\",\"dateModified\":\"2023-07-31T09:27:49+00:00\",\"author\":{\"@id\":\"https:\/\/distribution.audio-technica.eu\/es-es\/#\/schema\/person\/dbf0d33217ceab6329b4c3144742f2fb\"},\"breadcrumb\":{\"@id\":\"https:\/\/distribution.audio-technica.eu\/es-es\/noticias\/genelec-refuerza-la-oferta-didactica-en-una-escuela-finlandesa\/#breadcrumb\"},\"inLanguage\":\"es\",\"potentialAction\":[{\"@type\":\"ReadAction\",\"target\":[\"https:\/\/distribution.audio-technica.eu\/es-es\/noticias\/genelec-refuerza-la-oferta-didactica-en-una-escuela-finlandesa\/\"]}]},{\"@type\":\"ImageObject\",\"inLanguage\":\"es\",\"@id\":\"https:\/\/distribution.audio-technica.eu\/es-es\/noticias\/genelec-refuerza-la-oferta-didactica-en-una-escuela-finlandesa\/#primaryimage\",\"url\":\"\/app\/uploads\/sites\/2\/EDU_0001_banner.jpg\",\"contentUrl\":\"\/app\/uploads\/sites\/2\/EDU_0001_banner.jpg\",\"width\":640,\"height\":360,\"caption\":\"Genelec refuerza la oferta did\u00e1ctica en una escuela finlandesa\"},{\"@type\":\"BreadcrumbList\",\"@id\":\"https:\/\/distribution.audio-technica.eu\/es-es\/noticias\/genelec-refuerza-la-oferta-didactica-en-una-escuela-finlandesa\/#breadcrumb\",\"itemListElement\":[{\"@type\":\"ListItem\",\"position\":1,\"name\":\"Products\",\"item\":\"https:\/\/distribution.audio-technica.eu\/es-es\/\"},{\"@type\":\"ListItem\",\"position\":2,\"name\":\"Genelec refuerza la oferta did\u00e1ctica en una escuela finlandesa\"}]},{\"@type\":\"WebSite\",\"@id\":\"https:\/\/distribution.audio-technica.eu\/es-es\/#website\",\"url\":\"https:\/\/distribution.audio-technica.eu\/es-es\/\",\"name\":\"Audio-Technica Iberia\",\"description\":\"Distribuci\u00f3n\",\"potentialAction\":[{\"@type\":\"SearchAction\",\"target\":{\"@type\":\"EntryPoint\",\"urlTemplate\":\"https:\/\/distribution.audio-technica.eu\/es-es\/?s={search_term_string}\"},\"query-input\":{\"@type\":\"PropertyValueSpecification\",\"valueRequired\":true,\"valueName\":\"search_term_string\"}}],\"inLanguage\":\"es\"},{\"@type\":\"Person\",\"@id\":\"https:\/\/distribution.audio-technica.eu\/es-es\/#\/schema\/person\/dbf0d33217ceab6329b4c3144742f2fb\",\"name\":\"ctorras\"}]}<\/script>\n<!-- \/ Yoast SEO plugin. -->","yoast_head_json":{"title":"Genelec refuerza la oferta did\u00e1ctica en una escuela finlandesa - Audio-Technica Iberia","robots":{"index":"index","follow":"follow","max-snippet":"max-snippet:-1","max-image-preview":"max-image-preview:large","max-video-preview":"max-video-preview:-1"},"canonical":"https:\/\/distribution.audio-technica.eu\/es-es\/noticias\/genelec-refuerza-la-oferta-didactica-en-una-escuela-finlandesa\/","og_locale":"es_ES","og_type":"article","og_title":"Genelec refuerza la oferta did\u00e1ctica en una escuela finlandesa - Audio-Technica Iberia","og_description":"La escuela secundaria superior Lyseon Lukio, de Jyv\u00e4skyl\u00e4, Finlandia, ha adquirido un total de 116 unidades del altavoz para instalaci\u00f3n Serie 4000 de Genelec, que se han utilizado para realizar una gran actualizaci\u00f3n de sus sistemas de AV. Este centro se distingue por ser el m\u00e1s antiguo de habla finlandesa del pa\u00eds, dado que el [&hellip;]","og_url":"https:\/\/distribution.audio-technica.eu\/es-es\/noticias\/genelec-refuerza-la-oferta-didactica-en-una-escuela-finlandesa\/","og_site_name":"Audio-Technica Iberia","article_published_time":"2018-11-05T13:17:30+00:00","article_modified_time":"2023-07-31T09:27:49+00:00","og_image":[{"width":640,"height":360,"url":"https:\/\/distribution.audio-technica.eu\/app\/uploads\/sites\/2\/EDU_0001_banner.jpg","type":"image\/jpeg"}],"author":"ctorras","twitter_card":"summary_large_image","twitter_misc":{"Escrito por":"ctorras","Tiempo de lectura":"4 minutos"},"schema":{"@context":"https:\/\/schema.org","@graph":[{"@type":"Article","@id":"https:\/\/distribution.audio-technica.eu\/es-es\/noticias\/genelec-refuerza-la-oferta-didactica-en-una-escuela-finlandesa\/#article","isPartOf":{"@id":"https:\/\/distribution.audio-technica.eu\/es-es\/noticias\/genelec-refuerza-la-oferta-didactica-en-una-escuela-finlandesa\/"},"author":{"name":"ctorras","@id":"https:\/\/distribution.audio-technica.eu\/es-es\/#\/schema\/person\/dbf0d33217ceab6329b4c3144742f2fb"},"headline":"Genelec refuerza la oferta did\u00e1ctica en una escuela finlandesa","datePublished":"2018-11-05T13:17:30+00:00","dateModified":"2023-07-31T09:27:49+00:00","mainEntityOfPage":{"@id":"https:\/\/distribution.audio-technica.eu\/es-es\/noticias\/genelec-refuerza-la-oferta-didactica-en-una-escuela-finlandesa\/"},"wordCount":871,"image":{"@id":"https:\/\/distribution.audio-technica.eu\/es-es\/noticias\/genelec-refuerza-la-oferta-didactica-en-una-escuela-finlandesa\/#primaryimage"},"thumbnailUrl":"\/app\/uploads\/sites\/2\/EDU_0001_banner.jpg","keywords":["Instalaci\u00f3n","serie 4000"],"articleSection":["Instalaciones"],"inLanguage":"es"},{"@type":"WebPage","@id":"https:\/\/distribution.audio-technica.eu\/es-es\/noticias\/genelec-refuerza-la-oferta-didactica-en-una-escuela-finlandesa\/","url":"https:\/\/distribution.audio-technica.eu\/es-es\/noticias\/genelec-refuerza-la-oferta-didactica-en-una-escuela-finlandesa\/","name":"Genelec refuerza la oferta did\u00e1ctica en una escuela finlandesa - Audio-Technica Iberia","isPartOf":{"@id":"https:\/\/distribution.audio-technica.eu\/es-es\/#website"},"primaryImageOfPage":{"@id":"https:\/\/distribution.audio-technica.eu\/es-es\/noticias\/genelec-refuerza-la-oferta-didactica-en-una-escuela-finlandesa\/#primaryimage"},"image":{"@id":"https:\/\/distribution.audio-technica.eu\/es-es\/noticias\/genelec-refuerza-la-oferta-didactica-en-una-escuela-finlandesa\/#primaryimage"},"thumbnailUrl":"\/app\/uploads\/sites\/2\/EDU_0001_banner.jpg","datePublished":"2018-11-05T13:17:30+00:00","dateModified":"2023-07-31T09:27:49+00:00","author":{"@id":"https:\/\/distribution.audio-technica.eu\/es-es\/#\/schema\/person\/dbf0d33217ceab6329b4c3144742f2fb"},"breadcrumb":{"@id":"https:\/\/distribution.audio-technica.eu\/es-es\/noticias\/genelec-refuerza-la-oferta-didactica-en-una-escuela-finlandesa\/#breadcrumb"},"inLanguage":"es","potentialAction":[{"@type":"ReadAction","target":["https:\/\/distribution.audio-technica.eu\/es-es\/noticias\/genelec-refuerza-la-oferta-didactica-en-una-escuela-finlandesa\/"]}]},{"@type":"ImageObject","inLanguage":"es","@id":"https:\/\/distribution.audio-technica.eu\/es-es\/noticias\/genelec-refuerza-la-oferta-didactica-en-una-escuela-finlandesa\/#primaryimage","url":"\/app\/uploads\/sites\/2\/EDU_0001_banner.jpg","contentUrl":"\/app\/uploads\/sites\/2\/EDU_0001_banner.jpg","width":640,"height":360,"caption":"Genelec refuerza la oferta did\u00e1ctica en una escuela finlandesa"},{"@type":"BreadcrumbList","@id":"https:\/\/distribution.audio-technica.eu\/es-es\/noticias\/genelec-refuerza-la-oferta-didactica-en-una-escuela-finlandesa\/#breadcrumb","itemListElement":[{"@type":"ListItem","position":1,"name":"Products","item":"https:\/\/distribution.audio-technica.eu\/es-es\/"},{"@type":"ListItem","position":2,"name":"Genelec refuerza la oferta did\u00e1ctica en una escuela finlandesa"}]},{"@type":"WebSite","@id":"https:\/\/distribution.audio-technica.eu\/es-es\/#website","url":"https:\/\/distribution.audio-technica.eu\/es-es\/","name":"Audio-Technica Iberia","description":"Distribuci\u00f3n","potentialAction":[{"@type":"SearchAction","target":{"@type":"EntryPoint","urlTemplate":"https:\/\/distribution.audio-technica.eu\/es-es\/?s={search_term_string}"},"query-input":{"@type":"PropertyValueSpecification","valueRequired":true,"valueName":"search_term_string"}}],"inLanguage":"es"},{"@type":"Person","@id":"https:\/\/distribution.audio-technica.eu\/es-es\/#\/schema\/person\/dbf0d33217ceab6329b4c3144742f2fb","name":"ctorras"}]}},"_links":{"self":[{"href":"https:\/\/distribution.audio-technica.eu\/es-es\/wp-json\/wp\/v2\/posts\/15167","targetHints":{"allow":["GET"]}}],"collection":[{"href":"https:\/\/distribution.audio-technica.eu\/es-es\/wp-json\/wp\/v2\/posts"}],"about":[{"href":"https:\/\/distribution.audio-technica.eu\/es-es\/wp-json\/wp\/v2\/types\/post"}],"author":[{"embeddable":true,"href":"https:\/\/distribution.audio-technica.eu\/es-es\/wp-json\/wp\/v2\/users\/2"}],"replies":[{"embeddable":true,"href":"https:\/\/distribution.audio-technica.eu\/es-es\/wp-json\/wp\/v2\/comments?post=15167"}],"version-history":[{"count":9,"href":"https:\/\/distribution.audio-technica.eu\/es-es\/wp-json\/wp\/v2\/posts\/15167\/revisions"}],"predecessor-version":[{"id":15176,"href":"https:\/\/distribution.audio-technica.eu\/es-es\/wp-json\/wp\/v2\/posts\/15167\/revisions\/15176"}],"wp:featuredmedia":[{"embeddable":true,"href":"https:\/\/distribution.audio-technica.eu\/es-es\/wp-json\/wp\/v2\/media\/15164"}],"wp:attachment":[{"href":"https:\/\/distribution.audio-technica.eu\/es-es\/wp-json\/wp\/v2\/media?parent=15167"}],"wp:term":[{"taxonomy":"category","embeddable":true,"href":"https:\/\/distribution.audio-technica.eu\/es-es\/wp-json\/wp\/v2\/categories?post=15167"},{"taxonomy":"post_tag","embeddable":true,"href":"https:\/\/distribution.audio-technica.eu\/es-es\/wp-json\/wp\/v2\/tags?post=15167"}],"curies":[{"name":"wp","href":"https:\/\/api.w.org\/{rel}","templated":true}]}}