{"id":15347,"date":"2018-12-20T18:33:13","date_gmt":"2018-12-20T17:33:13","guid":{"rendered":"https:\/\/atdb-production.studiograft.dev\/es\/?p=15347"},"modified":"2023-07-31T10:57:47","modified_gmt":"2023-07-31T08:57:47","slug":"una-id22-en-el-centro-de-la-banda-sonora-edm-de-la-formula-e","status":"publish","type":"post","link":"https:\/\/distribution.audio-technica.eu\/es-es\/noticias\/una-id22-en-el-centro-de-la-banda-sonora-edm-de-la-formula-e\/","title":{"rendered":"Un Audient iD22 en el centro de la banda sonora EDM de la F\u00f3rmula E"},"content":{"rendered":"<h2>Chris Budd, productor de m\u00fasica house y propietario de un\u00a0<a href=\"https:\/\/audient.com\/es\/productos\/interfaces-de-audio\/id22\/presentacion\/\">Audient iD22<\/a>, acaba de entregar la m\u00fasica para la pr\u00f3xima temporada de la <a href=\"https:\/\/www.fiaformulae.com\/en\">F\u00f3rmula E<\/a>, que comenz\u00f3 en Ad Diriyah, Arabia Saudita, el s\u00e1bado 15 de diciembre.<\/h2>\n<figure id=\"attachment_15346\" aria-describedby=\"caption-attachment-15346\" style=\"width: 800px\" class=\"wp-caption alignnone\"><a href=\"https:\/\/distribution.audio-technica.eu\/es\/wp-content\/uploads\/sites\/2\/ASP4816-Chris-BUDD.jpg\"><img loading=\"lazy\" decoding=\"async\" class=\"size-full wp-image-15346\" src=\"\/es\/wp-content\/uploads\/sites\/2\/ASP4816-Chris-BUDD.jpg\" alt=\"Una iD22 en el centro de la banda sonora EDM de la F\u00f3rmula E\" width=\"800\" height=\"453\" srcset=\"https:\/\/distribution.audio-technica.eu\/app\/uploads\/sites\/2\/ASP4816-Chris-BUDD.jpg 800w, https:\/\/distribution.audio-technica.eu\/app\/uploads\/sites\/2\/ASP4816-Chris-BUDD-300x170.jpg 300w, https:\/\/distribution.audio-technica.eu\/app\/uploads\/sites\/2\/ASP4816-Chris-BUDD-768x435.jpg 768w, https:\/\/distribution.audio-technica.eu\/app\/uploads\/sites\/2\/ASP4816-Chris-BUDD-200x113.jpg 200w, https:\/\/distribution.audio-technica.eu\/app\/uploads\/sites\/2\/ASP4816-Chris-BUDD-400x227.jpg 400w, https:\/\/distribution.audio-technica.eu\/app\/uploads\/sites\/2\/ASP4816-Chris-BUDD-600x340.jpg 600w\" sizes=\"auto, (max-width: 800px) 100vw, 800px\" \/><\/a><figcaption id=\"caption-attachment-15346\" class=\"wp-caption-text\">Chris Budd trabaja duro en su \u00abotro\u00bb estudio, con ASP4816<\/figcaption><\/figure>\n<p>La m\u00fasica desempe\u00f1a un papel importante en la F\u00f3rmula E, el deporte del veh\u00edculo el\u00e9ctrico sostenible y sensible al clima que se posiciona como una \u201cmarca global de entretenimiento con carreras en el centro de la ciudad en su coraz\u00f3n,\u201d seg\u00fan el sitio web. Chris, a su vez, es una parte integral de la creaci\u00f3n de su banda sonora, y ofrece su propio sonido distintivo a una audiencia mundial.<\/p>\n<p><em>\u201cEn general, les entrego grandes lotes de m\u00fasica para que los utilicen en transmisi\u00f3n y en carrera en los eventos,\u201d<\/em> explica Chris. <em>\u201cEsta m\u00fasica tambi\u00e9n se transmite a todas las transmisiones externas en todo el mundo, as\u00ed como a sus canales de redes sociales, programas de revistas y a las funciones que realizan.\u201d<\/em> Uno de ellos es \u201c<a href=\"https:\/\/www.youtube.com\/watch?v=1NveoIpyvSU\">Ice Drive<\/a>\u201d, un documental que muestra la serie de carreras el\u00e9ctricas mientras tratan de correr un coche de F\u00f3rmula E en una capa de hielo. (\u00a1S\u00ed, en serio!)<\/p>\n<p>[fusion_youtube id=\u00bbLyxi3epE8es\u00bb alignment=\u00bbcenter\u00bb width=\u00bb\u00bb height=\u00bb\u00bb autoplay=\u00bbfalse\u00bb api_params=\u00bb\u00bb hide_on_mobile=\u00bbsmall-visibility,medium-visibility,large-visibility\u00bb class=\u00bb\u00bb][\/fusion_youtube]<\/p>\n<p>&nbsp;<\/p>\n<p>Habla a trav\u00e9s del proceso: <em>\u201cMe dan informes en los que se solicitan algunas vibraciones de ritmo para los carretes m\u00e1s destacados o vibraciones orquestales euf\u00f3ricas para los desfiles de la victoria. De manera similar al mundo del cine, tengo que hacer m\u00fasica para que se ajuste a lo visual, sin tener que componer directamente el corte. Toda la m\u00fasica tiene que cumplir un determinado prop\u00f3sito, por lo que generalmente trato cada pieza como hacer un taco para una pel\u00edcula. Es amplio, pero se adapta bien a mi conjunto de habilidades, ya que invariablemente puedo mantener las cosas musicalmente en el campo de juego electr\u00f3nico.\u201d<\/em><\/p>\n<p><a href=\"https:\/\/distribution.audio-technica.eu\/es\/wp-content\/uploads\/sites\/2\/IMG021-Chris-BUDD_wp.jpg\"><img loading=\"lazy\" decoding=\"async\" class=\"alignnone size-full wp-image-15345\" src=\"\/es\/wp-content\/uploads\/sites\/2\/IMG021-Chris-BUDD_wp.jpg\" alt=\"Una iD22 en el centro de la banda sonora EDM de la F\u00f3rmula E\" width=\"1500\" height=\"944\" srcset=\"https:\/\/distribution.audio-technica.eu\/app\/uploads\/sites\/2\/IMG021-Chris-BUDD_wp.jpg 1500w, https:\/\/distribution.audio-technica.eu\/app\/uploads\/sites\/2\/IMG021-Chris-BUDD_wp-300x189.jpg 300w, https:\/\/distribution.audio-technica.eu\/app\/uploads\/sites\/2\/IMG021-Chris-BUDD_wp-768x483.jpg 768w, https:\/\/distribution.audio-technica.eu\/app\/uploads\/sites\/2\/IMG021-Chris-BUDD_wp-1024x644.jpg 1024w, https:\/\/distribution.audio-technica.eu\/app\/uploads\/sites\/2\/IMG021-Chris-BUDD_wp-320x202.jpg 320w, https:\/\/distribution.audio-technica.eu\/app\/uploads\/sites\/2\/IMG021-Chris-BUDD_wp-700x441.jpg 700w, https:\/\/distribution.audio-technica.eu\/app\/uploads\/sites\/2\/IMG021-Chris-BUDD_wp-200x126.jpg 200w, https:\/\/distribution.audio-technica.eu\/app\/uploads\/sites\/2\/IMG021-Chris-BUDD_wp-400x252.jpg 400w, https:\/\/distribution.audio-technica.eu\/app\/uploads\/sites\/2\/IMG021-Chris-BUDD_wp-600x378.jpg 600w, https:\/\/distribution.audio-technica.eu\/app\/uploads\/sites\/2\/IMG021-Chris-BUDD_wp-800x503.jpg 800w, https:\/\/distribution.audio-technica.eu\/app\/uploads\/sites\/2\/IMG021-Chris-BUDD_wp-1200x755.jpg 1200w\" sizes=\"auto, (max-width: 1500px) 100vw, 1500px\" \/><\/a><\/p>\n<p>Ahora en su quinto a\u00f1o, cada una de las temporadas internacionales de carreras de carreras callejeras totalmente el\u00e9ctricas tiene su propia banda sonora.<em> \u201cEste proyecto es muy pesado, especialmente en lo que se basa m\u00e1s en la orquesta,\u201d<\/em> dice Chris, que acaba de completar su tercera temporada con la F\u00f3rmula E luego de recibir la llamada del Jefe de M\u00fasica y ex colega del Ministerio de Sonido, Sam Cannon, hace un par de a\u00f1os. Describi\u00e9ndolo como<em> \u201cun gran desaf\u00edo, que me saca de mi zona de confort,\u201d<\/em> \u00e9l todav\u00eda disfruta de meter sus dientes en <em>\u201clos m\u00faltiples r\u00e9ditos de los muchachos.\u201d<\/em><\/p>\n<figure id=\"attachment_15343\" aria-describedby=\"caption-attachment-15343\" style=\"width: 187px\" class=\"wp-caption alignleft\"><a href=\"https:\/\/distribution.audio-technica.eu\/es\/wp-content\/uploads\/sites\/2\/IMG024-Chris-BUDD_wp.jpg\"><img loading=\"lazy\" decoding=\"async\" class=\" wp-image-15343\" src=\"\/es\/wp-content\/uploads\/sites\/2\/IMG024-Chris-BUDD_wp.jpg\" alt=\"Una iD22 en el centro de la banda sonora EDM de la F\u00f3rmula E\" width=\"187\" height=\"281\" srcset=\"https:\/\/distribution.audio-technica.eu\/app\/uploads\/sites\/2\/IMG024-Chris-BUDD_wp.jpg 800w, https:\/\/distribution.audio-technica.eu\/app\/uploads\/sites\/2\/IMG024-Chris-BUDD_wp-200x300.jpg 200w, https:\/\/distribution.audio-technica.eu\/app\/uploads\/sites\/2\/IMG024-Chris-BUDD_wp-768x1152.jpg 768w, https:\/\/distribution.audio-technica.eu\/app\/uploads\/sites\/2\/IMG024-Chris-BUDD_wp-683x1024.jpg 683w, https:\/\/distribution.audio-technica.eu\/app\/uploads\/sites\/2\/IMG024-Chris-BUDD_wp-400x600.jpg 400w, https:\/\/distribution.audio-technica.eu\/app\/uploads\/sites\/2\/IMG024-Chris-BUDD_wp-600x900.jpg 600w\" sizes=\"auto, (max-width: 187px) 100vw, 187px\" \/><\/a><figcaption id=\"caption-attachment-15343\" class=\"wp-caption-text\">Chris Budd, productor de EDM<\/figcaption><\/figure>\n<p><em>\u201cEs una gran suerte poder alinearme con una marca tan avanzada, musicalmente. Funciona para mi estilo mientras me empuja al mismo tiempo. \u00a1Tambi\u00e9n es genial construir con la marca y ver el crecimiento a\u00f1o tras a\u00f1o es incre\u00edble, la F\u00f3rmula E realmente es el futuro de los deportes de motor, parecen ser tan ambiciosos como yo!\u201d<\/em><\/p>\n<p>Cuando se trata de la configuraci\u00f3n de su estudio, Chris admite que, aparte de su confiable <a href=\"https:\/\/audient.com\/es\/productos\/interfaces-de-audio\/id22\/presentacion\/\" target=\"_blank\" rel=\"noopener\">Audient iD22<\/a> <em>\u201cque sigue siendo el centro de todo,\u201d<\/em> no es un fan de tener mucho equipamiento. <em>\u201cSoy m\u00e1s bien de las ideas y el producto final. Usar\u00e9 lo que sea m\u00e1s \u00fatil para obtener los resultados deseados, ya sean m\u00fasicos en vivo o sintetizadores dentro o fuera de la caja. Lo mismo ocurre con el procesamiento de hardware externo.\u201d<\/em> Como su principal controlador e interfaz de altavoces, el iD22<em> \u201ctambi\u00e9n resulta \u00fatil para grabar cosas como bater\u00edas y guitarras adicionales cuando es necesario y cualquier fragmento vocal. Lo mismo ocurre con todo mi flujo de trabajo.\u201d<\/em><\/p>\n<p>Hablando de eso\u2026 \u201c<em>En mi propio lado art\u00edstico, tengo mi pr\u00f3xima tanda de lanzamientos con <a href=\"http:\/\/mau5trap.com\/\">deadmau5<\/a> que saldr\u00e1 a principios de 2019 y tambi\u00e9n estoy trabajando el material de mi propio \u00e1lbum. Luego, en alg\u00fan momento, pronto har\u00e9 las maletas y volver\u00e9 a la carretera como <a href=\"https:\/\/www.facebook.com\/BUDDMusic\/\">BUDD<\/a>.\u201d<\/em><\/p>\n<p>&nbsp;<\/p>\n<p>M\u00e1s informaci\u00f3n sobre Audient en <a href=\"https:\/\/audient.com\/es\/\">audient.com\/es\/<\/a> .<\/p>\n","protected":false},"excerpt":{"rendered":"<p>Chris Budd, productor de m\u00fasica house y propietario de un\u00a0Audient iD22, acaba de entregar la m\u00fasica para la pr\u00f3xima temporada de la F\u00f3rmula E, que comenz\u00f3 en Ad Diriyah, Arabia Saudita, el s\u00e1bado 15 de diciembre. La m\u00fasica desempe\u00f1a un papel importante en la F\u00f3rmula E, el deporte del veh\u00edculo el\u00e9ctrico sostenible y sensible al [&hellip;]<\/p>\n","protected":false},"author":2,"featured_media":15344,"comment_status":"closed","ping_status":"closed","sticky":false,"template":"","format":"standard","meta":{"_acf_changed":false,"footnotes":""},"categories":[2459],"tags":[2034,2033,1729],"class_list":["post-15347","post","type-post","status-publish","format-standard","has-post-thumbnail","hentry","category-usuarios","tag-banda-sonora","tag-formula-e","tag-id22"],"acf":[],"yoast_head":"<!-- This site is optimized with the Yoast SEO plugin v27.1.1 - https:\/\/yoast.com\/product\/yoast-seo-wordpress\/ -->\n<title>Un Audient iD22 en el centro de la banda sonora EDM de la F\u00f3rmula E - Audio-Technica Iberia<\/title>\n<meta name=\"robots\" content=\"index, follow, max-snippet:-1, max-image-preview:large, max-video-preview:-1\" \/>\n<link rel=\"canonical\" href=\"https:\/\/distribution.audio-technica.eu\/es-es\/noticias\/una-id22-en-el-centro-de-la-banda-sonora-edm-de-la-formula-e\/\" \/>\n<meta property=\"og:locale\" content=\"es_ES\" \/>\n<meta property=\"og:type\" content=\"article\" \/>\n<meta property=\"og:title\" content=\"Un Audient iD22 en el centro de la banda sonora EDM de la F\u00f3rmula E - Audio-Technica Iberia\" \/>\n<meta property=\"og:description\" content=\"Chris Budd, productor de m\u00fasica house y propietario de un\u00a0Audient iD22, acaba de entregar la m\u00fasica para la pr\u00f3xima temporada de la F\u00f3rmula E, que comenz\u00f3 en Ad Diriyah, Arabia Saudita, el s\u00e1bado 15 de diciembre. La m\u00fasica desempe\u00f1a un papel importante en la F\u00f3rmula E, el deporte del veh\u00edculo el\u00e9ctrico sostenible y sensible al [&hellip;]\" \/>\n<meta property=\"og:url\" content=\"https:\/\/distribution.audio-technica.eu\/es-es\/noticias\/una-id22-en-el-centro-de-la-banda-sonora-edm-de-la-formula-e\/\" \/>\n<meta property=\"og:site_name\" content=\"Audio-Technica Iberia\" \/>\n<meta property=\"article:published_time\" content=\"2018-12-20T17:33:13+00:00\" \/>\n<meta property=\"article:modified_time\" content=\"2023-07-31T08:57:47+00:00\" \/>\n<meta property=\"og:image\" content=\"https:\/\/distribution.audio-technica.eu\/app\/uploads\/sites\/2\/ASP4816-Chris-BUDD_banner.jpg\" \/>\n\t<meta property=\"og:image:width\" content=\"640\" \/>\n\t<meta property=\"og:image:height\" content=\"360\" \/>\n\t<meta property=\"og:image:type\" content=\"image\/jpeg\" \/>\n<meta name=\"author\" content=\"ctorras\" \/>\n<meta name=\"twitter:card\" content=\"summary_large_image\" \/>\n<meta name=\"twitter:label1\" content=\"Escrito por\" \/>\n\t<meta name=\"twitter:data1\" content=\"ctorras\" \/>\n\t<meta name=\"twitter:label2\" content=\"Tiempo de lectura\" \/>\n\t<meta name=\"twitter:data2\" content=\"4 minutos\" \/>\n<script type=\"application\/ld+json\" class=\"yoast-schema-graph\">{\"@context\":\"https:\/\/schema.org\",\"@graph\":[{\"@type\":\"Article\",\"@id\":\"https:\/\/distribution.audio-technica.eu\/es-es\/noticias\/una-id22-en-el-centro-de-la-banda-sonora-edm-de-la-formula-e\/#article\",\"isPartOf\":{\"@id\":\"https:\/\/distribution.audio-technica.eu\/es-es\/noticias\/una-id22-en-el-centro-de-la-banda-sonora-edm-de-la-formula-e\/\"},\"author\":{\"name\":\"ctorras\",\"@id\":\"https:\/\/distribution.audio-technica.eu\/es-es\/#\/schema\/person\/dbf0d33217ceab6329b4c3144742f2fb\"},\"headline\":\"Un Audient iD22 en el centro de la banda sonora EDM de la F\u00f3rmula E\",\"datePublished\":\"2018-12-20T17:33:13+00:00\",\"dateModified\":\"2023-07-31T08:57:47+00:00\",\"mainEntityOfPage\":{\"@id\":\"https:\/\/distribution.audio-technica.eu\/es-es\/noticias\/una-id22-en-el-centro-de-la-banda-sonora-edm-de-la-formula-e\/\"},\"wordCount\":744,\"image\":{\"@id\":\"https:\/\/distribution.audio-technica.eu\/es-es\/noticias\/una-id22-en-el-centro-de-la-banda-sonora-edm-de-la-formula-e\/#primaryimage\"},\"thumbnailUrl\":\"\/app\/uploads\/sites\/2\/ASP4816-Chris-BUDD_banner.jpg\",\"keywords\":[\"Banda Sonora\",\"Formula E\",\"id22\"],\"articleSection\":[\"Usuarios\"],\"inLanguage\":\"es\"},{\"@type\":\"WebPage\",\"@id\":\"https:\/\/distribution.audio-technica.eu\/es-es\/noticias\/una-id22-en-el-centro-de-la-banda-sonora-edm-de-la-formula-e\/\",\"url\":\"https:\/\/distribution.audio-technica.eu\/es-es\/noticias\/una-id22-en-el-centro-de-la-banda-sonora-edm-de-la-formula-e\/\",\"name\":\"Un Audient iD22 en el centro de la banda sonora EDM de la F\u00f3rmula E - Audio-Technica Iberia\",\"isPartOf\":{\"@id\":\"https:\/\/distribution.audio-technica.eu\/es-es\/#website\"},\"primaryImageOfPage\":{\"@id\":\"https:\/\/distribution.audio-technica.eu\/es-es\/noticias\/una-id22-en-el-centro-de-la-banda-sonora-edm-de-la-formula-e\/#primaryimage\"},\"image\":{\"@id\":\"https:\/\/distribution.audio-technica.eu\/es-es\/noticias\/una-id22-en-el-centro-de-la-banda-sonora-edm-de-la-formula-e\/#primaryimage\"},\"thumbnailUrl\":\"\/app\/uploads\/sites\/2\/ASP4816-Chris-BUDD_banner.jpg\",\"datePublished\":\"2018-12-20T17:33:13+00:00\",\"dateModified\":\"2023-07-31T08:57:47+00:00\",\"author\":{\"@id\":\"https:\/\/distribution.audio-technica.eu\/es-es\/#\/schema\/person\/dbf0d33217ceab6329b4c3144742f2fb\"},\"breadcrumb\":{\"@id\":\"https:\/\/distribution.audio-technica.eu\/es-es\/noticias\/una-id22-en-el-centro-de-la-banda-sonora-edm-de-la-formula-e\/#breadcrumb\"},\"inLanguage\":\"es\",\"potentialAction\":[{\"@type\":\"ReadAction\",\"target\":[\"https:\/\/distribution.audio-technica.eu\/es-es\/noticias\/una-id22-en-el-centro-de-la-banda-sonora-edm-de-la-formula-e\/\"]}]},{\"@type\":\"ImageObject\",\"inLanguage\":\"es\",\"@id\":\"https:\/\/distribution.audio-technica.eu\/es-es\/noticias\/una-id22-en-el-centro-de-la-banda-sonora-edm-de-la-formula-e\/#primaryimage\",\"url\":\"\/app\/uploads\/sites\/2\/ASP4816-Chris-BUDD_banner.jpg\",\"contentUrl\":\"\/app\/uploads\/sites\/2\/ASP4816-Chris-BUDD_banner.jpg\",\"width\":640,\"height\":360,\"caption\":\"Una iD22 en el centro de la banda sonora EDM de la F\u00f3rmula E\"},{\"@type\":\"BreadcrumbList\",\"@id\":\"https:\/\/distribution.audio-technica.eu\/es-es\/noticias\/una-id22-en-el-centro-de-la-banda-sonora-edm-de-la-formula-e\/#breadcrumb\",\"itemListElement\":[{\"@type\":\"ListItem\",\"position\":1,\"name\":\"Products\",\"item\":\"https:\/\/distribution.audio-technica.eu\/es-es\/\"},{\"@type\":\"ListItem\",\"position\":2,\"name\":\"Un Audient iD22 en el centro de la banda sonora EDM de la F\u00f3rmula E\"}]},{\"@type\":\"WebSite\",\"@id\":\"https:\/\/distribution.audio-technica.eu\/es-es\/#website\",\"url\":\"https:\/\/distribution.audio-technica.eu\/es-es\/\",\"name\":\"Audio-Technica Iberia\",\"description\":\"Distribuci\u00f3n\",\"potentialAction\":[{\"@type\":\"SearchAction\",\"target\":{\"@type\":\"EntryPoint\",\"urlTemplate\":\"https:\/\/distribution.audio-technica.eu\/es-es\/?s={search_term_string}\"},\"query-input\":{\"@type\":\"PropertyValueSpecification\",\"valueRequired\":true,\"valueName\":\"search_term_string\"}}],\"inLanguage\":\"es\"},{\"@type\":\"Person\",\"@id\":\"https:\/\/distribution.audio-technica.eu\/es-es\/#\/schema\/person\/dbf0d33217ceab6329b4c3144742f2fb\",\"name\":\"ctorras\"}]}<\/script>\n<!-- \/ Yoast SEO plugin. -->","yoast_head_json":{"title":"Un Audient iD22 en el centro de la banda sonora EDM de la F\u00f3rmula E - Audio-Technica Iberia","robots":{"index":"index","follow":"follow","max-snippet":"max-snippet:-1","max-image-preview":"max-image-preview:large","max-video-preview":"max-video-preview:-1"},"canonical":"https:\/\/distribution.audio-technica.eu\/es-es\/noticias\/una-id22-en-el-centro-de-la-banda-sonora-edm-de-la-formula-e\/","og_locale":"es_ES","og_type":"article","og_title":"Un Audient iD22 en el centro de la banda sonora EDM de la F\u00f3rmula E - Audio-Technica Iberia","og_description":"Chris Budd, productor de m\u00fasica house y propietario de un\u00a0Audient iD22, acaba de entregar la m\u00fasica para la pr\u00f3xima temporada de la F\u00f3rmula E, que comenz\u00f3 en Ad Diriyah, Arabia Saudita, el s\u00e1bado 15 de diciembre. La m\u00fasica desempe\u00f1a un papel importante en la F\u00f3rmula E, el deporte del veh\u00edculo el\u00e9ctrico sostenible y sensible al [&hellip;]","og_url":"https:\/\/distribution.audio-technica.eu\/es-es\/noticias\/una-id22-en-el-centro-de-la-banda-sonora-edm-de-la-formula-e\/","og_site_name":"Audio-Technica Iberia","article_published_time":"2018-12-20T17:33:13+00:00","article_modified_time":"2023-07-31T08:57:47+00:00","og_image":[{"width":640,"height":360,"url":"https:\/\/distribution.audio-technica.eu\/app\/uploads\/sites\/2\/ASP4816-Chris-BUDD_banner.jpg","type":"image\/jpeg"}],"author":"ctorras","twitter_card":"summary_large_image","twitter_misc":{"Escrito por":"ctorras","Tiempo de lectura":"4 minutos"},"schema":{"@context":"https:\/\/schema.org","@graph":[{"@type":"Article","@id":"https:\/\/distribution.audio-technica.eu\/es-es\/noticias\/una-id22-en-el-centro-de-la-banda-sonora-edm-de-la-formula-e\/#article","isPartOf":{"@id":"https:\/\/distribution.audio-technica.eu\/es-es\/noticias\/una-id22-en-el-centro-de-la-banda-sonora-edm-de-la-formula-e\/"},"author":{"name":"ctorras","@id":"https:\/\/distribution.audio-technica.eu\/es-es\/#\/schema\/person\/dbf0d33217ceab6329b4c3144742f2fb"},"headline":"Un Audient iD22 en el centro de la banda sonora EDM de la F\u00f3rmula E","datePublished":"2018-12-20T17:33:13+00:00","dateModified":"2023-07-31T08:57:47+00:00","mainEntityOfPage":{"@id":"https:\/\/distribution.audio-technica.eu\/es-es\/noticias\/una-id22-en-el-centro-de-la-banda-sonora-edm-de-la-formula-e\/"},"wordCount":744,"image":{"@id":"https:\/\/distribution.audio-technica.eu\/es-es\/noticias\/una-id22-en-el-centro-de-la-banda-sonora-edm-de-la-formula-e\/#primaryimage"},"thumbnailUrl":"\/app\/uploads\/sites\/2\/ASP4816-Chris-BUDD_banner.jpg","keywords":["Banda Sonora","Formula E","id22"],"articleSection":["Usuarios"],"inLanguage":"es"},{"@type":"WebPage","@id":"https:\/\/distribution.audio-technica.eu\/es-es\/noticias\/una-id22-en-el-centro-de-la-banda-sonora-edm-de-la-formula-e\/","url":"https:\/\/distribution.audio-technica.eu\/es-es\/noticias\/una-id22-en-el-centro-de-la-banda-sonora-edm-de-la-formula-e\/","name":"Un Audient iD22 en el centro de la banda sonora EDM de la F\u00f3rmula E - Audio-Technica Iberia","isPartOf":{"@id":"https:\/\/distribution.audio-technica.eu\/es-es\/#website"},"primaryImageOfPage":{"@id":"https:\/\/distribution.audio-technica.eu\/es-es\/noticias\/una-id22-en-el-centro-de-la-banda-sonora-edm-de-la-formula-e\/#primaryimage"},"image":{"@id":"https:\/\/distribution.audio-technica.eu\/es-es\/noticias\/una-id22-en-el-centro-de-la-banda-sonora-edm-de-la-formula-e\/#primaryimage"},"thumbnailUrl":"\/app\/uploads\/sites\/2\/ASP4816-Chris-BUDD_banner.jpg","datePublished":"2018-12-20T17:33:13+00:00","dateModified":"2023-07-31T08:57:47+00:00","author":{"@id":"https:\/\/distribution.audio-technica.eu\/es-es\/#\/schema\/person\/dbf0d33217ceab6329b4c3144742f2fb"},"breadcrumb":{"@id":"https:\/\/distribution.audio-technica.eu\/es-es\/noticias\/una-id22-en-el-centro-de-la-banda-sonora-edm-de-la-formula-e\/#breadcrumb"},"inLanguage":"es","potentialAction":[{"@type":"ReadAction","target":["https:\/\/distribution.audio-technica.eu\/es-es\/noticias\/una-id22-en-el-centro-de-la-banda-sonora-edm-de-la-formula-e\/"]}]},{"@type":"ImageObject","inLanguage":"es","@id":"https:\/\/distribution.audio-technica.eu\/es-es\/noticias\/una-id22-en-el-centro-de-la-banda-sonora-edm-de-la-formula-e\/#primaryimage","url":"\/app\/uploads\/sites\/2\/ASP4816-Chris-BUDD_banner.jpg","contentUrl":"\/app\/uploads\/sites\/2\/ASP4816-Chris-BUDD_banner.jpg","width":640,"height":360,"caption":"Una iD22 en el centro de la banda sonora EDM de la F\u00f3rmula E"},{"@type":"BreadcrumbList","@id":"https:\/\/distribution.audio-technica.eu\/es-es\/noticias\/una-id22-en-el-centro-de-la-banda-sonora-edm-de-la-formula-e\/#breadcrumb","itemListElement":[{"@type":"ListItem","position":1,"name":"Products","item":"https:\/\/distribution.audio-technica.eu\/es-es\/"},{"@type":"ListItem","position":2,"name":"Un Audient iD22 en el centro de la banda sonora EDM de la F\u00f3rmula E"}]},{"@type":"WebSite","@id":"https:\/\/distribution.audio-technica.eu\/es-es\/#website","url":"https:\/\/distribution.audio-technica.eu\/es-es\/","name":"Audio-Technica Iberia","description":"Distribuci\u00f3n","potentialAction":[{"@type":"SearchAction","target":{"@type":"EntryPoint","urlTemplate":"https:\/\/distribution.audio-technica.eu\/es-es\/?s={search_term_string}"},"query-input":{"@type":"PropertyValueSpecification","valueRequired":true,"valueName":"search_term_string"}}],"inLanguage":"es"},{"@type":"Person","@id":"https:\/\/distribution.audio-technica.eu\/es-es\/#\/schema\/person\/dbf0d33217ceab6329b4c3144742f2fb","name":"ctorras"}]}},"_links":{"self":[{"href":"https:\/\/distribution.audio-technica.eu\/es-es\/wp-json\/wp\/v2\/posts\/15347","targetHints":{"allow":["GET"]}}],"collection":[{"href":"https:\/\/distribution.audio-technica.eu\/es-es\/wp-json\/wp\/v2\/posts"}],"about":[{"href":"https:\/\/distribution.audio-technica.eu\/es-es\/wp-json\/wp\/v2\/types\/post"}],"author":[{"embeddable":true,"href":"https:\/\/distribution.audio-technica.eu\/es-es\/wp-json\/wp\/v2\/users\/2"}],"replies":[{"embeddable":true,"href":"https:\/\/distribution.audio-technica.eu\/es-es\/wp-json\/wp\/v2\/comments?post=15347"}],"version-history":[{"count":4,"href":"https:\/\/distribution.audio-technica.eu\/es-es\/wp-json\/wp\/v2\/posts\/15347\/revisions"}],"predecessor-version":[{"id":15351,"href":"https:\/\/distribution.audio-technica.eu\/es-es\/wp-json\/wp\/v2\/posts\/15347\/revisions\/15351"}],"wp:featuredmedia":[{"embeddable":true,"href":"https:\/\/distribution.audio-technica.eu\/es-es\/wp-json\/wp\/v2\/media\/15344"}],"wp:attachment":[{"href":"https:\/\/distribution.audio-technica.eu\/es-es\/wp-json\/wp\/v2\/media?parent=15347"}],"wp:term":[{"taxonomy":"category","embeddable":true,"href":"https:\/\/distribution.audio-technica.eu\/es-es\/wp-json\/wp\/v2\/categories?post=15347"},{"taxonomy":"post_tag","embeddable":true,"href":"https:\/\/distribution.audio-technica.eu\/es-es\/wp-json\/wp\/v2\/tags?post=15347"}],"curies":[{"name":"wp","href":"https:\/\/api.w.org\/{rel}","templated":true}]}}