{"id":15391,"date":"2018-12-28T20:03:26","date_gmt":"2018-12-28T19:03:26","guid":{"rendered":"https:\/\/atdb-production.studiograft.dev\/es\/?p=15391"},"modified":"2023-10-17T18:27:41","modified_gmt":"2023-10-17T16:27:41","slug":"kt-tunstall-de-gira-con-microfonos-at4047mp-de-audio-technica","status":"publish","type":"post","link":"https:\/\/distribution.audio-technica.eu\/es-es\/noticias\/kt-tunstall-de-gira-con-microfonos-at4047mp-de-audio-technica\/","title":{"rendered":"KT Tunstall, de gira con micr\u00f3fonos AT4047MP de Audio-Technica"},"content":{"rendered":"<h2>KT Tunstall, ganadora de un premio Ivor Novello, emergi\u00f3 en 2004 con su single \u2018Black Horse and the Cherry Tree\u2019. Desde entonces, ha publicado 6 \u00e1lbumes y ha realizado infinidad de giras a trav\u00e9s de Europa y del resto del mundo, tanto en formato solista como acompa\u00f1ada de su banda, formado por otros cinco m\u00fasicos, utilizando micr\u00f3fonos Audio-Technica.<\/h2>\n<p><a href=\"https:\/\/distribution.audio-technica.eu\/es\/wp-content\/uploads\/sites\/2\/KT-Tunstall-Amp-BW_wp.jpg\"><img loading=\"lazy\" decoding=\"async\" class=\"alignnone size-full wp-image-15389\" src=\"\/es\/wp-content\/uploads\/sites\/2\/KT-Tunstall-Amp-BW_wp.jpg\" alt=\"\" width=\"1200\" height=\"1600\" srcset=\"https:\/\/distribution.audio-technica.eu\/app\/uploads\/sites\/2\/KT-Tunstall-Amp-BW_wp.jpg 1200w, https:\/\/distribution.audio-technica.eu\/app\/uploads\/sites\/2\/KT-Tunstall-Amp-BW_wp-225x300.jpg 225w, https:\/\/distribution.audio-technica.eu\/app\/uploads\/sites\/2\/KT-Tunstall-Amp-BW_wp-768x1024.jpg 768w, https:\/\/distribution.audio-technica.eu\/app\/uploads\/sites\/2\/KT-Tunstall-Amp-BW_wp-200x267.jpg 200w, https:\/\/distribution.audio-technica.eu\/app\/uploads\/sites\/2\/KT-Tunstall-Amp-BW_wp-400x533.jpg 400w, https:\/\/distribution.audio-technica.eu\/app\/uploads\/sites\/2\/KT-Tunstall-Amp-BW_wp-600x800.jpg 600w, https:\/\/distribution.audio-technica.eu\/app\/uploads\/sites\/2\/KT-Tunstall-Amp-BW_wp-800x1067.jpg 800w\" sizes=\"auto, (max-width: 1200px) 100vw, 1200px\" \/><\/a><\/p>\n<p>Su ingeniero FoH es Harry Bishop, que ha trabajado con multitud de artistas internacionales de los m\u00e1s variados g\u00e9neros: Jazz con Mulatu Astake, Portico Quartet y The Heliocentrics; Electr\u00f3nica con Beardyman, Death In Vegas, Tricky, Quantic y Simian Mobile Disco; Soul con Alice Russel; Reggae con Natty; Rock con KT Tunstall; Pop con Years &amp; Years, Kelli Leigh y Sigala, y otros muchos. Durante todo este tiempo, ha acumulado un almac\u00e9n totalmente repleto de equipos de alta calidad, por lo que tambi\u00e9n es razonable afirmar que se ha convertido por s\u00ed mismo en una empresa de sonorizaci\u00f3n (<a href=\"http:\/\/www.hpa.uk.com\">www.hpa.uk.com<\/a>)<\/p>\n<p>Uno de los micr\u00f3fonos preferidos de Bishop es el <a href=\"https:\/\/eu.audio-technica.com\/AT4047MP?lang=es\" target=\"_blank\" rel=\"noopener\">AT4047MP<\/a> de Audio-Technica, capaz de proporcionar un sonido vintage con un dise\u00f1o multi patr\u00f3n, con patrones polares seleccionables entre omnidireccional, cardioide y figura en ocho. La salida acoplada por medio de transformador y sus elementos cuidadosamente optimizados, hacen que este micr\u00f3fono sea capaz de proporcionar unas caracter\u00edsticas sonoras con reminiscencias de los primeros micr\u00f3fonos de tipo FET para estudio.<\/p>\n<p>Bishop afirma que \u2018<em>Mi filosof\u00eda cuando capturo cualquier sonido es interferir lo m\u00ednimo posible. Con una fuente ac\u00fastica, es necesario colocar el micr\u00f3fono adecuado, en el lugar adecuado, y manipular el canal tan poco como sea posible. No hace falta decir que esto, a menudo, es un sue\u00f1o muy esquivo, pero a veces se hace realidad. Durante a\u00f1os, he estado utilizando el micr\u00f3fono AT4047 como overhead para bater\u00eda; se ha convertido en la contribuci\u00f3n m\u00e1s importante a mi sonido de bater\u00eda, y no hago ninguna actuaci\u00f3n sin \u00e9l. Ahora he descubierto una nueva aplicaci\u00f3n que me entusiasma: \u00bfpor qu\u00e9 no los hab\u00eda utilizado hasta ahora para las guitarras? Es un micr\u00f3fono fant\u00e1stico, con alcance, profundidad y sabor. Me encanta<\/em>.\u2019<\/p>\n<p>&nbsp;<\/p>\n<p>M\u00e1s informacion sobre el micr\u00f3fono\u00a0<a href=\"https:\/\/eu.audio-technica.com\/AT4047MP?lang=es\" target=\"_blank\" rel=\"noopener\">AT4047MP<\/a> de Audio-Technica<\/p>\n","protected":false},"excerpt":{"rendered":"<p>KT Tunstall, ganadora de un premio Ivor Novello, emergi\u00f3 en 2004 con su single \u2018Black Horse and the Cherry Tree\u2019. Desde entonces, ha publicado 6 \u00e1lbumes y ha realizado infinidad de giras a trav\u00e9s de Europa y del resto del mundo, tanto en formato solista como acompa\u00f1ada de su banda, formado por otros cinco m\u00fasicos, [&hellip;]<\/p>\n","protected":false},"author":2,"featured_media":15390,"comment_status":"closed","ping_status":"closed","sticky":false,"template":"","format":"standard","meta":{"_acf_changed":false,"footnotes":""},"categories":[1821],"tags":[2038,1579],"class_list":["post-15391","post","type-post","status-publish","format-standard","has-post-thumbnail","hentry","category-artistas","tag-at4047","tag-directo"],"acf":[],"yoast_head":"<!-- This site is optimized with the Yoast SEO plugin v27.1.1 - https:\/\/yoast.com\/product\/yoast-seo-wordpress\/ -->\n<title>KT Tunstall, de gira con micr\u00f3fonos AT4047MP de Audio-Technica - Audio-Technica Iberia<\/title>\n<meta name=\"robots\" content=\"index, follow, max-snippet:-1, max-image-preview:large, max-video-preview:-1\" \/>\n<link rel=\"canonical\" href=\"https:\/\/distribution.audio-technica.eu\/es-es\/noticias\/kt-tunstall-de-gira-con-microfonos-at4047mp-de-audio-technica\/\" \/>\n<meta property=\"og:locale\" content=\"es_ES\" \/>\n<meta property=\"og:type\" content=\"article\" \/>\n<meta property=\"og:title\" content=\"KT Tunstall, de gira con micr\u00f3fonos AT4047MP de Audio-Technica - Audio-Technica Iberia\" \/>\n<meta property=\"og:description\" content=\"KT Tunstall, ganadora de un premio Ivor Novello, emergi\u00f3 en 2004 con su single \u2018Black Horse and the Cherry Tree\u2019. Desde entonces, ha publicado 6 \u00e1lbumes y ha realizado infinidad de giras a trav\u00e9s de Europa y del resto del mundo, tanto en formato solista como acompa\u00f1ada de su banda, formado por otros cinco m\u00fasicos, [&hellip;]\" \/>\n<meta property=\"og:url\" content=\"https:\/\/distribution.audio-technica.eu\/es-es\/noticias\/kt-tunstall-de-gira-con-microfonos-at4047mp-de-audio-technica\/\" \/>\n<meta property=\"og:site_name\" content=\"Audio-Technica Iberia\" \/>\n<meta property=\"article:published_time\" content=\"2018-12-28T19:03:26+00:00\" \/>\n<meta property=\"article:modified_time\" content=\"2023-10-17T16:27:41+00:00\" \/>\n<meta property=\"og:image\" content=\"https:\/\/distribution.audio-technica.eu\/app\/uploads\/sites\/2\/KT-Tunstall-Amp-BW_banner.jpg\" \/>\n\t<meta property=\"og:image:width\" content=\"640\" \/>\n\t<meta property=\"og:image:height\" content=\"360\" \/>\n\t<meta property=\"og:image:type\" content=\"image\/jpeg\" \/>\n<meta name=\"author\" content=\"ctorras\" \/>\n<meta name=\"twitter:card\" content=\"summary_large_image\" \/>\n<meta name=\"twitter:label1\" content=\"Escrito por\" \/>\n\t<meta name=\"twitter:data1\" content=\"ctorras\" \/>\n\t<meta name=\"twitter:label2\" content=\"Tiempo de lectura\" \/>\n\t<meta name=\"twitter:data2\" content=\"2 minutos\" \/>\n<script type=\"application\/ld+json\" class=\"yoast-schema-graph\">{\"@context\":\"https:\/\/schema.org\",\"@graph\":[{\"@type\":\"Article\",\"@id\":\"https:\/\/distribution.audio-technica.eu\/es-es\/noticias\/kt-tunstall-de-gira-con-microfonos-at4047mp-de-audio-technica\/#article\",\"isPartOf\":{\"@id\":\"https:\/\/distribution.audio-technica.eu\/es-es\/noticias\/kt-tunstall-de-gira-con-microfonos-at4047mp-de-audio-technica\/\"},\"author\":{\"name\":\"ctorras\",\"@id\":\"https:\/\/distribution.audio-technica.eu\/es-es\/#\/schema\/person\/dbf0d33217ceab6329b4c3144742f2fb\"},\"headline\":\"KT Tunstall, de gira con micr\u00f3fonos AT4047MP de Audio-Technica\",\"datePublished\":\"2018-12-28T19:03:26+00:00\",\"dateModified\":\"2023-10-17T16:27:41+00:00\",\"mainEntityOfPage\":{\"@id\":\"https:\/\/distribution.audio-technica.eu\/es-es\/noticias\/kt-tunstall-de-gira-con-microfonos-at4047mp-de-audio-technica\/\"},\"wordCount\":400,\"image\":{\"@id\":\"https:\/\/distribution.audio-technica.eu\/es-es\/noticias\/kt-tunstall-de-gira-con-microfonos-at4047mp-de-audio-technica\/#primaryimage\"},\"thumbnailUrl\":\"\/app\/uploads\/sites\/2\/KT-Tunstall-Amp-BW_banner.jpg\",\"keywords\":[\"AT4047\",\"directo\"],\"articleSection\":[\"Artistas\"],\"inLanguage\":\"es\"},{\"@type\":\"WebPage\",\"@id\":\"https:\/\/distribution.audio-technica.eu\/es-es\/noticias\/kt-tunstall-de-gira-con-microfonos-at4047mp-de-audio-technica\/\",\"url\":\"https:\/\/distribution.audio-technica.eu\/es-es\/noticias\/kt-tunstall-de-gira-con-microfonos-at4047mp-de-audio-technica\/\",\"name\":\"KT Tunstall, de gira con micr\u00f3fonos AT4047MP de Audio-Technica - Audio-Technica Iberia\",\"isPartOf\":{\"@id\":\"https:\/\/distribution.audio-technica.eu\/es-es\/#website\"},\"primaryImageOfPage\":{\"@id\":\"https:\/\/distribution.audio-technica.eu\/es-es\/noticias\/kt-tunstall-de-gira-con-microfonos-at4047mp-de-audio-technica\/#primaryimage\"},\"image\":{\"@id\":\"https:\/\/distribution.audio-technica.eu\/es-es\/noticias\/kt-tunstall-de-gira-con-microfonos-at4047mp-de-audio-technica\/#primaryimage\"},\"thumbnailUrl\":\"\/app\/uploads\/sites\/2\/KT-Tunstall-Amp-BW_banner.jpg\",\"datePublished\":\"2018-12-28T19:03:26+00:00\",\"dateModified\":\"2023-10-17T16:27:41+00:00\",\"author\":{\"@id\":\"https:\/\/distribution.audio-technica.eu\/es-es\/#\/schema\/person\/dbf0d33217ceab6329b4c3144742f2fb\"},\"breadcrumb\":{\"@id\":\"https:\/\/distribution.audio-technica.eu\/es-es\/noticias\/kt-tunstall-de-gira-con-microfonos-at4047mp-de-audio-technica\/#breadcrumb\"},\"inLanguage\":\"es\",\"potentialAction\":[{\"@type\":\"ReadAction\",\"target\":[\"https:\/\/distribution.audio-technica.eu\/es-es\/noticias\/kt-tunstall-de-gira-con-microfonos-at4047mp-de-audio-technica\/\"]}]},{\"@type\":\"ImageObject\",\"inLanguage\":\"es\",\"@id\":\"https:\/\/distribution.audio-technica.eu\/es-es\/noticias\/kt-tunstall-de-gira-con-microfonos-at4047mp-de-audio-technica\/#primaryimage\",\"url\":\"\/app\/uploads\/sites\/2\/KT-Tunstall-Amp-BW_banner.jpg\",\"contentUrl\":\"\/app\/uploads\/sites\/2\/KT-Tunstall-Amp-BW_banner.jpg\",\"width\":640,\"height\":360},{\"@type\":\"BreadcrumbList\",\"@id\":\"https:\/\/distribution.audio-technica.eu\/es-es\/noticias\/kt-tunstall-de-gira-con-microfonos-at4047mp-de-audio-technica\/#breadcrumb\",\"itemListElement\":[{\"@type\":\"ListItem\",\"position\":1,\"name\":\"Products\",\"item\":\"https:\/\/distribution.audio-technica.eu\/es-es\/\"},{\"@type\":\"ListItem\",\"position\":2,\"name\":\"KT Tunstall, de gira con micr\u00f3fonos AT4047MP de Audio-Technica\"}]},{\"@type\":\"WebSite\",\"@id\":\"https:\/\/distribution.audio-technica.eu\/es-es\/#website\",\"url\":\"https:\/\/distribution.audio-technica.eu\/es-es\/\",\"name\":\"Audio-Technica Iberia\",\"description\":\"Distribuci\u00f3n\",\"potentialAction\":[{\"@type\":\"SearchAction\",\"target\":{\"@type\":\"EntryPoint\",\"urlTemplate\":\"https:\/\/distribution.audio-technica.eu\/es-es\/?s={search_term_string}\"},\"query-input\":{\"@type\":\"PropertyValueSpecification\",\"valueRequired\":true,\"valueName\":\"search_term_string\"}}],\"inLanguage\":\"es\"},{\"@type\":\"Person\",\"@id\":\"https:\/\/distribution.audio-technica.eu\/es-es\/#\/schema\/person\/dbf0d33217ceab6329b4c3144742f2fb\",\"name\":\"ctorras\"}]}<\/script>\n<!-- \/ Yoast SEO plugin. -->","yoast_head_json":{"title":"KT Tunstall, de gira con micr\u00f3fonos AT4047MP de Audio-Technica - Audio-Technica Iberia","robots":{"index":"index","follow":"follow","max-snippet":"max-snippet:-1","max-image-preview":"max-image-preview:large","max-video-preview":"max-video-preview:-1"},"canonical":"https:\/\/distribution.audio-technica.eu\/es-es\/noticias\/kt-tunstall-de-gira-con-microfonos-at4047mp-de-audio-technica\/","og_locale":"es_ES","og_type":"article","og_title":"KT Tunstall, de gira con micr\u00f3fonos AT4047MP de Audio-Technica - Audio-Technica Iberia","og_description":"KT Tunstall, ganadora de un premio Ivor Novello, emergi\u00f3 en 2004 con su single \u2018Black Horse and the Cherry Tree\u2019. Desde entonces, ha publicado 6 \u00e1lbumes y ha realizado infinidad de giras a trav\u00e9s de Europa y del resto del mundo, tanto en formato solista como acompa\u00f1ada de su banda, formado por otros cinco m\u00fasicos, [&hellip;]","og_url":"https:\/\/distribution.audio-technica.eu\/es-es\/noticias\/kt-tunstall-de-gira-con-microfonos-at4047mp-de-audio-technica\/","og_site_name":"Audio-Technica Iberia","article_published_time":"2018-12-28T19:03:26+00:00","article_modified_time":"2023-10-17T16:27:41+00:00","og_image":[{"width":640,"height":360,"url":"https:\/\/distribution.audio-technica.eu\/app\/uploads\/sites\/2\/KT-Tunstall-Amp-BW_banner.jpg","type":"image\/jpeg"}],"author":"ctorras","twitter_card":"summary_large_image","twitter_misc":{"Escrito por":"ctorras","Tiempo de lectura":"2 minutos"},"schema":{"@context":"https:\/\/schema.org","@graph":[{"@type":"Article","@id":"https:\/\/distribution.audio-technica.eu\/es-es\/noticias\/kt-tunstall-de-gira-con-microfonos-at4047mp-de-audio-technica\/#article","isPartOf":{"@id":"https:\/\/distribution.audio-technica.eu\/es-es\/noticias\/kt-tunstall-de-gira-con-microfonos-at4047mp-de-audio-technica\/"},"author":{"name":"ctorras","@id":"https:\/\/distribution.audio-technica.eu\/es-es\/#\/schema\/person\/dbf0d33217ceab6329b4c3144742f2fb"},"headline":"KT Tunstall, de gira con micr\u00f3fonos AT4047MP de Audio-Technica","datePublished":"2018-12-28T19:03:26+00:00","dateModified":"2023-10-17T16:27:41+00:00","mainEntityOfPage":{"@id":"https:\/\/distribution.audio-technica.eu\/es-es\/noticias\/kt-tunstall-de-gira-con-microfonos-at4047mp-de-audio-technica\/"},"wordCount":400,"image":{"@id":"https:\/\/distribution.audio-technica.eu\/es-es\/noticias\/kt-tunstall-de-gira-con-microfonos-at4047mp-de-audio-technica\/#primaryimage"},"thumbnailUrl":"\/app\/uploads\/sites\/2\/KT-Tunstall-Amp-BW_banner.jpg","keywords":["AT4047","directo"],"articleSection":["Artistas"],"inLanguage":"es"},{"@type":"WebPage","@id":"https:\/\/distribution.audio-technica.eu\/es-es\/noticias\/kt-tunstall-de-gira-con-microfonos-at4047mp-de-audio-technica\/","url":"https:\/\/distribution.audio-technica.eu\/es-es\/noticias\/kt-tunstall-de-gira-con-microfonos-at4047mp-de-audio-technica\/","name":"KT Tunstall, de gira con micr\u00f3fonos AT4047MP de Audio-Technica - Audio-Technica Iberia","isPartOf":{"@id":"https:\/\/distribution.audio-technica.eu\/es-es\/#website"},"primaryImageOfPage":{"@id":"https:\/\/distribution.audio-technica.eu\/es-es\/noticias\/kt-tunstall-de-gira-con-microfonos-at4047mp-de-audio-technica\/#primaryimage"},"image":{"@id":"https:\/\/distribution.audio-technica.eu\/es-es\/noticias\/kt-tunstall-de-gira-con-microfonos-at4047mp-de-audio-technica\/#primaryimage"},"thumbnailUrl":"\/app\/uploads\/sites\/2\/KT-Tunstall-Amp-BW_banner.jpg","datePublished":"2018-12-28T19:03:26+00:00","dateModified":"2023-10-17T16:27:41+00:00","author":{"@id":"https:\/\/distribution.audio-technica.eu\/es-es\/#\/schema\/person\/dbf0d33217ceab6329b4c3144742f2fb"},"breadcrumb":{"@id":"https:\/\/distribution.audio-technica.eu\/es-es\/noticias\/kt-tunstall-de-gira-con-microfonos-at4047mp-de-audio-technica\/#breadcrumb"},"inLanguage":"es","potentialAction":[{"@type":"ReadAction","target":["https:\/\/distribution.audio-technica.eu\/es-es\/noticias\/kt-tunstall-de-gira-con-microfonos-at4047mp-de-audio-technica\/"]}]},{"@type":"ImageObject","inLanguage":"es","@id":"https:\/\/distribution.audio-technica.eu\/es-es\/noticias\/kt-tunstall-de-gira-con-microfonos-at4047mp-de-audio-technica\/#primaryimage","url":"\/app\/uploads\/sites\/2\/KT-Tunstall-Amp-BW_banner.jpg","contentUrl":"\/app\/uploads\/sites\/2\/KT-Tunstall-Amp-BW_banner.jpg","width":640,"height":360},{"@type":"BreadcrumbList","@id":"https:\/\/distribution.audio-technica.eu\/es-es\/noticias\/kt-tunstall-de-gira-con-microfonos-at4047mp-de-audio-technica\/#breadcrumb","itemListElement":[{"@type":"ListItem","position":1,"name":"Products","item":"https:\/\/distribution.audio-technica.eu\/es-es\/"},{"@type":"ListItem","position":2,"name":"KT Tunstall, de gira con micr\u00f3fonos AT4047MP de Audio-Technica"}]},{"@type":"WebSite","@id":"https:\/\/distribution.audio-technica.eu\/es-es\/#website","url":"https:\/\/distribution.audio-technica.eu\/es-es\/","name":"Audio-Technica Iberia","description":"Distribuci\u00f3n","potentialAction":[{"@type":"SearchAction","target":{"@type":"EntryPoint","urlTemplate":"https:\/\/distribution.audio-technica.eu\/es-es\/?s={search_term_string}"},"query-input":{"@type":"PropertyValueSpecification","valueRequired":true,"valueName":"search_term_string"}}],"inLanguage":"es"},{"@type":"Person","@id":"https:\/\/distribution.audio-technica.eu\/es-es\/#\/schema\/person\/dbf0d33217ceab6329b4c3144742f2fb","name":"ctorras"}]}},"_links":{"self":[{"href":"https:\/\/distribution.audio-technica.eu\/es-es\/wp-json\/wp\/v2\/posts\/15391","targetHints":{"allow":["GET"]}}],"collection":[{"href":"https:\/\/distribution.audio-technica.eu\/es-es\/wp-json\/wp\/v2\/posts"}],"about":[{"href":"https:\/\/distribution.audio-technica.eu\/es-es\/wp-json\/wp\/v2\/types\/post"}],"author":[{"embeddable":true,"href":"https:\/\/distribution.audio-technica.eu\/es-es\/wp-json\/wp\/v2\/users\/2"}],"replies":[{"embeddable":true,"href":"https:\/\/distribution.audio-technica.eu\/es-es\/wp-json\/wp\/v2\/comments?post=15391"}],"version-history":[{"count":1,"href":"https:\/\/distribution.audio-technica.eu\/es-es\/wp-json\/wp\/v2\/posts\/15391\/revisions"}],"predecessor-version":[{"id":15392,"href":"https:\/\/distribution.audio-technica.eu\/es-es\/wp-json\/wp\/v2\/posts\/15391\/revisions\/15392"}],"wp:featuredmedia":[{"embeddable":true,"href":"https:\/\/distribution.audio-technica.eu\/es-es\/wp-json\/wp\/v2\/media\/15390"}],"wp:attachment":[{"href":"https:\/\/distribution.audio-technica.eu\/es-es\/wp-json\/wp\/v2\/media?parent=15391"}],"wp:term":[{"taxonomy":"category","embeddable":true,"href":"https:\/\/distribution.audio-technica.eu\/es-es\/wp-json\/wp\/v2\/categories?post=15391"},{"taxonomy":"post_tag","embeddable":true,"href":"https:\/\/distribution.audio-technica.eu\/es-es\/wp-json\/wp\/v2\/tags?post=15391"}],"curies":[{"name":"wp","href":"https:\/\/api.w.org\/{rel}","templated":true}]}}