{"id":15573,"date":"2019-02-05T13:25:46","date_gmt":"2019-02-05T12:25:46","guid":{"rendered":"https:\/\/atdb-production.studiograft.dev\/es\/?p=15573"},"modified":"2023-10-17T18:26:18","modified_gmt":"2023-10-17T16:26:18","slug":"audio-technica-presenta-el-nuevo-sistema-para-conferencias-por-infrarrojos-atuc-ir-en-el-ise2019","status":"publish","type":"post","link":"https:\/\/distribution.audio-technica.eu\/es-es\/noticias\/audio-technica-presenta-el-nuevo-sistema-para-conferencias-por-infrarrojos-atuc-ir-en-el-ise2019\/","title":{"rendered":"Audio-Technica presenta el nuevo sistema para conferencias por infrarrojos ATUC-IR en el ISE2019"},"content":{"rendered":"<p><a href=\"https:\/\/distribution.audio-technica.eu\/es\/wp-content\/uploads\/sites\/2\/ATUC-IR-group_WP.jpg\"><img loading=\"lazy\" decoding=\"async\" class=\"alignnone size-full wp-image-15575\" src=\"\/es\/wp-content\/uploads\/sites\/2\/ATUC-IR-group_WP.jpg\" alt=\"\" width=\"1500\" height=\"866\" srcset=\"https:\/\/distribution.audio-technica.eu\/app\/uploads\/sites\/2\/ATUC-IR-group_WP.jpg 1500w, https:\/\/distribution.audio-technica.eu\/app\/uploads\/sites\/2\/ATUC-IR-group_WP-300x173.jpg 300w, https:\/\/distribution.audio-technica.eu\/app\/uploads\/sites\/2\/ATUC-IR-group_WP-768x443.jpg 768w, https:\/\/distribution.audio-technica.eu\/app\/uploads\/sites\/2\/ATUC-IR-group_WP-1024x591.jpg 1024w, https:\/\/distribution.audio-technica.eu\/app\/uploads\/sites\/2\/ATUC-IR-group_WP-200x115.jpg 200w, https:\/\/distribution.audio-technica.eu\/app\/uploads\/sites\/2\/ATUC-IR-group_WP-400x231.jpg 400w, https:\/\/distribution.audio-technica.eu\/app\/uploads\/sites\/2\/ATUC-IR-group_WP-600x346.jpg 600w, https:\/\/distribution.audio-technica.eu\/app\/uploads\/sites\/2\/ATUC-IR-group_WP-800x462.jpg 800w, https:\/\/distribution.audio-technica.eu\/app\/uploads\/sites\/2\/ATUC-IR-group_WP-1200x693.jpg 1200w\" sizes=\"auto, (max-width: 1500px) 100vw, 1500px\" \/><\/a><\/p>\n<p>Audio-Technica acaba de presentar en el ISE2019 un nuevo sistema de conferencias por infrarrojos, el ATUC-IR. La nueva oferta inal\u00e1mbrica se une al sistema de discusi\u00f3n digital ATUC-50 existente en la l\u00ednea de <a href=\"https:\/\/eu.audio-technica.com\/conferencing\/es\/\" target=\"_blank\" rel=\"noopener\">soluciones de conferencia de Audio-Technica<\/a>.<\/p>\n<p>Dise\u00f1ado para ofrecer una excepcional seguridad, escalabilidad y flexibilidad, el dise\u00f1o basado en infrarrojos que ofrece el <a href=\"https:\/\/eu.audio-technica.com\/conferencing\/es\/atuc-ir\/\" target=\"_blank\" rel=\"noopener\">ATUC-IR<\/a> asegura que las se\u00f1ales quedar\u00e1n confinadas entre los muros de la sala donde se realiza la conferencia y que podr\u00e1 utilizarse en situaciones tales como en los edificios hist\u00f3ricos, donde existen limitaciones para utilizar sistemas cableados.<\/p>\n<p>Gracias a la tecnolog\u00eda h\u00edbrida utilizada en la unidad central <a href=\"https:\/\/eu.audio-technica.com\/microphones\/conference-systems\/ATUC-IRCU\" target=\"_blank\" rel=\"noopener\">ATUC-IRCU<\/a>, es posible combinar las ventajas que ofrece la tecnolog\u00eda de transmisi\u00f3n infrarroja y los componentes <a href=\"https:\/\/eu.audio-technica.com\/conferencing\/es\/atuc-50\/\" target=\"_blank\" rel=\"noopener\">ATUC-50<\/a> ya existentes sin tener que recurrir al uso de una unidad central adicional. Y combinando una unidad ATUC-IRCU (o la compatible con DANTE, <a href=\"https:\/\/eu.audio-technica.com\/microphones\/conference-systems\/ATUC-IRCUDAN\" target=\"_blank\" rel=\"noopener\">ATUC-IRCUDAN<\/a>) con hasta dos unidades adicionales <a href=\"https:\/\/eu.audio-technica.com\/microphones\/conference-systems\/ATUC-50CU?lang=es\" target=\"_blank\" rel=\"noopener\">ATUC-50CU<\/a>, es posible conseguir una instalaci\u00f3n con hasta 500 unidades de debate (200 infrarrojas y 300 cableadas). Las unidades ATUC-IRCU o ATUC-IRCUDAN controlan todas las unidades de debate en esta combinaci\u00f3n y permiten que el usuario pueda grabar en un dispositivo USB.<\/p>\n<p>La unidad de debate <a href=\"https:\/\/eu.audio-technica.com\/microphones\/conference-systems\/ATUC-IRDU\" target=\"_blank\" rel=\"noopener\">ATUC-IRDU<\/a> es muy f\u00e1cil de utilizar y ofrece dos botones multifunci\u00f3n (que pueden ser compartidos entre dos delegados), dos salidas para auriculares y LEDs RGB personalizables; las bater\u00edas recargables del sistema tambi\u00e9n pueden ser intercambiadas durante su funcionamiento, cuando se utilizan dos bater\u00edas. En aplicaciones multi idioma, es posible conectar al sistema hasta seis unidades de traducci\u00f3n (ATUC-50INT), permitiendo gestionar hasta tres idiomas.<\/p>\n<p>Basado en el ya establecido sistema ATUC-50, ATUC-IR incluye tambi\u00e9n prestaciones tales como el control total a trav\u00e9s de control remoto web, funcionalidad de control IP para permitir el acceso desde sistemas de control fabricados por terceros y supresor de realimentaci\u00f3n ac\u00fastica incorporado.<\/p>\n<p>Takahiro Domae, director del Departamento de Ingenier\u00eda de Audio-Technica, afirma: <em>\u201cCuando empezamos a crear micr\u00f3fonos en Audio-Technica, se utilizaron en entornos profesionales, tales como estudios, estadios o escenarios, por lo que han sido utilizados por algunos de los estudios m\u00e1s prestigiosos y, en el escenario, por algunos de los artistas m\u00e1s importantes.\u00a0 <\/em><\/p>\n<p><em>Esta experiencia nos ha permitido desarrollar una gama de micr\u00f3fonos de sonido cristalino que pueden ser utilizados en sistemas de conferencias, ofreciendo una comunicaci\u00f3n segura, para hasta 500 delegados<\/em>.\u201d<\/p>\n<p>&nbsp;<\/p>\n","protected":false},"excerpt":{"rendered":"<p>Audio-Technica acaba de presentar en el ISE2019 un nuevo sistema de conferencias por infrarrojos, el ATUC-IR. La nueva oferta inal\u00e1mbrica se une al sistema de discusi\u00f3n digital ATUC-50 existente en la l\u00ednea de soluciones de conferencia de Audio-Technica. Dise\u00f1ado para ofrecer una excepcional seguridad, escalabilidad y flexibilidad, el dise\u00f1o basado en infrarrojos que ofrece el [&hellip;]<\/p>\n","protected":false},"author":2,"featured_media":15571,"comment_status":"closed","ping_status":"closed","sticky":false,"template":"","format":"standard","meta":{"_acf_changed":false,"footnotes":""},"categories":[2456],"tags":[1791,2043,1553],"class_list":["post-15573","post","type-post","status-publish","format-standard","has-post-thumbnail","hentry","category-novedades","tag-atuc","tag-conferencias","tag-instalacion"],"acf":[],"yoast_head":"<!-- This site is optimized with the Yoast SEO plugin v27.1.1 - https:\/\/yoast.com\/product\/yoast-seo-wordpress\/ -->\n<title>Audio-Technica presenta el nuevo sistema para conferencias por infrarrojos ATUC-IR en el ISE2019 - Audio-Technica Iberia<\/title>\n<meta name=\"robots\" content=\"index, follow, max-snippet:-1, max-image-preview:large, max-video-preview:-1\" \/>\n<link rel=\"canonical\" href=\"https:\/\/distribution.audio-technica.eu\/es-es\/noticias\/audio-technica-presenta-el-nuevo-sistema-para-conferencias-por-infrarrojos-atuc-ir-en-el-ise2019\/\" \/>\n<meta property=\"og:locale\" content=\"es_ES\" \/>\n<meta property=\"og:type\" content=\"article\" \/>\n<meta property=\"og:title\" content=\"Audio-Technica presenta el nuevo sistema para conferencias por infrarrojos ATUC-IR en el ISE2019 - Audio-Technica Iberia\" \/>\n<meta property=\"og:description\" content=\"Audio-Technica acaba de presentar en el ISE2019 un nuevo sistema de conferencias por infrarrojos, el ATUC-IR. La nueva oferta inal\u00e1mbrica se une al sistema de discusi\u00f3n digital ATUC-50 existente en la l\u00ednea de soluciones de conferencia de Audio-Technica. Dise\u00f1ado para ofrecer una excepcional seguridad, escalabilidad y flexibilidad, el dise\u00f1o basado en infrarrojos que ofrece el [&hellip;]\" \/>\n<meta property=\"og:url\" content=\"https:\/\/distribution.audio-technica.eu\/es-es\/noticias\/audio-technica-presenta-el-nuevo-sistema-para-conferencias-por-infrarrojos-atuc-ir-en-el-ise2019\/\" \/>\n<meta property=\"og:site_name\" content=\"Audio-Technica Iberia\" \/>\n<meta property=\"article:published_time\" content=\"2019-02-05T12:25:46+00:00\" \/>\n<meta property=\"article:modified_time\" content=\"2023-10-17T16:26:18+00:00\" \/>\n<meta property=\"og:image\" content=\"https:\/\/distribution.audio-technica.eu\/app\/uploads\/sites\/2\/ES-microphones-components_banner.jpg\" \/>\n\t<meta property=\"og:image:width\" content=\"640\" \/>\n\t<meta property=\"og:image:height\" content=\"360\" \/>\n\t<meta property=\"og:image:type\" content=\"image\/jpeg\" \/>\n<meta name=\"author\" content=\"ctorras\" \/>\n<meta name=\"twitter:card\" content=\"summary_large_image\" \/>\n<meta name=\"twitter:label1\" content=\"Escrito por\" \/>\n\t<meta name=\"twitter:data1\" content=\"ctorras\" \/>\n\t<meta name=\"twitter:label2\" content=\"Tiempo de lectura\" \/>\n\t<meta name=\"twitter:data2\" content=\"2 minutos\" \/>\n<script type=\"application\/ld+json\" class=\"yoast-schema-graph\">{\"@context\":\"https:\/\/schema.org\",\"@graph\":[{\"@type\":\"Article\",\"@id\":\"https:\/\/distribution.audio-technica.eu\/es-es\/noticias\/audio-technica-presenta-el-nuevo-sistema-para-conferencias-por-infrarrojos-atuc-ir-en-el-ise2019\/#article\",\"isPartOf\":{\"@id\":\"https:\/\/distribution.audio-technica.eu\/es-es\/noticias\/audio-technica-presenta-el-nuevo-sistema-para-conferencias-por-infrarrojos-atuc-ir-en-el-ise2019\/\"},\"author\":{\"name\":\"ctorras\",\"@id\":\"https:\/\/distribution.audio-technica.eu\/es-es\/#\/schema\/person\/dbf0d33217ceab6329b4c3144742f2fb\"},\"headline\":\"Audio-Technica presenta el nuevo sistema para conferencias por infrarrojos ATUC-IR en el ISE2019\",\"datePublished\":\"2019-02-05T12:25:46+00:00\",\"dateModified\":\"2023-10-17T16:26:18+00:00\",\"mainEntityOfPage\":{\"@id\":\"https:\/\/distribution.audio-technica.eu\/es-es\/noticias\/audio-technica-presenta-el-nuevo-sistema-para-conferencias-por-infrarrojos-atuc-ir-en-el-ise2019\/\"},\"wordCount\":423,\"image\":{\"@id\":\"https:\/\/distribution.audio-technica.eu\/es-es\/noticias\/audio-technica-presenta-el-nuevo-sistema-para-conferencias-por-infrarrojos-atuc-ir-en-el-ise2019\/#primaryimage\"},\"thumbnailUrl\":\"\/app\/uploads\/sites\/2\/ES-microphones-components_banner.jpg\",\"keywords\":[\"ATUC\",\"Conferencias\",\"Instalaci\u00f3n\"],\"articleSection\":[\"Novedades\"],\"inLanguage\":\"es\"},{\"@type\":\"WebPage\",\"@id\":\"https:\/\/distribution.audio-technica.eu\/es-es\/noticias\/audio-technica-presenta-el-nuevo-sistema-para-conferencias-por-infrarrojos-atuc-ir-en-el-ise2019\/\",\"url\":\"https:\/\/distribution.audio-technica.eu\/es-es\/noticias\/audio-technica-presenta-el-nuevo-sistema-para-conferencias-por-infrarrojos-atuc-ir-en-el-ise2019\/\",\"name\":\"Audio-Technica presenta el nuevo sistema para conferencias por infrarrojos ATUC-IR en el ISE2019 - Audio-Technica Iberia\",\"isPartOf\":{\"@id\":\"https:\/\/distribution.audio-technica.eu\/es-es\/#website\"},\"primaryImageOfPage\":{\"@id\":\"https:\/\/distribution.audio-technica.eu\/es-es\/noticias\/audio-technica-presenta-el-nuevo-sistema-para-conferencias-por-infrarrojos-atuc-ir-en-el-ise2019\/#primaryimage\"},\"image\":{\"@id\":\"https:\/\/distribution.audio-technica.eu\/es-es\/noticias\/audio-technica-presenta-el-nuevo-sistema-para-conferencias-por-infrarrojos-atuc-ir-en-el-ise2019\/#primaryimage\"},\"thumbnailUrl\":\"\/app\/uploads\/sites\/2\/ES-microphones-components_banner.jpg\",\"datePublished\":\"2019-02-05T12:25:46+00:00\",\"dateModified\":\"2023-10-17T16:26:18+00:00\",\"author\":{\"@id\":\"https:\/\/distribution.audio-technica.eu\/es-es\/#\/schema\/person\/dbf0d33217ceab6329b4c3144742f2fb\"},\"breadcrumb\":{\"@id\":\"https:\/\/distribution.audio-technica.eu\/es-es\/noticias\/audio-technica-presenta-el-nuevo-sistema-para-conferencias-por-infrarrojos-atuc-ir-en-el-ise2019\/#breadcrumb\"},\"inLanguage\":\"es\",\"potentialAction\":[{\"@type\":\"ReadAction\",\"target\":[\"https:\/\/distribution.audio-technica.eu\/es-es\/noticias\/audio-technica-presenta-el-nuevo-sistema-para-conferencias-por-infrarrojos-atuc-ir-en-el-ise2019\/\"]}]},{\"@type\":\"ImageObject\",\"inLanguage\":\"es\",\"@id\":\"https:\/\/distribution.audio-technica.eu\/es-es\/noticias\/audio-technica-presenta-el-nuevo-sistema-para-conferencias-por-infrarrojos-atuc-ir-en-el-ise2019\/#primaryimage\",\"url\":\"\/app\/uploads\/sites\/2\/ES-microphones-components_banner.jpg\",\"contentUrl\":\"\/app\/uploads\/sites\/2\/ES-microphones-components_banner.jpg\",\"width\":640,\"height\":360},{\"@type\":\"BreadcrumbList\",\"@id\":\"https:\/\/distribution.audio-technica.eu\/es-es\/noticias\/audio-technica-presenta-el-nuevo-sistema-para-conferencias-por-infrarrojos-atuc-ir-en-el-ise2019\/#breadcrumb\",\"itemListElement\":[{\"@type\":\"ListItem\",\"position\":1,\"name\":\"Products\",\"item\":\"https:\/\/distribution.audio-technica.eu\/es-es\/\"},{\"@type\":\"ListItem\",\"position\":2,\"name\":\"Audio-Technica presenta el nuevo sistema para conferencias por infrarrojos ATUC-IR en el ISE2019\"}]},{\"@type\":\"WebSite\",\"@id\":\"https:\/\/distribution.audio-technica.eu\/es-es\/#website\",\"url\":\"https:\/\/distribution.audio-technica.eu\/es-es\/\",\"name\":\"Audio-Technica Iberia\",\"description\":\"Distribuci\u00f3n\",\"potentialAction\":[{\"@type\":\"SearchAction\",\"target\":{\"@type\":\"EntryPoint\",\"urlTemplate\":\"https:\/\/distribution.audio-technica.eu\/es-es\/?s={search_term_string}\"},\"query-input\":{\"@type\":\"PropertyValueSpecification\",\"valueRequired\":true,\"valueName\":\"search_term_string\"}}],\"inLanguage\":\"es\"},{\"@type\":\"Person\",\"@id\":\"https:\/\/distribution.audio-technica.eu\/es-es\/#\/schema\/person\/dbf0d33217ceab6329b4c3144742f2fb\",\"name\":\"ctorras\"}]}<\/script>\n<!-- \/ Yoast SEO plugin. -->","yoast_head_json":{"title":"Audio-Technica presenta el nuevo sistema para conferencias por infrarrojos ATUC-IR en el ISE2019 - Audio-Technica Iberia","robots":{"index":"index","follow":"follow","max-snippet":"max-snippet:-1","max-image-preview":"max-image-preview:large","max-video-preview":"max-video-preview:-1"},"canonical":"https:\/\/distribution.audio-technica.eu\/es-es\/noticias\/audio-technica-presenta-el-nuevo-sistema-para-conferencias-por-infrarrojos-atuc-ir-en-el-ise2019\/","og_locale":"es_ES","og_type":"article","og_title":"Audio-Technica presenta el nuevo sistema para conferencias por infrarrojos ATUC-IR en el ISE2019 - Audio-Technica Iberia","og_description":"Audio-Technica acaba de presentar en el ISE2019 un nuevo sistema de conferencias por infrarrojos, el ATUC-IR. La nueva oferta inal\u00e1mbrica se une al sistema de discusi\u00f3n digital ATUC-50 existente en la l\u00ednea de soluciones de conferencia de Audio-Technica. Dise\u00f1ado para ofrecer una excepcional seguridad, escalabilidad y flexibilidad, el dise\u00f1o basado en infrarrojos que ofrece el [&hellip;]","og_url":"https:\/\/distribution.audio-technica.eu\/es-es\/noticias\/audio-technica-presenta-el-nuevo-sistema-para-conferencias-por-infrarrojos-atuc-ir-en-el-ise2019\/","og_site_name":"Audio-Technica Iberia","article_published_time":"2019-02-05T12:25:46+00:00","article_modified_time":"2023-10-17T16:26:18+00:00","og_image":[{"width":640,"height":360,"url":"https:\/\/distribution.audio-technica.eu\/app\/uploads\/sites\/2\/ES-microphones-components_banner.jpg","type":"image\/jpeg"}],"author":"ctorras","twitter_card":"summary_large_image","twitter_misc":{"Escrito por":"ctorras","Tiempo de lectura":"2 minutos"},"schema":{"@context":"https:\/\/schema.org","@graph":[{"@type":"Article","@id":"https:\/\/distribution.audio-technica.eu\/es-es\/noticias\/audio-technica-presenta-el-nuevo-sistema-para-conferencias-por-infrarrojos-atuc-ir-en-el-ise2019\/#article","isPartOf":{"@id":"https:\/\/distribution.audio-technica.eu\/es-es\/noticias\/audio-technica-presenta-el-nuevo-sistema-para-conferencias-por-infrarrojos-atuc-ir-en-el-ise2019\/"},"author":{"name":"ctorras","@id":"https:\/\/distribution.audio-technica.eu\/es-es\/#\/schema\/person\/dbf0d33217ceab6329b4c3144742f2fb"},"headline":"Audio-Technica presenta el nuevo sistema para conferencias por infrarrojos ATUC-IR en el ISE2019","datePublished":"2019-02-05T12:25:46+00:00","dateModified":"2023-10-17T16:26:18+00:00","mainEntityOfPage":{"@id":"https:\/\/distribution.audio-technica.eu\/es-es\/noticias\/audio-technica-presenta-el-nuevo-sistema-para-conferencias-por-infrarrojos-atuc-ir-en-el-ise2019\/"},"wordCount":423,"image":{"@id":"https:\/\/distribution.audio-technica.eu\/es-es\/noticias\/audio-technica-presenta-el-nuevo-sistema-para-conferencias-por-infrarrojos-atuc-ir-en-el-ise2019\/#primaryimage"},"thumbnailUrl":"\/app\/uploads\/sites\/2\/ES-microphones-components_banner.jpg","keywords":["ATUC","Conferencias","Instalaci\u00f3n"],"articleSection":["Novedades"],"inLanguage":"es"},{"@type":"WebPage","@id":"https:\/\/distribution.audio-technica.eu\/es-es\/noticias\/audio-technica-presenta-el-nuevo-sistema-para-conferencias-por-infrarrojos-atuc-ir-en-el-ise2019\/","url":"https:\/\/distribution.audio-technica.eu\/es-es\/noticias\/audio-technica-presenta-el-nuevo-sistema-para-conferencias-por-infrarrojos-atuc-ir-en-el-ise2019\/","name":"Audio-Technica presenta el nuevo sistema para conferencias por infrarrojos ATUC-IR en el ISE2019 - Audio-Technica Iberia","isPartOf":{"@id":"https:\/\/distribution.audio-technica.eu\/es-es\/#website"},"primaryImageOfPage":{"@id":"https:\/\/distribution.audio-technica.eu\/es-es\/noticias\/audio-technica-presenta-el-nuevo-sistema-para-conferencias-por-infrarrojos-atuc-ir-en-el-ise2019\/#primaryimage"},"image":{"@id":"https:\/\/distribution.audio-technica.eu\/es-es\/noticias\/audio-technica-presenta-el-nuevo-sistema-para-conferencias-por-infrarrojos-atuc-ir-en-el-ise2019\/#primaryimage"},"thumbnailUrl":"\/app\/uploads\/sites\/2\/ES-microphones-components_banner.jpg","datePublished":"2019-02-05T12:25:46+00:00","dateModified":"2023-10-17T16:26:18+00:00","author":{"@id":"https:\/\/distribution.audio-technica.eu\/es-es\/#\/schema\/person\/dbf0d33217ceab6329b4c3144742f2fb"},"breadcrumb":{"@id":"https:\/\/distribution.audio-technica.eu\/es-es\/noticias\/audio-technica-presenta-el-nuevo-sistema-para-conferencias-por-infrarrojos-atuc-ir-en-el-ise2019\/#breadcrumb"},"inLanguage":"es","potentialAction":[{"@type":"ReadAction","target":["https:\/\/distribution.audio-technica.eu\/es-es\/noticias\/audio-technica-presenta-el-nuevo-sistema-para-conferencias-por-infrarrojos-atuc-ir-en-el-ise2019\/"]}]},{"@type":"ImageObject","inLanguage":"es","@id":"https:\/\/distribution.audio-technica.eu\/es-es\/noticias\/audio-technica-presenta-el-nuevo-sistema-para-conferencias-por-infrarrojos-atuc-ir-en-el-ise2019\/#primaryimage","url":"\/app\/uploads\/sites\/2\/ES-microphones-components_banner.jpg","contentUrl":"\/app\/uploads\/sites\/2\/ES-microphones-components_banner.jpg","width":640,"height":360},{"@type":"BreadcrumbList","@id":"https:\/\/distribution.audio-technica.eu\/es-es\/noticias\/audio-technica-presenta-el-nuevo-sistema-para-conferencias-por-infrarrojos-atuc-ir-en-el-ise2019\/#breadcrumb","itemListElement":[{"@type":"ListItem","position":1,"name":"Products","item":"https:\/\/distribution.audio-technica.eu\/es-es\/"},{"@type":"ListItem","position":2,"name":"Audio-Technica presenta el nuevo sistema para conferencias por infrarrojos ATUC-IR en el ISE2019"}]},{"@type":"WebSite","@id":"https:\/\/distribution.audio-technica.eu\/es-es\/#website","url":"https:\/\/distribution.audio-technica.eu\/es-es\/","name":"Audio-Technica Iberia","description":"Distribuci\u00f3n","potentialAction":[{"@type":"SearchAction","target":{"@type":"EntryPoint","urlTemplate":"https:\/\/distribution.audio-technica.eu\/es-es\/?s={search_term_string}"},"query-input":{"@type":"PropertyValueSpecification","valueRequired":true,"valueName":"search_term_string"}}],"inLanguage":"es"},{"@type":"Person","@id":"https:\/\/distribution.audio-technica.eu\/es-es\/#\/schema\/person\/dbf0d33217ceab6329b4c3144742f2fb","name":"ctorras"}]}},"_links":{"self":[{"href":"https:\/\/distribution.audio-technica.eu\/es-es\/wp-json\/wp\/v2\/posts\/15573","targetHints":{"allow":["GET"]}}],"collection":[{"href":"https:\/\/distribution.audio-technica.eu\/es-es\/wp-json\/wp\/v2\/posts"}],"about":[{"href":"https:\/\/distribution.audio-technica.eu\/es-es\/wp-json\/wp\/v2\/types\/post"}],"author":[{"embeddable":true,"href":"https:\/\/distribution.audio-technica.eu\/es-es\/wp-json\/wp\/v2\/users\/2"}],"replies":[{"embeddable":true,"href":"https:\/\/distribution.audio-technica.eu\/es-es\/wp-json\/wp\/v2\/comments?post=15573"}],"version-history":[{"count":7,"href":"https:\/\/distribution.audio-technica.eu\/es-es\/wp-json\/wp\/v2\/posts\/15573\/revisions"}],"predecessor-version":[{"id":15659,"href":"https:\/\/distribution.audio-technica.eu\/es-es\/wp-json\/wp\/v2\/posts\/15573\/revisions\/15659"}],"wp:featuredmedia":[{"embeddable":true,"href":"https:\/\/distribution.audio-technica.eu\/es-es\/wp-json\/wp\/v2\/media\/15571"}],"wp:attachment":[{"href":"https:\/\/distribution.audio-technica.eu\/es-es\/wp-json\/wp\/v2\/media?parent=15573"}],"wp:term":[{"taxonomy":"category","embeddable":true,"href":"https:\/\/distribution.audio-technica.eu\/es-es\/wp-json\/wp\/v2\/categories?post=15573"},{"taxonomy":"post_tag","embeddable":true,"href":"https:\/\/distribution.audio-technica.eu\/es-es\/wp-json\/wp\/v2\/tags?post=15573"}],"curies":[{"name":"wp","href":"https:\/\/api.w.org\/{rel}","templated":true}]}}