{"id":15582,"date":"2019-02-07T16:22:08","date_gmt":"2019-02-07T15:22:08","guid":{"rendered":"https:\/\/atdb-production.studiograft.dev\/es\/?p=15582"},"modified":"2023-10-17T18:25:58","modified_gmt":"2023-10-17T16:25:58","slug":"los-ath-m60x-premiados-como-los-mejores-auriculares-en-los-tec-awards-2019","status":"publish","type":"post","link":"https:\/\/distribution.audio-technica.eu\/es-es\/noticias\/los-ath-m60x-premiados-como-los-mejores-auriculares-en-los-tec-awards-2019\/","title":{"rendered":"Los ATH-M60x, premiados como los mejores auriculares en los TEC Awards 2019"},"content":{"rendered":"<h2>Los auriculares ATH-M60x se han alzado con el galard\u00f3n a los mejores auriculares en la edici\u00f3n n\u00famero 34 de los prestigiosos TEC Awards, que fueron entregados durante el NAMM Show, celebrado en Anaheim, California.<\/h2>\n<p><strong><em>\u00a0<a href=\"https:\/\/distribution.audio-technica.eu\/es\/wp-content\/uploads\/sites\/2\/M60x_NAMM.jpg\"><img loading=\"lazy\" decoding=\"async\" class=\"alignnone size-full wp-image-15581\" src=\"\/es\/wp-content\/uploads\/sites\/2\/M60x_NAMM.jpg\" alt=\"Los ATH-M60x, premiados como los mejores auriculares en los TEC Awards 2019\" width=\"1200\" height=\"1020\" srcset=\"https:\/\/distribution.audio-technica.eu\/app\/uploads\/sites\/2\/M60x_NAMM.jpg 1200w, https:\/\/distribution.audio-technica.eu\/app\/uploads\/sites\/2\/M60x_NAMM-300x255.jpg 300w, https:\/\/distribution.audio-technica.eu\/app\/uploads\/sites\/2\/M60x_NAMM-768x653.jpg 768w, https:\/\/distribution.audio-technica.eu\/app\/uploads\/sites\/2\/M60x_NAMM-1024x870.jpg 1024w, https:\/\/distribution.audio-technica.eu\/app\/uploads\/sites\/2\/M60x_NAMM-200x170.jpg 200w, https:\/\/distribution.audio-technica.eu\/app\/uploads\/sites\/2\/M60x_NAMM-400x340.jpg 400w, https:\/\/distribution.audio-technica.eu\/app\/uploads\/sites\/2\/M60x_NAMM-600x510.jpg 600w, https:\/\/distribution.audio-technica.eu\/app\/uploads\/sites\/2\/M60x_NAMM-800x680.jpg 800w\" sizes=\"auto, (max-width: 1200px) 100vw, 1200px\" \/><\/a><\/em><\/strong><\/p>\n<p>Las votaciones a los <a href=\"https:\/\/www.tecawards.org\/winners-2019\">34\u00ba Annual Tec Awards<\/a> han estado abiertas a prominentes organizaciones involucradas en el audio profesional y la industria de la m\u00fasica, revistas y sitios web especializados, incluyendo Producers &amp; Engineers Wing of the Recording Academy, la Audio Engineering Society, destacados miembros de la NAMM, la comunidad NAMM TEC, el Game Audio Network Guild (G.A.N.G.), Broadjam.com, el Motion Picture Sound Editors (MPSE), Cinema Audio Society (CAS), Mix, Pro Audio Review, Pro Sound News, Front of House, Audio Express, Pro Audio Asia, Professional Sound, Latam Stage, Electronic Musician DJ Times, Sound &amp; Video Contractor y otros grupos de audiencia.<\/p>\n<p><a href=\"https:\/\/distribution.audio-technica.eu\/es\/wp-content\/uploads\/sites\/2\/ATH-M60x_WP.jpg\"><img loading=\"lazy\" decoding=\"async\" class=\"wp-image-15580 alignleft\" src=\"\/es\/wp-content\/uploads\/sites\/2\/ATH-M60x_WP.jpg\" alt=\"Los ATH-M60x, premiados como los mejores auriculares en los TEC Awards 2019\" width=\"143\" height=\"234\" srcset=\"https:\/\/distribution.audio-technica.eu\/app\/uploads\/sites\/2\/ATH-M60x_WP.jpg 733w, https:\/\/distribution.audio-technica.eu\/app\/uploads\/sites\/2\/ATH-M60x_WP-183x300.jpg 183w, https:\/\/distribution.audio-technica.eu\/app\/uploads\/sites\/2\/ATH-M60x_WP-625x1024.jpg 625w, https:\/\/distribution.audio-technica.eu\/app\/uploads\/sites\/2\/ATH-M60x_WP-200x327.jpg 200w, https:\/\/distribution.audio-technica.eu\/app\/uploads\/sites\/2\/ATH-M60x_WP-400x655.jpg 400w, https:\/\/distribution.audio-technica.eu\/app\/uploads\/sites\/2\/ATH-M60x_WP-600x982.jpg 600w\" sizes=\"auto, (max-width: 143px) 100vw, 143px\" \/><\/a><\/p>\n<p>Dise\u00f1ados para ser utilizados en estudio, broadcast y aplicaciones m\u00f3viles, los auriculares on-ear profesionales ATH-M60x utilizan los mismos transductores de 45 mm que el legendario ATH-M50x, proporcionando una claridad excepcional a trav\u00e9s de una extensa gama de frecuencias, con una precisa repuesta en graves. El compacto dise\u00f1o on-ear cerrado proporciona un excelente aislamiento sonoro y sujeci\u00f3n, que se ve reforzado por la excepcional comodidad de las almohadillas y diadema de espuma con memoria de alta calidad.<\/p>\n<p>Se da la circunstancia de que estos auriculares tambi\u00e9n han recibido el galard\u00f3n de Producto Altamente Recomendado, otorgado por los <a href=\"https:\/\/www.soundonsound.com\/music-business\/sos-awards-highly-commended-2019\">Sound on Sound Awards 2019<\/a>.<\/p>\n<p>&nbsp;<\/p>\n<p>M\u00e1s informaci\u00f3n sobre <a href=\"https:\/\/eu.audio-technica.com\/ATH-M60x\">ATH-M60x<\/a><\/p>\n","protected":false},"excerpt":{"rendered":"<p>Los auriculares ATH-M60x se han alzado con el galard\u00f3n a los mejores auriculares en la edici\u00f3n n\u00famero 34 de los prestigiosos TEC Awards, que fueron entregados durante el NAMM Show, celebrado en Anaheim, California. \u00a0 Las votaciones a los 34\u00ba Annual Tec Awards han estado abiertas a prominentes organizaciones involucradas en el audio profesional y [&hellip;]<\/p>\n","protected":false},"author":2,"featured_media":15579,"comment_status":"closed","ping_status":"closed","sticky":false,"template":"","format":"standard","meta":{"_acf_changed":false,"footnotes":""},"categories":[2461],"tags":[2045,1708,1564],"class_list":["post-15582","post","type-post","status-publish","format-standard","has-post-thumbnail","hentry","category-noticias","tag-ath-m60x","tag-auriculares","tag-estudio"],"acf":[],"yoast_head":"<!-- This site is optimized with the Yoast SEO plugin v27.1.1 - https:\/\/yoast.com\/product\/yoast-seo-wordpress\/ -->\n<title>Los ATH-M60x, premiados como los mejores auriculares en los TEC Awards 2019 - Audio-Technica Iberia<\/title>\n<meta name=\"robots\" content=\"index, follow, max-snippet:-1, max-image-preview:large, max-video-preview:-1\" \/>\n<link rel=\"canonical\" href=\"https:\/\/distribution.audio-technica.eu\/es-es\/noticias\/los-ath-m60x-premiados-como-los-mejores-auriculares-en-los-tec-awards-2019\/\" \/>\n<meta property=\"og:locale\" content=\"es_ES\" \/>\n<meta property=\"og:type\" content=\"article\" \/>\n<meta property=\"og:title\" content=\"Los ATH-M60x, premiados como los mejores auriculares en los TEC Awards 2019 - Audio-Technica Iberia\" \/>\n<meta property=\"og:description\" content=\"Los auriculares ATH-M60x se han alzado con el galard\u00f3n a los mejores auriculares en la edici\u00f3n n\u00famero 34 de los prestigiosos TEC Awards, que fueron entregados durante el NAMM Show, celebrado en Anaheim, California. \u00a0 Las votaciones a los 34\u00ba Annual Tec Awards han estado abiertas a prominentes organizaciones involucradas en el audio profesional y [&hellip;]\" \/>\n<meta property=\"og:url\" content=\"https:\/\/distribution.audio-technica.eu\/es-es\/noticias\/los-ath-m60x-premiados-como-los-mejores-auriculares-en-los-tec-awards-2019\/\" \/>\n<meta property=\"og:site_name\" content=\"Audio-Technica Iberia\" \/>\n<meta property=\"article:published_time\" content=\"2019-02-07T15:22:08+00:00\" \/>\n<meta property=\"article:modified_time\" content=\"2023-10-17T16:25:58+00:00\" \/>\n<meta property=\"og:image\" content=\"https:\/\/distribution.audio-technica.eu\/app\/uploads\/sites\/2\/M60x_NAMM_banner.jpg\" \/>\n\t<meta property=\"og:image:width\" content=\"640\" \/>\n\t<meta property=\"og:image:height\" content=\"360\" \/>\n\t<meta property=\"og:image:type\" content=\"image\/jpeg\" \/>\n<meta name=\"author\" content=\"ctorras\" \/>\n<meta name=\"twitter:card\" content=\"summary_large_image\" \/>\n<meta name=\"twitter:label1\" content=\"Escrito por\" \/>\n\t<meta name=\"twitter:data1\" content=\"ctorras\" \/>\n\t<meta name=\"twitter:label2\" content=\"Tiempo de lectura\" \/>\n\t<meta name=\"twitter:data2\" content=\"1 minuto\" \/>\n<script type=\"application\/ld+json\" class=\"yoast-schema-graph\">{\"@context\":\"https:\/\/schema.org\",\"@graph\":[{\"@type\":\"Article\",\"@id\":\"https:\/\/distribution.audio-technica.eu\/es-es\/noticias\/los-ath-m60x-premiados-como-los-mejores-auriculares-en-los-tec-awards-2019\/#article\",\"isPartOf\":{\"@id\":\"https:\/\/distribution.audio-technica.eu\/es-es\/noticias\/los-ath-m60x-premiados-como-los-mejores-auriculares-en-los-tec-awards-2019\/\"},\"author\":{\"name\":\"ctorras\",\"@id\":\"https:\/\/distribution.audio-technica.eu\/es-es\/#\/schema\/person\/dbf0d33217ceab6329b4c3144742f2fb\"},\"headline\":\"Los ATH-M60x, premiados como los mejores auriculares en los TEC Awards 2019\",\"datePublished\":\"2019-02-07T15:22:08+00:00\",\"dateModified\":\"2023-10-17T16:25:58+00:00\",\"mainEntityOfPage\":{\"@id\":\"https:\/\/distribution.audio-technica.eu\/es-es\/noticias\/los-ath-m60x-premiados-como-los-mejores-auriculares-en-los-tec-awards-2019\/\"},\"wordCount\":270,\"image\":{\"@id\":\"https:\/\/distribution.audio-technica.eu\/es-es\/noticias\/los-ath-m60x-premiados-como-los-mejores-auriculares-en-los-tec-awards-2019\/#primaryimage\"},\"thumbnailUrl\":\"\/app\/uploads\/sites\/2\/M60x_NAMM_banner.jpg\",\"keywords\":[\"ATH-M60x\",\"auriculares\",\"Estudio\"],\"articleSection\":[\"Noticias\"],\"inLanguage\":\"es\"},{\"@type\":\"WebPage\",\"@id\":\"https:\/\/distribution.audio-technica.eu\/es-es\/noticias\/los-ath-m60x-premiados-como-los-mejores-auriculares-en-los-tec-awards-2019\/\",\"url\":\"https:\/\/distribution.audio-technica.eu\/es-es\/noticias\/los-ath-m60x-premiados-como-los-mejores-auriculares-en-los-tec-awards-2019\/\",\"name\":\"Los ATH-M60x, premiados como los mejores auriculares en los TEC Awards 2019 - Audio-Technica Iberia\",\"isPartOf\":{\"@id\":\"https:\/\/distribution.audio-technica.eu\/es-es\/#website\"},\"primaryImageOfPage\":{\"@id\":\"https:\/\/distribution.audio-technica.eu\/es-es\/noticias\/los-ath-m60x-premiados-como-los-mejores-auriculares-en-los-tec-awards-2019\/#primaryimage\"},\"image\":{\"@id\":\"https:\/\/distribution.audio-technica.eu\/es-es\/noticias\/los-ath-m60x-premiados-como-los-mejores-auriculares-en-los-tec-awards-2019\/#primaryimage\"},\"thumbnailUrl\":\"\/app\/uploads\/sites\/2\/M60x_NAMM_banner.jpg\",\"datePublished\":\"2019-02-07T15:22:08+00:00\",\"dateModified\":\"2023-10-17T16:25:58+00:00\",\"author\":{\"@id\":\"https:\/\/distribution.audio-technica.eu\/es-es\/#\/schema\/person\/dbf0d33217ceab6329b4c3144742f2fb\"},\"breadcrumb\":{\"@id\":\"https:\/\/distribution.audio-technica.eu\/es-es\/noticias\/los-ath-m60x-premiados-como-los-mejores-auriculares-en-los-tec-awards-2019\/#breadcrumb\"},\"inLanguage\":\"es\",\"potentialAction\":[{\"@type\":\"ReadAction\",\"target\":[\"https:\/\/distribution.audio-technica.eu\/es-es\/noticias\/los-ath-m60x-premiados-como-los-mejores-auriculares-en-los-tec-awards-2019\/\"]}]},{\"@type\":\"ImageObject\",\"inLanguage\":\"es\",\"@id\":\"https:\/\/distribution.audio-technica.eu\/es-es\/noticias\/los-ath-m60x-premiados-como-los-mejores-auriculares-en-los-tec-awards-2019\/#primaryimage\",\"url\":\"\/app\/uploads\/sites\/2\/M60x_NAMM_banner.jpg\",\"contentUrl\":\"\/app\/uploads\/sites\/2\/M60x_NAMM_banner.jpg\",\"width\":640,\"height\":360,\"caption\":\"Los ATH-M60x, premiados como los mejores auriculares en los TEC Awards 2019\"},{\"@type\":\"BreadcrumbList\",\"@id\":\"https:\/\/distribution.audio-technica.eu\/es-es\/noticias\/los-ath-m60x-premiados-como-los-mejores-auriculares-en-los-tec-awards-2019\/#breadcrumb\",\"itemListElement\":[{\"@type\":\"ListItem\",\"position\":1,\"name\":\"Products\",\"item\":\"https:\/\/distribution.audio-technica.eu\/es-es\/\"},{\"@type\":\"ListItem\",\"position\":2,\"name\":\"Los ATH-M60x, premiados como los mejores auriculares en los TEC Awards 2019\"}]},{\"@type\":\"WebSite\",\"@id\":\"https:\/\/distribution.audio-technica.eu\/es-es\/#website\",\"url\":\"https:\/\/distribution.audio-technica.eu\/es-es\/\",\"name\":\"Audio-Technica Iberia\",\"description\":\"Distribuci\u00f3n\",\"potentialAction\":[{\"@type\":\"SearchAction\",\"target\":{\"@type\":\"EntryPoint\",\"urlTemplate\":\"https:\/\/distribution.audio-technica.eu\/es-es\/?s={search_term_string}\"},\"query-input\":{\"@type\":\"PropertyValueSpecification\",\"valueRequired\":true,\"valueName\":\"search_term_string\"}}],\"inLanguage\":\"es\"},{\"@type\":\"Person\",\"@id\":\"https:\/\/distribution.audio-technica.eu\/es-es\/#\/schema\/person\/dbf0d33217ceab6329b4c3144742f2fb\",\"name\":\"ctorras\"}]}<\/script>\n<!-- \/ Yoast SEO plugin. -->","yoast_head_json":{"title":"Los ATH-M60x, premiados como los mejores auriculares en los TEC Awards 2019 - Audio-Technica Iberia","robots":{"index":"index","follow":"follow","max-snippet":"max-snippet:-1","max-image-preview":"max-image-preview:large","max-video-preview":"max-video-preview:-1"},"canonical":"https:\/\/distribution.audio-technica.eu\/es-es\/noticias\/los-ath-m60x-premiados-como-los-mejores-auriculares-en-los-tec-awards-2019\/","og_locale":"es_ES","og_type":"article","og_title":"Los ATH-M60x, premiados como los mejores auriculares en los TEC Awards 2019 - Audio-Technica Iberia","og_description":"Los auriculares ATH-M60x se han alzado con el galard\u00f3n a los mejores auriculares en la edici\u00f3n n\u00famero 34 de los prestigiosos TEC Awards, que fueron entregados durante el NAMM Show, celebrado en Anaheim, California. \u00a0 Las votaciones a los 34\u00ba Annual Tec Awards han estado abiertas a prominentes organizaciones involucradas en el audio profesional y [&hellip;]","og_url":"https:\/\/distribution.audio-technica.eu\/es-es\/noticias\/los-ath-m60x-premiados-como-los-mejores-auriculares-en-los-tec-awards-2019\/","og_site_name":"Audio-Technica Iberia","article_published_time":"2019-02-07T15:22:08+00:00","article_modified_time":"2023-10-17T16:25:58+00:00","og_image":[{"width":640,"height":360,"url":"https:\/\/distribution.audio-technica.eu\/app\/uploads\/sites\/2\/M60x_NAMM_banner.jpg","type":"image\/jpeg"}],"author":"ctorras","twitter_card":"summary_large_image","twitter_misc":{"Escrito por":"ctorras","Tiempo de lectura":"1 minuto"},"schema":{"@context":"https:\/\/schema.org","@graph":[{"@type":"Article","@id":"https:\/\/distribution.audio-technica.eu\/es-es\/noticias\/los-ath-m60x-premiados-como-los-mejores-auriculares-en-los-tec-awards-2019\/#article","isPartOf":{"@id":"https:\/\/distribution.audio-technica.eu\/es-es\/noticias\/los-ath-m60x-premiados-como-los-mejores-auriculares-en-los-tec-awards-2019\/"},"author":{"name":"ctorras","@id":"https:\/\/distribution.audio-technica.eu\/es-es\/#\/schema\/person\/dbf0d33217ceab6329b4c3144742f2fb"},"headline":"Los ATH-M60x, premiados como los mejores auriculares en los TEC Awards 2019","datePublished":"2019-02-07T15:22:08+00:00","dateModified":"2023-10-17T16:25:58+00:00","mainEntityOfPage":{"@id":"https:\/\/distribution.audio-technica.eu\/es-es\/noticias\/los-ath-m60x-premiados-como-los-mejores-auriculares-en-los-tec-awards-2019\/"},"wordCount":270,"image":{"@id":"https:\/\/distribution.audio-technica.eu\/es-es\/noticias\/los-ath-m60x-premiados-como-los-mejores-auriculares-en-los-tec-awards-2019\/#primaryimage"},"thumbnailUrl":"\/app\/uploads\/sites\/2\/M60x_NAMM_banner.jpg","keywords":["ATH-M60x","auriculares","Estudio"],"articleSection":["Noticias"],"inLanguage":"es"},{"@type":"WebPage","@id":"https:\/\/distribution.audio-technica.eu\/es-es\/noticias\/los-ath-m60x-premiados-como-los-mejores-auriculares-en-los-tec-awards-2019\/","url":"https:\/\/distribution.audio-technica.eu\/es-es\/noticias\/los-ath-m60x-premiados-como-los-mejores-auriculares-en-los-tec-awards-2019\/","name":"Los ATH-M60x, premiados como los mejores auriculares en los TEC Awards 2019 - Audio-Technica Iberia","isPartOf":{"@id":"https:\/\/distribution.audio-technica.eu\/es-es\/#website"},"primaryImageOfPage":{"@id":"https:\/\/distribution.audio-technica.eu\/es-es\/noticias\/los-ath-m60x-premiados-como-los-mejores-auriculares-en-los-tec-awards-2019\/#primaryimage"},"image":{"@id":"https:\/\/distribution.audio-technica.eu\/es-es\/noticias\/los-ath-m60x-premiados-como-los-mejores-auriculares-en-los-tec-awards-2019\/#primaryimage"},"thumbnailUrl":"\/app\/uploads\/sites\/2\/M60x_NAMM_banner.jpg","datePublished":"2019-02-07T15:22:08+00:00","dateModified":"2023-10-17T16:25:58+00:00","author":{"@id":"https:\/\/distribution.audio-technica.eu\/es-es\/#\/schema\/person\/dbf0d33217ceab6329b4c3144742f2fb"},"breadcrumb":{"@id":"https:\/\/distribution.audio-technica.eu\/es-es\/noticias\/los-ath-m60x-premiados-como-los-mejores-auriculares-en-los-tec-awards-2019\/#breadcrumb"},"inLanguage":"es","potentialAction":[{"@type":"ReadAction","target":["https:\/\/distribution.audio-technica.eu\/es-es\/noticias\/los-ath-m60x-premiados-como-los-mejores-auriculares-en-los-tec-awards-2019\/"]}]},{"@type":"ImageObject","inLanguage":"es","@id":"https:\/\/distribution.audio-technica.eu\/es-es\/noticias\/los-ath-m60x-premiados-como-los-mejores-auriculares-en-los-tec-awards-2019\/#primaryimage","url":"\/app\/uploads\/sites\/2\/M60x_NAMM_banner.jpg","contentUrl":"\/app\/uploads\/sites\/2\/M60x_NAMM_banner.jpg","width":640,"height":360,"caption":"Los ATH-M60x, premiados como los mejores auriculares en los TEC Awards 2019"},{"@type":"BreadcrumbList","@id":"https:\/\/distribution.audio-technica.eu\/es-es\/noticias\/los-ath-m60x-premiados-como-los-mejores-auriculares-en-los-tec-awards-2019\/#breadcrumb","itemListElement":[{"@type":"ListItem","position":1,"name":"Products","item":"https:\/\/distribution.audio-technica.eu\/es-es\/"},{"@type":"ListItem","position":2,"name":"Los ATH-M60x, premiados como los mejores auriculares en los TEC Awards 2019"}]},{"@type":"WebSite","@id":"https:\/\/distribution.audio-technica.eu\/es-es\/#website","url":"https:\/\/distribution.audio-technica.eu\/es-es\/","name":"Audio-Technica Iberia","description":"Distribuci\u00f3n","potentialAction":[{"@type":"SearchAction","target":{"@type":"EntryPoint","urlTemplate":"https:\/\/distribution.audio-technica.eu\/es-es\/?s={search_term_string}"},"query-input":{"@type":"PropertyValueSpecification","valueRequired":true,"valueName":"search_term_string"}}],"inLanguage":"es"},{"@type":"Person","@id":"https:\/\/distribution.audio-technica.eu\/es-es\/#\/schema\/person\/dbf0d33217ceab6329b4c3144742f2fb","name":"ctorras"}]}},"_links":{"self":[{"href":"https:\/\/distribution.audio-technica.eu\/es-es\/wp-json\/wp\/v2\/posts\/15582","targetHints":{"allow":["GET"]}}],"collection":[{"href":"https:\/\/distribution.audio-technica.eu\/es-es\/wp-json\/wp\/v2\/posts"}],"about":[{"href":"https:\/\/distribution.audio-technica.eu\/es-es\/wp-json\/wp\/v2\/types\/post"}],"author":[{"embeddable":true,"href":"https:\/\/distribution.audio-technica.eu\/es-es\/wp-json\/wp\/v2\/users\/2"}],"replies":[{"embeddable":true,"href":"https:\/\/distribution.audio-technica.eu\/es-es\/wp-json\/wp\/v2\/comments?post=15582"}],"version-history":[{"count":1,"href":"https:\/\/distribution.audio-technica.eu\/es-es\/wp-json\/wp\/v2\/posts\/15582\/revisions"}],"predecessor-version":[{"id":15583,"href":"https:\/\/distribution.audio-technica.eu\/es-es\/wp-json\/wp\/v2\/posts\/15582\/revisions\/15583"}],"wp:featuredmedia":[{"embeddable":true,"href":"https:\/\/distribution.audio-technica.eu\/es-es\/wp-json\/wp\/v2\/media\/15579"}],"wp:attachment":[{"href":"https:\/\/distribution.audio-technica.eu\/es-es\/wp-json\/wp\/v2\/media?parent=15582"}],"wp:term":[{"taxonomy":"category","embeddable":true,"href":"https:\/\/distribution.audio-technica.eu\/es-es\/wp-json\/wp\/v2\/categories?post=15582"},{"taxonomy":"post_tag","embeddable":true,"href":"https:\/\/distribution.audio-technica.eu\/es-es\/wp-json\/wp\/v2\/tags?post=15582"}],"curies":[{"name":"wp","href":"https:\/\/api.w.org\/{rel}","templated":true}]}}