{"id":16780,"date":"2019-06-03T13:52:24","date_gmt":"2019-06-03T11:52:24","guid":{"rendered":"https:\/\/atdb-production.studiograft.dev\/es\/?p=16780"},"modified":"2023-07-30T13:41:01","modified_gmt":"2023-07-30T11:41:01","slug":"martin-audio-concede-su-distribucion-en-espana-a-audio-technica-iberia","status":"publish","type":"post","link":"https:\/\/distribution.audio-technica.eu\/es-es\/noticias\/martin-audio-concede-su-distribucion-en-espana-a-audio-technica-iberia\/","title":{"rendered":"Martin Audio concede su distribuci\u00f3n en Espa\u00f1a a Audio-Technica Iberia"},"content":{"rendered":"<h2>Tras el nombramiento de Audio-Technica Alemania como su nuevo distribuidor alem\u00e1n, acuerdo que se materializ\u00f3 a finales del a\u00f1o pasado, Martin Audio ha anunciado la transferencia de su distribuci\u00f3n en Espa\u00f1a a Audio-Technica Iberia<\/h2>\n<h2><a href=\"https:\/\/distribution.audio-technica.eu\/es\/wp-content\/uploads\/sites\/2\/NdP-Martin-Audio-A-T-Iberia-Spain-Distributor_WP.jpg\"><img loading=\"lazy\" decoding=\"async\" class=\"alignnone size-full wp-image-16822\" src=\"\/es\/wp-content\/uploads\/sites\/2\/NdP-Martin-Audio-A-T-Iberia-Spain-Distributor_WP.jpg\" alt=\"\" width=\"1500\" height=\"997\" srcset=\"https:\/\/distribution.audio-technica.eu\/app\/uploads\/sites\/2\/NdP-Martin-Audio-A-T-Iberia-Spain-Distributor_WP.jpg 1500w, https:\/\/distribution.audio-technica.eu\/app\/uploads\/sites\/2\/NdP-Martin-Audio-A-T-Iberia-Spain-Distributor_WP-300x199.jpg 300w, https:\/\/distribution.audio-technica.eu\/app\/uploads\/sites\/2\/NdP-Martin-Audio-A-T-Iberia-Spain-Distributor_WP-768x510.jpg 768w, https:\/\/distribution.audio-technica.eu\/app\/uploads\/sites\/2\/NdP-Martin-Audio-A-T-Iberia-Spain-Distributor_WP-1024x681.jpg 1024w, https:\/\/distribution.audio-technica.eu\/app\/uploads\/sites\/2\/NdP-Martin-Audio-A-T-Iberia-Spain-Distributor_WP-200x133.jpg 200w, https:\/\/distribution.audio-technica.eu\/app\/uploads\/sites\/2\/NdP-Martin-Audio-A-T-Iberia-Spain-Distributor_WP-400x266.jpg 400w, https:\/\/distribution.audio-technica.eu\/app\/uploads\/sites\/2\/NdP-Martin-Audio-A-T-Iberia-Spain-Distributor_WP-600x399.jpg 600w, https:\/\/distribution.audio-technica.eu\/app\/uploads\/sites\/2\/NdP-Martin-Audio-A-T-Iberia-Spain-Distributor_WP-800x532.jpg 800w, https:\/\/distribution.audio-technica.eu\/app\/uploads\/sites\/2\/NdP-Martin-Audio-A-T-Iberia-Spain-Distributor_WP-1200x798.jpg 1200w\" sizes=\"auto, (max-width: 1500px) 100vw, 1500px\" \/><\/a><\/h2>\n<p>Este nuevo acuerdo, que se estableci\u00f3 en ISE en febrero y se confirm\u00f3 en Prolight + Sound de este a\u00f1o en Frankfurt, entrar\u00e1 en vigor a partir del 1 de junio de 2019.<\/p>\n<p>Sobre este acuerdo de distribuci\u00f3n Sylvain Hochart, director general de Audio-Technica Iberia, ha afirmado estar encantado de haber incluido un nuevo y vital elemento a su exclusiva cartera de marcas en distribuci\u00f3n, junto a los mezcladores Allen &amp; Heath, los micr\u00f3fonos Audio-Technica y los monitores profesionales de estudio de Genelec. \u201c<em>Busc\u00e1bamos una marca de altavoces de la m\u00e1xima calidad, con prestigio y alto valor. Martin Audio fue nuestra primera elecci\u00f3n, especialmente despu\u00e9s del acuerdo alcanzado de forma tan positiva en Alemania<\/em>\u201d.<\/p>\n<p>Despu\u00e9s de ser presentados por Matthias Exner, director general de Audio-Technica Alemania, empezaron inmediatamente las conversaciones con Dom Harter y Bradley Watson, respectivamente director general y director internacional de ventas de Martin Audio. \u201c<em>Tanto Audio-Technica como Martin Audio son marcas apasionadas, con fuertes valores y principios, adem\u00e1s de atesorar una rica herencia<\/em>,\u201d afirma Hochart. \u201c<em>Por lo tanto, fue una conversaci\u00f3n que discurri\u00f3 por cauces obvios, lo que significa que ahora podemos ofrecer soluciones completas, de principio a fin<\/em>\u201d.<\/p>\n<p>Con sedes en Madrid y Barcelona, Audio-Technica Iberia cuenta con managers de producto especializados en los sectores de sonorizaci\u00f3n en directo e instalaciones fijas, supervisados por Gabriel Albornoz, Manager de Audio Profesional.<\/p>\n<p>Despu\u00e9s de haber asistido a los Open days recientemente celebrados en High Wycombe, Gabriel Albornoz se mostr\u00f3 muy optimista sobre las posibilidades que se abren con la disponibilidad del cat\u00e1logo de Martin Audio. \u201c<em>Me he enamorado de los altavoces de dos v\u00edas de fuente puntual,\u201d <\/em>afirma Albornoz. \u201c<em>El CDD-LIVE8 nos ha impresionado gratamente y nos da la posibilidad de ofrecer sistemas port\u00e1tiles de la m\u00e1xima calidad.\u00a0 Tambi\u00e9n tenemos grandes expectativas para los sistemas WPC y WPM [Wavefront Precision] Compact y Mini Line Arrays, que son muy adecuados para las compa\u00f1\u00edas de alquiler de tama\u00f1o peque\u00f1o o medio, gracias a sus soluciones escalables.<\/em>\u201d<\/p>\n<p>Durante la firma de este nuevo acuerdo, Bradley Watson afirm\u00f3, \u201c<em>Un acuerdo pan-europeo siempre fue parte del plan, por las ventajas que ofrece un proceso de pedidos centralizado. Audio-Technica Iberia dispone de una excelente red territorial de especialistas que, colectivamente, aportan una enorme experiencia. Estamos ansiosos por empezar a trabajar con Sylvain y su equipo<\/em>.\u201d<\/p>\n<p>&nbsp;<\/p>\n<p>Para m\u00e1s informaci\u00f3n visite\u00a0<a href=\"https:\/\/martin-audio.com\/\">martin-audio.com<\/a><\/p>\n","protected":false},"excerpt":{"rendered":"<p>Tras el nombramiento de Audio-Technica Alemania como su nuevo distribuidor alem\u00e1n, acuerdo que se materializ\u00f3 a finales del a\u00f1o pasado, Martin Audio ha anunciado la transferencia de su distribuci\u00f3n en Espa\u00f1a a Audio-Technica Iberia Este nuevo acuerdo, que se estableci\u00f3 en ISE en febrero y se confirm\u00f3 en Prolight + Sound de este a\u00f1o en [&hellip;]<\/p>\n","protected":false},"author":2,"featured_media":16823,"comment_status":"closed","ping_status":"closed","sticky":false,"template":"","format":"standard","meta":{"_acf_changed":false,"footnotes":""},"categories":[1692,2461],"tags":[],"class_list":["post-16780","post","type-post","status-publish","format-standard","has-post-thumbnail","hentry","category-empresa","category-noticias"],"acf":[],"yoast_head":"<!-- This site is optimized with the Yoast SEO plugin v27.1.1 - https:\/\/yoast.com\/product\/yoast-seo-wordpress\/ -->\n<title>Martin Audio concede su distribuci\u00f3n en Espa\u00f1a a Audio-Technica Iberia - Audio-Technica Iberia<\/title>\n<meta name=\"robots\" content=\"index, follow, max-snippet:-1, max-image-preview:large, max-video-preview:-1\" \/>\n<link rel=\"canonical\" href=\"https:\/\/distribution.audio-technica.eu\/es-es\/noticias\/martin-audio-concede-su-distribucion-en-espana-a-audio-technica-iberia\/\" \/>\n<meta property=\"og:locale\" content=\"es_ES\" \/>\n<meta property=\"og:type\" content=\"article\" \/>\n<meta property=\"og:title\" content=\"Martin Audio concede su distribuci\u00f3n en Espa\u00f1a a Audio-Technica Iberia - Audio-Technica Iberia\" \/>\n<meta property=\"og:description\" content=\"Tras el nombramiento de Audio-Technica Alemania como su nuevo distribuidor alem\u00e1n, acuerdo que se materializ\u00f3 a finales del a\u00f1o pasado, Martin Audio ha anunciado la transferencia de su distribuci\u00f3n en Espa\u00f1a a Audio-Technica Iberia Este nuevo acuerdo, que se estableci\u00f3 en ISE en febrero y se confirm\u00f3 en Prolight + Sound de este a\u00f1o en [&hellip;]\" \/>\n<meta property=\"og:url\" content=\"https:\/\/distribution.audio-technica.eu\/es-es\/noticias\/martin-audio-concede-su-distribucion-en-espana-a-audio-technica-iberia\/\" \/>\n<meta property=\"og:site_name\" content=\"Audio-Technica Iberia\" \/>\n<meta property=\"article:published_time\" content=\"2019-06-03T11:52:24+00:00\" \/>\n<meta property=\"article:modified_time\" content=\"2023-07-30T11:41:01+00:00\" \/>\n<meta property=\"og:image\" content=\"https:\/\/distribution.audio-technica.eu\/app\/uploads\/sites\/2\/NdP-Martin-Audio-A-T-Iberia-Spain-Distributor_banner.jpg\" \/>\n\t<meta property=\"og:image:width\" content=\"640\" \/>\n\t<meta property=\"og:image:height\" content=\"360\" \/>\n\t<meta property=\"og:image:type\" content=\"image\/jpeg\" \/>\n<meta name=\"author\" content=\"ctorras\" \/>\n<meta name=\"twitter:card\" content=\"summary_large_image\" \/>\n<meta name=\"twitter:label1\" content=\"Escrito por\" \/>\n\t<meta name=\"twitter:data1\" content=\"ctorras\" \/>\n\t<meta name=\"twitter:label2\" content=\"Tiempo de lectura\" \/>\n\t<meta name=\"twitter:data2\" content=\"2 minutos\" \/>\n<script type=\"application\/ld+json\" class=\"yoast-schema-graph\">{\"@context\":\"https:\/\/schema.org\",\"@graph\":[{\"@type\":\"Article\",\"@id\":\"https:\/\/distribution.audio-technica.eu\/es-es\/noticias\/martin-audio-concede-su-distribucion-en-espana-a-audio-technica-iberia\/#article\",\"isPartOf\":{\"@id\":\"https:\/\/distribution.audio-technica.eu\/es-es\/noticias\/martin-audio-concede-su-distribucion-en-espana-a-audio-technica-iberia\/\"},\"author\":{\"name\":\"ctorras\",\"@id\":\"https:\/\/distribution.audio-technica.eu\/es-es\/#\/schema\/person\/dbf0d33217ceab6329b4c3144742f2fb\"},\"headline\":\"Martin Audio concede su distribuci\u00f3n en Espa\u00f1a a Audio-Technica Iberia\",\"datePublished\":\"2019-06-03T11:52:24+00:00\",\"dateModified\":\"2023-07-30T11:41:01+00:00\",\"mainEntityOfPage\":{\"@id\":\"https:\/\/distribution.audio-technica.eu\/es-es\/noticias\/martin-audio-concede-su-distribucion-en-espana-a-audio-technica-iberia\/\"},\"wordCount\":458,\"image\":{\"@id\":\"https:\/\/distribution.audio-technica.eu\/es-es\/noticias\/martin-audio-concede-su-distribucion-en-espana-a-audio-technica-iberia\/#primaryimage\"},\"thumbnailUrl\":\"\/app\/uploads\/sites\/2\/NdP-Martin-Audio-A-T-Iberia-Spain-Distributor_banner.jpg\",\"articleSection\":[\"Empresa\",\"Noticias\"],\"inLanguage\":\"es\"},{\"@type\":\"WebPage\",\"@id\":\"https:\/\/distribution.audio-technica.eu\/es-es\/noticias\/martin-audio-concede-su-distribucion-en-espana-a-audio-technica-iberia\/\",\"url\":\"https:\/\/distribution.audio-technica.eu\/es-es\/noticias\/martin-audio-concede-su-distribucion-en-espana-a-audio-technica-iberia\/\",\"name\":\"Martin Audio concede su distribuci\u00f3n en Espa\u00f1a a Audio-Technica Iberia - Audio-Technica Iberia\",\"isPartOf\":{\"@id\":\"https:\/\/distribution.audio-technica.eu\/es-es\/#website\"},\"primaryImageOfPage\":{\"@id\":\"https:\/\/distribution.audio-technica.eu\/es-es\/noticias\/martin-audio-concede-su-distribucion-en-espana-a-audio-technica-iberia\/#primaryimage\"},\"image\":{\"@id\":\"https:\/\/distribution.audio-technica.eu\/es-es\/noticias\/martin-audio-concede-su-distribucion-en-espana-a-audio-technica-iberia\/#primaryimage\"},\"thumbnailUrl\":\"\/app\/uploads\/sites\/2\/NdP-Martin-Audio-A-T-Iberia-Spain-Distributor_banner.jpg\",\"datePublished\":\"2019-06-03T11:52:24+00:00\",\"dateModified\":\"2023-07-30T11:41:01+00:00\",\"author\":{\"@id\":\"https:\/\/distribution.audio-technica.eu\/es-es\/#\/schema\/person\/dbf0d33217ceab6329b4c3144742f2fb\"},\"breadcrumb\":{\"@id\":\"https:\/\/distribution.audio-technica.eu\/es-es\/noticias\/martin-audio-concede-su-distribucion-en-espana-a-audio-technica-iberia\/#breadcrumb\"},\"inLanguage\":\"es\",\"potentialAction\":[{\"@type\":\"ReadAction\",\"target\":[\"https:\/\/distribution.audio-technica.eu\/es-es\/noticias\/martin-audio-concede-su-distribucion-en-espana-a-audio-technica-iberia\/\"]}]},{\"@type\":\"ImageObject\",\"inLanguage\":\"es\",\"@id\":\"https:\/\/distribution.audio-technica.eu\/es-es\/noticias\/martin-audio-concede-su-distribucion-en-espana-a-audio-technica-iberia\/#primaryimage\",\"url\":\"\/app\/uploads\/sites\/2\/NdP-Martin-Audio-A-T-Iberia-Spain-Distributor_banner.jpg\",\"contentUrl\":\"\/app\/uploads\/sites\/2\/NdP-Martin-Audio-A-T-Iberia-Spain-Distributor_banner.jpg\",\"width\":640,\"height\":360},{\"@type\":\"BreadcrumbList\",\"@id\":\"https:\/\/distribution.audio-technica.eu\/es-es\/noticias\/martin-audio-concede-su-distribucion-en-espana-a-audio-technica-iberia\/#breadcrumb\",\"itemListElement\":[{\"@type\":\"ListItem\",\"position\":1,\"name\":\"Products\",\"item\":\"https:\/\/distribution.audio-technica.eu\/es-es\/\"},{\"@type\":\"ListItem\",\"position\":2,\"name\":\"Martin Audio concede su distribuci\u00f3n en Espa\u00f1a a Audio-Technica Iberia\"}]},{\"@type\":\"WebSite\",\"@id\":\"https:\/\/distribution.audio-technica.eu\/es-es\/#website\",\"url\":\"https:\/\/distribution.audio-technica.eu\/es-es\/\",\"name\":\"Audio-Technica Iberia\",\"description\":\"Distribuci\u00f3n\",\"potentialAction\":[{\"@type\":\"SearchAction\",\"target\":{\"@type\":\"EntryPoint\",\"urlTemplate\":\"https:\/\/distribution.audio-technica.eu\/es-es\/?s={search_term_string}\"},\"query-input\":{\"@type\":\"PropertyValueSpecification\",\"valueRequired\":true,\"valueName\":\"search_term_string\"}}],\"inLanguage\":\"es\"},{\"@type\":\"Person\",\"@id\":\"https:\/\/distribution.audio-technica.eu\/es-es\/#\/schema\/person\/dbf0d33217ceab6329b4c3144742f2fb\",\"name\":\"ctorras\"}]}<\/script>\n<!-- \/ Yoast SEO plugin. -->","yoast_head_json":{"title":"Martin Audio concede su distribuci\u00f3n en Espa\u00f1a a Audio-Technica Iberia - Audio-Technica Iberia","robots":{"index":"index","follow":"follow","max-snippet":"max-snippet:-1","max-image-preview":"max-image-preview:large","max-video-preview":"max-video-preview:-1"},"canonical":"https:\/\/distribution.audio-technica.eu\/es-es\/noticias\/martin-audio-concede-su-distribucion-en-espana-a-audio-technica-iberia\/","og_locale":"es_ES","og_type":"article","og_title":"Martin Audio concede su distribuci\u00f3n en Espa\u00f1a a Audio-Technica Iberia - Audio-Technica Iberia","og_description":"Tras el nombramiento de Audio-Technica Alemania como su nuevo distribuidor alem\u00e1n, acuerdo que se materializ\u00f3 a finales del a\u00f1o pasado, Martin Audio ha anunciado la transferencia de su distribuci\u00f3n en Espa\u00f1a a Audio-Technica Iberia Este nuevo acuerdo, que se estableci\u00f3 en ISE en febrero y se confirm\u00f3 en Prolight + Sound de este a\u00f1o en [&hellip;]","og_url":"https:\/\/distribution.audio-technica.eu\/es-es\/noticias\/martin-audio-concede-su-distribucion-en-espana-a-audio-technica-iberia\/","og_site_name":"Audio-Technica Iberia","article_published_time":"2019-06-03T11:52:24+00:00","article_modified_time":"2023-07-30T11:41:01+00:00","og_image":[{"width":640,"height":360,"url":"https:\/\/distribution.audio-technica.eu\/app\/uploads\/sites\/2\/NdP-Martin-Audio-A-T-Iberia-Spain-Distributor_banner.jpg","type":"image\/jpeg"}],"author":"ctorras","twitter_card":"summary_large_image","twitter_misc":{"Escrito por":"ctorras","Tiempo de lectura":"2 minutos"},"schema":{"@context":"https:\/\/schema.org","@graph":[{"@type":"Article","@id":"https:\/\/distribution.audio-technica.eu\/es-es\/noticias\/martin-audio-concede-su-distribucion-en-espana-a-audio-technica-iberia\/#article","isPartOf":{"@id":"https:\/\/distribution.audio-technica.eu\/es-es\/noticias\/martin-audio-concede-su-distribucion-en-espana-a-audio-technica-iberia\/"},"author":{"name":"ctorras","@id":"https:\/\/distribution.audio-technica.eu\/es-es\/#\/schema\/person\/dbf0d33217ceab6329b4c3144742f2fb"},"headline":"Martin Audio concede su distribuci\u00f3n en Espa\u00f1a a Audio-Technica Iberia","datePublished":"2019-06-03T11:52:24+00:00","dateModified":"2023-07-30T11:41:01+00:00","mainEntityOfPage":{"@id":"https:\/\/distribution.audio-technica.eu\/es-es\/noticias\/martin-audio-concede-su-distribucion-en-espana-a-audio-technica-iberia\/"},"wordCount":458,"image":{"@id":"https:\/\/distribution.audio-technica.eu\/es-es\/noticias\/martin-audio-concede-su-distribucion-en-espana-a-audio-technica-iberia\/#primaryimage"},"thumbnailUrl":"\/app\/uploads\/sites\/2\/NdP-Martin-Audio-A-T-Iberia-Spain-Distributor_banner.jpg","articleSection":["Empresa","Noticias"],"inLanguage":"es"},{"@type":"WebPage","@id":"https:\/\/distribution.audio-technica.eu\/es-es\/noticias\/martin-audio-concede-su-distribucion-en-espana-a-audio-technica-iberia\/","url":"https:\/\/distribution.audio-technica.eu\/es-es\/noticias\/martin-audio-concede-su-distribucion-en-espana-a-audio-technica-iberia\/","name":"Martin Audio concede su distribuci\u00f3n en Espa\u00f1a a Audio-Technica Iberia - Audio-Technica Iberia","isPartOf":{"@id":"https:\/\/distribution.audio-technica.eu\/es-es\/#website"},"primaryImageOfPage":{"@id":"https:\/\/distribution.audio-technica.eu\/es-es\/noticias\/martin-audio-concede-su-distribucion-en-espana-a-audio-technica-iberia\/#primaryimage"},"image":{"@id":"https:\/\/distribution.audio-technica.eu\/es-es\/noticias\/martin-audio-concede-su-distribucion-en-espana-a-audio-technica-iberia\/#primaryimage"},"thumbnailUrl":"\/app\/uploads\/sites\/2\/NdP-Martin-Audio-A-T-Iberia-Spain-Distributor_banner.jpg","datePublished":"2019-06-03T11:52:24+00:00","dateModified":"2023-07-30T11:41:01+00:00","author":{"@id":"https:\/\/distribution.audio-technica.eu\/es-es\/#\/schema\/person\/dbf0d33217ceab6329b4c3144742f2fb"},"breadcrumb":{"@id":"https:\/\/distribution.audio-technica.eu\/es-es\/noticias\/martin-audio-concede-su-distribucion-en-espana-a-audio-technica-iberia\/#breadcrumb"},"inLanguage":"es","potentialAction":[{"@type":"ReadAction","target":["https:\/\/distribution.audio-technica.eu\/es-es\/noticias\/martin-audio-concede-su-distribucion-en-espana-a-audio-technica-iberia\/"]}]},{"@type":"ImageObject","inLanguage":"es","@id":"https:\/\/distribution.audio-technica.eu\/es-es\/noticias\/martin-audio-concede-su-distribucion-en-espana-a-audio-technica-iberia\/#primaryimage","url":"\/app\/uploads\/sites\/2\/NdP-Martin-Audio-A-T-Iberia-Spain-Distributor_banner.jpg","contentUrl":"\/app\/uploads\/sites\/2\/NdP-Martin-Audio-A-T-Iberia-Spain-Distributor_banner.jpg","width":640,"height":360},{"@type":"BreadcrumbList","@id":"https:\/\/distribution.audio-technica.eu\/es-es\/noticias\/martin-audio-concede-su-distribucion-en-espana-a-audio-technica-iberia\/#breadcrumb","itemListElement":[{"@type":"ListItem","position":1,"name":"Products","item":"https:\/\/distribution.audio-technica.eu\/es-es\/"},{"@type":"ListItem","position":2,"name":"Martin Audio concede su distribuci\u00f3n en Espa\u00f1a a Audio-Technica Iberia"}]},{"@type":"WebSite","@id":"https:\/\/distribution.audio-technica.eu\/es-es\/#website","url":"https:\/\/distribution.audio-technica.eu\/es-es\/","name":"Audio-Technica Iberia","description":"Distribuci\u00f3n","potentialAction":[{"@type":"SearchAction","target":{"@type":"EntryPoint","urlTemplate":"https:\/\/distribution.audio-technica.eu\/es-es\/?s={search_term_string}"},"query-input":{"@type":"PropertyValueSpecification","valueRequired":true,"valueName":"search_term_string"}}],"inLanguage":"es"},{"@type":"Person","@id":"https:\/\/distribution.audio-technica.eu\/es-es\/#\/schema\/person\/dbf0d33217ceab6329b4c3144742f2fb","name":"ctorras"}]}},"_links":{"self":[{"href":"https:\/\/distribution.audio-technica.eu\/es-es\/wp-json\/wp\/v2\/posts\/16780","targetHints":{"allow":["GET"]}}],"collection":[{"href":"https:\/\/distribution.audio-technica.eu\/es-es\/wp-json\/wp\/v2\/posts"}],"about":[{"href":"https:\/\/distribution.audio-technica.eu\/es-es\/wp-json\/wp\/v2\/types\/post"}],"author":[{"embeddable":true,"href":"https:\/\/distribution.audio-technica.eu\/es-es\/wp-json\/wp\/v2\/users\/2"}],"replies":[{"embeddable":true,"href":"https:\/\/distribution.audio-technica.eu\/es-es\/wp-json\/wp\/v2\/comments?post=16780"}],"version-history":[{"count":3,"href":"https:\/\/distribution.audio-technica.eu\/es-es\/wp-json\/wp\/v2\/posts\/16780\/revisions"}],"predecessor-version":[{"id":16997,"href":"https:\/\/distribution.audio-technica.eu\/es-es\/wp-json\/wp\/v2\/posts\/16780\/revisions\/16997"}],"wp:featuredmedia":[{"embeddable":true,"href":"https:\/\/distribution.audio-technica.eu\/es-es\/wp-json\/wp\/v2\/media\/16823"}],"wp:attachment":[{"href":"https:\/\/distribution.audio-technica.eu\/es-es\/wp-json\/wp\/v2\/media?parent=16780"}],"wp:term":[{"taxonomy":"category","embeddable":true,"href":"https:\/\/distribution.audio-technica.eu\/es-es\/wp-json\/wp\/v2\/categories?post=16780"},{"taxonomy":"post_tag","embeddable":true,"href":"https:\/\/distribution.audio-technica.eu\/es-es\/wp-json\/wp\/v2\/tags?post=16780"}],"curies":[{"name":"wp","href":"https:\/\/api.w.org\/{rel}","templated":true}]}}