{"id":17058,"date":"2019-06-05T19:10:43","date_gmt":"2019-06-05T17:10:43","guid":{"rendered":"https:\/\/atdb-production.studiograft.dev\/es\/?p=17058"},"modified":"2023-07-30T13:40:36","modified_gmt":"2023-07-30T11:40:36","slug":"martin-audio-anade-wps-a-su-serie-wavefront-precision-line-array-de-mayor-venta","status":"publish","type":"post","link":"https:\/\/distribution.audio-technica.eu\/es-es\/noticias\/martin-audio-anade-wps-a-su-serie-wavefront-precision-line-array-de-mayor-venta\/","title":{"rendered":"Martin Audio a\u00f1ade el modelo WPS a su serie de line array de mayor venta Wavefront Precision"},"content":{"rendered":"<p><a href=\"https:\/\/distribution.audio-technica.eu\/es\/wp-content\/uploads\/sites\/2\/WPS-1.jpg\"><img loading=\"lazy\" decoding=\"async\" class=\"alignnone wp-image-17060 size-800\" src=\"\/es\/wp-content\/uploads\/sites\/2\/WPS-1-800x481.jpg\" alt=\"\" width=\"800\" height=\"481\" srcset=\"https:\/\/distribution.audio-technica.eu\/app\/uploads\/sites\/2\/WPS-1-800x481.jpg 800w, https:\/\/distribution.audio-technica.eu\/app\/uploads\/sites\/2\/WPS-1-300x180.jpg 300w, https:\/\/distribution.audio-technica.eu\/app\/uploads\/sites\/2\/WPS-1-768x462.jpg 768w, https:\/\/distribution.audio-technica.eu\/app\/uploads\/sites\/2\/WPS-1-1024x616.jpg 1024w, https:\/\/distribution.audio-technica.eu\/app\/uploads\/sites\/2\/WPS-1-200x120.jpg 200w, https:\/\/distribution.audio-technica.eu\/app\/uploads\/sites\/2\/WPS-1-400x241.jpg 400w, https:\/\/distribution.audio-technica.eu\/app\/uploads\/sites\/2\/WPS-1-600x361.jpg 600w, https:\/\/distribution.audio-technica.eu\/app\/uploads\/sites\/2\/WPS-1-1200x722.jpg 1200w, https:\/\/distribution.audio-technica.eu\/app\/uploads\/sites\/2\/WPS-1.jpg 1500w\" sizes=\"auto, (max-width: 800px) 100vw, 800px\" \/><\/a><\/p>\n<p>Dise\u00f1ado para establecer un nuevo punto de referencia para los line arrays de 8&#8243;, Martin Audio ha anunciado <a href=\"https:\/\/distribution.audio-technica.eu\/es\/product\/wps\/\" target=\"_blank\" rel=\"noopener\">WPS<\/a>, el cuarto modelo de la serie de line arrays optimizada, l\u00edder en ventas y premiada, Wavefront Precision.<\/p>\n<p>Wavefront Precision evolucion\u00f3 la tecnolog\u00eda y la innovaci\u00f3n de la hist\u00f3rica serie MLA al ofrecer amplificaci\u00f3n externa y resoluci\u00f3n escalable. Los sistemas ofrecen una cobertura y un control enormemente mejorados en comparaci\u00f3n con los line arrays est\u00e1ndar, y son excepcionalmente flexibles, actualizables y accesibles desde el punto de vista econ\u00f3mico.<\/p>\n<p>Dom Harter, Director Gerente, explica: \u201c<em>En pocas palabras, cuantos m\u00e1s recintos con canales de amplificador dedicados, mayor ser\u00e1 la resoluci\u00f3n y la escala de cobertura y control obtenidos<\/em>.<\/p>\n<p>\u201c<em>Esto significa que incluso en el nivel m\u00e1s bajo de resoluci\u00f3n, los resultados siguen siendo fundamentalmente mejores que los line arrays tradicionales, sin costo adicional, y en el extremo superior de la resoluci\u00f3n los usuarios pueden disfrutar de muchos de los beneficios que ofrecen los sistemas MLA. Actualmente, otros fabricantes est\u00e1n obligando a sus clientes a comprar cantidades muy caras y fijas de amplificadores para optimizar los arrays, pero con Wavefront Precision, la decisi\u00f3n sobre el nivel de control de cobertura y, por lo tanto, el n\u00famero de amplificadores iKON eficientes requeridos, es la del cliente.\u201d<\/em><\/p>\n<p>Siguiendo los modelos de WPL (12\u201d LF), WPC (10\u201d LF) y WPM (6.5\u201d LF), el WPS (8\u201d LF) es el cuarto de la serie y es un line array vers\u00e1til y de vanguardia con un SPL m\u00e1ximo de 133dB y perfecto para aplicaciones que requieren un array de alto rendimiento con poco peso y volumen.<\/p>\n<p><a href=\"https:\/\/distribution.audio-technica.eu\/es\/wp-content\/uploads\/sites\/2\/WPS-3.jpg\"><img loading=\"lazy\" decoding=\"async\" class=\"alignnone wp-image-17059 size-800\" src=\"\/es\/wp-content\/uploads\/sites\/2\/WPS-3-800x651.jpg\" alt=\"\" width=\"800\" height=\"651\" srcset=\"https:\/\/distribution.audio-technica.eu\/app\/uploads\/sites\/2\/WPS-3-800x651.jpg 800w, https:\/\/distribution.audio-technica.eu\/app\/uploads\/sites\/2\/WPS-3-300x244.jpg 300w, https:\/\/distribution.audio-technica.eu\/app\/uploads\/sites\/2\/WPS-3-768x625.jpg 768w, https:\/\/distribution.audio-technica.eu\/app\/uploads\/sites\/2\/WPS-3-1024x833.jpg 1024w, https:\/\/distribution.audio-technica.eu\/app\/uploads\/sites\/2\/WPS-3-200x163.jpg 200w, https:\/\/distribution.audio-technica.eu\/app\/uploads\/sites\/2\/WPS-3-400x325.jpg 400w, https:\/\/distribution.audio-technica.eu\/app\/uploads\/sites\/2\/WPS-3-600x488.jpg 600w, https:\/\/distribution.audio-technica.eu\/app\/uploads\/sites\/2\/WPS-3-1200x976.jpg 1200w, https:\/\/distribution.audio-technica.eu\/app\/uploads\/sites\/2\/WPS-3.jpg 1500w\" sizes=\"auto, (max-width: 800px) 100vw, 800px\" \/><\/a><\/p>\n<p>Dise\u00f1ado con la cobertura, la consistencia y el rendimiento de sonido caracter\u00edsticos de Martin Audio, la flexibilidad de WPS lo convierte en un sistema ideal para el refuerzo de sonido en directo e instalaciones en teatros, salas de conciertos y templos. El retorno de la inversi\u00f3n en el stock de una compa\u00f1\u00eda de alquiler se maximiza al implementar tambi\u00e9n arrays WPS como rellenos frontales, retardos o laterales suspendidos para sistemas Wavefront Precision m\u00e1s grandes.<\/p>\n<p>WPS es un sistema pasivo de 3 v\u00edas que integra una alta densidad de transductores en un recinto muy compacto. Dispone de 2 transductores LF de 8&#8243;, 4 transductores de medios de 4&#8243; y 4 transductores de compresi\u00f3n HF de 1&#8243; con por una bocina HF moldeada que ocupa todo el ancho del recinto, definiendo el patr\u00f3n de cobertura de directividad constante horizontal de 100\u00b0 de ambas secciones de media y alta frecuencia.<\/p>\n<p>Los transductores de medios de 4&#8243; est\u00e1n cargados por compresi\u00f3n para aumentar la eficiencia y entrar a las paredes de la bocina a trav\u00e9s de ranuras anulares cerca de la garganta de HF para sumarse de forma efectiva con el frente de onda de HF. En la secci\u00f3n de HF, cuatro transductores de compresi\u00f3n de 1\u201d ofrecen un sonido de alta frecuencia pr\u00edstino sin la dureza y la distorsi\u00f3n asociadas con los dispositivos de formato m\u00e1s grande.<\/p>\n<p><a href=\"https:\/\/distribution.audio-technica.eu\/es\/wp-content\/uploads\/sites\/2\/WPS-2.jpg\"><img loading=\"lazy\" decoding=\"async\" class=\"alignnone wp-image-17061 size-800\" src=\"\/es\/wp-content\/uploads\/sites\/2\/WPS-2-800x510.jpg\" alt=\"\" width=\"800\" height=\"510\" srcset=\"https:\/\/distribution.audio-technica.eu\/app\/uploads\/sites\/2\/WPS-2-800x510.jpg 800w, https:\/\/distribution.audio-technica.eu\/app\/uploads\/sites\/2\/WPS-2-300x191.jpg 300w, https:\/\/distribution.audio-technica.eu\/app\/uploads\/sites\/2\/WPS-2-768x490.jpg 768w, https:\/\/distribution.audio-technica.eu\/app\/uploads\/sites\/2\/WPS-2-1024x653.jpg 1024w, https:\/\/distribution.audio-technica.eu\/app\/uploads\/sites\/2\/WPS-2-200x128.jpg 200w, https:\/\/distribution.audio-technica.eu\/app\/uploads\/sites\/2\/WPS-2-400x255.jpg 400w, https:\/\/distribution.audio-technica.eu\/app\/uploads\/sites\/2\/WPS-2-600x383.jpg 600w, https:\/\/distribution.audio-technica.eu\/app\/uploads\/sites\/2\/WPS-2-1200x766.jpg 1200w, https:\/\/distribution.audio-technica.eu\/app\/uploads\/sites\/2\/WPS-2.jpg 1500w\" sizes=\"auto, (max-width: 800px) 100vw, 800px\" \/><\/a><\/p>\n<p>Los transductores LF de 8&#8243; se colocan detr\u00e1s de las paredes de la bocina HF, con un peque\u00f1o volumen de aire en frente de cada transductor, lo que aumenta la salida en el extremo superior de su rango de funcionamiento. Las aberturas de salida de LF est\u00e1n separadas horizontalmente para proporcionar un control \u00fatil del patr\u00f3n horizontal de LF.<\/p>\n<p><a href=\"https:\/\/distribution.audio-technica.eu\/es\/wp-content\/uploads\/sites\/2\/WPS-4.jpg\"><img loading=\"lazy\" decoding=\"async\" class=\" wp-image-17062 alignleft\" src=\"\/es\/wp-content\/uploads\/sites\/2\/WPS-4.jpg\" alt=\"\" width=\"251\" height=\"533\" srcset=\"https:\/\/distribution.audio-technica.eu\/app\/uploads\/sites\/2\/WPS-4.jpg 471w, https:\/\/distribution.audio-technica.eu\/app\/uploads\/sites\/2\/WPS-4-141x300.jpg 141w, https:\/\/distribution.audio-technica.eu\/app\/uploads\/sites\/2\/WPS-4-200x425.jpg 200w, https:\/\/distribution.audio-technica.eu\/app\/uploads\/sites\/2\/WPS-4-400x849.jpg 400w\" sizes=\"auto, (max-width: 251px) 100vw, 251px\" \/><\/a>Harter a\u00f1ade: \u201c<em>Con WPS, este fue un desarrollo de producto innovador. Quer\u00edamos superar las deficiencias y los compromisos de otros line arrays de 8&#8243; disponibles actualmente en el mercado. Es por eso que tenemos m\u00e1s transductores en WPS que cualquier otro modelo de su categor\u00eda, con espaciado, gu\u00eda-onda y puntos de crossover dise\u00f1ados para ofrecer un rendimiento \u00f3ptimo de HF con un control ejemplar de patrones de frecuencia media y alta, incluso a altos SPL\u00bb.<\/em><\/p>\n<p>Para extender su rendimiento en bajas frecuencias, WPS est\u00e1 dise\u00f1ado para asociarse con el subgrave cardioide SXC118 y su variante para ser volada, SXCF118.<\/p>\n<p>\u00abWavefront Precision ha sido la serie de line arrays de venta m\u00e1s r\u00e1pida de la marca\u00bb, recuerda Harter, \u00aby un factor importante que contribuy\u00f3 al r\u00e1pido \u00e9xito de Martin Audio en los \u00faltimos tres a\u00f1os. La introducci\u00f3n de WPS ampl\u00eda la l\u00ednea para convertirla en una familia de line arrays optimizada y de gran alcance que servir\u00e1 mejor a los clientes de todo el mundo. Como uno de los fundadores de la industria del audio profesional, sigue siendo fundamental que sigamos impulsando nuestra agresiva estrategia de nuevos productos para prosperar\u00bb.<\/p>\n<p><a href=\"https:\/\/distribution.audio-technica.eu\/es\/product\/wps\/\" target=\"_blank\" rel=\"noopener\">WPS<\/a> formar\u00e1 parte de la presentaci\u00f3n de Martin Audio durante el certamen InfoComm 2019, en el stand 6743 y la sala de demostraciones de audio W224C que se celebrar\u00e1 del 12 al 14 de junio en el Orange County Convention Center, Orlando, Florida, y estar\u00e1 disponible para todo el mundo a partir de septiembre de 2019.<\/p>\n<p>M\u00e1s informaci\u00f3n sobre la <a href=\"https:\/\/distribution.audio-technica.eu\/es\/product\/wps\/\" target=\"_blank\" rel=\"noopener\">Serie WPS<\/a>.<\/p>\n<p>[fusion_youtube id=\u00bbh0zqxyJAJew\u00bb alignment=\u00bbcenter\u00bb width=\u00bb\u00bb height=\u00bb\u00bb autoplay=\u00bbfalse\u00bb api_params=\u00bb\u00bb hide_on_mobile=\u00bbsmall-visibility,medium-visibility,large-visibility\u00bb class=\u00bb\u00bb][\/fusion_youtube]<\/p>\n","protected":false},"excerpt":{"rendered":"<p>Dise\u00f1ado para establecer un nuevo punto de referencia para los line arrays de 8&#8243;, Martin Audio ha anunciado WPS, el cuarto modelo de la serie de line arrays optimizada, l\u00edder en ventas y premiada, Wavefront Precision. Wavefront Precision evolucion\u00f3 la tecnolog\u00eda y la innovaci\u00f3n de la hist\u00f3rica serie MLA al ofrecer amplificaci\u00f3n externa y resoluci\u00f3n [&hellip;]<\/p>\n","protected":false},"author":2,"featured_media":17063,"comment_status":"closed","ping_status":"closed","sticky":false,"template":"","format":"standard","meta":{"_acf_changed":false,"footnotes":""},"categories":[2456],"tags":[1543,2075],"class_list":["post-17058","post","type-post","status-publish","format-standard","has-post-thumbnail","hentry","category-novedades","tag-line-array","tag-wp"],"acf":[],"yoast_head":"<!-- This site is optimized with the Yoast SEO plugin v27.1.1 - https:\/\/yoast.com\/product\/yoast-seo-wordpress\/ -->\n<title>Martin Audio a\u00f1ade el modelo WPS a su serie de line array de mayor venta Wavefront Precision - Audio-Technica Iberia<\/title>\n<meta name=\"robots\" content=\"index, follow, max-snippet:-1, max-image-preview:large, max-video-preview:-1\" \/>\n<link rel=\"canonical\" href=\"https:\/\/distribution.audio-technica.eu\/es-es\/noticias\/martin-audio-anade-wps-a-su-serie-wavefront-precision-line-array-de-mayor-venta\/\" \/>\n<meta property=\"og:locale\" content=\"es_ES\" \/>\n<meta property=\"og:type\" content=\"article\" \/>\n<meta property=\"og:title\" content=\"Martin Audio a\u00f1ade el modelo WPS a su serie de line array de mayor venta Wavefront Precision - Audio-Technica Iberia\" \/>\n<meta property=\"og:description\" content=\"Dise\u00f1ado para establecer un nuevo punto de referencia para los line arrays de 8&#8243;, Martin Audio ha anunciado WPS, el cuarto modelo de la serie de line arrays optimizada, l\u00edder en ventas y premiada, Wavefront Precision. Wavefront Precision evolucion\u00f3 la tecnolog\u00eda y la innovaci\u00f3n de la hist\u00f3rica serie MLA al ofrecer amplificaci\u00f3n externa y resoluci\u00f3n [&hellip;]\" \/>\n<meta property=\"og:url\" content=\"https:\/\/distribution.audio-technica.eu\/es-es\/noticias\/martin-audio-anade-wps-a-su-serie-wavefront-precision-line-array-de-mayor-venta\/\" \/>\n<meta property=\"og:site_name\" content=\"Audio-Technica Iberia\" \/>\n<meta property=\"article:published_time\" content=\"2019-06-05T17:10:43+00:00\" \/>\n<meta property=\"article:modified_time\" content=\"2023-07-30T11:40:36+00:00\" \/>\n<meta property=\"og:image\" content=\"https:\/\/distribution.audio-technica.eu\/app\/uploads\/sites\/2\/WPS-banner.jpg\" \/>\n\t<meta property=\"og:image:width\" content=\"640\" \/>\n\t<meta property=\"og:image:height\" content=\"360\" \/>\n\t<meta property=\"og:image:type\" content=\"image\/jpeg\" \/>\n<meta name=\"author\" content=\"ctorras\" \/>\n<meta name=\"twitter:card\" content=\"summary_large_image\" \/>\n<meta name=\"twitter:label1\" content=\"Escrito por\" \/>\n\t<meta name=\"twitter:data1\" content=\"ctorras\" \/>\n\t<meta name=\"twitter:label2\" content=\"Tiempo de lectura\" \/>\n\t<meta name=\"twitter:data2\" content=\"4 minutos\" \/>\n<script type=\"application\/ld+json\" class=\"yoast-schema-graph\">{\"@context\":\"https:\/\/schema.org\",\"@graph\":[{\"@type\":\"Article\",\"@id\":\"https:\/\/distribution.audio-technica.eu\/es-es\/noticias\/martin-audio-anade-wps-a-su-serie-wavefront-precision-line-array-de-mayor-venta\/#article\",\"isPartOf\":{\"@id\":\"https:\/\/distribution.audio-technica.eu\/es-es\/noticias\/martin-audio-anade-wps-a-su-serie-wavefront-precision-line-array-de-mayor-venta\/\"},\"author\":{\"name\":\"ctorras\",\"@id\":\"https:\/\/distribution.audio-technica.eu\/es-es\/#\/schema\/person\/dbf0d33217ceab6329b4c3144742f2fb\"},\"headline\":\"Martin Audio a\u00f1ade el modelo WPS a su serie de line array de mayor venta Wavefront Precision\",\"datePublished\":\"2019-06-05T17:10:43+00:00\",\"dateModified\":\"2023-07-30T11:40:36+00:00\",\"mainEntityOfPage\":{\"@id\":\"https:\/\/distribution.audio-technica.eu\/es-es\/noticias\/martin-audio-anade-wps-a-su-serie-wavefront-precision-line-array-de-mayor-venta\/\"},\"wordCount\":876,\"image\":{\"@id\":\"https:\/\/distribution.audio-technica.eu\/es-es\/noticias\/martin-audio-anade-wps-a-su-serie-wavefront-precision-line-array-de-mayor-venta\/#primaryimage\"},\"thumbnailUrl\":\"\/app\/uploads\/sites\/2\/WPS-banner.jpg\",\"keywords\":[\"Line Array\",\"WP\"],\"articleSection\":[\"Novedades\"],\"inLanguage\":\"es\"},{\"@type\":\"WebPage\",\"@id\":\"https:\/\/distribution.audio-technica.eu\/es-es\/noticias\/martin-audio-anade-wps-a-su-serie-wavefront-precision-line-array-de-mayor-venta\/\",\"url\":\"https:\/\/distribution.audio-technica.eu\/es-es\/noticias\/martin-audio-anade-wps-a-su-serie-wavefront-precision-line-array-de-mayor-venta\/\",\"name\":\"Martin Audio a\u00f1ade el modelo WPS a su serie de line array de mayor venta Wavefront Precision - Audio-Technica Iberia\",\"isPartOf\":{\"@id\":\"https:\/\/distribution.audio-technica.eu\/es-es\/#website\"},\"primaryImageOfPage\":{\"@id\":\"https:\/\/distribution.audio-technica.eu\/es-es\/noticias\/martin-audio-anade-wps-a-su-serie-wavefront-precision-line-array-de-mayor-venta\/#primaryimage\"},\"image\":{\"@id\":\"https:\/\/distribution.audio-technica.eu\/es-es\/noticias\/martin-audio-anade-wps-a-su-serie-wavefront-precision-line-array-de-mayor-venta\/#primaryimage\"},\"thumbnailUrl\":\"\/app\/uploads\/sites\/2\/WPS-banner.jpg\",\"datePublished\":\"2019-06-05T17:10:43+00:00\",\"dateModified\":\"2023-07-30T11:40:36+00:00\",\"author\":{\"@id\":\"https:\/\/distribution.audio-technica.eu\/es-es\/#\/schema\/person\/dbf0d33217ceab6329b4c3144742f2fb\"},\"breadcrumb\":{\"@id\":\"https:\/\/distribution.audio-technica.eu\/es-es\/noticias\/martin-audio-anade-wps-a-su-serie-wavefront-precision-line-array-de-mayor-venta\/#breadcrumb\"},\"inLanguage\":\"es\",\"potentialAction\":[{\"@type\":\"ReadAction\",\"target\":[\"https:\/\/distribution.audio-technica.eu\/es-es\/noticias\/martin-audio-anade-wps-a-su-serie-wavefront-precision-line-array-de-mayor-venta\/\"]}]},{\"@type\":\"ImageObject\",\"inLanguage\":\"es\",\"@id\":\"https:\/\/distribution.audio-technica.eu\/es-es\/noticias\/martin-audio-anade-wps-a-su-serie-wavefront-precision-line-array-de-mayor-venta\/#primaryimage\",\"url\":\"\/app\/uploads\/sites\/2\/WPS-banner.jpg\",\"contentUrl\":\"\/app\/uploads\/sites\/2\/WPS-banner.jpg\",\"width\":640,\"height\":360},{\"@type\":\"BreadcrumbList\",\"@id\":\"https:\/\/distribution.audio-technica.eu\/es-es\/noticias\/martin-audio-anade-wps-a-su-serie-wavefront-precision-line-array-de-mayor-venta\/#breadcrumb\",\"itemListElement\":[{\"@type\":\"ListItem\",\"position\":1,\"name\":\"Products\",\"item\":\"https:\/\/distribution.audio-technica.eu\/es-es\/\"},{\"@type\":\"ListItem\",\"position\":2,\"name\":\"Martin Audio a\u00f1ade el modelo WPS a su serie de line array de mayor venta Wavefront Precision\"}]},{\"@type\":\"WebSite\",\"@id\":\"https:\/\/distribution.audio-technica.eu\/es-es\/#website\",\"url\":\"https:\/\/distribution.audio-technica.eu\/es-es\/\",\"name\":\"Audio-Technica Iberia\",\"description\":\"Distribuci\u00f3n\",\"potentialAction\":[{\"@type\":\"SearchAction\",\"target\":{\"@type\":\"EntryPoint\",\"urlTemplate\":\"https:\/\/distribution.audio-technica.eu\/es-es\/?s={search_term_string}\"},\"query-input\":{\"@type\":\"PropertyValueSpecification\",\"valueRequired\":true,\"valueName\":\"search_term_string\"}}],\"inLanguage\":\"es\"},{\"@type\":\"Person\",\"@id\":\"https:\/\/distribution.audio-technica.eu\/es-es\/#\/schema\/person\/dbf0d33217ceab6329b4c3144742f2fb\",\"name\":\"ctorras\"}]}<\/script>\n<!-- \/ Yoast SEO plugin. -->","yoast_head_json":{"title":"Martin Audio a\u00f1ade el modelo WPS a su serie de line array de mayor venta Wavefront Precision - Audio-Technica Iberia","robots":{"index":"index","follow":"follow","max-snippet":"max-snippet:-1","max-image-preview":"max-image-preview:large","max-video-preview":"max-video-preview:-1"},"canonical":"https:\/\/distribution.audio-technica.eu\/es-es\/noticias\/martin-audio-anade-wps-a-su-serie-wavefront-precision-line-array-de-mayor-venta\/","og_locale":"es_ES","og_type":"article","og_title":"Martin Audio a\u00f1ade el modelo WPS a su serie de line array de mayor venta Wavefront Precision - Audio-Technica Iberia","og_description":"Dise\u00f1ado para establecer un nuevo punto de referencia para los line arrays de 8&#8243;, Martin Audio ha anunciado WPS, el cuarto modelo de la serie de line arrays optimizada, l\u00edder en ventas y premiada, Wavefront Precision. Wavefront Precision evolucion\u00f3 la tecnolog\u00eda y la innovaci\u00f3n de la hist\u00f3rica serie MLA al ofrecer amplificaci\u00f3n externa y resoluci\u00f3n [&hellip;]","og_url":"https:\/\/distribution.audio-technica.eu\/es-es\/noticias\/martin-audio-anade-wps-a-su-serie-wavefront-precision-line-array-de-mayor-venta\/","og_site_name":"Audio-Technica Iberia","article_published_time":"2019-06-05T17:10:43+00:00","article_modified_time":"2023-07-30T11:40:36+00:00","og_image":[{"width":640,"height":360,"url":"https:\/\/distribution.audio-technica.eu\/app\/uploads\/sites\/2\/WPS-banner.jpg","type":"image\/jpeg"}],"author":"ctorras","twitter_card":"summary_large_image","twitter_misc":{"Escrito por":"ctorras","Tiempo de lectura":"4 minutos"},"schema":{"@context":"https:\/\/schema.org","@graph":[{"@type":"Article","@id":"https:\/\/distribution.audio-technica.eu\/es-es\/noticias\/martin-audio-anade-wps-a-su-serie-wavefront-precision-line-array-de-mayor-venta\/#article","isPartOf":{"@id":"https:\/\/distribution.audio-technica.eu\/es-es\/noticias\/martin-audio-anade-wps-a-su-serie-wavefront-precision-line-array-de-mayor-venta\/"},"author":{"name":"ctorras","@id":"https:\/\/distribution.audio-technica.eu\/es-es\/#\/schema\/person\/dbf0d33217ceab6329b4c3144742f2fb"},"headline":"Martin Audio a\u00f1ade el modelo WPS a su serie de line array de mayor venta Wavefront Precision","datePublished":"2019-06-05T17:10:43+00:00","dateModified":"2023-07-30T11:40:36+00:00","mainEntityOfPage":{"@id":"https:\/\/distribution.audio-technica.eu\/es-es\/noticias\/martin-audio-anade-wps-a-su-serie-wavefront-precision-line-array-de-mayor-venta\/"},"wordCount":876,"image":{"@id":"https:\/\/distribution.audio-technica.eu\/es-es\/noticias\/martin-audio-anade-wps-a-su-serie-wavefront-precision-line-array-de-mayor-venta\/#primaryimage"},"thumbnailUrl":"\/app\/uploads\/sites\/2\/WPS-banner.jpg","keywords":["Line Array","WP"],"articleSection":["Novedades"],"inLanguage":"es"},{"@type":"WebPage","@id":"https:\/\/distribution.audio-technica.eu\/es-es\/noticias\/martin-audio-anade-wps-a-su-serie-wavefront-precision-line-array-de-mayor-venta\/","url":"https:\/\/distribution.audio-technica.eu\/es-es\/noticias\/martin-audio-anade-wps-a-su-serie-wavefront-precision-line-array-de-mayor-venta\/","name":"Martin Audio a\u00f1ade el modelo WPS a su serie de line array de mayor venta Wavefront Precision - Audio-Technica Iberia","isPartOf":{"@id":"https:\/\/distribution.audio-technica.eu\/es-es\/#website"},"primaryImageOfPage":{"@id":"https:\/\/distribution.audio-technica.eu\/es-es\/noticias\/martin-audio-anade-wps-a-su-serie-wavefront-precision-line-array-de-mayor-venta\/#primaryimage"},"image":{"@id":"https:\/\/distribution.audio-technica.eu\/es-es\/noticias\/martin-audio-anade-wps-a-su-serie-wavefront-precision-line-array-de-mayor-venta\/#primaryimage"},"thumbnailUrl":"\/app\/uploads\/sites\/2\/WPS-banner.jpg","datePublished":"2019-06-05T17:10:43+00:00","dateModified":"2023-07-30T11:40:36+00:00","author":{"@id":"https:\/\/distribution.audio-technica.eu\/es-es\/#\/schema\/person\/dbf0d33217ceab6329b4c3144742f2fb"},"breadcrumb":{"@id":"https:\/\/distribution.audio-technica.eu\/es-es\/noticias\/martin-audio-anade-wps-a-su-serie-wavefront-precision-line-array-de-mayor-venta\/#breadcrumb"},"inLanguage":"es","potentialAction":[{"@type":"ReadAction","target":["https:\/\/distribution.audio-technica.eu\/es-es\/noticias\/martin-audio-anade-wps-a-su-serie-wavefront-precision-line-array-de-mayor-venta\/"]}]},{"@type":"ImageObject","inLanguage":"es","@id":"https:\/\/distribution.audio-technica.eu\/es-es\/noticias\/martin-audio-anade-wps-a-su-serie-wavefront-precision-line-array-de-mayor-venta\/#primaryimage","url":"\/app\/uploads\/sites\/2\/WPS-banner.jpg","contentUrl":"\/app\/uploads\/sites\/2\/WPS-banner.jpg","width":640,"height":360},{"@type":"BreadcrumbList","@id":"https:\/\/distribution.audio-technica.eu\/es-es\/noticias\/martin-audio-anade-wps-a-su-serie-wavefront-precision-line-array-de-mayor-venta\/#breadcrumb","itemListElement":[{"@type":"ListItem","position":1,"name":"Products","item":"https:\/\/distribution.audio-technica.eu\/es-es\/"},{"@type":"ListItem","position":2,"name":"Martin Audio a\u00f1ade el modelo WPS a su serie de line array de mayor venta Wavefront Precision"}]},{"@type":"WebSite","@id":"https:\/\/distribution.audio-technica.eu\/es-es\/#website","url":"https:\/\/distribution.audio-technica.eu\/es-es\/","name":"Audio-Technica Iberia","description":"Distribuci\u00f3n","potentialAction":[{"@type":"SearchAction","target":{"@type":"EntryPoint","urlTemplate":"https:\/\/distribution.audio-technica.eu\/es-es\/?s={search_term_string}"},"query-input":{"@type":"PropertyValueSpecification","valueRequired":true,"valueName":"search_term_string"}}],"inLanguage":"es"},{"@type":"Person","@id":"https:\/\/distribution.audio-technica.eu\/es-es\/#\/schema\/person\/dbf0d33217ceab6329b4c3144742f2fb","name":"ctorras"}]}},"_links":{"self":[{"href":"https:\/\/distribution.audio-technica.eu\/es-es\/wp-json\/wp\/v2\/posts\/17058","targetHints":{"allow":["GET"]}}],"collection":[{"href":"https:\/\/distribution.audio-technica.eu\/es-es\/wp-json\/wp\/v2\/posts"}],"about":[{"href":"https:\/\/distribution.audio-technica.eu\/es-es\/wp-json\/wp\/v2\/types\/post"}],"author":[{"embeddable":true,"href":"https:\/\/distribution.audio-technica.eu\/es-es\/wp-json\/wp\/v2\/users\/2"}],"replies":[{"embeddable":true,"href":"https:\/\/distribution.audio-technica.eu\/es-es\/wp-json\/wp\/v2\/comments?post=17058"}],"version-history":[{"count":11,"href":"https:\/\/distribution.audio-technica.eu\/es-es\/wp-json\/wp\/v2\/posts\/17058\/revisions"}],"predecessor-version":[{"id":17920,"href":"https:\/\/distribution.audio-technica.eu\/es-es\/wp-json\/wp\/v2\/posts\/17058\/revisions\/17920"}],"wp:featuredmedia":[{"embeddable":true,"href":"https:\/\/distribution.audio-technica.eu\/es-es\/wp-json\/wp\/v2\/media\/17063"}],"wp:attachment":[{"href":"https:\/\/distribution.audio-technica.eu\/es-es\/wp-json\/wp\/v2\/media?parent=17058"}],"wp:term":[{"taxonomy":"category","embeddable":true,"href":"https:\/\/distribution.audio-technica.eu\/es-es\/wp-json\/wp\/v2\/categories?post=17058"},{"taxonomy":"post_tag","embeddable":true,"href":"https:\/\/distribution.audio-technica.eu\/es-es\/wp-json\/wp\/v2\/tags?post=17058"}],"curies":[{"name":"wp","href":"https:\/\/api.w.org\/{rel}","templated":true}]}}