{"id":17159,"date":"2019-06-17T18:26:31","date_gmt":"2019-06-17T16:26:31","guid":{"rendered":"https:\/\/atdb-production.studiograft.dev\/es\/?p=17159"},"modified":"2023-09-13T18:22:27","modified_gmt":"2023-09-13T16:22:27","slug":"se-presentan-los-nuevos-monitores-genelec-s360-en-best-digital","status":"publish","type":"post","link":"https:\/\/distribution.audio-technica.eu\/es-es\/noticias\/se-presentan-los-nuevos-monitores-genelec-s360-en-best-digital\/","title":{"rendered":"Se presentan los nuevos monitores Genelec S360 en Best Digital"},"content":{"rendered":"<p><a href=\"https:\/\/distribution.audio-technica.eu\/es\/wp-content\/uploads\/sites\/2\/Genelec-S360-Best-Digital_02.jpg\"><img loading=\"lazy\" decoding=\"async\" class=\"alignnone wp-image-17161 size-800\" src=\"\/es\/wp-content\/uploads\/sites\/2\/Genelec-S360-Best-Digital_02-800x530.jpg\" alt=\"\" width=\"800\" height=\"530\" srcset=\"https:\/\/distribution.audio-technica.eu\/app\/uploads\/sites\/2\/Genelec-S360-Best-Digital_02-800x530.jpg 800w, https:\/\/distribution.audio-technica.eu\/app\/uploads\/sites\/2\/Genelec-S360-Best-Digital_02-300x199.jpg 300w, https:\/\/distribution.audio-technica.eu\/app\/uploads\/sites\/2\/Genelec-S360-Best-Digital_02-768x508.jpg 768w, https:\/\/distribution.audio-technica.eu\/app\/uploads\/sites\/2\/Genelec-S360-Best-Digital_02-1024x678.jpg 1024w, https:\/\/distribution.audio-technica.eu\/app\/uploads\/sites\/2\/Genelec-S360-Best-Digital_02-200x132.jpg 200w, https:\/\/distribution.audio-technica.eu\/app\/uploads\/sites\/2\/Genelec-S360-Best-Digital_02-400x265.jpg 400w, https:\/\/distribution.audio-technica.eu\/app\/uploads\/sites\/2\/Genelec-S360-Best-Digital_02-600x397.jpg 600w, https:\/\/distribution.audio-technica.eu\/app\/uploads\/sites\/2\/Genelec-S360-Best-Digital_02-1200x794.jpg 1200w, https:\/\/distribution.audio-technica.eu\/app\/uploads\/sites\/2\/Genelec-S360-Best-Digital_02.jpg 1500w\" sizes=\"auto, (max-width: 800px) 100vw, 800px\" \/><\/a><\/p>\n<p>Audio-Technica Iberia, distribuidor exclusivo de los productos profesionales de Genelec en Espa\u00f1a, eligi\u00f3 el estudio de cine Best Digital como emplazamiento para mostrar por primera vez los nuevos monitores <a href=\"https:\/\/distribution.audio-technica.eu\/es\/product\/s360-sam\/\" target=\"_blank\" rel=\"noopener\">S360<\/a> de la marca finlandesa.<\/p>\n<p>Por sus singulares caracter\u00edsticas, tales como un volumen de 500 m3 y una pantalla de proyecci\u00f3n de 25 m2, que se puede convertir de sala de mezcla a sala de grabaci\u00f3n de efectos, doblaje, o grabaci\u00f3n y mezcla de m\u00fasica; y adem\u00e1s sala de exhibici\u00f3n con capacidad de hasta 30 personas, y el hecho de ser la \u00fanica sala de mezcla de para cine en Espa\u00f1a con certificaci\u00f3n Dolby Atmos Premier, Best Digital fue escogido como el mejor entorno posible para realizar dicha presentaci\u00f3n.<\/p>\n<p><a href=\"https:\/\/distribution.audio-technica.eu\/es\/wp-content\/uploads\/sites\/2\/Genelec-S360-Best-Digital_10.jpg\"><img loading=\"lazy\" decoding=\"async\" class=\"alignnone wp-image-17169 size-800\" src=\"\/es\/wp-content\/uploads\/sites\/2\/Genelec-S360-Best-Digital_10-800x529.jpg\" alt=\"\" width=\"800\" height=\"529\" srcset=\"https:\/\/distribution.audio-technica.eu\/app\/uploads\/sites\/2\/Genelec-S360-Best-Digital_10-800x529.jpg 800w, https:\/\/distribution.audio-technica.eu\/app\/uploads\/sites\/2\/Genelec-S360-Best-Digital_10-300x198.jpg 300w, https:\/\/distribution.audio-technica.eu\/app\/uploads\/sites\/2\/Genelec-S360-Best-Digital_10-768x508.jpg 768w, https:\/\/distribution.audio-technica.eu\/app\/uploads\/sites\/2\/Genelec-S360-Best-Digital_10-1024x677.jpg 1024w, https:\/\/distribution.audio-technica.eu\/app\/uploads\/sites\/2\/Genelec-S360-Best-Digital_10-200x132.jpg 200w, https:\/\/distribution.audio-technica.eu\/app\/uploads\/sites\/2\/Genelec-S360-Best-Digital_10-400x265.jpg 400w, https:\/\/distribution.audio-technica.eu\/app\/uploads\/sites\/2\/Genelec-S360-Best-Digital_10-600x397.jpg 600w, https:\/\/distribution.audio-technica.eu\/app\/uploads\/sites\/2\/Genelec-S360-Best-Digital_10-1200x794.jpg 1200w, https:\/\/distribution.audio-technica.eu\/app\/uploads\/sites\/2\/Genelec-S360-Best-Digital_10.jpg 1503w\" sizes=\"auto, (max-width: 800px) 100vw, 800px\" \/><\/a><\/p>\n<p>El nuevo monitor Genelec S360 ofrece el rendimiento de un monitor principal o \u201cmain field\u201d con las dimensiones de un monitor de campo medio. Se trata as\u00ed de un producto que satisface las demandas de los sectores de pel\u00edculas y series, postproducci\u00f3n y producci\u00f3n musical. Combinado con un subwoofer, el S360 satisface tambi\u00e9n las exigencias para mezcla EDM y Dolby, incluso en salas donde la distancia de escucha excede los 10 metros.El S360 cuenta con un woofer de 10 pulgadas y un motor de compresi\u00f3n de titanio de 1 pulgada, asociado a una gu\u00eda de onda de control mejorado. Su sonido es natural incluso alcanzando niveles de 118 dB (a corto t\u00e9rmino), o picos incluso superiores.<\/p>\n<p><a href=\"https:\/\/distribution.audio-technica.eu\/es\/wp-content\/uploads\/sites\/2\/Genelec-S360-Best-Digital_03.jpg\"><img loading=\"lazy\" decoding=\"async\" class=\"alignnone wp-image-17162 size-800\" src=\"\/es\/wp-content\/uploads\/sites\/2\/Genelec-S360-Best-Digital_03-800x530.jpg\" alt=\"\" width=\"800\" height=\"530\" srcset=\"https:\/\/distribution.audio-technica.eu\/app\/uploads\/sites\/2\/Genelec-S360-Best-Digital_03-800x530.jpg 800w, https:\/\/distribution.audio-technica.eu\/app\/uploads\/sites\/2\/Genelec-S360-Best-Digital_03-300x199.jpg 300w, https:\/\/distribution.audio-technica.eu\/app\/uploads\/sites\/2\/Genelec-S360-Best-Digital_03-768x509.jpg 768w, https:\/\/distribution.audio-technica.eu\/app\/uploads\/sites\/2\/Genelec-S360-Best-Digital_03-1024x679.jpg 1024w, https:\/\/distribution.audio-technica.eu\/app\/uploads\/sites\/2\/Genelec-S360-Best-Digital_03-200x133.jpg 200w, https:\/\/distribution.audio-technica.eu\/app\/uploads\/sites\/2\/Genelec-S360-Best-Digital_03-400x265.jpg 400w, https:\/\/distribution.audio-technica.eu\/app\/uploads\/sites\/2\/Genelec-S360-Best-Digital_03-600x398.jpg 600w, https:\/\/distribution.audio-technica.eu\/app\/uploads\/sites\/2\/Genelec-S360-Best-Digital_03-1200x795.jpg 1200w, https:\/\/distribution.audio-technica.eu\/app\/uploads\/sites\/2\/Genelec-S360-Best-Digital_03.jpg 1500w\" sizes=\"auto, (max-width: 800px) 100vw, 800px\" \/><\/a><\/p>\n<p>Este nuevo monitor se puede instalar empotrado en pared, o bien en m\u00faltiples tipos de soporte (techo, pared, suelo, etc.), de forma permanente o m\u00f3vil. El S360 cuenta asimismo con una base Iso-Plate de serie, que permite aislar el monitor de su base, en caso de estar colocado en superficie. Como parte de la familia de monitores Genelec SAM, el S360 se integra perfectamente con el software GLM, desde el cual puede ser configurado, calibrado y controlado. Un sistema Genelec SAM permite el control de sistemas con 40 e incluso m\u00e1s canales de audio.<\/p>\n<p>Estuvieron presentes en esta presentaci\u00f3n V\u00edctor del Castillo, Director T\u00e9cnico de Best Digital, as\u00ed como representantes de Dolby y los principales integradores de sistemas en estudios y broadcast de Espa\u00f1a. Por parte de Genelec acudi\u00f3 Ole Jensen, Director de Ventas Internacional, entre otros. La presentaci\u00f3n estuvo a cargo de Eric Horstmann, Especialista de Producto de Genelec, Roberto L\u00f3pez, Manager de Estudios y Broadcast de Audio-Technica Iberia y Gabriel Albornoz, Manager de la Divisi\u00f3n Profesional de Audio-Technica Iberia. Entre los asistentes se encontraba el ingeniero de sonido Charly Schmukler, ganador de un premio Goya, que valor\u00f3 muy positivamente los S360 de Genelec por su calidad sonora y su elevada potencia.<\/p>\n<div id='gallery-1' class='gallery galleryid-17159 gallery-columns-3 gallery-size-medium'><figure class='gallery-item'>\n\t\t\t<div class='gallery-icon landscape'>\n\t\t\t\t<img loading=\"lazy\" decoding=\"async\" width=\"300\" height=\"199\" src=\"\/app\/uploads\/sites\/2\/Genelec-S360-Best-Digital_09-300x199.jpg\" class=\"attachment-medium size-medium\" alt=\"\" aria-describedby=\"gallery-1-17168\" srcset=\"https:\/\/distribution.audio-technica.eu\/app\/uploads\/sites\/2\/Genelec-S360-Best-Digital_09-300x199.jpg 300w, https:\/\/distribution.audio-technica.eu\/app\/uploads\/sites\/2\/Genelec-S360-Best-Digital_09-768x509.jpg 768w, https:\/\/distribution.audio-technica.eu\/app\/uploads\/sites\/2\/Genelec-S360-Best-Digital_09-1024x679.jpg 1024w, https:\/\/distribution.audio-technica.eu\/app\/uploads\/sites\/2\/Genelec-S360-Best-Digital_09-200x133.jpg 200w, https:\/\/distribution.audio-technica.eu\/app\/uploads\/sites\/2\/Genelec-S360-Best-Digital_09-400x265.jpg 400w, https:\/\/distribution.audio-technica.eu\/app\/uploads\/sites\/2\/Genelec-S360-Best-Digital_09-600x398.jpg 600w, https:\/\/distribution.audio-technica.eu\/app\/uploads\/sites\/2\/Genelec-S360-Best-Digital_09-800x530.jpg 800w, https:\/\/distribution.audio-technica.eu\/app\/uploads\/sites\/2\/Genelec-S360-Best-Digital_09-1200x795.jpg 1200w, https:\/\/distribution.audio-technica.eu\/app\/uploads\/sites\/2\/Genelec-S360-Best-Digital_09.jpg 1500w\" sizes=\"auto, (max-width: 300px) 100vw, 300px\" \/>\n\t\t\t<\/div>\n\t\t\t\t<figcaption class='wp-caption-text gallery-caption' id='gallery-1-17168'>\n\t\t\t\tcof\n\t\t\t\t<\/figcaption><\/figure><figure class='gallery-item'>\n\t\t\t<div class='gallery-icon landscape'>\n\t\t\t\t<img loading=\"lazy\" decoding=\"async\" width=\"300\" height=\"199\" src=\"\/app\/uploads\/sites\/2\/Genelec-S360-Best-Digital_08-300x199.jpg\" class=\"attachment-medium size-medium\" alt=\"\" srcset=\"https:\/\/distribution.audio-technica.eu\/app\/uploads\/sites\/2\/Genelec-S360-Best-Digital_08-300x199.jpg 300w, https:\/\/distribution.audio-technica.eu\/app\/uploads\/sites\/2\/Genelec-S360-Best-Digital_08-768x509.jpg 768w, https:\/\/distribution.audio-technica.eu\/app\/uploads\/sites\/2\/Genelec-S360-Best-Digital_08-1024x679.jpg 1024w, https:\/\/distribution.audio-technica.eu\/app\/uploads\/sites\/2\/Genelec-S360-Best-Digital_08-200x133.jpg 200w, https:\/\/distribution.audio-technica.eu\/app\/uploads\/sites\/2\/Genelec-S360-Best-Digital_08-400x265.jpg 400w, https:\/\/distribution.audio-technica.eu\/app\/uploads\/sites\/2\/Genelec-S360-Best-Digital_08-600x398.jpg 600w, https:\/\/distribution.audio-technica.eu\/app\/uploads\/sites\/2\/Genelec-S360-Best-Digital_08-800x530.jpg 800w, https:\/\/distribution.audio-technica.eu\/app\/uploads\/sites\/2\/Genelec-S360-Best-Digital_08-1200x795.jpg 1200w, https:\/\/distribution.audio-technica.eu\/app\/uploads\/sites\/2\/Genelec-S360-Best-Digital_08.jpg 1500w\" sizes=\"auto, (max-width: 300px) 100vw, 300px\" \/>\n\t\t\t<\/div><\/figure><figure class='gallery-item'>\n\t\t\t<div class='gallery-icon landscape'>\n\t\t\t\t<img loading=\"lazy\" decoding=\"async\" width=\"300\" height=\"199\" src=\"\/app\/uploads\/sites\/2\/Genelec-S360-Best-Digital_07-300x199.jpg\" class=\"attachment-medium size-medium\" alt=\"\" srcset=\"https:\/\/distribution.audio-technica.eu\/app\/uploads\/sites\/2\/Genelec-S360-Best-Digital_07-300x199.jpg 300w, https:\/\/distribution.audio-technica.eu\/app\/uploads\/sites\/2\/Genelec-S360-Best-Digital_07-768x509.jpg 768w, https:\/\/distribution.audio-technica.eu\/app\/uploads\/sites\/2\/Genelec-S360-Best-Digital_07-1024x679.jpg 1024w, https:\/\/distribution.audio-technica.eu\/app\/uploads\/sites\/2\/Genelec-S360-Best-Digital_07-200x133.jpg 200w, https:\/\/distribution.audio-technica.eu\/app\/uploads\/sites\/2\/Genelec-S360-Best-Digital_07-400x265.jpg 400w, https:\/\/distribution.audio-technica.eu\/app\/uploads\/sites\/2\/Genelec-S360-Best-Digital_07-600x398.jpg 600w, https:\/\/distribution.audio-technica.eu\/app\/uploads\/sites\/2\/Genelec-S360-Best-Digital_07-800x530.jpg 800w, https:\/\/distribution.audio-technica.eu\/app\/uploads\/sites\/2\/Genelec-S360-Best-Digital_07-1200x795.jpg 1200w, https:\/\/distribution.audio-technica.eu\/app\/uploads\/sites\/2\/Genelec-S360-Best-Digital_07.jpg 1500w\" sizes=\"auto, (max-width: 300px) 100vw, 300px\" \/>\n\t\t\t<\/div><\/figure><figure class='gallery-item'>\n\t\t\t<div class='gallery-icon landscape'>\n\t\t\t\t<img loading=\"lazy\" decoding=\"async\" width=\"300\" height=\"199\" src=\"\/app\/uploads\/sites\/2\/Genelec-S360-Best-Digital_06-300x199.jpg\" class=\"attachment-medium size-medium\" alt=\"\" srcset=\"https:\/\/distribution.audio-technica.eu\/app\/uploads\/sites\/2\/Genelec-S360-Best-Digital_06-300x199.jpg 300w, https:\/\/distribution.audio-technica.eu\/app\/uploads\/sites\/2\/Genelec-S360-Best-Digital_06-768x509.jpg 768w, https:\/\/distribution.audio-technica.eu\/app\/uploads\/sites\/2\/Genelec-S360-Best-Digital_06-1024x679.jpg 1024w, https:\/\/distribution.audio-technica.eu\/app\/uploads\/sites\/2\/Genelec-S360-Best-Digital_06-200x133.jpg 200w, https:\/\/distribution.audio-technica.eu\/app\/uploads\/sites\/2\/Genelec-S360-Best-Digital_06-400x265.jpg 400w, https:\/\/distribution.audio-technica.eu\/app\/uploads\/sites\/2\/Genelec-S360-Best-Digital_06-600x398.jpg 600w, https:\/\/distribution.audio-technica.eu\/app\/uploads\/sites\/2\/Genelec-S360-Best-Digital_06-800x530.jpg 800w, https:\/\/distribution.audio-technica.eu\/app\/uploads\/sites\/2\/Genelec-S360-Best-Digital_06-1200x795.jpg 1200w, https:\/\/distribution.audio-technica.eu\/app\/uploads\/sites\/2\/Genelec-S360-Best-Digital_06.jpg 1500w\" sizes=\"auto, (max-width: 300px) 100vw, 300px\" \/>\n\t\t\t<\/div><\/figure><figure class='gallery-item'>\n\t\t\t<div class='gallery-icon landscape'>\n\t\t\t\t<img loading=\"lazy\" decoding=\"async\" width=\"300\" height=\"199\" src=\"\/app\/uploads\/sites\/2\/Genelec-S360-Best-Digital_05-300x199.jpg\" class=\"attachment-medium size-medium\" alt=\"\" srcset=\"https:\/\/distribution.audio-technica.eu\/app\/uploads\/sites\/2\/Genelec-S360-Best-Digital_05-300x199.jpg 300w, https:\/\/distribution.audio-technica.eu\/app\/uploads\/sites\/2\/Genelec-S360-Best-Digital_05-768x508.jpg 768w, https:\/\/distribution.audio-technica.eu\/app\/uploads\/sites\/2\/Genelec-S360-Best-Digital_05-1024x678.jpg 1024w, https:\/\/distribution.audio-technica.eu\/app\/uploads\/sites\/2\/Genelec-S360-Best-Digital_05-200x132.jpg 200w, https:\/\/distribution.audio-technica.eu\/app\/uploads\/sites\/2\/Genelec-S360-Best-Digital_05-400x265.jpg 400w, https:\/\/distribution.audio-technica.eu\/app\/uploads\/sites\/2\/Genelec-S360-Best-Digital_05-600x397.jpg 600w, https:\/\/distribution.audio-technica.eu\/app\/uploads\/sites\/2\/Genelec-S360-Best-Digital_05-800x530.jpg 800w, https:\/\/distribution.audio-technica.eu\/app\/uploads\/sites\/2\/Genelec-S360-Best-Digital_05-1200x794.jpg 1200w, https:\/\/distribution.audio-technica.eu\/app\/uploads\/sites\/2\/Genelec-S360-Best-Digital_05.jpg 1500w\" sizes=\"auto, (max-width: 300px) 100vw, 300px\" \/>\n\t\t\t<\/div><\/figure><figure class='gallery-item'>\n\t\t\t<div class='gallery-icon landscape'>\n\t\t\t\t<img loading=\"lazy\" decoding=\"async\" width=\"300\" height=\"199\" src=\"\/app\/uploads\/sites\/2\/Genelec-S360-Best-Digital_04-300x199.jpg\" class=\"attachment-medium size-medium\" alt=\"\" srcset=\"https:\/\/distribution.audio-technica.eu\/app\/uploads\/sites\/2\/Genelec-S360-Best-Digital_04-300x199.jpg 300w, https:\/\/distribution.audio-technica.eu\/app\/uploads\/sites\/2\/Genelec-S360-Best-Digital_04-768x509.jpg 768w, https:\/\/distribution.audio-technica.eu\/app\/uploads\/sites\/2\/Genelec-S360-Best-Digital_04-1024x679.jpg 1024w, https:\/\/distribution.audio-technica.eu\/app\/uploads\/sites\/2\/Genelec-S360-Best-Digital_04-200x133.jpg 200w, https:\/\/distribution.audio-technica.eu\/app\/uploads\/sites\/2\/Genelec-S360-Best-Digital_04-400x265.jpg 400w, https:\/\/distribution.audio-technica.eu\/app\/uploads\/sites\/2\/Genelec-S360-Best-Digital_04-600x398.jpg 600w, https:\/\/distribution.audio-technica.eu\/app\/uploads\/sites\/2\/Genelec-S360-Best-Digital_04-800x530.jpg 800w, https:\/\/distribution.audio-technica.eu\/app\/uploads\/sites\/2\/Genelec-S360-Best-Digital_04-1200x795.jpg 1200w, https:\/\/distribution.audio-technica.eu\/app\/uploads\/sites\/2\/Genelec-S360-Best-Digital_04.jpg 1500w\" sizes=\"auto, (max-width: 300px) 100vw, 300px\" \/>\n\t\t\t<\/div><\/figure><figure class='gallery-item'>\n\t\t\t<div class='gallery-icon landscape'>\n\t\t\t\t<img loading=\"lazy\" decoding=\"async\" width=\"300\" height=\"199\" src=\"\/app\/uploads\/sites\/2\/Genelec-S360-Best-Digital_01-300x199.jpg\" class=\"attachment-medium size-medium\" alt=\"\" srcset=\"https:\/\/distribution.audio-technica.eu\/app\/uploads\/sites\/2\/Genelec-S360-Best-Digital_01-300x199.jpg 300w, https:\/\/distribution.audio-technica.eu\/app\/uploads\/sites\/2\/Genelec-S360-Best-Digital_01-768x509.jpg 768w, https:\/\/distribution.audio-technica.eu\/app\/uploads\/sites\/2\/Genelec-S360-Best-Digital_01-1024x679.jpg 1024w, https:\/\/distribution.audio-technica.eu\/app\/uploads\/sites\/2\/Genelec-S360-Best-Digital_01-200x133.jpg 200w, https:\/\/distribution.audio-technica.eu\/app\/uploads\/sites\/2\/Genelec-S360-Best-Digital_01-400x265.jpg 400w, https:\/\/distribution.audio-technica.eu\/app\/uploads\/sites\/2\/Genelec-S360-Best-Digital_01-600x398.jpg 600w, https:\/\/distribution.audio-technica.eu\/app\/uploads\/sites\/2\/Genelec-S360-Best-Digital_01-800x530.jpg 800w, https:\/\/distribution.audio-technica.eu\/app\/uploads\/sites\/2\/Genelec-S360-Best-Digital_01-1200x795.jpg 1200w, https:\/\/distribution.audio-technica.eu\/app\/uploads\/sites\/2\/Genelec-S360-Best-Digital_01.jpg 1500w\" sizes=\"auto, (max-width: 300px) 100vw, 300px\" \/>\n\t\t\t<\/div><\/figure>\n\t\t<\/div>\n\n<p>La presentaci\u00f3n fue transmitida por\u00a0<strong>Facebook Live<\/strong>\u00a0y puede verse de nuevo, en el siguiente enlace:<br \/>\n<a href=\"https:\/\/www.facebook.com\/Genelec\/videos\/431915220725075\/\">https:\/\/www.facebook.com\/Genelec\/videos\/431915220725075\/<\/a><\/p>\n<p><a href=\"https:\/\/distribution.audio-technica.eu\/es\/product\/s360-sam\/\">M\u00e1s informaci\u00f3n sobre los monitores S360 de Genelec<\/a><\/p>\n","protected":false},"excerpt":{"rendered":"<p>Audio-Technica Iberia, distribuidor exclusivo de los productos profesionales de Genelec en Espa\u00f1a, eligi\u00f3 el estudio de cine Best Digital como emplazamiento para mostrar por primera vez los nuevos monitores S360 de la marca finlandesa. Por sus singulares caracter\u00edsticas, tales como un volumen de 500 m3 y una pantalla de proyecci\u00f3n de 25 m2, que se [&hellip;]<\/p>\n","protected":false},"author":2,"featured_media":17170,"comment_status":"closed","ping_status":"closed","sticky":false,"template":"","format":"standard","meta":{"_acf_changed":false,"footnotes":""},"categories":[2458,2461,2456],"tags":[2022,1564,2079,2046],"class_list":["post-17159","post","type-post","status-publish","format-standard","has-post-thumbnail","hentry","category-eventos","category-noticias","category-novedades","tag-cine","tag-estudio","tag-presentacion","tag-s360"],"acf":[],"yoast_head":"<!-- This site is optimized with the Yoast SEO plugin v27.1.1 - https:\/\/yoast.com\/product\/yoast-seo-wordpress\/ -->\n<title>Se presentan los nuevos monitores Genelec S360 en Best Digital - Audio-Technica Iberia<\/title>\n<meta name=\"robots\" content=\"index, follow, max-snippet:-1, max-image-preview:large, max-video-preview:-1\" \/>\n<link rel=\"canonical\" href=\"https:\/\/distribution.audio-technica.eu\/es-es\/noticias\/se-presentan-los-nuevos-monitores-genelec-s360-en-best-digital\/\" \/>\n<meta property=\"og:locale\" content=\"es_ES\" \/>\n<meta property=\"og:type\" content=\"article\" \/>\n<meta property=\"og:title\" content=\"Se presentan los nuevos monitores Genelec S360 en Best Digital - Audio-Technica Iberia\" \/>\n<meta property=\"og:description\" content=\"Audio-Technica Iberia, distribuidor exclusivo de los productos profesionales de Genelec en Espa\u00f1a, eligi\u00f3 el estudio de cine Best Digital como emplazamiento para mostrar por primera vez los nuevos monitores S360 de la marca finlandesa. Por sus singulares caracter\u00edsticas, tales como un volumen de 500 m3 y una pantalla de proyecci\u00f3n de 25 m2, que se [&hellip;]\" \/>\n<meta property=\"og:url\" content=\"https:\/\/distribution.audio-technica.eu\/es-es\/noticias\/se-presentan-los-nuevos-monitores-genelec-s360-en-best-digital\/\" \/>\n<meta property=\"og:site_name\" content=\"Audio-Technica Iberia\" \/>\n<meta property=\"article:published_time\" content=\"2019-06-17T16:26:31+00:00\" \/>\n<meta property=\"article:modified_time\" content=\"2023-09-13T16:22:27+00:00\" \/>\n<meta property=\"og:image\" content=\"https:\/\/distribution.audio-technica.eu\/app\/uploads\/sites\/2\/Genelec-S360-Best-Digital_banner.jpg\" \/>\n\t<meta property=\"og:image:width\" content=\"640\" \/>\n\t<meta property=\"og:image:height\" content=\"360\" \/>\n\t<meta property=\"og:image:type\" content=\"image\/jpeg\" \/>\n<meta name=\"author\" content=\"ctorras\" \/>\n<meta name=\"twitter:card\" content=\"summary_large_image\" \/>\n<meta name=\"twitter:label1\" content=\"Escrito por\" \/>\n\t<meta name=\"twitter:data1\" content=\"ctorras\" \/>\n\t<meta name=\"twitter:label2\" content=\"Tiempo de lectura\" \/>\n\t<meta name=\"twitter:data2\" content=\"3 minutos\" \/>\n<script type=\"application\/ld+json\" class=\"yoast-schema-graph\">{\"@context\":\"https:\/\/schema.org\",\"@graph\":[{\"@type\":\"Article\",\"@id\":\"https:\/\/distribution.audio-technica.eu\/es-es\/noticias\/se-presentan-los-nuevos-monitores-genelec-s360-en-best-digital\/#article\",\"isPartOf\":{\"@id\":\"https:\/\/distribution.audio-technica.eu\/es-es\/noticias\/se-presentan-los-nuevos-monitores-genelec-s360-en-best-digital\/\"},\"author\":{\"name\":\"ctorras\",\"@id\":\"https:\/\/distribution.audio-technica.eu\/es-es\/#\/schema\/person\/dbf0d33217ceab6329b4c3144742f2fb\"},\"headline\":\"Se presentan los nuevos monitores Genelec S360 en Best Digital\",\"datePublished\":\"2019-06-17T16:26:31+00:00\",\"dateModified\":\"2023-09-13T16:22:27+00:00\",\"mainEntityOfPage\":{\"@id\":\"https:\/\/distribution.audio-technica.eu\/es-es\/noticias\/se-presentan-los-nuevos-monitores-genelec-s360-en-best-digital\/\"},\"wordCount\":507,\"image\":{\"@id\":\"https:\/\/distribution.audio-technica.eu\/es-es\/noticias\/se-presentan-los-nuevos-monitores-genelec-s360-en-best-digital\/#primaryimage\"},\"thumbnailUrl\":\"\/app\/uploads\/sites\/2\/Genelec-S360-Best-Digital_banner.jpg\",\"keywords\":[\"cine\",\"Estudio\",\"Presentaci\u00f3n\",\"S360\"],\"articleSection\":[\"Eventos\",\"Noticias\",\"Novedades\"],\"inLanguage\":\"es\"},{\"@type\":\"WebPage\",\"@id\":\"https:\/\/distribution.audio-technica.eu\/es-es\/noticias\/se-presentan-los-nuevos-monitores-genelec-s360-en-best-digital\/\",\"url\":\"https:\/\/distribution.audio-technica.eu\/es-es\/noticias\/se-presentan-los-nuevos-monitores-genelec-s360-en-best-digital\/\",\"name\":\"Se presentan los nuevos monitores Genelec S360 en Best Digital - Audio-Technica Iberia\",\"isPartOf\":{\"@id\":\"https:\/\/distribution.audio-technica.eu\/es-es\/#website\"},\"primaryImageOfPage\":{\"@id\":\"https:\/\/distribution.audio-technica.eu\/es-es\/noticias\/se-presentan-los-nuevos-monitores-genelec-s360-en-best-digital\/#primaryimage\"},\"image\":{\"@id\":\"https:\/\/distribution.audio-technica.eu\/es-es\/noticias\/se-presentan-los-nuevos-monitores-genelec-s360-en-best-digital\/#primaryimage\"},\"thumbnailUrl\":\"\/app\/uploads\/sites\/2\/Genelec-S360-Best-Digital_banner.jpg\",\"datePublished\":\"2019-06-17T16:26:31+00:00\",\"dateModified\":\"2023-09-13T16:22:27+00:00\",\"author\":{\"@id\":\"https:\/\/distribution.audio-technica.eu\/es-es\/#\/schema\/person\/dbf0d33217ceab6329b4c3144742f2fb\"},\"breadcrumb\":{\"@id\":\"https:\/\/distribution.audio-technica.eu\/es-es\/noticias\/se-presentan-los-nuevos-monitores-genelec-s360-en-best-digital\/#breadcrumb\"},\"inLanguage\":\"es\",\"potentialAction\":[{\"@type\":\"ReadAction\",\"target\":[\"https:\/\/distribution.audio-technica.eu\/es-es\/noticias\/se-presentan-los-nuevos-monitores-genelec-s360-en-best-digital\/\"]}]},{\"@type\":\"ImageObject\",\"inLanguage\":\"es\",\"@id\":\"https:\/\/distribution.audio-technica.eu\/es-es\/noticias\/se-presentan-los-nuevos-monitores-genelec-s360-en-best-digital\/#primaryimage\",\"url\":\"\/app\/uploads\/sites\/2\/Genelec-S360-Best-Digital_banner.jpg\",\"contentUrl\":\"\/app\/uploads\/sites\/2\/Genelec-S360-Best-Digital_banner.jpg\",\"width\":640,\"height\":360},{\"@type\":\"BreadcrumbList\",\"@id\":\"https:\/\/distribution.audio-technica.eu\/es-es\/noticias\/se-presentan-los-nuevos-monitores-genelec-s360-en-best-digital\/#breadcrumb\",\"itemListElement\":[{\"@type\":\"ListItem\",\"position\":1,\"name\":\"Products\",\"item\":\"https:\/\/distribution.audio-technica.eu\/es-es\/\"},{\"@type\":\"ListItem\",\"position\":2,\"name\":\"Se presentan los nuevos monitores Genelec S360 en Best Digital\"}]},{\"@type\":\"WebSite\",\"@id\":\"https:\/\/distribution.audio-technica.eu\/es-es\/#website\",\"url\":\"https:\/\/distribution.audio-technica.eu\/es-es\/\",\"name\":\"Audio-Technica Iberia\",\"description\":\"Distribuci\u00f3n\",\"potentialAction\":[{\"@type\":\"SearchAction\",\"target\":{\"@type\":\"EntryPoint\",\"urlTemplate\":\"https:\/\/distribution.audio-technica.eu\/es-es\/?s={search_term_string}\"},\"query-input\":{\"@type\":\"PropertyValueSpecification\",\"valueRequired\":true,\"valueName\":\"search_term_string\"}}],\"inLanguage\":\"es\"},{\"@type\":\"Person\",\"@id\":\"https:\/\/distribution.audio-technica.eu\/es-es\/#\/schema\/person\/dbf0d33217ceab6329b4c3144742f2fb\",\"name\":\"ctorras\"}]}<\/script>\n<!-- \/ Yoast SEO plugin. -->","yoast_head_json":{"title":"Se presentan los nuevos monitores Genelec S360 en Best Digital - Audio-Technica Iberia","robots":{"index":"index","follow":"follow","max-snippet":"max-snippet:-1","max-image-preview":"max-image-preview:large","max-video-preview":"max-video-preview:-1"},"canonical":"https:\/\/distribution.audio-technica.eu\/es-es\/noticias\/se-presentan-los-nuevos-monitores-genelec-s360-en-best-digital\/","og_locale":"es_ES","og_type":"article","og_title":"Se presentan los nuevos monitores Genelec S360 en Best Digital - Audio-Technica Iberia","og_description":"Audio-Technica Iberia, distribuidor exclusivo de los productos profesionales de Genelec en Espa\u00f1a, eligi\u00f3 el estudio de cine Best Digital como emplazamiento para mostrar por primera vez los nuevos monitores S360 de la marca finlandesa. Por sus singulares caracter\u00edsticas, tales como un volumen de 500 m3 y una pantalla de proyecci\u00f3n de 25 m2, que se [&hellip;]","og_url":"https:\/\/distribution.audio-technica.eu\/es-es\/noticias\/se-presentan-los-nuevos-monitores-genelec-s360-en-best-digital\/","og_site_name":"Audio-Technica Iberia","article_published_time":"2019-06-17T16:26:31+00:00","article_modified_time":"2023-09-13T16:22:27+00:00","og_image":[{"width":640,"height":360,"url":"https:\/\/distribution.audio-technica.eu\/app\/uploads\/sites\/2\/Genelec-S360-Best-Digital_banner.jpg","type":"image\/jpeg"}],"author":"ctorras","twitter_card":"summary_large_image","twitter_misc":{"Escrito por":"ctorras","Tiempo de lectura":"3 minutos"},"schema":{"@context":"https:\/\/schema.org","@graph":[{"@type":"Article","@id":"https:\/\/distribution.audio-technica.eu\/es-es\/noticias\/se-presentan-los-nuevos-monitores-genelec-s360-en-best-digital\/#article","isPartOf":{"@id":"https:\/\/distribution.audio-technica.eu\/es-es\/noticias\/se-presentan-los-nuevos-monitores-genelec-s360-en-best-digital\/"},"author":{"name":"ctorras","@id":"https:\/\/distribution.audio-technica.eu\/es-es\/#\/schema\/person\/dbf0d33217ceab6329b4c3144742f2fb"},"headline":"Se presentan los nuevos monitores Genelec S360 en Best Digital","datePublished":"2019-06-17T16:26:31+00:00","dateModified":"2023-09-13T16:22:27+00:00","mainEntityOfPage":{"@id":"https:\/\/distribution.audio-technica.eu\/es-es\/noticias\/se-presentan-los-nuevos-monitores-genelec-s360-en-best-digital\/"},"wordCount":507,"image":{"@id":"https:\/\/distribution.audio-technica.eu\/es-es\/noticias\/se-presentan-los-nuevos-monitores-genelec-s360-en-best-digital\/#primaryimage"},"thumbnailUrl":"\/app\/uploads\/sites\/2\/Genelec-S360-Best-Digital_banner.jpg","keywords":["cine","Estudio","Presentaci\u00f3n","S360"],"articleSection":["Eventos","Noticias","Novedades"],"inLanguage":"es"},{"@type":"WebPage","@id":"https:\/\/distribution.audio-technica.eu\/es-es\/noticias\/se-presentan-los-nuevos-monitores-genelec-s360-en-best-digital\/","url":"https:\/\/distribution.audio-technica.eu\/es-es\/noticias\/se-presentan-los-nuevos-monitores-genelec-s360-en-best-digital\/","name":"Se presentan los nuevos monitores Genelec S360 en Best Digital - Audio-Technica Iberia","isPartOf":{"@id":"https:\/\/distribution.audio-technica.eu\/es-es\/#website"},"primaryImageOfPage":{"@id":"https:\/\/distribution.audio-technica.eu\/es-es\/noticias\/se-presentan-los-nuevos-monitores-genelec-s360-en-best-digital\/#primaryimage"},"image":{"@id":"https:\/\/distribution.audio-technica.eu\/es-es\/noticias\/se-presentan-los-nuevos-monitores-genelec-s360-en-best-digital\/#primaryimage"},"thumbnailUrl":"\/app\/uploads\/sites\/2\/Genelec-S360-Best-Digital_banner.jpg","datePublished":"2019-06-17T16:26:31+00:00","dateModified":"2023-09-13T16:22:27+00:00","author":{"@id":"https:\/\/distribution.audio-technica.eu\/es-es\/#\/schema\/person\/dbf0d33217ceab6329b4c3144742f2fb"},"breadcrumb":{"@id":"https:\/\/distribution.audio-technica.eu\/es-es\/noticias\/se-presentan-los-nuevos-monitores-genelec-s360-en-best-digital\/#breadcrumb"},"inLanguage":"es","potentialAction":[{"@type":"ReadAction","target":["https:\/\/distribution.audio-technica.eu\/es-es\/noticias\/se-presentan-los-nuevos-monitores-genelec-s360-en-best-digital\/"]}]},{"@type":"ImageObject","inLanguage":"es","@id":"https:\/\/distribution.audio-technica.eu\/es-es\/noticias\/se-presentan-los-nuevos-monitores-genelec-s360-en-best-digital\/#primaryimage","url":"\/app\/uploads\/sites\/2\/Genelec-S360-Best-Digital_banner.jpg","contentUrl":"\/app\/uploads\/sites\/2\/Genelec-S360-Best-Digital_banner.jpg","width":640,"height":360},{"@type":"BreadcrumbList","@id":"https:\/\/distribution.audio-technica.eu\/es-es\/noticias\/se-presentan-los-nuevos-monitores-genelec-s360-en-best-digital\/#breadcrumb","itemListElement":[{"@type":"ListItem","position":1,"name":"Products","item":"https:\/\/distribution.audio-technica.eu\/es-es\/"},{"@type":"ListItem","position":2,"name":"Se presentan los nuevos monitores Genelec S360 en Best Digital"}]},{"@type":"WebSite","@id":"https:\/\/distribution.audio-technica.eu\/es-es\/#website","url":"https:\/\/distribution.audio-technica.eu\/es-es\/","name":"Audio-Technica Iberia","description":"Distribuci\u00f3n","potentialAction":[{"@type":"SearchAction","target":{"@type":"EntryPoint","urlTemplate":"https:\/\/distribution.audio-technica.eu\/es-es\/?s={search_term_string}"},"query-input":{"@type":"PropertyValueSpecification","valueRequired":true,"valueName":"search_term_string"}}],"inLanguage":"es"},{"@type":"Person","@id":"https:\/\/distribution.audio-technica.eu\/es-es\/#\/schema\/person\/dbf0d33217ceab6329b4c3144742f2fb","name":"ctorras"}]}},"_links":{"self":[{"href":"https:\/\/distribution.audio-technica.eu\/es-es\/wp-json\/wp\/v2\/posts\/17159","targetHints":{"allow":["GET"]}}],"collection":[{"href":"https:\/\/distribution.audio-technica.eu\/es-es\/wp-json\/wp\/v2\/posts"}],"about":[{"href":"https:\/\/distribution.audio-technica.eu\/es-es\/wp-json\/wp\/v2\/types\/post"}],"author":[{"embeddable":true,"href":"https:\/\/distribution.audio-technica.eu\/es-es\/wp-json\/wp\/v2\/users\/2"}],"replies":[{"embeddable":true,"href":"https:\/\/distribution.audio-technica.eu\/es-es\/wp-json\/wp\/v2\/comments?post=17159"}],"version-history":[{"count":16,"href":"https:\/\/distribution.audio-technica.eu\/es-es\/wp-json\/wp\/v2\/posts\/17159\/revisions"}],"predecessor-version":[{"id":30680,"href":"https:\/\/distribution.audio-technica.eu\/es-es\/wp-json\/wp\/v2\/posts\/17159\/revisions\/30680"}],"wp:featuredmedia":[{"embeddable":true,"href":"https:\/\/distribution.audio-technica.eu\/es-es\/wp-json\/wp\/v2\/media\/17170"}],"wp:attachment":[{"href":"https:\/\/distribution.audio-technica.eu\/es-es\/wp-json\/wp\/v2\/media?parent=17159"}],"wp:term":[{"taxonomy":"category","embeddable":true,"href":"https:\/\/distribution.audio-technica.eu\/es-es\/wp-json\/wp\/v2\/categories?post=17159"},{"taxonomy":"post_tag","embeddable":true,"href":"https:\/\/distribution.audio-technica.eu\/es-es\/wp-json\/wp\/v2\/tags?post=17159"}],"curies":[{"name":"wp","href":"https:\/\/api.w.org\/{rel}","templated":true}]}}