{"id":17193,"date":"2019-06-19T12:47:09","date_gmt":"2019-06-19T10:47:09","guid":{"rendered":"https:\/\/atdb-production.studiograft.dev\/es\/?p=17193"},"modified":"2023-10-17T18:24:45","modified_gmt":"2023-10-17T16:24:45","slug":"chiara-luzzana-crea-el-sonido-de-costa-cruceros-con-audio-technica","status":"publish","type":"post","link":"https:\/\/distribution.audio-technica.eu\/es-es\/noticias\/chiara-luzzana-crea-el-sonido-de-costa-cruceros-con-audio-technica\/","title":{"rendered":"Chiara Luzzana crea el \u00absonido\u00bb de Costa Cruceros con Audio-Technica"},"content":{"rendered":"<p><a href=\"https:\/\/distribution.audio-technica.eu\/es\/wp-content\/uploads\/sites\/2\/Chiara-Luzzana-Sound-Designer_Costa_Crociere_Soundtrack-011-Verticale-e1564135537919.jpg\"><img loading=\"lazy\" decoding=\"async\" class=\"aligncenter wp-image-17196 size-full\" src=\"\/es\/wp-content\/uploads\/sites\/2\/Chiara-Luzzana-Sound-Designer_Costa_Crociere_Soundtrack-011-Verticale-e1564135537919.jpg\" alt=\"Chiara Luzzana Sound Designer Sound Artist Composer Soundtrack\" width=\"1024\" height=\"1024\" srcset=\"https:\/\/distribution.audio-technica.eu\/app\/uploads\/sites\/2\/Chiara-Luzzana-Sound-Designer_Costa_Crociere_Soundtrack-011-Verticale-e1564135537919.jpg 1024w, https:\/\/distribution.audio-technica.eu\/app\/uploads\/sites\/2\/Chiara-Luzzana-Sound-Designer_Costa_Crociere_Soundtrack-011-Verticale-e1564135537919-150x150.jpg 150w, https:\/\/distribution.audio-technica.eu\/app\/uploads\/sites\/2\/Chiara-Luzzana-Sound-Designer_Costa_Crociere_Soundtrack-011-Verticale-e1564135537919-300x300.jpg 300w, https:\/\/distribution.audio-technica.eu\/app\/uploads\/sites\/2\/Chiara-Luzzana-Sound-Designer_Costa_Crociere_Soundtrack-011-Verticale-e1564135537919-768x768.jpg 768w, https:\/\/distribution.audio-technica.eu\/app\/uploads\/sites\/2\/Chiara-Luzzana-Sound-Designer_Costa_Crociere_Soundtrack-011-Verticale-e1564135537919-66x66.jpg 66w, https:\/\/distribution.audio-technica.eu\/app\/uploads\/sites\/2\/Chiara-Luzzana-Sound-Designer_Costa_Crociere_Soundtrack-011-Verticale-e1564135537919-600x600.jpg 600w, https:\/\/distribution.audio-technica.eu\/app\/uploads\/sites\/2\/Chiara-Luzzana-Sound-Designer_Costa_Crociere_Soundtrack-011-Verticale-e1564135537919-100x100.jpg 100w, https:\/\/distribution.audio-technica.eu\/app\/uploads\/sites\/2\/Chiara-Luzzana-Sound-Designer_Costa_Crociere_Soundtrack-011-Verticale-e1564135537919-200x200.jpg 200w, https:\/\/distribution.audio-technica.eu\/app\/uploads\/sites\/2\/Chiara-Luzzana-Sound-Designer_Costa_Crociere_Soundtrack-011-Verticale-e1564135537919-400x400.jpg 400w, https:\/\/distribution.audio-technica.eu\/app\/uploads\/sites\/2\/Chiara-Luzzana-Sound-Designer_Costa_Crociere_Soundtrack-011-Verticale-e1564135537919-800x800.jpg 800w\" sizes=\"auto, (max-width: 1024px) 100vw, 1024px\" \/><\/a><\/p>\n<p>La compositora, artista y dise\u00f1adora de sonido Chiara Luzzana\u00a0ha trabajado con la compa\u00f1\u00eda Costa Cruceros para crear el \u00absonido\u00bb de esta naviera, haciendo una pieza musical compuesta completamente de sonidos grabados en uno de sus barcos.<\/p>\n<p>Chiara Luzzana ya hab\u00eda utilizado microfon\u00eda de Audio-Technica en anteriores proyectos como \u00abThe Sound of City\u00bb o \u00abThe Sound of Italy\u00bb.<\/p>\n<p><a href=\"https:\/\/distribution.audio-technica.eu\/es\/wp-content\/uploads\/sites\/2\/Venecia_WP.jpg\"><img loading=\"lazy\" decoding=\"async\" class=\"alignnone wp-image-17195 size-800\" src=\"\/es\/wp-content\/uploads\/sites\/2\/Venecia_WP-800x533.jpg\" alt=\"\" width=\"800\" height=\"533\" srcset=\"https:\/\/distribution.audio-technica.eu\/app\/uploads\/sites\/2\/Venecia_WP-800x533.jpg 800w, https:\/\/distribution.audio-technica.eu\/app\/uploads\/sites\/2\/Venecia_WP-300x200.jpg 300w, https:\/\/distribution.audio-technica.eu\/app\/uploads\/sites\/2\/Venecia_WP-768x512.jpg 768w, https:\/\/distribution.audio-technica.eu\/app\/uploads\/sites\/2\/Venecia_WP-1024x683.jpg 1024w, https:\/\/distribution.audio-technica.eu\/app\/uploads\/sites\/2\/Venecia_WP-200x133.jpg 200w, https:\/\/distribution.audio-technica.eu\/app\/uploads\/sites\/2\/Venecia_WP-400x267.jpg 400w, https:\/\/distribution.audio-technica.eu\/app\/uploads\/sites\/2\/Venecia_WP-600x400.jpg 600w, https:\/\/distribution.audio-technica.eu\/app\/uploads\/sites\/2\/Venecia_WP-1200x800.jpg 1200w, https:\/\/distribution.audio-technica.eu\/app\/uploads\/sites\/2\/Venecia_WP.jpg 1500w\" sizes=\"auto, (max-width: 800px) 100vw, 800px\" \/><\/a><\/p>\n<p>Para \u00abThe Sound of City\u00bb Chiara viaj\u00f3 a Nueva York, Shanghai, Tokio, Venecia, Mil\u00e1n y Zurich creando pistas de sonido a partir de \u00absonidos de la ciudad\u00bb.<\/p>\n<p>Posteriormente, para grabar el siguiente proyecto, \u00abThe Sound of Italy\u00bb, visit\u00f3 G\u00e9nova, Roma, N\u00e1poles, Matera, Cagliari, Palermo, Trento, Tur\u00edn, Trieste y Florencia. A partir de este trabajo ha producido un \u00e1lbum LP, un documental de 80 minutos en Netflix, una gira en directo y una instalaci\u00f3n de arte como parte de la Milan Design Week.<\/p>\n<p><a href=\"https:\/\/distribution.audio-technica.eu\/es\/wp-content\/uploads\/sites\/2\/Chiara-Luzzana-Sound-Designer_Costa_Crociere_Soundtrack-027-Verticale.jpg\"><img loading=\"lazy\" decoding=\"async\" class=\"wp-image-17197 alignnone\" src=\"\/es\/wp-content\/uploads\/sites\/2\/Chiara-Luzzana-Sound-Designer_Costa_Crociere_Soundtrack-027-Verticale-200x250.jpg\" alt=\"Chiara Luzzana - Costa Crociere Soundtrack - Directed by Chiara Luzzana \u00a9 2019 - www.chiaraluzzana.com\" width=\"385\" height=\"481\" srcset=\"https:\/\/distribution.audio-technica.eu\/app\/uploads\/sites\/2\/Chiara-Luzzana-Sound-Designer_Costa_Crociere_Soundtrack-027-Verticale-200x250.jpg 200w, https:\/\/distribution.audio-technica.eu\/app\/uploads\/sites\/2\/Chiara-Luzzana-Sound-Designer_Costa_Crociere_Soundtrack-027-Verticale-240x300.jpg 240w, https:\/\/distribution.audio-technica.eu\/app\/uploads\/sites\/2\/Chiara-Luzzana-Sound-Designer_Costa_Crociere_Soundtrack-027-Verticale-768x960.jpg 768w, https:\/\/distribution.audio-technica.eu\/app\/uploads\/sites\/2\/Chiara-Luzzana-Sound-Designer_Costa_Crociere_Soundtrack-027-Verticale-819x1024.jpg 819w, https:\/\/distribution.audio-technica.eu\/app\/uploads\/sites\/2\/Chiara-Luzzana-Sound-Designer_Costa_Crociere_Soundtrack-027-Verticale-400x500.jpg 400w, https:\/\/distribution.audio-technica.eu\/app\/uploads\/sites\/2\/Chiara-Luzzana-Sound-Designer_Costa_Crociere_Soundtrack-027-Verticale-600x750.jpg 600w, https:\/\/distribution.audio-technica.eu\/app\/uploads\/sites\/2\/Chiara-Luzzana-Sound-Designer_Costa_Crociere_Soundtrack-027-Verticale-800x1000.jpg 800w, https:\/\/distribution.audio-technica.eu\/app\/uploads\/sites\/2\/Chiara-Luzzana-Sound-Designer_Costa_Crociere_Soundtrack-027-Verticale.jpg 1006w\" sizes=\"auto, (max-width: 385px) 100vw, 385px\" \/><\/a><a href=\"https:\/\/distribution.audio-technica.eu\/es\/wp-content\/uploads\/sites\/2\/Chiara-Luzzana-Sound-Designer_Costa_Crociere_Soundtrack-022-Verticale.jpg\"><img loading=\"lazy\" decoding=\"async\" class=\"alignright wp-image-18137\" src=\"\/es\/wp-content\/uploads\/sites\/2\/Chiara-Luzzana-Sound-Designer_Costa_Crociere_Soundtrack-022-Verticale-200x250.jpg\" alt=\"Chiara Luzzana - Costa Crociere Soundtrack - Directed by Chiara Luzzana \u00a9 2019 - www.chiaraluzzana.com\" width=\"385\" height=\"482\" srcset=\"https:\/\/distribution.audio-technica.eu\/app\/uploads\/sites\/2\/Chiara-Luzzana-Sound-Designer_Costa_Crociere_Soundtrack-022-Verticale-200x250.jpg 200w, https:\/\/distribution.audio-technica.eu\/app\/uploads\/sites\/2\/Chiara-Luzzana-Sound-Designer_Costa_Crociere_Soundtrack-022-Verticale-120x150.jpg 120w, https:\/\/distribution.audio-technica.eu\/app\/uploads\/sites\/2\/Chiara-Luzzana-Sound-Designer_Costa_Crociere_Soundtrack-022-Verticale-240x300.jpg 240w, https:\/\/distribution.audio-technica.eu\/app\/uploads\/sites\/2\/Chiara-Luzzana-Sound-Designer_Costa_Crociere_Soundtrack-022-Verticale-768x961.jpg 768w, https:\/\/distribution.audio-technica.eu\/app\/uploads\/sites\/2\/Chiara-Luzzana-Sound-Designer_Costa_Crociere_Soundtrack-022-Verticale-400x501.jpg 400w, https:\/\/distribution.audio-technica.eu\/app\/uploads\/sites\/2\/Chiara-Luzzana-Sound-Designer_Costa_Crociere_Soundtrack-022-Verticale-600x751.jpg 600w, https:\/\/distribution.audio-technica.eu\/app\/uploads\/sites\/2\/Chiara-Luzzana-Sound-Designer_Costa_Crociere_Soundtrack-022-Verticale.jpg 796w\" sizes=\"auto, (max-width: 385px) 100vw, 385px\" \/><\/a><\/p>\n<p><span style=\"font-size: 16px\">Para este nuevo proyecto con Costa Cruceros, Chiara volvi\u00f3 a confiar en los productos de Audio-Technica, utilizando en sus grabaciones micr\u00f3fonos como el <a href=\"https:\/\/eu.audio-technica.com\/microphones\/shotgun\/AT897?lang=es\" target=\"_blank\" rel=\"noopener\">AT897<\/a>, una pareja de <a href=\"https:\/\/eu.audio-technica.com\/microphones\/microphones-by-series\/pro-series\/PRO37?lang=es\" target=\"_blank\" rel=\"noopener\">PRO37<\/a> y monitorizaci\u00f3n in-ear <a href=\"https:\/\/eu.audio-technica.com\/headphones\/in-ear\/ATH-E50?lang=es\" target=\"_blank\" rel=\"noopener\">ATH-E50<\/a>, todos los cuales pueden apreciarse en el siguiente v\u00eddeo:<\/span><\/p>\n<p>[fusion_youtube id=\u00bbpyAxdTdnZNo\u00bb alignment=\u00bb\u00bb width=\u00bb800&#8243; height=\u00bb\u00bb autoplay=\u00bbfalse\u00bb api_params=\u00bb\u00bb hide_on_mobile=\u00bbsmall-visibility,medium-visibility,large-visibility\u00bb class=\u00bb\u00bb][\/fusion_youtube]<\/p>\n<p>&nbsp;<\/p>\n<p>M\u00e1s informaci\u00f3n sobre\u00a0Chiara Luzzana en <a href=\"https:\/\/chiaraluzzana.com\/\" target=\"_blank\" rel=\"noopener\">chiaraluzzana.com<\/a><\/p>\n","protected":false},"excerpt":{"rendered":"<p>La compositora, artista y dise\u00f1adora de sonido Chiara Luzzana\u00a0ha trabajado con la compa\u00f1\u00eda Costa Cruceros para crear el \u00absonido\u00bb de esta naviera, haciendo una pieza musical compuesta completamente de sonidos grabados en uno de sus barcos. Chiara Luzzana ya hab\u00eda utilizado microfon\u00eda de Audio-Technica en anteriores proyectos como \u00abThe Sound of City\u00bb o \u00abThe Sound [&hellip;]<\/p>\n","protected":false},"author":2,"featured_media":17198,"comment_status":"closed","ping_status":"closed","sticky":false,"template":"","format":"standard","meta":{"_acf_changed":false,"footnotes":""},"categories":[1821],"tags":[2080,1968],"class_list":["post-17193","post","type-post","status-publish","format-standard","has-post-thumbnail","hentry","category-artistas","tag-grabacion-exteriores","tag-microfonia"],"acf":[],"yoast_head":"<!-- This site is optimized with the Yoast SEO plugin v27.1.1 - https:\/\/yoast.com\/product\/yoast-seo-wordpress\/ -->\n<title>Chiara Luzzana crea el &quot;sonido&quot; de Costa Cruceros con Audio-Technica - Audio-Technica Iberia<\/title>\n<meta name=\"description\" content=\"La compositora, artista y dise\u00f1adora de sonido Chiara Luzzana\u00a0ha trabajado con la compa\u00f1\u00eda Costa Cruceros para crear el &quot;sonido&quot; de esta naviera, haciendo una pieza musical compuesta completamente de sonidos grabados en uno de sus barcos.\" \/>\n<meta name=\"robots\" content=\"index, follow, max-snippet:-1, max-image-preview:large, max-video-preview:-1\" \/>\n<link rel=\"canonical\" href=\"https:\/\/distribution.audio-technica.eu\/es-es\/noticias\/chiara-luzzana-crea-el-sonido-de-costa-cruceros-con-audio-technica\/\" \/>\n<meta property=\"og:locale\" content=\"es_ES\" \/>\n<meta property=\"og:type\" content=\"article\" \/>\n<meta property=\"og:title\" content=\"Chiara Luzzana crea el &quot;sonido&quot; de Costa Cruceros con Audio-Technica - Audio-Technica Iberia\" \/>\n<meta property=\"og:description\" content=\"La compositora, artista y dise\u00f1adora de sonido Chiara Luzzana\u00a0ha trabajado con la compa\u00f1\u00eda Costa Cruceros para crear el &quot;sonido&quot; de esta naviera, haciendo una pieza musical compuesta completamente de sonidos grabados en uno de sus barcos.\" \/>\n<meta property=\"og:url\" content=\"https:\/\/distribution.audio-technica.eu\/es-es\/noticias\/chiara-luzzana-crea-el-sonido-de-costa-cruceros-con-audio-technica\/\" \/>\n<meta property=\"og:site_name\" content=\"Audio-Technica Iberia\" \/>\n<meta property=\"article:published_time\" content=\"2019-06-19T10:47:09+00:00\" \/>\n<meta property=\"article:modified_time\" content=\"2023-10-17T16:24:45+00:00\" \/>\n<meta property=\"og:image\" content=\"https:\/\/distribution.audio-technica.eu\/app\/uploads\/sites\/2\/Chiara-Luzzana-Sound-Designer_Costa_Crociere_Soundtrack-banner.jpg\" \/>\n\t<meta property=\"og:image:width\" content=\"640\" \/>\n\t<meta property=\"og:image:height\" content=\"360\" \/>\n\t<meta property=\"og:image:type\" content=\"image\/jpeg\" \/>\n<meta name=\"author\" content=\"ctorras\" \/>\n<meta name=\"twitter:card\" content=\"summary_large_image\" \/>\n<meta name=\"twitter:label1\" content=\"Escrito por\" \/>\n\t<meta name=\"twitter:data1\" content=\"ctorras\" \/>\n\t<meta name=\"twitter:label2\" content=\"Tiempo de lectura\" \/>\n\t<meta name=\"twitter:data2\" content=\"1 minuto\" \/>\n<script type=\"application\/ld+json\" class=\"yoast-schema-graph\">{\"@context\":\"https:\/\/schema.org\",\"@graph\":[{\"@type\":\"Article\",\"@id\":\"https:\/\/distribution.audio-technica.eu\/es-es\/noticias\/chiara-luzzana-crea-el-sonido-de-costa-cruceros-con-audio-technica\/#article\",\"isPartOf\":{\"@id\":\"https:\/\/distribution.audio-technica.eu\/es-es\/noticias\/chiara-luzzana-crea-el-sonido-de-costa-cruceros-con-audio-technica\/\"},\"author\":{\"name\":\"ctorras\",\"@id\":\"https:\/\/distribution.audio-technica.eu\/es-es\/#\/schema\/person\/dbf0d33217ceab6329b4c3144742f2fb\"},\"headline\":\"Chiara Luzzana crea el \u00absonido\u00bb de Costa Cruceros con Audio-Technica\",\"datePublished\":\"2019-06-19T10:47:09+00:00\",\"dateModified\":\"2023-10-17T16:24:45+00:00\",\"mainEntityOfPage\":{\"@id\":\"https:\/\/distribution.audio-technica.eu\/es-es\/noticias\/chiara-luzzana-crea-el-sonido-de-costa-cruceros-con-audio-technica\/\"},\"wordCount\":233,\"image\":{\"@id\":\"https:\/\/distribution.audio-technica.eu\/es-es\/noticias\/chiara-luzzana-crea-el-sonido-de-costa-cruceros-con-audio-technica\/#primaryimage\"},\"thumbnailUrl\":\"\/app\/uploads\/sites\/2\/Chiara-Luzzana-Sound-Designer_Costa_Crociere_Soundtrack-banner.jpg\",\"keywords\":[\"Grabaci\u00f3n exteriores\",\"microfonia\"],\"articleSection\":[\"Artistas\"],\"inLanguage\":\"es\"},{\"@type\":\"WebPage\",\"@id\":\"https:\/\/distribution.audio-technica.eu\/es-es\/noticias\/chiara-luzzana-crea-el-sonido-de-costa-cruceros-con-audio-technica\/\",\"url\":\"https:\/\/distribution.audio-technica.eu\/es-es\/noticias\/chiara-luzzana-crea-el-sonido-de-costa-cruceros-con-audio-technica\/\",\"name\":\"Chiara Luzzana crea el \\\"sonido\\\" de Costa Cruceros con Audio-Technica - Audio-Technica Iberia\",\"isPartOf\":{\"@id\":\"https:\/\/distribution.audio-technica.eu\/es-es\/#website\"},\"primaryImageOfPage\":{\"@id\":\"https:\/\/distribution.audio-technica.eu\/es-es\/noticias\/chiara-luzzana-crea-el-sonido-de-costa-cruceros-con-audio-technica\/#primaryimage\"},\"image\":{\"@id\":\"https:\/\/distribution.audio-technica.eu\/es-es\/noticias\/chiara-luzzana-crea-el-sonido-de-costa-cruceros-con-audio-technica\/#primaryimage\"},\"thumbnailUrl\":\"\/app\/uploads\/sites\/2\/Chiara-Luzzana-Sound-Designer_Costa_Crociere_Soundtrack-banner.jpg\",\"datePublished\":\"2019-06-19T10:47:09+00:00\",\"dateModified\":\"2023-10-17T16:24:45+00:00\",\"author\":{\"@id\":\"https:\/\/distribution.audio-technica.eu\/es-es\/#\/schema\/person\/dbf0d33217ceab6329b4c3144742f2fb\"},\"description\":\"La compositora, artista y dise\u00f1adora de sonido Chiara Luzzana\u00a0ha trabajado con la compa\u00f1\u00eda Costa Cruceros para crear el \\\"sonido\\\" de esta naviera, haciendo una pieza musical compuesta completamente de sonidos grabados en uno de sus barcos.\",\"breadcrumb\":{\"@id\":\"https:\/\/distribution.audio-technica.eu\/es-es\/noticias\/chiara-luzzana-crea-el-sonido-de-costa-cruceros-con-audio-technica\/#breadcrumb\"},\"inLanguage\":\"es\",\"potentialAction\":[{\"@type\":\"ReadAction\",\"target\":[\"https:\/\/distribution.audio-technica.eu\/es-es\/noticias\/chiara-luzzana-crea-el-sonido-de-costa-cruceros-con-audio-technica\/\"]}]},{\"@type\":\"ImageObject\",\"inLanguage\":\"es\",\"@id\":\"https:\/\/distribution.audio-technica.eu\/es-es\/noticias\/chiara-luzzana-crea-el-sonido-de-costa-cruceros-con-audio-technica\/#primaryimage\",\"url\":\"\/app\/uploads\/sites\/2\/Chiara-Luzzana-Sound-Designer_Costa_Crociere_Soundtrack-banner.jpg\",\"contentUrl\":\"\/app\/uploads\/sites\/2\/Chiara-Luzzana-Sound-Designer_Costa_Crociere_Soundtrack-banner.jpg\",\"width\":640,\"height\":360,\"caption\":\"Chiara Luzzana Sound Designer Sound Artist Composer Soundtrack\"},{\"@type\":\"BreadcrumbList\",\"@id\":\"https:\/\/distribution.audio-technica.eu\/es-es\/noticias\/chiara-luzzana-crea-el-sonido-de-costa-cruceros-con-audio-technica\/#breadcrumb\",\"itemListElement\":[{\"@type\":\"ListItem\",\"position\":1,\"name\":\"Products\",\"item\":\"https:\/\/distribution.audio-technica.eu\/es-es\/\"},{\"@type\":\"ListItem\",\"position\":2,\"name\":\"Chiara Luzzana crea el \u00absonido\u00bb de Costa Cruceros con Audio-Technica\"}]},{\"@type\":\"WebSite\",\"@id\":\"https:\/\/distribution.audio-technica.eu\/es-es\/#website\",\"url\":\"https:\/\/distribution.audio-technica.eu\/es-es\/\",\"name\":\"Audio-Technica Iberia\",\"description\":\"Distribuci\u00f3n\",\"potentialAction\":[{\"@type\":\"SearchAction\",\"target\":{\"@type\":\"EntryPoint\",\"urlTemplate\":\"https:\/\/distribution.audio-technica.eu\/es-es\/?s={search_term_string}\"},\"query-input\":{\"@type\":\"PropertyValueSpecification\",\"valueRequired\":true,\"valueName\":\"search_term_string\"}}],\"inLanguage\":\"es\"},{\"@type\":\"Person\",\"@id\":\"https:\/\/distribution.audio-technica.eu\/es-es\/#\/schema\/person\/dbf0d33217ceab6329b4c3144742f2fb\",\"name\":\"ctorras\"}]}<\/script>\n<!-- \/ Yoast SEO plugin. -->","yoast_head_json":{"title":"Chiara Luzzana crea el \"sonido\" de Costa Cruceros con Audio-Technica - Audio-Technica Iberia","description":"La compositora, artista y dise\u00f1adora de sonido Chiara Luzzana\u00a0ha trabajado con la compa\u00f1\u00eda Costa Cruceros para crear el \"sonido\" de esta naviera, haciendo una pieza musical compuesta completamente de sonidos grabados en uno de sus barcos.","robots":{"index":"index","follow":"follow","max-snippet":"max-snippet:-1","max-image-preview":"max-image-preview:large","max-video-preview":"max-video-preview:-1"},"canonical":"https:\/\/distribution.audio-technica.eu\/es-es\/noticias\/chiara-luzzana-crea-el-sonido-de-costa-cruceros-con-audio-technica\/","og_locale":"es_ES","og_type":"article","og_title":"Chiara Luzzana crea el \"sonido\" de Costa Cruceros con Audio-Technica - Audio-Technica Iberia","og_description":"La compositora, artista y dise\u00f1adora de sonido Chiara Luzzana\u00a0ha trabajado con la compa\u00f1\u00eda Costa Cruceros para crear el \"sonido\" de esta naviera, haciendo una pieza musical compuesta completamente de sonidos grabados en uno de sus barcos.","og_url":"https:\/\/distribution.audio-technica.eu\/es-es\/noticias\/chiara-luzzana-crea-el-sonido-de-costa-cruceros-con-audio-technica\/","og_site_name":"Audio-Technica Iberia","article_published_time":"2019-06-19T10:47:09+00:00","article_modified_time":"2023-10-17T16:24:45+00:00","og_image":[{"width":640,"height":360,"url":"https:\/\/distribution.audio-technica.eu\/app\/uploads\/sites\/2\/Chiara-Luzzana-Sound-Designer_Costa_Crociere_Soundtrack-banner.jpg","type":"image\/jpeg"}],"author":"ctorras","twitter_card":"summary_large_image","twitter_misc":{"Escrito por":"ctorras","Tiempo de lectura":"1 minuto"},"schema":{"@context":"https:\/\/schema.org","@graph":[{"@type":"Article","@id":"https:\/\/distribution.audio-technica.eu\/es-es\/noticias\/chiara-luzzana-crea-el-sonido-de-costa-cruceros-con-audio-technica\/#article","isPartOf":{"@id":"https:\/\/distribution.audio-technica.eu\/es-es\/noticias\/chiara-luzzana-crea-el-sonido-de-costa-cruceros-con-audio-technica\/"},"author":{"name":"ctorras","@id":"https:\/\/distribution.audio-technica.eu\/es-es\/#\/schema\/person\/dbf0d33217ceab6329b4c3144742f2fb"},"headline":"Chiara Luzzana crea el \u00absonido\u00bb de Costa Cruceros con Audio-Technica","datePublished":"2019-06-19T10:47:09+00:00","dateModified":"2023-10-17T16:24:45+00:00","mainEntityOfPage":{"@id":"https:\/\/distribution.audio-technica.eu\/es-es\/noticias\/chiara-luzzana-crea-el-sonido-de-costa-cruceros-con-audio-technica\/"},"wordCount":233,"image":{"@id":"https:\/\/distribution.audio-technica.eu\/es-es\/noticias\/chiara-luzzana-crea-el-sonido-de-costa-cruceros-con-audio-technica\/#primaryimage"},"thumbnailUrl":"\/app\/uploads\/sites\/2\/Chiara-Luzzana-Sound-Designer_Costa_Crociere_Soundtrack-banner.jpg","keywords":["Grabaci\u00f3n exteriores","microfonia"],"articleSection":["Artistas"],"inLanguage":"es"},{"@type":"WebPage","@id":"https:\/\/distribution.audio-technica.eu\/es-es\/noticias\/chiara-luzzana-crea-el-sonido-de-costa-cruceros-con-audio-technica\/","url":"https:\/\/distribution.audio-technica.eu\/es-es\/noticias\/chiara-luzzana-crea-el-sonido-de-costa-cruceros-con-audio-technica\/","name":"Chiara Luzzana crea el \"sonido\" de Costa Cruceros con Audio-Technica - Audio-Technica Iberia","isPartOf":{"@id":"https:\/\/distribution.audio-technica.eu\/es-es\/#website"},"primaryImageOfPage":{"@id":"https:\/\/distribution.audio-technica.eu\/es-es\/noticias\/chiara-luzzana-crea-el-sonido-de-costa-cruceros-con-audio-technica\/#primaryimage"},"image":{"@id":"https:\/\/distribution.audio-technica.eu\/es-es\/noticias\/chiara-luzzana-crea-el-sonido-de-costa-cruceros-con-audio-technica\/#primaryimage"},"thumbnailUrl":"\/app\/uploads\/sites\/2\/Chiara-Luzzana-Sound-Designer_Costa_Crociere_Soundtrack-banner.jpg","datePublished":"2019-06-19T10:47:09+00:00","dateModified":"2023-10-17T16:24:45+00:00","author":{"@id":"https:\/\/distribution.audio-technica.eu\/es-es\/#\/schema\/person\/dbf0d33217ceab6329b4c3144742f2fb"},"description":"La compositora, artista y dise\u00f1adora de sonido Chiara Luzzana\u00a0ha trabajado con la compa\u00f1\u00eda Costa Cruceros para crear el \"sonido\" de esta naviera, haciendo una pieza musical compuesta completamente de sonidos grabados en uno de sus barcos.","breadcrumb":{"@id":"https:\/\/distribution.audio-technica.eu\/es-es\/noticias\/chiara-luzzana-crea-el-sonido-de-costa-cruceros-con-audio-technica\/#breadcrumb"},"inLanguage":"es","potentialAction":[{"@type":"ReadAction","target":["https:\/\/distribution.audio-technica.eu\/es-es\/noticias\/chiara-luzzana-crea-el-sonido-de-costa-cruceros-con-audio-technica\/"]}]},{"@type":"ImageObject","inLanguage":"es","@id":"https:\/\/distribution.audio-technica.eu\/es-es\/noticias\/chiara-luzzana-crea-el-sonido-de-costa-cruceros-con-audio-technica\/#primaryimage","url":"\/app\/uploads\/sites\/2\/Chiara-Luzzana-Sound-Designer_Costa_Crociere_Soundtrack-banner.jpg","contentUrl":"\/app\/uploads\/sites\/2\/Chiara-Luzzana-Sound-Designer_Costa_Crociere_Soundtrack-banner.jpg","width":640,"height":360,"caption":"Chiara Luzzana Sound Designer Sound Artist Composer Soundtrack"},{"@type":"BreadcrumbList","@id":"https:\/\/distribution.audio-technica.eu\/es-es\/noticias\/chiara-luzzana-crea-el-sonido-de-costa-cruceros-con-audio-technica\/#breadcrumb","itemListElement":[{"@type":"ListItem","position":1,"name":"Products","item":"https:\/\/distribution.audio-technica.eu\/es-es\/"},{"@type":"ListItem","position":2,"name":"Chiara Luzzana crea el \u00absonido\u00bb de Costa Cruceros con Audio-Technica"}]},{"@type":"WebSite","@id":"https:\/\/distribution.audio-technica.eu\/es-es\/#website","url":"https:\/\/distribution.audio-technica.eu\/es-es\/","name":"Audio-Technica Iberia","description":"Distribuci\u00f3n","potentialAction":[{"@type":"SearchAction","target":{"@type":"EntryPoint","urlTemplate":"https:\/\/distribution.audio-technica.eu\/es-es\/?s={search_term_string}"},"query-input":{"@type":"PropertyValueSpecification","valueRequired":true,"valueName":"search_term_string"}}],"inLanguage":"es"},{"@type":"Person","@id":"https:\/\/distribution.audio-technica.eu\/es-es\/#\/schema\/person\/dbf0d33217ceab6329b4c3144742f2fb","name":"ctorras"}]}},"_links":{"self":[{"href":"https:\/\/distribution.audio-technica.eu\/es-es\/wp-json\/wp\/v2\/posts\/17193","targetHints":{"allow":["GET"]}}],"collection":[{"href":"https:\/\/distribution.audio-technica.eu\/es-es\/wp-json\/wp\/v2\/posts"}],"about":[{"href":"https:\/\/distribution.audio-technica.eu\/es-es\/wp-json\/wp\/v2\/types\/post"}],"author":[{"embeddable":true,"href":"https:\/\/distribution.audio-technica.eu\/es-es\/wp-json\/wp\/v2\/users\/2"}],"replies":[{"embeddable":true,"href":"https:\/\/distribution.audio-technica.eu\/es-es\/wp-json\/wp\/v2\/comments?post=17193"}],"version-history":[{"count":25,"href":"https:\/\/distribution.audio-technica.eu\/es-es\/wp-json\/wp\/v2\/posts\/17193\/revisions"}],"predecessor-version":[{"id":18154,"href":"https:\/\/distribution.audio-technica.eu\/es-es\/wp-json\/wp\/v2\/posts\/17193\/revisions\/18154"}],"wp:featuredmedia":[{"embeddable":true,"href":"https:\/\/distribution.audio-technica.eu\/es-es\/wp-json\/wp\/v2\/media\/17198"}],"wp:attachment":[{"href":"https:\/\/distribution.audio-technica.eu\/es-es\/wp-json\/wp\/v2\/media?parent=17193"}],"wp:term":[{"taxonomy":"category","embeddable":true,"href":"https:\/\/distribution.audio-technica.eu\/es-es\/wp-json\/wp\/v2\/categories?post=17193"},{"taxonomy":"post_tag","embeddable":true,"href":"https:\/\/distribution.audio-technica.eu\/es-es\/wp-json\/wp\/v2\/tags?post=17193"}],"curies":[{"name":"wp","href":"https:\/\/api.w.org\/{rel}","templated":true}]}}