{"id":17921,"date":"2019-07-10T18:34:14","date_gmt":"2019-07-10T16:34:14","guid":{"rendered":"https:\/\/atdb-production.studiograft.dev\/es\/?p=17921"},"modified":"2023-10-17T18:24:24","modified_gmt":"2023-10-17T16:24:24","slug":"rafa-sardina-ganador-de-13-grammy-graba-con-microfonos-de-la-serie-50-de-audio-technica","status":"publish","type":"post","link":"https:\/\/distribution.audio-technica.eu\/es-es\/noticias\/rafa-sardina-ganador-de-13-grammy-graba-con-microfonos-de-la-serie-50-de-audio-technica\/","title":{"rendered":"Rafa Sardina, ganador de 13 Grammy\u00ae, graba con micr\u00f3fonos de la serie 50 de Audio-Technica"},"content":{"rendered":"<figure id=\"attachment_17928\" aria-describedby=\"caption-attachment-17928\" style=\"width: 800px\" class=\"wp-caption alignnone\"><a href=\"https:\/\/distribution.audio-technica.eu\/es\/wp-content\/uploads\/sites\/2\/WP-1000255-Rafa-Sardina-y-Salom\u00e9-Lim\u00f3n.jpg\"><img loading=\"lazy\" decoding=\"async\" class=\"wp-image-17928 size-800\" src=\"\/es\/wp-content\/uploads\/sites\/2\/WP-1000255-Rafa-Sardina-y-Salom\u00e9-Lim\u00f3n-800x450.jpg\" alt=\"Rafa Sardina y Salom\u00e9 Lim\u00f3n durante las sesiones de grabaci\u00f3n.\" width=\"800\" height=\"450\" srcset=\"https:\/\/distribution.audio-technica.eu\/app\/uploads\/sites\/2\/WP-1000255-Rafa-Sardina-y-Salom\u00e9-Lim\u00f3n-800x450.jpg 800w, https:\/\/distribution.audio-technica.eu\/app\/uploads\/sites\/2\/WP-1000255-Rafa-Sardina-y-Salom\u00e9-Lim\u00f3n-150x84.jpg 150w, https:\/\/distribution.audio-technica.eu\/app\/uploads\/sites\/2\/WP-1000255-Rafa-Sardina-y-Salom\u00e9-Lim\u00f3n-300x169.jpg 300w, https:\/\/distribution.audio-technica.eu\/app\/uploads\/sites\/2\/WP-1000255-Rafa-Sardina-y-Salom\u00e9-Lim\u00f3n-768x432.jpg 768w, https:\/\/distribution.audio-technica.eu\/app\/uploads\/sites\/2\/WP-1000255-Rafa-Sardina-y-Salom\u00e9-Lim\u00f3n-1024x575.jpg 1024w, https:\/\/distribution.audio-technica.eu\/app\/uploads\/sites\/2\/WP-1000255-Rafa-Sardina-y-Salom\u00e9-Lim\u00f3n-200x112.jpg 200w, https:\/\/distribution.audio-technica.eu\/app\/uploads\/sites\/2\/WP-1000255-Rafa-Sardina-y-Salom\u00e9-Lim\u00f3n-400x225.jpg 400w, https:\/\/distribution.audio-technica.eu\/app\/uploads\/sites\/2\/WP-1000255-Rafa-Sardina-y-Salom\u00e9-Lim\u00f3n-600x337.jpg 600w, https:\/\/distribution.audio-technica.eu\/app\/uploads\/sites\/2\/WP-1000255-Rafa-Sardina-y-Salom\u00e9-Lim\u00f3n-1200x674.jpg 1200w, https:\/\/distribution.audio-technica.eu\/app\/uploads\/sites\/2\/WP-1000255-Rafa-Sardina-y-Salom\u00e9-Lim\u00f3n.jpg 1500w\" sizes=\"auto, (max-width: 800px) 100vw, 800px\" \/><\/a><figcaption id=\"caption-attachment-17928\" class=\"wp-caption-text\">Rafa Sardina y Salom\u00e9 Lim\u00f3n durante las sesiones de grabaci\u00f3n.<\/figcaption><\/figure>\n<p>El productor e ingeniero de grabaci\u00f3n espa\u00f1ol Rafa Sardina (ganador de 13 premios Grammy\u00ae y Latin Grammy\u00ae) grab\u00f3 un conjunto de cuerdas y una banda utilizando nada menos que ocho unidades de los micr\u00f3fonos de estudio de la Serie 50 de Audio-Technica. Esta grabaci\u00f3n fue hecha para el \u00e1lbum Cl\u00e1sica Flamenca, una fusi\u00f3n rica e inspirada de flamenco con jazz, electr\u00f3nica, cl\u00e1sica y pop, a cargo de los compositores y productores Emilio Esteban y Salom\u00e9 Lim\u00f3n.<\/p>\n<p>Aunque Rafa Sardina tiene su sede en Los \u00c1ngeles, estas sesiones se llevaron a cabo en los\u00a0<a href=\"http:\/\/metropolstudios.com\/\">Metropol Studios<\/a> de Madrid.<\/p>\n<p>Emilio Esteban es un compositor, director y productor espa\u00f1ol emergente, residente en Madrid y formado en el Berklee College of Music (Boston), entre otras escuelas. Emilio tiene una larga experiencia en estudios como Abbey Road y Power Station como director.<\/p>\n<p>Por su parte, Salom\u00e9 Lim\u00f3n tiene 4 premios Latin Grammy\u00ae, y es\u00a0tambi\u00e9n productora art\u00edstica de esta grabaci\u00f3n. Adem\u00e1s, Salom\u00e9 es responsable de la inclusi\u00f3n de algunas voces de \u00abcantaoras\u00bb de flamenco muy especiales.<\/p>\n<p><a href=\"https:\/\/distribution.audio-technica.eu\/es\/wp-content\/uploads\/sites\/2\/WP-1000261.jpg\"><img loading=\"lazy\" decoding=\"async\" class=\"alignnone wp-image-17926 size-800\" src=\"\/es\/wp-content\/uploads\/sites\/2\/WP-1000261-800x450.jpg\" alt=\"\" width=\"800\" height=\"450\" srcset=\"https:\/\/distribution.audio-technica.eu\/app\/uploads\/sites\/2\/WP-1000261-800x450.jpg 800w, https:\/\/distribution.audio-technica.eu\/app\/uploads\/sites\/2\/WP-1000261-150x84.jpg 150w, https:\/\/distribution.audio-technica.eu\/app\/uploads\/sites\/2\/WP-1000261-300x169.jpg 300w, https:\/\/distribution.audio-technica.eu\/app\/uploads\/sites\/2\/WP-1000261-768x432.jpg 768w, https:\/\/distribution.audio-technica.eu\/app\/uploads\/sites\/2\/WP-1000261-1024x575.jpg 1024w, https:\/\/distribution.audio-technica.eu\/app\/uploads\/sites\/2\/WP-1000261-200x112.jpg 200w, https:\/\/distribution.audio-technica.eu\/app\/uploads\/sites\/2\/WP-1000261-400x225.jpg 400w, https:\/\/distribution.audio-technica.eu\/app\/uploads\/sites\/2\/WP-1000261-600x337.jpg 600w, https:\/\/distribution.audio-technica.eu\/app\/uploads\/sites\/2\/WP-1000261-1200x674.jpg 1200w, https:\/\/distribution.audio-technica.eu\/app\/uploads\/sites\/2\/WP-1000261.jpg 1500w\" sizes=\"auto, (max-width: 800px) 100vw, 800px\" \/><\/a><\/p>\n<h4><strong>Los micr\u00f3fonos<\/strong><\/h4>\n<p>Para cuerdas, metal y vientos, Rafa utiliz\u00f3 2 unidades de <a href=\"https:\/\/eu.audio-technica.com\/microphones\/microphones-by-series\/50-series\/AT5047\">AT5047<\/a>, 3 unidades de <a href=\"https:\/\/eu.audio-technica.com\/microphones\/microphones-by-series\/50-series\/AT5045\">AT5045<\/a> y 3 unidades de <a href=\"https:\/\/eu.audio-technica.com\/microphones\/microphones-by-series\/50-series\/AT5040\">AT5040<\/a>. Adem\u00e1s, para grabar la banda el\u00e9ctrica, se utiliz\u00f3 una selecci\u00f3n de Audio-Technica <a href=\"https:\/\/eu.audio-technica.com\/microphones\/microphones-by-series\/artist-elite\/AE5100\">AE5100<\/a>, <a href=\"https:\/\/eu.audio-technica.com\/microphones\/microphones-by-series\/artist-elite\/AE2300\">AE2300<\/a>, <a href=\"https:\/\/eu.audio-technica.com\/microphones\/microphones-by-series\/artist-elite\/AE2500\">AE2500<\/a> y <a href=\"https:\/\/eu.audio-technica.com\/microphones\/microphones-by-series\/artist-elite\/AE3000\">AE3000<\/a>.<\/p>\n<p>Es interesante observar que la captura a\u00e9rea y de sala de las cuerdas se realiz\u00f3 con un conjunto de micr\u00f3fonos muy especial, configurado con los dos AT5047 y los tres AT5040 mencionados anteriormente. Pero las cinco grabaciones de los micr\u00f3fonos no ir\u00e1n a la mezcla simult\u00e1neamente. En lugar de eso, los dos AT5047 se configuraron para ser un par est\u00e9reo, mientras que los tres AT5040 se configuraron para ser un conjunto LCR, lo que le permiti\u00f3 a Rafa tener varias opciones para las siguientes sesiones de mezcla. La grabaci\u00f3n de cuerdas m\u00e1s cercanas se realiz\u00f3 con tres AT5045.<\/p>\n<p>Rafa Sardina eligi\u00f3 los micr\u00f3fonos de la Serie 50 de acuerdo con Koke D\u00edez y Nacho Caballero, asociados de Metropol Studios. Todos coincidieron en que la serie 50 de Audio-Technica ofrece una combinaci\u00f3n de excelente transparencia, respuesta de frecuencia extendida y plana, y extraordinaria respuesta din\u00e1mica y transitoria, al mismo tiempo que ofrece un nivel de ruido super bajo.<\/p>\n<div id='gallery-1' class='gallery galleryid-17921 gallery-columns-3 gallery-size-medium'><figure class='gallery-item'>\n\t\t\t<div class='gallery-icon landscape'>\n\t\t\t\t<img loading=\"lazy\" decoding=\"async\" width=\"300\" height=\"169\" src=\"\/app\/uploads\/sites\/2\/WP-1000235-Director-de-orquesta-y-productor-Emilio-Esteban-300x169.jpg\" class=\"attachment-medium size-medium\" alt=\"Director y productor Emilio Esteban.\" aria-describedby=\"gallery-1-17933\" srcset=\"https:\/\/distribution.audio-technica.eu\/app\/uploads\/sites\/2\/WP-1000235-Director-de-orquesta-y-productor-Emilio-Esteban-300x169.jpg 300w, https:\/\/distribution.audio-technica.eu\/app\/uploads\/sites\/2\/WP-1000235-Director-de-orquesta-y-productor-Emilio-Esteban-150x84.jpg 150w, https:\/\/distribution.audio-technica.eu\/app\/uploads\/sites\/2\/WP-1000235-Director-de-orquesta-y-productor-Emilio-Esteban-768x432.jpg 768w, https:\/\/distribution.audio-technica.eu\/app\/uploads\/sites\/2\/WP-1000235-Director-de-orquesta-y-productor-Emilio-Esteban-1024x575.jpg 1024w, https:\/\/distribution.audio-technica.eu\/app\/uploads\/sites\/2\/WP-1000235-Director-de-orquesta-y-productor-Emilio-Esteban-200x112.jpg 200w, https:\/\/distribution.audio-technica.eu\/app\/uploads\/sites\/2\/WP-1000235-Director-de-orquesta-y-productor-Emilio-Esteban-400x225.jpg 400w, https:\/\/distribution.audio-technica.eu\/app\/uploads\/sites\/2\/WP-1000235-Director-de-orquesta-y-productor-Emilio-Esteban-600x337.jpg 600w, https:\/\/distribution.audio-technica.eu\/app\/uploads\/sites\/2\/WP-1000235-Director-de-orquesta-y-productor-Emilio-Esteban-800x450.jpg 800w, https:\/\/distribution.audio-technica.eu\/app\/uploads\/sites\/2\/WP-1000235-Director-de-orquesta-y-productor-Emilio-Esteban-1200x674.jpg 1200w, https:\/\/distribution.audio-technica.eu\/app\/uploads\/sites\/2\/WP-1000235-Director-de-orquesta-y-productor-Emilio-Esteban.jpg 1500w\" sizes=\"auto, (max-width: 300px) 100vw, 300px\" \/>\n\t\t\t<\/div>\n\t\t\t\t<figcaption class='wp-caption-text gallery-caption' id='gallery-1-17933'>\n\t\t\t\tDirector y productor Emilio Esteban.\n\t\t\t\t<\/figcaption><\/figure><figure class='gallery-item'>\n\t\t\t<div class='gallery-icon portrait'>\n\t\t\t\t<img loading=\"lazy\" decoding=\"async\" width=\"169\" height=\"300\" src=\"\/app\/uploads\/sites\/2\/WP-1000236-captura-aerea-1--169x300.jpg\" class=\"attachment-medium size-medium\" alt=\"Arbol de micr\u00f3fonos con dos AT5047 y tres AT5040\" aria-describedby=\"gallery-1-17932\" srcset=\"https:\/\/distribution.audio-technica.eu\/app\/uploads\/sites\/2\/WP-1000236-captura-aerea-1--169x300.jpg 169w, https:\/\/distribution.audio-technica.eu\/app\/uploads\/sites\/2\/WP-1000236-captura-aerea-1--84x150.jpg 84w, https:\/\/distribution.audio-technica.eu\/app\/uploads\/sites\/2\/WP-1000236-captura-aerea-1--200x356.jpg 200w, https:\/\/distribution.audio-technica.eu\/app\/uploads\/sites\/2\/WP-1000236-captura-aerea-1--400x712.jpg 400w, https:\/\/distribution.audio-technica.eu\/app\/uploads\/sites\/2\/WP-1000236-captura-aerea-1-.jpg 562w\" sizes=\"auto, (max-width: 169px) 100vw, 169px\" \/>\n\t\t\t<\/div>\n\t\t\t\t<figcaption class='wp-caption-text gallery-caption' id='gallery-1-17932'>\n\t\t\t\tLa captura a\u00e9rea y de la sala de las cuerdas se realiz\u00f3 con una configuraci\u00f3n de \u00e1rbol de micr\u00f3fonos con dos AT5047 y tres AT5040. Pero los cinco micr\u00f3fonos no fueron utilizados simult\u00e1neamente. En lugar de eso, los dos AT5047 se usaron como un par est\u00e9reo, mientras que los tres AT5040 se usaron como un conjunto LCR.\n\t\t\t\t<\/figcaption><\/figure><figure class='gallery-item'>\n\t\t\t<div class='gallery-icon portrait'>\n\t\t\t\t<img loading=\"lazy\" decoding=\"async\" width=\"169\" height=\"300\" src=\"\/app\/uploads\/sites\/2\/WP-190227-cuerdas-1-169x300.jpg\" class=\"attachment-medium size-medium\" alt=\"la grabaci\u00f3n de cuerdas m\u00e1s cercanas se realiz\u00f3 con tres AT5045\" aria-describedby=\"gallery-1-17924\" srcset=\"https:\/\/distribution.audio-technica.eu\/app\/uploads\/sites\/2\/WP-190227-cuerdas-1-169x300.jpg 169w, https:\/\/distribution.audio-technica.eu\/app\/uploads\/sites\/2\/WP-190227-cuerdas-1-84x150.jpg 84w, https:\/\/distribution.audio-technica.eu\/app\/uploads\/sites\/2\/WP-190227-cuerdas-1-200x355.jpg 200w, https:\/\/distribution.audio-technica.eu\/app\/uploads\/sites\/2\/WP-190227-cuerdas-1-400x710.jpg 400w, https:\/\/distribution.audio-technica.eu\/app\/uploads\/sites\/2\/WP-190227-cuerdas-1.jpg 563w\" sizes=\"auto, (max-width: 169px) 100vw, 169px\" \/>\n\t\t\t<\/div>\n\t\t\t\t<figcaption class='wp-caption-text gallery-caption' id='gallery-1-17924'>\n\t\t\t\tla grabaci\u00f3n de cuerdas m\u00e1s cercanas se realiz\u00f3 con tres AT5045\n\t\t\t\t<\/figcaption><\/figure><figure class='gallery-item'>\n\t\t\t<div class='gallery-icon landscape'>\n\t\t\t\t<img loading=\"lazy\" decoding=\"async\" width=\"300\" height=\"169\" src=\"\/app\/uploads\/sites\/2\/WP-1000237-cuerdas-2-300x169.jpg\" class=\"attachment-medium size-medium\" alt=\"la grabaci\u00f3n de cuerdas m\u00e1s cercanas se realiz\u00f3 con tres AT5045\" aria-describedby=\"gallery-1-17931\" srcset=\"https:\/\/distribution.audio-technica.eu\/app\/uploads\/sites\/2\/WP-1000237-cuerdas-2-300x169.jpg 300w, https:\/\/distribution.audio-technica.eu\/app\/uploads\/sites\/2\/WP-1000237-cuerdas-2-150x84.jpg 150w, https:\/\/distribution.audio-technica.eu\/app\/uploads\/sites\/2\/WP-1000237-cuerdas-2-768x432.jpg 768w, https:\/\/distribution.audio-technica.eu\/app\/uploads\/sites\/2\/WP-1000237-cuerdas-2-1024x575.jpg 1024w, https:\/\/distribution.audio-technica.eu\/app\/uploads\/sites\/2\/WP-1000237-cuerdas-2-200x112.jpg 200w, https:\/\/distribution.audio-technica.eu\/app\/uploads\/sites\/2\/WP-1000237-cuerdas-2-400x225.jpg 400w, https:\/\/distribution.audio-technica.eu\/app\/uploads\/sites\/2\/WP-1000237-cuerdas-2-600x337.jpg 600w, https:\/\/distribution.audio-technica.eu\/app\/uploads\/sites\/2\/WP-1000237-cuerdas-2-800x450.jpg 800w, https:\/\/distribution.audio-technica.eu\/app\/uploads\/sites\/2\/WP-1000237-cuerdas-2-1200x674.jpg 1200w, https:\/\/distribution.audio-technica.eu\/app\/uploads\/sites\/2\/WP-1000237-cuerdas-2.jpg 1500w\" sizes=\"auto, (max-width: 300px) 100vw, 300px\" \/>\n\t\t\t<\/div>\n\t\t\t\t<figcaption class='wp-caption-text gallery-caption' id='gallery-1-17931'>\n\t\t\t\tla grabaci\u00f3n de cuerdas m\u00e1s cercanas se realiz\u00f3 con tres AT5045\n\t\t\t\t<\/figcaption><\/figure><figure class='gallery-item'>\n\t\t\t<div class='gallery-icon landscape'>\n\t\t\t\t<img loading=\"lazy\" decoding=\"async\" width=\"300\" height=\"169\" src=\"\/app\/uploads\/sites\/2\/WP-1000243-300x169.jpg\" class=\"attachment-medium size-medium\" alt=\"\" srcset=\"https:\/\/distribution.audio-technica.eu\/app\/uploads\/sites\/2\/WP-1000243-300x169.jpg 300w, https:\/\/distribution.audio-technica.eu\/app\/uploads\/sites\/2\/WP-1000243-150x84.jpg 150w, https:\/\/distribution.audio-technica.eu\/app\/uploads\/sites\/2\/WP-1000243-768x432.jpg 768w, https:\/\/distribution.audio-technica.eu\/app\/uploads\/sites\/2\/WP-1000243-1024x575.jpg 1024w, https:\/\/distribution.audio-technica.eu\/app\/uploads\/sites\/2\/WP-1000243-200x112.jpg 200w, https:\/\/distribution.audio-technica.eu\/app\/uploads\/sites\/2\/WP-1000243-400x225.jpg 400w, https:\/\/distribution.audio-technica.eu\/app\/uploads\/sites\/2\/WP-1000243-600x337.jpg 600w, https:\/\/distribution.audio-technica.eu\/app\/uploads\/sites\/2\/WP-1000243-800x450.jpg 800w, https:\/\/distribution.audio-technica.eu\/app\/uploads\/sites\/2\/WP-1000243-1200x674.jpg 1200w, https:\/\/distribution.audio-technica.eu\/app\/uploads\/sites\/2\/WP-1000243.jpg 1500w\" sizes=\"auto, (max-width: 300px) 100vw, 300px\" \/>\n\t\t\t<\/div><\/figure><figure class='gallery-item'>\n\t\t\t<div class='gallery-icon landscape'>\n\t\t\t\t<img loading=\"lazy\" decoding=\"async\" width=\"300\" height=\"169\" src=\"\/app\/uploads\/sites\/2\/WP-1000249-300x169.jpg\" class=\"attachment-medium size-medium\" alt=\"\" srcset=\"https:\/\/distribution.audio-technica.eu\/app\/uploads\/sites\/2\/WP-1000249-300x169.jpg 300w, https:\/\/distribution.audio-technica.eu\/app\/uploads\/sites\/2\/WP-1000249-150x84.jpg 150w, https:\/\/distribution.audio-technica.eu\/app\/uploads\/sites\/2\/WP-1000249-768x432.jpg 768w, https:\/\/distribution.audio-technica.eu\/app\/uploads\/sites\/2\/WP-1000249-1024x575.jpg 1024w, https:\/\/distribution.audio-technica.eu\/app\/uploads\/sites\/2\/WP-1000249-200x112.jpg 200w, https:\/\/distribution.audio-technica.eu\/app\/uploads\/sites\/2\/WP-1000249-400x225.jpg 400w, https:\/\/distribution.audio-technica.eu\/app\/uploads\/sites\/2\/WP-1000249-600x337.jpg 600w, https:\/\/distribution.audio-technica.eu\/app\/uploads\/sites\/2\/WP-1000249-800x450.jpg 800w, https:\/\/distribution.audio-technica.eu\/app\/uploads\/sites\/2\/WP-1000249-1200x674.jpg 1200w, https:\/\/distribution.audio-technica.eu\/app\/uploads\/sites\/2\/WP-1000249.jpg 1500w\" sizes=\"auto, (max-width: 300px) 100vw, 300px\" \/>\n\t\t\t<\/div><\/figure><figure class='gallery-item'>\n\t\t\t<div class='gallery-icon landscape'>\n\t\t\t\t<img loading=\"lazy\" decoding=\"async\" width=\"300\" height=\"169\" src=\"\/app\/uploads\/sites\/2\/WP-1000258-Rafa-Sardina-300x169.jpg\" class=\"attachment-medium size-medium\" alt=\"Rafa Sardina\" aria-describedby=\"gallery-1-17927\" srcset=\"https:\/\/distribution.audio-technica.eu\/app\/uploads\/sites\/2\/WP-1000258-Rafa-Sardina-300x169.jpg 300w, https:\/\/distribution.audio-technica.eu\/app\/uploads\/sites\/2\/WP-1000258-Rafa-Sardina-150x84.jpg 150w, https:\/\/distribution.audio-technica.eu\/app\/uploads\/sites\/2\/WP-1000258-Rafa-Sardina-768x432.jpg 768w, https:\/\/distribution.audio-technica.eu\/app\/uploads\/sites\/2\/WP-1000258-Rafa-Sardina-1024x575.jpg 1024w, https:\/\/distribution.audio-technica.eu\/app\/uploads\/sites\/2\/WP-1000258-Rafa-Sardina-200x112.jpg 200w, https:\/\/distribution.audio-technica.eu\/app\/uploads\/sites\/2\/WP-1000258-Rafa-Sardina-400x225.jpg 400w, https:\/\/distribution.audio-technica.eu\/app\/uploads\/sites\/2\/WP-1000258-Rafa-Sardina-600x337.jpg 600w, https:\/\/distribution.audio-technica.eu\/app\/uploads\/sites\/2\/WP-1000258-Rafa-Sardina-800x450.jpg 800w, https:\/\/distribution.audio-technica.eu\/app\/uploads\/sites\/2\/WP-1000258-Rafa-Sardina-1200x674.jpg 1200w, https:\/\/distribution.audio-technica.eu\/app\/uploads\/sites\/2\/WP-1000258-Rafa-Sardina.jpg 1500w\" sizes=\"auto, (max-width: 300px) 100vw, 300px\" \/>\n\t\t\t<\/div>\n\t\t\t\t<figcaption class='wp-caption-text gallery-caption' id='gallery-1-17927'>\n\t\t\t\tRafa Sardina\n\t\t\t\t<\/figcaption><\/figure><figure class='gallery-item'>\n\t\t\t<div class='gallery-icon landscape'>\n\t\t\t\t<img loading=\"lazy\" decoding=\"async\" width=\"300\" height=\"169\" src=\"\/app\/uploads\/sites\/2\/WP-190316-captura-aerea-2-300x169.jpg\" class=\"attachment-medium size-medium\" alt=\"AT5047\" aria-describedby=\"gallery-1-17923\" srcset=\"https:\/\/distribution.audio-technica.eu\/app\/uploads\/sites\/2\/WP-190316-captura-aerea-2-300x169.jpg 300w, https:\/\/distribution.audio-technica.eu\/app\/uploads\/sites\/2\/WP-190316-captura-aerea-2-150x84.jpg 150w, https:\/\/distribution.audio-technica.eu\/app\/uploads\/sites\/2\/WP-190316-captura-aerea-2-768x432.jpg 768w, https:\/\/distribution.audio-technica.eu\/app\/uploads\/sites\/2\/WP-190316-captura-aerea-2-1024x576.jpg 1024w, https:\/\/distribution.audio-technica.eu\/app\/uploads\/sites\/2\/WP-190316-captura-aerea-2-200x113.jpg 200w, https:\/\/distribution.audio-technica.eu\/app\/uploads\/sites\/2\/WP-190316-captura-aerea-2-400x225.jpg 400w, https:\/\/distribution.audio-technica.eu\/app\/uploads\/sites\/2\/WP-190316-captura-aerea-2-600x338.jpg 600w, https:\/\/distribution.audio-technica.eu\/app\/uploads\/sites\/2\/WP-190316-captura-aerea-2-800x450.jpg 800w, https:\/\/distribution.audio-technica.eu\/app\/uploads\/sites\/2\/WP-190316-captura-aerea-2-1200x675.jpg 1200w, https:\/\/distribution.audio-technica.eu\/app\/uploads\/sites\/2\/WP-190316-captura-aerea-2.jpg 1500w\" sizes=\"auto, (max-width: 300px) 100vw, 300px\" \/>\n\t\t\t<\/div>\n\t\t\t\t<figcaption class='wp-caption-text gallery-caption' id='gallery-1-17923'>\n\t\t\t\tAT5047 \n\t\t\t\t<\/figcaption><\/figure><figure class='gallery-item'>\n\t\t\t<div class='gallery-icon landscape'>\n\t\t\t\t<img loading=\"lazy\" decoding=\"async\" width=\"300\" height=\"169\" src=\"\/app\/uploads\/sites\/2\/WP-1000234-300x169.jpg\" class=\"attachment-medium size-medium\" alt=\"\" srcset=\"https:\/\/distribution.audio-technica.eu\/app\/uploads\/sites\/2\/WP-1000234-300x169.jpg 300w, https:\/\/distribution.audio-technica.eu\/app\/uploads\/sites\/2\/WP-1000234-150x84.jpg 150w, https:\/\/distribution.audio-technica.eu\/app\/uploads\/sites\/2\/WP-1000234-768x432.jpg 768w, https:\/\/distribution.audio-technica.eu\/app\/uploads\/sites\/2\/WP-1000234-1024x575.jpg 1024w, https:\/\/distribution.audio-technica.eu\/app\/uploads\/sites\/2\/WP-1000234-200x112.jpg 200w, https:\/\/distribution.audio-technica.eu\/app\/uploads\/sites\/2\/WP-1000234-400x225.jpg 400w, https:\/\/distribution.audio-technica.eu\/app\/uploads\/sites\/2\/WP-1000234-600x337.jpg 600w, https:\/\/distribution.audio-technica.eu\/app\/uploads\/sites\/2\/WP-1000234-800x450.jpg 800w, https:\/\/distribution.audio-technica.eu\/app\/uploads\/sites\/2\/WP-1000234-1200x674.jpg 1200w, https:\/\/distribution.audio-technica.eu\/app\/uploads\/sites\/2\/WP-1000234.jpg 1500w\" sizes=\"auto, (max-width: 300px) 100vw, 300px\" \/>\n\t\t\t<\/div><\/figure>\n\t\t<\/div>\n\n","protected":false},"excerpt":{"rendered":"<p>El productor e ingeniero de grabaci\u00f3n espa\u00f1ol Rafa Sardina (ganador de 13 premios Grammy\u00ae y Latin Grammy\u00ae) grab\u00f3 un conjunto de cuerdas y una banda utilizando nada menos que ocho unidades de los micr\u00f3fonos de estudio de la Serie 50 de Audio-Technica. Esta grabaci\u00f3n fue hecha para el \u00e1lbum Cl\u00e1sica Flamenca, una fusi\u00f3n rica e [&hellip;]<\/p>\n","protected":false},"author":2,"featured_media":17925,"comment_status":"closed","ping_status":"closed","sticky":false,"template":"","format":"standard","meta":{"_acf_changed":false,"footnotes":""},"categories":[2459],"tags":[1564,1755],"class_list":["post-17921","post","type-post","status-publish","format-standard","has-post-thumbnail","hentry","category-usuarios","tag-estudio","tag-serie-50"],"acf":[],"yoast_head":"<!-- This site is optimized with the Yoast SEO plugin v27.1.1 - https:\/\/yoast.com\/product\/yoast-seo-wordpress\/ -->\n<title>Rafa Sardina, ganador de 13 Grammy\u00ae, graba con micr\u00f3fonos de la serie 50 de Audio-Technica - Audio-Technica Iberia<\/title>\n<meta name=\"robots\" content=\"index, follow, max-snippet:-1, max-image-preview:large, max-video-preview:-1\" \/>\n<link rel=\"canonical\" href=\"https:\/\/distribution.audio-technica.eu\/es-es\/noticias\/rafa-sardina-ganador-de-13-grammy-graba-con-microfonos-de-la-serie-50-de-audio-technica\/\" \/>\n<meta property=\"og:locale\" content=\"es_ES\" \/>\n<meta property=\"og:type\" content=\"article\" \/>\n<meta property=\"og:title\" content=\"Rafa Sardina, ganador de 13 Grammy\u00ae, graba con micr\u00f3fonos de la serie 50 de Audio-Technica - Audio-Technica Iberia\" \/>\n<meta property=\"og:description\" content=\"El productor e ingeniero de grabaci\u00f3n espa\u00f1ol Rafa Sardina (ganador de 13 premios Grammy\u00ae y Latin Grammy\u00ae) grab\u00f3 un conjunto de cuerdas y una banda utilizando nada menos que ocho unidades de los micr\u00f3fonos de estudio de la Serie 50 de Audio-Technica. Esta grabaci\u00f3n fue hecha para el \u00e1lbum Cl\u00e1sica Flamenca, una fusi\u00f3n rica e [&hellip;]\" \/>\n<meta property=\"og:url\" content=\"https:\/\/distribution.audio-technica.eu\/es-es\/noticias\/rafa-sardina-ganador-de-13-grammy-graba-con-microfonos-de-la-serie-50-de-audio-technica\/\" \/>\n<meta property=\"og:site_name\" content=\"Audio-Technica Iberia\" \/>\n<meta property=\"article:published_time\" content=\"2019-07-10T16:34:14+00:00\" \/>\n<meta property=\"article:modified_time\" content=\"2023-10-17T16:24:24+00:00\" \/>\n<meta property=\"og:image\" content=\"https:\/\/distribution.audio-technica.eu\/app\/uploads\/sites\/2\/NdP-AT-Serie-50-Rafa-Sardina-banner.jpg\" \/>\n\t<meta property=\"og:image:width\" content=\"640\" \/>\n\t<meta property=\"og:image:height\" content=\"360\" \/>\n\t<meta property=\"og:image:type\" content=\"image\/jpeg\" \/>\n<meta name=\"author\" content=\"ctorras\" \/>\n<meta name=\"twitter:card\" content=\"summary_large_image\" \/>\n<meta name=\"twitter:label1\" content=\"Escrito por\" \/>\n\t<meta name=\"twitter:data1\" content=\"ctorras\" \/>\n\t<meta name=\"twitter:label2\" content=\"Tiempo de lectura\" \/>\n\t<meta name=\"twitter:data2\" content=\"3 minutos\" \/>\n<script type=\"application\/ld+json\" class=\"yoast-schema-graph\">{\"@context\":\"https:\/\/schema.org\",\"@graph\":[{\"@type\":\"Article\",\"@id\":\"https:\/\/distribution.audio-technica.eu\/es-es\/noticias\/rafa-sardina-ganador-de-13-grammy-graba-con-microfonos-de-la-serie-50-de-audio-technica\/#article\",\"isPartOf\":{\"@id\":\"https:\/\/distribution.audio-technica.eu\/es-es\/noticias\/rafa-sardina-ganador-de-13-grammy-graba-con-microfonos-de-la-serie-50-de-audio-technica\/\"},\"author\":{\"name\":\"ctorras\",\"@id\":\"https:\/\/distribution.audio-technica.eu\/es-es\/#\/schema\/person\/dbf0d33217ceab6329b4c3144742f2fb\"},\"headline\":\"Rafa Sardina, ganador de 13 Grammy\u00ae, graba con micr\u00f3fonos de la serie 50 de Audio-Technica\",\"datePublished\":\"2019-07-10T16:34:14+00:00\",\"dateModified\":\"2023-10-17T16:24:24+00:00\",\"mainEntityOfPage\":{\"@id\":\"https:\/\/distribution.audio-technica.eu\/es-es\/noticias\/rafa-sardina-ganador-de-13-grammy-graba-con-microfonos-de-la-serie-50-de-audio-technica\/\"},\"wordCount\":430,\"image\":{\"@id\":\"https:\/\/distribution.audio-technica.eu\/es-es\/noticias\/rafa-sardina-ganador-de-13-grammy-graba-con-microfonos-de-la-serie-50-de-audio-technica\/#primaryimage\"},\"thumbnailUrl\":\"\/app\/uploads\/sites\/2\/NdP-AT-Serie-50-Rafa-Sardina-banner.jpg\",\"keywords\":[\"Estudio\",\"Serie 50\"],\"articleSection\":[\"Usuarios\"],\"inLanguage\":\"es\"},{\"@type\":\"WebPage\",\"@id\":\"https:\/\/distribution.audio-technica.eu\/es-es\/noticias\/rafa-sardina-ganador-de-13-grammy-graba-con-microfonos-de-la-serie-50-de-audio-technica\/\",\"url\":\"https:\/\/distribution.audio-technica.eu\/es-es\/noticias\/rafa-sardina-ganador-de-13-grammy-graba-con-microfonos-de-la-serie-50-de-audio-technica\/\",\"name\":\"Rafa Sardina, ganador de 13 Grammy\u00ae, graba con micr\u00f3fonos de la serie 50 de Audio-Technica - Audio-Technica Iberia\",\"isPartOf\":{\"@id\":\"https:\/\/distribution.audio-technica.eu\/es-es\/#website\"},\"primaryImageOfPage\":{\"@id\":\"https:\/\/distribution.audio-technica.eu\/es-es\/noticias\/rafa-sardina-ganador-de-13-grammy-graba-con-microfonos-de-la-serie-50-de-audio-technica\/#primaryimage\"},\"image\":{\"@id\":\"https:\/\/distribution.audio-technica.eu\/es-es\/noticias\/rafa-sardina-ganador-de-13-grammy-graba-con-microfonos-de-la-serie-50-de-audio-technica\/#primaryimage\"},\"thumbnailUrl\":\"\/app\/uploads\/sites\/2\/NdP-AT-Serie-50-Rafa-Sardina-banner.jpg\",\"datePublished\":\"2019-07-10T16:34:14+00:00\",\"dateModified\":\"2023-10-17T16:24:24+00:00\",\"author\":{\"@id\":\"https:\/\/distribution.audio-technica.eu\/es-es\/#\/schema\/person\/dbf0d33217ceab6329b4c3144742f2fb\"},\"breadcrumb\":{\"@id\":\"https:\/\/distribution.audio-technica.eu\/es-es\/noticias\/rafa-sardina-ganador-de-13-grammy-graba-con-microfonos-de-la-serie-50-de-audio-technica\/#breadcrumb\"},\"inLanguage\":\"es\",\"potentialAction\":[{\"@type\":\"ReadAction\",\"target\":[\"https:\/\/distribution.audio-technica.eu\/es-es\/noticias\/rafa-sardina-ganador-de-13-grammy-graba-con-microfonos-de-la-serie-50-de-audio-technica\/\"]}]},{\"@type\":\"ImageObject\",\"inLanguage\":\"es\",\"@id\":\"https:\/\/distribution.audio-technica.eu\/es-es\/noticias\/rafa-sardina-ganador-de-13-grammy-graba-con-microfonos-de-la-serie-50-de-audio-technica\/#primaryimage\",\"url\":\"\/app\/uploads\/sites\/2\/NdP-AT-Serie-50-Rafa-Sardina-banner.jpg\",\"contentUrl\":\"\/app\/uploads\/sites\/2\/NdP-AT-Serie-50-Rafa-Sardina-banner.jpg\",\"width\":640,\"height\":360},{\"@type\":\"BreadcrumbList\",\"@id\":\"https:\/\/distribution.audio-technica.eu\/es-es\/noticias\/rafa-sardina-ganador-de-13-grammy-graba-con-microfonos-de-la-serie-50-de-audio-technica\/#breadcrumb\",\"itemListElement\":[{\"@type\":\"ListItem\",\"position\":1,\"name\":\"Products\",\"item\":\"https:\/\/distribution.audio-technica.eu\/es-es\/\"},{\"@type\":\"ListItem\",\"position\":2,\"name\":\"Rafa Sardina, ganador de 13 Grammy\u00ae, graba con micr\u00f3fonos de la serie 50 de Audio-Technica\"}]},{\"@type\":\"WebSite\",\"@id\":\"https:\/\/distribution.audio-technica.eu\/es-es\/#website\",\"url\":\"https:\/\/distribution.audio-technica.eu\/es-es\/\",\"name\":\"Audio-Technica Iberia\",\"description\":\"Distribuci\u00f3n\",\"potentialAction\":[{\"@type\":\"SearchAction\",\"target\":{\"@type\":\"EntryPoint\",\"urlTemplate\":\"https:\/\/distribution.audio-technica.eu\/es-es\/?s={search_term_string}\"},\"query-input\":{\"@type\":\"PropertyValueSpecification\",\"valueRequired\":true,\"valueName\":\"search_term_string\"}}],\"inLanguage\":\"es\"},{\"@type\":\"Person\",\"@id\":\"https:\/\/distribution.audio-technica.eu\/es-es\/#\/schema\/person\/dbf0d33217ceab6329b4c3144742f2fb\",\"name\":\"ctorras\"}]}<\/script>\n<!-- \/ Yoast SEO plugin. -->","yoast_head_json":{"title":"Rafa Sardina, ganador de 13 Grammy\u00ae, graba con micr\u00f3fonos de la serie 50 de Audio-Technica - Audio-Technica Iberia","robots":{"index":"index","follow":"follow","max-snippet":"max-snippet:-1","max-image-preview":"max-image-preview:large","max-video-preview":"max-video-preview:-1"},"canonical":"https:\/\/distribution.audio-technica.eu\/es-es\/noticias\/rafa-sardina-ganador-de-13-grammy-graba-con-microfonos-de-la-serie-50-de-audio-technica\/","og_locale":"es_ES","og_type":"article","og_title":"Rafa Sardina, ganador de 13 Grammy\u00ae, graba con micr\u00f3fonos de la serie 50 de Audio-Technica - Audio-Technica Iberia","og_description":"El productor e ingeniero de grabaci\u00f3n espa\u00f1ol Rafa Sardina (ganador de 13 premios Grammy\u00ae y Latin Grammy\u00ae) grab\u00f3 un conjunto de cuerdas y una banda utilizando nada menos que ocho unidades de los micr\u00f3fonos de estudio de la Serie 50 de Audio-Technica. Esta grabaci\u00f3n fue hecha para el \u00e1lbum Cl\u00e1sica Flamenca, una fusi\u00f3n rica e [&hellip;]","og_url":"https:\/\/distribution.audio-technica.eu\/es-es\/noticias\/rafa-sardina-ganador-de-13-grammy-graba-con-microfonos-de-la-serie-50-de-audio-technica\/","og_site_name":"Audio-Technica Iberia","article_published_time":"2019-07-10T16:34:14+00:00","article_modified_time":"2023-10-17T16:24:24+00:00","og_image":[{"width":640,"height":360,"url":"https:\/\/distribution.audio-technica.eu\/app\/uploads\/sites\/2\/NdP-AT-Serie-50-Rafa-Sardina-banner.jpg","type":"image\/jpeg"}],"author":"ctorras","twitter_card":"summary_large_image","twitter_misc":{"Escrito por":"ctorras","Tiempo de lectura":"3 minutos"},"schema":{"@context":"https:\/\/schema.org","@graph":[{"@type":"Article","@id":"https:\/\/distribution.audio-technica.eu\/es-es\/noticias\/rafa-sardina-ganador-de-13-grammy-graba-con-microfonos-de-la-serie-50-de-audio-technica\/#article","isPartOf":{"@id":"https:\/\/distribution.audio-technica.eu\/es-es\/noticias\/rafa-sardina-ganador-de-13-grammy-graba-con-microfonos-de-la-serie-50-de-audio-technica\/"},"author":{"name":"ctorras","@id":"https:\/\/distribution.audio-technica.eu\/es-es\/#\/schema\/person\/dbf0d33217ceab6329b4c3144742f2fb"},"headline":"Rafa Sardina, ganador de 13 Grammy\u00ae, graba con micr\u00f3fonos de la serie 50 de Audio-Technica","datePublished":"2019-07-10T16:34:14+00:00","dateModified":"2023-10-17T16:24:24+00:00","mainEntityOfPage":{"@id":"https:\/\/distribution.audio-technica.eu\/es-es\/noticias\/rafa-sardina-ganador-de-13-grammy-graba-con-microfonos-de-la-serie-50-de-audio-technica\/"},"wordCount":430,"image":{"@id":"https:\/\/distribution.audio-technica.eu\/es-es\/noticias\/rafa-sardina-ganador-de-13-grammy-graba-con-microfonos-de-la-serie-50-de-audio-technica\/#primaryimage"},"thumbnailUrl":"\/app\/uploads\/sites\/2\/NdP-AT-Serie-50-Rafa-Sardina-banner.jpg","keywords":["Estudio","Serie 50"],"articleSection":["Usuarios"],"inLanguage":"es"},{"@type":"WebPage","@id":"https:\/\/distribution.audio-technica.eu\/es-es\/noticias\/rafa-sardina-ganador-de-13-grammy-graba-con-microfonos-de-la-serie-50-de-audio-technica\/","url":"https:\/\/distribution.audio-technica.eu\/es-es\/noticias\/rafa-sardina-ganador-de-13-grammy-graba-con-microfonos-de-la-serie-50-de-audio-technica\/","name":"Rafa Sardina, ganador de 13 Grammy\u00ae, graba con micr\u00f3fonos de la serie 50 de Audio-Technica - Audio-Technica Iberia","isPartOf":{"@id":"https:\/\/distribution.audio-technica.eu\/es-es\/#website"},"primaryImageOfPage":{"@id":"https:\/\/distribution.audio-technica.eu\/es-es\/noticias\/rafa-sardina-ganador-de-13-grammy-graba-con-microfonos-de-la-serie-50-de-audio-technica\/#primaryimage"},"image":{"@id":"https:\/\/distribution.audio-technica.eu\/es-es\/noticias\/rafa-sardina-ganador-de-13-grammy-graba-con-microfonos-de-la-serie-50-de-audio-technica\/#primaryimage"},"thumbnailUrl":"\/app\/uploads\/sites\/2\/NdP-AT-Serie-50-Rafa-Sardina-banner.jpg","datePublished":"2019-07-10T16:34:14+00:00","dateModified":"2023-10-17T16:24:24+00:00","author":{"@id":"https:\/\/distribution.audio-technica.eu\/es-es\/#\/schema\/person\/dbf0d33217ceab6329b4c3144742f2fb"},"breadcrumb":{"@id":"https:\/\/distribution.audio-technica.eu\/es-es\/noticias\/rafa-sardina-ganador-de-13-grammy-graba-con-microfonos-de-la-serie-50-de-audio-technica\/#breadcrumb"},"inLanguage":"es","potentialAction":[{"@type":"ReadAction","target":["https:\/\/distribution.audio-technica.eu\/es-es\/noticias\/rafa-sardina-ganador-de-13-grammy-graba-con-microfonos-de-la-serie-50-de-audio-technica\/"]}]},{"@type":"ImageObject","inLanguage":"es","@id":"https:\/\/distribution.audio-technica.eu\/es-es\/noticias\/rafa-sardina-ganador-de-13-grammy-graba-con-microfonos-de-la-serie-50-de-audio-technica\/#primaryimage","url":"\/app\/uploads\/sites\/2\/NdP-AT-Serie-50-Rafa-Sardina-banner.jpg","contentUrl":"\/app\/uploads\/sites\/2\/NdP-AT-Serie-50-Rafa-Sardina-banner.jpg","width":640,"height":360},{"@type":"BreadcrumbList","@id":"https:\/\/distribution.audio-technica.eu\/es-es\/noticias\/rafa-sardina-ganador-de-13-grammy-graba-con-microfonos-de-la-serie-50-de-audio-technica\/#breadcrumb","itemListElement":[{"@type":"ListItem","position":1,"name":"Products","item":"https:\/\/distribution.audio-technica.eu\/es-es\/"},{"@type":"ListItem","position":2,"name":"Rafa Sardina, ganador de 13 Grammy\u00ae, graba con micr\u00f3fonos de la serie 50 de Audio-Technica"}]},{"@type":"WebSite","@id":"https:\/\/distribution.audio-technica.eu\/es-es\/#website","url":"https:\/\/distribution.audio-technica.eu\/es-es\/","name":"Audio-Technica Iberia","description":"Distribuci\u00f3n","potentialAction":[{"@type":"SearchAction","target":{"@type":"EntryPoint","urlTemplate":"https:\/\/distribution.audio-technica.eu\/es-es\/?s={search_term_string}"},"query-input":{"@type":"PropertyValueSpecification","valueRequired":true,"valueName":"search_term_string"}}],"inLanguage":"es"},{"@type":"Person","@id":"https:\/\/distribution.audio-technica.eu\/es-es\/#\/schema\/person\/dbf0d33217ceab6329b4c3144742f2fb","name":"ctorras"}]}},"_links":{"self":[{"href":"https:\/\/distribution.audio-technica.eu\/es-es\/wp-json\/wp\/v2\/posts\/17921","targetHints":{"allow":["GET"]}}],"collection":[{"href":"https:\/\/distribution.audio-technica.eu\/es-es\/wp-json\/wp\/v2\/posts"}],"about":[{"href":"https:\/\/distribution.audio-technica.eu\/es-es\/wp-json\/wp\/v2\/types\/post"}],"author":[{"embeddable":true,"href":"https:\/\/distribution.audio-technica.eu\/es-es\/wp-json\/wp\/v2\/users\/2"}],"replies":[{"embeddable":true,"href":"https:\/\/distribution.audio-technica.eu\/es-es\/wp-json\/wp\/v2\/comments?post=17921"}],"version-history":[{"count":15,"href":"https:\/\/distribution.audio-technica.eu\/es-es\/wp-json\/wp\/v2\/posts\/17921\/revisions"}],"predecessor-version":[{"id":30681,"href":"https:\/\/distribution.audio-technica.eu\/es-es\/wp-json\/wp\/v2\/posts\/17921\/revisions\/30681"}],"wp:featuredmedia":[{"embeddable":true,"href":"https:\/\/distribution.audio-technica.eu\/es-es\/wp-json\/wp\/v2\/media\/17925"}],"wp:attachment":[{"href":"https:\/\/distribution.audio-technica.eu\/es-es\/wp-json\/wp\/v2\/media?parent=17921"}],"wp:term":[{"taxonomy":"category","embeddable":true,"href":"https:\/\/distribution.audio-technica.eu\/es-es\/wp-json\/wp\/v2\/categories?post=17921"},{"taxonomy":"post_tag","embeddable":true,"href":"https:\/\/distribution.audio-technica.eu\/es-es\/wp-json\/wp\/v2\/tags?post=17921"}],"curies":[{"name":"wp","href":"https:\/\/api.w.org\/{rel}","templated":true}]}}