{"id":18451,"date":"2019-08-07T20:27:06","date_gmt":"2019-08-07T18:27:06","guid":{"rendered":"https:\/\/atdb-production.studiograft.dev\/es\/?p=18451"},"modified":"2023-07-31T10:53:33","modified_gmt":"2023-07-31T08:53:33","slug":"el-bateria-que-vence-a-la-ansiedad","status":"publish","type":"post","link":"https:\/\/distribution.audio-technica.eu\/es-es\/noticias\/el-bateria-que-vence-a-la-ansiedad\/","title":{"rendered":"El bater\u00eda que vence a la ansiedad"},"content":{"rendered":"<h2>El bater\u00eda y prol\u00edfico youtuber <a href=\"http:\/\/www.alexrudinger.com\/\">Alex \u2018Rudi\u2019 Rudinger<\/a>, con m\u00e1s de 10 millones de visualizaciones, acaba de actualizar su equipo para incluir una interface de audio USB iD44 y 2 preamplificadores microf\u00f3nicos de 8 canales ASP880<\/h2>\n<p><a href=\"https:\/\/distribution.audio-technica.eu\/es\/wp-content\/uploads\/sites\/2\/NdP-Audient-Alex-Rudinger_1.jpg\"><img loading=\"lazy\" decoding=\"async\" class=\"alignnone size-800 wp-image-18452\" src=\"\/es\/wp-content\/uploads\/sites\/2\/NdP-Audient-Alex-Rudinger_1-800x533.jpg\" alt=\"\" width=\"800\" height=\"533\" srcset=\"https:\/\/distribution.audio-technica.eu\/app\/uploads\/sites\/2\/NdP-Audient-Alex-Rudinger_1-800x533.jpg 800w, https:\/\/distribution.audio-technica.eu\/app\/uploads\/sites\/2\/NdP-Audient-Alex-Rudinger_1-150x100.jpg 150w, https:\/\/distribution.audio-technica.eu\/app\/uploads\/sites\/2\/NdP-Audient-Alex-Rudinger_1-300x200.jpg 300w, https:\/\/distribution.audio-technica.eu\/app\/uploads\/sites\/2\/NdP-Audient-Alex-Rudinger_1-768x512.jpg 768w, https:\/\/distribution.audio-technica.eu\/app\/uploads\/sites\/2\/NdP-Audient-Alex-Rudinger_1-1024x683.jpg 1024w, https:\/\/distribution.audio-technica.eu\/app\/uploads\/sites\/2\/NdP-Audient-Alex-Rudinger_1-200x133.jpg 200w, https:\/\/distribution.audio-technica.eu\/app\/uploads\/sites\/2\/NdP-Audient-Alex-Rudinger_1-400x267.jpg 400w, https:\/\/distribution.audio-technica.eu\/app\/uploads\/sites\/2\/NdP-Audient-Alex-Rudinger_1-600x400.jpg 600w, https:\/\/distribution.audio-technica.eu\/app\/uploads\/sites\/2\/NdP-Audient-Alex-Rudinger_1-1200x800.jpg 1200w, https:\/\/distribution.audio-technica.eu\/app\/uploads\/sites\/2\/NdP-Audient-Alex-Rudinger_1.jpg 1500w\" sizes=\"auto, (max-width: 800px) 100vw, 800px\" \/><\/a><\/p>\n<p>La pasi\u00f3n y el talento de Alex R\u00fcdinger para tocar y grabar la bater\u00eda queda patente en su popular\u00a0<a href=\"https:\/\/www.youtube.com\/user\/mdterps1042\">canal de YouTube<\/a>, al que recientemente ha agregado un nuevo v\u00eddeo en el que desvela <a href=\"https:\/\/www.youtube.com\/watch?v=PYXTQJhhvCY\">c\u00f3mo est\u00e1 configurado su equipo de estudio<\/a>.<\/p>\n<p>Describiendo su forma de trabajar, afirma: \u201c<em>Por supuesto, tener el ordenador al alcance de la mano es importante. Mis unidades <\/em><a href=\"https:\/\/distribution.audio-technica.eu\/es\/product\/id44\/\"><em>iD44<\/em><\/a><em> y <\/em><a href=\"https:\/\/distribution.audio-technica.eu\/es\/product\/asp880\/\"><em>ASP880<\/em><\/a><em> est\u00e1n en un rack que tengo detr\u00e1s de mi kit de bater\u00eda, junto al soporte para el ordenador<\/em>\u201d.<\/p>\n<p>\u201c<em>Cuando termino de grabar algo, llevo mi port\u00e1til hasta mi escritorio, situado en otro punto de la sala, donde tengo mis monitores de estudio. Antes ten\u00eda ah\u00ed una interface m\u00e1s sencilla que utilizaba solo para reproducir (as\u00ed no ten\u00eda que andar desmontando constantemente el interface del rack que tengo tras mi bater\u00eda), pero dado que el iD44 es muy manejable, port\u00e1til y compacto, ahora simplemente lo cojo, lo desconecto y lo llevo hasta mi escritorio. Es otra cosa que me gusta del iD44<\/em>\u201d.<\/p>\n<p><a href=\"https:\/\/distribution.audio-technica.eu\/es\/wp-content\/uploads\/sites\/2\/NdP-Audient-Alex-Rudinger_2.jpg\"><img loading=\"lazy\" decoding=\"async\" class=\"alignnone size-800 wp-image-18453\" src=\"\/es\/wp-content\/uploads\/sites\/2\/NdP-Audient-Alex-Rudinger_2-800x533.jpg\" alt=\"\" width=\"800\" height=\"533\" srcset=\"https:\/\/distribution.audio-technica.eu\/app\/uploads\/sites\/2\/NdP-Audient-Alex-Rudinger_2-800x533.jpg 800w, https:\/\/distribution.audio-technica.eu\/app\/uploads\/sites\/2\/NdP-Audient-Alex-Rudinger_2-150x100.jpg 150w, https:\/\/distribution.audio-technica.eu\/app\/uploads\/sites\/2\/NdP-Audient-Alex-Rudinger_2-300x200.jpg 300w, https:\/\/distribution.audio-technica.eu\/app\/uploads\/sites\/2\/NdP-Audient-Alex-Rudinger_2-768x512.jpg 768w, https:\/\/distribution.audio-technica.eu\/app\/uploads\/sites\/2\/NdP-Audient-Alex-Rudinger_2-1024x683.jpg 1024w, https:\/\/distribution.audio-technica.eu\/app\/uploads\/sites\/2\/NdP-Audient-Alex-Rudinger_2-200x133.jpg 200w, https:\/\/distribution.audio-technica.eu\/app\/uploads\/sites\/2\/NdP-Audient-Alex-Rudinger_2-400x267.jpg 400w, https:\/\/distribution.audio-technica.eu\/app\/uploads\/sites\/2\/NdP-Audient-Alex-Rudinger_2-600x400.jpg 600w, https:\/\/distribution.audio-technica.eu\/app\/uploads\/sites\/2\/NdP-Audient-Alex-Rudinger_2-1200x800.jpg 1200w, https:\/\/distribution.audio-technica.eu\/app\/uploads\/sites\/2\/NdP-Audient-Alex-Rudinger_2.jpg 1500w\" sizes=\"auto, (max-width: 800px) 100vw, 800px\" \/><\/a><\/p>\n<p>Continuamente esforz\u00e1ndose por mejorar su t\u00e9cnica, Rudi se graba a s\u00ed mismo el 99% del tiempo. \u201c<em>Poder grabarme a m\u00ed mismo es una herramienta excepcional que me permite mejorar mi habilidad con el instrumento<\/em>\u201d, afirma.<\/p>\n<p>La bater\u00eda es tambi\u00e9n una herramienta extremadamente importante para \u00e9l en otro sentido, ya que atribuye la superaci\u00f3n de un \u201c<em>inmenso miedo al fracaso\u201d<\/em>\u00a0a esta inquebrantable dedicaci\u00f3n a su oficio.<\/p>\n<p><em>\u201cAl igual que muchas personas, en diferentes momentos de mi vida, he luchado contra una depresi\u00f3n bastante grave y una ansiedad un tanto agobiante,\u201d<\/em> admite. <em>\u201cLa bater\u00eda me ha proporcionado una plataforma fenomenal para permitir mi crecimiento como ser humano, mucho m\u00e1s de lo que la gente piensa\u201d.<\/em><\/p>\n<p><em>\u201cHubo incluso un momento en el que realmente pens\u00e9 que nunca ser\u00eda capaz de actuar en vivo. De alguna manera, mi pasi\u00f3n por la bater\u00eda y la m\u00fasica siempre ha logrado superar los problemas de salud mental lo suficiente como para obligarme a salir de mi zona de confort\u201d .<\/em><\/p>\n<p><a href=\"https:\/\/distribution.audio-technica.eu\/es\/wp-content\/uploads\/sites\/2\/NdP-Audient-Alex-Rudinger_3.jpg\"><img loading=\"lazy\" decoding=\"async\" class=\"alignnone size-800 wp-image-18454\" src=\"\/es\/wp-content\/uploads\/sites\/2\/NdP-Audient-Alex-Rudinger_3-800x533.jpg\" alt=\"\" width=\"800\" height=\"533\" srcset=\"https:\/\/distribution.audio-technica.eu\/app\/uploads\/sites\/2\/NdP-Audient-Alex-Rudinger_3-800x533.jpg 800w, https:\/\/distribution.audio-technica.eu\/app\/uploads\/sites\/2\/NdP-Audient-Alex-Rudinger_3-150x100.jpg 150w, https:\/\/distribution.audio-technica.eu\/app\/uploads\/sites\/2\/NdP-Audient-Alex-Rudinger_3-300x200.jpg 300w, https:\/\/distribution.audio-technica.eu\/app\/uploads\/sites\/2\/NdP-Audient-Alex-Rudinger_3-768x512.jpg 768w, https:\/\/distribution.audio-technica.eu\/app\/uploads\/sites\/2\/NdP-Audient-Alex-Rudinger_3-1024x683.jpg 1024w, https:\/\/distribution.audio-technica.eu\/app\/uploads\/sites\/2\/NdP-Audient-Alex-Rudinger_3-200x133.jpg 200w, https:\/\/distribution.audio-technica.eu\/app\/uploads\/sites\/2\/NdP-Audient-Alex-Rudinger_3-400x267.jpg 400w, https:\/\/distribution.audio-technica.eu\/app\/uploads\/sites\/2\/NdP-Audient-Alex-Rudinger_3-600x400.jpg 600w, https:\/\/distribution.audio-technica.eu\/app\/uploads\/sites\/2\/NdP-Audient-Alex-Rudinger_3-1200x800.jpg 1200w, https:\/\/distribution.audio-technica.eu\/app\/uploads\/sites\/2\/NdP-Audient-Alex-Rudinger_3.jpg 1500w\" sizes=\"auto, (max-width: 800px) 100vw, 800px\" \/><\/a><\/p>\n<p>Actualmente, Rudi se encuentra en una forma excelente, realizando trabajo de sesi\u00f3n y giras con bandas tales como <em>The Faceless<\/em>, <em>Revocation, Conquering Dystopia, Good Tiger <\/em>and <em>Threat Signal<\/em>. Tambi\u00e9n da clases a trav\u00e9s de Skype y tiene <em>\u201cproyectos muy interesantes\u201d<\/em>, lo que demuestra que <em>\u201cel trabajo duro y la dedicaci\u00f3n realmente pueden llevarte a donde quieras llegar\u201d<\/em>.<\/p>\n<p><em>\u201cAdem\u00e1s de ser algo que me encanta hacer, (tocar la bater\u00eda) tambi\u00e9n ha mejorado mi calidad de vida en general. Cuando digo: \u2018la bater\u00eda y la m\u00fasica me hacen feliz\u2019, lo digo en serio, mucho m\u00e1s all\u00e1 del sentido de &#8216;gratificaci\u00f3n instant\u00e1nea&#8217; \u201d.<\/em><\/p>\n<p>Alex &#8216;Rudi&#8217; Rudinger nos habla de su experiencia con los Audient iD44 y ASP880 en este v\u00eddeo:<\/p>\n<p>[fusion_youtube id=\u00bbPYXTQJhhvCY\u00bb alignment=\u00bbcenter\u00bb width=\u00bb800&#8243; height=\u00bb\u00bb autoplay=\u00bbfalse\u00bb api_params=\u00bb\u00bb hide_on_mobile=\u00bbsmall-visibility,medium-visibility,large-visibility\u00bb class=\u00bb\u00bb][\/fusion_youtube]<\/p>\n<p>&nbsp;<\/p>\n<p>M\u00e1s informaci\u00f3n sobre Rudi a trav\u00e9s de sus canales oficiales en las redes sociales: \u00a0<a href=\"http:\/\/www.facebook.com\/alexrudingerofficial\">Official Facebook Fan Page<\/a>,<a href=\"http:\/\/www.facebook.com\/alex.rudinger\"> Personal Facebook<\/a>,<a href=\"http:\/\/www.instagram.com\/alexrudinger\"> Instagram<\/a>,<a href=\"http:\/\/www.twitter.com\/rudyrudinger\"> Twitter<\/a>,<a href=\"http:\/\/www.alexrudinger.com\/\"> Official Website<\/a>, y puede leer la entrevista completa en la p\u00e1gina web de Audient, pinchando <a href=\"https:\/\/audient.com\/2019\/04\/03\/rudi_drums\/\">aqu\u00ed<\/a>.<\/p>\n","protected":false},"excerpt":{"rendered":"<p>El bater\u00eda y prol\u00edfico youtuber Alex \u2018Rudi\u2019 Rudinger, con m\u00e1s de 10 millones de visualizaciones, acaba de actualizar su equipo para incluir una interface de audio USB iD44 y 2 preamplificadores microf\u00f3nicos de 8 canales ASP880 La pasi\u00f3n y el talento de Alex R\u00fcdinger para tocar y grabar la bater\u00eda queda patente en su popular\u00a0canal [&hellip;]<\/p>\n","protected":false},"author":2,"featured_media":18456,"comment_status":"closed","ping_status":"closed","sticky":false,"template":"","format":"standard","meta":{"_acf_changed":false,"footnotes":""},"categories":[2459],"tags":[1745,1747,1868],"class_list":["post-18451","post","type-post","status-publish","format-standard","has-post-thumbnail","hentry","category-usuarios","tag-asp880","tag-bateria","tag-id44"],"acf":[],"yoast_head":"<!-- This site is optimized with the Yoast SEO plugin v27.1.1 - https:\/\/yoast.com\/product\/yoast-seo-wordpress\/ -->\n<title>El bater\u00eda que vence a la ansiedad - Audio-Technica Iberia<\/title>\n<meta name=\"robots\" content=\"index, follow, max-snippet:-1, max-image-preview:large, max-video-preview:-1\" \/>\n<link rel=\"canonical\" href=\"https:\/\/distribution.audio-technica.eu\/es-es\/noticias\/el-bateria-que-vence-a-la-ansiedad\/\" \/>\n<meta property=\"og:locale\" content=\"es_ES\" \/>\n<meta property=\"og:type\" content=\"article\" \/>\n<meta property=\"og:title\" content=\"El bater\u00eda que vence a la ansiedad - Audio-Technica Iberia\" \/>\n<meta property=\"og:description\" content=\"El bater\u00eda y prol\u00edfico youtuber Alex \u2018Rudi\u2019 Rudinger, con m\u00e1s de 10 millones de visualizaciones, acaba de actualizar su equipo para incluir una interface de audio USB iD44 y 2 preamplificadores microf\u00f3nicos de 8 canales ASP880 La pasi\u00f3n y el talento de Alex R\u00fcdinger para tocar y grabar la bater\u00eda queda patente en su popular\u00a0canal [&hellip;]\" \/>\n<meta property=\"og:url\" content=\"https:\/\/distribution.audio-technica.eu\/es-es\/noticias\/el-bateria-que-vence-a-la-ansiedad\/\" \/>\n<meta property=\"og:site_name\" content=\"Audio-Technica Iberia\" \/>\n<meta property=\"article:published_time\" content=\"2019-08-07T18:27:06+00:00\" \/>\n<meta property=\"article:modified_time\" content=\"2023-07-31T08:53:33+00:00\" \/>\n<meta property=\"og:image\" content=\"https:\/\/distribution.audio-technica.eu\/app\/uploads\/sites\/2\/NdP-Audient-Alex-Rudinger_banner.jpg\" \/>\n\t<meta property=\"og:image:width\" content=\"640\" \/>\n\t<meta property=\"og:image:height\" content=\"360\" \/>\n\t<meta property=\"og:image:type\" content=\"image\/jpeg\" \/>\n<meta name=\"author\" content=\"ctorras\" \/>\n<meta name=\"twitter:card\" content=\"summary_large_image\" \/>\n<meta name=\"twitter:label1\" content=\"Escrito por\" \/>\n\t<meta name=\"twitter:data1\" content=\"ctorras\" \/>\n\t<meta name=\"twitter:label2\" content=\"Tiempo de lectura\" \/>\n\t<meta name=\"twitter:data2\" content=\"3 minutos\" \/>\n<script type=\"application\/ld+json\" class=\"yoast-schema-graph\">{\"@context\":\"https:\/\/schema.org\",\"@graph\":[{\"@type\":\"Article\",\"@id\":\"https:\/\/distribution.audio-technica.eu\/es-es\/noticias\/el-bateria-que-vence-a-la-ansiedad\/#article\",\"isPartOf\":{\"@id\":\"https:\/\/distribution.audio-technica.eu\/es-es\/noticias\/el-bateria-que-vence-a-la-ansiedad\/\"},\"author\":{\"name\":\"ctorras\",\"@id\":\"https:\/\/distribution.audio-technica.eu\/es-es\/#\/schema\/person\/dbf0d33217ceab6329b4c3144742f2fb\"},\"headline\":\"El bater\u00eda que vence a la ansiedad\",\"datePublished\":\"2019-08-07T18:27:06+00:00\",\"dateModified\":\"2023-07-31T08:53:33+00:00\",\"mainEntityOfPage\":{\"@id\":\"https:\/\/distribution.audio-technica.eu\/es-es\/noticias\/el-bateria-que-vence-a-la-ansiedad\/\"},\"wordCount\":592,\"image\":{\"@id\":\"https:\/\/distribution.audio-technica.eu\/es-es\/noticias\/el-bateria-que-vence-a-la-ansiedad\/#primaryimage\"},\"thumbnailUrl\":\"\/app\/uploads\/sites\/2\/NdP-Audient-Alex-Rudinger_banner.jpg\",\"keywords\":[\"ASP880\",\"BATERIA\",\"ID44\"],\"articleSection\":[\"Usuarios\"],\"inLanguage\":\"es\"},{\"@type\":\"WebPage\",\"@id\":\"https:\/\/distribution.audio-technica.eu\/es-es\/noticias\/el-bateria-que-vence-a-la-ansiedad\/\",\"url\":\"https:\/\/distribution.audio-technica.eu\/es-es\/noticias\/el-bateria-que-vence-a-la-ansiedad\/\",\"name\":\"El bater\u00eda que vence a la ansiedad - Audio-Technica Iberia\",\"isPartOf\":{\"@id\":\"https:\/\/distribution.audio-technica.eu\/es-es\/#website\"},\"primaryImageOfPage\":{\"@id\":\"https:\/\/distribution.audio-technica.eu\/es-es\/noticias\/el-bateria-que-vence-a-la-ansiedad\/#primaryimage\"},\"image\":{\"@id\":\"https:\/\/distribution.audio-technica.eu\/es-es\/noticias\/el-bateria-que-vence-a-la-ansiedad\/#primaryimage\"},\"thumbnailUrl\":\"\/app\/uploads\/sites\/2\/NdP-Audient-Alex-Rudinger_banner.jpg\",\"datePublished\":\"2019-08-07T18:27:06+00:00\",\"dateModified\":\"2023-07-31T08:53:33+00:00\",\"author\":{\"@id\":\"https:\/\/distribution.audio-technica.eu\/es-es\/#\/schema\/person\/dbf0d33217ceab6329b4c3144742f2fb\"},\"breadcrumb\":{\"@id\":\"https:\/\/distribution.audio-technica.eu\/es-es\/noticias\/el-bateria-que-vence-a-la-ansiedad\/#breadcrumb\"},\"inLanguage\":\"es\",\"potentialAction\":[{\"@type\":\"ReadAction\",\"target\":[\"https:\/\/distribution.audio-technica.eu\/es-es\/noticias\/el-bateria-que-vence-a-la-ansiedad\/\"]}]},{\"@type\":\"ImageObject\",\"inLanguage\":\"es\",\"@id\":\"https:\/\/distribution.audio-technica.eu\/es-es\/noticias\/el-bateria-que-vence-a-la-ansiedad\/#primaryimage\",\"url\":\"\/app\/uploads\/sites\/2\/NdP-Audient-Alex-Rudinger_banner.jpg\",\"contentUrl\":\"\/app\/uploads\/sites\/2\/NdP-Audient-Alex-Rudinger_banner.jpg\",\"width\":640,\"height\":360},{\"@type\":\"BreadcrumbList\",\"@id\":\"https:\/\/distribution.audio-technica.eu\/es-es\/noticias\/el-bateria-que-vence-a-la-ansiedad\/#breadcrumb\",\"itemListElement\":[{\"@type\":\"ListItem\",\"position\":1,\"name\":\"Products\",\"item\":\"https:\/\/distribution.audio-technica.eu\/es-es\/\"},{\"@type\":\"ListItem\",\"position\":2,\"name\":\"El bater\u00eda que vence a la ansiedad\"}]},{\"@type\":\"WebSite\",\"@id\":\"https:\/\/distribution.audio-technica.eu\/es-es\/#website\",\"url\":\"https:\/\/distribution.audio-technica.eu\/es-es\/\",\"name\":\"Audio-Technica Iberia\",\"description\":\"Distribuci\u00f3n\",\"potentialAction\":[{\"@type\":\"SearchAction\",\"target\":{\"@type\":\"EntryPoint\",\"urlTemplate\":\"https:\/\/distribution.audio-technica.eu\/es-es\/?s={search_term_string}\"},\"query-input\":{\"@type\":\"PropertyValueSpecification\",\"valueRequired\":true,\"valueName\":\"search_term_string\"}}],\"inLanguage\":\"es\"},{\"@type\":\"Person\",\"@id\":\"https:\/\/distribution.audio-technica.eu\/es-es\/#\/schema\/person\/dbf0d33217ceab6329b4c3144742f2fb\",\"name\":\"ctorras\"}]}<\/script>\n<!-- \/ Yoast SEO plugin. -->","yoast_head_json":{"title":"El bater\u00eda que vence a la ansiedad - Audio-Technica Iberia","robots":{"index":"index","follow":"follow","max-snippet":"max-snippet:-1","max-image-preview":"max-image-preview:large","max-video-preview":"max-video-preview:-1"},"canonical":"https:\/\/distribution.audio-technica.eu\/es-es\/noticias\/el-bateria-que-vence-a-la-ansiedad\/","og_locale":"es_ES","og_type":"article","og_title":"El bater\u00eda que vence a la ansiedad - Audio-Technica Iberia","og_description":"El bater\u00eda y prol\u00edfico youtuber Alex \u2018Rudi\u2019 Rudinger, con m\u00e1s de 10 millones de visualizaciones, acaba de actualizar su equipo para incluir una interface de audio USB iD44 y 2 preamplificadores microf\u00f3nicos de 8 canales ASP880 La pasi\u00f3n y el talento de Alex R\u00fcdinger para tocar y grabar la bater\u00eda queda patente en su popular\u00a0canal [&hellip;]","og_url":"https:\/\/distribution.audio-technica.eu\/es-es\/noticias\/el-bateria-que-vence-a-la-ansiedad\/","og_site_name":"Audio-Technica Iberia","article_published_time":"2019-08-07T18:27:06+00:00","article_modified_time":"2023-07-31T08:53:33+00:00","og_image":[{"width":640,"height":360,"url":"https:\/\/distribution.audio-technica.eu\/app\/uploads\/sites\/2\/NdP-Audient-Alex-Rudinger_banner.jpg","type":"image\/jpeg"}],"author":"ctorras","twitter_card":"summary_large_image","twitter_misc":{"Escrito por":"ctorras","Tiempo de lectura":"3 minutos"},"schema":{"@context":"https:\/\/schema.org","@graph":[{"@type":"Article","@id":"https:\/\/distribution.audio-technica.eu\/es-es\/noticias\/el-bateria-que-vence-a-la-ansiedad\/#article","isPartOf":{"@id":"https:\/\/distribution.audio-technica.eu\/es-es\/noticias\/el-bateria-que-vence-a-la-ansiedad\/"},"author":{"name":"ctorras","@id":"https:\/\/distribution.audio-technica.eu\/es-es\/#\/schema\/person\/dbf0d33217ceab6329b4c3144742f2fb"},"headline":"El bater\u00eda que vence a la ansiedad","datePublished":"2019-08-07T18:27:06+00:00","dateModified":"2023-07-31T08:53:33+00:00","mainEntityOfPage":{"@id":"https:\/\/distribution.audio-technica.eu\/es-es\/noticias\/el-bateria-que-vence-a-la-ansiedad\/"},"wordCount":592,"image":{"@id":"https:\/\/distribution.audio-technica.eu\/es-es\/noticias\/el-bateria-que-vence-a-la-ansiedad\/#primaryimage"},"thumbnailUrl":"\/app\/uploads\/sites\/2\/NdP-Audient-Alex-Rudinger_banner.jpg","keywords":["ASP880","BATERIA","ID44"],"articleSection":["Usuarios"],"inLanguage":"es"},{"@type":"WebPage","@id":"https:\/\/distribution.audio-technica.eu\/es-es\/noticias\/el-bateria-que-vence-a-la-ansiedad\/","url":"https:\/\/distribution.audio-technica.eu\/es-es\/noticias\/el-bateria-que-vence-a-la-ansiedad\/","name":"El bater\u00eda que vence a la ansiedad - Audio-Technica Iberia","isPartOf":{"@id":"https:\/\/distribution.audio-technica.eu\/es-es\/#website"},"primaryImageOfPage":{"@id":"https:\/\/distribution.audio-technica.eu\/es-es\/noticias\/el-bateria-que-vence-a-la-ansiedad\/#primaryimage"},"image":{"@id":"https:\/\/distribution.audio-technica.eu\/es-es\/noticias\/el-bateria-que-vence-a-la-ansiedad\/#primaryimage"},"thumbnailUrl":"\/app\/uploads\/sites\/2\/NdP-Audient-Alex-Rudinger_banner.jpg","datePublished":"2019-08-07T18:27:06+00:00","dateModified":"2023-07-31T08:53:33+00:00","author":{"@id":"https:\/\/distribution.audio-technica.eu\/es-es\/#\/schema\/person\/dbf0d33217ceab6329b4c3144742f2fb"},"breadcrumb":{"@id":"https:\/\/distribution.audio-technica.eu\/es-es\/noticias\/el-bateria-que-vence-a-la-ansiedad\/#breadcrumb"},"inLanguage":"es","potentialAction":[{"@type":"ReadAction","target":["https:\/\/distribution.audio-technica.eu\/es-es\/noticias\/el-bateria-que-vence-a-la-ansiedad\/"]}]},{"@type":"ImageObject","inLanguage":"es","@id":"https:\/\/distribution.audio-technica.eu\/es-es\/noticias\/el-bateria-que-vence-a-la-ansiedad\/#primaryimage","url":"\/app\/uploads\/sites\/2\/NdP-Audient-Alex-Rudinger_banner.jpg","contentUrl":"\/app\/uploads\/sites\/2\/NdP-Audient-Alex-Rudinger_banner.jpg","width":640,"height":360},{"@type":"BreadcrumbList","@id":"https:\/\/distribution.audio-technica.eu\/es-es\/noticias\/el-bateria-que-vence-a-la-ansiedad\/#breadcrumb","itemListElement":[{"@type":"ListItem","position":1,"name":"Products","item":"https:\/\/distribution.audio-technica.eu\/es-es\/"},{"@type":"ListItem","position":2,"name":"El bater\u00eda que vence a la ansiedad"}]},{"@type":"WebSite","@id":"https:\/\/distribution.audio-technica.eu\/es-es\/#website","url":"https:\/\/distribution.audio-technica.eu\/es-es\/","name":"Audio-Technica Iberia","description":"Distribuci\u00f3n","potentialAction":[{"@type":"SearchAction","target":{"@type":"EntryPoint","urlTemplate":"https:\/\/distribution.audio-technica.eu\/es-es\/?s={search_term_string}"},"query-input":{"@type":"PropertyValueSpecification","valueRequired":true,"valueName":"search_term_string"}}],"inLanguage":"es"},{"@type":"Person","@id":"https:\/\/distribution.audio-technica.eu\/es-es\/#\/schema\/person\/dbf0d33217ceab6329b4c3144742f2fb","name":"ctorras"}]}},"_links":{"self":[{"href":"https:\/\/distribution.audio-technica.eu\/es-es\/wp-json\/wp\/v2\/posts\/18451","targetHints":{"allow":["GET"]}}],"collection":[{"href":"https:\/\/distribution.audio-technica.eu\/es-es\/wp-json\/wp\/v2\/posts"}],"about":[{"href":"https:\/\/distribution.audio-technica.eu\/es-es\/wp-json\/wp\/v2\/types\/post"}],"author":[{"embeddable":true,"href":"https:\/\/distribution.audio-technica.eu\/es-es\/wp-json\/wp\/v2\/users\/2"}],"replies":[{"embeddable":true,"href":"https:\/\/distribution.audio-technica.eu\/es-es\/wp-json\/wp\/v2\/comments?post=18451"}],"version-history":[{"count":29,"href":"https:\/\/distribution.audio-technica.eu\/es-es\/wp-json\/wp\/v2\/posts\/18451\/revisions"}],"predecessor-version":[{"id":18551,"href":"https:\/\/distribution.audio-technica.eu\/es-es\/wp-json\/wp\/v2\/posts\/18451\/revisions\/18551"}],"wp:featuredmedia":[{"embeddable":true,"href":"https:\/\/distribution.audio-technica.eu\/es-es\/wp-json\/wp\/v2\/media\/18456"}],"wp:attachment":[{"href":"https:\/\/distribution.audio-technica.eu\/es-es\/wp-json\/wp\/v2\/media?parent=18451"}],"wp:term":[{"taxonomy":"category","embeddable":true,"href":"https:\/\/distribution.audio-technica.eu\/es-es\/wp-json\/wp\/v2\/categories?post=18451"},{"taxonomy":"post_tag","embeddable":true,"href":"https:\/\/distribution.audio-technica.eu\/es-es\/wp-json\/wp\/v2\/tags?post=18451"}],"curies":[{"name":"wp","href":"https:\/\/api.w.org\/{rel}","templated":true}]}}