{"id":185,"date":"2016-09-05T17:45:55","date_gmt":"2016-09-05T15:45:55","guid":{"rendered":"http:\/\/noticias.audio-technica.es\/?p=185"},"modified":"2023-07-31T11:33:33","modified_gmt":"2023-07-31T09:33:33","slug":"la-universidad-de-surrey-crea-una-sala-de-audicion-en-formato-22-2","status":"publish","type":"post","link":"https:\/\/distribution.audio-technica.eu\/es-es\/noticias\/la-universidad-de-surrey-crea-una-sala-de-audicion-en-formato-22-2\/","title":{"rendered":"La Universidad de Surrey crea una sala de audici\u00f3n en formato 22.2 con Genelec"},"content":{"rendered":"<h2>El Institute of Sound Recording (IoSR) de la Universidad de Surrey ofrece acceso a una nueva instalaci\u00f3n de audici\u00f3n 22.2 basada en monitores de estudio Genelec 8330A SAM y subgraves 7350A SAM. HHB ha suministrado al IoSR la tecnolog\u00eda necesaria, como parte de un programa de patrocinio de Genelec al IoSR y al grado de M\u00fasica y Grabaci\u00f3n de Sonido de la Universidad (Tonmeister).<\/h2>\n<p><img loading=\"lazy\" decoding=\"async\" class=\"aligncenter size-full wp-image-187\" src=\"http:\/\/noticias.audio-technica.es\/wp-content\/uploads\/genelec_surrey22_2_1.jpg\" alt=\"La Universidad de Surrey crea una sala de audici\u00f3n en formato 22.2\" width=\"640\" height=\"427\" srcset=\"https:\/\/distribution.audio-technica.eu\/app\/uploads\/sites\/2\/genelec_surrey22_2_1.jpg 640w, https:\/\/distribution.audio-technica.eu\/app\/uploads\/sites\/2\/genelec_surrey22_2_1-300x200.jpg 300w, https:\/\/distribution.audio-technica.eu\/app\/uploads\/sites\/2\/genelec_surrey22_2_1-200x133.jpg 200w, https:\/\/distribution.audio-technica.eu\/app\/uploads\/sites\/2\/genelec_surrey22_2_1-400x267.jpg 400w, https:\/\/distribution.audio-technica.eu\/app\/uploads\/sites\/2\/genelec_surrey22_2_1-600x400.jpg 600w\" sizes=\"auto, (max-width: 640px) 100vw, 640px\" \/><\/p>\n<p>La sala de audici\u00f3n ITU-R BS.1116 (dise\u00f1ada y construida por Munro Acoustics) es utilizada por los estudiantes e investigadores para llevar a cabo el trabajo experimental en la medici\u00f3n de audio y pruebas de escucha subjetivas. El ITU-R es el est\u00e1ndar internacional m\u00e1s cr\u00edtico para salas de escucha, con un criterio muy estricto en cuanto a bajo ruido, control de las reflexiones, relaciones entre sus dimensiones y tiempos de reverberaci\u00f3n.<\/p>\n<p>La sala de audici\u00f3n de Surrey est\u00e1 equipada con una flexible gama de sistemas de reproducci\u00f3n, tanto en est\u00e9reo como en formato multicanal, incluyendo altavoces elevados. Esto permite realizar de forma muy efectiva pruebas de audici\u00f3n en sonido surround multi canal.<\/p>\n<p><img loading=\"lazy\" decoding=\"async\" class=\"aligncenter size-full wp-image-188\" src=\"http:\/\/noticias.audio-technica.es\/wp-content\/uploads\/genelec_surrey22_2_2.jpg\" alt=\"La Universidad de Surrey crea una sala de audici\u00f3n en formato 22.2\" width=\"640\" height=\"438\" \/><\/p>\n<p>La sala incluye un sistema de montaje de altavoces que permite la disposici\u00f3n de un gran n\u00famero de unidades. El sistema incluye la gesti\u00f3n de graves. As\u00ed como la alineaci\u00f3n de tiempos y ecualizaci\u00f3n de niveles y respuesta en frecuencia. El sistema se encuentra configurado habitualmente para una reproducci\u00f3n de tipo 22.2, aunque el IoSR dispone de un total de 72 monitores de estudio <a href=\"http:\/\/eu.audio-technica.com\/brands\/cat-genelec\/monitores-de-estudio\/8020C?lang=es\" target=\"_blank\" rel=\"noopener\">8020<\/a> de <a href=\"http:\/\/eu.audio-technica.com\/genelec?lang=es\" target=\"_blank\" rel=\"noopener\">Genelec<\/a> que pueden ser utilizados para ampliar todav\u00eda m\u00e1s el sistema.<\/p>\n<p>\u201c<em>Los monitores SAM de Genelec han sido la elecci\u00f3n perfecta para la sala de audici\u00f3n; su capacidad de alineaci\u00f3n en cuanto a tiempo, nivel y frecuencia ahorra muchas horas de trabajo<\/em>,\u201d afirma el profesor titular Dr Russell Mason. \u201c<em>Tenemos previsto investigar una amplia gama de configuraciones de reproducci\u00f3n multicanal, y es esencial tener la capacidad de reconfigurar r\u00e1pidamente los altavoces en cada nueva posici\u00f3n<\/em>.\u201d<\/p>\n<p>Tambi\u00e9n se dispone de cinco monitores de estudio <a href=\"http:\/\/eu.audio-technica.com\/brands\/cat-genelec\/monitores-de-estudio\/1032B?lang=es\" target=\"_blank\" rel=\"noopener\">1032A<\/a> de Genelec y un subgrave activo 1094A que el IoSR utiliza espec\u00edficamente para sonido surround 5.1. El centro tambi\u00e9n cuenta con una amplia gama de equipos de prueba y medici\u00f3n que puede ser utilizado tanto en el interior de la salsa de audici\u00f3n como en cualquier otro lugar del campus.<\/p>\n<p>Adem\u00e1s de la sala de audici\u00f3n 22.2, el programa de patrocinio de Genelec incluye tambi\u00e9n descuentos en la adquisici\u00f3n de monitores de estudio, un seminario de electroac\u00fastica, un premio de postgrado y pr\u00e1cticas en la sede central de la empresa en Iisalmi, Finlandia.<\/p>\n<p>Impartido por Aki M\u00e4kivirta, director de I+D de Genelec, el seminario inaugural de dos d\u00edas se celebr\u00f3 los d\u00edas 13 y 14 del pasado mes de junio. Incluy\u00f3 una introducci\u00f3n general a la ac\u00fastica, adem\u00e1s de un proyecto pr\u00e1ctico dedicado a la especificaci\u00f3n y puesta en marcha de sistemas de monitorizaci\u00f3n en estudio. Una vez completado el programa del seminario, el estudiante Alistair Bolt recibi\u00f3 el premio consistente en un par de monitores de estudio <a href=\"http:\/\/eu.audio-technica.com\/brands\/cat-genelec\/monitores-de-estudio\/8320A?lang=es\" target=\"_blank\" rel=\"noopener\">8320A SAM<\/a>, un kit de usuario <a href=\"http:\/\/eu.audio-technica.com\/brands\/cat-genelec\/Software-para-gestion-control-de-monitores\/GLM%202.0?lang=es\" target=\"_blank\" rel=\"noopener\">GLM 2.0<\/a> y un controlador de volumen 9310A.<\/p>\n<p><img loading=\"lazy\" decoding=\"async\" class=\" wp-image-186 alignleft\" src=\"http:\/\/noticias.audio-technica.es\/wp-content\/uploads\/genelec_surrey22_2_3.jpg\" alt=\"La Universidad de Surrey crea una sala de audici\u00f3n en formato 22.2\" width=\"314\" height=\"471\" srcset=\"https:\/\/distribution.audio-technica.eu\/app\/uploads\/sites\/2\/genelec_surrey22_2_3.jpg 427w, https:\/\/distribution.audio-technica.eu\/app\/uploads\/sites\/2\/genelec_surrey22_2_3-200x300.jpg 200w, https:\/\/distribution.audio-technica.eu\/app\/uploads\/sites\/2\/genelec_surrey22_2_3-400x600.jpg 400w\" sizes=\"auto, (max-width: 314px) 100vw, 314px\" \/><\/p>\n<p>\u201c<em>El seminario es una gran aportaci\u00f3n al programa Tonmeister<\/em>,\u201d afirma Mason. <em>\u201cLos estudiantes aprenden la teor\u00eda de la ac\u00fastica de la sala y el dise\u00f1o y calibraci\u00f3n de altavoces como parte del curso, pero contar con un experto de renombre internacional como es Aki para que nos muestre como poner en pr\u00e1ctica la teor\u00eda basada en su muchos a\u00f1os de experiencia, es una oportunidad fant\u00e1stica<\/em>.\u201d<\/p>\n<p>&nbsp;<\/p>\n<p>&nbsp;<\/p>\n<p>&nbsp;<\/p>\n<p>&nbsp;<\/p>\n<p>&nbsp;<\/p>\n<p>&nbsp;<\/p>\n<p><a href=\"http:\/\/eu.audio-technica.com\/brands\/genelec\/monitores-de-estudio\/8020C?lang=es\" target=\"_blank\" rel=\"noopener\">M\u00e1s informaci\u00f3n sobre Genelec 8020C<\/a><\/p>\n<p><a href=\"http:\/\/eu.audio-technica.com\/brands\/genelec\/genelec-subgraves\/7350A?lang=es\" target=\"_blank\" rel=\"noopener\">M\u00e1s informaci\u00f3n sobre Genelec 7350A SAM<\/a><\/p>\n<p><a href=\"http:\/\/eu.audio-technica.com\/brands\/genelec\/monitores-de-estudio\/1032B?lang=es\" target=\"_blank\" rel=\"noopener\">M\u00e1s informaci\u00f3n sobre Genelec 1032B<\/a><\/p>\n<p><a href=\"http:\/\/eu.audio-technica.com\/brands\/genelec\/Software-para-gestion-control-de-monitores\/GLM%202.0?lang=es\" target=\"_blank\" rel=\"noopener\">M\u00e1s informaci\u00f3n sobre Genelec GLM 2.0<\/a><\/p>\n","protected":false},"excerpt":{"rendered":"<p>El Institute of Sound Recording (IoSR) de la Universidad de Surrey ofrece acceso a una nueva instalaci\u00f3n de audici\u00f3n 22.2 basada en monitores de estudio Genelec 8330A SAM y subgraves 7350A SAM. HHB ha suministrado al IoSR la tecnolog\u00eda necesaria, como parte de un programa de patrocinio de Genelec al IoSR y al grado de [&hellip;]<\/p>\n","protected":false},"author":1,"featured_media":6538,"comment_status":"closed","ping_status":"closed","sticky":false,"template":"","format":"standard","meta":{"_acf_changed":false,"footnotes":""},"categories":[2460,2459],"tags":[1641,1642,1564,1643,1596,1567,1644],"class_list":["post-185","post","type-post","status-publish","format-standard","has-post-thumbnail","hentry","category-instalaciones","category-usuarios","tag-7350a","tag-8330a","tag-estudio","tag-genelec","tag-monitor","tag-sam","tag-surround"],"acf":[],"yoast_head":"<!-- This site is optimized with the Yoast SEO plugin v27.1.1 - https:\/\/yoast.com\/product\/yoast-seo-wordpress\/ -->\n<title>La Universidad de Surrey crea una sala de audici\u00f3n en formato 22.2 con Genelec - Audio-Technica Iberia<\/title>\n<meta name=\"robots\" content=\"index, follow, max-snippet:-1, max-image-preview:large, max-video-preview:-1\" \/>\n<link rel=\"canonical\" href=\"https:\/\/distribution.audio-technica.eu\/es-es\/noticias\/la-universidad-de-surrey-crea-una-sala-de-audicion-en-formato-22-2\/\" \/>\n<meta property=\"og:locale\" content=\"es_ES\" \/>\n<meta property=\"og:type\" content=\"article\" \/>\n<meta property=\"og:title\" content=\"La Universidad de Surrey crea una sala de audici\u00f3n en formato 22.2 con Genelec - Audio-Technica Iberia\" \/>\n<meta property=\"og:description\" content=\"El Institute of Sound Recording (IoSR) de la Universidad de Surrey ofrece acceso a una nueva instalaci\u00f3n de audici\u00f3n 22.2 basada en monitores de estudio Genelec 8330A SAM y subgraves 7350A SAM. HHB ha suministrado al IoSR la tecnolog\u00eda necesaria, como parte de un programa de patrocinio de Genelec al IoSR y al grado de [&hellip;]\" \/>\n<meta property=\"og:url\" content=\"https:\/\/distribution.audio-technica.eu\/es-es\/noticias\/la-universidad-de-surrey-crea-una-sala-de-audicion-en-formato-22-2\/\" \/>\n<meta property=\"og:site_name\" content=\"Audio-Technica Iberia\" \/>\n<meta property=\"article:published_time\" content=\"2016-09-05T15:45:55+00:00\" \/>\n<meta property=\"article:modified_time\" content=\"2023-07-31T09:33:33+00:00\" \/>\n<meta property=\"og:image\" content=\"https:\/\/distribution.audio-technica.eu\/app\/uploads\/sites\/2\/DGenelec_Surrey.jpg\" \/>\n\t<meta property=\"og:image:width\" content=\"640\" \/>\n\t<meta property=\"og:image:height\" content=\"361\" \/>\n\t<meta property=\"og:image:type\" content=\"image\/jpeg\" \/>\n<meta name=\"author\" content=\"Audio-Technica\" \/>\n<meta name=\"twitter:card\" content=\"summary_large_image\" \/>\n<meta name=\"twitter:label1\" content=\"Escrito por\" \/>\n\t<meta name=\"twitter:data1\" content=\"Audio-Technica\" \/>\n\t<meta name=\"twitter:label2\" content=\"Tiempo de lectura\" \/>\n\t<meta name=\"twitter:data2\" content=\"3 minutos\" \/>\n<script type=\"application\/ld+json\" class=\"yoast-schema-graph\">{\"@context\":\"https:\/\/schema.org\",\"@graph\":[{\"@type\":\"Article\",\"@id\":\"https:\/\/distribution.audio-technica.eu\/es-es\/noticias\/la-universidad-de-surrey-crea-una-sala-de-audicion-en-formato-22-2\/#article\",\"isPartOf\":{\"@id\":\"https:\/\/distribution.audio-technica.eu\/es-es\/noticias\/la-universidad-de-surrey-crea-una-sala-de-audicion-en-formato-22-2\/\"},\"author\":{\"name\":\"Audio-Technica\",\"@id\":\"https:\/\/distribution.audio-technica.eu\/es-es\/#\/schema\/person\/e8e715e047e33cc425e816f59cbd9b80\"},\"headline\":\"La Universidad de Surrey crea una sala de audici\u00f3n en formato 22.2 con Genelec\",\"datePublished\":\"2016-09-05T15:45:55+00:00\",\"dateModified\":\"2023-07-31T09:33:33+00:00\",\"mainEntityOfPage\":{\"@id\":\"https:\/\/distribution.audio-technica.eu\/es-es\/noticias\/la-universidad-de-surrey-crea-una-sala-de-audicion-en-formato-22-2\/\"},\"wordCount\":672,\"image\":{\"@id\":\"https:\/\/distribution.audio-technica.eu\/es-es\/noticias\/la-universidad-de-surrey-crea-una-sala-de-audicion-en-formato-22-2\/#primaryimage\"},\"thumbnailUrl\":\"\/app\/uploads\/sites\/2\/DGenelec_Surrey.jpg\",\"keywords\":[\"7350A\",\"8330A\",\"Estudio\",\"genelec\",\"monitor\",\"SAM\",\"surround\"],\"articleSection\":[\"Instalaciones\",\"Usuarios\"],\"inLanguage\":\"es\"},{\"@type\":\"WebPage\",\"@id\":\"https:\/\/distribution.audio-technica.eu\/es-es\/noticias\/la-universidad-de-surrey-crea-una-sala-de-audicion-en-formato-22-2\/\",\"url\":\"https:\/\/distribution.audio-technica.eu\/es-es\/noticias\/la-universidad-de-surrey-crea-una-sala-de-audicion-en-formato-22-2\/\",\"name\":\"La Universidad de Surrey crea una sala de audici\u00f3n en formato 22.2 con Genelec - Audio-Technica Iberia\",\"isPartOf\":{\"@id\":\"https:\/\/distribution.audio-technica.eu\/es-es\/#website\"},\"primaryImageOfPage\":{\"@id\":\"https:\/\/distribution.audio-technica.eu\/es-es\/noticias\/la-universidad-de-surrey-crea-una-sala-de-audicion-en-formato-22-2\/#primaryimage\"},\"image\":{\"@id\":\"https:\/\/distribution.audio-technica.eu\/es-es\/noticias\/la-universidad-de-surrey-crea-una-sala-de-audicion-en-formato-22-2\/#primaryimage\"},\"thumbnailUrl\":\"\/app\/uploads\/sites\/2\/DGenelec_Surrey.jpg\",\"datePublished\":\"2016-09-05T15:45:55+00:00\",\"dateModified\":\"2023-07-31T09:33:33+00:00\",\"author\":{\"@id\":\"https:\/\/distribution.audio-technica.eu\/es-es\/#\/schema\/person\/e8e715e047e33cc425e816f59cbd9b80\"},\"breadcrumb\":{\"@id\":\"https:\/\/distribution.audio-technica.eu\/es-es\/noticias\/la-universidad-de-surrey-crea-una-sala-de-audicion-en-formato-22-2\/#breadcrumb\"},\"inLanguage\":\"es\",\"potentialAction\":[{\"@type\":\"ReadAction\",\"target\":[\"https:\/\/distribution.audio-technica.eu\/es-es\/noticias\/la-universidad-de-surrey-crea-una-sala-de-audicion-en-formato-22-2\/\"]}]},{\"@type\":\"ImageObject\",\"inLanguage\":\"es\",\"@id\":\"https:\/\/distribution.audio-technica.eu\/es-es\/noticias\/la-universidad-de-surrey-crea-una-sala-de-audicion-en-formato-22-2\/#primaryimage\",\"url\":\"\/app\/uploads\/sites\/2\/DGenelec_Surrey.jpg\",\"contentUrl\":\"\/app\/uploads\/sites\/2\/DGenelec_Surrey.jpg\",\"width\":640,\"height\":361,\"caption\":\"La Universidad de Surrey crea una sala de audici\u00f3n en formato 22.2\"},{\"@type\":\"BreadcrumbList\",\"@id\":\"https:\/\/distribution.audio-technica.eu\/es-es\/noticias\/la-universidad-de-surrey-crea-una-sala-de-audicion-en-formato-22-2\/#breadcrumb\",\"itemListElement\":[{\"@type\":\"ListItem\",\"position\":1,\"name\":\"Products\",\"item\":\"https:\/\/distribution.audio-technica.eu\/es-es\/\"},{\"@type\":\"ListItem\",\"position\":2,\"name\":\"La Universidad de Surrey crea una sala de audici\u00f3n en formato 22.2 con Genelec\"}]},{\"@type\":\"WebSite\",\"@id\":\"https:\/\/distribution.audio-technica.eu\/es-es\/#website\",\"url\":\"https:\/\/distribution.audio-technica.eu\/es-es\/\",\"name\":\"Audio-Technica Iberia\",\"description\":\"Distribuci\u00f3n\",\"potentialAction\":[{\"@type\":\"SearchAction\",\"target\":{\"@type\":\"EntryPoint\",\"urlTemplate\":\"https:\/\/distribution.audio-technica.eu\/es-es\/?s={search_term_string}\"},\"query-input\":{\"@type\":\"PropertyValueSpecification\",\"valueRequired\":true,\"valueName\":\"search_term_string\"}}],\"inLanguage\":\"es\"},{\"@type\":\"Person\",\"@id\":\"https:\/\/distribution.audio-technica.eu\/es-es\/#\/schema\/person\/e8e715e047e33cc425e816f59cbd9b80\",\"name\":\"Audio-Technica\"}]}<\/script>\n<!-- \/ Yoast SEO plugin. -->","yoast_head_json":{"title":"La Universidad de Surrey crea una sala de audici\u00f3n en formato 22.2 con Genelec - Audio-Technica Iberia","robots":{"index":"index","follow":"follow","max-snippet":"max-snippet:-1","max-image-preview":"max-image-preview:large","max-video-preview":"max-video-preview:-1"},"canonical":"https:\/\/distribution.audio-technica.eu\/es-es\/noticias\/la-universidad-de-surrey-crea-una-sala-de-audicion-en-formato-22-2\/","og_locale":"es_ES","og_type":"article","og_title":"La Universidad de Surrey crea una sala de audici\u00f3n en formato 22.2 con Genelec - Audio-Technica Iberia","og_description":"El Institute of Sound Recording (IoSR) de la Universidad de Surrey ofrece acceso a una nueva instalaci\u00f3n de audici\u00f3n 22.2 basada en monitores de estudio Genelec 8330A SAM y subgraves 7350A SAM. HHB ha suministrado al IoSR la tecnolog\u00eda necesaria, como parte de un programa de patrocinio de Genelec al IoSR y al grado de [&hellip;]","og_url":"https:\/\/distribution.audio-technica.eu\/es-es\/noticias\/la-universidad-de-surrey-crea-una-sala-de-audicion-en-formato-22-2\/","og_site_name":"Audio-Technica Iberia","article_published_time":"2016-09-05T15:45:55+00:00","article_modified_time":"2023-07-31T09:33:33+00:00","og_image":[{"width":640,"height":361,"url":"https:\/\/distribution.audio-technica.eu\/app\/uploads\/sites\/2\/DGenelec_Surrey.jpg","type":"image\/jpeg"}],"author":"Audio-Technica","twitter_card":"summary_large_image","twitter_misc":{"Escrito por":"Audio-Technica","Tiempo de lectura":"3 minutos"},"schema":{"@context":"https:\/\/schema.org","@graph":[{"@type":"Article","@id":"https:\/\/distribution.audio-technica.eu\/es-es\/noticias\/la-universidad-de-surrey-crea-una-sala-de-audicion-en-formato-22-2\/#article","isPartOf":{"@id":"https:\/\/distribution.audio-technica.eu\/es-es\/noticias\/la-universidad-de-surrey-crea-una-sala-de-audicion-en-formato-22-2\/"},"author":{"name":"Audio-Technica","@id":"https:\/\/distribution.audio-technica.eu\/es-es\/#\/schema\/person\/e8e715e047e33cc425e816f59cbd9b80"},"headline":"La Universidad de Surrey crea una sala de audici\u00f3n en formato 22.2 con Genelec","datePublished":"2016-09-05T15:45:55+00:00","dateModified":"2023-07-31T09:33:33+00:00","mainEntityOfPage":{"@id":"https:\/\/distribution.audio-technica.eu\/es-es\/noticias\/la-universidad-de-surrey-crea-una-sala-de-audicion-en-formato-22-2\/"},"wordCount":672,"image":{"@id":"https:\/\/distribution.audio-technica.eu\/es-es\/noticias\/la-universidad-de-surrey-crea-una-sala-de-audicion-en-formato-22-2\/#primaryimage"},"thumbnailUrl":"\/app\/uploads\/sites\/2\/DGenelec_Surrey.jpg","keywords":["7350A","8330A","Estudio","genelec","monitor","SAM","surround"],"articleSection":["Instalaciones","Usuarios"],"inLanguage":"es"},{"@type":"WebPage","@id":"https:\/\/distribution.audio-technica.eu\/es-es\/noticias\/la-universidad-de-surrey-crea-una-sala-de-audicion-en-formato-22-2\/","url":"https:\/\/distribution.audio-technica.eu\/es-es\/noticias\/la-universidad-de-surrey-crea-una-sala-de-audicion-en-formato-22-2\/","name":"La Universidad de Surrey crea una sala de audici\u00f3n en formato 22.2 con Genelec - Audio-Technica Iberia","isPartOf":{"@id":"https:\/\/distribution.audio-technica.eu\/es-es\/#website"},"primaryImageOfPage":{"@id":"https:\/\/distribution.audio-technica.eu\/es-es\/noticias\/la-universidad-de-surrey-crea-una-sala-de-audicion-en-formato-22-2\/#primaryimage"},"image":{"@id":"https:\/\/distribution.audio-technica.eu\/es-es\/noticias\/la-universidad-de-surrey-crea-una-sala-de-audicion-en-formato-22-2\/#primaryimage"},"thumbnailUrl":"\/app\/uploads\/sites\/2\/DGenelec_Surrey.jpg","datePublished":"2016-09-05T15:45:55+00:00","dateModified":"2023-07-31T09:33:33+00:00","author":{"@id":"https:\/\/distribution.audio-technica.eu\/es-es\/#\/schema\/person\/e8e715e047e33cc425e816f59cbd9b80"},"breadcrumb":{"@id":"https:\/\/distribution.audio-technica.eu\/es-es\/noticias\/la-universidad-de-surrey-crea-una-sala-de-audicion-en-formato-22-2\/#breadcrumb"},"inLanguage":"es","potentialAction":[{"@type":"ReadAction","target":["https:\/\/distribution.audio-technica.eu\/es-es\/noticias\/la-universidad-de-surrey-crea-una-sala-de-audicion-en-formato-22-2\/"]}]},{"@type":"ImageObject","inLanguage":"es","@id":"https:\/\/distribution.audio-technica.eu\/es-es\/noticias\/la-universidad-de-surrey-crea-una-sala-de-audicion-en-formato-22-2\/#primaryimage","url":"\/app\/uploads\/sites\/2\/DGenelec_Surrey.jpg","contentUrl":"\/app\/uploads\/sites\/2\/DGenelec_Surrey.jpg","width":640,"height":361,"caption":"La Universidad de Surrey crea una sala de audici\u00f3n en formato 22.2"},{"@type":"BreadcrumbList","@id":"https:\/\/distribution.audio-technica.eu\/es-es\/noticias\/la-universidad-de-surrey-crea-una-sala-de-audicion-en-formato-22-2\/#breadcrumb","itemListElement":[{"@type":"ListItem","position":1,"name":"Products","item":"https:\/\/distribution.audio-technica.eu\/es-es\/"},{"@type":"ListItem","position":2,"name":"La Universidad de Surrey crea una sala de audici\u00f3n en formato 22.2 con Genelec"}]},{"@type":"WebSite","@id":"https:\/\/distribution.audio-technica.eu\/es-es\/#website","url":"https:\/\/distribution.audio-technica.eu\/es-es\/","name":"Audio-Technica Iberia","description":"Distribuci\u00f3n","potentialAction":[{"@type":"SearchAction","target":{"@type":"EntryPoint","urlTemplate":"https:\/\/distribution.audio-technica.eu\/es-es\/?s={search_term_string}"},"query-input":{"@type":"PropertyValueSpecification","valueRequired":true,"valueName":"search_term_string"}}],"inLanguage":"es"},{"@type":"Person","@id":"https:\/\/distribution.audio-technica.eu\/es-es\/#\/schema\/person\/e8e715e047e33cc425e816f59cbd9b80","name":"Audio-Technica"}]}},"_links":{"self":[{"href":"https:\/\/distribution.audio-technica.eu\/es-es\/wp-json\/wp\/v2\/posts\/185","targetHints":{"allow":["GET"]}}],"collection":[{"href":"https:\/\/distribution.audio-technica.eu\/es-es\/wp-json\/wp\/v2\/posts"}],"about":[{"href":"https:\/\/distribution.audio-technica.eu\/es-es\/wp-json\/wp\/v2\/types\/post"}],"author":[{"embeddable":true,"href":"https:\/\/distribution.audio-technica.eu\/es-es\/wp-json\/wp\/v2\/users\/1"}],"replies":[{"embeddable":true,"href":"https:\/\/distribution.audio-technica.eu\/es-es\/wp-json\/wp\/v2\/comments?post=185"}],"version-history":[{"count":1,"href":"https:\/\/distribution.audio-technica.eu\/es-es\/wp-json\/wp\/v2\/posts\/185\/revisions"}],"predecessor-version":[{"id":27155,"href":"https:\/\/distribution.audio-technica.eu\/es-es\/wp-json\/wp\/v2\/posts\/185\/revisions\/27155"}],"wp:featuredmedia":[{"embeddable":true,"href":"https:\/\/distribution.audio-technica.eu\/es-es\/wp-json\/wp\/v2\/media\/6538"}],"wp:attachment":[{"href":"https:\/\/distribution.audio-technica.eu\/es-es\/wp-json\/wp\/v2\/media?parent=185"}],"wp:term":[{"taxonomy":"category","embeddable":true,"href":"https:\/\/distribution.audio-technica.eu\/es-es\/wp-json\/wp\/v2\/categories?post=185"},{"taxonomy":"post_tag","embeddable":true,"href":"https:\/\/distribution.audio-technica.eu\/es-es\/wp-json\/wp\/v2\/tags?post=185"}],"curies":[{"name":"wp","href":"https:\/\/api.w.org\/{rel}","templated":true}]}}