{"id":18592,"date":"2019-09-09T10:10:40","date_gmt":"2019-09-09T08:10:40","guid":{"rendered":"https:\/\/atdb-production.studiograft.dev\/es\/?p=18592"},"modified":"2023-10-17T18:23:40","modified_gmt":"2023-10-17T16:23:40","slug":"audio-technica-ha-sido-nombrada-empresa-proveedora-de-soluciones-de-microfonia-para-moto-gp","status":"publish","type":"post","link":"https:\/\/distribution.audio-technica.eu\/es-es\/noticias\/audio-technica-ha-sido-nombrada-empresa-proveedora-de-soluciones-de-microfonia-para-moto-gp\/","title":{"rendered":"Audio-Technica ha sido nombrada Empresa Proveedora de Soluciones de Microfon\u00eda para Moto GP"},"content":{"rendered":"<p><a href=\"https:\/\/distribution.audio-technica.eu\/es\/wp-content\/uploads\/sites\/2\/Audio-Technica_MotoGP_Lineup_WP.jpg\"><img loading=\"lazy\" decoding=\"async\" class=\"alignnone size-800 wp-image-18593\" src=\"\/es\/wp-content\/uploads\/sites\/2\/Audio-Technica_MotoGP_Lineup_WP-800x549.jpg\" alt=\"Audio-Technica ha sido nombrada Empresa Proveedora de Soluciones de Microfon\u00eda para Moto GP\" width=\"800\" height=\"549\" srcset=\"https:\/\/distribution.audio-technica.eu\/app\/uploads\/sites\/2\/Audio-Technica_MotoGP_Lineup_WP-800x549.jpg 800w, https:\/\/distribution.audio-technica.eu\/app\/uploads\/sites\/2\/Audio-Technica_MotoGP_Lineup_WP-150x103.jpg 150w, https:\/\/distribution.audio-technica.eu\/app\/uploads\/sites\/2\/Audio-Technica_MotoGP_Lineup_WP-300x206.jpg 300w, https:\/\/distribution.audio-technica.eu\/app\/uploads\/sites\/2\/Audio-Technica_MotoGP_Lineup_WP-768x527.jpg 768w, https:\/\/distribution.audio-technica.eu\/app\/uploads\/sites\/2\/Audio-Technica_MotoGP_Lineup_WP-1024x702.jpg 1024w, https:\/\/distribution.audio-technica.eu\/app\/uploads\/sites\/2\/Audio-Technica_MotoGP_Lineup_WP-200x137.jpg 200w, https:\/\/distribution.audio-technica.eu\/app\/uploads\/sites\/2\/Audio-Technica_MotoGP_Lineup_WP-400x274.jpg 400w, https:\/\/distribution.audio-technica.eu\/app\/uploads\/sites\/2\/Audio-Technica_MotoGP_Lineup_WP-600x412.jpg 600w, https:\/\/distribution.audio-technica.eu\/app\/uploads\/sites\/2\/Audio-Technica_MotoGP_Lineup_WP-1200x823.jpg 1200w, https:\/\/distribution.audio-technica.eu\/app\/uploads\/sites\/2\/Audio-Technica_MotoGP_Lineup_WP.jpg 1500w\" sizes=\"auto, (max-width: 800px) 100vw, 800px\" \/><\/a><\/p>\n<p>Audio-Technica acaba de anunciar el reciente acuerdo de su nombramiento como Empresa Proveedora de Soluciones de Microfon\u00eda para MotoGP\u2122, el campeonato de motociclismo que cada a\u00f1o celebra 19 grandes premios en otros tantos circuitos de todo el mundo. El acuerdo se ha establecido con Dorna Sport S.L., empresa propietaria de los derechos comerciales de MotoGP\u2122.<\/p>\n<p>El equipo de contenidos y producci\u00f3n de Dorna buscaba mejorar la calidad del audio que entrega a las diferentes cadenas, para que est\u00e9 a la misma altura que la se\u00f1al de v\u00eddeo que entrega a sus 89 cadenas asociadas en todo el mundo; por ello, a finales de la temporada pasada, empez\u00f3 a realizar pruebas con diversos micr\u00f3fonos de Audio-Technica.<\/p>\n<p>El \u00e9xito de estas pruebas propici\u00f3 la decisi\u00f3n de Dorna de seleccionar 265 micr\u00f3fonos, headsets y soluciones de monitorizaci\u00f3n de Audio-Technica, que incluyen 53 micr\u00f3fonos para pistas, 76 micr\u00f3fonos para entrevistas y c\u00e1maras ENG, micr\u00f3fonos inal\u00e1mbricos Audio-Technica <a href=\"https:\/\/eu.audio-technica.com\/wireless\/wireless-by-series\/system-10\">System 10<\/a> de 2.4 GHz para 16 c\u00e1maras m\u00f3viles ENG, tanto los nuevos sistemas inal\u00e1mbricos port\u00e1tiles de la serie 3000 de Audio-Technica como los nuevos flexos <a href=\"https:\/\/eu.audio-technica.com\/microphones\/gooseneck\/ES-Series\">Engineered Sound 925<\/a> con puntos finales Dante para conferencias de prensa previas y posteriores a la carrera, y 30 headsets <a href=\"https:\/\/eu.audio-technica.com\/headphones\/headsets\/BPHS1\">BPHS1<\/a> para diversas posiciones de comentarista; 72 auriculares de monitorizaci\u00f3n <a href=\"https:\/\/eu.audio-technica.com\/headphones\/studio-dj\/ATH-M60x\">M60x<\/a> y auriculares intra aurales <a href=\"https:\/\/eu.audio-technica.com\/headphones\/studio-dj\/ATH-E50\">E50<\/a> permitir\u00e1n que los equipos de MotoGP escuchen sus transmisiones de audio en vivo. Las soluciones Audio-Technica seleccionadas comenzaron a implementarse a partir de la primera carrera europea de la temporada MotoGP 2019 en Jerez, Espa\u00f1a, en mayo.<\/p>\n<p>De particular inter\u00e9s es el \u00e9xito instant\u00e1neo de los micr\u00f3fonos tipo ca\u00f1\u00f3n de diafragma grande <a href=\"https:\/\/eu.audio-technica.com\/microphones\/shotgun\/BP28\">BP28<\/a> y <a href=\"https:\/\/eu.audio-technica.com\/microphones\/shotgun\/BP28L\">BP28L<\/a> \u00abdesarrollados para la transmisi\u00f3n deportiva\u00bb, desplegados en MotoGP. Daniel Lavi\u00f1a, director t\u00e9cnico de medios de Dorna Sports afirma: \u201c<em>Cuando se instalaron los micr\u00f3fonos de tipo ca\u00f1\u00f3n de Audio-Technica, notamos inmediatamente un aumento importante de la calidad del sonido capturado. Con su respuesta de frecuencia excepcionalmente amplia y su alto umbral de SPL, parecen ideales para el sonido de la carrera, y ahora podemos tener una continuidad de audio de gran calidad entre una posici\u00f3n de c\u00e1mara y la siguiente<\/em>\u00ab.<\/p>\n<p>Sobre este acuerdo, el jefe de ingenier\u00eda global de Audio-Technica Kazuhiro Onizuka afirma: \u201c<em>Si bien estamos encantados de haber sido seleccionados como proveedores de soluciones de servicios de micr\u00f3fonos de MotoGP y de que Dorna haya implementado una cantidad tan grande de nuestros micr\u00f3fonos, estoy particularmente entusiasmado por las oportunidades de I + D en las que podremos trabajar juntos. Trabajar con Dorna en las carreras de MotoGP en vivo en todo el mundo es una gran oportunidad para nuestro laboratorio de investigaci\u00f3n, y demuestra a\u00fan m\u00e1s el compromiso de Audio-Technica con la retransmisi\u00f3n de audio deportivo<\/em>\u00ab.<\/p>\n<p>Audio-Technica exhibir\u00e1 su trabajo con MotoGP en la Convenci\u00f3n Internacional de Radiodifusi\u00f3n IBC de este a\u00f1o en \u00c1msterdam, Holanda, del 13 al 17 de septiembre.<\/p>\n","protected":false},"excerpt":{"rendered":"<p>Audio-Technica acaba de anunciar el reciente acuerdo de su nombramiento como Empresa Proveedora de Soluciones de Microfon\u00eda para MotoGP\u2122, el campeonato de motociclismo que cada a\u00f1o celebra 19 grandes premios en otros tantos circuitos de todo el mundo. El acuerdo se ha establecido con Dorna Sport S.L., empresa propietaria de los derechos comerciales de MotoGP\u2122. [&hellip;]<\/p>\n","protected":false},"author":2,"featured_media":18594,"comment_status":"closed","ping_status":"closed","sticky":false,"template":"","format":"standard","meta":{"_acf_changed":false,"footnotes":""},"categories":[1692,2461],"tags":[1646,2137],"class_list":["post-18592","post","type-post","status-publish","format-standard","has-post-thumbnail","hentry","category-empresa","category-noticias","tag-broadcast","tag-motogp"],"acf":[],"yoast_head":"<!-- This site is optimized with the Yoast SEO plugin v27.1.1 - https:\/\/yoast.com\/product\/yoast-seo-wordpress\/ -->\n<title>Audio-Technica ha sido nombrada Empresa Proveedora de Soluciones de Microfon\u00eda para Moto GP - Audio-Technica Iberia<\/title>\n<meta name=\"robots\" content=\"index, follow, max-snippet:-1, max-image-preview:large, max-video-preview:-1\" \/>\n<link rel=\"canonical\" href=\"https:\/\/distribution.audio-technica.eu\/es-es\/noticias\/audio-technica-ha-sido-nombrada-empresa-proveedora-de-soluciones-de-microfonia-para-moto-gp\/\" \/>\n<meta property=\"og:locale\" content=\"es_ES\" \/>\n<meta property=\"og:type\" content=\"article\" \/>\n<meta property=\"og:title\" content=\"Audio-Technica ha sido nombrada Empresa Proveedora de Soluciones de Microfon\u00eda para Moto GP - Audio-Technica Iberia\" \/>\n<meta property=\"og:description\" content=\"Audio-Technica acaba de anunciar el reciente acuerdo de su nombramiento como Empresa Proveedora de Soluciones de Microfon\u00eda para MotoGP\u2122, el campeonato de motociclismo que cada a\u00f1o celebra 19 grandes premios en otros tantos circuitos de todo el mundo. El acuerdo se ha establecido con Dorna Sport S.L., empresa propietaria de los derechos comerciales de MotoGP\u2122. [&hellip;]\" \/>\n<meta property=\"og:url\" content=\"https:\/\/distribution.audio-technica.eu\/es-es\/noticias\/audio-technica-ha-sido-nombrada-empresa-proveedora-de-soluciones-de-microfonia-para-moto-gp\/\" \/>\n<meta property=\"og:site_name\" content=\"Audio-Technica Iberia\" \/>\n<meta property=\"article:published_time\" content=\"2019-09-09T08:10:40+00:00\" \/>\n<meta property=\"article:modified_time\" content=\"2023-10-17T16:23:40+00:00\" \/>\n<meta property=\"og:image\" content=\"https:\/\/distribution.audio-technica.eu\/app\/uploads\/sites\/2\/Audio-Technica_MotoGP_Lineup_banner.jpg\" \/>\n\t<meta property=\"og:image:width\" content=\"640\" \/>\n\t<meta property=\"og:image:height\" content=\"360\" \/>\n\t<meta property=\"og:image:type\" content=\"image\/jpeg\" \/>\n<meta name=\"author\" content=\"ctorras\" \/>\n<meta name=\"twitter:card\" content=\"summary_large_image\" \/>\n<meta name=\"twitter:label1\" content=\"Escrito por\" \/>\n\t<meta name=\"twitter:data1\" content=\"ctorras\" \/>\n\t<meta name=\"twitter:label2\" content=\"Tiempo de lectura\" \/>\n\t<meta name=\"twitter:data2\" content=\"2 minutos\" \/>\n<script type=\"application\/ld+json\" class=\"yoast-schema-graph\">{\"@context\":\"https:\/\/schema.org\",\"@graph\":[{\"@type\":\"Article\",\"@id\":\"https:\/\/distribution.audio-technica.eu\/es-es\/noticias\/audio-technica-ha-sido-nombrada-empresa-proveedora-de-soluciones-de-microfonia-para-moto-gp\/#article\",\"isPartOf\":{\"@id\":\"https:\/\/distribution.audio-technica.eu\/es-es\/noticias\/audio-technica-ha-sido-nombrada-empresa-proveedora-de-soluciones-de-microfonia-para-moto-gp\/\"},\"author\":{\"name\":\"ctorras\",\"@id\":\"https:\/\/distribution.audio-technica.eu\/es-es\/#\/schema\/person\/dbf0d33217ceab6329b4c3144742f2fb\"},\"headline\":\"Audio-Technica ha sido nombrada Empresa Proveedora de Soluciones de Microfon\u00eda para Moto GP\",\"datePublished\":\"2019-09-09T08:10:40+00:00\",\"dateModified\":\"2023-10-17T16:23:40+00:00\",\"mainEntityOfPage\":{\"@id\":\"https:\/\/distribution.audio-technica.eu\/es-es\/noticias\/audio-technica-ha-sido-nombrada-empresa-proveedora-de-soluciones-de-microfonia-para-moto-gp\/\"},\"wordCount\":513,\"image\":{\"@id\":\"https:\/\/distribution.audio-technica.eu\/es-es\/noticias\/audio-technica-ha-sido-nombrada-empresa-proveedora-de-soluciones-de-microfonia-para-moto-gp\/#primaryimage\"},\"thumbnailUrl\":\"\/app\/uploads\/sites\/2\/Audio-Technica_MotoGP_Lineup_banner.jpg\",\"keywords\":[\"broadcast\",\"MotoGP\"],\"articleSection\":[\"Empresa\",\"Noticias\"],\"inLanguage\":\"es\"},{\"@type\":\"WebPage\",\"@id\":\"https:\/\/distribution.audio-technica.eu\/es-es\/noticias\/audio-technica-ha-sido-nombrada-empresa-proveedora-de-soluciones-de-microfonia-para-moto-gp\/\",\"url\":\"https:\/\/distribution.audio-technica.eu\/es-es\/noticias\/audio-technica-ha-sido-nombrada-empresa-proveedora-de-soluciones-de-microfonia-para-moto-gp\/\",\"name\":\"Audio-Technica ha sido nombrada Empresa Proveedora de Soluciones de Microfon\u00eda para Moto GP - Audio-Technica Iberia\",\"isPartOf\":{\"@id\":\"https:\/\/distribution.audio-technica.eu\/es-es\/#website\"},\"primaryImageOfPage\":{\"@id\":\"https:\/\/distribution.audio-technica.eu\/es-es\/noticias\/audio-technica-ha-sido-nombrada-empresa-proveedora-de-soluciones-de-microfonia-para-moto-gp\/#primaryimage\"},\"image\":{\"@id\":\"https:\/\/distribution.audio-technica.eu\/es-es\/noticias\/audio-technica-ha-sido-nombrada-empresa-proveedora-de-soluciones-de-microfonia-para-moto-gp\/#primaryimage\"},\"thumbnailUrl\":\"\/app\/uploads\/sites\/2\/Audio-Technica_MotoGP_Lineup_banner.jpg\",\"datePublished\":\"2019-09-09T08:10:40+00:00\",\"dateModified\":\"2023-10-17T16:23:40+00:00\",\"author\":{\"@id\":\"https:\/\/distribution.audio-technica.eu\/es-es\/#\/schema\/person\/dbf0d33217ceab6329b4c3144742f2fb\"},\"breadcrumb\":{\"@id\":\"https:\/\/distribution.audio-technica.eu\/es-es\/noticias\/audio-technica-ha-sido-nombrada-empresa-proveedora-de-soluciones-de-microfonia-para-moto-gp\/#breadcrumb\"},\"inLanguage\":\"es\",\"potentialAction\":[{\"@type\":\"ReadAction\",\"target\":[\"https:\/\/distribution.audio-technica.eu\/es-es\/noticias\/audio-technica-ha-sido-nombrada-empresa-proveedora-de-soluciones-de-microfonia-para-moto-gp\/\"]}]},{\"@type\":\"ImageObject\",\"inLanguage\":\"es\",\"@id\":\"https:\/\/distribution.audio-technica.eu\/es-es\/noticias\/audio-technica-ha-sido-nombrada-empresa-proveedora-de-soluciones-de-microfonia-para-moto-gp\/#primaryimage\",\"url\":\"\/app\/uploads\/sites\/2\/Audio-Technica_MotoGP_Lineup_banner.jpg\",\"contentUrl\":\"\/app\/uploads\/sites\/2\/Audio-Technica_MotoGP_Lineup_banner.jpg\",\"width\":640,\"height\":360,\"caption\":\"Audio-Technica ha sido nombrada Empresa Proveedora de Soluciones de Microfon\u00eda para Moto GP\"},{\"@type\":\"BreadcrumbList\",\"@id\":\"https:\/\/distribution.audio-technica.eu\/es-es\/noticias\/audio-technica-ha-sido-nombrada-empresa-proveedora-de-soluciones-de-microfonia-para-moto-gp\/#breadcrumb\",\"itemListElement\":[{\"@type\":\"ListItem\",\"position\":1,\"name\":\"Products\",\"item\":\"https:\/\/distribution.audio-technica.eu\/es-es\/\"},{\"@type\":\"ListItem\",\"position\":2,\"name\":\"Audio-Technica ha sido nombrada Empresa Proveedora de Soluciones de Microfon\u00eda para Moto GP\"}]},{\"@type\":\"WebSite\",\"@id\":\"https:\/\/distribution.audio-technica.eu\/es-es\/#website\",\"url\":\"https:\/\/distribution.audio-technica.eu\/es-es\/\",\"name\":\"Audio-Technica Iberia\",\"description\":\"Distribuci\u00f3n\",\"potentialAction\":[{\"@type\":\"SearchAction\",\"target\":{\"@type\":\"EntryPoint\",\"urlTemplate\":\"https:\/\/distribution.audio-technica.eu\/es-es\/?s={search_term_string}\"},\"query-input\":{\"@type\":\"PropertyValueSpecification\",\"valueRequired\":true,\"valueName\":\"search_term_string\"}}],\"inLanguage\":\"es\"},{\"@type\":\"Person\",\"@id\":\"https:\/\/distribution.audio-technica.eu\/es-es\/#\/schema\/person\/dbf0d33217ceab6329b4c3144742f2fb\",\"name\":\"ctorras\"}]}<\/script>\n<!-- \/ Yoast SEO plugin. -->","yoast_head_json":{"title":"Audio-Technica ha sido nombrada Empresa Proveedora de Soluciones de Microfon\u00eda para Moto GP - Audio-Technica Iberia","robots":{"index":"index","follow":"follow","max-snippet":"max-snippet:-1","max-image-preview":"max-image-preview:large","max-video-preview":"max-video-preview:-1"},"canonical":"https:\/\/distribution.audio-technica.eu\/es-es\/noticias\/audio-technica-ha-sido-nombrada-empresa-proveedora-de-soluciones-de-microfonia-para-moto-gp\/","og_locale":"es_ES","og_type":"article","og_title":"Audio-Technica ha sido nombrada Empresa Proveedora de Soluciones de Microfon\u00eda para Moto GP - Audio-Technica Iberia","og_description":"Audio-Technica acaba de anunciar el reciente acuerdo de su nombramiento como Empresa Proveedora de Soluciones de Microfon\u00eda para MotoGP\u2122, el campeonato de motociclismo que cada a\u00f1o celebra 19 grandes premios en otros tantos circuitos de todo el mundo. El acuerdo se ha establecido con Dorna Sport S.L., empresa propietaria de los derechos comerciales de MotoGP\u2122. [&hellip;]","og_url":"https:\/\/distribution.audio-technica.eu\/es-es\/noticias\/audio-technica-ha-sido-nombrada-empresa-proveedora-de-soluciones-de-microfonia-para-moto-gp\/","og_site_name":"Audio-Technica Iberia","article_published_time":"2019-09-09T08:10:40+00:00","article_modified_time":"2023-10-17T16:23:40+00:00","og_image":[{"width":640,"height":360,"url":"https:\/\/distribution.audio-technica.eu\/app\/uploads\/sites\/2\/Audio-Technica_MotoGP_Lineup_banner.jpg","type":"image\/jpeg"}],"author":"ctorras","twitter_card":"summary_large_image","twitter_misc":{"Escrito por":"ctorras","Tiempo de lectura":"2 minutos"},"schema":{"@context":"https:\/\/schema.org","@graph":[{"@type":"Article","@id":"https:\/\/distribution.audio-technica.eu\/es-es\/noticias\/audio-technica-ha-sido-nombrada-empresa-proveedora-de-soluciones-de-microfonia-para-moto-gp\/#article","isPartOf":{"@id":"https:\/\/distribution.audio-technica.eu\/es-es\/noticias\/audio-technica-ha-sido-nombrada-empresa-proveedora-de-soluciones-de-microfonia-para-moto-gp\/"},"author":{"name":"ctorras","@id":"https:\/\/distribution.audio-technica.eu\/es-es\/#\/schema\/person\/dbf0d33217ceab6329b4c3144742f2fb"},"headline":"Audio-Technica ha sido nombrada Empresa Proveedora de Soluciones de Microfon\u00eda para Moto GP","datePublished":"2019-09-09T08:10:40+00:00","dateModified":"2023-10-17T16:23:40+00:00","mainEntityOfPage":{"@id":"https:\/\/distribution.audio-technica.eu\/es-es\/noticias\/audio-technica-ha-sido-nombrada-empresa-proveedora-de-soluciones-de-microfonia-para-moto-gp\/"},"wordCount":513,"image":{"@id":"https:\/\/distribution.audio-technica.eu\/es-es\/noticias\/audio-technica-ha-sido-nombrada-empresa-proveedora-de-soluciones-de-microfonia-para-moto-gp\/#primaryimage"},"thumbnailUrl":"\/app\/uploads\/sites\/2\/Audio-Technica_MotoGP_Lineup_banner.jpg","keywords":["broadcast","MotoGP"],"articleSection":["Empresa","Noticias"],"inLanguage":"es"},{"@type":"WebPage","@id":"https:\/\/distribution.audio-technica.eu\/es-es\/noticias\/audio-technica-ha-sido-nombrada-empresa-proveedora-de-soluciones-de-microfonia-para-moto-gp\/","url":"https:\/\/distribution.audio-technica.eu\/es-es\/noticias\/audio-technica-ha-sido-nombrada-empresa-proveedora-de-soluciones-de-microfonia-para-moto-gp\/","name":"Audio-Technica ha sido nombrada Empresa Proveedora de Soluciones de Microfon\u00eda para Moto GP - Audio-Technica Iberia","isPartOf":{"@id":"https:\/\/distribution.audio-technica.eu\/es-es\/#website"},"primaryImageOfPage":{"@id":"https:\/\/distribution.audio-technica.eu\/es-es\/noticias\/audio-technica-ha-sido-nombrada-empresa-proveedora-de-soluciones-de-microfonia-para-moto-gp\/#primaryimage"},"image":{"@id":"https:\/\/distribution.audio-technica.eu\/es-es\/noticias\/audio-technica-ha-sido-nombrada-empresa-proveedora-de-soluciones-de-microfonia-para-moto-gp\/#primaryimage"},"thumbnailUrl":"\/app\/uploads\/sites\/2\/Audio-Technica_MotoGP_Lineup_banner.jpg","datePublished":"2019-09-09T08:10:40+00:00","dateModified":"2023-10-17T16:23:40+00:00","author":{"@id":"https:\/\/distribution.audio-technica.eu\/es-es\/#\/schema\/person\/dbf0d33217ceab6329b4c3144742f2fb"},"breadcrumb":{"@id":"https:\/\/distribution.audio-technica.eu\/es-es\/noticias\/audio-technica-ha-sido-nombrada-empresa-proveedora-de-soluciones-de-microfonia-para-moto-gp\/#breadcrumb"},"inLanguage":"es","potentialAction":[{"@type":"ReadAction","target":["https:\/\/distribution.audio-technica.eu\/es-es\/noticias\/audio-technica-ha-sido-nombrada-empresa-proveedora-de-soluciones-de-microfonia-para-moto-gp\/"]}]},{"@type":"ImageObject","inLanguage":"es","@id":"https:\/\/distribution.audio-technica.eu\/es-es\/noticias\/audio-technica-ha-sido-nombrada-empresa-proveedora-de-soluciones-de-microfonia-para-moto-gp\/#primaryimage","url":"\/app\/uploads\/sites\/2\/Audio-Technica_MotoGP_Lineup_banner.jpg","contentUrl":"\/app\/uploads\/sites\/2\/Audio-Technica_MotoGP_Lineup_banner.jpg","width":640,"height":360,"caption":"Audio-Technica ha sido nombrada Empresa Proveedora de Soluciones de Microfon\u00eda para Moto GP"},{"@type":"BreadcrumbList","@id":"https:\/\/distribution.audio-technica.eu\/es-es\/noticias\/audio-technica-ha-sido-nombrada-empresa-proveedora-de-soluciones-de-microfonia-para-moto-gp\/#breadcrumb","itemListElement":[{"@type":"ListItem","position":1,"name":"Products","item":"https:\/\/distribution.audio-technica.eu\/es-es\/"},{"@type":"ListItem","position":2,"name":"Audio-Technica ha sido nombrada Empresa Proveedora de Soluciones de Microfon\u00eda para Moto GP"}]},{"@type":"WebSite","@id":"https:\/\/distribution.audio-technica.eu\/es-es\/#website","url":"https:\/\/distribution.audio-technica.eu\/es-es\/","name":"Audio-Technica Iberia","description":"Distribuci\u00f3n","potentialAction":[{"@type":"SearchAction","target":{"@type":"EntryPoint","urlTemplate":"https:\/\/distribution.audio-technica.eu\/es-es\/?s={search_term_string}"},"query-input":{"@type":"PropertyValueSpecification","valueRequired":true,"valueName":"search_term_string"}}],"inLanguage":"es"},{"@type":"Person","@id":"https:\/\/distribution.audio-technica.eu\/es-es\/#\/schema\/person\/dbf0d33217ceab6329b4c3144742f2fb","name":"ctorras"}]}},"_links":{"self":[{"href":"https:\/\/distribution.audio-technica.eu\/es-es\/wp-json\/wp\/v2\/posts\/18592","targetHints":{"allow":["GET"]}}],"collection":[{"href":"https:\/\/distribution.audio-technica.eu\/es-es\/wp-json\/wp\/v2\/posts"}],"about":[{"href":"https:\/\/distribution.audio-technica.eu\/es-es\/wp-json\/wp\/v2\/types\/post"}],"author":[{"embeddable":true,"href":"https:\/\/distribution.audio-technica.eu\/es-es\/wp-json\/wp\/v2\/users\/2"}],"replies":[{"embeddable":true,"href":"https:\/\/distribution.audio-technica.eu\/es-es\/wp-json\/wp\/v2\/comments?post=18592"}],"version-history":[{"count":1,"href":"https:\/\/distribution.audio-technica.eu\/es-es\/wp-json\/wp\/v2\/posts\/18592\/revisions"}],"predecessor-version":[{"id":18595,"href":"https:\/\/distribution.audio-technica.eu\/es-es\/wp-json\/wp\/v2\/posts\/18592\/revisions\/18595"}],"wp:featuredmedia":[{"embeddable":true,"href":"https:\/\/distribution.audio-technica.eu\/es-es\/wp-json\/wp\/v2\/media\/18594"}],"wp:attachment":[{"href":"https:\/\/distribution.audio-technica.eu\/es-es\/wp-json\/wp\/v2\/media?parent=18592"}],"wp:term":[{"taxonomy":"category","embeddable":true,"href":"https:\/\/distribution.audio-technica.eu\/es-es\/wp-json\/wp\/v2\/categories?post=18592"},{"taxonomy":"post_tag","embeddable":true,"href":"https:\/\/distribution.audio-technica.eu\/es-es\/wp-json\/wp\/v2\/tags?post=18592"}],"curies":[{"name":"wp","href":"https:\/\/api.w.org\/{rel}","templated":true}]}}