{"id":1877,"date":"2017-11-07T15:46:59","date_gmt":"2017-11-07T14:46:59","guid":{"rendered":"http:\/\/noticias.audio-technica.es\/?p=1877"},"modified":"2023-10-17T18:34:46","modified_gmt":"2023-10-17T16:34:46","slug":"nueva-edicion-limitada-m50x-en-rojo","status":"publish","type":"post","link":"https:\/\/distribution.audio-technica.eu\/es-es\/noticias\/nueva-edicion-limitada-m50x-en-rojo\/","title":{"rendered":"La nueva edici\u00f3n limitada de M50x resplandece en rojo"},"content":{"rendered":"<h2>Audio-Technica acaba de presentar una edici\u00f3n limitada de sus aclamados auriculares de monitorizaci\u00f3n para estudio M50x, el primer lanzamiento especial de la popular Serie M. Acabado en un llamativo color rojo con adornos dorados, el M50xRD sigue los pasos de las ediciones limitadas previas del M50 original, que fueron muy bien recibidas.<\/h2>\n<p><a href=\"http:\/\/noticias.audio-technica.es\/wp-content\/uploads\/NdP-ATH-M50xRD-WP.jpg\"><img loading=\"lazy\" decoding=\"async\" class=\"aligncenter size-full wp-image-1880\" src=\"http:\/\/noticias.audio-technica.es\/wp-content\/uploads\/NdP-ATH-M50xRD-WP.jpg\" alt=\"La nueva edici\u00f3n limitada de M50x resplandece en rojo\" width=\"1800\" height=\"1200\" srcset=\"https:\/\/distribution.audio-technica.eu\/app\/uploads\/sites\/2\/NdP-ATH-M50xRD-WP.jpg 1800w, https:\/\/distribution.audio-technica.eu\/app\/uploads\/sites\/2\/NdP-ATH-M50xRD-WP-300x200.jpg 300w, https:\/\/distribution.audio-technica.eu\/app\/uploads\/sites\/2\/NdP-ATH-M50xRD-WP-768x512.jpg 768w, https:\/\/distribution.audio-technica.eu\/app\/uploads\/sites\/2\/NdP-ATH-M50xRD-WP-1024x683.jpg 1024w, https:\/\/distribution.audio-technica.eu\/app\/uploads\/sites\/2\/NdP-ATH-M50xRD-WP-200x133.jpg 200w, https:\/\/distribution.audio-technica.eu\/app\/uploads\/sites\/2\/NdP-ATH-M50xRD-WP-400x267.jpg 400w, https:\/\/distribution.audio-technica.eu\/app\/uploads\/sites\/2\/NdP-ATH-M50xRD-WP-600x400.jpg 600w, https:\/\/distribution.audio-technica.eu\/app\/uploads\/sites\/2\/NdP-ATH-M50xRD-WP-800x533.jpg 800w, https:\/\/distribution.audio-technica.eu\/app\/uploads\/sites\/2\/NdP-ATH-M50xRD-WP-1200x800.jpg 1200w\" sizes=\"auto, (max-width: 1800px) 100vw, 1800px\" \/><\/a><\/p>\n<p>Ampliamente utilizados por ingenieros de audio de todo el mundo y constantemente alabados por la prensa profesional especializada, los M50x proporcionan una s\u00f3lida definici\u00f3n en los graves, gracias a sus transductores de 45 mm de dise\u00f1o especial que aseguran una claridad excepcional a trav\u00e9s de una amplia gama de frecuencias. Sus aud\u00edfonos aislantes, su dise\u00f1o plegado y su robusta construcci\u00f3n convierten al M50x en la elecci\u00f3n perfecta para grabaci\u00f3n, mezcla y monitorizaci\u00f3n de DJ y escucha personal.<\/p>\n<p>Y, al igual que el M50x est\u00e1ndar, este nuevo modelo limitado incluye una caja de transporte y la posibilidad de seleccionar entre tres cables desmontables \u2013 rectos de 1.2m y 3m, y en espiral de 1.2 a 3m \u2013 e incluye adaptador roscado \u00bc\u201d chapado en oro.<\/p>\n<div id='gallery-1' class='gallery galleryid-1877 gallery-columns-3 gallery-size-medium'><figure class='gallery-item'>\n\t\t\t<div class='gallery-icon landscape'>\n\t\t\t\t<a href='\/app\/uploads\/sites\/2\/NdP-ATH-M50xRD-WP3.jpg'><img loading=\"lazy\" decoding=\"async\" width=\"300\" height=\"300\" src=\"\/app\/uploads\/sites\/2\/NdP-ATH-M50xRD-WP3-300x300.jpg\" class=\"attachment-medium size-medium\" alt=\"La nueva edici\u00f3n limitada de M50x resplandece en rojo\" srcset=\"https:\/\/distribution.audio-technica.eu\/app\/uploads\/sites\/2\/NdP-ATH-M50xRD-WP3-300x300.jpg 300w, https:\/\/distribution.audio-technica.eu\/app\/uploads\/sites\/2\/NdP-ATH-M50xRD-WP3-150x150.jpg 150w, https:\/\/distribution.audio-technica.eu\/app\/uploads\/sites\/2\/NdP-ATH-M50xRD-WP3-768x768.jpg 768w, https:\/\/distribution.audio-technica.eu\/app\/uploads\/sites\/2\/NdP-ATH-M50xRD-WP3-1024x1024.jpg 1024w, https:\/\/distribution.audio-technica.eu\/app\/uploads\/sites\/2\/NdP-ATH-M50xRD-WP3-66x66.jpg 66w, https:\/\/distribution.audio-technica.eu\/app\/uploads\/sites\/2\/NdP-ATH-M50xRD-WP3-200x200.jpg 200w, https:\/\/distribution.audio-technica.eu\/app\/uploads\/sites\/2\/NdP-ATH-M50xRD-WP3-400x400.jpg 400w, https:\/\/distribution.audio-technica.eu\/app\/uploads\/sites\/2\/NdP-ATH-M50xRD-WP3-600x600.jpg 600w, https:\/\/distribution.audio-technica.eu\/app\/uploads\/sites\/2\/NdP-ATH-M50xRD-WP3-800x800.jpg 800w, https:\/\/distribution.audio-technica.eu\/app\/uploads\/sites\/2\/NdP-ATH-M50xRD-WP3-1200x1200.jpg 1200w, https:\/\/distribution.audio-technica.eu\/app\/uploads\/sites\/2\/NdP-ATH-M50xRD-WP3-100x100.jpg 100w, https:\/\/distribution.audio-technica.eu\/app\/uploads\/sites\/2\/NdP-ATH-M50xRD-WP3.jpg 1500w\" sizes=\"auto, (max-width: 300px) 100vw, 300px\" \/><\/a>\n\t\t\t<\/div><\/figure><figure class='gallery-item'>\n\t\t\t<div class='gallery-icon landscape'>\n\t\t\t\t<a href='\/app\/uploads\/sites\/2\/NdP-ATH-M50xRD-WP4.jpg'><img loading=\"lazy\" decoding=\"async\" width=\"300\" height=\"300\" src=\"\/app\/uploads\/sites\/2\/NdP-ATH-M50xRD-WP4-300x300.jpg\" class=\"attachment-medium size-medium\" alt=\"La nueva edici\u00f3n limitada de M50x resplandece en rojo\" srcset=\"https:\/\/distribution.audio-technica.eu\/app\/uploads\/sites\/2\/NdP-ATH-M50xRD-WP4-300x300.jpg 300w, https:\/\/distribution.audio-technica.eu\/app\/uploads\/sites\/2\/NdP-ATH-M50xRD-WP4-150x150.jpg 150w, https:\/\/distribution.audio-technica.eu\/app\/uploads\/sites\/2\/NdP-ATH-M50xRD-WP4-768x768.jpg 768w, https:\/\/distribution.audio-technica.eu\/app\/uploads\/sites\/2\/NdP-ATH-M50xRD-WP4-1024x1024.jpg 1024w, https:\/\/distribution.audio-technica.eu\/app\/uploads\/sites\/2\/NdP-ATH-M50xRD-WP4-66x66.jpg 66w, https:\/\/distribution.audio-technica.eu\/app\/uploads\/sites\/2\/NdP-ATH-M50xRD-WP4-200x200.jpg 200w, https:\/\/distribution.audio-technica.eu\/app\/uploads\/sites\/2\/NdP-ATH-M50xRD-WP4-400x400.jpg 400w, https:\/\/distribution.audio-technica.eu\/app\/uploads\/sites\/2\/NdP-ATH-M50xRD-WP4-600x600.jpg 600w, https:\/\/distribution.audio-technica.eu\/app\/uploads\/sites\/2\/NdP-ATH-M50xRD-WP4-800x800.jpg 800w, https:\/\/distribution.audio-technica.eu\/app\/uploads\/sites\/2\/NdP-ATH-M50xRD-WP4-1200x1200.jpg 1200w, https:\/\/distribution.audio-technica.eu\/app\/uploads\/sites\/2\/NdP-ATH-M50xRD-WP4-100x100.jpg 100w, https:\/\/distribution.audio-technica.eu\/app\/uploads\/sites\/2\/NdP-ATH-M50xRD-WP4.jpg 1500w\" sizes=\"auto, (max-width: 300px) 100vw, 300px\" \/><\/a>\n\t\t\t<\/div><\/figure><figure class='gallery-item'>\n\t\t\t<div class='gallery-icon landscape'>\n\t\t\t\t<a href='\/app\/uploads\/sites\/2\/NdP-ATH-M50xRD-WP2.jpg'><img loading=\"lazy\" decoding=\"async\" width=\"300\" height=\"300\" src=\"\/app\/uploads\/sites\/2\/NdP-ATH-M50xRD-WP2-300x300.jpg\" class=\"attachment-medium size-medium\" alt=\"La nueva edici\u00f3n limitada de M50x resplandece en rojo\" srcset=\"https:\/\/distribution.audio-technica.eu\/app\/uploads\/sites\/2\/NdP-ATH-M50xRD-WP2-300x300.jpg 300w, https:\/\/distribution.audio-technica.eu\/app\/uploads\/sites\/2\/NdP-ATH-M50xRD-WP2-150x150.jpg 150w, https:\/\/distribution.audio-technica.eu\/app\/uploads\/sites\/2\/NdP-ATH-M50xRD-WP2-768x768.jpg 768w, https:\/\/distribution.audio-technica.eu\/app\/uploads\/sites\/2\/NdP-ATH-M50xRD-WP2-1024x1024.jpg 1024w, https:\/\/distribution.audio-technica.eu\/app\/uploads\/sites\/2\/NdP-ATH-M50xRD-WP2-66x66.jpg 66w, https:\/\/distribution.audio-technica.eu\/app\/uploads\/sites\/2\/NdP-ATH-M50xRD-WP2-200x200.jpg 200w, https:\/\/distribution.audio-technica.eu\/app\/uploads\/sites\/2\/NdP-ATH-M50xRD-WP2-400x400.jpg 400w, https:\/\/distribution.audio-technica.eu\/app\/uploads\/sites\/2\/NdP-ATH-M50xRD-WP2-600x600.jpg 600w, https:\/\/distribution.audio-technica.eu\/app\/uploads\/sites\/2\/NdP-ATH-M50xRD-WP2-800x800.jpg 800w, https:\/\/distribution.audio-technica.eu\/app\/uploads\/sites\/2\/NdP-ATH-M50xRD-WP2-1200x1200.jpg 1200w, https:\/\/distribution.audio-technica.eu\/app\/uploads\/sites\/2\/NdP-ATH-M50xRD-WP2-100x100.jpg 100w, https:\/\/distribution.audio-technica.eu\/app\/uploads\/sites\/2\/NdP-ATH-M50xRD-WP2.jpg 1500w\" sizes=\"auto, (max-width: 300px) 100vw, 300px\" \/><\/a>\n\t\t\t<\/div><\/figure>\n\t\t<\/div>\n\n<p>El M50xRD est\u00e1 ya disponible con un precio recomendado de 169 \u20ac, IVA incluido.<\/p>\n<p><a href=\"https:\/\/eu.audio-technica.com\/ATH-M50XRD?lang=es\">M\u00e1s informaci\u00f3n sobre el ATH-M50xRD<\/a><\/p>\n","protected":false},"excerpt":{"rendered":"<p>Audio-Technica acaba de presentar una edici\u00f3n limitada de sus aclamados auriculares de monitorizaci\u00f3n para estudio M50x, el primer lanzamiento especial de la popular Serie M. Acabado en un llamativo color rojo con adornos dorados, el M50xRD sigue los pasos de las ediciones limitadas previas del M50 original, que fueron muy bien recibidas. Ampliamente utilizados por [&hellip;]<\/p>\n","protected":false},"author":1,"featured_media":1879,"comment_status":"closed","ping_status":"closed","sticky":false,"template":"","format":"standard","meta":{"_acf_changed":false,"footnotes":""},"categories":[2456],"tags":[1843,1708,1844],"class_list":["post-1877","post","type-post","status-publish","format-standard","has-post-thumbnail","hentry","category-novedades","tag-ath-m50x","tag-auriculares","tag-studio"],"acf":[],"yoast_head":"<!-- This site is optimized with the Yoast SEO plugin v27.1.1 - https:\/\/yoast.com\/product\/yoast-seo-wordpress\/ -->\n<title>La nueva edici\u00f3n limitada de M50x resplandece en rojo - Audio-Technica Iberia<\/title>\n<meta name=\"robots\" content=\"index, follow, max-snippet:-1, max-image-preview:large, max-video-preview:-1\" \/>\n<link rel=\"canonical\" href=\"https:\/\/distribution.audio-technica.eu\/es-es\/noticias\/nueva-edicion-limitada-m50x-en-rojo\/\" \/>\n<meta property=\"og:locale\" content=\"es_ES\" \/>\n<meta property=\"og:type\" content=\"article\" \/>\n<meta property=\"og:title\" content=\"La nueva edici\u00f3n limitada de M50x resplandece en rojo - Audio-Technica Iberia\" \/>\n<meta property=\"og:description\" content=\"Audio-Technica acaba de presentar una edici\u00f3n limitada de sus aclamados auriculares de monitorizaci\u00f3n para estudio M50x, el primer lanzamiento especial de la popular Serie M. Acabado en un llamativo color rojo con adornos dorados, el M50xRD sigue los pasos de las ediciones limitadas previas del M50 original, que fueron muy bien recibidas. Ampliamente utilizados por [&hellip;]\" \/>\n<meta property=\"og:url\" content=\"https:\/\/distribution.audio-technica.eu\/es-es\/noticias\/nueva-edicion-limitada-m50x-en-rojo\/\" \/>\n<meta property=\"og:site_name\" content=\"Audio-Technica Iberia\" \/>\n<meta property=\"article:published_time\" content=\"2017-11-07T14:46:59+00:00\" \/>\n<meta property=\"article:modified_time\" content=\"2023-10-17T16:34:46+00:00\" \/>\n<meta property=\"og:image\" content=\"https:\/\/distribution.audio-technica.eu\/app\/uploads\/sites\/2\/NdP-ATH-M50xRD-WP-banner.jpg\" \/>\n\t<meta property=\"og:image:width\" content=\"640\" \/>\n\t<meta property=\"og:image:height\" content=\"360\" \/>\n\t<meta property=\"og:image:type\" content=\"image\/jpeg\" \/>\n<meta name=\"author\" content=\"Audio-Technica\" \/>\n<meta name=\"twitter:card\" content=\"summary_large_image\" \/>\n<meta name=\"twitter:label1\" content=\"Escrito por\" \/>\n\t<meta name=\"twitter:data1\" content=\"Audio-Technica\" \/>\n\t<meta name=\"twitter:label2\" content=\"Tiempo de lectura\" \/>\n\t<meta name=\"twitter:data2\" content=\"1 minuto\" \/>\n<script type=\"application\/ld+json\" class=\"yoast-schema-graph\">{\"@context\":\"https:\/\/schema.org\",\"@graph\":[{\"@type\":\"Article\",\"@id\":\"https:\/\/distribution.audio-technica.eu\/es-es\/noticias\/nueva-edicion-limitada-m50x-en-rojo\/#article\",\"isPartOf\":{\"@id\":\"https:\/\/distribution.audio-technica.eu\/es-es\/noticias\/nueva-edicion-limitada-m50x-en-rojo\/\"},\"author\":{\"name\":\"Audio-Technica\",\"@id\":\"https:\/\/distribution.audio-technica.eu\/es-es\/#\/schema\/person\/e8e715e047e33cc425e816f59cbd9b80\"},\"headline\":\"La nueva edici\u00f3n limitada de M50x resplandece en rojo\",\"datePublished\":\"2017-11-07T14:46:59+00:00\",\"dateModified\":\"2023-10-17T16:34:46+00:00\",\"mainEntityOfPage\":{\"@id\":\"https:\/\/distribution.audio-technica.eu\/es-es\/noticias\/nueva-edicion-limitada-m50x-en-rojo\/\"},\"wordCount\":227,\"image\":{\"@id\":\"https:\/\/distribution.audio-technica.eu\/es-es\/noticias\/nueva-edicion-limitada-m50x-en-rojo\/#primaryimage\"},\"thumbnailUrl\":\"\/app\/uploads\/sites\/2\/NdP-ATH-M50xRD-WP-banner.jpg\",\"keywords\":[\"ath-m50x\",\"auriculares\",\"studio\"],\"articleSection\":[\"Novedades\"],\"inLanguage\":\"es\"},{\"@type\":\"WebPage\",\"@id\":\"https:\/\/distribution.audio-technica.eu\/es-es\/noticias\/nueva-edicion-limitada-m50x-en-rojo\/\",\"url\":\"https:\/\/distribution.audio-technica.eu\/es-es\/noticias\/nueva-edicion-limitada-m50x-en-rojo\/\",\"name\":\"La nueva edici\u00f3n limitada de M50x resplandece en rojo - Audio-Technica Iberia\",\"isPartOf\":{\"@id\":\"https:\/\/distribution.audio-technica.eu\/es-es\/#website\"},\"primaryImageOfPage\":{\"@id\":\"https:\/\/distribution.audio-technica.eu\/es-es\/noticias\/nueva-edicion-limitada-m50x-en-rojo\/#primaryimage\"},\"image\":{\"@id\":\"https:\/\/distribution.audio-technica.eu\/es-es\/noticias\/nueva-edicion-limitada-m50x-en-rojo\/#primaryimage\"},\"thumbnailUrl\":\"\/app\/uploads\/sites\/2\/NdP-ATH-M50xRD-WP-banner.jpg\",\"datePublished\":\"2017-11-07T14:46:59+00:00\",\"dateModified\":\"2023-10-17T16:34:46+00:00\",\"author\":{\"@id\":\"https:\/\/distribution.audio-technica.eu\/es-es\/#\/schema\/person\/e8e715e047e33cc425e816f59cbd9b80\"},\"breadcrumb\":{\"@id\":\"https:\/\/distribution.audio-technica.eu\/es-es\/noticias\/nueva-edicion-limitada-m50x-en-rojo\/#breadcrumb\"},\"inLanguage\":\"es\",\"potentialAction\":[{\"@type\":\"ReadAction\",\"target\":[\"https:\/\/distribution.audio-technica.eu\/es-es\/noticias\/nueva-edicion-limitada-m50x-en-rojo\/\"]}]},{\"@type\":\"ImageObject\",\"inLanguage\":\"es\",\"@id\":\"https:\/\/distribution.audio-technica.eu\/es-es\/noticias\/nueva-edicion-limitada-m50x-en-rojo\/#primaryimage\",\"url\":\"\/app\/uploads\/sites\/2\/NdP-ATH-M50xRD-WP-banner.jpg\",\"contentUrl\":\"\/app\/uploads\/sites\/2\/NdP-ATH-M50xRD-WP-banner.jpg\",\"width\":640,\"height\":360,\"caption\":\"La nueva edici\u00f3n limitada de M50x resplandece en rojo\"},{\"@type\":\"BreadcrumbList\",\"@id\":\"https:\/\/distribution.audio-technica.eu\/es-es\/noticias\/nueva-edicion-limitada-m50x-en-rojo\/#breadcrumb\",\"itemListElement\":[{\"@type\":\"ListItem\",\"position\":1,\"name\":\"Products\",\"item\":\"https:\/\/distribution.audio-technica.eu\/es-es\/\"},{\"@type\":\"ListItem\",\"position\":2,\"name\":\"La nueva edici\u00f3n limitada de M50x resplandece en rojo\"}]},{\"@type\":\"WebSite\",\"@id\":\"https:\/\/distribution.audio-technica.eu\/es-es\/#website\",\"url\":\"https:\/\/distribution.audio-technica.eu\/es-es\/\",\"name\":\"Audio-Technica Iberia\",\"description\":\"Distribuci\u00f3n\",\"potentialAction\":[{\"@type\":\"SearchAction\",\"target\":{\"@type\":\"EntryPoint\",\"urlTemplate\":\"https:\/\/distribution.audio-technica.eu\/es-es\/?s={search_term_string}\"},\"query-input\":{\"@type\":\"PropertyValueSpecification\",\"valueRequired\":true,\"valueName\":\"search_term_string\"}}],\"inLanguage\":\"es\"},{\"@type\":\"Person\",\"@id\":\"https:\/\/distribution.audio-technica.eu\/es-es\/#\/schema\/person\/e8e715e047e33cc425e816f59cbd9b80\",\"name\":\"Audio-Technica\"}]}<\/script>\n<!-- \/ Yoast SEO plugin. -->","yoast_head_json":{"title":"La nueva edici\u00f3n limitada de M50x resplandece en rojo - Audio-Technica Iberia","robots":{"index":"index","follow":"follow","max-snippet":"max-snippet:-1","max-image-preview":"max-image-preview:large","max-video-preview":"max-video-preview:-1"},"canonical":"https:\/\/distribution.audio-technica.eu\/es-es\/noticias\/nueva-edicion-limitada-m50x-en-rojo\/","og_locale":"es_ES","og_type":"article","og_title":"La nueva edici\u00f3n limitada de M50x resplandece en rojo - Audio-Technica Iberia","og_description":"Audio-Technica acaba de presentar una edici\u00f3n limitada de sus aclamados auriculares de monitorizaci\u00f3n para estudio M50x, el primer lanzamiento especial de la popular Serie M. Acabado en un llamativo color rojo con adornos dorados, el M50xRD sigue los pasos de las ediciones limitadas previas del M50 original, que fueron muy bien recibidas. Ampliamente utilizados por [&hellip;]","og_url":"https:\/\/distribution.audio-technica.eu\/es-es\/noticias\/nueva-edicion-limitada-m50x-en-rojo\/","og_site_name":"Audio-Technica Iberia","article_published_time":"2017-11-07T14:46:59+00:00","article_modified_time":"2023-10-17T16:34:46+00:00","og_image":[{"width":640,"height":360,"url":"https:\/\/distribution.audio-technica.eu\/app\/uploads\/sites\/2\/NdP-ATH-M50xRD-WP-banner.jpg","type":"image\/jpeg"}],"author":"Audio-Technica","twitter_card":"summary_large_image","twitter_misc":{"Escrito por":"Audio-Technica","Tiempo de lectura":"1 minuto"},"schema":{"@context":"https:\/\/schema.org","@graph":[{"@type":"Article","@id":"https:\/\/distribution.audio-technica.eu\/es-es\/noticias\/nueva-edicion-limitada-m50x-en-rojo\/#article","isPartOf":{"@id":"https:\/\/distribution.audio-technica.eu\/es-es\/noticias\/nueva-edicion-limitada-m50x-en-rojo\/"},"author":{"name":"Audio-Technica","@id":"https:\/\/distribution.audio-technica.eu\/es-es\/#\/schema\/person\/e8e715e047e33cc425e816f59cbd9b80"},"headline":"La nueva edici\u00f3n limitada de M50x resplandece en rojo","datePublished":"2017-11-07T14:46:59+00:00","dateModified":"2023-10-17T16:34:46+00:00","mainEntityOfPage":{"@id":"https:\/\/distribution.audio-technica.eu\/es-es\/noticias\/nueva-edicion-limitada-m50x-en-rojo\/"},"wordCount":227,"image":{"@id":"https:\/\/distribution.audio-technica.eu\/es-es\/noticias\/nueva-edicion-limitada-m50x-en-rojo\/#primaryimage"},"thumbnailUrl":"\/app\/uploads\/sites\/2\/NdP-ATH-M50xRD-WP-banner.jpg","keywords":["ath-m50x","auriculares","studio"],"articleSection":["Novedades"],"inLanguage":"es"},{"@type":"WebPage","@id":"https:\/\/distribution.audio-technica.eu\/es-es\/noticias\/nueva-edicion-limitada-m50x-en-rojo\/","url":"https:\/\/distribution.audio-technica.eu\/es-es\/noticias\/nueva-edicion-limitada-m50x-en-rojo\/","name":"La nueva edici\u00f3n limitada de M50x resplandece en rojo - Audio-Technica Iberia","isPartOf":{"@id":"https:\/\/distribution.audio-technica.eu\/es-es\/#website"},"primaryImageOfPage":{"@id":"https:\/\/distribution.audio-technica.eu\/es-es\/noticias\/nueva-edicion-limitada-m50x-en-rojo\/#primaryimage"},"image":{"@id":"https:\/\/distribution.audio-technica.eu\/es-es\/noticias\/nueva-edicion-limitada-m50x-en-rojo\/#primaryimage"},"thumbnailUrl":"\/app\/uploads\/sites\/2\/NdP-ATH-M50xRD-WP-banner.jpg","datePublished":"2017-11-07T14:46:59+00:00","dateModified":"2023-10-17T16:34:46+00:00","author":{"@id":"https:\/\/distribution.audio-technica.eu\/es-es\/#\/schema\/person\/e8e715e047e33cc425e816f59cbd9b80"},"breadcrumb":{"@id":"https:\/\/distribution.audio-technica.eu\/es-es\/noticias\/nueva-edicion-limitada-m50x-en-rojo\/#breadcrumb"},"inLanguage":"es","potentialAction":[{"@type":"ReadAction","target":["https:\/\/distribution.audio-technica.eu\/es-es\/noticias\/nueva-edicion-limitada-m50x-en-rojo\/"]}]},{"@type":"ImageObject","inLanguage":"es","@id":"https:\/\/distribution.audio-technica.eu\/es-es\/noticias\/nueva-edicion-limitada-m50x-en-rojo\/#primaryimage","url":"\/app\/uploads\/sites\/2\/NdP-ATH-M50xRD-WP-banner.jpg","contentUrl":"\/app\/uploads\/sites\/2\/NdP-ATH-M50xRD-WP-banner.jpg","width":640,"height":360,"caption":"La nueva edici\u00f3n limitada de M50x resplandece en rojo"},{"@type":"BreadcrumbList","@id":"https:\/\/distribution.audio-technica.eu\/es-es\/noticias\/nueva-edicion-limitada-m50x-en-rojo\/#breadcrumb","itemListElement":[{"@type":"ListItem","position":1,"name":"Products","item":"https:\/\/distribution.audio-technica.eu\/es-es\/"},{"@type":"ListItem","position":2,"name":"La nueva edici\u00f3n limitada de M50x resplandece en rojo"}]},{"@type":"WebSite","@id":"https:\/\/distribution.audio-technica.eu\/es-es\/#website","url":"https:\/\/distribution.audio-technica.eu\/es-es\/","name":"Audio-Technica Iberia","description":"Distribuci\u00f3n","potentialAction":[{"@type":"SearchAction","target":{"@type":"EntryPoint","urlTemplate":"https:\/\/distribution.audio-technica.eu\/es-es\/?s={search_term_string}"},"query-input":{"@type":"PropertyValueSpecification","valueRequired":true,"valueName":"search_term_string"}}],"inLanguage":"es"},{"@type":"Person","@id":"https:\/\/distribution.audio-technica.eu\/es-es\/#\/schema\/person\/e8e715e047e33cc425e816f59cbd9b80","name":"Audio-Technica"}]}},"_links":{"self":[{"href":"https:\/\/distribution.audio-technica.eu\/es-es\/wp-json\/wp\/v2\/posts\/1877","targetHints":{"allow":["GET"]}}],"collection":[{"href":"https:\/\/distribution.audio-technica.eu\/es-es\/wp-json\/wp\/v2\/posts"}],"about":[{"href":"https:\/\/distribution.audio-technica.eu\/es-es\/wp-json\/wp\/v2\/types\/post"}],"author":[{"embeddable":true,"href":"https:\/\/distribution.audio-technica.eu\/es-es\/wp-json\/wp\/v2\/users\/1"}],"replies":[{"embeddable":true,"href":"https:\/\/distribution.audio-technica.eu\/es-es\/wp-json\/wp\/v2\/comments?post=1877"}],"version-history":[{"count":1,"href":"https:\/\/distribution.audio-technica.eu\/es-es\/wp-json\/wp\/v2\/posts\/1877\/revisions"}],"predecessor-version":[{"id":30251,"href":"https:\/\/distribution.audio-technica.eu\/es-es\/wp-json\/wp\/v2\/posts\/1877\/revisions\/30251"}],"wp:featuredmedia":[{"embeddable":true,"href":"https:\/\/distribution.audio-technica.eu\/es-es\/wp-json\/wp\/v2\/media\/1879"}],"wp:attachment":[{"href":"https:\/\/distribution.audio-technica.eu\/es-es\/wp-json\/wp\/v2\/media?parent=1877"}],"wp:term":[{"taxonomy":"category","embeddable":true,"href":"https:\/\/distribution.audio-technica.eu\/es-es\/wp-json\/wp\/v2\/categories?post=1877"},{"taxonomy":"post_tag","embeddable":true,"href":"https:\/\/distribution.audio-technica.eu\/es-es\/wp-json\/wp\/v2\/tags?post=1877"}],"curies":[{"name":"wp","href":"https:\/\/api.w.org\/{rel}","templated":true}]}}