{"id":18881,"date":"2019-10-07T15:33:25","date_gmt":"2019-10-07T13:33:25","guid":{"rendered":"https:\/\/atdb-production.studiograft.dev\/es\/?p=18881"},"modified":"2023-07-31T10:39:26","modified_gmt":"2023-07-31T08:39:26","slug":"el-prestigioso-ingeniero-de-sonido-jose-dalama-al-mando-de-las-mezclas-con-dlive-para-la-representacion-de-carmina-burana-en-alcala-de-henares","status":"publish","type":"post","link":"https:\/\/distribution.audio-technica.eu\/es-es\/noticias\/el-prestigioso-ingeniero-de-sonido-jose-dalama-al-mando-de-las-mezclas-con-dlive-para-la-representacion-de-carmina-burana-en-alcala-de-henares\/","title":{"rendered":"El prestigioso ingeniero de sonido Jos\u00e9 Dalama al mando de las mezclas con dLive para la representaci\u00f3n de Carmina Burana en Alcal\u00e1 de Henares"},"content":{"rendered":"<p><a href=\"https:\/\/distribution.audio-technica.eu\/es\/wp-content\/uploads\/sites\/2\/01-dLive-Carmina-Burana.jpg\"><img loading=\"lazy\" decoding=\"async\" class=\"alignnone size-800 wp-image-18885\" src=\"\/es\/wp-content\/uploads\/sites\/2\/01-dLive-Carmina-Burana-800x389.jpg\" alt=\"\" width=\"800\" height=\"389\" srcset=\"https:\/\/distribution.audio-technica.eu\/app\/uploads\/sites\/2\/01-dLive-Carmina-Burana-800x389.jpg 800w, https:\/\/distribution.audio-technica.eu\/app\/uploads\/sites\/2\/01-dLive-Carmina-Burana-150x73.jpg 150w, https:\/\/distribution.audio-technica.eu\/app\/uploads\/sites\/2\/01-dLive-Carmina-Burana-300x146.jpg 300w, https:\/\/distribution.audio-technica.eu\/app\/uploads\/sites\/2\/01-dLive-Carmina-Burana-768x373.jpg 768w, https:\/\/distribution.audio-technica.eu\/app\/uploads\/sites\/2\/01-dLive-Carmina-Burana-1024x497.jpg 1024w, https:\/\/distribution.audio-technica.eu\/app\/uploads\/sites\/2\/01-dLive-Carmina-Burana-200x97.jpg 200w, https:\/\/distribution.audio-technica.eu\/app\/uploads\/sites\/2\/01-dLive-Carmina-Burana-400x194.jpg 400w, https:\/\/distribution.audio-technica.eu\/app\/uploads\/sites\/2\/01-dLive-Carmina-Burana-600x291.jpg 600w, https:\/\/distribution.audio-technica.eu\/app\/uploads\/sites\/2\/01-dLive-Carmina-Burana-1200x583.jpg 1200w, https:\/\/distribution.audio-technica.eu\/app\/uploads\/sites\/2\/01-dLive-Carmina-Burana.jpg 1600w\" sizes=\"auto, (max-width: 800px) 100vw, 800px\" \/><\/a><\/p>\n<p class=\"TextoNdP\"><span lang=\"CA\">El pasado domingo 29 de septiembre tuvo lugar en Alcal\u00e1 de Henares una fabulosa representaci\u00f3n de Carmina Burana, que con su famoso \u201cOh Fortuna!\u201d es posiblemente la cantata esc\u00e9nica m\u00e1s c\u00e9lebre de la m\u00fasica occidental. La interpretaci\u00f3n estuvo a cargo de tres instituciones: la Orquesta Ciudad de Alcal\u00e1, Schola Cantorum y la Banda Sinf\u00f3nica Complutense y Coros de Alcal\u00e1 de Henares, que realizaron un formidable esfuerzo conjunto. Este magnifico evento estuvo organizado por el Ayuntamiento de Alcal\u00e1 de Henares.<\/span><\/p>\n<figure id=\"attachment_18884\" aria-describedby=\"caption-attachment-18884\" style=\"width: 800px\" class=\"wp-caption alignnone\"><a href=\"https:\/\/distribution.audio-technica.eu\/es\/wp-content\/uploads\/sites\/2\/02-dLive-Carmina-Burana-Jos\u00e9-Dalama-caption.jpg\"><img loading=\"lazy\" decoding=\"async\" class=\"wp-image-18884 size-800\" src=\"\/es\/wp-content\/uploads\/sites\/2\/02-dLive-Carmina-Burana-Jos\u00e9-Dalama-caption-800x389.jpg\" alt=\"\" width=\"800\" height=\"389\" srcset=\"https:\/\/distribution.audio-technica.eu\/app\/uploads\/sites\/2\/02-dLive-Carmina-Burana-Jos\u00e9-Dalama-caption-800x389.jpg 800w, https:\/\/distribution.audio-technica.eu\/app\/uploads\/sites\/2\/02-dLive-Carmina-Burana-Jos\u00e9-Dalama-caption-150x73.jpg 150w, https:\/\/distribution.audio-technica.eu\/app\/uploads\/sites\/2\/02-dLive-Carmina-Burana-Jos\u00e9-Dalama-caption-300x146.jpg 300w, https:\/\/distribution.audio-technica.eu\/app\/uploads\/sites\/2\/02-dLive-Carmina-Burana-Jos\u00e9-Dalama-caption-768x373.jpg 768w, https:\/\/distribution.audio-technica.eu\/app\/uploads\/sites\/2\/02-dLive-Carmina-Burana-Jos\u00e9-Dalama-caption-1024x497.jpg 1024w, https:\/\/distribution.audio-technica.eu\/app\/uploads\/sites\/2\/02-dLive-Carmina-Burana-Jos\u00e9-Dalama-caption-200x97.jpg 200w, https:\/\/distribution.audio-technica.eu\/app\/uploads\/sites\/2\/02-dLive-Carmina-Burana-Jos\u00e9-Dalama-caption-400x194.jpg 400w, https:\/\/distribution.audio-technica.eu\/app\/uploads\/sites\/2\/02-dLive-Carmina-Burana-Jos\u00e9-Dalama-caption-600x291.jpg 600w, https:\/\/distribution.audio-technica.eu\/app\/uploads\/sites\/2\/02-dLive-Carmina-Burana-Jos\u00e9-Dalama-caption-1200x583.jpg 1200w, https:\/\/distribution.audio-technica.eu\/app\/uploads\/sites\/2\/02-dLive-Carmina-Burana-Jos\u00e9-Dalama-caption.jpg 1600w\" sizes=\"auto, (max-width: 800px) 100vw, 800px\" \/><\/a><figcaption id=\"caption-attachment-18884\" class=\"wp-caption-text\">Jos\u00e9 Dalama a los mandos de la dLive S7000<\/figcaption><\/figure>\n<p class=\"TextoNdP\"><span lang=\"CA\">La empresa Sector Pro se hizo cargo de la producci\u00f3n t\u00e9cnica de este evento, con la colaboraci\u00f3n de Sorter en el dise\u00f1o y ejecuci\u00f3n de la producci\u00f3n de audio. Concretamente, Roke Hern\u00e1ndez (Sorter) se hizo cargo del dise\u00f1o sonoro y concepto de mezcla, con 128 canales. La mezcla de directo estuvo a cargo del ingeniero Jos\u00e9 Dalama, que us\u00f3 por primera vez en un evento a gran escala el sistema dLive de Allen &amp; Heath, y estuvo asistido por Gabriel Albornoz, Manager de Pro Audio de Audio-Technica Iberia, importadores de Allen &amp; Heath para Espa\u00f1a.<\/span><\/p>\n<p class=\"TextoNdP\"><span lang=\"CA\">Dado el elevado n\u00famero de canales de mezcla, se concibi\u00f3 una mezcla por stems, con dos sistemas A&amp;H dLive: una superficie S7000 + DM64 y una superficie S5000 + DM64. El sistema S5000, operado por Gabriel Albornoz, recibi\u00f3 las se\u00f1ales de 31 micr\u00f3fonos (coros) y otros 32 de instrumentos de cuerda. Una vez mezcladas estas secciones, se enviaron 6 se\u00f1ales est\u00e9reo al sistema S7000, operado por Jos\u00e9 Dalama. Estos est\u00e9reos correspond\u00edan a cuerdas graves, cuerdas agudas y cuatro l\u00edneas de coros. En el sistema S7000, que realiz\u00f3 la funci\u00f3n de mesa maestra y env\u00edo a PA, Jos\u00e9 Dalama a\u00f1adi\u00f3 los solistas e instrumentos restantes.<\/span><\/p>\n<figure id=\"attachment_18883\" aria-describedby=\"caption-attachment-18883\" style=\"width: 800px\" class=\"wp-caption alignnone\"><a href=\"https:\/\/distribution.audio-technica.eu\/es\/wp-content\/uploads\/sites\/2\/03-dLive-Carmina-Burana-Gabriel-Albornoz-Jos\u00e9-Dalama-caption.jpg\"><img loading=\"lazy\" decoding=\"async\" class=\"size-800 wp-image-18883\" src=\"\/es\/wp-content\/uploads\/sites\/2\/03-dLive-Carmina-Burana-Gabriel-Albornoz-Jos\u00e9-Dalama-caption-800x389.jpg\" alt=\"\" width=\"800\" height=\"389\" srcset=\"https:\/\/distribution.audio-technica.eu\/app\/uploads\/sites\/2\/03-dLive-Carmina-Burana-Gabriel-Albornoz-Jos\u00e9-Dalama-caption-800x389.jpg 800w, https:\/\/distribution.audio-technica.eu\/app\/uploads\/sites\/2\/03-dLive-Carmina-Burana-Gabriel-Albornoz-Jos\u00e9-Dalama-caption-150x73.jpg 150w, https:\/\/distribution.audio-technica.eu\/app\/uploads\/sites\/2\/03-dLive-Carmina-Burana-Gabriel-Albornoz-Jos\u00e9-Dalama-caption-300x146.jpg 300w, https:\/\/distribution.audio-technica.eu\/app\/uploads\/sites\/2\/03-dLive-Carmina-Burana-Gabriel-Albornoz-Jos\u00e9-Dalama-caption-768x373.jpg 768w, https:\/\/distribution.audio-technica.eu\/app\/uploads\/sites\/2\/03-dLive-Carmina-Burana-Gabriel-Albornoz-Jos\u00e9-Dalama-caption-1024x497.jpg 1024w, https:\/\/distribution.audio-technica.eu\/app\/uploads\/sites\/2\/03-dLive-Carmina-Burana-Gabriel-Albornoz-Jos\u00e9-Dalama-caption-200x97.jpg 200w, https:\/\/distribution.audio-technica.eu\/app\/uploads\/sites\/2\/03-dLive-Carmina-Burana-Gabriel-Albornoz-Jos\u00e9-Dalama-caption-400x194.jpg 400w, https:\/\/distribution.audio-technica.eu\/app\/uploads\/sites\/2\/03-dLive-Carmina-Burana-Gabriel-Albornoz-Jos\u00e9-Dalama-caption-600x291.jpg 600w, https:\/\/distribution.audio-technica.eu\/app\/uploads\/sites\/2\/03-dLive-Carmina-Burana-Gabriel-Albornoz-Jos\u00e9-Dalama-caption-1200x583.jpg 1200w, https:\/\/distribution.audio-technica.eu\/app\/uploads\/sites\/2\/03-dLive-Carmina-Burana-Gabriel-Albornoz-Jos\u00e9-Dalama-caption.jpg 1600w\" sizes=\"auto, (max-width: 800px) 100vw, 800px\" \/><\/a><figcaption id=\"caption-attachment-18883\" class=\"wp-caption-text\">Gabriel Albornoz a cargo de la dLive S5000<\/figcaption><\/figure>\n<p class=\"TextoNdP\"><span lang=\"CA\">El resultado fue una mezcla rica y \u201credonda\u201d, con un gran nivel de detalle y una din\u00e1mica espectacular en los momentos \u00e1lgidos de la obra. Estamos ante una nueva prueba de que el sistema dLive de Allen &amp; Heath es, en su rango de precio, una de las soluciones de mezcla con mayor potencia y calidad de audio que hay hoy disponibles en la industria.<\/span><\/p>\n<p>&nbsp;<\/p>\n","protected":false},"excerpt":{"rendered":"<p>El pasado domingo 29 de septiembre tuvo lugar en Alcal\u00e1 de Henares una fabulosa representaci\u00f3n de Carmina Burana, que con su famoso \u201cOh Fortuna!\u201d es posiblemente la cantata esc\u00e9nica m\u00e1s c\u00e9lebre de la m\u00fasica occidental. La interpretaci\u00f3n estuvo a cargo de tres instituciones: la Orquesta Ciudad de Alcal\u00e1, Schola Cantorum y la Banda Sinf\u00f3nica Complutense [&hellip;]<\/p>\n","protected":false},"author":2,"featured_media":18882,"comment_status":"closed","ping_status":"closed","sticky":false,"template":"","format":"standard","meta":{"_acf_changed":false,"footnotes":""},"categories":[2459],"tags":[2144,1579,1587],"class_list":["post-18881","post","type-post","status-publish","format-standard","has-post-thumbnail","hentry","category-usuarios","tag-dalama","tag-directo","tag-dlive"],"acf":[],"yoast_head":"<!-- This site is optimized with the Yoast SEO plugin v27.1.1 - https:\/\/yoast.com\/product\/yoast-seo-wordpress\/ -->\n<title>El prestigioso ingeniero de sonido Jos\u00e9 Dalama al mando de las mezclas con dLive para la representaci\u00f3n de Carmina Burana en Alcal\u00e1 de Henares - Audio-Technica Iberia<\/title>\n<meta name=\"robots\" content=\"index, follow, max-snippet:-1, max-image-preview:large, max-video-preview:-1\" \/>\n<link rel=\"canonical\" href=\"https:\/\/distribution.audio-technica.eu\/es-es\/noticias\/el-prestigioso-ingeniero-de-sonido-jose-dalama-al-mando-de-las-mezclas-con-dlive-para-la-representacion-de-carmina-burana-en-alcala-de-henares\/\" \/>\n<meta property=\"og:locale\" content=\"es_ES\" \/>\n<meta property=\"og:type\" content=\"article\" \/>\n<meta property=\"og:title\" content=\"El prestigioso ingeniero de sonido Jos\u00e9 Dalama al mando de las mezclas con dLive para la representaci\u00f3n de Carmina Burana en Alcal\u00e1 de Henares - Audio-Technica Iberia\" \/>\n<meta property=\"og:description\" content=\"El pasado domingo 29 de septiembre tuvo lugar en Alcal\u00e1 de Henares una fabulosa representaci\u00f3n de Carmina Burana, que con su famoso \u201cOh Fortuna!\u201d es posiblemente la cantata esc\u00e9nica m\u00e1s c\u00e9lebre de la m\u00fasica occidental. La interpretaci\u00f3n estuvo a cargo de tres instituciones: la Orquesta Ciudad de Alcal\u00e1, Schola Cantorum y la Banda Sinf\u00f3nica Complutense [&hellip;]\" \/>\n<meta property=\"og:url\" content=\"https:\/\/distribution.audio-technica.eu\/es-es\/noticias\/el-prestigioso-ingeniero-de-sonido-jose-dalama-al-mando-de-las-mezclas-con-dlive-para-la-representacion-de-carmina-burana-en-alcala-de-henares\/\" \/>\n<meta property=\"og:site_name\" content=\"Audio-Technica Iberia\" \/>\n<meta property=\"article:published_time\" content=\"2019-10-07T13:33:25+00:00\" \/>\n<meta property=\"article:modified_time\" content=\"2023-07-31T08:39:26+00:00\" \/>\n<meta property=\"og:image\" content=\"https:\/\/distribution.audio-technica.eu\/app\/uploads\/sites\/2\/01-dLive-Carmina-Burana-banner.jpg\" \/>\n\t<meta property=\"og:image:width\" content=\"640\" \/>\n\t<meta property=\"og:image:height\" content=\"360\" \/>\n\t<meta property=\"og:image:type\" content=\"image\/jpeg\" \/>\n<meta name=\"author\" content=\"ctorras\" \/>\n<meta name=\"twitter:card\" content=\"summary_large_image\" \/>\n<meta name=\"twitter:label1\" content=\"Escrito por\" \/>\n\t<meta name=\"twitter:data1\" content=\"ctorras\" \/>\n\t<meta name=\"twitter:label2\" content=\"Tiempo de lectura\" \/>\n\t<meta name=\"twitter:data2\" content=\"2 minutos\" \/>\n<script type=\"application\/ld+json\" class=\"yoast-schema-graph\">{\"@context\":\"https:\/\/schema.org\",\"@graph\":[{\"@type\":\"Article\",\"@id\":\"https:\/\/distribution.audio-technica.eu\/es-es\/noticias\/el-prestigioso-ingeniero-de-sonido-jose-dalama-al-mando-de-las-mezclas-con-dlive-para-la-representacion-de-carmina-burana-en-alcala-de-henares\/#article\",\"isPartOf\":{\"@id\":\"https:\/\/distribution.audio-technica.eu\/es-es\/noticias\/el-prestigioso-ingeniero-de-sonido-jose-dalama-al-mando-de-las-mezclas-con-dlive-para-la-representacion-de-carmina-burana-en-alcala-de-henares\/\"},\"author\":{\"name\":\"ctorras\",\"@id\":\"https:\/\/distribution.audio-technica.eu\/es-es\/#\/schema\/person\/dbf0d33217ceab6329b4c3144742f2fb\"},\"headline\":\"El prestigioso ingeniero de sonido Jos\u00e9 Dalama al mando de las mezclas con dLive para la representaci\u00f3n de Carmina Burana en Alcal\u00e1 de Henares\",\"datePublished\":\"2019-10-07T13:33:25+00:00\",\"dateModified\":\"2023-07-31T08:39:26+00:00\",\"mainEntityOfPage\":{\"@id\":\"https:\/\/distribution.audio-technica.eu\/es-es\/noticias\/el-prestigioso-ingeniero-de-sonido-jose-dalama-al-mando-de-las-mezclas-con-dlive-para-la-representacion-de-carmina-burana-en-alcala-de-henares\/\"},\"wordCount\":423,\"image\":{\"@id\":\"https:\/\/distribution.audio-technica.eu\/es-es\/noticias\/el-prestigioso-ingeniero-de-sonido-jose-dalama-al-mando-de-las-mezclas-con-dlive-para-la-representacion-de-carmina-burana-en-alcala-de-henares\/#primaryimage\"},\"thumbnailUrl\":\"\/app\/uploads\/sites\/2\/01-dLive-Carmina-Burana-banner.jpg\",\"keywords\":[\"Dalama\",\"directo\",\"dLive\"],\"articleSection\":[\"Usuarios\"],\"inLanguage\":\"es\"},{\"@type\":\"WebPage\",\"@id\":\"https:\/\/distribution.audio-technica.eu\/es-es\/noticias\/el-prestigioso-ingeniero-de-sonido-jose-dalama-al-mando-de-las-mezclas-con-dlive-para-la-representacion-de-carmina-burana-en-alcala-de-henares\/\",\"url\":\"https:\/\/distribution.audio-technica.eu\/es-es\/noticias\/el-prestigioso-ingeniero-de-sonido-jose-dalama-al-mando-de-las-mezclas-con-dlive-para-la-representacion-de-carmina-burana-en-alcala-de-henares\/\",\"name\":\"El prestigioso ingeniero de sonido Jos\u00e9 Dalama al mando de las mezclas con dLive para la representaci\u00f3n de Carmina Burana en Alcal\u00e1 de Henares - Audio-Technica Iberia\",\"isPartOf\":{\"@id\":\"https:\/\/distribution.audio-technica.eu\/es-es\/#website\"},\"primaryImageOfPage\":{\"@id\":\"https:\/\/distribution.audio-technica.eu\/es-es\/noticias\/el-prestigioso-ingeniero-de-sonido-jose-dalama-al-mando-de-las-mezclas-con-dlive-para-la-representacion-de-carmina-burana-en-alcala-de-henares\/#primaryimage\"},\"image\":{\"@id\":\"https:\/\/distribution.audio-technica.eu\/es-es\/noticias\/el-prestigioso-ingeniero-de-sonido-jose-dalama-al-mando-de-las-mezclas-con-dlive-para-la-representacion-de-carmina-burana-en-alcala-de-henares\/#primaryimage\"},\"thumbnailUrl\":\"\/app\/uploads\/sites\/2\/01-dLive-Carmina-Burana-banner.jpg\",\"datePublished\":\"2019-10-07T13:33:25+00:00\",\"dateModified\":\"2023-07-31T08:39:26+00:00\",\"author\":{\"@id\":\"https:\/\/distribution.audio-technica.eu\/es-es\/#\/schema\/person\/dbf0d33217ceab6329b4c3144742f2fb\"},\"breadcrumb\":{\"@id\":\"https:\/\/distribution.audio-technica.eu\/es-es\/noticias\/el-prestigioso-ingeniero-de-sonido-jose-dalama-al-mando-de-las-mezclas-con-dlive-para-la-representacion-de-carmina-burana-en-alcala-de-henares\/#breadcrumb\"},\"inLanguage\":\"es\",\"potentialAction\":[{\"@type\":\"ReadAction\",\"target\":[\"https:\/\/distribution.audio-technica.eu\/es-es\/noticias\/el-prestigioso-ingeniero-de-sonido-jose-dalama-al-mando-de-las-mezclas-con-dlive-para-la-representacion-de-carmina-burana-en-alcala-de-henares\/\"]}]},{\"@type\":\"ImageObject\",\"inLanguage\":\"es\",\"@id\":\"https:\/\/distribution.audio-technica.eu\/es-es\/noticias\/el-prestigioso-ingeniero-de-sonido-jose-dalama-al-mando-de-las-mezclas-con-dlive-para-la-representacion-de-carmina-burana-en-alcala-de-henares\/#primaryimage\",\"url\":\"\/app\/uploads\/sites\/2\/01-dLive-Carmina-Burana-banner.jpg\",\"contentUrl\":\"\/app\/uploads\/sites\/2\/01-dLive-Carmina-Burana-banner.jpg\",\"width\":640,\"height\":360},{\"@type\":\"BreadcrumbList\",\"@id\":\"https:\/\/distribution.audio-technica.eu\/es-es\/noticias\/el-prestigioso-ingeniero-de-sonido-jose-dalama-al-mando-de-las-mezclas-con-dlive-para-la-representacion-de-carmina-burana-en-alcala-de-henares\/#breadcrumb\",\"itemListElement\":[{\"@type\":\"ListItem\",\"position\":1,\"name\":\"Products\",\"item\":\"https:\/\/distribution.audio-technica.eu\/es-es\/\"},{\"@type\":\"ListItem\",\"position\":2,\"name\":\"El prestigioso ingeniero de sonido Jos\u00e9 Dalama al mando de las mezclas con dLive para la representaci\u00f3n de Carmina Burana en Alcal\u00e1 de Henares\"}]},{\"@type\":\"WebSite\",\"@id\":\"https:\/\/distribution.audio-technica.eu\/es-es\/#website\",\"url\":\"https:\/\/distribution.audio-technica.eu\/es-es\/\",\"name\":\"Audio-Technica Iberia\",\"description\":\"Distribuci\u00f3n\",\"potentialAction\":[{\"@type\":\"SearchAction\",\"target\":{\"@type\":\"EntryPoint\",\"urlTemplate\":\"https:\/\/distribution.audio-technica.eu\/es-es\/?s={search_term_string}\"},\"query-input\":{\"@type\":\"PropertyValueSpecification\",\"valueRequired\":true,\"valueName\":\"search_term_string\"}}],\"inLanguage\":\"es\"},{\"@type\":\"Person\",\"@id\":\"https:\/\/distribution.audio-technica.eu\/es-es\/#\/schema\/person\/dbf0d33217ceab6329b4c3144742f2fb\",\"name\":\"ctorras\"}]}<\/script>\n<!-- \/ Yoast SEO plugin. -->","yoast_head_json":{"title":"El prestigioso ingeniero de sonido Jos\u00e9 Dalama al mando de las mezclas con dLive para la representaci\u00f3n de Carmina Burana en Alcal\u00e1 de Henares - Audio-Technica Iberia","robots":{"index":"index","follow":"follow","max-snippet":"max-snippet:-1","max-image-preview":"max-image-preview:large","max-video-preview":"max-video-preview:-1"},"canonical":"https:\/\/distribution.audio-technica.eu\/es-es\/noticias\/el-prestigioso-ingeniero-de-sonido-jose-dalama-al-mando-de-las-mezclas-con-dlive-para-la-representacion-de-carmina-burana-en-alcala-de-henares\/","og_locale":"es_ES","og_type":"article","og_title":"El prestigioso ingeniero de sonido Jos\u00e9 Dalama al mando de las mezclas con dLive para la representaci\u00f3n de Carmina Burana en Alcal\u00e1 de Henares - Audio-Technica Iberia","og_description":"El pasado domingo 29 de septiembre tuvo lugar en Alcal\u00e1 de Henares una fabulosa representaci\u00f3n de Carmina Burana, que con su famoso \u201cOh Fortuna!\u201d es posiblemente la cantata esc\u00e9nica m\u00e1s c\u00e9lebre de la m\u00fasica occidental. La interpretaci\u00f3n estuvo a cargo de tres instituciones: la Orquesta Ciudad de Alcal\u00e1, Schola Cantorum y la Banda Sinf\u00f3nica Complutense [&hellip;]","og_url":"https:\/\/distribution.audio-technica.eu\/es-es\/noticias\/el-prestigioso-ingeniero-de-sonido-jose-dalama-al-mando-de-las-mezclas-con-dlive-para-la-representacion-de-carmina-burana-en-alcala-de-henares\/","og_site_name":"Audio-Technica Iberia","article_published_time":"2019-10-07T13:33:25+00:00","article_modified_time":"2023-07-31T08:39:26+00:00","og_image":[{"width":640,"height":360,"url":"https:\/\/distribution.audio-technica.eu\/app\/uploads\/sites\/2\/01-dLive-Carmina-Burana-banner.jpg","type":"image\/jpeg"}],"author":"ctorras","twitter_card":"summary_large_image","twitter_misc":{"Escrito por":"ctorras","Tiempo de lectura":"2 minutos"},"schema":{"@context":"https:\/\/schema.org","@graph":[{"@type":"Article","@id":"https:\/\/distribution.audio-technica.eu\/es-es\/noticias\/el-prestigioso-ingeniero-de-sonido-jose-dalama-al-mando-de-las-mezclas-con-dlive-para-la-representacion-de-carmina-burana-en-alcala-de-henares\/#article","isPartOf":{"@id":"https:\/\/distribution.audio-technica.eu\/es-es\/noticias\/el-prestigioso-ingeniero-de-sonido-jose-dalama-al-mando-de-las-mezclas-con-dlive-para-la-representacion-de-carmina-burana-en-alcala-de-henares\/"},"author":{"name":"ctorras","@id":"https:\/\/distribution.audio-technica.eu\/es-es\/#\/schema\/person\/dbf0d33217ceab6329b4c3144742f2fb"},"headline":"El prestigioso ingeniero de sonido Jos\u00e9 Dalama al mando de las mezclas con dLive para la representaci\u00f3n de Carmina Burana en Alcal\u00e1 de Henares","datePublished":"2019-10-07T13:33:25+00:00","dateModified":"2023-07-31T08:39:26+00:00","mainEntityOfPage":{"@id":"https:\/\/distribution.audio-technica.eu\/es-es\/noticias\/el-prestigioso-ingeniero-de-sonido-jose-dalama-al-mando-de-las-mezclas-con-dlive-para-la-representacion-de-carmina-burana-en-alcala-de-henares\/"},"wordCount":423,"image":{"@id":"https:\/\/distribution.audio-technica.eu\/es-es\/noticias\/el-prestigioso-ingeniero-de-sonido-jose-dalama-al-mando-de-las-mezclas-con-dlive-para-la-representacion-de-carmina-burana-en-alcala-de-henares\/#primaryimage"},"thumbnailUrl":"\/app\/uploads\/sites\/2\/01-dLive-Carmina-Burana-banner.jpg","keywords":["Dalama","directo","dLive"],"articleSection":["Usuarios"],"inLanguage":"es"},{"@type":"WebPage","@id":"https:\/\/distribution.audio-technica.eu\/es-es\/noticias\/el-prestigioso-ingeniero-de-sonido-jose-dalama-al-mando-de-las-mezclas-con-dlive-para-la-representacion-de-carmina-burana-en-alcala-de-henares\/","url":"https:\/\/distribution.audio-technica.eu\/es-es\/noticias\/el-prestigioso-ingeniero-de-sonido-jose-dalama-al-mando-de-las-mezclas-con-dlive-para-la-representacion-de-carmina-burana-en-alcala-de-henares\/","name":"El prestigioso ingeniero de sonido Jos\u00e9 Dalama al mando de las mezclas con dLive para la representaci\u00f3n de Carmina Burana en Alcal\u00e1 de Henares - Audio-Technica Iberia","isPartOf":{"@id":"https:\/\/distribution.audio-technica.eu\/es-es\/#website"},"primaryImageOfPage":{"@id":"https:\/\/distribution.audio-technica.eu\/es-es\/noticias\/el-prestigioso-ingeniero-de-sonido-jose-dalama-al-mando-de-las-mezclas-con-dlive-para-la-representacion-de-carmina-burana-en-alcala-de-henares\/#primaryimage"},"image":{"@id":"https:\/\/distribution.audio-technica.eu\/es-es\/noticias\/el-prestigioso-ingeniero-de-sonido-jose-dalama-al-mando-de-las-mezclas-con-dlive-para-la-representacion-de-carmina-burana-en-alcala-de-henares\/#primaryimage"},"thumbnailUrl":"\/app\/uploads\/sites\/2\/01-dLive-Carmina-Burana-banner.jpg","datePublished":"2019-10-07T13:33:25+00:00","dateModified":"2023-07-31T08:39:26+00:00","author":{"@id":"https:\/\/distribution.audio-technica.eu\/es-es\/#\/schema\/person\/dbf0d33217ceab6329b4c3144742f2fb"},"breadcrumb":{"@id":"https:\/\/distribution.audio-technica.eu\/es-es\/noticias\/el-prestigioso-ingeniero-de-sonido-jose-dalama-al-mando-de-las-mezclas-con-dlive-para-la-representacion-de-carmina-burana-en-alcala-de-henares\/#breadcrumb"},"inLanguage":"es","potentialAction":[{"@type":"ReadAction","target":["https:\/\/distribution.audio-technica.eu\/es-es\/noticias\/el-prestigioso-ingeniero-de-sonido-jose-dalama-al-mando-de-las-mezclas-con-dlive-para-la-representacion-de-carmina-burana-en-alcala-de-henares\/"]}]},{"@type":"ImageObject","inLanguage":"es","@id":"https:\/\/distribution.audio-technica.eu\/es-es\/noticias\/el-prestigioso-ingeniero-de-sonido-jose-dalama-al-mando-de-las-mezclas-con-dlive-para-la-representacion-de-carmina-burana-en-alcala-de-henares\/#primaryimage","url":"\/app\/uploads\/sites\/2\/01-dLive-Carmina-Burana-banner.jpg","contentUrl":"\/app\/uploads\/sites\/2\/01-dLive-Carmina-Burana-banner.jpg","width":640,"height":360},{"@type":"BreadcrumbList","@id":"https:\/\/distribution.audio-technica.eu\/es-es\/noticias\/el-prestigioso-ingeniero-de-sonido-jose-dalama-al-mando-de-las-mezclas-con-dlive-para-la-representacion-de-carmina-burana-en-alcala-de-henares\/#breadcrumb","itemListElement":[{"@type":"ListItem","position":1,"name":"Products","item":"https:\/\/distribution.audio-technica.eu\/es-es\/"},{"@type":"ListItem","position":2,"name":"El prestigioso ingeniero de sonido Jos\u00e9 Dalama al mando de las mezclas con dLive para la representaci\u00f3n de Carmina Burana en Alcal\u00e1 de Henares"}]},{"@type":"WebSite","@id":"https:\/\/distribution.audio-technica.eu\/es-es\/#website","url":"https:\/\/distribution.audio-technica.eu\/es-es\/","name":"Audio-Technica Iberia","description":"Distribuci\u00f3n","potentialAction":[{"@type":"SearchAction","target":{"@type":"EntryPoint","urlTemplate":"https:\/\/distribution.audio-technica.eu\/es-es\/?s={search_term_string}"},"query-input":{"@type":"PropertyValueSpecification","valueRequired":true,"valueName":"search_term_string"}}],"inLanguage":"es"},{"@type":"Person","@id":"https:\/\/distribution.audio-technica.eu\/es-es\/#\/schema\/person\/dbf0d33217ceab6329b4c3144742f2fb","name":"ctorras"}]}},"_links":{"self":[{"href":"https:\/\/distribution.audio-technica.eu\/es-es\/wp-json\/wp\/v2\/posts\/18881","targetHints":{"allow":["GET"]}}],"collection":[{"href":"https:\/\/distribution.audio-technica.eu\/es-es\/wp-json\/wp\/v2\/posts"}],"about":[{"href":"https:\/\/distribution.audio-technica.eu\/es-es\/wp-json\/wp\/v2\/types\/post"}],"author":[{"embeddable":true,"href":"https:\/\/distribution.audio-technica.eu\/es-es\/wp-json\/wp\/v2\/users\/2"}],"replies":[{"embeddable":true,"href":"https:\/\/distribution.audio-technica.eu\/es-es\/wp-json\/wp\/v2\/comments?post=18881"}],"version-history":[{"count":2,"href":"https:\/\/distribution.audio-technica.eu\/es-es\/wp-json\/wp\/v2\/posts\/18881\/revisions"}],"predecessor-version":[{"id":18887,"href":"https:\/\/distribution.audio-technica.eu\/es-es\/wp-json\/wp\/v2\/posts\/18881\/revisions\/18887"}],"wp:featuredmedia":[{"embeddable":true,"href":"https:\/\/distribution.audio-technica.eu\/es-es\/wp-json\/wp\/v2\/media\/18882"}],"wp:attachment":[{"href":"https:\/\/distribution.audio-technica.eu\/es-es\/wp-json\/wp\/v2\/media?parent=18881"}],"wp:term":[{"taxonomy":"category","embeddable":true,"href":"https:\/\/distribution.audio-technica.eu\/es-es\/wp-json\/wp\/v2\/categories?post=18881"},{"taxonomy":"post_tag","embeddable":true,"href":"https:\/\/distribution.audio-technica.eu\/es-es\/wp-json\/wp\/v2\/tags?post=18881"}],"curies":[{"name":"wp","href":"https:\/\/api.w.org\/{rel}","templated":true}]}}