{"id":18979,"date":"2019-10-25T12:46:12","date_gmt":"2019-10-25T10:46:12","guid":{"rendered":"https:\/\/atdb-production.studiograft.dev\/es\/?p=18979"},"modified":"2023-07-31T11:25:24","modified_gmt":"2023-07-31T09:25:24","slug":"genelec-presenta-el-nuevo-monitor-8341-en-edicion-limitada-con-motivo-de-su-40-aniversario","status":"publish","type":"post","link":"https:\/\/distribution.audio-technica.eu\/es-es\/noticias\/genelec-presenta-el-nuevo-monitor-8341-en-edicion-limitada-con-motivo-de-su-40-aniversario\/","title":{"rendered":"Genelec presenta el nuevo monitor 8341 en edici\u00f3n limitada con motivo de su 40 Aniversario"},"content":{"rendered":"<h2>Genelec acaba de presentar una edici\u00f3n muy especial de su monitor coaxial de tres v\u00edas 8341, con un acabado exclusivo muy atractivo y una serie de interesantes complementos, todo ello alojado en una caja de madera, dise\u00f1ada para la ocasi\u00f3n. Solo est\u00e1n disponibles 200 pares de esta exclusiva edici\u00f3n.<\/h2>\n<p><a href=\"https:\/\/distribution.audio-technica.eu\/es\/wp-content\/uploads\/sites\/2\/WP-NdP-Genelec-Anniversary-8341-Sapphire-Blue_MONITOR.jpg\"><img loading=\"lazy\" decoding=\"async\" class=\"aligncenter wp-image-18982 size-800\" src=\"\/es\/wp-content\/uploads\/sites\/2\/WP-NdP-Genelec-Anniversary-8341-Sapphire-Blue_MONITOR-800x450.jpg\" alt=\"\" width=\"800\" height=\"450\" srcset=\"https:\/\/distribution.audio-technica.eu\/app\/uploads\/sites\/2\/WP-NdP-Genelec-Anniversary-8341-Sapphire-Blue_MONITOR-800x450.jpg 800w, https:\/\/distribution.audio-technica.eu\/app\/uploads\/sites\/2\/WP-NdP-Genelec-Anniversary-8341-Sapphire-Blue_MONITOR-150x84.jpg 150w, https:\/\/distribution.audio-technica.eu\/app\/uploads\/sites\/2\/WP-NdP-Genelec-Anniversary-8341-Sapphire-Blue_MONITOR-300x169.jpg 300w, https:\/\/distribution.audio-technica.eu\/app\/uploads\/sites\/2\/WP-NdP-Genelec-Anniversary-8341-Sapphire-Blue_MONITOR-768x432.jpg 768w, https:\/\/distribution.audio-technica.eu\/app\/uploads\/sites\/2\/WP-NdP-Genelec-Anniversary-8341-Sapphire-Blue_MONITOR-1024x576.jpg 1024w, https:\/\/distribution.audio-technica.eu\/app\/uploads\/sites\/2\/WP-NdP-Genelec-Anniversary-8341-Sapphire-Blue_MONITOR-200x113.jpg 200w, https:\/\/distribution.audio-technica.eu\/app\/uploads\/sites\/2\/WP-NdP-Genelec-Anniversary-8341-Sapphire-Blue_MONITOR-400x225.jpg 400w, https:\/\/distribution.audio-technica.eu\/app\/uploads\/sites\/2\/WP-NdP-Genelec-Anniversary-8341-Sapphire-Blue_MONITOR-600x338.jpg 600w, https:\/\/distribution.audio-technica.eu\/app\/uploads\/sites\/2\/WP-NdP-Genelec-Anniversary-8341-Sapphire-Blue_MONITOR-1200x675.jpg 1200w, https:\/\/distribution.audio-technica.eu\/app\/uploads\/sites\/2\/WP-NdP-Genelec-Anniversary-8341-Sapphire-Blue_MONITOR.jpg 1500w\" sizes=\"auto, (max-width: 800px) 100vw, 800px\" \/><\/a><\/p>\n<p>A principios de este a\u00f1o Genelec anunci\u00f3 su intenci\u00f3n de fabricar una versi\u00f3n especial del monitor coaxial de tres v\u00edas <a href=\"https:\/\/www.genelec.com\/studio-monitors\/sam-coaxial-studio-monitors\/8341-sam-studio-monitor\">8341<\/a> de la serie <a href=\"https:\/\/www.genelec.com\/studio-monitors\/ones-studio-monitors\">The Ones<\/a>, para celebrar el 40 aniversario de la compa\u00f1\u00eda. Con este fin, se pidi\u00f3 a los usuarios que escogieran el color que prefer\u00edan para el acabado de esta edici\u00f3n especial. Miles de usuarios participaron en esta encuesta, cuyo resultado dej\u00f3 claro que, por una ampl\u00edsima mayor\u00eda, el color preferido era el Sapphire Blue. As\u00ed, Genelec ha fabricado una edici\u00f3n limitada compuesta por solo 200 pares de este modelo especial 8341, numerada individualmente y acompa\u00f1ada de un kit GLM completo, un libro conmemorativo del 40 Aniversario, todo ello alojado en una a personalizada.<\/p>\n<p>Pero eso no es todo. Por cada monitor vendido, Genelec har\u00e1 una donaci\u00f3n a la ONG <a href=\"https:\/\/www.sos-childrensvillages.org\/\">SOS Children\u2019s Village<\/a> en Finlandia. Fundada en 1949 en Austria por Hermann Gmeiner, SOS Children\u2019s Villages han trabajado durante d\u00e9cadas ayudando a las familias a permanecer juntas para cuidar de sus hijos, y tambi\u00e9n proporcionando un hogar para ni\u00f1os sin ning\u00fan tipo de cuidado parental.<\/p>\n<p><a href=\"https:\/\/distribution.audio-technica.eu\/es\/wp-content\/uploads\/sites\/2\/WP-NdP-Genelec-Anniversary-8341-Sapphire-Blue_-PACK.jpg\"><img loading=\"lazy\" decoding=\"async\" class=\"size-800 wp-image-18980 aligncenter\" src=\"\/es\/wp-content\/uploads\/sites\/2\/WP-NdP-Genelec-Anniversary-8341-Sapphire-Blue_-PACK-800x938.jpg\" alt=\"\" width=\"800\" height=\"938\" srcset=\"https:\/\/distribution.audio-technica.eu\/app\/uploads\/sites\/2\/WP-NdP-Genelec-Anniversary-8341-Sapphire-Blue_-PACK-800x938.jpg 800w, https:\/\/distribution.audio-technica.eu\/app\/uploads\/sites\/2\/WP-NdP-Genelec-Anniversary-8341-Sapphire-Blue_-PACK-128x150.jpg 128w, https:\/\/distribution.audio-technica.eu\/app\/uploads\/sites\/2\/WP-NdP-Genelec-Anniversary-8341-Sapphire-Blue_-PACK-256x300.jpg 256w, https:\/\/distribution.audio-technica.eu\/app\/uploads\/sites\/2\/WP-NdP-Genelec-Anniversary-8341-Sapphire-Blue_-PACK-768x900.jpg 768w, https:\/\/distribution.audio-technica.eu\/app\/uploads\/sites\/2\/WP-NdP-Genelec-Anniversary-8341-Sapphire-Blue_-PACK-874x1024.jpg 874w, https:\/\/distribution.audio-technica.eu\/app\/uploads\/sites\/2\/WP-NdP-Genelec-Anniversary-8341-Sapphire-Blue_-PACK-200x234.jpg 200w, https:\/\/distribution.audio-technica.eu\/app\/uploads\/sites\/2\/WP-NdP-Genelec-Anniversary-8341-Sapphire-Blue_-PACK-400x469.jpg 400w, https:\/\/distribution.audio-technica.eu\/app\/uploads\/sites\/2\/WP-NdP-Genelec-Anniversary-8341-Sapphire-Blue_-PACK-600x703.jpg 600w, https:\/\/distribution.audio-technica.eu\/app\/uploads\/sites\/2\/WP-NdP-Genelec-Anniversary-8341-Sapphire-Blue_-PACK-1200x1406.jpg 1200w, https:\/\/distribution.audio-technica.eu\/app\/uploads\/sites\/2\/WP-NdP-Genelec-Anniversary-8341-Sapphire-Blue_-PACK.jpg 1280w\" sizes=\"auto, (max-width: 800px) 100vw, 800px\" \/><\/a><\/p>\n<p>Este nuevo pack incluye:<\/p>\n<ul>\n<li>2 monitores coaxiales de tres v\u00edas 8341, numerados y acabados en color Sapphire Blue.<\/li>\n<li>Kit GLM, que incluye el adaptador de red GLM, el micr\u00f3fono de calibraci\u00f3n 8300A con su correspondiente soporte de micro, un cable USB de 1.8 metros y la Gu\u00eda de Conexi\u00f3n R\u00e1pida.<\/li>\n<li>El libro conmemorativo del 40 Aniversario de Genelec.<\/li>\n<li>Bolsa de algod\u00f3n conmemorativa del 40 Aniversario de Genelec.<\/li>\n<li>Tarjeta de felicitaci\u00f3n firmada por el personal de Genelec que ha contribuido a la producci\u00f3n de este producto.<\/li>\n<\/ul>\n<p>Todos estos elementos se presentan en una caja de madera hecha a medida, con un dise\u00f1o especial para el 40 aniversario.<\/p>\n<p>[fusion_youtube id=\u00bb9GzMRtf6spI\u00bb alignment=\u00bbcenter\u00bb width=\u00bb\u00bb height=\u00bb\u00bb autoplay=\u00bbfalse\u00bb api_params=\u00bb\u00bb hide_on_mobile=\u00bbsmall-visibility,medium-visibility,large-visibility\u00bb class=\u00bb\u00bb][\/fusion_youtube]<\/p>\n<p>&nbsp;<\/p>\n<p>El precio de este pack es de 5.495 \u20ac (PVPR, IVA no incluido)<\/p>\n<p>Para m\u00e1s informaci\u00f3n, por favor visitar <a href=\"https:\/\/www.genelec.com\/genelec40\">genelec.com\/genelec40<\/a><\/p>\n","protected":false},"excerpt":{"rendered":"<p>Genelec acaba de presentar una edici\u00f3n muy especial de su monitor coaxial de tres v\u00edas 8341, con un acabado exclusivo muy atractivo y una serie de interesantes complementos, todo ello alojado en una caja de madera, dise\u00f1ada para la ocasi\u00f3n. Solo est\u00e1n disponibles 200 pares de esta exclusiva edici\u00f3n. A principios de este a\u00f1o Genelec [&hellip;]<\/p>\n","protected":false},"author":2,"featured_media":18981,"comment_status":"closed","ping_status":"closed","sticky":false,"template":"","format":"standard","meta":{"_acf_changed":false,"footnotes":""},"categories":[2456],"tags":[2154,2153],"class_list":["post-18979","post","type-post","status-publish","format-standard","has-post-thumbnail","hentry","category-novedades","tag-40-aniversario","tag-2153"],"acf":[],"yoast_head":"<!-- This site is optimized with the Yoast SEO plugin v27.1.1 - https:\/\/yoast.com\/product\/yoast-seo-wordpress\/ -->\n<title>Genelec presenta el nuevo monitor 8341 en edici\u00f3n limitada con motivo de su 40 Aniversario - Audio-Technica Iberia<\/title>\n<meta name=\"robots\" content=\"index, follow, max-snippet:-1, max-image-preview:large, max-video-preview:-1\" \/>\n<link rel=\"canonical\" href=\"https:\/\/distribution.audio-technica.eu\/es-es\/noticias\/genelec-presenta-el-nuevo-monitor-8341-en-edicion-limitada-con-motivo-de-su-40-aniversario\/\" \/>\n<meta property=\"og:locale\" content=\"es_ES\" \/>\n<meta property=\"og:type\" content=\"article\" \/>\n<meta property=\"og:title\" content=\"Genelec presenta el nuevo monitor 8341 en edici\u00f3n limitada con motivo de su 40 Aniversario - Audio-Technica Iberia\" \/>\n<meta property=\"og:description\" content=\"Genelec acaba de presentar una edici\u00f3n muy especial de su monitor coaxial de tres v\u00edas 8341, con un acabado exclusivo muy atractivo y una serie de interesantes complementos, todo ello alojado en una caja de madera, dise\u00f1ada para la ocasi\u00f3n. Solo est\u00e1n disponibles 200 pares de esta exclusiva edici\u00f3n. A principios de este a\u00f1o Genelec [&hellip;]\" \/>\n<meta property=\"og:url\" content=\"https:\/\/distribution.audio-technica.eu\/es-es\/noticias\/genelec-presenta-el-nuevo-monitor-8341-en-edicion-limitada-con-motivo-de-su-40-aniversario\/\" \/>\n<meta property=\"og:site_name\" content=\"Audio-Technica Iberia\" \/>\n<meta property=\"article:published_time\" content=\"2019-10-25T10:46:12+00:00\" \/>\n<meta property=\"article:modified_time\" content=\"2023-07-31T09:25:24+00:00\" \/>\n<meta property=\"og:image\" content=\"https:\/\/distribution.audio-technica.eu\/app\/uploads\/sites\/2\/WP-NdP-Genelec-Anniversary-8341-Sapphire-Blue_banner.jpg\" \/>\n\t<meta property=\"og:image:width\" content=\"640\" \/>\n\t<meta property=\"og:image:height\" content=\"360\" \/>\n\t<meta property=\"og:image:type\" content=\"image\/jpeg\" \/>\n<meta name=\"author\" content=\"ctorras\" \/>\n<meta name=\"twitter:card\" content=\"summary_large_image\" \/>\n<meta name=\"twitter:label1\" content=\"Escrito por\" \/>\n\t<meta name=\"twitter:data1\" content=\"ctorras\" \/>\n\t<meta name=\"twitter:label2\" content=\"Tiempo de lectura\" \/>\n\t<meta name=\"twitter:data2\" content=\"2 minutos\" \/>\n<script type=\"application\/ld+json\" class=\"yoast-schema-graph\">{\"@context\":\"https:\/\/schema.org\",\"@graph\":[{\"@type\":\"Article\",\"@id\":\"https:\/\/distribution.audio-technica.eu\/es-es\/noticias\/genelec-presenta-el-nuevo-monitor-8341-en-edicion-limitada-con-motivo-de-su-40-aniversario\/#article\",\"isPartOf\":{\"@id\":\"https:\/\/distribution.audio-technica.eu\/es-es\/noticias\/genelec-presenta-el-nuevo-monitor-8341-en-edicion-limitada-con-motivo-de-su-40-aniversario\/\"},\"author\":{\"name\":\"ctorras\",\"@id\":\"https:\/\/distribution.audio-technica.eu\/es-es\/#\/schema\/person\/dbf0d33217ceab6329b4c3144742f2fb\"},\"headline\":\"Genelec presenta el nuevo monitor 8341 en edici\u00f3n limitada con motivo de su 40 Aniversario\",\"datePublished\":\"2019-10-25T10:46:12+00:00\",\"dateModified\":\"2023-07-31T09:25:24+00:00\",\"mainEntityOfPage\":{\"@id\":\"https:\/\/distribution.audio-technica.eu\/es-es\/noticias\/genelec-presenta-el-nuevo-monitor-8341-en-edicion-limitada-con-motivo-de-su-40-aniversario\/\"},\"wordCount\":412,\"image\":{\"@id\":\"https:\/\/distribution.audio-technica.eu\/es-es\/noticias\/genelec-presenta-el-nuevo-monitor-8341-en-edicion-limitada-con-motivo-de-su-40-aniversario\/#primaryimage\"},\"thumbnailUrl\":\"\/app\/uploads\/sites\/2\/WP-NdP-Genelec-Anniversary-8341-Sapphire-Blue_banner.jpg\",\"keywords\":[\"40 Aniversario\",\"8341\"],\"articleSection\":[\"Novedades\"],\"inLanguage\":\"es\"},{\"@type\":\"WebPage\",\"@id\":\"https:\/\/distribution.audio-technica.eu\/es-es\/noticias\/genelec-presenta-el-nuevo-monitor-8341-en-edicion-limitada-con-motivo-de-su-40-aniversario\/\",\"url\":\"https:\/\/distribution.audio-technica.eu\/es-es\/noticias\/genelec-presenta-el-nuevo-monitor-8341-en-edicion-limitada-con-motivo-de-su-40-aniversario\/\",\"name\":\"Genelec presenta el nuevo monitor 8341 en edici\u00f3n limitada con motivo de su 40 Aniversario - Audio-Technica Iberia\",\"isPartOf\":{\"@id\":\"https:\/\/distribution.audio-technica.eu\/es-es\/#website\"},\"primaryImageOfPage\":{\"@id\":\"https:\/\/distribution.audio-technica.eu\/es-es\/noticias\/genelec-presenta-el-nuevo-monitor-8341-en-edicion-limitada-con-motivo-de-su-40-aniversario\/#primaryimage\"},\"image\":{\"@id\":\"https:\/\/distribution.audio-technica.eu\/es-es\/noticias\/genelec-presenta-el-nuevo-monitor-8341-en-edicion-limitada-con-motivo-de-su-40-aniversario\/#primaryimage\"},\"thumbnailUrl\":\"\/app\/uploads\/sites\/2\/WP-NdP-Genelec-Anniversary-8341-Sapphire-Blue_banner.jpg\",\"datePublished\":\"2019-10-25T10:46:12+00:00\",\"dateModified\":\"2023-07-31T09:25:24+00:00\",\"author\":{\"@id\":\"https:\/\/distribution.audio-technica.eu\/es-es\/#\/schema\/person\/dbf0d33217ceab6329b4c3144742f2fb\"},\"breadcrumb\":{\"@id\":\"https:\/\/distribution.audio-technica.eu\/es-es\/noticias\/genelec-presenta-el-nuevo-monitor-8341-en-edicion-limitada-con-motivo-de-su-40-aniversario\/#breadcrumb\"},\"inLanguage\":\"es\",\"potentialAction\":[{\"@type\":\"ReadAction\",\"target\":[\"https:\/\/distribution.audio-technica.eu\/es-es\/noticias\/genelec-presenta-el-nuevo-monitor-8341-en-edicion-limitada-con-motivo-de-su-40-aniversario\/\"]}]},{\"@type\":\"ImageObject\",\"inLanguage\":\"es\",\"@id\":\"https:\/\/distribution.audio-technica.eu\/es-es\/noticias\/genelec-presenta-el-nuevo-monitor-8341-en-edicion-limitada-con-motivo-de-su-40-aniversario\/#primaryimage\",\"url\":\"\/app\/uploads\/sites\/2\/WP-NdP-Genelec-Anniversary-8341-Sapphire-Blue_banner.jpg\",\"contentUrl\":\"\/app\/uploads\/sites\/2\/WP-NdP-Genelec-Anniversary-8341-Sapphire-Blue_banner.jpg\",\"width\":640,\"height\":360},{\"@type\":\"BreadcrumbList\",\"@id\":\"https:\/\/distribution.audio-technica.eu\/es-es\/noticias\/genelec-presenta-el-nuevo-monitor-8341-en-edicion-limitada-con-motivo-de-su-40-aniversario\/#breadcrumb\",\"itemListElement\":[{\"@type\":\"ListItem\",\"position\":1,\"name\":\"Products\",\"item\":\"https:\/\/distribution.audio-technica.eu\/es-es\/\"},{\"@type\":\"ListItem\",\"position\":2,\"name\":\"Genelec presenta el nuevo monitor 8341 en edici\u00f3n limitada con motivo de su 40 Aniversario\"}]},{\"@type\":\"WebSite\",\"@id\":\"https:\/\/distribution.audio-technica.eu\/es-es\/#website\",\"url\":\"https:\/\/distribution.audio-technica.eu\/es-es\/\",\"name\":\"Audio-Technica Iberia\",\"description\":\"Distribuci\u00f3n\",\"potentialAction\":[{\"@type\":\"SearchAction\",\"target\":{\"@type\":\"EntryPoint\",\"urlTemplate\":\"https:\/\/distribution.audio-technica.eu\/es-es\/?s={search_term_string}\"},\"query-input\":{\"@type\":\"PropertyValueSpecification\",\"valueRequired\":true,\"valueName\":\"search_term_string\"}}],\"inLanguage\":\"es\"},{\"@type\":\"Person\",\"@id\":\"https:\/\/distribution.audio-technica.eu\/es-es\/#\/schema\/person\/dbf0d33217ceab6329b4c3144742f2fb\",\"name\":\"ctorras\"}]}<\/script>\n<!-- \/ Yoast SEO plugin. -->","yoast_head_json":{"title":"Genelec presenta el nuevo monitor 8341 en edici\u00f3n limitada con motivo de su 40 Aniversario - Audio-Technica Iberia","robots":{"index":"index","follow":"follow","max-snippet":"max-snippet:-1","max-image-preview":"max-image-preview:large","max-video-preview":"max-video-preview:-1"},"canonical":"https:\/\/distribution.audio-technica.eu\/es-es\/noticias\/genelec-presenta-el-nuevo-monitor-8341-en-edicion-limitada-con-motivo-de-su-40-aniversario\/","og_locale":"es_ES","og_type":"article","og_title":"Genelec presenta el nuevo monitor 8341 en edici\u00f3n limitada con motivo de su 40 Aniversario - Audio-Technica Iberia","og_description":"Genelec acaba de presentar una edici\u00f3n muy especial de su monitor coaxial de tres v\u00edas 8341, con un acabado exclusivo muy atractivo y una serie de interesantes complementos, todo ello alojado en una caja de madera, dise\u00f1ada para la ocasi\u00f3n. Solo est\u00e1n disponibles 200 pares de esta exclusiva edici\u00f3n. A principios de este a\u00f1o Genelec [&hellip;]","og_url":"https:\/\/distribution.audio-technica.eu\/es-es\/noticias\/genelec-presenta-el-nuevo-monitor-8341-en-edicion-limitada-con-motivo-de-su-40-aniversario\/","og_site_name":"Audio-Technica Iberia","article_published_time":"2019-10-25T10:46:12+00:00","article_modified_time":"2023-07-31T09:25:24+00:00","og_image":[{"width":640,"height":360,"url":"https:\/\/distribution.audio-technica.eu\/app\/uploads\/sites\/2\/WP-NdP-Genelec-Anniversary-8341-Sapphire-Blue_banner.jpg","type":"image\/jpeg"}],"author":"ctorras","twitter_card":"summary_large_image","twitter_misc":{"Escrito por":"ctorras","Tiempo de lectura":"2 minutos"},"schema":{"@context":"https:\/\/schema.org","@graph":[{"@type":"Article","@id":"https:\/\/distribution.audio-technica.eu\/es-es\/noticias\/genelec-presenta-el-nuevo-monitor-8341-en-edicion-limitada-con-motivo-de-su-40-aniversario\/#article","isPartOf":{"@id":"https:\/\/distribution.audio-technica.eu\/es-es\/noticias\/genelec-presenta-el-nuevo-monitor-8341-en-edicion-limitada-con-motivo-de-su-40-aniversario\/"},"author":{"name":"ctorras","@id":"https:\/\/distribution.audio-technica.eu\/es-es\/#\/schema\/person\/dbf0d33217ceab6329b4c3144742f2fb"},"headline":"Genelec presenta el nuevo monitor 8341 en edici\u00f3n limitada con motivo de su 40 Aniversario","datePublished":"2019-10-25T10:46:12+00:00","dateModified":"2023-07-31T09:25:24+00:00","mainEntityOfPage":{"@id":"https:\/\/distribution.audio-technica.eu\/es-es\/noticias\/genelec-presenta-el-nuevo-monitor-8341-en-edicion-limitada-con-motivo-de-su-40-aniversario\/"},"wordCount":412,"image":{"@id":"https:\/\/distribution.audio-technica.eu\/es-es\/noticias\/genelec-presenta-el-nuevo-monitor-8341-en-edicion-limitada-con-motivo-de-su-40-aniversario\/#primaryimage"},"thumbnailUrl":"\/app\/uploads\/sites\/2\/WP-NdP-Genelec-Anniversary-8341-Sapphire-Blue_banner.jpg","keywords":["40 Aniversario","8341"],"articleSection":["Novedades"],"inLanguage":"es"},{"@type":"WebPage","@id":"https:\/\/distribution.audio-technica.eu\/es-es\/noticias\/genelec-presenta-el-nuevo-monitor-8341-en-edicion-limitada-con-motivo-de-su-40-aniversario\/","url":"https:\/\/distribution.audio-technica.eu\/es-es\/noticias\/genelec-presenta-el-nuevo-monitor-8341-en-edicion-limitada-con-motivo-de-su-40-aniversario\/","name":"Genelec presenta el nuevo monitor 8341 en edici\u00f3n limitada con motivo de su 40 Aniversario - Audio-Technica Iberia","isPartOf":{"@id":"https:\/\/distribution.audio-technica.eu\/es-es\/#website"},"primaryImageOfPage":{"@id":"https:\/\/distribution.audio-technica.eu\/es-es\/noticias\/genelec-presenta-el-nuevo-monitor-8341-en-edicion-limitada-con-motivo-de-su-40-aniversario\/#primaryimage"},"image":{"@id":"https:\/\/distribution.audio-technica.eu\/es-es\/noticias\/genelec-presenta-el-nuevo-monitor-8341-en-edicion-limitada-con-motivo-de-su-40-aniversario\/#primaryimage"},"thumbnailUrl":"\/app\/uploads\/sites\/2\/WP-NdP-Genelec-Anniversary-8341-Sapphire-Blue_banner.jpg","datePublished":"2019-10-25T10:46:12+00:00","dateModified":"2023-07-31T09:25:24+00:00","author":{"@id":"https:\/\/distribution.audio-technica.eu\/es-es\/#\/schema\/person\/dbf0d33217ceab6329b4c3144742f2fb"},"breadcrumb":{"@id":"https:\/\/distribution.audio-technica.eu\/es-es\/noticias\/genelec-presenta-el-nuevo-monitor-8341-en-edicion-limitada-con-motivo-de-su-40-aniversario\/#breadcrumb"},"inLanguage":"es","potentialAction":[{"@type":"ReadAction","target":["https:\/\/distribution.audio-technica.eu\/es-es\/noticias\/genelec-presenta-el-nuevo-monitor-8341-en-edicion-limitada-con-motivo-de-su-40-aniversario\/"]}]},{"@type":"ImageObject","inLanguage":"es","@id":"https:\/\/distribution.audio-technica.eu\/es-es\/noticias\/genelec-presenta-el-nuevo-monitor-8341-en-edicion-limitada-con-motivo-de-su-40-aniversario\/#primaryimage","url":"\/app\/uploads\/sites\/2\/WP-NdP-Genelec-Anniversary-8341-Sapphire-Blue_banner.jpg","contentUrl":"\/app\/uploads\/sites\/2\/WP-NdP-Genelec-Anniversary-8341-Sapphire-Blue_banner.jpg","width":640,"height":360},{"@type":"BreadcrumbList","@id":"https:\/\/distribution.audio-technica.eu\/es-es\/noticias\/genelec-presenta-el-nuevo-monitor-8341-en-edicion-limitada-con-motivo-de-su-40-aniversario\/#breadcrumb","itemListElement":[{"@type":"ListItem","position":1,"name":"Products","item":"https:\/\/distribution.audio-technica.eu\/es-es\/"},{"@type":"ListItem","position":2,"name":"Genelec presenta el nuevo monitor 8341 en edici\u00f3n limitada con motivo de su 40 Aniversario"}]},{"@type":"WebSite","@id":"https:\/\/distribution.audio-technica.eu\/es-es\/#website","url":"https:\/\/distribution.audio-technica.eu\/es-es\/","name":"Audio-Technica Iberia","description":"Distribuci\u00f3n","potentialAction":[{"@type":"SearchAction","target":{"@type":"EntryPoint","urlTemplate":"https:\/\/distribution.audio-technica.eu\/es-es\/?s={search_term_string}"},"query-input":{"@type":"PropertyValueSpecification","valueRequired":true,"valueName":"search_term_string"}}],"inLanguage":"es"},{"@type":"Person","@id":"https:\/\/distribution.audio-technica.eu\/es-es\/#\/schema\/person\/dbf0d33217ceab6329b4c3144742f2fb","name":"ctorras"}]}},"_links":{"self":[{"href":"https:\/\/distribution.audio-technica.eu\/es-es\/wp-json\/wp\/v2\/posts\/18979","targetHints":{"allow":["GET"]}}],"collection":[{"href":"https:\/\/distribution.audio-technica.eu\/es-es\/wp-json\/wp\/v2\/posts"}],"about":[{"href":"https:\/\/distribution.audio-technica.eu\/es-es\/wp-json\/wp\/v2\/types\/post"}],"author":[{"embeddable":true,"href":"https:\/\/distribution.audio-technica.eu\/es-es\/wp-json\/wp\/v2\/users\/2"}],"replies":[{"embeddable":true,"href":"https:\/\/distribution.audio-technica.eu\/es-es\/wp-json\/wp\/v2\/comments?post=18979"}],"version-history":[{"count":21,"href":"https:\/\/distribution.audio-technica.eu\/es-es\/wp-json\/wp\/v2\/posts\/18979\/revisions"}],"predecessor-version":[{"id":19003,"href":"https:\/\/distribution.audio-technica.eu\/es-es\/wp-json\/wp\/v2\/posts\/18979\/revisions\/19003"}],"wp:featuredmedia":[{"embeddable":true,"href":"https:\/\/distribution.audio-technica.eu\/es-es\/wp-json\/wp\/v2\/media\/18981"}],"wp:attachment":[{"href":"https:\/\/distribution.audio-technica.eu\/es-es\/wp-json\/wp\/v2\/media?parent=18979"}],"wp:term":[{"taxonomy":"category","embeddable":true,"href":"https:\/\/distribution.audio-technica.eu\/es-es\/wp-json\/wp\/v2\/categories?post=18979"},{"taxonomy":"post_tag","embeddable":true,"href":"https:\/\/distribution.audio-technica.eu\/es-es\/wp-json\/wp\/v2\/tags?post=18979"}],"curies":[{"name":"wp","href":"https:\/\/api.w.org\/{rel}","templated":true}]}}