{"id":19494,"date":"2020-01-13T14:16:16","date_gmt":"2020-01-13T13:16:16","guid":{"rendered":"https:\/\/atdb-production.studiograft.dev\/es\/?p=19494"},"modified":"2023-07-30T13:40:11","modified_gmt":"2023-07-30T11:40:11","slug":"martin-audio-presenta-el-nuevo-subgrave-blackline-x218","status":"publish","type":"post","link":"https:\/\/distribution.audio-technica.eu\/es-es\/noticias\/martin-audio-presenta-el-nuevo-subgrave-blackline-x218\/","title":{"rendered":"Martin Audio presenta el nuevo subgrave Blackline X218"},"content":{"rendered":"<h2>Martin Audio inicia el nuevo a\u00f1o con el anuncio del lanzamiento del nuevo subgrave X218, que viene a ampliar la serie de recintos port\u00e1tiles BlacklineX, que ya se ha convertido en la m\u00e1s vendida en la historia de la compa\u00f1\u00eda<\/h2>\n<p><a href=\"https:\/\/distribution.audio-technica.eu\/es\/wp-content\/uploads\/sites\/2\/W-X218-6.jpg\"><img loading=\"lazy\" decoding=\"async\" class=\"alignnone size-800 wp-image-19497\" src=\"\/es\/wp-content\/uploads\/sites\/2\/W-X218-6-800x533.jpg\" alt=\"\" width=\"800\" height=\"533\" srcset=\"https:\/\/distribution.audio-technica.eu\/app\/uploads\/sites\/2\/W-X218-6-800x533.jpg 800w, https:\/\/distribution.audio-technica.eu\/app\/uploads\/sites\/2\/W-X218-6-150x100.jpg 150w, https:\/\/distribution.audio-technica.eu\/app\/uploads\/sites\/2\/W-X218-6-300x200.jpg 300w, https:\/\/distribution.audio-technica.eu\/app\/uploads\/sites\/2\/W-X218-6-768x512.jpg 768w, https:\/\/distribution.audio-technica.eu\/app\/uploads\/sites\/2\/W-X218-6-1024x683.jpg 1024w, https:\/\/distribution.audio-technica.eu\/app\/uploads\/sites\/2\/W-X218-6-200x133.jpg 200w, https:\/\/distribution.audio-technica.eu\/app\/uploads\/sites\/2\/W-X218-6-400x267.jpg 400w, https:\/\/distribution.audio-technica.eu\/app\/uploads\/sites\/2\/W-X218-6-600x400.jpg 600w, https:\/\/distribution.audio-technica.eu\/app\/uploads\/sites\/2\/W-X218-6-1200x800.jpg 1200w, https:\/\/distribution.audio-technica.eu\/app\/uploads\/sites\/2\/W-X218-6.jpg 1500w\" sizes=\"auto, (max-width: 800px) 100vw, 800px\" \/><\/a><\/p>\n<p>La serie <a href=\"https:\/\/distribution.audio-technica.eu\/es\/product-category\/martin-audio\/por-series-martin-audio\/serie-blackline-x\/\" target=\"_blank\" rel=\"noopener\">BlacklineX<\/a>, presentada en 2016, fue la primera serie nueva desarrollada bajo la direcci\u00f3n de Dom Harter y se convirti\u00f3 en un \u00e9xito inmediato, proporcionando un alto rendimiento y valor a\u00f1adido a una amplia gama de aplicaciones, desde las sonorizaciones m\u00f3viles y monitorizaci\u00f3n en el escenario para bandas de directo, DJs y eventos corporativos, hasta instalaciones en clubs nocturnos, bares, espacios comerciales y templos.<\/p>\n<p>El cat\u00e1logo original inclu\u00eda solamente dos subgraves simples, uno de 15\u201d y otro de 18\u201d. A este respecto Harter afirma: \u201c<em>El \u00e9xito de la serie BlacklineX hizo que recibi\u00e9ramos numerosas llamadas pidi\u00e9ndonos que ampli\u00e1ramos la gama con un subgrave doble de 18\u201d, y estamos encantados de comenzar el nuevo a\u00f1o con este potente subgrave a un precio igualmente impactante<\/em>\u00ab.<\/p>\n<p>El <a href=\"https:\/\/distribution.audio-technica.eu\/es\/product\/blackline-x218\/\">X218<\/a> es un subgrave de doble transductor, de altas prestaciones, con una gama operativa que se extiende desde los 42 Hz a los 200 Hz, +3 dB. Es capaz de generar altos niveles de salida \u2013SPL de 141 dB de pico (medio espacio)\u2013 sin distorsi\u00f3n, y puede ser utilizado de forma independiente o en grupos horizontales. Incorpora una doble bobina 18\u201d\/4\u201d, y transductores de gran excursi\u00f3n alojados en un recinto r\u00e9flex dotado de ocho grandes puertos que reducen las turbulencias del aire a altos niveles de salida.<\/p>\n<p>Para ofrecer mayor versatilidad en su despliegue, el X218 incorpora un punto de inserci\u00f3n para m\u00e1stiles de 35 mm, que permite el montaje de recintos BlacklineX de gama completa, as\u00ed como puntos M10 integrados que permiten la inserci\u00f3n de pernos de argolla para su suspensi\u00f3n.<\/p>\n<p>Cuando se utiliza con los sistemas de gama completa de la serie BlacklineX, las funciones de crossover y EQ puede ser realizadas por los controladores DX0.5, DX4.0 o el amplificador de audio con DSP integrado de Martin Audio.<\/p>\n<p>Resumiendo, Harter afirma: \u201c<em>Nuestro nivel de crecimiento en los \u00faltimos tres a\u00f1os, que ha alcanzado los dos d\u00edgitos, se basa en gran medida en el impulso que han aportado los nuevos productos, y esta \u00faltima incorporaci\u00f3n a la serie BlacklineX, la m\u00e1s vendida hasta la fecha, augura un excelente inicio del nuevo a\u00f1o. Impulsar\u00e1 nuestro prestigio y \u00e9xito en aplicaciones de instalaci\u00f3n y sistemas m\u00f3viles<\/em>.\u201d<\/p>\n<p><a href=\"https:\/\/distribution.audio-technica.eu\/es\/wp-content\/uploads\/sites\/2\/WP-X218-4.jpg\"><img loading=\"lazy\" decoding=\"async\" class=\"alignnone size-800 wp-image-19495\" src=\"\/es\/wp-content\/uploads\/sites\/2\/WP-X218-4-800x533.jpg\" alt=\"\" width=\"800\" height=\"533\" srcset=\"https:\/\/distribution.audio-technica.eu\/app\/uploads\/sites\/2\/WP-X218-4-800x533.jpg 800w, https:\/\/distribution.audio-technica.eu\/app\/uploads\/sites\/2\/WP-X218-4-150x100.jpg 150w, https:\/\/distribution.audio-technica.eu\/app\/uploads\/sites\/2\/WP-X218-4-300x200.jpg 300w, https:\/\/distribution.audio-technica.eu\/app\/uploads\/sites\/2\/WP-X218-4-768x512.jpg 768w, https:\/\/distribution.audio-technica.eu\/app\/uploads\/sites\/2\/WP-X218-4-1024x683.jpg 1024w, https:\/\/distribution.audio-technica.eu\/app\/uploads\/sites\/2\/WP-X218-4-200x133.jpg 200w, https:\/\/distribution.audio-technica.eu\/app\/uploads\/sites\/2\/WP-X218-4-400x267.jpg 400w, https:\/\/distribution.audio-technica.eu\/app\/uploads\/sites\/2\/WP-X218-4-600x400.jpg 600w, https:\/\/distribution.audio-technica.eu\/app\/uploads\/sites\/2\/WP-X218-4-1200x800.jpg 1200w, https:\/\/distribution.audio-technica.eu\/app\/uploads\/sites\/2\/WP-X218-4.jpg 1500w\" sizes=\"auto, (max-width: 800px) 100vw, 800px\" \/><\/a><\/p>\n<p>La distribuci\u00f3n a nivel mundial de este nuevo subgrave se iniciar\u00e1 a principios del mes de mayo de 2020.<\/p>\n<p><a href=\"https:\/\/distribution.audio-technica.eu\/es\/product\/blackline-x218\/\">M\u00e1s informaci\u00f3n sobre el Blackline X218<\/a><\/p>\n","protected":false},"excerpt":{"rendered":"<p>Martin Audio inicia el nuevo a\u00f1o con el anuncio del lanzamiento del nuevo subgrave X218, que viene a ampliar la serie de recintos port\u00e1tiles BlacklineX, que ya se ha convertido en la m\u00e1s vendida en la historia de la compa\u00f1\u00eda La serie BlacklineX, presentada en 2016, fue la primera serie nueva desarrollada bajo la direcci\u00f3n [&hellip;]<\/p>\n","protected":false},"author":2,"featured_media":19496,"comment_status":"closed","ping_status":"closed","sticky":false,"template":"","format":"standard","meta":{"_acf_changed":false,"footnotes":""},"categories":[2456],"tags":[2070,1814],"class_list":["post-19494","post","type-post","status-publish","format-standard","has-post-thumbnail","hentry","category-novedades","tag-blacklinex","tag-subgrave"],"acf":[],"yoast_head":"<!-- This site is optimized with the Yoast SEO plugin v27.1.1 - https:\/\/yoast.com\/product\/yoast-seo-wordpress\/ -->\n<title>Martin Audio presenta el nuevo subgrave Blackline X218 - Audio-Technica Iberia<\/title>\n<meta name=\"robots\" content=\"index, follow, max-snippet:-1, max-image-preview:large, max-video-preview:-1\" \/>\n<link rel=\"canonical\" href=\"https:\/\/distribution.audio-technica.eu\/es-es\/noticias\/martin-audio-presenta-el-nuevo-subgrave-blackline-x218\/\" \/>\n<meta property=\"og:locale\" content=\"es_ES\" \/>\n<meta property=\"og:type\" content=\"article\" \/>\n<meta property=\"og:title\" content=\"Martin Audio presenta el nuevo subgrave Blackline X218 - Audio-Technica Iberia\" \/>\n<meta property=\"og:description\" content=\"Martin Audio inicia el nuevo a\u00f1o con el anuncio del lanzamiento del nuevo subgrave X218, que viene a ampliar la serie de recintos port\u00e1tiles BlacklineX, que ya se ha convertido en la m\u00e1s vendida en la historia de la compa\u00f1\u00eda La serie BlacklineX, presentada en 2016, fue la primera serie nueva desarrollada bajo la direcci\u00f3n [&hellip;]\" \/>\n<meta property=\"og:url\" content=\"https:\/\/distribution.audio-technica.eu\/es-es\/noticias\/martin-audio-presenta-el-nuevo-subgrave-blackline-x218\/\" \/>\n<meta property=\"og:site_name\" content=\"Audio-Technica Iberia\" \/>\n<meta property=\"article:published_time\" content=\"2020-01-13T13:16:16+00:00\" \/>\n<meta property=\"article:modified_time\" content=\"2023-07-30T11:40:11+00:00\" \/>\n<meta property=\"og:image\" content=\"https:\/\/distribution.audio-technica.eu\/app\/uploads\/sites\/2\/WP-X218_banner.jpg\" \/>\n\t<meta property=\"og:image:width\" content=\"640\" \/>\n\t<meta property=\"og:image:height\" content=\"360\" \/>\n\t<meta property=\"og:image:type\" content=\"image\/jpeg\" \/>\n<meta name=\"author\" content=\"ctorras\" \/>\n<meta name=\"twitter:card\" content=\"summary_large_image\" \/>\n<meta name=\"twitter:label1\" content=\"Escrito por\" \/>\n\t<meta name=\"twitter:data1\" content=\"ctorras\" \/>\n\t<meta name=\"twitter:label2\" content=\"Tiempo de lectura\" \/>\n\t<meta name=\"twitter:data2\" content=\"2 minutos\" \/>\n<script type=\"application\/ld+json\" class=\"yoast-schema-graph\">{\"@context\":\"https:\/\/schema.org\",\"@graph\":[{\"@type\":\"Article\",\"@id\":\"https:\/\/distribution.audio-technica.eu\/es-es\/noticias\/martin-audio-presenta-el-nuevo-subgrave-blackline-x218\/#article\",\"isPartOf\":{\"@id\":\"https:\/\/distribution.audio-technica.eu\/es-es\/noticias\/martin-audio-presenta-el-nuevo-subgrave-blackline-x218\/\"},\"author\":{\"name\":\"ctorras\",\"@id\":\"https:\/\/distribution.audio-technica.eu\/es-es\/#\/schema\/person\/dbf0d33217ceab6329b4c3144742f2fb\"},\"headline\":\"Martin Audio presenta el nuevo subgrave Blackline X218\",\"datePublished\":\"2020-01-13T13:16:16+00:00\",\"dateModified\":\"2023-07-30T11:40:11+00:00\",\"mainEntityOfPage\":{\"@id\":\"https:\/\/distribution.audio-technica.eu\/es-es\/noticias\/martin-audio-presenta-el-nuevo-subgrave-blackline-x218\/\"},\"wordCount\":453,\"image\":{\"@id\":\"https:\/\/distribution.audio-technica.eu\/es-es\/noticias\/martin-audio-presenta-el-nuevo-subgrave-blackline-x218\/#primaryimage\"},\"thumbnailUrl\":\"\/app\/uploads\/sites\/2\/WP-X218_banner.jpg\",\"keywords\":[\"BlacklineX\",\"subgrave\"],\"articleSection\":[\"Novedades\"],\"inLanguage\":\"es\"},{\"@type\":\"WebPage\",\"@id\":\"https:\/\/distribution.audio-technica.eu\/es-es\/noticias\/martin-audio-presenta-el-nuevo-subgrave-blackline-x218\/\",\"url\":\"https:\/\/distribution.audio-technica.eu\/es-es\/noticias\/martin-audio-presenta-el-nuevo-subgrave-blackline-x218\/\",\"name\":\"Martin Audio presenta el nuevo subgrave Blackline X218 - Audio-Technica Iberia\",\"isPartOf\":{\"@id\":\"https:\/\/distribution.audio-technica.eu\/es-es\/#website\"},\"primaryImageOfPage\":{\"@id\":\"https:\/\/distribution.audio-technica.eu\/es-es\/noticias\/martin-audio-presenta-el-nuevo-subgrave-blackline-x218\/#primaryimage\"},\"image\":{\"@id\":\"https:\/\/distribution.audio-technica.eu\/es-es\/noticias\/martin-audio-presenta-el-nuevo-subgrave-blackline-x218\/#primaryimage\"},\"thumbnailUrl\":\"\/app\/uploads\/sites\/2\/WP-X218_banner.jpg\",\"datePublished\":\"2020-01-13T13:16:16+00:00\",\"dateModified\":\"2023-07-30T11:40:11+00:00\",\"author\":{\"@id\":\"https:\/\/distribution.audio-technica.eu\/es-es\/#\/schema\/person\/dbf0d33217ceab6329b4c3144742f2fb\"},\"breadcrumb\":{\"@id\":\"https:\/\/distribution.audio-technica.eu\/es-es\/noticias\/martin-audio-presenta-el-nuevo-subgrave-blackline-x218\/#breadcrumb\"},\"inLanguage\":\"es\",\"potentialAction\":[{\"@type\":\"ReadAction\",\"target\":[\"https:\/\/distribution.audio-technica.eu\/es-es\/noticias\/martin-audio-presenta-el-nuevo-subgrave-blackline-x218\/\"]}]},{\"@type\":\"ImageObject\",\"inLanguage\":\"es\",\"@id\":\"https:\/\/distribution.audio-technica.eu\/es-es\/noticias\/martin-audio-presenta-el-nuevo-subgrave-blackline-x218\/#primaryimage\",\"url\":\"\/app\/uploads\/sites\/2\/WP-X218_banner.jpg\",\"contentUrl\":\"\/app\/uploads\/sites\/2\/WP-X218_banner.jpg\",\"width\":640,\"height\":360},{\"@type\":\"BreadcrumbList\",\"@id\":\"https:\/\/distribution.audio-technica.eu\/es-es\/noticias\/martin-audio-presenta-el-nuevo-subgrave-blackline-x218\/#breadcrumb\",\"itemListElement\":[{\"@type\":\"ListItem\",\"position\":1,\"name\":\"Products\",\"item\":\"https:\/\/distribution.audio-technica.eu\/es-es\/\"},{\"@type\":\"ListItem\",\"position\":2,\"name\":\"Martin Audio presenta el nuevo subgrave Blackline X218\"}]},{\"@type\":\"WebSite\",\"@id\":\"https:\/\/distribution.audio-technica.eu\/es-es\/#website\",\"url\":\"https:\/\/distribution.audio-technica.eu\/es-es\/\",\"name\":\"Audio-Technica Iberia\",\"description\":\"Distribuci\u00f3n\",\"potentialAction\":[{\"@type\":\"SearchAction\",\"target\":{\"@type\":\"EntryPoint\",\"urlTemplate\":\"https:\/\/distribution.audio-technica.eu\/es-es\/?s={search_term_string}\"},\"query-input\":{\"@type\":\"PropertyValueSpecification\",\"valueRequired\":true,\"valueName\":\"search_term_string\"}}],\"inLanguage\":\"es\"},{\"@type\":\"Person\",\"@id\":\"https:\/\/distribution.audio-technica.eu\/es-es\/#\/schema\/person\/dbf0d33217ceab6329b4c3144742f2fb\",\"name\":\"ctorras\"}]}<\/script>\n<!-- \/ Yoast SEO plugin. -->","yoast_head_json":{"title":"Martin Audio presenta el nuevo subgrave Blackline X218 - Audio-Technica Iberia","robots":{"index":"index","follow":"follow","max-snippet":"max-snippet:-1","max-image-preview":"max-image-preview:large","max-video-preview":"max-video-preview:-1"},"canonical":"https:\/\/distribution.audio-technica.eu\/es-es\/noticias\/martin-audio-presenta-el-nuevo-subgrave-blackline-x218\/","og_locale":"es_ES","og_type":"article","og_title":"Martin Audio presenta el nuevo subgrave Blackline X218 - Audio-Technica Iberia","og_description":"Martin Audio inicia el nuevo a\u00f1o con el anuncio del lanzamiento del nuevo subgrave X218, que viene a ampliar la serie de recintos port\u00e1tiles BlacklineX, que ya se ha convertido en la m\u00e1s vendida en la historia de la compa\u00f1\u00eda La serie BlacklineX, presentada en 2016, fue la primera serie nueva desarrollada bajo la direcci\u00f3n [&hellip;]","og_url":"https:\/\/distribution.audio-technica.eu\/es-es\/noticias\/martin-audio-presenta-el-nuevo-subgrave-blackline-x218\/","og_site_name":"Audio-Technica Iberia","article_published_time":"2020-01-13T13:16:16+00:00","article_modified_time":"2023-07-30T11:40:11+00:00","og_image":[{"width":640,"height":360,"url":"https:\/\/distribution.audio-technica.eu\/app\/uploads\/sites\/2\/WP-X218_banner.jpg","type":"image\/jpeg"}],"author":"ctorras","twitter_card":"summary_large_image","twitter_misc":{"Escrito por":"ctorras","Tiempo de lectura":"2 minutos"},"schema":{"@context":"https:\/\/schema.org","@graph":[{"@type":"Article","@id":"https:\/\/distribution.audio-technica.eu\/es-es\/noticias\/martin-audio-presenta-el-nuevo-subgrave-blackline-x218\/#article","isPartOf":{"@id":"https:\/\/distribution.audio-technica.eu\/es-es\/noticias\/martin-audio-presenta-el-nuevo-subgrave-blackline-x218\/"},"author":{"name":"ctorras","@id":"https:\/\/distribution.audio-technica.eu\/es-es\/#\/schema\/person\/dbf0d33217ceab6329b4c3144742f2fb"},"headline":"Martin Audio presenta el nuevo subgrave Blackline X218","datePublished":"2020-01-13T13:16:16+00:00","dateModified":"2023-07-30T11:40:11+00:00","mainEntityOfPage":{"@id":"https:\/\/distribution.audio-technica.eu\/es-es\/noticias\/martin-audio-presenta-el-nuevo-subgrave-blackline-x218\/"},"wordCount":453,"image":{"@id":"https:\/\/distribution.audio-technica.eu\/es-es\/noticias\/martin-audio-presenta-el-nuevo-subgrave-blackline-x218\/#primaryimage"},"thumbnailUrl":"\/app\/uploads\/sites\/2\/WP-X218_banner.jpg","keywords":["BlacklineX","subgrave"],"articleSection":["Novedades"],"inLanguage":"es"},{"@type":"WebPage","@id":"https:\/\/distribution.audio-technica.eu\/es-es\/noticias\/martin-audio-presenta-el-nuevo-subgrave-blackline-x218\/","url":"https:\/\/distribution.audio-technica.eu\/es-es\/noticias\/martin-audio-presenta-el-nuevo-subgrave-blackline-x218\/","name":"Martin Audio presenta el nuevo subgrave Blackline X218 - Audio-Technica Iberia","isPartOf":{"@id":"https:\/\/distribution.audio-technica.eu\/es-es\/#website"},"primaryImageOfPage":{"@id":"https:\/\/distribution.audio-technica.eu\/es-es\/noticias\/martin-audio-presenta-el-nuevo-subgrave-blackline-x218\/#primaryimage"},"image":{"@id":"https:\/\/distribution.audio-technica.eu\/es-es\/noticias\/martin-audio-presenta-el-nuevo-subgrave-blackline-x218\/#primaryimage"},"thumbnailUrl":"\/app\/uploads\/sites\/2\/WP-X218_banner.jpg","datePublished":"2020-01-13T13:16:16+00:00","dateModified":"2023-07-30T11:40:11+00:00","author":{"@id":"https:\/\/distribution.audio-technica.eu\/es-es\/#\/schema\/person\/dbf0d33217ceab6329b4c3144742f2fb"},"breadcrumb":{"@id":"https:\/\/distribution.audio-technica.eu\/es-es\/noticias\/martin-audio-presenta-el-nuevo-subgrave-blackline-x218\/#breadcrumb"},"inLanguage":"es","potentialAction":[{"@type":"ReadAction","target":["https:\/\/distribution.audio-technica.eu\/es-es\/noticias\/martin-audio-presenta-el-nuevo-subgrave-blackline-x218\/"]}]},{"@type":"ImageObject","inLanguage":"es","@id":"https:\/\/distribution.audio-technica.eu\/es-es\/noticias\/martin-audio-presenta-el-nuevo-subgrave-blackline-x218\/#primaryimage","url":"\/app\/uploads\/sites\/2\/WP-X218_banner.jpg","contentUrl":"\/app\/uploads\/sites\/2\/WP-X218_banner.jpg","width":640,"height":360},{"@type":"BreadcrumbList","@id":"https:\/\/distribution.audio-technica.eu\/es-es\/noticias\/martin-audio-presenta-el-nuevo-subgrave-blackline-x218\/#breadcrumb","itemListElement":[{"@type":"ListItem","position":1,"name":"Products","item":"https:\/\/distribution.audio-technica.eu\/es-es\/"},{"@type":"ListItem","position":2,"name":"Martin Audio presenta el nuevo subgrave Blackline X218"}]},{"@type":"WebSite","@id":"https:\/\/distribution.audio-technica.eu\/es-es\/#website","url":"https:\/\/distribution.audio-technica.eu\/es-es\/","name":"Audio-Technica Iberia","description":"Distribuci\u00f3n","potentialAction":[{"@type":"SearchAction","target":{"@type":"EntryPoint","urlTemplate":"https:\/\/distribution.audio-technica.eu\/es-es\/?s={search_term_string}"},"query-input":{"@type":"PropertyValueSpecification","valueRequired":true,"valueName":"search_term_string"}}],"inLanguage":"es"},{"@type":"Person","@id":"https:\/\/distribution.audio-technica.eu\/es-es\/#\/schema\/person\/dbf0d33217ceab6329b4c3144742f2fb","name":"ctorras"}]}},"_links":{"self":[{"href":"https:\/\/distribution.audio-technica.eu\/es-es\/wp-json\/wp\/v2\/posts\/19494","targetHints":{"allow":["GET"]}}],"collection":[{"href":"https:\/\/distribution.audio-technica.eu\/es-es\/wp-json\/wp\/v2\/posts"}],"about":[{"href":"https:\/\/distribution.audio-technica.eu\/es-es\/wp-json\/wp\/v2\/types\/post"}],"author":[{"embeddable":true,"href":"https:\/\/distribution.audio-technica.eu\/es-es\/wp-json\/wp\/v2\/users\/2"}],"replies":[{"embeddable":true,"href":"https:\/\/distribution.audio-technica.eu\/es-es\/wp-json\/wp\/v2\/comments?post=19494"}],"version-history":[{"count":6,"href":"https:\/\/distribution.audio-technica.eu\/es-es\/wp-json\/wp\/v2\/posts\/19494\/revisions"}],"predecessor-version":[{"id":19510,"href":"https:\/\/distribution.audio-technica.eu\/es-es\/wp-json\/wp\/v2\/posts\/19494\/revisions\/19510"}],"wp:featuredmedia":[{"embeddable":true,"href":"https:\/\/distribution.audio-technica.eu\/es-es\/wp-json\/wp\/v2\/media\/19496"}],"wp:attachment":[{"href":"https:\/\/distribution.audio-technica.eu\/es-es\/wp-json\/wp\/v2\/media?parent=19494"}],"wp:term":[{"taxonomy":"category","embeddable":true,"href":"https:\/\/distribution.audio-technica.eu\/es-es\/wp-json\/wp\/v2\/categories?post=19494"},{"taxonomy":"post_tag","embeddable":true,"href":"https:\/\/distribution.audio-technica.eu\/es-es\/wp-json\/wp\/v2\/tags?post=19494"}],"curies":[{"name":"wp","href":"https:\/\/api.w.org\/{rel}","templated":true}]}}