{"id":19741,"date":"2020-01-28T10:00:58","date_gmt":"2020-01-28T09:00:58","guid":{"rendered":"https:\/\/atdb-production.studiograft.dev\/es\/?p=19741"},"modified":"2023-07-31T11:24:19","modified_gmt":"2023-07-31T09:24:19","slug":"genelec-mostrara-los-monitores-para-instalacion-smart-ip-4420-y-4430-en-ise-2020","status":"publish","type":"post","link":"https:\/\/distribution.audio-technica.eu\/es-es\/noticias\/genelec-mostrara-los-monitores-para-instalacion-smart-ip-4420-y-4430-en-ise-2020\/","title":{"rendered":"Genelec mostrar\u00e1 los monitores para instalaci\u00f3n Smart IP 4420 y 4430 en ISE 2020"},"content":{"rendered":"<p><a href=\"https:\/\/distribution.audio-technica.eu\/es\/wp-content\/uploads\/sites\/2\/WP-genelec_smart_ip_press_image_01.jpg\"><img loading=\"lazy\" decoding=\"async\" class=\"alignnone size-800 wp-image-19743\" src=\"\/es\/wp-content\/uploads\/sites\/2\/WP-genelec_smart_ip_press_image_01-800x422.jpg\" alt=\"\" width=\"800\" height=\"422\" srcset=\"https:\/\/distribution.audio-technica.eu\/app\/uploads\/sites\/2\/WP-genelec_smart_ip_press_image_01-800x422.jpg 800w, https:\/\/distribution.audio-technica.eu\/app\/uploads\/sites\/2\/WP-genelec_smart_ip_press_image_01-150x79.jpg 150w, https:\/\/distribution.audio-technica.eu\/app\/uploads\/sites\/2\/WP-genelec_smart_ip_press_image_01-300x158.jpg 300w, https:\/\/distribution.audio-technica.eu\/app\/uploads\/sites\/2\/WP-genelec_smart_ip_press_image_01-768x406.jpg 768w, https:\/\/distribution.audio-technica.eu\/app\/uploads\/sites\/2\/WP-genelec_smart_ip_press_image_01-1024x541.jpg 1024w, https:\/\/distribution.audio-technica.eu\/app\/uploads\/sites\/2\/WP-genelec_smart_ip_press_image_01-200x106.jpg 200w, https:\/\/distribution.audio-technica.eu\/app\/uploads\/sites\/2\/WP-genelec_smart_ip_press_image_01-400x211.jpg 400w, https:\/\/distribution.audio-technica.eu\/app\/uploads\/sites\/2\/WP-genelec_smart_ip_press_image_01-600x317.jpg 600w, https:\/\/distribution.audio-technica.eu\/app\/uploads\/sites\/2\/WP-genelec_smart_ip_press_image_01-1200x634.jpg 1200w, https:\/\/distribution.audio-technica.eu\/app\/uploads\/sites\/2\/WP-genelec_smart_ip_press_image_01.jpg 1500w\" sizes=\"auto, (max-width: 800px) 100vw, 800px\" \/><\/a><\/p>\n<p>Genelec, l\u00edder mundial en monitoraje de audio profesional, est\u00e1 orgulloso de presentar dos modelos de monitores <a href=\"https:\/\/www.genelec.com\/smart-ip\">Smart IP<\/a> en la pr\u00f3xima feria ISE de \u00c1msterdam. Los monitores 4420 y 4430 combinan una calidad de sonido excepcional con la practicidad de un \u00fanico cable, proporcionando su tecnolog\u00eda Smart IP de alimentaci\u00f3n, audio, configuraci\u00f3n, supervisi\u00f3n y calibraci\u00f3n, a trav\u00e9s de un cable est\u00e1ndar CAT. Smart IP ofrece a los dise\u00f1adores de sistemas, integradores e instaladores una soluci\u00f3n f\u00e1cil, vers\u00e1til y econ\u00f3mica para garantizar audio de alta calidad en toda la instalaci\u00f3n.<\/p>\n<p>Tras ser presentado ante una selecta audiencia de integradores procedentes de los pa\u00edses n\u00f3rdicos en Helsinki durante el pasado mes de diciembre, el 4430 har\u00e1 su debut en ISE junto con su nuevo y aun m\u00e1s compacto compa\u00f1ero el 4420, esper\u00e1ndose agregar m\u00e1s modelos Smart IP a la familia en el futuro pr\u00f3ximo.<\/p>\n<p>Generando la claridad y la inteligibilidad que caracterizan a Genelec como un est\u00e1ndar de referencia, los 4420 y 4430 son compatibles con Dante y con est\u00e1ndares IP abiertos como AES67 y ST2110-30, y obtienen alimentaci\u00f3n a trav\u00e9s de formatos PoE y PoE+ Power-over-Ethernet. Ambos modelos presentan un \u00fanico conector RJ-45 en el panel posterior, que tambi\u00e9n permite el acceso al gestor Smart IP de Genelec, un sofisticado programa que permite a los instaladores configurar un n\u00famero casi ilimitado de salas, zonas, monitores y canales de audio, e incluye un detector de dispositivos, una vers\u00e1til herramienta de ecualizaci\u00f3n de salas, un organizador del sistema y un monitor del estado de este. Esto posibilita a los instaladores desplegar monitores Smart IP incluso en proyectos altamente complejos y entornos ac\u00fasticos dif\u00edciles.<\/p>\n<p>Mientras que el gestor <a href=\"https:\/\/www.genelec.com\/smart-ip\">Smart IP<\/a> est\u00e1 espec\u00edficamente dise\u00f1ado para ser usado por instaladores durante el ajuste y configuraci\u00f3n, los 4420 y 4430 pueden ser f\u00e1cilmente integrados en sistemas de automatizaci\u00f3n para el hogar utilizando un conjunto de comandos API, que dan al usuario acceso instant\u00e1neo al control de volumen, encendido y apagado, actividad del monitor y una selecci\u00f3n de ajustes de audio pre programados. Smart IP permite flujos de audio sin compresi\u00f3n y baja latencia directamente a cada monitor. Las se\u00f1ales pueden ser controladas tanto por el programa Dante Controller como por Dante Domain Manager, presentando tambi\u00e9n una entrada de audio anal\u00f3gico balanceado. Esta flexible conectividad permite el control IP de una fuente de se\u00f1al anal\u00f3gica, as\u00ed como el uso de un audio anal\u00f3gico como se\u00f1al de respaldo.<\/p>\n<p>En cuanto a especificaciones t\u00e9cnicas, el 4420, de solo 226 mm de altura, ofrece una respuesta en frecuencia de 55 Hz a 39 kHz (-6 dB), a trav\u00e9s de un woofer de 4 pulgadas y un tweeter de c\u00fapula met\u00e1lica de \u00be de pulgada, produciendo un m\u00e1ximo SPL de 100 dB gracias a los amplificadores Clase D incorporados para cada v\u00eda de 50 W. En comparaci\u00f3n, el 4430 mide 285 mm de alto, proporciona de 45 Hz a 39 kHz (-6 dB) con un woofer de 5\u201d y un tweeter de \u00be\u201d y produce un SPL m\u00e1ximo de 104 dB con etapas de amplificaci\u00f3n de 50W Clase D.<\/p>\n<p>Fabricado bajo criterios de sostenibilidad para conseguir un bajo consumo, larga durabilidad y total confiabilidad, los recintos del 4420 y 4430 est\u00e1n hechos de aluminio reciclado y disponibles en negro, blanco o cualquiera de los 120 colores del c\u00f3digo RAL. Siendo compatibles con el amplio rango de accesorios de montaje de Genelec, se puede instalar cualquiera de los dos modelos en el piso, techo, pared o colgarlos de una barra.<\/p>\n<p>Pensando en la pr\u00f3xima feria ISE, el gerente general de Genelec, Siam\u00e4k Naghian, comenta: <em>\u201cCon el 4430 ya en uso en prestigiosas instalaciones en pa\u00edses n\u00f3rdicos, incluyendo el Music Hall of Fame finland\u00e9s de Helsinki, el museo Moesgaard en Aarhus (Dinamarca) y el nuevo G Livelab para m\u00fasica en vivo en Tampere (Finlandia), estamos seguros que el nuevo 4420 ser\u00e1 pronto adoptado por instaladores que requieran una soluci\u00f3n Smart IP incluso m\u00e1s compacta. La respuesta abrumadoramente positiva que hemos recibido de los primeros usuarios de Smart IP nos hace estar muy entusiasmados de cara al ISE 2020 y al potencial de nuestro negocio de integraci\u00f3n AV en el futuro.\u201d<\/em><\/p>\n<p>Genelec mostrar\u00e1 los 4420 y 4430 en el stand 3-B115 de la feria ISE, que tendr\u00e1 lugar en \u00c1msterdam entre el 11 y el 14 de febrero.<\/p>\n<p>Para m\u00e1s informaci\u00f3n por favor visitar <a href=\"http:\/\/www.genelec.com\">www.genelec.com<\/a><\/p>\n<p>&nbsp;<\/p>\n<p>&nbsp;<\/p>\n","protected":false},"excerpt":{"rendered":"<p>Genelec, l\u00edder mundial en monitoraje de audio profesional, est\u00e1 orgulloso de presentar dos modelos de monitores Smart IP en la pr\u00f3xima feria ISE de \u00c1msterdam. Los monitores 4420 y 4430 combinan una calidad de sonido excepcional con la practicidad de un \u00fanico cable, proporcionando su tecnolog\u00eda Smart IP de alimentaci\u00f3n, audio, configuraci\u00f3n, supervisi\u00f3n y calibraci\u00f3n, [&hellip;]<\/p>\n","protected":false},"author":2,"featured_media":19742,"comment_status":"closed","ping_status":"closed","sticky":false,"template":"","format":"standard","meta":{"_acf_changed":false,"footnotes":""},"categories":[2458,2456],"tags":[2176,1553,2159],"class_list":["post-19741","post","type-post","status-publish","format-standard","has-post-thumbnail","hentry","category-eventos","category-novedades","tag-4420a","tag-instalacion","tag-smart-ip"],"acf":[],"yoast_head":"<!-- This site is optimized with the Yoast SEO plugin v27.1.1 - https:\/\/yoast.com\/product\/yoast-seo-wordpress\/ -->\n<title>Genelec mostrar\u00e1 los monitores para instalaci\u00f3n Smart IP 4420 y 4430 en ISE 2020 - Audio-Technica Iberia<\/title>\n<meta name=\"robots\" content=\"index, follow, max-snippet:-1, max-image-preview:large, max-video-preview:-1\" \/>\n<link rel=\"canonical\" href=\"https:\/\/distribution.audio-technica.eu\/es-es\/noticias\/genelec-mostrara-los-monitores-para-instalacion-smart-ip-4420-y-4430-en-ise-2020\/\" \/>\n<meta property=\"og:locale\" content=\"es_ES\" \/>\n<meta property=\"og:type\" content=\"article\" \/>\n<meta property=\"og:title\" content=\"Genelec mostrar\u00e1 los monitores para instalaci\u00f3n Smart IP 4420 y 4430 en ISE 2020 - Audio-Technica Iberia\" \/>\n<meta property=\"og:description\" content=\"Genelec, l\u00edder mundial en monitoraje de audio profesional, est\u00e1 orgulloso de presentar dos modelos de monitores Smart IP en la pr\u00f3xima feria ISE de \u00c1msterdam. Los monitores 4420 y 4430 combinan una calidad de sonido excepcional con la practicidad de un \u00fanico cable, proporcionando su tecnolog\u00eda Smart IP de alimentaci\u00f3n, audio, configuraci\u00f3n, supervisi\u00f3n y calibraci\u00f3n, [&hellip;]\" \/>\n<meta property=\"og:url\" content=\"https:\/\/distribution.audio-technica.eu\/es-es\/noticias\/genelec-mostrara-los-monitores-para-instalacion-smart-ip-4420-y-4430-en-ise-2020\/\" \/>\n<meta property=\"og:site_name\" content=\"Audio-Technica Iberia\" \/>\n<meta property=\"article:published_time\" content=\"2020-01-28T09:00:58+00:00\" \/>\n<meta property=\"article:modified_time\" content=\"2023-07-31T09:24:19+00:00\" \/>\n<meta property=\"og:image\" content=\"https:\/\/distribution.audio-technica.eu\/app\/uploads\/sites\/2\/WP-genelec_smart_ip_press_image_01_banner.jpg\" \/>\n\t<meta property=\"og:image:width\" content=\"640\" \/>\n\t<meta property=\"og:image:height\" content=\"360\" \/>\n\t<meta property=\"og:image:type\" content=\"image\/jpeg\" \/>\n<meta name=\"author\" content=\"ctorras\" \/>\n<meta name=\"twitter:card\" content=\"summary_large_image\" \/>\n<meta name=\"twitter:label1\" content=\"Escrito por\" \/>\n\t<meta name=\"twitter:data1\" content=\"ctorras\" \/>\n\t<meta name=\"twitter:label2\" content=\"Tiempo de lectura\" \/>\n\t<meta name=\"twitter:data2\" content=\"4 minutos\" \/>\n<script type=\"application\/ld+json\" class=\"yoast-schema-graph\">{\"@context\":\"https:\/\/schema.org\",\"@graph\":[{\"@type\":\"Article\",\"@id\":\"https:\/\/distribution.audio-technica.eu\/es-es\/noticias\/genelec-mostrara-los-monitores-para-instalacion-smart-ip-4420-y-4430-en-ise-2020\/#article\",\"isPartOf\":{\"@id\":\"https:\/\/distribution.audio-technica.eu\/es-es\/noticias\/genelec-mostrara-los-monitores-para-instalacion-smart-ip-4420-y-4430-en-ise-2020\/\"},\"author\":{\"name\":\"ctorras\",\"@id\":\"https:\/\/distribution.audio-technica.eu\/es-es\/#\/schema\/person\/dbf0d33217ceab6329b4c3144742f2fb\"},\"headline\":\"Genelec mostrar\u00e1 los monitores para instalaci\u00f3n Smart IP 4420 y 4430 en ISE 2020\",\"datePublished\":\"2020-01-28T09:00:58+00:00\",\"dateModified\":\"2023-07-31T09:24:19+00:00\",\"mainEntityOfPage\":{\"@id\":\"https:\/\/distribution.audio-technica.eu\/es-es\/noticias\/genelec-mostrara-los-monitores-para-instalacion-smart-ip-4420-y-4430-en-ise-2020\/\"},\"wordCount\":773,\"image\":{\"@id\":\"https:\/\/distribution.audio-technica.eu\/es-es\/noticias\/genelec-mostrara-los-monitores-para-instalacion-smart-ip-4420-y-4430-en-ise-2020\/#primaryimage\"},\"thumbnailUrl\":\"\/app\/uploads\/sites\/2\/WP-genelec_smart_ip_press_image_01_banner.jpg\",\"keywords\":[\"4420A\",\"Instalaci\u00f3n\",\"Smart IP\"],\"articleSection\":[\"Eventos\",\"Novedades\"],\"inLanguage\":\"es\"},{\"@type\":\"WebPage\",\"@id\":\"https:\/\/distribution.audio-technica.eu\/es-es\/noticias\/genelec-mostrara-los-monitores-para-instalacion-smart-ip-4420-y-4430-en-ise-2020\/\",\"url\":\"https:\/\/distribution.audio-technica.eu\/es-es\/noticias\/genelec-mostrara-los-monitores-para-instalacion-smart-ip-4420-y-4430-en-ise-2020\/\",\"name\":\"Genelec mostrar\u00e1 los monitores para instalaci\u00f3n Smart IP 4420 y 4430 en ISE 2020 - Audio-Technica Iberia\",\"isPartOf\":{\"@id\":\"https:\/\/distribution.audio-technica.eu\/es-es\/#website\"},\"primaryImageOfPage\":{\"@id\":\"https:\/\/distribution.audio-technica.eu\/es-es\/noticias\/genelec-mostrara-los-monitores-para-instalacion-smart-ip-4420-y-4430-en-ise-2020\/#primaryimage\"},\"image\":{\"@id\":\"https:\/\/distribution.audio-technica.eu\/es-es\/noticias\/genelec-mostrara-los-monitores-para-instalacion-smart-ip-4420-y-4430-en-ise-2020\/#primaryimage\"},\"thumbnailUrl\":\"\/app\/uploads\/sites\/2\/WP-genelec_smart_ip_press_image_01_banner.jpg\",\"datePublished\":\"2020-01-28T09:00:58+00:00\",\"dateModified\":\"2023-07-31T09:24:19+00:00\",\"author\":{\"@id\":\"https:\/\/distribution.audio-technica.eu\/es-es\/#\/schema\/person\/dbf0d33217ceab6329b4c3144742f2fb\"},\"breadcrumb\":{\"@id\":\"https:\/\/distribution.audio-technica.eu\/es-es\/noticias\/genelec-mostrara-los-monitores-para-instalacion-smart-ip-4420-y-4430-en-ise-2020\/#breadcrumb\"},\"inLanguage\":\"es\",\"potentialAction\":[{\"@type\":\"ReadAction\",\"target\":[\"https:\/\/distribution.audio-technica.eu\/es-es\/noticias\/genelec-mostrara-los-monitores-para-instalacion-smart-ip-4420-y-4430-en-ise-2020\/\"]}]},{\"@type\":\"ImageObject\",\"inLanguage\":\"es\",\"@id\":\"https:\/\/distribution.audio-technica.eu\/es-es\/noticias\/genelec-mostrara-los-monitores-para-instalacion-smart-ip-4420-y-4430-en-ise-2020\/#primaryimage\",\"url\":\"\/app\/uploads\/sites\/2\/WP-genelec_smart_ip_press_image_01_banner.jpg\",\"contentUrl\":\"\/app\/uploads\/sites\/2\/WP-genelec_smart_ip_press_image_01_banner.jpg\",\"width\":640,\"height\":360},{\"@type\":\"BreadcrumbList\",\"@id\":\"https:\/\/distribution.audio-technica.eu\/es-es\/noticias\/genelec-mostrara-los-monitores-para-instalacion-smart-ip-4420-y-4430-en-ise-2020\/#breadcrumb\",\"itemListElement\":[{\"@type\":\"ListItem\",\"position\":1,\"name\":\"Products\",\"item\":\"https:\/\/distribution.audio-technica.eu\/es-es\/\"},{\"@type\":\"ListItem\",\"position\":2,\"name\":\"Genelec mostrar\u00e1 los monitores para instalaci\u00f3n Smart IP 4420 y 4430 en ISE 2020\"}]},{\"@type\":\"WebSite\",\"@id\":\"https:\/\/distribution.audio-technica.eu\/es-es\/#website\",\"url\":\"https:\/\/distribution.audio-technica.eu\/es-es\/\",\"name\":\"Audio-Technica Iberia\",\"description\":\"Distribuci\u00f3n\",\"potentialAction\":[{\"@type\":\"SearchAction\",\"target\":{\"@type\":\"EntryPoint\",\"urlTemplate\":\"https:\/\/distribution.audio-technica.eu\/es-es\/?s={search_term_string}\"},\"query-input\":{\"@type\":\"PropertyValueSpecification\",\"valueRequired\":true,\"valueName\":\"search_term_string\"}}],\"inLanguage\":\"es\"},{\"@type\":\"Person\",\"@id\":\"https:\/\/distribution.audio-technica.eu\/es-es\/#\/schema\/person\/dbf0d33217ceab6329b4c3144742f2fb\",\"name\":\"ctorras\"}]}<\/script>\n<!-- \/ Yoast SEO plugin. -->","yoast_head_json":{"title":"Genelec mostrar\u00e1 los monitores para instalaci\u00f3n Smart IP 4420 y 4430 en ISE 2020 - Audio-Technica Iberia","robots":{"index":"index","follow":"follow","max-snippet":"max-snippet:-1","max-image-preview":"max-image-preview:large","max-video-preview":"max-video-preview:-1"},"canonical":"https:\/\/distribution.audio-technica.eu\/es-es\/noticias\/genelec-mostrara-los-monitores-para-instalacion-smart-ip-4420-y-4430-en-ise-2020\/","og_locale":"es_ES","og_type":"article","og_title":"Genelec mostrar\u00e1 los monitores para instalaci\u00f3n Smart IP 4420 y 4430 en ISE 2020 - Audio-Technica Iberia","og_description":"Genelec, l\u00edder mundial en monitoraje de audio profesional, est\u00e1 orgulloso de presentar dos modelos de monitores Smart IP en la pr\u00f3xima feria ISE de \u00c1msterdam. Los monitores 4420 y 4430 combinan una calidad de sonido excepcional con la practicidad de un \u00fanico cable, proporcionando su tecnolog\u00eda Smart IP de alimentaci\u00f3n, audio, configuraci\u00f3n, supervisi\u00f3n y calibraci\u00f3n, [&hellip;]","og_url":"https:\/\/distribution.audio-technica.eu\/es-es\/noticias\/genelec-mostrara-los-monitores-para-instalacion-smart-ip-4420-y-4430-en-ise-2020\/","og_site_name":"Audio-Technica Iberia","article_published_time":"2020-01-28T09:00:58+00:00","article_modified_time":"2023-07-31T09:24:19+00:00","og_image":[{"width":640,"height":360,"url":"https:\/\/distribution.audio-technica.eu\/app\/uploads\/sites\/2\/WP-genelec_smart_ip_press_image_01_banner.jpg","type":"image\/jpeg"}],"author":"ctorras","twitter_card":"summary_large_image","twitter_misc":{"Escrito por":"ctorras","Tiempo de lectura":"4 minutos"},"schema":{"@context":"https:\/\/schema.org","@graph":[{"@type":"Article","@id":"https:\/\/distribution.audio-technica.eu\/es-es\/noticias\/genelec-mostrara-los-monitores-para-instalacion-smart-ip-4420-y-4430-en-ise-2020\/#article","isPartOf":{"@id":"https:\/\/distribution.audio-technica.eu\/es-es\/noticias\/genelec-mostrara-los-monitores-para-instalacion-smart-ip-4420-y-4430-en-ise-2020\/"},"author":{"name":"ctorras","@id":"https:\/\/distribution.audio-technica.eu\/es-es\/#\/schema\/person\/dbf0d33217ceab6329b4c3144742f2fb"},"headline":"Genelec mostrar\u00e1 los monitores para instalaci\u00f3n Smart IP 4420 y 4430 en ISE 2020","datePublished":"2020-01-28T09:00:58+00:00","dateModified":"2023-07-31T09:24:19+00:00","mainEntityOfPage":{"@id":"https:\/\/distribution.audio-technica.eu\/es-es\/noticias\/genelec-mostrara-los-monitores-para-instalacion-smart-ip-4420-y-4430-en-ise-2020\/"},"wordCount":773,"image":{"@id":"https:\/\/distribution.audio-technica.eu\/es-es\/noticias\/genelec-mostrara-los-monitores-para-instalacion-smart-ip-4420-y-4430-en-ise-2020\/#primaryimage"},"thumbnailUrl":"\/app\/uploads\/sites\/2\/WP-genelec_smart_ip_press_image_01_banner.jpg","keywords":["4420A","Instalaci\u00f3n","Smart IP"],"articleSection":["Eventos","Novedades"],"inLanguage":"es"},{"@type":"WebPage","@id":"https:\/\/distribution.audio-technica.eu\/es-es\/noticias\/genelec-mostrara-los-monitores-para-instalacion-smart-ip-4420-y-4430-en-ise-2020\/","url":"https:\/\/distribution.audio-technica.eu\/es-es\/noticias\/genelec-mostrara-los-monitores-para-instalacion-smart-ip-4420-y-4430-en-ise-2020\/","name":"Genelec mostrar\u00e1 los monitores para instalaci\u00f3n Smart IP 4420 y 4430 en ISE 2020 - Audio-Technica Iberia","isPartOf":{"@id":"https:\/\/distribution.audio-technica.eu\/es-es\/#website"},"primaryImageOfPage":{"@id":"https:\/\/distribution.audio-technica.eu\/es-es\/noticias\/genelec-mostrara-los-monitores-para-instalacion-smart-ip-4420-y-4430-en-ise-2020\/#primaryimage"},"image":{"@id":"https:\/\/distribution.audio-technica.eu\/es-es\/noticias\/genelec-mostrara-los-monitores-para-instalacion-smart-ip-4420-y-4430-en-ise-2020\/#primaryimage"},"thumbnailUrl":"\/app\/uploads\/sites\/2\/WP-genelec_smart_ip_press_image_01_banner.jpg","datePublished":"2020-01-28T09:00:58+00:00","dateModified":"2023-07-31T09:24:19+00:00","author":{"@id":"https:\/\/distribution.audio-technica.eu\/es-es\/#\/schema\/person\/dbf0d33217ceab6329b4c3144742f2fb"},"breadcrumb":{"@id":"https:\/\/distribution.audio-technica.eu\/es-es\/noticias\/genelec-mostrara-los-monitores-para-instalacion-smart-ip-4420-y-4430-en-ise-2020\/#breadcrumb"},"inLanguage":"es","potentialAction":[{"@type":"ReadAction","target":["https:\/\/distribution.audio-technica.eu\/es-es\/noticias\/genelec-mostrara-los-monitores-para-instalacion-smart-ip-4420-y-4430-en-ise-2020\/"]}]},{"@type":"ImageObject","inLanguage":"es","@id":"https:\/\/distribution.audio-technica.eu\/es-es\/noticias\/genelec-mostrara-los-monitores-para-instalacion-smart-ip-4420-y-4430-en-ise-2020\/#primaryimage","url":"\/app\/uploads\/sites\/2\/WP-genelec_smart_ip_press_image_01_banner.jpg","contentUrl":"\/app\/uploads\/sites\/2\/WP-genelec_smart_ip_press_image_01_banner.jpg","width":640,"height":360},{"@type":"BreadcrumbList","@id":"https:\/\/distribution.audio-technica.eu\/es-es\/noticias\/genelec-mostrara-los-monitores-para-instalacion-smart-ip-4420-y-4430-en-ise-2020\/#breadcrumb","itemListElement":[{"@type":"ListItem","position":1,"name":"Products","item":"https:\/\/distribution.audio-technica.eu\/es-es\/"},{"@type":"ListItem","position":2,"name":"Genelec mostrar\u00e1 los monitores para instalaci\u00f3n Smart IP 4420 y 4430 en ISE 2020"}]},{"@type":"WebSite","@id":"https:\/\/distribution.audio-technica.eu\/es-es\/#website","url":"https:\/\/distribution.audio-technica.eu\/es-es\/","name":"Audio-Technica Iberia","description":"Distribuci\u00f3n","potentialAction":[{"@type":"SearchAction","target":{"@type":"EntryPoint","urlTemplate":"https:\/\/distribution.audio-technica.eu\/es-es\/?s={search_term_string}"},"query-input":{"@type":"PropertyValueSpecification","valueRequired":true,"valueName":"search_term_string"}}],"inLanguage":"es"},{"@type":"Person","@id":"https:\/\/distribution.audio-technica.eu\/es-es\/#\/schema\/person\/dbf0d33217ceab6329b4c3144742f2fb","name":"ctorras"}]}},"_links":{"self":[{"href":"https:\/\/distribution.audio-technica.eu\/es-es\/wp-json\/wp\/v2\/posts\/19741","targetHints":{"allow":["GET"]}}],"collection":[{"href":"https:\/\/distribution.audio-technica.eu\/es-es\/wp-json\/wp\/v2\/posts"}],"about":[{"href":"https:\/\/distribution.audio-technica.eu\/es-es\/wp-json\/wp\/v2\/types\/post"}],"author":[{"embeddable":true,"href":"https:\/\/distribution.audio-technica.eu\/es-es\/wp-json\/wp\/v2\/users\/2"}],"replies":[{"embeddable":true,"href":"https:\/\/distribution.audio-technica.eu\/es-es\/wp-json\/wp\/v2\/comments?post=19741"}],"version-history":[{"count":4,"href":"https:\/\/distribution.audio-technica.eu\/es-es\/wp-json\/wp\/v2\/posts\/19741\/revisions"}],"predecessor-version":[{"id":19798,"href":"https:\/\/distribution.audio-technica.eu\/es-es\/wp-json\/wp\/v2\/posts\/19741\/revisions\/19798"}],"wp:featuredmedia":[{"embeddable":true,"href":"https:\/\/distribution.audio-technica.eu\/es-es\/wp-json\/wp\/v2\/media\/19742"}],"wp:attachment":[{"href":"https:\/\/distribution.audio-technica.eu\/es-es\/wp-json\/wp\/v2\/media?parent=19741"}],"wp:term":[{"taxonomy":"category","embeddable":true,"href":"https:\/\/distribution.audio-technica.eu\/es-es\/wp-json\/wp\/v2\/categories?post=19741"},{"taxonomy":"post_tag","embeddable":true,"href":"https:\/\/distribution.audio-technica.eu\/es-es\/wp-json\/wp\/v2\/tags?post=19741"}],"curies":[{"name":"wp","href":"https:\/\/api.w.org\/{rel}","templated":true}]}}