{"id":19802,"date":"2020-02-05T17:40:10","date_gmt":"2020-02-05T16:40:10","guid":{"rendered":"https:\/\/atdb-production.studiograft.dev\/es\/?p=19802"},"modified":"2023-07-30T13:40:03","modified_gmt":"2023-07-30T11:40:03","slug":"martin-audio-presenta-nuevos-altavoces-de-instalacion-que-amplian-la-serie-adorn","status":"publish","type":"post","link":"https:\/\/distribution.audio-technica.eu\/es-es\/noticias\/martin-audio-presenta-nuevos-altavoces-de-instalacion-que-amplian-la-serie-adorn\/","title":{"rendered":"Martin Audio presenta nuevos altavoces de instalaci\u00f3n que ampl\u00edan la serie ADORN"},"content":{"rendered":"<h2>El ajetreado inicio de a\u00f1o de Martin Audio no muestra signos de desaceleraci\u00f3n, ya que se acaba de anunciar el lanzamiento de cuatro nuevos productos destinados al sector de la instalaci\u00f3n comercial, y entre los que se incluyen altavoces de techo y colgantes que vienen a ampliar la oferta de la serie ADORN.<\/h2>\n<p><a href=\"https:\/\/distribution.audio-technica.eu\/es\/wp-content\/uploads\/sites\/2\/WP-ADORN-Complete-Range-Hero-Shot.jpg\"><img loading=\"lazy\" decoding=\"async\" class=\"alignnone size-800 wp-image-19804\" src=\"\/es\/wp-content\/uploads\/sites\/2\/WP-ADORN-Complete-Range-Hero-Shot-800x591.jpg\" alt=\"\" width=\"800\" height=\"591\" srcset=\"https:\/\/distribution.audio-technica.eu\/app\/uploads\/sites\/2\/WP-ADORN-Complete-Range-Hero-Shot-800x591.jpg 800w, https:\/\/distribution.audio-technica.eu\/app\/uploads\/sites\/2\/WP-ADORN-Complete-Range-Hero-Shot-150x111.jpg 150w, https:\/\/distribution.audio-technica.eu\/app\/uploads\/sites\/2\/WP-ADORN-Complete-Range-Hero-Shot-300x222.jpg 300w, https:\/\/distribution.audio-technica.eu\/app\/uploads\/sites\/2\/WP-ADORN-Complete-Range-Hero-Shot-768x567.jpg 768w, https:\/\/distribution.audio-technica.eu\/app\/uploads\/sites\/2\/WP-ADORN-Complete-Range-Hero-Shot-1024x756.jpg 1024w, https:\/\/distribution.audio-technica.eu\/app\/uploads\/sites\/2\/WP-ADORN-Complete-Range-Hero-Shot-200x148.jpg 200w, https:\/\/distribution.audio-technica.eu\/app\/uploads\/sites\/2\/WP-ADORN-Complete-Range-Hero-Shot-400x295.jpg 400w, https:\/\/distribution.audio-technica.eu\/app\/uploads\/sites\/2\/WP-ADORN-Complete-Range-Hero-Shot-600x443.jpg 600w, https:\/\/distribution.audio-technica.eu\/app\/uploads\/sites\/2\/WP-ADORN-Complete-Range-Hero-Shot-1200x886.jpg 1200w, https:\/\/distribution.audio-technica.eu\/app\/uploads\/sites\/2\/WP-ADORN-Complete-Range-Hero-Shot.jpg 1500w\" sizes=\"auto, (max-width: 800px) 100vw, 800px\" \/><\/a><\/p>\n<p>Los altavoces de montaje en pared de la serie comercial ADORN fueron presentados en 2019. Ahora, esta serie se ve ampliada con la adici\u00f3n de tres nuevos modelos para empotrar en techo y el primer altavoz colgante presentado por la compa\u00f1\u00eda, y que est\u00e1 disponible en blanco o negro, como est\u00e1ndar.<\/p>\n<p>Los altavoces de montaje en pared y techo de la serie ADORN de Martin Audio proporcionan la m\u00e1xima calidad, fiabilidad y rentabilidad para una amplia variedad de instalaciones de sonido comercial, desde tiendas, bares y restaurants a oficinas corporativas. Ofreciendo el caracter\u00edstico sonido de alta calidad de Martin Audio, la serie ADORN es la elecci\u00f3n perfecta para sistemas de sonido ambiental y megafon\u00eda que requieren de una calidad excepcional proporcionada por recintos visualmente discretos y extremadamente compactos. Tambi\u00e9n proporcionan una transici\u00f3n uniforme entre diferentes zonas cuando se utilizan en sistemas multizona complejos, en los que se utilizan tambi\u00e9n sistemas de Martin Audio m\u00e1s grandes, como son los CDD o BlacklineX.<\/p>\n<p>Todos los nuevos modelos para montaje en techo ofrecen una impedancia nominal de 16 ohms, permitiendo que cuatro o m\u00e1s altavoces sean conectados en paralelo en un mismo canal de amplificaci\u00f3n, de forma que se maximice la eficiencia y se minimice el coste. Los nuevos altavoces para montaje en techo tambi\u00e9n cuentan con un transformador interno de alta calidad para l\u00ednea de 70V\/100V, con varias tomas seleccionables por medio de un conmutador para escoger el nivel de salida. Para ofrecer una eficaz protecci\u00f3n en todas las bandas de frecuencia, en todos los modelos se han protegido de forma individual las secciones de frecuencias alta y bajas frente a sobrecargas.<\/p>\n<p><a href=\"https:\/\/distribution.audio-technica.eu\/es\/wp-content\/uploads\/sites\/2\/WP-ACS-Group-Shot.jpg\"><img loading=\"lazy\" decoding=\"async\" class=\"alignnone size-800 wp-image-19805\" src=\"\/es\/wp-content\/uploads\/sites\/2\/WP-ACS-Group-Shot-800x400.jpg\" alt=\"\" width=\"800\" height=\"400\" srcset=\"https:\/\/distribution.audio-technica.eu\/app\/uploads\/sites\/2\/WP-ACS-Group-Shot-800x400.jpg 800w, https:\/\/distribution.audio-technica.eu\/app\/uploads\/sites\/2\/WP-ACS-Group-Shot-150x75.jpg 150w, https:\/\/distribution.audio-technica.eu\/app\/uploads\/sites\/2\/WP-ACS-Group-Shot-300x150.jpg 300w, https:\/\/distribution.audio-technica.eu\/app\/uploads\/sites\/2\/WP-ACS-Group-Shot-768x384.jpg 768w, https:\/\/distribution.audio-technica.eu\/app\/uploads\/sites\/2\/WP-ACS-Group-Shot-1024x512.jpg 1024w, https:\/\/distribution.audio-technica.eu\/app\/uploads\/sites\/2\/WP-ACS-Group-Shot-200x100.jpg 200w, https:\/\/distribution.audio-technica.eu\/app\/uploads\/sites\/2\/WP-ACS-Group-Shot-400x200.jpg 400w, https:\/\/distribution.audio-technica.eu\/app\/uploads\/sites\/2\/WP-ACS-Group-Shot-600x300.jpg 600w, https:\/\/distribution.audio-technica.eu\/app\/uploads\/sites\/2\/WP-ACS-Group-Shot-1200x600.jpg 1200w, https:\/\/distribution.audio-technica.eu\/app\/uploads\/sites\/2\/WP-ACS-Group-Shot.jpg 1500w\" sizes=\"auto, (max-width: 800px) 100vw, 800px\" \/><\/a><\/p>\n<p>Incorporando un transductor LF de 4\u201d (100mm) y un tweeter de 0.75\u201d (19mm) con c\u00fapula de seda, el altavoz para empotrar en techo<strong> ACS-40TS<\/strong> es capaz de generar una salida de 108dB de pico a 1 metro, y su dise\u00f1o con puerto proporciona unos potentes graves que se extienden hasta los 73 Hz. Su amplia cobertura c\u00f3nica de 180\u00b0 lo hace especialmente adecuado para techos bajos, y permite reducir el n\u00famero de altavoces necesarios para conseguir una cobertura uniforme, reduciendo en consecuencia los costes de la instalaci\u00f3n. Dispone de un recinto posterior poco profundo, que permite su instalaci\u00f3n en techos con una cavidad de profundidad m\u00ednima.<\/p>\n<p>El altavoz para empotrar en techo <strong>ACS-55TS<\/strong> dispone de un transductor LF de 5.25\u201d (100mm) y un tweeter de 0.75\u201d (19mm) con c\u00fapula de seda; es capaz de producir una salida de 113dB de pico a 1 metro, y su dise\u00f1o con puerto proporciona unos potentes graves que se extienden hasta los 79 Hz. Su amplia cobertura c\u00f3nica de 150\u00b0 lo hace particularmente adecuado para ser utilizados en recintos con techos bajos; tambi\u00e9n dispone de un recinto posterior poco profundo que permite su instalaci\u00f3n en techos con cavidades poco profundas.<\/p>\n<p>El altavoz para empotrar en techo <strong>ACS-55T<\/strong> incorpora un transductor LF de 5.25\u201d (100mm) y un tweeter de 0.75\u201d (19mm) con c\u00fapula de seda. Es capaz de generar una salida de 113 dB de pico a 1 metro y su dise\u00f1o bass r\u00e9flex y si recinto posterior de generosas dimensiones le permiten entregar unos graves espectaculares que se extienden hasta los 62 Hz. Tambi\u00e9n proporciona una cobertura c\u00f3nica de 150\u00b0.<\/p>\n<p><a href=\"https:\/\/distribution.audio-technica.eu\/es\/wp-content\/uploads\/sites\/2\/WP-ACS-Pendant-Group-shot.jpg\"><img loading=\"lazy\" decoding=\"async\" class=\"alignnone size-800 wp-image-19806\" src=\"\/es\/wp-content\/uploads\/sites\/2\/WP-ACS-Pendant-Group-shot-800x382.jpg\" alt=\"\" width=\"800\" height=\"382\" srcset=\"https:\/\/distribution.audio-technica.eu\/app\/uploads\/sites\/2\/WP-ACS-Pendant-Group-shot-800x382.jpg 800w, https:\/\/distribution.audio-technica.eu\/app\/uploads\/sites\/2\/WP-ACS-Pendant-Group-shot-150x72.jpg 150w, https:\/\/distribution.audio-technica.eu\/app\/uploads\/sites\/2\/WP-ACS-Pendant-Group-shot-300x143.jpg 300w, https:\/\/distribution.audio-technica.eu\/app\/uploads\/sites\/2\/WP-ACS-Pendant-Group-shot-768x367.jpg 768w, https:\/\/distribution.audio-technica.eu\/app\/uploads\/sites\/2\/WP-ACS-Pendant-Group-shot-1024x489.jpg 1024w, https:\/\/distribution.audio-technica.eu\/app\/uploads\/sites\/2\/WP-ACS-Pendant-Group-shot-200x95.jpg 200w, https:\/\/distribution.audio-technica.eu\/app\/uploads\/sites\/2\/WP-ACS-Pendant-Group-shot-400x191.jpg 400w, https:\/\/distribution.audio-technica.eu\/app\/uploads\/sites\/2\/WP-ACS-Pendant-Group-shot-600x286.jpg 600w, https:\/\/distribution.audio-technica.eu\/app\/uploads\/sites\/2\/WP-ACS-Pendant-Group-shot-1200x573.jpg 1200w, https:\/\/distribution.audio-technica.eu\/app\/uploads\/sites\/2\/WP-ACS-Pendant-Group-shot.jpg 1500w\" sizes=\"auto, (max-width: 800px) 100vw, 800px\" \/><\/a><\/p>\n<p>Finalmente, el nuevo altavoz colgante <strong>ACP-55T<\/strong> dispone de un transductor LF de 5.25\u201d (100mm) y un tweeter de 0.75\u201d (19mm) con c\u00fapula de seda; es capaz de ofrecer una salida de 109 dB de pico a 1 metro, con una calidad de sonido espectacular, tanto para m\u00fasica ambiental como para locuciones. Su estilizado recinto colgante est\u00e1 equipado con un sistema de montaje de punto \u00fanico, en el que se ha previsto tambi\u00e9n la posibilidad de fijar un cable de seguridad. Disponible en blanco o negro, tambi\u00e9n ofrece una amplia cobertura c\u00f3nica de 150\u00b0.<\/p>\n<p>Resumiendo Dom Harter, director general, afirma: \u201c<em>Con estos nuevos productos, ya son 10 los nuevos productos que hemos presentado desde que empez\u00f3 el a\u00f1o, destinados a diferentes mercados. El desarrollo de nuevos productos es el alma de nuestro r\u00e1pido crecimiento en los \u00faltimos tres a\u00f1os y continuaremos con esa estrategia ganadora en 2020. Estoy encantado con esta gama de altavoces de techo, en particular con el primer altavoz colgante de la compa\u00f1\u00eda, y creo que esta ampliaci\u00f3n de la serie ADORN es una propuesta de valor formidable para el mercado comercial mundial<\/em>.\u201d<\/p>\n<p>La serie ADORN podr\u00e1 verse en la muestra ISE, en el stand K190 del Hall 7, y tambi\u00e9n se podr\u00e1 escuchar los nuevos altavoces para techo en la sala de demostraciones de Martin Audio, E104, junto al Hall 10.<\/p>\n<p>&nbsp;<\/p>\n<p>Para m\u00e1s informaci\u00f3n: <a href=\"https:\/\/martin-audio.com\/products\/series\/adorn\">https:\/\/martin-audio.com\/products\/series\/adorn<\/a><\/p>\n","protected":false},"excerpt":{"rendered":"<p>El ajetreado inicio de a\u00f1o de Martin Audio no muestra signos de desaceleraci\u00f3n, ya que se acaba de anunciar el lanzamiento de cuatro nuevos productos destinados al sector de la instalaci\u00f3n comercial, y entre los que se incluyen altavoces de techo y colgantes que vienen a ampliar la oferta de la serie ADORN. Los altavoces [&hellip;]<\/p>\n","protected":false},"author":2,"featured_media":19807,"comment_status":"closed","ping_status":"closed","sticky":false,"template":"","format":"standard","meta":{"_acf_changed":false,"footnotes":""},"categories":[2456],"tags":[2180,1553],"class_list":["post-19802","post","type-post","status-publish","format-standard","has-post-thumbnail","hentry","category-novedades","tag-adorn","tag-instalacion"],"acf":[],"yoast_head":"<!-- This site is optimized with the Yoast SEO plugin v27.1.1 - https:\/\/yoast.com\/product\/yoast-seo-wordpress\/ -->\n<title>Martin Audio presenta nuevos altavoces de instalaci\u00f3n que ampl\u00edan la serie ADORN - Audio-Technica Iberia<\/title>\n<meta name=\"robots\" content=\"index, follow, max-snippet:-1, max-image-preview:large, max-video-preview:-1\" \/>\n<link rel=\"canonical\" href=\"https:\/\/distribution.audio-technica.eu\/es-es\/noticias\/martin-audio-presenta-nuevos-altavoces-de-instalacion-que-amplian-la-serie-adorn\/\" \/>\n<meta property=\"og:locale\" content=\"es_ES\" \/>\n<meta property=\"og:type\" content=\"article\" \/>\n<meta property=\"og:title\" content=\"Martin Audio presenta nuevos altavoces de instalaci\u00f3n que ampl\u00edan la serie ADORN - Audio-Technica Iberia\" \/>\n<meta property=\"og:description\" content=\"El ajetreado inicio de a\u00f1o de Martin Audio no muestra signos de desaceleraci\u00f3n, ya que se acaba de anunciar el lanzamiento de cuatro nuevos productos destinados al sector de la instalaci\u00f3n comercial, y entre los que se incluyen altavoces de techo y colgantes que vienen a ampliar la oferta de la serie ADORN. Los altavoces [&hellip;]\" \/>\n<meta property=\"og:url\" content=\"https:\/\/distribution.audio-technica.eu\/es-es\/noticias\/martin-audio-presenta-nuevos-altavoces-de-instalacion-que-amplian-la-serie-adorn\/\" \/>\n<meta property=\"og:site_name\" content=\"Audio-Technica Iberia\" \/>\n<meta property=\"article:published_time\" content=\"2020-02-05T16:40:10+00:00\" \/>\n<meta property=\"article:modified_time\" content=\"2023-07-30T11:40:03+00:00\" \/>\n<meta property=\"og:image\" content=\"https:\/\/distribution.audio-technica.eu\/app\/uploads\/sites\/2\/WP-ADORN-Complete-Range-Hero-Shot-banner.jpg\" \/>\n\t<meta property=\"og:image:width\" content=\"640\" \/>\n\t<meta property=\"og:image:height\" content=\"360\" \/>\n\t<meta property=\"og:image:type\" content=\"image\/jpeg\" \/>\n<meta name=\"author\" content=\"ctorras\" \/>\n<meta name=\"twitter:card\" content=\"summary_large_image\" \/>\n<meta name=\"twitter:label1\" content=\"Escrito por\" \/>\n\t<meta name=\"twitter:data1\" content=\"ctorras\" \/>\n\t<meta name=\"twitter:label2\" content=\"Tiempo de lectura\" \/>\n\t<meta name=\"twitter:data2\" content=\"4 minutos\" \/>\n<script type=\"application\/ld+json\" class=\"yoast-schema-graph\">{\"@context\":\"https:\/\/schema.org\",\"@graph\":[{\"@type\":\"Article\",\"@id\":\"https:\/\/distribution.audio-technica.eu\/es-es\/noticias\/martin-audio-presenta-nuevos-altavoces-de-instalacion-que-amplian-la-serie-adorn\/#article\",\"isPartOf\":{\"@id\":\"https:\/\/distribution.audio-technica.eu\/es-es\/noticias\/martin-audio-presenta-nuevos-altavoces-de-instalacion-que-amplian-la-serie-adorn\/\"},\"author\":{\"name\":\"ctorras\",\"@id\":\"https:\/\/distribution.audio-technica.eu\/es-es\/#\/schema\/person\/dbf0d33217ceab6329b4c3144742f2fb\"},\"headline\":\"Martin Audio presenta nuevos altavoces de instalaci\u00f3n que ampl\u00edan la serie ADORN\",\"datePublished\":\"2020-02-05T16:40:10+00:00\",\"dateModified\":\"2023-07-30T11:40:03+00:00\",\"mainEntityOfPage\":{\"@id\":\"https:\/\/distribution.audio-technica.eu\/es-es\/noticias\/martin-audio-presenta-nuevos-altavoces-de-instalacion-que-amplian-la-serie-adorn\/\"},\"wordCount\":864,\"image\":{\"@id\":\"https:\/\/distribution.audio-technica.eu\/es-es\/noticias\/martin-audio-presenta-nuevos-altavoces-de-instalacion-que-amplian-la-serie-adorn\/#primaryimage\"},\"thumbnailUrl\":\"\/app\/uploads\/sites\/2\/WP-ADORN-Complete-Range-Hero-Shot-banner.jpg\",\"keywords\":[\"ADORN\",\"Instalaci\u00f3n\"],\"articleSection\":[\"Novedades\"],\"inLanguage\":\"es\"},{\"@type\":\"WebPage\",\"@id\":\"https:\/\/distribution.audio-technica.eu\/es-es\/noticias\/martin-audio-presenta-nuevos-altavoces-de-instalacion-que-amplian-la-serie-adorn\/\",\"url\":\"https:\/\/distribution.audio-technica.eu\/es-es\/noticias\/martin-audio-presenta-nuevos-altavoces-de-instalacion-que-amplian-la-serie-adorn\/\",\"name\":\"Martin Audio presenta nuevos altavoces de instalaci\u00f3n que ampl\u00edan la serie ADORN - Audio-Technica Iberia\",\"isPartOf\":{\"@id\":\"https:\/\/distribution.audio-technica.eu\/es-es\/#website\"},\"primaryImageOfPage\":{\"@id\":\"https:\/\/distribution.audio-technica.eu\/es-es\/noticias\/martin-audio-presenta-nuevos-altavoces-de-instalacion-que-amplian-la-serie-adorn\/#primaryimage\"},\"image\":{\"@id\":\"https:\/\/distribution.audio-technica.eu\/es-es\/noticias\/martin-audio-presenta-nuevos-altavoces-de-instalacion-que-amplian-la-serie-adorn\/#primaryimage\"},\"thumbnailUrl\":\"\/app\/uploads\/sites\/2\/WP-ADORN-Complete-Range-Hero-Shot-banner.jpg\",\"datePublished\":\"2020-02-05T16:40:10+00:00\",\"dateModified\":\"2023-07-30T11:40:03+00:00\",\"author\":{\"@id\":\"https:\/\/distribution.audio-technica.eu\/es-es\/#\/schema\/person\/dbf0d33217ceab6329b4c3144742f2fb\"},\"breadcrumb\":{\"@id\":\"https:\/\/distribution.audio-technica.eu\/es-es\/noticias\/martin-audio-presenta-nuevos-altavoces-de-instalacion-que-amplian-la-serie-adorn\/#breadcrumb\"},\"inLanguage\":\"es\",\"potentialAction\":[{\"@type\":\"ReadAction\",\"target\":[\"https:\/\/distribution.audio-technica.eu\/es-es\/noticias\/martin-audio-presenta-nuevos-altavoces-de-instalacion-que-amplian-la-serie-adorn\/\"]}]},{\"@type\":\"ImageObject\",\"inLanguage\":\"es\",\"@id\":\"https:\/\/distribution.audio-technica.eu\/es-es\/noticias\/martin-audio-presenta-nuevos-altavoces-de-instalacion-que-amplian-la-serie-adorn\/#primaryimage\",\"url\":\"\/app\/uploads\/sites\/2\/WP-ADORN-Complete-Range-Hero-Shot-banner.jpg\",\"contentUrl\":\"\/app\/uploads\/sites\/2\/WP-ADORN-Complete-Range-Hero-Shot-banner.jpg\",\"width\":640,\"height\":360},{\"@type\":\"BreadcrumbList\",\"@id\":\"https:\/\/distribution.audio-technica.eu\/es-es\/noticias\/martin-audio-presenta-nuevos-altavoces-de-instalacion-que-amplian-la-serie-adorn\/#breadcrumb\",\"itemListElement\":[{\"@type\":\"ListItem\",\"position\":1,\"name\":\"Products\",\"item\":\"https:\/\/distribution.audio-technica.eu\/es-es\/\"},{\"@type\":\"ListItem\",\"position\":2,\"name\":\"Martin Audio presenta nuevos altavoces de instalaci\u00f3n que ampl\u00edan la serie ADORN\"}]},{\"@type\":\"WebSite\",\"@id\":\"https:\/\/distribution.audio-technica.eu\/es-es\/#website\",\"url\":\"https:\/\/distribution.audio-technica.eu\/es-es\/\",\"name\":\"Audio-Technica Iberia\",\"description\":\"Distribuci\u00f3n\",\"potentialAction\":[{\"@type\":\"SearchAction\",\"target\":{\"@type\":\"EntryPoint\",\"urlTemplate\":\"https:\/\/distribution.audio-technica.eu\/es-es\/?s={search_term_string}\"},\"query-input\":{\"@type\":\"PropertyValueSpecification\",\"valueRequired\":true,\"valueName\":\"search_term_string\"}}],\"inLanguage\":\"es\"},{\"@type\":\"Person\",\"@id\":\"https:\/\/distribution.audio-technica.eu\/es-es\/#\/schema\/person\/dbf0d33217ceab6329b4c3144742f2fb\",\"name\":\"ctorras\"}]}<\/script>\n<!-- \/ Yoast SEO plugin. -->","yoast_head_json":{"title":"Martin Audio presenta nuevos altavoces de instalaci\u00f3n que ampl\u00edan la serie ADORN - Audio-Technica Iberia","robots":{"index":"index","follow":"follow","max-snippet":"max-snippet:-1","max-image-preview":"max-image-preview:large","max-video-preview":"max-video-preview:-1"},"canonical":"https:\/\/distribution.audio-technica.eu\/es-es\/noticias\/martin-audio-presenta-nuevos-altavoces-de-instalacion-que-amplian-la-serie-adorn\/","og_locale":"es_ES","og_type":"article","og_title":"Martin Audio presenta nuevos altavoces de instalaci\u00f3n que ampl\u00edan la serie ADORN - Audio-Technica Iberia","og_description":"El ajetreado inicio de a\u00f1o de Martin Audio no muestra signos de desaceleraci\u00f3n, ya que se acaba de anunciar el lanzamiento de cuatro nuevos productos destinados al sector de la instalaci\u00f3n comercial, y entre los que se incluyen altavoces de techo y colgantes que vienen a ampliar la oferta de la serie ADORN. Los altavoces [&hellip;]","og_url":"https:\/\/distribution.audio-technica.eu\/es-es\/noticias\/martin-audio-presenta-nuevos-altavoces-de-instalacion-que-amplian-la-serie-adorn\/","og_site_name":"Audio-Technica Iberia","article_published_time":"2020-02-05T16:40:10+00:00","article_modified_time":"2023-07-30T11:40:03+00:00","og_image":[{"width":640,"height":360,"url":"https:\/\/distribution.audio-technica.eu\/app\/uploads\/sites\/2\/WP-ADORN-Complete-Range-Hero-Shot-banner.jpg","type":"image\/jpeg"}],"author":"ctorras","twitter_card":"summary_large_image","twitter_misc":{"Escrito por":"ctorras","Tiempo de lectura":"4 minutos"},"schema":{"@context":"https:\/\/schema.org","@graph":[{"@type":"Article","@id":"https:\/\/distribution.audio-technica.eu\/es-es\/noticias\/martin-audio-presenta-nuevos-altavoces-de-instalacion-que-amplian-la-serie-adorn\/#article","isPartOf":{"@id":"https:\/\/distribution.audio-technica.eu\/es-es\/noticias\/martin-audio-presenta-nuevos-altavoces-de-instalacion-que-amplian-la-serie-adorn\/"},"author":{"name":"ctorras","@id":"https:\/\/distribution.audio-technica.eu\/es-es\/#\/schema\/person\/dbf0d33217ceab6329b4c3144742f2fb"},"headline":"Martin Audio presenta nuevos altavoces de instalaci\u00f3n que ampl\u00edan la serie ADORN","datePublished":"2020-02-05T16:40:10+00:00","dateModified":"2023-07-30T11:40:03+00:00","mainEntityOfPage":{"@id":"https:\/\/distribution.audio-technica.eu\/es-es\/noticias\/martin-audio-presenta-nuevos-altavoces-de-instalacion-que-amplian-la-serie-adorn\/"},"wordCount":864,"image":{"@id":"https:\/\/distribution.audio-technica.eu\/es-es\/noticias\/martin-audio-presenta-nuevos-altavoces-de-instalacion-que-amplian-la-serie-adorn\/#primaryimage"},"thumbnailUrl":"\/app\/uploads\/sites\/2\/WP-ADORN-Complete-Range-Hero-Shot-banner.jpg","keywords":["ADORN","Instalaci\u00f3n"],"articleSection":["Novedades"],"inLanguage":"es"},{"@type":"WebPage","@id":"https:\/\/distribution.audio-technica.eu\/es-es\/noticias\/martin-audio-presenta-nuevos-altavoces-de-instalacion-que-amplian-la-serie-adorn\/","url":"https:\/\/distribution.audio-technica.eu\/es-es\/noticias\/martin-audio-presenta-nuevos-altavoces-de-instalacion-que-amplian-la-serie-adorn\/","name":"Martin Audio presenta nuevos altavoces de instalaci\u00f3n que ampl\u00edan la serie ADORN - Audio-Technica Iberia","isPartOf":{"@id":"https:\/\/distribution.audio-technica.eu\/es-es\/#website"},"primaryImageOfPage":{"@id":"https:\/\/distribution.audio-technica.eu\/es-es\/noticias\/martin-audio-presenta-nuevos-altavoces-de-instalacion-que-amplian-la-serie-adorn\/#primaryimage"},"image":{"@id":"https:\/\/distribution.audio-technica.eu\/es-es\/noticias\/martin-audio-presenta-nuevos-altavoces-de-instalacion-que-amplian-la-serie-adorn\/#primaryimage"},"thumbnailUrl":"\/app\/uploads\/sites\/2\/WP-ADORN-Complete-Range-Hero-Shot-banner.jpg","datePublished":"2020-02-05T16:40:10+00:00","dateModified":"2023-07-30T11:40:03+00:00","author":{"@id":"https:\/\/distribution.audio-technica.eu\/es-es\/#\/schema\/person\/dbf0d33217ceab6329b4c3144742f2fb"},"breadcrumb":{"@id":"https:\/\/distribution.audio-technica.eu\/es-es\/noticias\/martin-audio-presenta-nuevos-altavoces-de-instalacion-que-amplian-la-serie-adorn\/#breadcrumb"},"inLanguage":"es","potentialAction":[{"@type":"ReadAction","target":["https:\/\/distribution.audio-technica.eu\/es-es\/noticias\/martin-audio-presenta-nuevos-altavoces-de-instalacion-que-amplian-la-serie-adorn\/"]}]},{"@type":"ImageObject","inLanguage":"es","@id":"https:\/\/distribution.audio-technica.eu\/es-es\/noticias\/martin-audio-presenta-nuevos-altavoces-de-instalacion-que-amplian-la-serie-adorn\/#primaryimage","url":"\/app\/uploads\/sites\/2\/WP-ADORN-Complete-Range-Hero-Shot-banner.jpg","contentUrl":"\/app\/uploads\/sites\/2\/WP-ADORN-Complete-Range-Hero-Shot-banner.jpg","width":640,"height":360},{"@type":"BreadcrumbList","@id":"https:\/\/distribution.audio-technica.eu\/es-es\/noticias\/martin-audio-presenta-nuevos-altavoces-de-instalacion-que-amplian-la-serie-adorn\/#breadcrumb","itemListElement":[{"@type":"ListItem","position":1,"name":"Products","item":"https:\/\/distribution.audio-technica.eu\/es-es\/"},{"@type":"ListItem","position":2,"name":"Martin Audio presenta nuevos altavoces de instalaci\u00f3n que ampl\u00edan la serie ADORN"}]},{"@type":"WebSite","@id":"https:\/\/distribution.audio-technica.eu\/es-es\/#website","url":"https:\/\/distribution.audio-technica.eu\/es-es\/","name":"Audio-Technica Iberia","description":"Distribuci\u00f3n","potentialAction":[{"@type":"SearchAction","target":{"@type":"EntryPoint","urlTemplate":"https:\/\/distribution.audio-technica.eu\/es-es\/?s={search_term_string}"},"query-input":{"@type":"PropertyValueSpecification","valueRequired":true,"valueName":"search_term_string"}}],"inLanguage":"es"},{"@type":"Person","@id":"https:\/\/distribution.audio-technica.eu\/es-es\/#\/schema\/person\/dbf0d33217ceab6329b4c3144742f2fb","name":"ctorras"}]}},"_links":{"self":[{"href":"https:\/\/distribution.audio-technica.eu\/es-es\/wp-json\/wp\/v2\/posts\/19802","targetHints":{"allow":["GET"]}}],"collection":[{"href":"https:\/\/distribution.audio-technica.eu\/es-es\/wp-json\/wp\/v2\/posts"}],"about":[{"href":"https:\/\/distribution.audio-technica.eu\/es-es\/wp-json\/wp\/v2\/types\/post"}],"author":[{"embeddable":true,"href":"https:\/\/distribution.audio-technica.eu\/es-es\/wp-json\/wp\/v2\/users\/2"}],"replies":[{"embeddable":true,"href":"https:\/\/distribution.audio-technica.eu\/es-es\/wp-json\/wp\/v2\/comments?post=19802"}],"version-history":[{"count":2,"href":"https:\/\/distribution.audio-technica.eu\/es-es\/wp-json\/wp\/v2\/posts\/19802\/revisions"}],"predecessor-version":[{"id":19808,"href":"https:\/\/distribution.audio-technica.eu\/es-es\/wp-json\/wp\/v2\/posts\/19802\/revisions\/19808"}],"wp:featuredmedia":[{"embeddable":true,"href":"https:\/\/distribution.audio-technica.eu\/es-es\/wp-json\/wp\/v2\/media\/19807"}],"wp:attachment":[{"href":"https:\/\/distribution.audio-technica.eu\/es-es\/wp-json\/wp\/v2\/media?parent=19802"}],"wp:term":[{"taxonomy":"category","embeddable":true,"href":"https:\/\/distribution.audio-technica.eu\/es-es\/wp-json\/wp\/v2\/categories?post=19802"},{"taxonomy":"post_tag","embeddable":true,"href":"https:\/\/distribution.audio-technica.eu\/es-es\/wp-json\/wp\/v2\/tags?post=19802"}],"curies":[{"name":"wp","href":"https:\/\/api.w.org\/{rel}","templated":true}]}}