{"id":19829,"date":"2020-02-11T10:00:19","date_gmt":"2020-02-11T09:00:19","guid":{"rendered":"https:\/\/atdb-production.studiograft.dev\/es\/?p=19829"},"modified":"2023-07-31T10:37:16","modified_gmt":"2023-07-31T08:37:16","slug":"allen-heath-presenta-el-procesador-matricial-ahm-64-para-instalaciones-escalables","status":"publish","type":"post","link":"https:\/\/distribution.audio-technica.eu\/es-es\/noticias\/allen-heath-presenta-el-procesador-matricial-ahm-64-para-instalaciones-escalables\/","title":{"rendered":"Allen &amp; Heath presenta el procesador matricial AHM-64, para instalaciones escalables"},"content":{"rendered":"<h2>Allen &amp; Heath acaba de presentar el AHM-64, un nuevo y potente procesador Matriz de Audio 64 x 64, soportado por el extenso ecosistema escalable de entradas y salidas, control y soluciones Dante. Destinado a entornos corporativos, comerciales, de ocio y educativos, AHM-64 permite a los integradores crear de forma muy r\u00e1pida sistemas de distinta complejidad, desde una simple sala de reuniones hasta un campus completo.<\/h2>\n<p><a href=\"https:\/\/distribution.audio-technica.eu\/es\/wp-content\/uploads\/sites\/2\/WP-AHM64-Front-Closeup-2.jpg\"><img loading=\"lazy\" decoding=\"async\" class=\"alignnone size-800 wp-image-19847\" src=\"\/es\/wp-content\/uploads\/sites\/2\/WP-AHM64-Front-Closeup-2-800x566.jpg\" alt=\"\" width=\"800\" height=\"566\" srcset=\"https:\/\/distribution.audio-technica.eu\/app\/uploads\/sites\/2\/WP-AHM64-Front-Closeup-2-800x566.jpg 800w, https:\/\/distribution.audio-technica.eu\/app\/uploads\/sites\/2\/WP-AHM64-Front-Closeup-2-150x106.jpg 150w, https:\/\/distribution.audio-technica.eu\/app\/uploads\/sites\/2\/WP-AHM64-Front-Closeup-2-300x212.jpg 300w, https:\/\/distribution.audio-technica.eu\/app\/uploads\/sites\/2\/WP-AHM64-Front-Closeup-2-768x543.jpg 768w, https:\/\/distribution.audio-technica.eu\/app\/uploads\/sites\/2\/WP-AHM64-Front-Closeup-2-1024x724.jpg 1024w, https:\/\/distribution.audio-technica.eu\/app\/uploads\/sites\/2\/WP-AHM64-Front-Closeup-2-200x141.jpg 200w, https:\/\/distribution.audio-technica.eu\/app\/uploads\/sites\/2\/WP-AHM64-Front-Closeup-2-400x283.jpg 400w, https:\/\/distribution.audio-technica.eu\/app\/uploads\/sites\/2\/WP-AHM64-Front-Closeup-2-600x424.jpg 600w, https:\/\/distribution.audio-technica.eu\/app\/uploads\/sites\/2\/WP-AHM64-Front-Closeup-2-1200x849.jpg 1200w, https:\/\/distribution.audio-technica.eu\/app\/uploads\/sites\/2\/WP-AHM64-Front-Closeup-2.jpg 1500w\" sizes=\"auto, (max-width: 800px) 100vw, 800px\" \/><\/a><\/p>\n<p>\u201c<em>Hemos preguntado a los integradores y consultores que es lo que esperan de la pr\u00f3xima generaci\u00f3n de procesadores matriciales. Entradas y salidas escalables y control remoto, configuraci\u00f3n r\u00e1pida e integraci\u00f3n con Dante eran los deseos que encabezaban la lista<\/em>,\u201d comenta Rob Clark, director general. \u201c<em>AHM-64 cumple todos los requisitos, y est\u00e1 construido alrededor de un motor FPGA de 96kHz, ofrece una calidad de audio excepcional y baja latencia<\/em>.\u201d<\/p>\n<p>AHM-64 dispone de 12 entradas y 12 salidas locales, adem\u00e1s de un puerto de expansi\u00f3n Slink que permite la conexi\u00f3n plug and play a hasta 8 expansores remotos pertenecientes a la familia Everything I\/O de Allen &amp; Heath. Un puerto E\/S permite a\u00f1adir una tarjeta opcional <a href=\"https:\/\/distribution.audio-technica.eu\/es\/product\/dante-64x64\/\">Dante 96 kHz 64&#215;64<\/a> para permitir la conexi\u00f3n a equipos dentro de una red Dante, incluyendo el expansor Dante de montaje en pared <a href=\"https:\/\/distribution.audio-technica.eu\/es\/product\/dt164-w\/\">DT164-W<\/a> y el port\u00e1til <a href=\"https:\/\/distribution.audio-technica.eu\/es\/product\/dt168\/\">DT168<\/a>.<\/p>\n<p>&nbsp;<\/p>\n<p><a href=\"https:\/\/distribution.audio-technica.eu\/es\/wp-content\/uploads\/sites\/2\/WP-AHM64-Front-Left-e1581097620818.jpg\"><img loading=\"lazy\" decoding=\"async\" class=\"alignnone size-full wp-image-19848\" src=\"\/es\/wp-content\/uploads\/sites\/2\/WP-AHM64-Front-Left-e1581097620818.jpg\" alt=\"\" width=\"1485\" height=\"716\" srcset=\"https:\/\/distribution.audio-technica.eu\/app\/uploads\/sites\/2\/WP-AHM64-Front-Left-e1581097620818.jpg 1485w, https:\/\/distribution.audio-technica.eu\/app\/uploads\/sites\/2\/WP-AHM64-Front-Left-e1581097620818-150x72.jpg 150w, https:\/\/distribution.audio-technica.eu\/app\/uploads\/sites\/2\/WP-AHM64-Front-Left-e1581097620818-300x145.jpg 300w, https:\/\/distribution.audio-technica.eu\/app\/uploads\/sites\/2\/WP-AHM64-Front-Left-e1581097620818-768x370.jpg 768w, https:\/\/distribution.audio-technica.eu\/app\/uploads\/sites\/2\/WP-AHM64-Front-Left-e1581097620818-1024x494.jpg 1024w, https:\/\/distribution.audio-technica.eu\/app\/uploads\/sites\/2\/WP-AHM64-Front-Left-e1581097620818-600x289.jpg 600w, https:\/\/distribution.audio-technica.eu\/app\/uploads\/sites\/2\/WP-AHM64-Front-Left-e1581097620818-200x96.jpg 200w, https:\/\/distribution.audio-technica.eu\/app\/uploads\/sites\/2\/WP-AHM64-Front-Left-e1581097620818-400x193.jpg 400w, https:\/\/distribution.audio-technica.eu\/app\/uploads\/sites\/2\/WP-AHM64-Front-Left-e1581097620818-800x386.jpg 800w, https:\/\/distribution.audio-technica.eu\/app\/uploads\/sites\/2\/WP-AHM64-Front-Left-e1581097620818-1200x579.jpg 1200w\" sizes=\"auto, (max-width: 1485px) 100vw, 1485px\" \/><\/a><\/p>\n<p>El AHM-64 es soportado por una gran variedad de opciones de control remoto, incluyendo toda la familia de controladores remotos PoE y la app de control personalizable BYOD, que permite crear interfaces personalizados para m\u00faltiples usuarios y dispositivos.<\/p>\n<p>El intuitivo software de gesti\u00f3n de sistema AHM y la flexible arquitectura del AHM-64 permiten una r\u00e1pida configuraci\u00f3n, como explica el jefe de producto Nic Beretta, \u201c<em>El AHM-64 logra un equilibrio entre la simplicidad y la latencia establecida de la arquitectura fija, y la flexibilidad normalmente reservada para plataformas de arquitectura abierta, lo que le permite manejar funciones de gesti\u00f3n de sonido, avisos, distribuci\u00f3n de audio, conferencias y procesamiento de altavoces. Los integradores pueden mejorar sus beneficios creando el sistema ideal m\u00e1s r\u00e1pidamente, y adem\u00e1s, no necesitan una formaci\u00f3n certificada para obtener excelentes resultados con AHM-64<\/em>\u00ab.<\/p>\n<p><a href=\"https:\/\/distribution.audio-technica.eu\/es\/wp-content\/uploads\/sites\/2\/WP-AH-AHM64-Rear-Dante-e1581097711214.jpg\"><img loading=\"lazy\" decoding=\"async\" class=\"alignnone size-full wp-image-19845\" src=\"\/es\/wp-content\/uploads\/sites\/2\/WP-AH-AHM64-Rear-Dante-e1581097711214.jpg\" alt=\"\" width=\"1500\" height=\"528\" srcset=\"https:\/\/distribution.audio-technica.eu\/app\/uploads\/sites\/2\/WP-AH-AHM64-Rear-Dante-e1581097711214.jpg 1500w, https:\/\/distribution.audio-technica.eu\/app\/uploads\/sites\/2\/WP-AH-AHM64-Rear-Dante-e1581097711214-150x53.jpg 150w, https:\/\/distribution.audio-technica.eu\/app\/uploads\/sites\/2\/WP-AH-AHM64-Rear-Dante-e1581097711214-300x106.jpg 300w, https:\/\/distribution.audio-technica.eu\/app\/uploads\/sites\/2\/WP-AH-AHM64-Rear-Dante-e1581097711214-768x270.jpg 768w, https:\/\/distribution.audio-technica.eu\/app\/uploads\/sites\/2\/WP-AH-AHM64-Rear-Dante-e1581097711214-1024x360.jpg 1024w, https:\/\/distribution.audio-technica.eu\/app\/uploads\/sites\/2\/WP-AH-AHM64-Rear-Dante-e1581097711214-600x211.jpg 600w, https:\/\/distribution.audio-technica.eu\/app\/uploads\/sites\/2\/WP-AH-AHM64-Rear-Dante-e1581097711214-200x70.jpg 200w, https:\/\/distribution.audio-technica.eu\/app\/uploads\/sites\/2\/WP-AH-AHM64-Rear-Dante-e1581097711214-400x141.jpg 400w, https:\/\/distribution.audio-technica.eu\/app\/uploads\/sites\/2\/WP-AH-AHM64-Rear-Dante-e1581097711214-800x282.jpg 800w, https:\/\/distribution.audio-technica.eu\/app\/uploads\/sites\/2\/WP-AH-AHM64-Rear-Dante-e1581097711214-1200x422.jpg 1200w\" sizes=\"auto, (max-width: 1500px) 100vw, 1500px\" \/><\/a><\/p>\n<p><a href=\"https:\/\/distribution.audio-technica.eu\/es\/product\/ahm64\/\">M\u00e1s informaci\u00f3n sobre el AHM-64 de Allen &amp; Heath<\/a><\/p>\n","protected":false},"excerpt":{"rendered":"<p>Allen &amp; Heath acaba de presentar el AHM-64, un nuevo y potente procesador Matriz de Audio 64 x 64, soportado por el extenso ecosistema escalable de entradas y salidas, control y soluciones Dante. Destinado a entornos corporativos, comerciales, de ocio y educativos, AHM-64 permite a los integradores crear de forma muy r\u00e1pida sistemas de distinta [&hellip;]<\/p>\n","protected":false},"author":2,"featured_media":19846,"comment_status":"closed","ping_status":"closed","sticky":false,"template":"","format":"standard","meta":{"_acf_changed":false,"footnotes":""},"categories":[2456],"tags":[1553,2182],"class_list":["post-19829","post","type-post","status-publish","format-standard","has-post-thumbnail","hentry","category-novedades","tag-instalacion","tag-matriz"],"acf":[],"yoast_head":"<!-- This site is optimized with the Yoast SEO plugin v27.1.1 - https:\/\/yoast.com\/product\/yoast-seo-wordpress\/ -->\n<title>Allen &amp; Heath presenta el procesador matricial AHM-64, para instalaciones escalables - Audio-Technica Iberia<\/title>\n<meta name=\"robots\" content=\"index, follow, max-snippet:-1, max-image-preview:large, max-video-preview:-1\" \/>\n<link rel=\"canonical\" href=\"https:\/\/distribution.audio-technica.eu\/es-es\/noticias\/allen-heath-presenta-el-procesador-matricial-ahm-64-para-instalaciones-escalables\/\" \/>\n<meta property=\"og:locale\" content=\"es_ES\" \/>\n<meta property=\"og:type\" content=\"article\" \/>\n<meta property=\"og:title\" content=\"Allen &amp; Heath presenta el procesador matricial AHM-64, para instalaciones escalables - Audio-Technica Iberia\" \/>\n<meta property=\"og:description\" content=\"Allen &amp; Heath acaba de presentar el AHM-64, un nuevo y potente procesador Matriz de Audio 64 x 64, soportado por el extenso ecosistema escalable de entradas y salidas, control y soluciones Dante. Destinado a entornos corporativos, comerciales, de ocio y educativos, AHM-64 permite a los integradores crear de forma muy r\u00e1pida sistemas de distinta [&hellip;]\" \/>\n<meta property=\"og:url\" content=\"https:\/\/distribution.audio-technica.eu\/es-es\/noticias\/allen-heath-presenta-el-procesador-matricial-ahm-64-para-instalaciones-escalables\/\" \/>\n<meta property=\"og:site_name\" content=\"Audio-Technica Iberia\" \/>\n<meta property=\"article:published_time\" content=\"2020-02-11T09:00:19+00:00\" \/>\n<meta property=\"article:modified_time\" content=\"2023-07-31T08:37:16+00:00\" \/>\n<meta property=\"og:image\" content=\"https:\/\/distribution.audio-technica.eu\/app\/uploads\/sites\/2\/WP-AHM64-banner.jpg\" \/>\n\t<meta property=\"og:image:width\" content=\"640\" \/>\n\t<meta property=\"og:image:height\" content=\"360\" \/>\n\t<meta property=\"og:image:type\" content=\"image\/jpeg\" \/>\n<meta name=\"author\" content=\"ctorras\" \/>\n<meta name=\"twitter:card\" content=\"summary_large_image\" \/>\n<meta name=\"twitter:label1\" content=\"Escrito por\" \/>\n\t<meta name=\"twitter:data1\" content=\"ctorras\" \/>\n\t<meta name=\"twitter:label2\" content=\"Tiempo de lectura\" \/>\n\t<meta name=\"twitter:data2\" content=\"2 minutos\" \/>\n<script type=\"application\/ld+json\" class=\"yoast-schema-graph\">{\"@context\":\"https:\/\/schema.org\",\"@graph\":[{\"@type\":\"Article\",\"@id\":\"https:\/\/distribution.audio-technica.eu\/es-es\/noticias\/allen-heath-presenta-el-procesador-matricial-ahm-64-para-instalaciones-escalables\/#article\",\"isPartOf\":{\"@id\":\"https:\/\/distribution.audio-technica.eu\/es-es\/noticias\/allen-heath-presenta-el-procesador-matricial-ahm-64-para-instalaciones-escalables\/\"},\"author\":{\"name\":\"ctorras\",\"@id\":\"https:\/\/distribution.audio-technica.eu\/es-es\/#\/schema\/person\/dbf0d33217ceab6329b4c3144742f2fb\"},\"headline\":\"Allen &amp; Heath presenta el procesador matricial AHM-64, para instalaciones escalables\",\"datePublished\":\"2020-02-11T09:00:19+00:00\",\"dateModified\":\"2023-07-31T08:37:16+00:00\",\"mainEntityOfPage\":{\"@id\":\"https:\/\/distribution.audio-technica.eu\/es-es\/noticias\/allen-heath-presenta-el-procesador-matricial-ahm-64-para-instalaciones-escalables\/\"},\"wordCount\":384,\"image\":{\"@id\":\"https:\/\/distribution.audio-technica.eu\/es-es\/noticias\/allen-heath-presenta-el-procesador-matricial-ahm-64-para-instalaciones-escalables\/#primaryimage\"},\"thumbnailUrl\":\"\/app\/uploads\/sites\/2\/WP-AHM64-banner.jpg\",\"keywords\":[\"Instalaci\u00f3n\",\"Matriz\"],\"articleSection\":[\"Novedades\"],\"inLanguage\":\"es\"},{\"@type\":\"WebPage\",\"@id\":\"https:\/\/distribution.audio-technica.eu\/es-es\/noticias\/allen-heath-presenta-el-procesador-matricial-ahm-64-para-instalaciones-escalables\/\",\"url\":\"https:\/\/distribution.audio-technica.eu\/es-es\/noticias\/allen-heath-presenta-el-procesador-matricial-ahm-64-para-instalaciones-escalables\/\",\"name\":\"Allen &amp; Heath presenta el procesador matricial AHM-64, para instalaciones escalables - Audio-Technica Iberia\",\"isPartOf\":{\"@id\":\"https:\/\/distribution.audio-technica.eu\/es-es\/#website\"},\"primaryImageOfPage\":{\"@id\":\"https:\/\/distribution.audio-technica.eu\/es-es\/noticias\/allen-heath-presenta-el-procesador-matricial-ahm-64-para-instalaciones-escalables\/#primaryimage\"},\"image\":{\"@id\":\"https:\/\/distribution.audio-technica.eu\/es-es\/noticias\/allen-heath-presenta-el-procesador-matricial-ahm-64-para-instalaciones-escalables\/#primaryimage\"},\"thumbnailUrl\":\"\/app\/uploads\/sites\/2\/WP-AHM64-banner.jpg\",\"datePublished\":\"2020-02-11T09:00:19+00:00\",\"dateModified\":\"2023-07-31T08:37:16+00:00\",\"author\":{\"@id\":\"https:\/\/distribution.audio-technica.eu\/es-es\/#\/schema\/person\/dbf0d33217ceab6329b4c3144742f2fb\"},\"breadcrumb\":{\"@id\":\"https:\/\/distribution.audio-technica.eu\/es-es\/noticias\/allen-heath-presenta-el-procesador-matricial-ahm-64-para-instalaciones-escalables\/#breadcrumb\"},\"inLanguage\":\"es\",\"potentialAction\":[{\"@type\":\"ReadAction\",\"target\":[\"https:\/\/distribution.audio-technica.eu\/es-es\/noticias\/allen-heath-presenta-el-procesador-matricial-ahm-64-para-instalaciones-escalables\/\"]}]},{\"@type\":\"ImageObject\",\"inLanguage\":\"es\",\"@id\":\"https:\/\/distribution.audio-technica.eu\/es-es\/noticias\/allen-heath-presenta-el-procesador-matricial-ahm-64-para-instalaciones-escalables\/#primaryimage\",\"url\":\"\/app\/uploads\/sites\/2\/WP-AHM64-banner.jpg\",\"contentUrl\":\"\/app\/uploads\/sites\/2\/WP-AHM64-banner.jpg\",\"width\":640,\"height\":360},{\"@type\":\"BreadcrumbList\",\"@id\":\"https:\/\/distribution.audio-technica.eu\/es-es\/noticias\/allen-heath-presenta-el-procesador-matricial-ahm-64-para-instalaciones-escalables\/#breadcrumb\",\"itemListElement\":[{\"@type\":\"ListItem\",\"position\":1,\"name\":\"Products\",\"item\":\"https:\/\/distribution.audio-technica.eu\/es-es\/\"},{\"@type\":\"ListItem\",\"position\":2,\"name\":\"Allen &amp; Heath presenta el procesador matricial AHM-64, para instalaciones escalables\"}]},{\"@type\":\"WebSite\",\"@id\":\"https:\/\/distribution.audio-technica.eu\/es-es\/#website\",\"url\":\"https:\/\/distribution.audio-technica.eu\/es-es\/\",\"name\":\"Audio-Technica Iberia\",\"description\":\"Distribuci\u00f3n\",\"potentialAction\":[{\"@type\":\"SearchAction\",\"target\":{\"@type\":\"EntryPoint\",\"urlTemplate\":\"https:\/\/distribution.audio-technica.eu\/es-es\/?s={search_term_string}\"},\"query-input\":{\"@type\":\"PropertyValueSpecification\",\"valueRequired\":true,\"valueName\":\"search_term_string\"}}],\"inLanguage\":\"es\"},{\"@type\":\"Person\",\"@id\":\"https:\/\/distribution.audio-technica.eu\/es-es\/#\/schema\/person\/dbf0d33217ceab6329b4c3144742f2fb\",\"name\":\"ctorras\"}]}<\/script>\n<!-- \/ Yoast SEO plugin. -->","yoast_head_json":{"title":"Allen &amp; Heath presenta el procesador matricial AHM-64, para instalaciones escalables - Audio-Technica Iberia","robots":{"index":"index","follow":"follow","max-snippet":"max-snippet:-1","max-image-preview":"max-image-preview:large","max-video-preview":"max-video-preview:-1"},"canonical":"https:\/\/distribution.audio-technica.eu\/es-es\/noticias\/allen-heath-presenta-el-procesador-matricial-ahm-64-para-instalaciones-escalables\/","og_locale":"es_ES","og_type":"article","og_title":"Allen &amp; Heath presenta el procesador matricial AHM-64, para instalaciones escalables - Audio-Technica Iberia","og_description":"Allen &amp; Heath acaba de presentar el AHM-64, un nuevo y potente procesador Matriz de Audio 64 x 64, soportado por el extenso ecosistema escalable de entradas y salidas, control y soluciones Dante. Destinado a entornos corporativos, comerciales, de ocio y educativos, AHM-64 permite a los integradores crear de forma muy r\u00e1pida sistemas de distinta [&hellip;]","og_url":"https:\/\/distribution.audio-technica.eu\/es-es\/noticias\/allen-heath-presenta-el-procesador-matricial-ahm-64-para-instalaciones-escalables\/","og_site_name":"Audio-Technica Iberia","article_published_time":"2020-02-11T09:00:19+00:00","article_modified_time":"2023-07-31T08:37:16+00:00","og_image":[{"width":640,"height":360,"url":"https:\/\/distribution.audio-technica.eu\/app\/uploads\/sites\/2\/WP-AHM64-banner.jpg","type":"image\/jpeg"}],"author":"ctorras","twitter_card":"summary_large_image","twitter_misc":{"Escrito por":"ctorras","Tiempo de lectura":"2 minutos"},"schema":{"@context":"https:\/\/schema.org","@graph":[{"@type":"Article","@id":"https:\/\/distribution.audio-technica.eu\/es-es\/noticias\/allen-heath-presenta-el-procesador-matricial-ahm-64-para-instalaciones-escalables\/#article","isPartOf":{"@id":"https:\/\/distribution.audio-technica.eu\/es-es\/noticias\/allen-heath-presenta-el-procesador-matricial-ahm-64-para-instalaciones-escalables\/"},"author":{"name":"ctorras","@id":"https:\/\/distribution.audio-technica.eu\/es-es\/#\/schema\/person\/dbf0d33217ceab6329b4c3144742f2fb"},"headline":"Allen &amp; Heath presenta el procesador matricial AHM-64, para instalaciones escalables","datePublished":"2020-02-11T09:00:19+00:00","dateModified":"2023-07-31T08:37:16+00:00","mainEntityOfPage":{"@id":"https:\/\/distribution.audio-technica.eu\/es-es\/noticias\/allen-heath-presenta-el-procesador-matricial-ahm-64-para-instalaciones-escalables\/"},"wordCount":384,"image":{"@id":"https:\/\/distribution.audio-technica.eu\/es-es\/noticias\/allen-heath-presenta-el-procesador-matricial-ahm-64-para-instalaciones-escalables\/#primaryimage"},"thumbnailUrl":"\/app\/uploads\/sites\/2\/WP-AHM64-banner.jpg","keywords":["Instalaci\u00f3n","Matriz"],"articleSection":["Novedades"],"inLanguage":"es"},{"@type":"WebPage","@id":"https:\/\/distribution.audio-technica.eu\/es-es\/noticias\/allen-heath-presenta-el-procesador-matricial-ahm-64-para-instalaciones-escalables\/","url":"https:\/\/distribution.audio-technica.eu\/es-es\/noticias\/allen-heath-presenta-el-procesador-matricial-ahm-64-para-instalaciones-escalables\/","name":"Allen &amp; Heath presenta el procesador matricial AHM-64, para instalaciones escalables - Audio-Technica Iberia","isPartOf":{"@id":"https:\/\/distribution.audio-technica.eu\/es-es\/#website"},"primaryImageOfPage":{"@id":"https:\/\/distribution.audio-technica.eu\/es-es\/noticias\/allen-heath-presenta-el-procesador-matricial-ahm-64-para-instalaciones-escalables\/#primaryimage"},"image":{"@id":"https:\/\/distribution.audio-technica.eu\/es-es\/noticias\/allen-heath-presenta-el-procesador-matricial-ahm-64-para-instalaciones-escalables\/#primaryimage"},"thumbnailUrl":"\/app\/uploads\/sites\/2\/WP-AHM64-banner.jpg","datePublished":"2020-02-11T09:00:19+00:00","dateModified":"2023-07-31T08:37:16+00:00","author":{"@id":"https:\/\/distribution.audio-technica.eu\/es-es\/#\/schema\/person\/dbf0d33217ceab6329b4c3144742f2fb"},"breadcrumb":{"@id":"https:\/\/distribution.audio-technica.eu\/es-es\/noticias\/allen-heath-presenta-el-procesador-matricial-ahm-64-para-instalaciones-escalables\/#breadcrumb"},"inLanguage":"es","potentialAction":[{"@type":"ReadAction","target":["https:\/\/distribution.audio-technica.eu\/es-es\/noticias\/allen-heath-presenta-el-procesador-matricial-ahm-64-para-instalaciones-escalables\/"]}]},{"@type":"ImageObject","inLanguage":"es","@id":"https:\/\/distribution.audio-technica.eu\/es-es\/noticias\/allen-heath-presenta-el-procesador-matricial-ahm-64-para-instalaciones-escalables\/#primaryimage","url":"\/app\/uploads\/sites\/2\/WP-AHM64-banner.jpg","contentUrl":"\/app\/uploads\/sites\/2\/WP-AHM64-banner.jpg","width":640,"height":360},{"@type":"BreadcrumbList","@id":"https:\/\/distribution.audio-technica.eu\/es-es\/noticias\/allen-heath-presenta-el-procesador-matricial-ahm-64-para-instalaciones-escalables\/#breadcrumb","itemListElement":[{"@type":"ListItem","position":1,"name":"Products","item":"https:\/\/distribution.audio-technica.eu\/es-es\/"},{"@type":"ListItem","position":2,"name":"Allen &amp; Heath presenta el procesador matricial AHM-64, para instalaciones escalables"}]},{"@type":"WebSite","@id":"https:\/\/distribution.audio-technica.eu\/es-es\/#website","url":"https:\/\/distribution.audio-technica.eu\/es-es\/","name":"Audio-Technica Iberia","description":"Distribuci\u00f3n","potentialAction":[{"@type":"SearchAction","target":{"@type":"EntryPoint","urlTemplate":"https:\/\/distribution.audio-technica.eu\/es-es\/?s={search_term_string}"},"query-input":{"@type":"PropertyValueSpecification","valueRequired":true,"valueName":"search_term_string"}}],"inLanguage":"es"},{"@type":"Person","@id":"https:\/\/distribution.audio-technica.eu\/es-es\/#\/schema\/person\/dbf0d33217ceab6329b4c3144742f2fb","name":"ctorras"}]}},"_links":{"self":[{"href":"https:\/\/distribution.audio-technica.eu\/es-es\/wp-json\/wp\/v2\/posts\/19829","targetHints":{"allow":["GET"]}}],"collection":[{"href":"https:\/\/distribution.audio-technica.eu\/es-es\/wp-json\/wp\/v2\/posts"}],"about":[{"href":"https:\/\/distribution.audio-technica.eu\/es-es\/wp-json\/wp\/v2\/types\/post"}],"author":[{"embeddable":true,"href":"https:\/\/distribution.audio-technica.eu\/es-es\/wp-json\/wp\/v2\/users\/2"}],"replies":[{"embeddable":true,"href":"https:\/\/distribution.audio-technica.eu\/es-es\/wp-json\/wp\/v2\/comments?post=19829"}],"version-history":[{"count":6,"href":"https:\/\/distribution.audio-technica.eu\/es-es\/wp-json\/wp\/v2\/posts\/19829\/revisions"}],"predecessor-version":[{"id":19904,"href":"https:\/\/distribution.audio-technica.eu\/es-es\/wp-json\/wp\/v2\/posts\/19829\/revisions\/19904"}],"wp:featuredmedia":[{"embeddable":true,"href":"https:\/\/distribution.audio-technica.eu\/es-es\/wp-json\/wp\/v2\/media\/19846"}],"wp:attachment":[{"href":"https:\/\/distribution.audio-technica.eu\/es-es\/wp-json\/wp\/v2\/media?parent=19829"}],"wp:term":[{"taxonomy":"category","embeddable":true,"href":"https:\/\/distribution.audio-technica.eu\/es-es\/wp-json\/wp\/v2\/categories?post=19829"},{"taxonomy":"post_tag","embeddable":true,"href":"https:\/\/distribution.audio-technica.eu\/es-es\/wp-json\/wp\/v2\/tags?post=19829"}],"curies":[{"name":"wp","href":"https:\/\/api.w.org\/{rel}","templated":true}]}}