{"id":19969,"date":"2017-12-18T12:57:32","date_gmt":"2017-12-18T11:57:32","guid":{"rendered":"https:\/\/atdb-production.studiograft.dev\/es\/?p=19969"},"modified":"2023-10-17T18:34:19","modified_gmt":"2023-10-17T16:34:19","slug":"jesuitas-educacion-dentro-del-proyecto-europeo-horizon-2020-apuestan-por-audio-technica","status":"publish","type":"post","link":"https:\/\/distribution.audio-technica.eu\/es-es\/noticias\/jesuitas-educacion-dentro-del-proyecto-europeo-horizon-2020-apuestan-por-audio-technica\/","title":{"rendered":"Jesuitas Educaci\u00f3n, dentro del proyecto europeo Horizon 2020, apuestan por Audio-Technica"},"content":{"rendered":"<h2>Jesuitas Educaci\u00f3n ha encargado a la empresa Gravis el dise\u00f1o de una soluci\u00f3n audiovisual para sus nuevas aulas, dentro del proyecto educativo Horizon 2020. Para ello, se han seleccionado sistemas inal\u00e1mbricos de Audio-Technica.<\/h2>\n<p><a href=\"https:\/\/distribution.audio-technica.eu\/es\/wp-content\/uploads\/sites\/2\/Escuela-Jesuitas-Educaci\u00f3n-Proyecto-Horitz\u00f3-2020.jpg\"><img loading=\"lazy\" decoding=\"async\" class=\"aligncenter size-800 wp-image-19973\" src=\"\/es\/wp-content\/uploads\/sites\/2\/Escuela-Jesuitas-Educaci\u00f3n-Proyecto-Horitz\u00f3-2020-800x534.jpg\" alt=\"\" width=\"800\" height=\"534\" srcset=\"https:\/\/distribution.audio-technica.eu\/app\/uploads\/sites\/2\/Escuela-Jesuitas-Educaci\u00f3n-Proyecto-Horitz\u00f3-2020-800x534.jpg 800w, https:\/\/distribution.audio-technica.eu\/app\/uploads\/sites\/2\/Escuela-Jesuitas-Educaci\u00f3n-Proyecto-Horitz\u00f3-2020-150x100.jpg 150w, https:\/\/distribution.audio-technica.eu\/app\/uploads\/sites\/2\/Escuela-Jesuitas-Educaci\u00f3n-Proyecto-Horitz\u00f3-2020-300x200.jpg 300w, https:\/\/distribution.audio-technica.eu\/app\/uploads\/sites\/2\/Escuela-Jesuitas-Educaci\u00f3n-Proyecto-Horitz\u00f3-2020-768x513.jpg 768w, https:\/\/distribution.audio-technica.eu\/app\/uploads\/sites\/2\/Escuela-Jesuitas-Educaci\u00f3n-Proyecto-Horitz\u00f3-2020-200x133.jpg 200w, https:\/\/distribution.audio-technica.eu\/app\/uploads\/sites\/2\/Escuela-Jesuitas-Educaci\u00f3n-Proyecto-Horitz\u00f3-2020-400x267.jpg 400w, https:\/\/distribution.audio-technica.eu\/app\/uploads\/sites\/2\/Escuela-Jesuitas-Educaci\u00f3n-Proyecto-Horitz\u00f3-2020-600x400.jpg 600w, https:\/\/distribution.audio-technica.eu\/app\/uploads\/sites\/2\/Escuela-Jesuitas-Educaci\u00f3n-Proyecto-Horitz\u00f3-2020.jpg 962w\" sizes=\"auto, (max-width: 800px) 100vw, 800px\" \/><\/a><\/p>\n<p>El departamento de proyectos de Gravis se reuni\u00f3 con la directiva del equipo SIC de Jesuitas Educaci\u00f3n para conformar lo que ser\u00eda la soluci\u00f3n audiovisual para las nuevas aulas NEI, \u00a0una apuesta por parte de Jesuitas Educaci\u00f3n dentro del proyecto educativo \u201cHorizon 2020\u2033, que pretende renovar y actualizar el modelo educativo as\u00ed como los espacios de todos los centros de los Jesuitas en Catalunya.<\/p>\n<p>Horizon 2020 es el programa de investigaci\u00f3n y desarrollo m\u00e1s importante hasta la fecha impulsado por la uni\u00f3n europea, y que cuenta con unos fondos de casi 80 billones de euros, disponibles en siete a\u00f1os (2014 a 2020). Uniendo investigaci\u00f3n e innovaci\u00f3n, Horizon 2020 pone \u00e9nfasis en la excelencia cient\u00edfica, el liderazgo industrial y la lucha contra los desaf\u00edos sociales.<\/p>\n<p>Despu\u00e9s de estudiar las necesidades del cliente, los ingenieros de Gravis dise\u00f1aron una gesti\u00f3n del audio centralizado y una gesti\u00f3n individual de cada aula con sistema de microfon\u00eda inal\u00e1mbrica y audiovisual integrada en el aula.<\/p>\n<p><a href=\"https:\/\/eu.audio-technica.com\/wireless\/wireless-by-series\/2000a-series\"><img loading=\"lazy\" decoding=\"async\" class=\"aligncenter wp-image-19975 size-full\" src=\"\/es\/wp-content\/uploads\/sites\/2\/61Eq-7qAc8L._SY355_.jpg\" alt=\"\" width=\"355\" height=\"355\" srcset=\"https:\/\/distribution.audio-technica.eu\/app\/uploads\/sites\/2\/61Eq-7qAc8L._SY355_.jpg 355w, https:\/\/distribution.audio-technica.eu\/app\/uploads\/sites\/2\/61Eq-7qAc8L._SY355_-150x150.jpg 150w, https:\/\/distribution.audio-technica.eu\/app\/uploads\/sites\/2\/61Eq-7qAc8L._SY355_-300x300.jpg 300w, https:\/\/distribution.audio-technica.eu\/app\/uploads\/sites\/2\/61Eq-7qAc8L._SY355_-66x66.jpg 66w, https:\/\/distribution.audio-technica.eu\/app\/uploads\/sites\/2\/61Eq-7qAc8L._SY355_-200x200.jpg 200w, https:\/\/distribution.audio-technica.eu\/app\/uploads\/sites\/2\/61Eq-7qAc8L._SY355_-100x100.jpg 100w\" sizes=\"auto, (max-width: 355px) 100vw, 355px\" \/><\/a><\/p>\n<p>Para el sistema de microfon\u00eda, Gravis ha utilizado la <a href=\"https:\/\/eu.audio-technica.com\/wireless\/wireless-by-series\/2000a-series\">serie 2000<\/a> de Audio-Technica, la cual ofrece hasta 10 canales independientes de frecuencia y la posibilidad de disponer de un cargador de 2 micr\u00f3fonos, ideal para estas aulas en las que se necesita un micr\u00f3fono de mano y uno de diadema. Los responsables de Gravis afirman que \u201c<em>la calidad de recepci\u00f3n y la nitidez en el sonido de estos productos de Audio-Technica es inmejorable, tal y como nos tiene acostumbrados<\/em>\u201d.<\/p>\n<p>La segunda generaci\u00f3n de la conocida serie 2000 de Audio-Technica ofrece m\u00e1s potencia RF, tanto en los transmisores de mano como en los de petaca, para una mayor estabilidad en la conexi\u00f3n. Con esta avanzada serie, Audio-Technica hace m\u00e1s asequible que nunca la configuraci\u00f3n, el rastreo autom\u00e1tico y otras avanzadas prestaciones inal\u00e1mbricas.<\/p>\n<p>&nbsp;<\/p>\n<p>&nbsp;<\/p>\n<p><strong><em>Sobre Gravis<\/em><\/strong><\/p>\n<p><a href=\"https:\/\/www.gravis.cat\/es\/\"><em>Gravis Muntatges Escenogr\u00e0fics <\/em><\/a><em>es una empresa dedicada, desde 1999, a la instalaci\u00f3n de sistemas audiovisuales y al estudio del confort ac\u00fastico para todo tipo de espacios, as\u00ed como a la sonorizaci\u00f3n, iluminaci\u00f3n y producci\u00f3n completa de todo tipo de actos y eventos. <\/em><em>Dise\u00f1an y conciben proyectos a medida para cada situaci\u00f3n y los adaptan a las necesidades y recursos del cliente. Su compromiso es ofrecer un servicio excelente, con soluciones avaladas por ingenieros y entidades homologadas, usando materiales y equipos de \u00faltima generaci\u00f3n para conseguir los resultados deseados.<\/p>\n<p><\/em><\/p>\n","protected":false},"excerpt":{"rendered":"<p>Jesuitas Educaci\u00f3n ha encargado a la empresa Gravis el dise\u00f1o de una soluci\u00f3n audiovisual para sus nuevas aulas, dentro del proyecto educativo Horizon 2020. Para ello, se han seleccionado sistemas inal\u00e1mbricos de Audio-Technica. El departamento de proyectos de Gravis se reuni\u00f3 con la directiva del equipo SIC de Jesuitas Educaci\u00f3n para conformar lo que ser\u00eda [&hellip;]<\/p>\n","protected":false},"author":2,"featured_media":19972,"comment_status":"closed","ping_status":"closed","sticky":false,"template":"","format":"standard","meta":{"_acf_changed":false,"footnotes":""},"categories":[2460],"tags":[2190,2172],"class_list":["post-19969","post","type-post","status-publish","format-standard","has-post-thumbnail","hentry","category-instalaciones","tag-serie-2000","tag-sistemas-inalambricos"],"acf":[],"yoast_head":"<!-- This site is optimized with the Yoast SEO plugin v27.1.1 - https:\/\/yoast.com\/product\/yoast-seo-wordpress\/ -->\n<title>Jesuitas Educaci\u00f3n, dentro del proyecto europeo Horizon 2020, apuestan por Audio-Technica - Audio-Technica Iberia<\/title>\n<meta name=\"robots\" content=\"index, follow, max-snippet:-1, max-image-preview:large, max-video-preview:-1\" \/>\n<link rel=\"canonical\" href=\"https:\/\/distribution.audio-technica.eu\/es-es\/noticias\/jesuitas-educacion-dentro-del-proyecto-europeo-horizon-2020-apuestan-por-audio-technica\/\" \/>\n<meta property=\"og:locale\" content=\"es_ES\" \/>\n<meta property=\"og:type\" content=\"article\" \/>\n<meta property=\"og:title\" content=\"Jesuitas Educaci\u00f3n, dentro del proyecto europeo Horizon 2020, apuestan por Audio-Technica - Audio-Technica Iberia\" \/>\n<meta property=\"og:description\" content=\"Jesuitas Educaci\u00f3n ha encargado a la empresa Gravis el dise\u00f1o de una soluci\u00f3n audiovisual para sus nuevas aulas, dentro del proyecto educativo Horizon 2020. Para ello, se han seleccionado sistemas inal\u00e1mbricos de Audio-Technica. El departamento de proyectos de Gravis se reuni\u00f3 con la directiva del equipo SIC de Jesuitas Educaci\u00f3n para conformar lo que ser\u00eda [&hellip;]\" \/>\n<meta property=\"og:url\" content=\"https:\/\/distribution.audio-technica.eu\/es-es\/noticias\/jesuitas-educacion-dentro-del-proyecto-europeo-horizon-2020-apuestan-por-audio-technica\/\" \/>\n<meta property=\"og:site_name\" content=\"Audio-Technica Iberia\" \/>\n<meta property=\"article:published_time\" content=\"2017-12-18T11:57:32+00:00\" \/>\n<meta property=\"article:modified_time\" content=\"2023-10-17T16:34:19+00:00\" \/>\n<meta property=\"og:image\" content=\"https:\/\/distribution.audio-technica.eu\/app\/uploads\/sites\/2\/banner-10.jpg\" \/>\n\t<meta property=\"og:image:width\" content=\"640\" \/>\n\t<meta property=\"og:image:height\" content=\"360\" \/>\n\t<meta property=\"og:image:type\" content=\"image\/jpeg\" \/>\n<meta name=\"author\" content=\"ctorras\" \/>\n<meta name=\"twitter:card\" content=\"summary_large_image\" \/>\n<meta name=\"twitter:label1\" content=\"Escrito por\" \/>\n\t<meta name=\"twitter:data1\" content=\"ctorras\" \/>\n\t<meta name=\"twitter:label2\" content=\"Tiempo de lectura\" \/>\n\t<meta name=\"twitter:data2\" content=\"2 minutos\" \/>\n<script type=\"application\/ld+json\" class=\"yoast-schema-graph\">{\"@context\":\"https:\/\/schema.org\",\"@graph\":[{\"@type\":\"Article\",\"@id\":\"https:\/\/distribution.audio-technica.eu\/es-es\/noticias\/jesuitas-educacion-dentro-del-proyecto-europeo-horizon-2020-apuestan-por-audio-technica\/#article\",\"isPartOf\":{\"@id\":\"https:\/\/distribution.audio-technica.eu\/es-es\/noticias\/jesuitas-educacion-dentro-del-proyecto-europeo-horizon-2020-apuestan-por-audio-technica\/\"},\"author\":{\"name\":\"ctorras\",\"@id\":\"https:\/\/distribution.audio-technica.eu\/es-es\/#\/schema\/person\/dbf0d33217ceab6329b4c3144742f2fb\"},\"headline\":\"Jesuitas Educaci\u00f3n, dentro del proyecto europeo Horizon 2020, apuestan por Audio-Technica\",\"datePublished\":\"2017-12-18T11:57:32+00:00\",\"dateModified\":\"2023-10-17T16:34:19+00:00\",\"mainEntityOfPage\":{\"@id\":\"https:\/\/distribution.audio-technica.eu\/es-es\/noticias\/jesuitas-educacion-dentro-del-proyecto-europeo-horizon-2020-apuestan-por-audio-technica\/\"},\"wordCount\":456,\"image\":{\"@id\":\"https:\/\/distribution.audio-technica.eu\/es-es\/noticias\/jesuitas-educacion-dentro-del-proyecto-europeo-horizon-2020-apuestan-por-audio-technica\/#primaryimage\"},\"thumbnailUrl\":\"\/app\/uploads\/sites\/2\/banner-10.jpg\",\"keywords\":[\"Serie 2000\",\"Sistemas Inal\u00e1mbricos\"],\"articleSection\":[\"Instalaciones\"],\"inLanguage\":\"es\"},{\"@type\":\"WebPage\",\"@id\":\"https:\/\/distribution.audio-technica.eu\/es-es\/noticias\/jesuitas-educacion-dentro-del-proyecto-europeo-horizon-2020-apuestan-por-audio-technica\/\",\"url\":\"https:\/\/distribution.audio-technica.eu\/es-es\/noticias\/jesuitas-educacion-dentro-del-proyecto-europeo-horizon-2020-apuestan-por-audio-technica\/\",\"name\":\"Jesuitas Educaci\u00f3n, dentro del proyecto europeo Horizon 2020, apuestan por Audio-Technica - Audio-Technica Iberia\",\"isPartOf\":{\"@id\":\"https:\/\/distribution.audio-technica.eu\/es-es\/#website\"},\"primaryImageOfPage\":{\"@id\":\"https:\/\/distribution.audio-technica.eu\/es-es\/noticias\/jesuitas-educacion-dentro-del-proyecto-europeo-horizon-2020-apuestan-por-audio-technica\/#primaryimage\"},\"image\":{\"@id\":\"https:\/\/distribution.audio-technica.eu\/es-es\/noticias\/jesuitas-educacion-dentro-del-proyecto-europeo-horizon-2020-apuestan-por-audio-technica\/#primaryimage\"},\"thumbnailUrl\":\"\/app\/uploads\/sites\/2\/banner-10.jpg\",\"datePublished\":\"2017-12-18T11:57:32+00:00\",\"dateModified\":\"2023-10-17T16:34:19+00:00\",\"author\":{\"@id\":\"https:\/\/distribution.audio-technica.eu\/es-es\/#\/schema\/person\/dbf0d33217ceab6329b4c3144742f2fb\"},\"breadcrumb\":{\"@id\":\"https:\/\/distribution.audio-technica.eu\/es-es\/noticias\/jesuitas-educacion-dentro-del-proyecto-europeo-horizon-2020-apuestan-por-audio-technica\/#breadcrumb\"},\"inLanguage\":\"es\",\"potentialAction\":[{\"@type\":\"ReadAction\",\"target\":[\"https:\/\/distribution.audio-technica.eu\/es-es\/noticias\/jesuitas-educacion-dentro-del-proyecto-europeo-horizon-2020-apuestan-por-audio-technica\/\"]}]},{\"@type\":\"ImageObject\",\"inLanguage\":\"es\",\"@id\":\"https:\/\/distribution.audio-technica.eu\/es-es\/noticias\/jesuitas-educacion-dentro-del-proyecto-europeo-horizon-2020-apuestan-por-audio-technica\/#primaryimage\",\"url\":\"\/app\/uploads\/sites\/2\/banner-10.jpg\",\"contentUrl\":\"\/app\/uploads\/sites\/2\/banner-10.jpg\",\"width\":640,\"height\":360},{\"@type\":\"BreadcrumbList\",\"@id\":\"https:\/\/distribution.audio-technica.eu\/es-es\/noticias\/jesuitas-educacion-dentro-del-proyecto-europeo-horizon-2020-apuestan-por-audio-technica\/#breadcrumb\",\"itemListElement\":[{\"@type\":\"ListItem\",\"position\":1,\"name\":\"Products\",\"item\":\"https:\/\/distribution.audio-technica.eu\/es-es\/\"},{\"@type\":\"ListItem\",\"position\":2,\"name\":\"Jesuitas Educaci\u00f3n, dentro del proyecto europeo Horizon 2020, apuestan por Audio-Technica\"}]},{\"@type\":\"WebSite\",\"@id\":\"https:\/\/distribution.audio-technica.eu\/es-es\/#website\",\"url\":\"https:\/\/distribution.audio-technica.eu\/es-es\/\",\"name\":\"Audio-Technica Iberia\",\"description\":\"Distribuci\u00f3n\",\"potentialAction\":[{\"@type\":\"SearchAction\",\"target\":{\"@type\":\"EntryPoint\",\"urlTemplate\":\"https:\/\/distribution.audio-technica.eu\/es-es\/?s={search_term_string}\"},\"query-input\":{\"@type\":\"PropertyValueSpecification\",\"valueRequired\":true,\"valueName\":\"search_term_string\"}}],\"inLanguage\":\"es\"},{\"@type\":\"Person\",\"@id\":\"https:\/\/distribution.audio-technica.eu\/es-es\/#\/schema\/person\/dbf0d33217ceab6329b4c3144742f2fb\",\"name\":\"ctorras\"}]}<\/script>\n<!-- \/ Yoast SEO plugin. -->","yoast_head_json":{"title":"Jesuitas Educaci\u00f3n, dentro del proyecto europeo Horizon 2020, apuestan por Audio-Technica - Audio-Technica Iberia","robots":{"index":"index","follow":"follow","max-snippet":"max-snippet:-1","max-image-preview":"max-image-preview:large","max-video-preview":"max-video-preview:-1"},"canonical":"https:\/\/distribution.audio-technica.eu\/es-es\/noticias\/jesuitas-educacion-dentro-del-proyecto-europeo-horizon-2020-apuestan-por-audio-technica\/","og_locale":"es_ES","og_type":"article","og_title":"Jesuitas Educaci\u00f3n, dentro del proyecto europeo Horizon 2020, apuestan por Audio-Technica - Audio-Technica Iberia","og_description":"Jesuitas Educaci\u00f3n ha encargado a la empresa Gravis el dise\u00f1o de una soluci\u00f3n audiovisual para sus nuevas aulas, dentro del proyecto educativo Horizon 2020. Para ello, se han seleccionado sistemas inal\u00e1mbricos de Audio-Technica. El departamento de proyectos de Gravis se reuni\u00f3 con la directiva del equipo SIC de Jesuitas Educaci\u00f3n para conformar lo que ser\u00eda [&hellip;]","og_url":"https:\/\/distribution.audio-technica.eu\/es-es\/noticias\/jesuitas-educacion-dentro-del-proyecto-europeo-horizon-2020-apuestan-por-audio-technica\/","og_site_name":"Audio-Technica Iberia","article_published_time":"2017-12-18T11:57:32+00:00","article_modified_time":"2023-10-17T16:34:19+00:00","og_image":[{"width":640,"height":360,"url":"https:\/\/distribution.audio-technica.eu\/app\/uploads\/sites\/2\/banner-10.jpg","type":"image\/jpeg"}],"author":"ctorras","twitter_card":"summary_large_image","twitter_misc":{"Escrito por":"ctorras","Tiempo de lectura":"2 minutos"},"schema":{"@context":"https:\/\/schema.org","@graph":[{"@type":"Article","@id":"https:\/\/distribution.audio-technica.eu\/es-es\/noticias\/jesuitas-educacion-dentro-del-proyecto-europeo-horizon-2020-apuestan-por-audio-technica\/#article","isPartOf":{"@id":"https:\/\/distribution.audio-technica.eu\/es-es\/noticias\/jesuitas-educacion-dentro-del-proyecto-europeo-horizon-2020-apuestan-por-audio-technica\/"},"author":{"name":"ctorras","@id":"https:\/\/distribution.audio-technica.eu\/es-es\/#\/schema\/person\/dbf0d33217ceab6329b4c3144742f2fb"},"headline":"Jesuitas Educaci\u00f3n, dentro del proyecto europeo Horizon 2020, apuestan por Audio-Technica","datePublished":"2017-12-18T11:57:32+00:00","dateModified":"2023-10-17T16:34:19+00:00","mainEntityOfPage":{"@id":"https:\/\/distribution.audio-technica.eu\/es-es\/noticias\/jesuitas-educacion-dentro-del-proyecto-europeo-horizon-2020-apuestan-por-audio-technica\/"},"wordCount":456,"image":{"@id":"https:\/\/distribution.audio-technica.eu\/es-es\/noticias\/jesuitas-educacion-dentro-del-proyecto-europeo-horizon-2020-apuestan-por-audio-technica\/#primaryimage"},"thumbnailUrl":"\/app\/uploads\/sites\/2\/banner-10.jpg","keywords":["Serie 2000","Sistemas Inal\u00e1mbricos"],"articleSection":["Instalaciones"],"inLanguage":"es"},{"@type":"WebPage","@id":"https:\/\/distribution.audio-technica.eu\/es-es\/noticias\/jesuitas-educacion-dentro-del-proyecto-europeo-horizon-2020-apuestan-por-audio-technica\/","url":"https:\/\/distribution.audio-technica.eu\/es-es\/noticias\/jesuitas-educacion-dentro-del-proyecto-europeo-horizon-2020-apuestan-por-audio-technica\/","name":"Jesuitas Educaci\u00f3n, dentro del proyecto europeo Horizon 2020, apuestan por Audio-Technica - Audio-Technica Iberia","isPartOf":{"@id":"https:\/\/distribution.audio-technica.eu\/es-es\/#website"},"primaryImageOfPage":{"@id":"https:\/\/distribution.audio-technica.eu\/es-es\/noticias\/jesuitas-educacion-dentro-del-proyecto-europeo-horizon-2020-apuestan-por-audio-technica\/#primaryimage"},"image":{"@id":"https:\/\/distribution.audio-technica.eu\/es-es\/noticias\/jesuitas-educacion-dentro-del-proyecto-europeo-horizon-2020-apuestan-por-audio-technica\/#primaryimage"},"thumbnailUrl":"\/app\/uploads\/sites\/2\/banner-10.jpg","datePublished":"2017-12-18T11:57:32+00:00","dateModified":"2023-10-17T16:34:19+00:00","author":{"@id":"https:\/\/distribution.audio-technica.eu\/es-es\/#\/schema\/person\/dbf0d33217ceab6329b4c3144742f2fb"},"breadcrumb":{"@id":"https:\/\/distribution.audio-technica.eu\/es-es\/noticias\/jesuitas-educacion-dentro-del-proyecto-europeo-horizon-2020-apuestan-por-audio-technica\/#breadcrumb"},"inLanguage":"es","potentialAction":[{"@type":"ReadAction","target":["https:\/\/distribution.audio-technica.eu\/es-es\/noticias\/jesuitas-educacion-dentro-del-proyecto-europeo-horizon-2020-apuestan-por-audio-technica\/"]}]},{"@type":"ImageObject","inLanguage":"es","@id":"https:\/\/distribution.audio-technica.eu\/es-es\/noticias\/jesuitas-educacion-dentro-del-proyecto-europeo-horizon-2020-apuestan-por-audio-technica\/#primaryimage","url":"\/app\/uploads\/sites\/2\/banner-10.jpg","contentUrl":"\/app\/uploads\/sites\/2\/banner-10.jpg","width":640,"height":360},{"@type":"BreadcrumbList","@id":"https:\/\/distribution.audio-technica.eu\/es-es\/noticias\/jesuitas-educacion-dentro-del-proyecto-europeo-horizon-2020-apuestan-por-audio-technica\/#breadcrumb","itemListElement":[{"@type":"ListItem","position":1,"name":"Products","item":"https:\/\/distribution.audio-technica.eu\/es-es\/"},{"@type":"ListItem","position":2,"name":"Jesuitas Educaci\u00f3n, dentro del proyecto europeo Horizon 2020, apuestan por Audio-Technica"}]},{"@type":"WebSite","@id":"https:\/\/distribution.audio-technica.eu\/es-es\/#website","url":"https:\/\/distribution.audio-technica.eu\/es-es\/","name":"Audio-Technica Iberia","description":"Distribuci\u00f3n","potentialAction":[{"@type":"SearchAction","target":{"@type":"EntryPoint","urlTemplate":"https:\/\/distribution.audio-technica.eu\/es-es\/?s={search_term_string}"},"query-input":{"@type":"PropertyValueSpecification","valueRequired":true,"valueName":"search_term_string"}}],"inLanguage":"es"},{"@type":"Person","@id":"https:\/\/distribution.audio-technica.eu\/es-es\/#\/schema\/person\/dbf0d33217ceab6329b4c3144742f2fb","name":"ctorras"}]}},"_links":{"self":[{"href":"https:\/\/distribution.audio-technica.eu\/es-es\/wp-json\/wp\/v2\/posts\/19969","targetHints":{"allow":["GET"]}}],"collection":[{"href":"https:\/\/distribution.audio-technica.eu\/es-es\/wp-json\/wp\/v2\/posts"}],"about":[{"href":"https:\/\/distribution.audio-technica.eu\/es-es\/wp-json\/wp\/v2\/types\/post"}],"author":[{"embeddable":true,"href":"https:\/\/distribution.audio-technica.eu\/es-es\/wp-json\/wp\/v2\/users\/2"}],"replies":[{"embeddable":true,"href":"https:\/\/distribution.audio-technica.eu\/es-es\/wp-json\/wp\/v2\/comments?post=19969"}],"version-history":[{"count":3,"href":"https:\/\/distribution.audio-technica.eu\/es-es\/wp-json\/wp\/v2\/posts\/19969\/revisions"}],"predecessor-version":[{"id":19976,"href":"https:\/\/distribution.audio-technica.eu\/es-es\/wp-json\/wp\/v2\/posts\/19969\/revisions\/19976"}],"wp:featuredmedia":[{"embeddable":true,"href":"https:\/\/distribution.audio-technica.eu\/es-es\/wp-json\/wp\/v2\/media\/19972"}],"wp:attachment":[{"href":"https:\/\/distribution.audio-technica.eu\/es-es\/wp-json\/wp\/v2\/media?parent=19969"}],"wp:term":[{"taxonomy":"category","embeddable":true,"href":"https:\/\/distribution.audio-technica.eu\/es-es\/wp-json\/wp\/v2\/categories?post=19969"},{"taxonomy":"post_tag","embeddable":true,"href":"https:\/\/distribution.audio-technica.eu\/es-es\/wp-json\/wp\/v2\/tags?post=19969"}],"curies":[{"name":"wp","href":"https:\/\/api.w.org\/{rel}","templated":true}]}}