{"id":20008,"date":"2017-08-30T14:01:58","date_gmt":"2017-08-30T12:01:58","guid":{"rendered":"https:\/\/atdb-production.studiograft.dev\/es\/?p=20008"},"modified":"2023-07-31T10:40:15","modified_gmt":"2023-07-31T08:40:15","slug":"ara-malikian-de-gira-con-dlive","status":"publish","type":"post","link":"https:\/\/distribution.audio-technica.eu\/es-es\/noticias\/ara-malikian-de-gira-con-dlive\/","title":{"rendered":"Ara Malikian, de gira con dLive"},"content":{"rendered":"<p><a href=\"https:\/\/distribution.audio-technica.eu\/es\/wp-content\/uploads\/sites\/2\/Ara-Malikian-1.jpg\"><img loading=\"lazy\" decoding=\"async\" class=\"aligncenter size-800 wp-image-20009\" src=\"\/es\/wp-content\/uploads\/sites\/2\/Ara-Malikian-1-800x533.jpg\" alt=\"\" width=\"800\" height=\"533\" srcset=\"https:\/\/distribution.audio-technica.eu\/app\/uploads\/sites\/2\/Ara-Malikian-1-800x533.jpg 800w, https:\/\/distribution.audio-technica.eu\/app\/uploads\/sites\/2\/Ara-Malikian-1-150x100.jpg 150w, https:\/\/distribution.audio-technica.eu\/app\/uploads\/sites\/2\/Ara-Malikian-1-300x200.jpg 300w, https:\/\/distribution.audio-technica.eu\/app\/uploads\/sites\/2\/Ara-Malikian-1-768x512.jpg 768w, https:\/\/distribution.audio-technica.eu\/app\/uploads\/sites\/2\/Ara-Malikian-1-1024x683.jpg 1024w, https:\/\/distribution.audio-technica.eu\/app\/uploads\/sites\/2\/Ara-Malikian-1-200x133.jpg 200w, https:\/\/distribution.audio-technica.eu\/app\/uploads\/sites\/2\/Ara-Malikian-1-400x267.jpg 400w, https:\/\/distribution.audio-technica.eu\/app\/uploads\/sites\/2\/Ara-Malikian-1-600x400.jpg 600w, https:\/\/distribution.audio-technica.eu\/app\/uploads\/sites\/2\/Ara-Malikian-1-1200x800.jpg 1200w, https:\/\/distribution.audio-technica.eu\/app\/uploads\/sites\/2\/Ara-Malikian-1.jpg 1500w\" sizes=\"auto, (max-width: 800px) 100vw, 800px\" \/><\/a><\/p>\n<h2>Tras dos intensos a\u00f1os de gira con\u00a0su anterior trabajo, Ara 15, el virtuoso del viol\u00edn\u00a0Ara Malikian\u00a0prosigue con su viaje de veinte meses alrededor del mundo presentando su \u00faltimo disco,\u00a0La incre\u00edble historia de Viol\u00edn.\u00a0Para esta extensa gira, el violinista armenio ha confiado en el sistema de mezclas digital dLive de Allen &amp; Heath, que utiliza tanto para el FoH como para los monitores.<\/h2>\n<p><a href=\"https:\/\/aramalikian.com\/\">Ara Malikian<\/a>, con m\u00e1s de 40 discos en el mercado, est\u00e1 realizando una extensa gira en la que presenta su \u00faltimo espect\u00e1culo, donde muestra \u00abel lenguaje m\u00e1s personal a trav\u00e9s de su virtuosismo con el viol\u00edn\u00bb, un instrumento que empez\u00f3 a tocar desde peque\u00f1o de la mano su padre, tambi\u00e9n violinista. Ara Malikian es, sin duda, uno de los m\u00e1s brillantes y expresivos violinistas de su generaci\u00f3n. Poseedor de un estilo propio, forjado a partir de sus or\u00edgenes y ricas vivencias musicales, su viol\u00edn se alza como una de las voces m\u00e1s originales e innovadoras del panorama musical.<\/p>\n<p>Para esta gira, el equipo t\u00e9cnico de Malikian ha seleccionado el sistema dLive de Allen &amp; Heath para gestionar tanto el FoH como el sistema de monitores. Concretamente, se ha utilizado una superficie de control S7000 y un MixRack DM64 para el FoH, y otra superficie S7000 (o una S5000, seg\u00fan la ocasi\u00f3n) y otro MixRack DM64 para gestionar el sistema de monitores.<\/p>\n<p><a href=\"https:\/\/distribution.audio-technica.eu\/es\/wp-content\/uploads\/sites\/2\/Ara-Malikian-2.jpg\"><img loading=\"lazy\" decoding=\"async\" class=\"aligncenter size-800 wp-image-20010\" src=\"\/es\/wp-content\/uploads\/sites\/2\/Ara-Malikian-2-800x600.jpg\" alt=\"\" width=\"800\" height=\"600\" srcset=\"https:\/\/distribution.audio-technica.eu\/app\/uploads\/sites\/2\/Ara-Malikian-2-800x600.jpg 800w, https:\/\/distribution.audio-technica.eu\/app\/uploads\/sites\/2\/Ara-Malikian-2-150x113.jpg 150w, https:\/\/distribution.audio-technica.eu\/app\/uploads\/sites\/2\/Ara-Malikian-2-300x225.jpg 300w, https:\/\/distribution.audio-technica.eu\/app\/uploads\/sites\/2\/Ara-Malikian-2-768x576.jpg 768w, https:\/\/distribution.audio-technica.eu\/app\/uploads\/sites\/2\/Ara-Malikian-2-1024x768.jpg 1024w, https:\/\/distribution.audio-technica.eu\/app\/uploads\/sites\/2\/Ara-Malikian-2-200x150.jpg 200w, https:\/\/distribution.audio-technica.eu\/app\/uploads\/sites\/2\/Ara-Malikian-2-400x300.jpg 400w, https:\/\/distribution.audio-technica.eu\/app\/uploads\/sites\/2\/Ara-Malikian-2-600x450.jpg 600w, https:\/\/distribution.audio-technica.eu\/app\/uploads\/sites\/2\/Ara-Malikian-2-1200x900.jpg 1200w, https:\/\/distribution.audio-technica.eu\/app\/uploads\/sites\/2\/Ara-Malikian-2.jpg 1500w\" sizes=\"auto, (max-width: 800px) 100vw, 800px\" \/><\/a><\/p>\n<p>Al frente de ambos sistemas se encuentran los ingenieros Raquel Fern\u00e1ndez e Higinio Mart\u00edn (FoH y monitores, respectivamente). Ambos han quedado plenamente satisfechos con los resultados, y coinciden en destacar la alt\u00edsima calidad sonora, facilidad de uso, facilidad de programaci\u00f3n y la calidad de los efectos que ofrece el sistema.<\/p>\n<p>La sonorizaci\u00f3n de este evento fue dise\u00f1ada y gestionada por <a href=\"http:\/\/www.sorter.es\/\">Sorter<\/a>, un de las empresas de sonorizaci\u00f3n m\u00e1s importantes de nuestro pa\u00eds, y que forma parte de la red internacional de empresas reconocidas por Allen &amp; Heath como suministradoras en r\u00e9gimen de alquiler de consolas dLive.<\/p>\n<p>&nbsp;<\/p>\n<p>&nbsp;<\/p>\n","protected":false},"excerpt":{"rendered":"<p>Tras dos intensos a\u00f1os de gira con\u00a0su anterior trabajo, Ara 15, el virtuoso del viol\u00edn\u00a0Ara Malikian\u00a0prosigue con su viaje de veinte meses alrededor del mundo presentando su \u00faltimo disco,\u00a0La incre\u00edble historia de Viol\u00edn.\u00a0Para esta extensa gira, el violinista armenio ha confiado en el sistema de mezclas digital dLive de Allen &amp; Heath, que utiliza tanto [&hellip;]<\/p>\n","protected":false},"author":2,"featured_media":20011,"comment_status":"closed","ping_status":"closed","sticky":false,"template":"","format":"standard","meta":{"_acf_changed":false,"footnotes":""},"categories":[1821],"tags":[2192,1587],"class_list":["post-20008","post","type-post","status-publish","format-standard","has-post-thumbnail","hentry","category-artistas","tag-ara-malikian","tag-dlive"],"acf":[],"yoast_head":"<!-- This site is optimized with the Yoast SEO plugin v27.1.1 - https:\/\/yoast.com\/product\/yoast-seo-wordpress\/ -->\n<title>Ara Malikian, de gira con dLive - Audio-Technica Iberia<\/title>\n<meta name=\"robots\" content=\"index, follow, max-snippet:-1, max-image-preview:large, max-video-preview:-1\" \/>\n<link rel=\"canonical\" href=\"https:\/\/distribution.audio-technica.eu\/es-es\/noticias\/ara-malikian-de-gira-con-dlive\/\" \/>\n<meta property=\"og:locale\" content=\"es_ES\" \/>\n<meta property=\"og:type\" content=\"article\" \/>\n<meta property=\"og:title\" content=\"Ara Malikian, de gira con dLive - Audio-Technica Iberia\" \/>\n<meta property=\"og:description\" content=\"Tras dos intensos a\u00f1os de gira con\u00a0su anterior trabajo, Ara 15, el virtuoso del viol\u00edn\u00a0Ara Malikian\u00a0prosigue con su viaje de veinte meses alrededor del mundo presentando su \u00faltimo disco,\u00a0La incre\u00edble historia de Viol\u00edn.\u00a0Para esta extensa gira, el violinista armenio ha confiado en el sistema de mezclas digital dLive de Allen &amp; Heath, que utiliza tanto [&hellip;]\" \/>\n<meta property=\"og:url\" content=\"https:\/\/distribution.audio-technica.eu\/es-es\/noticias\/ara-malikian-de-gira-con-dlive\/\" \/>\n<meta property=\"og:site_name\" content=\"Audio-Technica Iberia\" \/>\n<meta property=\"article:published_time\" content=\"2017-08-30T12:01:58+00:00\" \/>\n<meta property=\"article:modified_time\" content=\"2023-07-31T08:40:15+00:00\" \/>\n<meta property=\"og:image\" content=\"https:\/\/distribution.audio-technica.eu\/app\/uploads\/sites\/2\/Ara-Malikian-banner.jpg\" \/>\n\t<meta property=\"og:image:width\" content=\"640\" \/>\n\t<meta property=\"og:image:height\" content=\"360\" \/>\n\t<meta property=\"og:image:type\" content=\"image\/jpeg\" \/>\n<meta name=\"author\" content=\"ctorras\" \/>\n<meta name=\"twitter:card\" content=\"summary_large_image\" \/>\n<meta name=\"twitter:label1\" content=\"Escrito por\" \/>\n\t<meta name=\"twitter:data1\" content=\"ctorras\" \/>\n\t<meta name=\"twitter:label2\" content=\"Tiempo de lectura\" \/>\n\t<meta name=\"twitter:data2\" content=\"2 minutos\" \/>\n<script type=\"application\/ld+json\" class=\"yoast-schema-graph\">{\"@context\":\"https:\/\/schema.org\",\"@graph\":[{\"@type\":\"Article\",\"@id\":\"https:\/\/distribution.audio-technica.eu\/es-es\/noticias\/ara-malikian-de-gira-con-dlive\/#article\",\"isPartOf\":{\"@id\":\"https:\/\/distribution.audio-technica.eu\/es-es\/noticias\/ara-malikian-de-gira-con-dlive\/\"},\"author\":{\"name\":\"ctorras\",\"@id\":\"https:\/\/distribution.audio-technica.eu\/es-es\/#\/schema\/person\/dbf0d33217ceab6329b4c3144742f2fb\"},\"headline\":\"Ara Malikian, de gira con dLive\",\"datePublished\":\"2017-08-30T12:01:58+00:00\",\"dateModified\":\"2023-07-31T08:40:15+00:00\",\"mainEntityOfPage\":{\"@id\":\"https:\/\/distribution.audio-technica.eu\/es-es\/noticias\/ara-malikian-de-gira-con-dlive\/\"},\"wordCount\":359,\"image\":{\"@id\":\"https:\/\/distribution.audio-technica.eu\/es-es\/noticias\/ara-malikian-de-gira-con-dlive\/#primaryimage\"},\"thumbnailUrl\":\"\/app\/uploads\/sites\/2\/Ara-Malikian-banner.jpg\",\"keywords\":[\"Ara Malikian\",\"dLive\"],\"articleSection\":[\"Artistas\"],\"inLanguage\":\"es\"},{\"@type\":\"WebPage\",\"@id\":\"https:\/\/distribution.audio-technica.eu\/es-es\/noticias\/ara-malikian-de-gira-con-dlive\/\",\"url\":\"https:\/\/distribution.audio-technica.eu\/es-es\/noticias\/ara-malikian-de-gira-con-dlive\/\",\"name\":\"Ara Malikian, de gira con dLive - Audio-Technica Iberia\",\"isPartOf\":{\"@id\":\"https:\/\/distribution.audio-technica.eu\/es-es\/#website\"},\"primaryImageOfPage\":{\"@id\":\"https:\/\/distribution.audio-technica.eu\/es-es\/noticias\/ara-malikian-de-gira-con-dlive\/#primaryimage\"},\"image\":{\"@id\":\"https:\/\/distribution.audio-technica.eu\/es-es\/noticias\/ara-malikian-de-gira-con-dlive\/#primaryimage\"},\"thumbnailUrl\":\"\/app\/uploads\/sites\/2\/Ara-Malikian-banner.jpg\",\"datePublished\":\"2017-08-30T12:01:58+00:00\",\"dateModified\":\"2023-07-31T08:40:15+00:00\",\"author\":{\"@id\":\"https:\/\/distribution.audio-technica.eu\/es-es\/#\/schema\/person\/dbf0d33217ceab6329b4c3144742f2fb\"},\"breadcrumb\":{\"@id\":\"https:\/\/distribution.audio-technica.eu\/es-es\/noticias\/ara-malikian-de-gira-con-dlive\/#breadcrumb\"},\"inLanguage\":\"es\",\"potentialAction\":[{\"@type\":\"ReadAction\",\"target\":[\"https:\/\/distribution.audio-technica.eu\/es-es\/noticias\/ara-malikian-de-gira-con-dlive\/\"]}]},{\"@type\":\"ImageObject\",\"inLanguage\":\"es\",\"@id\":\"https:\/\/distribution.audio-technica.eu\/es-es\/noticias\/ara-malikian-de-gira-con-dlive\/#primaryimage\",\"url\":\"\/app\/uploads\/sites\/2\/Ara-Malikian-banner.jpg\",\"contentUrl\":\"\/app\/uploads\/sites\/2\/Ara-Malikian-banner.jpg\",\"width\":640,\"height\":360},{\"@type\":\"BreadcrumbList\",\"@id\":\"https:\/\/distribution.audio-technica.eu\/es-es\/noticias\/ara-malikian-de-gira-con-dlive\/#breadcrumb\",\"itemListElement\":[{\"@type\":\"ListItem\",\"position\":1,\"name\":\"Products\",\"item\":\"https:\/\/distribution.audio-technica.eu\/es-es\/\"},{\"@type\":\"ListItem\",\"position\":2,\"name\":\"Ara Malikian, de gira con dLive\"}]},{\"@type\":\"WebSite\",\"@id\":\"https:\/\/distribution.audio-technica.eu\/es-es\/#website\",\"url\":\"https:\/\/distribution.audio-technica.eu\/es-es\/\",\"name\":\"Audio-Technica Iberia\",\"description\":\"Distribuci\u00f3n\",\"potentialAction\":[{\"@type\":\"SearchAction\",\"target\":{\"@type\":\"EntryPoint\",\"urlTemplate\":\"https:\/\/distribution.audio-technica.eu\/es-es\/?s={search_term_string}\"},\"query-input\":{\"@type\":\"PropertyValueSpecification\",\"valueRequired\":true,\"valueName\":\"search_term_string\"}}],\"inLanguage\":\"es\"},{\"@type\":\"Person\",\"@id\":\"https:\/\/distribution.audio-technica.eu\/es-es\/#\/schema\/person\/dbf0d33217ceab6329b4c3144742f2fb\",\"name\":\"ctorras\"}]}<\/script>\n<!-- \/ Yoast SEO plugin. -->","yoast_head_json":{"title":"Ara Malikian, de gira con dLive - Audio-Technica Iberia","robots":{"index":"index","follow":"follow","max-snippet":"max-snippet:-1","max-image-preview":"max-image-preview:large","max-video-preview":"max-video-preview:-1"},"canonical":"https:\/\/distribution.audio-technica.eu\/es-es\/noticias\/ara-malikian-de-gira-con-dlive\/","og_locale":"es_ES","og_type":"article","og_title":"Ara Malikian, de gira con dLive - Audio-Technica Iberia","og_description":"Tras dos intensos a\u00f1os de gira con\u00a0su anterior trabajo, Ara 15, el virtuoso del viol\u00edn\u00a0Ara Malikian\u00a0prosigue con su viaje de veinte meses alrededor del mundo presentando su \u00faltimo disco,\u00a0La incre\u00edble historia de Viol\u00edn.\u00a0Para esta extensa gira, el violinista armenio ha confiado en el sistema de mezclas digital dLive de Allen &amp; Heath, que utiliza tanto [&hellip;]","og_url":"https:\/\/distribution.audio-technica.eu\/es-es\/noticias\/ara-malikian-de-gira-con-dlive\/","og_site_name":"Audio-Technica Iberia","article_published_time":"2017-08-30T12:01:58+00:00","article_modified_time":"2023-07-31T08:40:15+00:00","og_image":[{"width":640,"height":360,"url":"https:\/\/distribution.audio-technica.eu\/app\/uploads\/sites\/2\/Ara-Malikian-banner.jpg","type":"image\/jpeg"}],"author":"ctorras","twitter_card":"summary_large_image","twitter_misc":{"Escrito por":"ctorras","Tiempo de lectura":"2 minutos"},"schema":{"@context":"https:\/\/schema.org","@graph":[{"@type":"Article","@id":"https:\/\/distribution.audio-technica.eu\/es-es\/noticias\/ara-malikian-de-gira-con-dlive\/#article","isPartOf":{"@id":"https:\/\/distribution.audio-technica.eu\/es-es\/noticias\/ara-malikian-de-gira-con-dlive\/"},"author":{"name":"ctorras","@id":"https:\/\/distribution.audio-technica.eu\/es-es\/#\/schema\/person\/dbf0d33217ceab6329b4c3144742f2fb"},"headline":"Ara Malikian, de gira con dLive","datePublished":"2017-08-30T12:01:58+00:00","dateModified":"2023-07-31T08:40:15+00:00","mainEntityOfPage":{"@id":"https:\/\/distribution.audio-technica.eu\/es-es\/noticias\/ara-malikian-de-gira-con-dlive\/"},"wordCount":359,"image":{"@id":"https:\/\/distribution.audio-technica.eu\/es-es\/noticias\/ara-malikian-de-gira-con-dlive\/#primaryimage"},"thumbnailUrl":"\/app\/uploads\/sites\/2\/Ara-Malikian-banner.jpg","keywords":["Ara Malikian","dLive"],"articleSection":["Artistas"],"inLanguage":"es"},{"@type":"WebPage","@id":"https:\/\/distribution.audio-technica.eu\/es-es\/noticias\/ara-malikian-de-gira-con-dlive\/","url":"https:\/\/distribution.audio-technica.eu\/es-es\/noticias\/ara-malikian-de-gira-con-dlive\/","name":"Ara Malikian, de gira con dLive - Audio-Technica Iberia","isPartOf":{"@id":"https:\/\/distribution.audio-technica.eu\/es-es\/#website"},"primaryImageOfPage":{"@id":"https:\/\/distribution.audio-technica.eu\/es-es\/noticias\/ara-malikian-de-gira-con-dlive\/#primaryimage"},"image":{"@id":"https:\/\/distribution.audio-technica.eu\/es-es\/noticias\/ara-malikian-de-gira-con-dlive\/#primaryimage"},"thumbnailUrl":"\/app\/uploads\/sites\/2\/Ara-Malikian-banner.jpg","datePublished":"2017-08-30T12:01:58+00:00","dateModified":"2023-07-31T08:40:15+00:00","author":{"@id":"https:\/\/distribution.audio-technica.eu\/es-es\/#\/schema\/person\/dbf0d33217ceab6329b4c3144742f2fb"},"breadcrumb":{"@id":"https:\/\/distribution.audio-technica.eu\/es-es\/noticias\/ara-malikian-de-gira-con-dlive\/#breadcrumb"},"inLanguage":"es","potentialAction":[{"@type":"ReadAction","target":["https:\/\/distribution.audio-technica.eu\/es-es\/noticias\/ara-malikian-de-gira-con-dlive\/"]}]},{"@type":"ImageObject","inLanguage":"es","@id":"https:\/\/distribution.audio-technica.eu\/es-es\/noticias\/ara-malikian-de-gira-con-dlive\/#primaryimage","url":"\/app\/uploads\/sites\/2\/Ara-Malikian-banner.jpg","contentUrl":"\/app\/uploads\/sites\/2\/Ara-Malikian-banner.jpg","width":640,"height":360},{"@type":"BreadcrumbList","@id":"https:\/\/distribution.audio-technica.eu\/es-es\/noticias\/ara-malikian-de-gira-con-dlive\/#breadcrumb","itemListElement":[{"@type":"ListItem","position":1,"name":"Products","item":"https:\/\/distribution.audio-technica.eu\/es-es\/"},{"@type":"ListItem","position":2,"name":"Ara Malikian, de gira con dLive"}]},{"@type":"WebSite","@id":"https:\/\/distribution.audio-technica.eu\/es-es\/#website","url":"https:\/\/distribution.audio-technica.eu\/es-es\/","name":"Audio-Technica Iberia","description":"Distribuci\u00f3n","potentialAction":[{"@type":"SearchAction","target":{"@type":"EntryPoint","urlTemplate":"https:\/\/distribution.audio-technica.eu\/es-es\/?s={search_term_string}"},"query-input":{"@type":"PropertyValueSpecification","valueRequired":true,"valueName":"search_term_string"}}],"inLanguage":"es"},{"@type":"Person","@id":"https:\/\/distribution.audio-technica.eu\/es-es\/#\/schema\/person\/dbf0d33217ceab6329b4c3144742f2fb","name":"ctorras"}]}},"_links":{"self":[{"href":"https:\/\/distribution.audio-technica.eu\/es-es\/wp-json\/wp\/v2\/posts\/20008","targetHints":{"allow":["GET"]}}],"collection":[{"href":"https:\/\/distribution.audio-technica.eu\/es-es\/wp-json\/wp\/v2\/posts"}],"about":[{"href":"https:\/\/distribution.audio-technica.eu\/es-es\/wp-json\/wp\/v2\/types\/post"}],"author":[{"embeddable":true,"href":"https:\/\/distribution.audio-technica.eu\/es-es\/wp-json\/wp\/v2\/users\/2"}],"replies":[{"embeddable":true,"href":"https:\/\/distribution.audio-technica.eu\/es-es\/wp-json\/wp\/v2\/comments?post=20008"}],"version-history":[{"count":1,"href":"https:\/\/distribution.audio-technica.eu\/es-es\/wp-json\/wp\/v2\/posts\/20008\/revisions"}],"predecessor-version":[{"id":20012,"href":"https:\/\/distribution.audio-technica.eu\/es-es\/wp-json\/wp\/v2\/posts\/20008\/revisions\/20012"}],"wp:featuredmedia":[{"embeddable":true,"href":"https:\/\/distribution.audio-technica.eu\/es-es\/wp-json\/wp\/v2\/media\/20011"}],"wp:attachment":[{"href":"https:\/\/distribution.audio-technica.eu\/es-es\/wp-json\/wp\/v2\/media?parent=20008"}],"wp:term":[{"taxonomy":"category","embeddable":true,"href":"https:\/\/distribution.audio-technica.eu\/es-es\/wp-json\/wp\/v2\/categories?post=20008"},{"taxonomy":"post_tag","embeddable":true,"href":"https:\/\/distribution.audio-technica.eu\/es-es\/wp-json\/wp\/v2\/tags?post=20008"}],"curies":[{"name":"wp","href":"https:\/\/api.w.org\/{rel}","templated":true}]}}