{"id":20013,"date":"2017-10-15T14:11:06","date_gmt":"2017-10-15T12:11:06","guid":{"rendered":"https:\/\/atdb-production.studiograft.dev\/es\/?p=20013"},"modified":"2023-07-31T11:12:26","modified_gmt":"2023-07-31T09:12:26","slug":"dlive-se-introduce-con-fuerza-en-el-mercado-de-las-instalaciones-fijas","status":"publish","type":"post","link":"https:\/\/distribution.audio-technica.eu\/es-es\/noticias\/dlive-se-introduce-con-fuerza-en-el-mercado-de-las-instalaciones-fijas\/","title":{"rendered":"dLive se introduce con fuerza en el mercado de las instalaciones fijas"},"content":{"rendered":"<h2>Allen &amp; Heath se est\u00e1 introduciendo con fuerza en el mercado de las instalaciones fijas de sonido, gracias a la profundizaci\u00f3n que ha realizado la marca en los diversos aspectos relacionados con la integraci\u00f3n de sus sistemas de mezcla digital dLive en recintos multiuso. \u00a0Una serie de nuevos lanzamientos, opciones de control y unidades de ampliaci\u00f3n han propiciado un ecosistema para dLive que le permite crear soluciones distribuidas, integradas, escalables y asequibles, capaces de manejar cualquier aspecto del sonido en cualquier recinto, desde las simples tareas propias de una sala de reuniones,hasta conciertos en vivo con configuraciones escalables.<\/h2>\n<h2><a href=\"https:\/\/distribution.audio-technica.eu\/es\/wp-content\/uploads\/sites\/2\/DM0-3Quarter-Right-With-Cards-02-1.jpg\"><img loading=\"lazy\" decoding=\"async\" class=\"aligncenter size-800 wp-image-20014\" src=\"\/es\/wp-content\/uploads\/sites\/2\/DM0-3Quarter-Right-With-Cards-02-1-800x534.jpg\" alt=\"\" width=\"800\" height=\"534\" srcset=\"https:\/\/distribution.audio-technica.eu\/app\/uploads\/sites\/2\/DM0-3Quarter-Right-With-Cards-02-1-800x534.jpg 800w, https:\/\/distribution.audio-technica.eu\/app\/uploads\/sites\/2\/DM0-3Quarter-Right-With-Cards-02-1-150x100.jpg 150w, https:\/\/distribution.audio-technica.eu\/app\/uploads\/sites\/2\/DM0-3Quarter-Right-With-Cards-02-1-300x200.jpg 300w, https:\/\/distribution.audio-technica.eu\/app\/uploads\/sites\/2\/DM0-3Quarter-Right-With-Cards-02-1-768x513.jpg 768w, https:\/\/distribution.audio-technica.eu\/app\/uploads\/sites\/2\/DM0-3Quarter-Right-With-Cards-02-1-200x133.jpg 200w, https:\/\/distribution.audio-technica.eu\/app\/uploads\/sites\/2\/DM0-3Quarter-Right-With-Cards-02-1-400x267.jpg 400w, https:\/\/distribution.audio-technica.eu\/app\/uploads\/sites\/2\/DM0-3Quarter-Right-With-Cards-02-1-600x400.jpg 600w, https:\/\/distribution.audio-technica.eu\/app\/uploads\/sites\/2\/DM0-3Quarter-Right-With-Cards-02-1.jpg 950w\" sizes=\"auto, (max-width: 800px) 100vw, 800px\" \/><\/a><\/h2>\n<p>El nuevo <a href=\"https:\/\/www.allen-heath.com\/ahproducts\/dm0\/\">MixRack dLive DM0<\/a> ha sido dise\u00f1ado pensando en situaciones de audio distribuido. Se trata de un motor de mezcla en formato 4U de rack, que incorpora el n\u00facleo de procesado XCVI FPGA de Allen &amp; Heath, capaz de proporcionar suficiente potencia de procesado para 128 canales y 64 buses a 96 kHz, con una latencia de tan solo &lt;0.7ms, en consonancia con los MixRacks dLive anteriores. Tres puertos E\/S de 128 canales proporcionan la interconexi\u00f3n con redes de audio, lo que permite el acceso a cientos de fuentes y destinos; estos tres puertos aceptan tarjetas compatibles con los principales protocolos de audio en red, como por ejemplo Dante y AES67.<\/p>\n<p><a href=\"https:\/\/distribution.audio-technica.eu\/es\/wp-content\/uploads\/sites\/2\/news-Install-concept-diagram.jpg\"><img loading=\"lazy\" decoding=\"async\" class=\"aligncenter size-full wp-image-20016\" src=\"\/es\/wp-content\/uploads\/sites\/2\/news-Install-concept-diagram.jpg\" alt=\"\" width=\"600\" height=\"387\" srcset=\"https:\/\/distribution.audio-technica.eu\/app\/uploads\/sites\/2\/news-Install-concept-diagram.jpg 600w, https:\/\/distribution.audio-technica.eu\/app\/uploads\/sites\/2\/news-Install-concept-diagram-150x97.jpg 150w, https:\/\/distribution.audio-technica.eu\/app\/uploads\/sites\/2\/news-Install-concept-diagram-300x194.jpg 300w, https:\/\/distribution.audio-technica.eu\/app\/uploads\/sites\/2\/news-Install-concept-diagram-200x129.jpg 200w, https:\/\/distribution.audio-technica.eu\/app\/uploads\/sites\/2\/news-Install-concept-diagram-400x258.jpg 400w\" sizes=\"auto, (max-width: 600px) 100vw, 600px\" \/><\/a><\/p>\n<p>Otros nuevos productos adecuados para el mercado de las instalaciones fijas son la nueva tarjeta <a href=\"https:\/\/www.allen-heath.com\/ahproducts\/dx-link\/\">DXLink I\/O<\/a> y la nueva unidad de \u00bd rack <a href=\"https:\/\/www.allen-heath.com\/ahproducts\/io-dx-hub\/\">DX Hub<\/a>, que permite conectar al <a href=\"https:\/\/www.allen-heath.com\/dlive-home\/\">sistema dLive<\/a> hasta 48 dispositivos de entrada \/ salida de audio, situados a una distancia de hasta 100 metros, algo que resulta muy \u00fatil en los grandes recintos. El nuevo expansor de montaje en pared <a href=\"https:\/\/www.allen-heath.com\/ahproducts\/io-dx164-w\/\">DX164W<\/a>, con 16 entradas y 4 salidas, se une al cajet\u00edn de escenario <a href=\"https:\/\/www.allen-heath.com\/ahproducts\/io-dx168\/\">DX168<\/a> y al modular <a href=\"https:\/\/www.allen-heath.com\/ahproducts\/io-dx32\/\">DX32<\/a>, recientemente incorporados a la gama DX.<\/p>\n<p>La integraci\u00f3n con equipos fabricados por terceros tambi\u00e9n se ha visto reforzada con el lanzamiento de la nueva unidad <a href=\"https:\/\/www.allen-heath.com\/ahproducts\/gpio\/\">GPIO<\/a>, que permite que el sistema dLive sea capaz de controlar tambi\u00e9n iluminaci\u00f3n, telones, etc.<\/p>\n<p><a href=\"https:\/\/distribution.audio-technica.eu\/es\/wp-content\/uploads\/sites\/2\/IP1-Front-with-Plate-680x1024.jpg\"><img loading=\"lazy\" decoding=\"async\" class=\"aligncenter wp-image-20015 size-full\" src=\"\/es\/wp-content\/uploads\/sites\/2\/IP1-Front-with-Plate-680x1024-e1581772824755.jpg\" alt=\"\" width=\"614\" height=\"581\" srcset=\"https:\/\/distribution.audio-technica.eu\/app\/uploads\/sites\/2\/IP1-Front-with-Plate-680x1024-e1581772824755.jpg 614w, https:\/\/distribution.audio-technica.eu\/app\/uploads\/sites\/2\/IP1-Front-with-Plate-680x1024-e1581772824755-150x142.jpg 150w, https:\/\/distribution.audio-technica.eu\/app\/uploads\/sites\/2\/IP1-Front-with-Plate-680x1024-e1581772824755-300x284.jpg 300w, https:\/\/distribution.audio-technica.eu\/app\/uploads\/sites\/2\/IP1-Front-with-Plate-680x1024-e1581772824755-600x568.jpg 600w, https:\/\/distribution.audio-technica.eu\/app\/uploads\/sites\/2\/IP1-Front-with-Plate-680x1024-e1581772824755-200x189.jpg 200w, https:\/\/distribution.audio-technica.eu\/app\/uploads\/sites\/2\/IP1-Front-with-Plate-680x1024-e1581772824755-400x379.jpg 400w\" sizes=\"auto, (max-width: 614px) 100vw, 614px\" \/><\/a><\/p>\n<p>Las opciones de control remoto han sido ampliadas con la presentaci\u00f3n del control remoto para instalaci\u00f3n en pared <a href=\"https:\/\/www.allen-heath.com\/ahproducts\/ip1\/\">IP1<\/a>, que proporciona a los usuarios sin perfil t\u00e9cnico control sobre funciones tales como la selecci\u00f3n de la fuente musical, el control del nivel, o la recuperaci\u00f3n de presets. Es posible a\u00f1adir a un sistema dLive hasta 96 controladores remotos <a href=\"https:\/\/www.allen-heath.com\/ahproducts\/ip1\/\">IP1<\/a>, <a href=\"https:\/\/www.allen-heath.com\/ahproducts\/ip6\/\">IP6<\/a> e <a href=\"https:\/\/www.allen-heath.com\/ahproducts\/ip8\/\">IP8<\/a>, a trav\u00e9s de redes TCP\/IP, adem\u00e1s de las superficies de control de mezcla al estilo consola y el control a trav\u00e9s de tablet y ordenadores port\u00e1tiles, ofreciendo una arquitectura multiusuario, con control multipunto, a trav\u00e9s de redes cableadas o inal\u00e1mbricas.<\/p>\n<p><a href=\"https:\/\/distribution.audio-technica.eu\/es\/wp-content\/uploads\/sites\/2\/dlive-everywhere-concept.jpg\"><img loading=\"lazy\" decoding=\"async\" class=\"aligncenter size-full wp-image-20018\" src=\"\/es\/wp-content\/uploads\/sites\/2\/dlive-everywhere-concept.jpg\" alt=\"\" width=\"600\" height=\"600\" srcset=\"https:\/\/distribution.audio-technica.eu\/app\/uploads\/sites\/2\/dlive-everywhere-concept.jpg 600w, https:\/\/distribution.audio-technica.eu\/app\/uploads\/sites\/2\/dlive-everywhere-concept-150x150.jpg 150w, https:\/\/distribution.audio-technica.eu\/app\/uploads\/sites\/2\/dlive-everywhere-concept-300x300.jpg 300w, https:\/\/distribution.audio-technica.eu\/app\/uploads\/sites\/2\/dlive-everywhere-concept-66x66.jpg 66w, https:\/\/distribution.audio-technica.eu\/app\/uploads\/sites\/2\/dlive-everywhere-concept-200x200.jpg 200w, https:\/\/distribution.audio-technica.eu\/app\/uploads\/sites\/2\/dlive-everywhere-concept-400x400.jpg 400w, https:\/\/distribution.audio-technica.eu\/app\/uploads\/sites\/2\/dlive-everywhere-concept-100x100.jpg 100w\" sizes=\"auto, (max-width: 600px) 100vw, 600px\" \/><\/a><\/p>\n<p>\u201c<em>Lo que hemos hecho con el sistema dLive\u00a0es combinar los mejores aspectos de los sistemas de gesti\u00f3n de audio y de las consolas de mezcla en directo para crear una soluci\u00f3n de 360\u00ba para los modernos recintos multiuso. Si observas entornos como colegios, universidades, templos o centros de arte, comprobar\u00e1s que necesitan manejar todo tipo de situaciones, desde la m\u00fasica ambiental o reuniones hasta actuaciones en directo de grandes dimensiones; en realidad, hasta ahora no exist\u00eda un sistema capaz de manejar todas estas situaciones,\u201d <\/em>afirma Nic Beretta, director de marketing de Allen &amp; Heath. \u201c<em>Con estas ampliaciones del sistema dLive y las nuevas prestaciones que ofrecer\u00e1 la pr\u00f3xima versi\u00f3n del software, que est\u00e1n claramente orientadas a satisfacer las necesidades del mercado de las instalaciones, estamos ofreciendo a nuestros clientes la posibilidad de crear sistemas incre\u00edblemente potentes, pero al mismo tiempo asequibles para usuarios de todo nivel, desde un instructor de fitness hasta el profesional de AV<\/em>.\u201d<\/p>\n<p>&nbsp;<\/p>\n<p>&nbsp;<\/p>\n","protected":false},"excerpt":{"rendered":"<p>Allen &amp; Heath se est\u00e1 introduciendo con fuerza en el mercado de las instalaciones fijas de sonido, gracias a la profundizaci\u00f3n que ha realizado la marca en los diversos aspectos relacionados con la integraci\u00f3n de sus sistemas de mezcla digital dLive en recintos multiuso. \u00a0Una serie de nuevos lanzamientos, opciones de control y unidades de [&hellip;]<\/p>\n","protected":false},"author":2,"featured_media":20017,"comment_status":"closed","ping_status":"closed","sticky":false,"template":"","format":"standard","meta":{"_acf_changed":false,"footnotes":""},"categories":[2456],"tags":[1587,1553],"class_list":["post-20013","post","type-post","status-publish","format-standard","has-post-thumbnail","hentry","category-novedades","tag-dlive","tag-instalacion"],"acf":[],"yoast_head":"<!-- This site is optimized with the Yoast SEO plugin v27.1.1 - https:\/\/yoast.com\/product\/yoast-seo-wordpress\/ -->\n<title>dLive se introduce con fuerza en el mercado de las instalaciones fijas - Audio-Technica Iberia<\/title>\n<meta name=\"robots\" content=\"index, follow, max-snippet:-1, max-image-preview:large, max-video-preview:-1\" \/>\n<link rel=\"canonical\" href=\"https:\/\/distribution.audio-technica.eu\/es-es\/noticias\/dlive-se-introduce-con-fuerza-en-el-mercado-de-las-instalaciones-fijas\/\" \/>\n<meta property=\"og:locale\" content=\"es_ES\" \/>\n<meta property=\"og:type\" content=\"article\" \/>\n<meta property=\"og:title\" content=\"dLive se introduce con fuerza en el mercado de las instalaciones fijas - Audio-Technica Iberia\" \/>\n<meta property=\"og:description\" content=\"Allen &amp; Heath se est\u00e1 introduciendo con fuerza en el mercado de las instalaciones fijas de sonido, gracias a la profundizaci\u00f3n que ha realizado la marca en los diversos aspectos relacionados con la integraci\u00f3n de sus sistemas de mezcla digital dLive en recintos multiuso. \u00a0Una serie de nuevos lanzamientos, opciones de control y unidades de [&hellip;]\" \/>\n<meta property=\"og:url\" content=\"https:\/\/distribution.audio-technica.eu\/es-es\/noticias\/dlive-se-introduce-con-fuerza-en-el-mercado-de-las-instalaciones-fijas\/\" \/>\n<meta property=\"og:site_name\" content=\"Audio-Technica Iberia\" \/>\n<meta property=\"article:published_time\" content=\"2017-10-15T12:11:06+00:00\" \/>\n<meta property=\"article:modified_time\" content=\"2023-07-31T09:12:26+00:00\" \/>\n<meta property=\"og:image\" content=\"https:\/\/distribution.audio-technica.eu\/app\/uploads\/sites\/2\/Banner-3.jpg\" \/>\n\t<meta property=\"og:image:width\" content=\"640\" \/>\n\t<meta property=\"og:image:height\" content=\"360\" \/>\n\t<meta property=\"og:image:type\" content=\"image\/jpeg\" \/>\n<meta name=\"author\" content=\"ctorras\" \/>\n<meta name=\"twitter:card\" content=\"summary_large_image\" \/>\n<meta name=\"twitter:label1\" content=\"Escrito por\" \/>\n\t<meta name=\"twitter:data1\" content=\"ctorras\" \/>\n\t<meta name=\"twitter:label2\" content=\"Tiempo de lectura\" \/>\n\t<meta name=\"twitter:data2\" content=\"3 minutos\" \/>\n<script type=\"application\/ld+json\" class=\"yoast-schema-graph\">{\"@context\":\"https:\/\/schema.org\",\"@graph\":[{\"@type\":\"Article\",\"@id\":\"https:\/\/distribution.audio-technica.eu\/es-es\/noticias\/dlive-se-introduce-con-fuerza-en-el-mercado-de-las-instalaciones-fijas\/#article\",\"isPartOf\":{\"@id\":\"https:\/\/distribution.audio-technica.eu\/es-es\/noticias\/dlive-se-introduce-con-fuerza-en-el-mercado-de-las-instalaciones-fijas\/\"},\"author\":{\"name\":\"ctorras\",\"@id\":\"https:\/\/distribution.audio-technica.eu\/es-es\/#\/schema\/person\/dbf0d33217ceab6329b4c3144742f2fb\"},\"headline\":\"dLive se introduce con fuerza en el mercado de las instalaciones fijas\",\"datePublished\":\"2017-10-15T12:11:06+00:00\",\"dateModified\":\"2023-07-31T09:12:26+00:00\",\"mainEntityOfPage\":{\"@id\":\"https:\/\/distribution.audio-technica.eu\/es-es\/noticias\/dlive-se-introduce-con-fuerza-en-el-mercado-de-las-instalaciones-fijas\/\"},\"wordCount\":632,\"image\":{\"@id\":\"https:\/\/distribution.audio-technica.eu\/es-es\/noticias\/dlive-se-introduce-con-fuerza-en-el-mercado-de-las-instalaciones-fijas\/#primaryimage\"},\"thumbnailUrl\":\"\/app\/uploads\/sites\/2\/Banner-3.jpg\",\"keywords\":[\"dLive\",\"Instalaci\u00f3n\"],\"articleSection\":[\"Novedades\"],\"inLanguage\":\"es\"},{\"@type\":\"WebPage\",\"@id\":\"https:\/\/distribution.audio-technica.eu\/es-es\/noticias\/dlive-se-introduce-con-fuerza-en-el-mercado-de-las-instalaciones-fijas\/\",\"url\":\"https:\/\/distribution.audio-technica.eu\/es-es\/noticias\/dlive-se-introduce-con-fuerza-en-el-mercado-de-las-instalaciones-fijas\/\",\"name\":\"dLive se introduce con fuerza en el mercado de las instalaciones fijas - Audio-Technica Iberia\",\"isPartOf\":{\"@id\":\"https:\/\/distribution.audio-technica.eu\/es-es\/#website\"},\"primaryImageOfPage\":{\"@id\":\"https:\/\/distribution.audio-technica.eu\/es-es\/noticias\/dlive-se-introduce-con-fuerza-en-el-mercado-de-las-instalaciones-fijas\/#primaryimage\"},\"image\":{\"@id\":\"https:\/\/distribution.audio-technica.eu\/es-es\/noticias\/dlive-se-introduce-con-fuerza-en-el-mercado-de-las-instalaciones-fijas\/#primaryimage\"},\"thumbnailUrl\":\"\/app\/uploads\/sites\/2\/Banner-3.jpg\",\"datePublished\":\"2017-10-15T12:11:06+00:00\",\"dateModified\":\"2023-07-31T09:12:26+00:00\",\"author\":{\"@id\":\"https:\/\/distribution.audio-technica.eu\/es-es\/#\/schema\/person\/dbf0d33217ceab6329b4c3144742f2fb\"},\"breadcrumb\":{\"@id\":\"https:\/\/distribution.audio-technica.eu\/es-es\/noticias\/dlive-se-introduce-con-fuerza-en-el-mercado-de-las-instalaciones-fijas\/#breadcrumb\"},\"inLanguage\":\"es\",\"potentialAction\":[{\"@type\":\"ReadAction\",\"target\":[\"https:\/\/distribution.audio-technica.eu\/es-es\/noticias\/dlive-se-introduce-con-fuerza-en-el-mercado-de-las-instalaciones-fijas\/\"]}]},{\"@type\":\"ImageObject\",\"inLanguage\":\"es\",\"@id\":\"https:\/\/distribution.audio-technica.eu\/es-es\/noticias\/dlive-se-introduce-con-fuerza-en-el-mercado-de-las-instalaciones-fijas\/#primaryimage\",\"url\":\"\/app\/uploads\/sites\/2\/Banner-3.jpg\",\"contentUrl\":\"\/app\/uploads\/sites\/2\/Banner-3.jpg\",\"width\":640,\"height\":360},{\"@type\":\"BreadcrumbList\",\"@id\":\"https:\/\/distribution.audio-technica.eu\/es-es\/noticias\/dlive-se-introduce-con-fuerza-en-el-mercado-de-las-instalaciones-fijas\/#breadcrumb\",\"itemListElement\":[{\"@type\":\"ListItem\",\"position\":1,\"name\":\"Products\",\"item\":\"https:\/\/distribution.audio-technica.eu\/es-es\/\"},{\"@type\":\"ListItem\",\"position\":2,\"name\":\"dLive se introduce con fuerza en el mercado de las instalaciones fijas\"}]},{\"@type\":\"WebSite\",\"@id\":\"https:\/\/distribution.audio-technica.eu\/es-es\/#website\",\"url\":\"https:\/\/distribution.audio-technica.eu\/es-es\/\",\"name\":\"Audio-Technica Iberia\",\"description\":\"Distribuci\u00f3n\",\"potentialAction\":[{\"@type\":\"SearchAction\",\"target\":{\"@type\":\"EntryPoint\",\"urlTemplate\":\"https:\/\/distribution.audio-technica.eu\/es-es\/?s={search_term_string}\"},\"query-input\":{\"@type\":\"PropertyValueSpecification\",\"valueRequired\":true,\"valueName\":\"search_term_string\"}}],\"inLanguage\":\"es\"},{\"@type\":\"Person\",\"@id\":\"https:\/\/distribution.audio-technica.eu\/es-es\/#\/schema\/person\/dbf0d33217ceab6329b4c3144742f2fb\",\"name\":\"ctorras\"}]}<\/script>\n<!-- \/ Yoast SEO plugin. -->","yoast_head_json":{"title":"dLive se introduce con fuerza en el mercado de las instalaciones fijas - Audio-Technica Iberia","robots":{"index":"index","follow":"follow","max-snippet":"max-snippet:-1","max-image-preview":"max-image-preview:large","max-video-preview":"max-video-preview:-1"},"canonical":"https:\/\/distribution.audio-technica.eu\/es-es\/noticias\/dlive-se-introduce-con-fuerza-en-el-mercado-de-las-instalaciones-fijas\/","og_locale":"es_ES","og_type":"article","og_title":"dLive se introduce con fuerza en el mercado de las instalaciones fijas - Audio-Technica Iberia","og_description":"Allen &amp; Heath se est\u00e1 introduciendo con fuerza en el mercado de las instalaciones fijas de sonido, gracias a la profundizaci\u00f3n que ha realizado la marca en los diversos aspectos relacionados con la integraci\u00f3n de sus sistemas de mezcla digital dLive en recintos multiuso. \u00a0Una serie de nuevos lanzamientos, opciones de control y unidades de [&hellip;]","og_url":"https:\/\/distribution.audio-technica.eu\/es-es\/noticias\/dlive-se-introduce-con-fuerza-en-el-mercado-de-las-instalaciones-fijas\/","og_site_name":"Audio-Technica Iberia","article_published_time":"2017-10-15T12:11:06+00:00","article_modified_time":"2023-07-31T09:12:26+00:00","og_image":[{"width":640,"height":360,"url":"https:\/\/distribution.audio-technica.eu\/app\/uploads\/sites\/2\/Banner-3.jpg","type":"image\/jpeg"}],"author":"ctorras","twitter_card":"summary_large_image","twitter_misc":{"Escrito por":"ctorras","Tiempo de lectura":"3 minutos"},"schema":{"@context":"https:\/\/schema.org","@graph":[{"@type":"Article","@id":"https:\/\/distribution.audio-technica.eu\/es-es\/noticias\/dlive-se-introduce-con-fuerza-en-el-mercado-de-las-instalaciones-fijas\/#article","isPartOf":{"@id":"https:\/\/distribution.audio-technica.eu\/es-es\/noticias\/dlive-se-introduce-con-fuerza-en-el-mercado-de-las-instalaciones-fijas\/"},"author":{"name":"ctorras","@id":"https:\/\/distribution.audio-technica.eu\/es-es\/#\/schema\/person\/dbf0d33217ceab6329b4c3144742f2fb"},"headline":"dLive se introduce con fuerza en el mercado de las instalaciones fijas","datePublished":"2017-10-15T12:11:06+00:00","dateModified":"2023-07-31T09:12:26+00:00","mainEntityOfPage":{"@id":"https:\/\/distribution.audio-technica.eu\/es-es\/noticias\/dlive-se-introduce-con-fuerza-en-el-mercado-de-las-instalaciones-fijas\/"},"wordCount":632,"image":{"@id":"https:\/\/distribution.audio-technica.eu\/es-es\/noticias\/dlive-se-introduce-con-fuerza-en-el-mercado-de-las-instalaciones-fijas\/#primaryimage"},"thumbnailUrl":"\/app\/uploads\/sites\/2\/Banner-3.jpg","keywords":["dLive","Instalaci\u00f3n"],"articleSection":["Novedades"],"inLanguage":"es"},{"@type":"WebPage","@id":"https:\/\/distribution.audio-technica.eu\/es-es\/noticias\/dlive-se-introduce-con-fuerza-en-el-mercado-de-las-instalaciones-fijas\/","url":"https:\/\/distribution.audio-technica.eu\/es-es\/noticias\/dlive-se-introduce-con-fuerza-en-el-mercado-de-las-instalaciones-fijas\/","name":"dLive se introduce con fuerza en el mercado de las instalaciones fijas - Audio-Technica Iberia","isPartOf":{"@id":"https:\/\/distribution.audio-technica.eu\/es-es\/#website"},"primaryImageOfPage":{"@id":"https:\/\/distribution.audio-technica.eu\/es-es\/noticias\/dlive-se-introduce-con-fuerza-en-el-mercado-de-las-instalaciones-fijas\/#primaryimage"},"image":{"@id":"https:\/\/distribution.audio-technica.eu\/es-es\/noticias\/dlive-se-introduce-con-fuerza-en-el-mercado-de-las-instalaciones-fijas\/#primaryimage"},"thumbnailUrl":"\/app\/uploads\/sites\/2\/Banner-3.jpg","datePublished":"2017-10-15T12:11:06+00:00","dateModified":"2023-07-31T09:12:26+00:00","author":{"@id":"https:\/\/distribution.audio-technica.eu\/es-es\/#\/schema\/person\/dbf0d33217ceab6329b4c3144742f2fb"},"breadcrumb":{"@id":"https:\/\/distribution.audio-technica.eu\/es-es\/noticias\/dlive-se-introduce-con-fuerza-en-el-mercado-de-las-instalaciones-fijas\/#breadcrumb"},"inLanguage":"es","potentialAction":[{"@type":"ReadAction","target":["https:\/\/distribution.audio-technica.eu\/es-es\/noticias\/dlive-se-introduce-con-fuerza-en-el-mercado-de-las-instalaciones-fijas\/"]}]},{"@type":"ImageObject","inLanguage":"es","@id":"https:\/\/distribution.audio-technica.eu\/es-es\/noticias\/dlive-se-introduce-con-fuerza-en-el-mercado-de-las-instalaciones-fijas\/#primaryimage","url":"\/app\/uploads\/sites\/2\/Banner-3.jpg","contentUrl":"\/app\/uploads\/sites\/2\/Banner-3.jpg","width":640,"height":360},{"@type":"BreadcrumbList","@id":"https:\/\/distribution.audio-technica.eu\/es-es\/noticias\/dlive-se-introduce-con-fuerza-en-el-mercado-de-las-instalaciones-fijas\/#breadcrumb","itemListElement":[{"@type":"ListItem","position":1,"name":"Products","item":"https:\/\/distribution.audio-technica.eu\/es-es\/"},{"@type":"ListItem","position":2,"name":"dLive se introduce con fuerza en el mercado de las instalaciones fijas"}]},{"@type":"WebSite","@id":"https:\/\/distribution.audio-technica.eu\/es-es\/#website","url":"https:\/\/distribution.audio-technica.eu\/es-es\/","name":"Audio-Technica Iberia","description":"Distribuci\u00f3n","potentialAction":[{"@type":"SearchAction","target":{"@type":"EntryPoint","urlTemplate":"https:\/\/distribution.audio-technica.eu\/es-es\/?s={search_term_string}"},"query-input":{"@type":"PropertyValueSpecification","valueRequired":true,"valueName":"search_term_string"}}],"inLanguage":"es"},{"@type":"Person","@id":"https:\/\/distribution.audio-technica.eu\/es-es\/#\/schema\/person\/dbf0d33217ceab6329b4c3144742f2fb","name":"ctorras"}]}},"_links":{"self":[{"href":"https:\/\/distribution.audio-technica.eu\/es-es\/wp-json\/wp\/v2\/posts\/20013","targetHints":{"allow":["GET"]}}],"collection":[{"href":"https:\/\/distribution.audio-technica.eu\/es-es\/wp-json\/wp\/v2\/posts"}],"about":[{"href":"https:\/\/distribution.audio-technica.eu\/es-es\/wp-json\/wp\/v2\/types\/post"}],"author":[{"embeddable":true,"href":"https:\/\/distribution.audio-technica.eu\/es-es\/wp-json\/wp\/v2\/users\/2"}],"replies":[{"embeddable":true,"href":"https:\/\/distribution.audio-technica.eu\/es-es\/wp-json\/wp\/v2\/comments?post=20013"}],"version-history":[{"count":2,"href":"https:\/\/distribution.audio-technica.eu\/es-es\/wp-json\/wp\/v2\/posts\/20013\/revisions"}],"predecessor-version":[{"id":20020,"href":"https:\/\/distribution.audio-technica.eu\/es-es\/wp-json\/wp\/v2\/posts\/20013\/revisions\/20020"}],"wp:featuredmedia":[{"embeddable":true,"href":"https:\/\/distribution.audio-technica.eu\/es-es\/wp-json\/wp\/v2\/media\/20017"}],"wp:attachment":[{"href":"https:\/\/distribution.audio-technica.eu\/es-es\/wp-json\/wp\/v2\/media?parent=20013"}],"wp:term":[{"taxonomy":"category","embeddable":true,"href":"https:\/\/distribution.audio-technica.eu\/es-es\/wp-json\/wp\/v2\/categories?post=20013"},{"taxonomy":"post_tag","embeddable":true,"href":"https:\/\/distribution.audio-technica.eu\/es-es\/wp-json\/wp\/v2\/tags?post=20013"}],"curies":[{"name":"wp","href":"https:\/\/api.w.org\/{rel}","templated":true}]}}