{"id":2009,"date":"2017-08-21T22:06:47","date_gmt":"2017-08-21T20:06:47","guid":{"rendered":"http:\/\/noticias.audio-technica.es\/?p=2009"},"modified":"2023-10-17T18:36:29","modified_gmt":"2023-10-17T16:36:29","slug":"at4050st-corinne-bailey-rae","status":"publish","type":"post","link":"https:\/\/distribution.audio-technica.eu\/es-es\/noticias\/at4050st-corinne-bailey-rae\/","title":{"rendered":"El micr\u00f3fono AT4050ST de Audio-Technica clave en la grabaci\u00f3n del \u00faltimo trabajo de Corinne Bailey Rae"},"content":{"rendered":"<h2>Corinne Bailey Rae, artista galardonada con los premios Grammy y MOBO, ha venido deleitando a grandes multitudes con su sonido soul con tintes de jazz desde el 2006, a\u00f1o en el que apareci\u00f3 su \u00e1lbum de debut \u2013coloc\u00e1ndose directamente en el n\u00famero uno en las listas brit\u00e1nicas\u2013. Ahora, con su flamante \u00e1lbum publicado en 2016, un trabajo que ha sido aclamado por la cr\u00edtica, Corinne Bailey Rae se ha embarcado en una gira mundial que la ha llevado recientemente a Singapur, Australia, Jap\u00f3n y Am\u00e9rica.<\/h2>\n<p><a href=\"http:\/\/noticias.audio-technica.es\/wp-content\/uploads\/NdP-AT-Corinne-Bailey-Rae-WP.jpg\"><img loading=\"lazy\" decoding=\"async\" class=\"aligncenter size-full wp-image-2007\" src=\"http:\/\/noticias.audio-technica.es\/wp-content\/uploads\/NdP-AT-Corinne-Bailey-Rae-WP.jpg\" alt=\"El micr\u00f3fono AT4050ST de Audio-Technica clave en la grabaci\u00f3n del \u00faltimo trabajo de Corinne Bailey Rae\" width=\"1500\" height=\"933\" srcset=\"https:\/\/distribution.audio-technica.eu\/app\/uploads\/sites\/2\/NdP-AT-Corinne-Bailey-Rae-WP.jpg 1500w, https:\/\/distribution.audio-technica.eu\/app\/uploads\/sites\/2\/NdP-AT-Corinne-Bailey-Rae-WP-300x187.jpg 300w, https:\/\/distribution.audio-technica.eu\/app\/uploads\/sites\/2\/NdP-AT-Corinne-Bailey-Rae-WP-768x478.jpg 768w, https:\/\/distribution.audio-technica.eu\/app\/uploads\/sites\/2\/NdP-AT-Corinne-Bailey-Rae-WP-1024x637.jpg 1024w, https:\/\/distribution.audio-technica.eu\/app\/uploads\/sites\/2\/NdP-AT-Corinne-Bailey-Rae-WP-200x124.jpg 200w, https:\/\/distribution.audio-technica.eu\/app\/uploads\/sites\/2\/NdP-AT-Corinne-Bailey-Rae-WP-400x249.jpg 400w, https:\/\/distribution.audio-technica.eu\/app\/uploads\/sites\/2\/NdP-AT-Corinne-Bailey-Rae-WP-600x373.jpg 600w, https:\/\/distribution.audio-technica.eu\/app\/uploads\/sites\/2\/NdP-AT-Corinne-Bailey-Rae-WP-800x498.jpg 800w, https:\/\/distribution.audio-technica.eu\/app\/uploads\/sites\/2\/NdP-AT-Corinne-Bailey-Rae-WP-1200x746.jpg 1200w\" sizes=\"auto, (max-width: 1500px) 100vw, 1500px\" \/><\/a><\/p>\n<p>El ingeniero de FOH Benny Reibel nos cuenta su experiencia con el micr\u00f3fono AT5047ST en la grabaci\u00f3n de las bater\u00edas para Corinne Bailey Rae. \u201c<em>Hab\u00eda estado valorando la idea de probar una configuraci\u00f3n M\/S para los overheads, para esto buscaba una soluci\u00f3n que fuera eficaz y, al mismo tiempo, discreta. Soy un gran aficionado del AT4050, sobre todo para los overheads y los amplificadores de guitarra y bajo, as\u00ed que me encant\u00f3 descubrir el AT4050ST, un micro que puede entregar una se\u00f1al M\/S o una se\u00f1al est\u00e9reo de 90\u02da o 127\u02da. El baterista de Corinne, Mike Wilson, result\u00f3 perfecto para probar esta configuraci\u00f3n, ya que es un baterista de jazz y su kit necesita sonar como un \u00fanico instrumento, no como un conjunto de elementos procesados de manera individual. Este micr\u00f3fono fue un \u00e9xito desde el primer momento, algo que tambi\u00e9n favoreci\u00f3 nuestro ingeniero de monitores al incluirlo en otras configuraciones de overheads que hab\u00edamos utilizado anteriormente. He continuado us\u00e1ndolo como mi micr\u00f3fono de OH preferido desde el momento en que presion\u00e9 por primera vez los + 48V en uno de los canales de entrada<\/em>\u201d.<\/p>\n<p>Benny Reibel comenz\u00f3 su carrera en el a\u00f1o 2000 trabajando con peque\u00f1as compa\u00f1\u00edas de PA pero, r\u00e1pidamente, se involucr\u00f3 de lleno en las grandes giras, ocup\u00e1ndose del sonido de la banda brit\u00e1nica de rock indie \u201cOne Night Only\u201d. Despu\u00e9s de tomarse un tiempo alejado de los conciertos \u2013para hacer un grado de master y ense\u00f1ar tecnolog\u00eda musical y producci\u00f3n musical en la Universidad Leeds Beckett, en Inglaterra\u2013, Benny regres\u00f3 a las giras en 2013, ya con dedicaci\u00f3n a tiempo completo y, desde entonces, no ha parado de trabajar con diferentes bandas y artistas como The Happy Mondays, Black Grape, y m\u00e1s recientemente, Corinne Bailey Rae.<\/p>\n<p><a href=\"http:\/\/noticias.audio-technica.es\/wp-content\/uploads\/NdP-AT-Corinne-Bailey-Rae-AT4050ST.jpg\"><img loading=\"lazy\" decoding=\"async\" class=\"aligncenter wp-image-2008\" src=\"http:\/\/noticias.audio-technica.es\/wp-content\/uploads\/NdP-AT-Corinne-Bailey-Rae-AT4050ST.jpg\" alt=\"El micr\u00f3fono AT4050ST de Audio-Technica clave en la grabaci\u00f3n del \u00faltimo trabajo de Corinne Bailey Rae\" width=\"327\" height=\"327\" srcset=\"https:\/\/distribution.audio-technica.eu\/app\/uploads\/sites\/2\/NdP-AT-Corinne-Bailey-Rae-AT4050ST.jpg 500w, https:\/\/distribution.audio-technica.eu\/app\/uploads\/sites\/2\/NdP-AT-Corinne-Bailey-Rae-AT4050ST-150x150.jpg 150w, https:\/\/distribution.audio-technica.eu\/app\/uploads\/sites\/2\/NdP-AT-Corinne-Bailey-Rae-AT4050ST-300x300.jpg 300w, https:\/\/distribution.audio-technica.eu\/app\/uploads\/sites\/2\/NdP-AT-Corinne-Bailey-Rae-AT4050ST-66x66.jpg 66w, https:\/\/distribution.audio-technica.eu\/app\/uploads\/sites\/2\/NdP-AT-Corinne-Bailey-Rae-AT4050ST-200x200.jpg 200w, https:\/\/distribution.audio-technica.eu\/app\/uploads\/sites\/2\/NdP-AT-Corinne-Bailey-Rae-AT4050ST-400x400.jpg 400w, https:\/\/distribution.audio-technica.eu\/app\/uploads\/sites\/2\/NdP-AT-Corinne-Bailey-Rae-AT4050ST-100x100.jpg 100w\" sizes=\"auto, (max-width: 327px) 100vw, 327px\" \/><\/a><\/p>\n<p>El AT4050ST es un micr\u00f3fono de condensador de captaci\u00f3n lateral, con elementos cardioide y de figura en ocho configurados en una disposici\u00f3n Mid-Side, que ofrece el realismo de un campo sonoro en vivo. Este innovador micr\u00f3fono de condensador<\/p>\n<p>est\u00e9reo brinda a los t\u00e9cnicos de grabaci\u00f3n la posibilidad de elegir entre una salida est\u00e9reo izquierda-derecha o se\u00f1ales separadas Mid-Side para su posterior manipulaci\u00f3n, lo que redunda en una notable flexibilidad.<\/p>\n<p>&nbsp;<\/p>\n<p><a href=\"https:\/\/eu.audio-technica.com\/AT4050ST?lang=es\">M\u00e1s informaci\u00f3n sobre el Audio-Technica AT4050ST<\/a><\/p>\n<p>&nbsp;<\/p>\n<p><strong><em>Acerca de Audio-Technica<\/em><\/strong><\/p>\n<p>Con m\u00e1s de 50 a\u00f1os de excelencia en el sector del audio, Audio-Technica es un reconocido l\u00edder innovador en la tecnolog\u00eda de transductores, en el dise\u00f1o y fabricaci\u00f3n de micr\u00f3fonos, micr\u00f3fonos inal\u00e1mbricos, auriculares, mezcladores y electr\u00f3nica para la industria del audio. Entre los usuarios de micr\u00f3fonos y auriculares Audio-Technica se incluyen Metallica, Gwen Stefani, Linkin Park, Rudimental, Faithless, Pendulum, Royal Blood, James Bay, Enter Shikari, You Me At Six y Deaf Havana.<\/p>\n","protected":false},"excerpt":{"rendered":"<p>Corinne Bailey Rae, artista galardonada con los premios Grammy y MOBO, ha venido deleitando a grandes multitudes con su sonido soul con tintes de jazz desde el 2006, a\u00f1o en el que apareci\u00f3 su \u00e1lbum de debut \u2013coloc\u00e1ndose directamente en el n\u00famero uno en las listas brit\u00e1nicas\u2013. Ahora, con su flamante \u00e1lbum publicado en 2016, [&hellip;]<\/p>\n","protected":false},"author":1,"featured_media":2006,"comment_status":"closed","ping_status":"closed","sticky":false,"template":"","format":"standard","meta":{"_acf_changed":false,"footnotes":""},"categories":[1821],"tags":[1578,1564,1822,1823],"class_list":["post-2009","post","type-post","status-publish","format-standard","has-post-thumbnail","hentry","category-artistas","tag-at4050","tag-estudio","tag-grabacion","tag-microfono"],"acf":[],"yoast_head":"<!-- This site is optimized with the Yoast SEO plugin v27.1.1 - https:\/\/yoast.com\/product\/yoast-seo-wordpress\/ -->\n<title>El micr\u00f3fono AT4050ST de Audio-Technica clave en la grabaci\u00f3n del \u00faltimo trabajo de Corinne Bailey Rae - Audio-Technica Iberia<\/title>\n<meta name=\"robots\" content=\"index, follow, max-snippet:-1, max-image-preview:large, max-video-preview:-1\" \/>\n<link rel=\"canonical\" href=\"https:\/\/distribution.audio-technica.eu\/es-es\/noticias\/at4050st-corinne-bailey-rae\/\" \/>\n<meta property=\"og:locale\" content=\"es_ES\" \/>\n<meta property=\"og:type\" content=\"article\" \/>\n<meta property=\"og:title\" content=\"El micr\u00f3fono AT4050ST de Audio-Technica clave en la grabaci\u00f3n del \u00faltimo trabajo de Corinne Bailey Rae - Audio-Technica Iberia\" \/>\n<meta property=\"og:description\" content=\"Corinne Bailey Rae, artista galardonada con los premios Grammy y MOBO, ha venido deleitando a grandes multitudes con su sonido soul con tintes de jazz desde el 2006, a\u00f1o en el que apareci\u00f3 su \u00e1lbum de debut \u2013coloc\u00e1ndose directamente en el n\u00famero uno en las listas brit\u00e1nicas\u2013. Ahora, con su flamante \u00e1lbum publicado en 2016, [&hellip;]\" \/>\n<meta property=\"og:url\" content=\"https:\/\/distribution.audio-technica.eu\/es-es\/noticias\/at4050st-corinne-bailey-rae\/\" \/>\n<meta property=\"og:site_name\" content=\"Audio-Technica Iberia\" \/>\n<meta property=\"article:published_time\" content=\"2017-08-21T20:06:47+00:00\" \/>\n<meta property=\"article:modified_time\" content=\"2023-10-17T16:36:29+00:00\" \/>\n<meta property=\"og:image\" content=\"https:\/\/distribution.audio-technica.eu\/app\/uploads\/sites\/2\/NdP-AT-Corinne-Bailey-Rae-WP-banner.jpg\" \/>\n\t<meta property=\"og:image:width\" content=\"640\" \/>\n\t<meta property=\"og:image:height\" content=\"360\" \/>\n\t<meta property=\"og:image:type\" content=\"image\/jpeg\" \/>\n<meta name=\"author\" content=\"Audio-Technica\" \/>\n<meta name=\"twitter:card\" content=\"summary_large_image\" \/>\n<meta name=\"twitter:label1\" content=\"Escrito por\" \/>\n\t<meta name=\"twitter:data1\" content=\"Audio-Technica\" \/>\n\t<meta name=\"twitter:label2\" content=\"Tiempo de lectura\" \/>\n\t<meta name=\"twitter:data2\" content=\"3 minutos\" \/>\n<script type=\"application\/ld+json\" class=\"yoast-schema-graph\">{\"@context\":\"https:\/\/schema.org\",\"@graph\":[{\"@type\":\"Article\",\"@id\":\"https:\/\/distribution.audio-technica.eu\/es-es\/noticias\/at4050st-corinne-bailey-rae\/#article\",\"isPartOf\":{\"@id\":\"https:\/\/distribution.audio-technica.eu\/es-es\/noticias\/at4050st-corinne-bailey-rae\/\"},\"author\":{\"name\":\"Audio-Technica\",\"@id\":\"https:\/\/distribution.audio-technica.eu\/es-es\/#\/schema\/person\/e8e715e047e33cc425e816f59cbd9b80\"},\"headline\":\"El micr\u00f3fono AT4050ST de Audio-Technica clave en la grabaci\u00f3n del \u00faltimo trabajo de Corinne Bailey Rae\",\"datePublished\":\"2017-08-21T20:06:47+00:00\",\"dateModified\":\"2023-10-17T16:36:29+00:00\",\"mainEntityOfPage\":{\"@id\":\"https:\/\/distribution.audio-technica.eu\/es-es\/noticias\/at4050st-corinne-bailey-rae\/\"},\"wordCount\":601,\"image\":{\"@id\":\"https:\/\/distribution.audio-technica.eu\/es-es\/noticias\/at4050st-corinne-bailey-rae\/#primaryimage\"},\"thumbnailUrl\":\"\/app\/uploads\/sites\/2\/NdP-AT-Corinne-Bailey-Rae-WP-banner.jpg\",\"keywords\":[\"AT4050\",\"Estudio\",\"grabaci\u00f3n\",\"microfono\"],\"articleSection\":[\"Artistas\"],\"inLanguage\":\"es\"},{\"@type\":\"WebPage\",\"@id\":\"https:\/\/distribution.audio-technica.eu\/es-es\/noticias\/at4050st-corinne-bailey-rae\/\",\"url\":\"https:\/\/distribution.audio-technica.eu\/es-es\/noticias\/at4050st-corinne-bailey-rae\/\",\"name\":\"El micr\u00f3fono AT4050ST de Audio-Technica clave en la grabaci\u00f3n del \u00faltimo trabajo de Corinne Bailey Rae - Audio-Technica Iberia\",\"isPartOf\":{\"@id\":\"https:\/\/distribution.audio-technica.eu\/es-es\/#website\"},\"primaryImageOfPage\":{\"@id\":\"https:\/\/distribution.audio-technica.eu\/es-es\/noticias\/at4050st-corinne-bailey-rae\/#primaryimage\"},\"image\":{\"@id\":\"https:\/\/distribution.audio-technica.eu\/es-es\/noticias\/at4050st-corinne-bailey-rae\/#primaryimage\"},\"thumbnailUrl\":\"\/app\/uploads\/sites\/2\/NdP-AT-Corinne-Bailey-Rae-WP-banner.jpg\",\"datePublished\":\"2017-08-21T20:06:47+00:00\",\"dateModified\":\"2023-10-17T16:36:29+00:00\",\"author\":{\"@id\":\"https:\/\/distribution.audio-technica.eu\/es-es\/#\/schema\/person\/e8e715e047e33cc425e816f59cbd9b80\"},\"breadcrumb\":{\"@id\":\"https:\/\/distribution.audio-technica.eu\/es-es\/noticias\/at4050st-corinne-bailey-rae\/#breadcrumb\"},\"inLanguage\":\"es\",\"potentialAction\":[{\"@type\":\"ReadAction\",\"target\":[\"https:\/\/distribution.audio-technica.eu\/es-es\/noticias\/at4050st-corinne-bailey-rae\/\"]}]},{\"@type\":\"ImageObject\",\"inLanguage\":\"es\",\"@id\":\"https:\/\/distribution.audio-technica.eu\/es-es\/noticias\/at4050st-corinne-bailey-rae\/#primaryimage\",\"url\":\"\/app\/uploads\/sites\/2\/NdP-AT-Corinne-Bailey-Rae-WP-banner.jpg\",\"contentUrl\":\"\/app\/uploads\/sites\/2\/NdP-AT-Corinne-Bailey-Rae-WP-banner.jpg\",\"width\":640,\"height\":360,\"caption\":\"El micr\u00f3fono AT4050ST de Audio-Technica clave en la grabaci\u00f3n del \u00faltimo trabajo de Corinne Bailey Rae\"},{\"@type\":\"BreadcrumbList\",\"@id\":\"https:\/\/distribution.audio-technica.eu\/es-es\/noticias\/at4050st-corinne-bailey-rae\/#breadcrumb\",\"itemListElement\":[{\"@type\":\"ListItem\",\"position\":1,\"name\":\"Products\",\"item\":\"https:\/\/distribution.audio-technica.eu\/es-es\/\"},{\"@type\":\"ListItem\",\"position\":2,\"name\":\"El micr\u00f3fono AT4050ST de Audio-Technica clave en la grabaci\u00f3n del \u00faltimo trabajo de Corinne Bailey Rae\"}]},{\"@type\":\"WebSite\",\"@id\":\"https:\/\/distribution.audio-technica.eu\/es-es\/#website\",\"url\":\"https:\/\/distribution.audio-technica.eu\/es-es\/\",\"name\":\"Audio-Technica Iberia\",\"description\":\"Distribuci\u00f3n\",\"potentialAction\":[{\"@type\":\"SearchAction\",\"target\":{\"@type\":\"EntryPoint\",\"urlTemplate\":\"https:\/\/distribution.audio-technica.eu\/es-es\/?s={search_term_string}\"},\"query-input\":{\"@type\":\"PropertyValueSpecification\",\"valueRequired\":true,\"valueName\":\"search_term_string\"}}],\"inLanguage\":\"es\"},{\"@type\":\"Person\",\"@id\":\"https:\/\/distribution.audio-technica.eu\/es-es\/#\/schema\/person\/e8e715e047e33cc425e816f59cbd9b80\",\"name\":\"Audio-Technica\"}]}<\/script>\n<!-- \/ Yoast SEO plugin. -->","yoast_head_json":{"title":"El micr\u00f3fono AT4050ST de Audio-Technica clave en la grabaci\u00f3n del \u00faltimo trabajo de Corinne Bailey Rae - Audio-Technica Iberia","robots":{"index":"index","follow":"follow","max-snippet":"max-snippet:-1","max-image-preview":"max-image-preview:large","max-video-preview":"max-video-preview:-1"},"canonical":"https:\/\/distribution.audio-technica.eu\/es-es\/noticias\/at4050st-corinne-bailey-rae\/","og_locale":"es_ES","og_type":"article","og_title":"El micr\u00f3fono AT4050ST de Audio-Technica clave en la grabaci\u00f3n del \u00faltimo trabajo de Corinne Bailey Rae - Audio-Technica Iberia","og_description":"Corinne Bailey Rae, artista galardonada con los premios Grammy y MOBO, ha venido deleitando a grandes multitudes con su sonido soul con tintes de jazz desde el 2006, a\u00f1o en el que apareci\u00f3 su \u00e1lbum de debut \u2013coloc\u00e1ndose directamente en el n\u00famero uno en las listas brit\u00e1nicas\u2013. Ahora, con su flamante \u00e1lbum publicado en 2016, [&hellip;]","og_url":"https:\/\/distribution.audio-technica.eu\/es-es\/noticias\/at4050st-corinne-bailey-rae\/","og_site_name":"Audio-Technica Iberia","article_published_time":"2017-08-21T20:06:47+00:00","article_modified_time":"2023-10-17T16:36:29+00:00","og_image":[{"width":640,"height":360,"url":"https:\/\/distribution.audio-technica.eu\/app\/uploads\/sites\/2\/NdP-AT-Corinne-Bailey-Rae-WP-banner.jpg","type":"image\/jpeg"}],"author":"Audio-Technica","twitter_card":"summary_large_image","twitter_misc":{"Escrito por":"Audio-Technica","Tiempo de lectura":"3 minutos"},"schema":{"@context":"https:\/\/schema.org","@graph":[{"@type":"Article","@id":"https:\/\/distribution.audio-technica.eu\/es-es\/noticias\/at4050st-corinne-bailey-rae\/#article","isPartOf":{"@id":"https:\/\/distribution.audio-technica.eu\/es-es\/noticias\/at4050st-corinne-bailey-rae\/"},"author":{"name":"Audio-Technica","@id":"https:\/\/distribution.audio-technica.eu\/es-es\/#\/schema\/person\/e8e715e047e33cc425e816f59cbd9b80"},"headline":"El micr\u00f3fono AT4050ST de Audio-Technica clave en la grabaci\u00f3n del \u00faltimo trabajo de Corinne Bailey Rae","datePublished":"2017-08-21T20:06:47+00:00","dateModified":"2023-10-17T16:36:29+00:00","mainEntityOfPage":{"@id":"https:\/\/distribution.audio-technica.eu\/es-es\/noticias\/at4050st-corinne-bailey-rae\/"},"wordCount":601,"image":{"@id":"https:\/\/distribution.audio-technica.eu\/es-es\/noticias\/at4050st-corinne-bailey-rae\/#primaryimage"},"thumbnailUrl":"\/app\/uploads\/sites\/2\/NdP-AT-Corinne-Bailey-Rae-WP-banner.jpg","keywords":["AT4050","Estudio","grabaci\u00f3n","microfono"],"articleSection":["Artistas"],"inLanguage":"es"},{"@type":"WebPage","@id":"https:\/\/distribution.audio-technica.eu\/es-es\/noticias\/at4050st-corinne-bailey-rae\/","url":"https:\/\/distribution.audio-technica.eu\/es-es\/noticias\/at4050st-corinne-bailey-rae\/","name":"El micr\u00f3fono AT4050ST de Audio-Technica clave en la grabaci\u00f3n del \u00faltimo trabajo de Corinne Bailey Rae - Audio-Technica Iberia","isPartOf":{"@id":"https:\/\/distribution.audio-technica.eu\/es-es\/#website"},"primaryImageOfPage":{"@id":"https:\/\/distribution.audio-technica.eu\/es-es\/noticias\/at4050st-corinne-bailey-rae\/#primaryimage"},"image":{"@id":"https:\/\/distribution.audio-technica.eu\/es-es\/noticias\/at4050st-corinne-bailey-rae\/#primaryimage"},"thumbnailUrl":"\/app\/uploads\/sites\/2\/NdP-AT-Corinne-Bailey-Rae-WP-banner.jpg","datePublished":"2017-08-21T20:06:47+00:00","dateModified":"2023-10-17T16:36:29+00:00","author":{"@id":"https:\/\/distribution.audio-technica.eu\/es-es\/#\/schema\/person\/e8e715e047e33cc425e816f59cbd9b80"},"breadcrumb":{"@id":"https:\/\/distribution.audio-technica.eu\/es-es\/noticias\/at4050st-corinne-bailey-rae\/#breadcrumb"},"inLanguage":"es","potentialAction":[{"@type":"ReadAction","target":["https:\/\/distribution.audio-technica.eu\/es-es\/noticias\/at4050st-corinne-bailey-rae\/"]}]},{"@type":"ImageObject","inLanguage":"es","@id":"https:\/\/distribution.audio-technica.eu\/es-es\/noticias\/at4050st-corinne-bailey-rae\/#primaryimage","url":"\/app\/uploads\/sites\/2\/NdP-AT-Corinne-Bailey-Rae-WP-banner.jpg","contentUrl":"\/app\/uploads\/sites\/2\/NdP-AT-Corinne-Bailey-Rae-WP-banner.jpg","width":640,"height":360,"caption":"El micr\u00f3fono AT4050ST de Audio-Technica clave en la grabaci\u00f3n del \u00faltimo trabajo de Corinne Bailey Rae"},{"@type":"BreadcrumbList","@id":"https:\/\/distribution.audio-technica.eu\/es-es\/noticias\/at4050st-corinne-bailey-rae\/#breadcrumb","itemListElement":[{"@type":"ListItem","position":1,"name":"Products","item":"https:\/\/distribution.audio-technica.eu\/es-es\/"},{"@type":"ListItem","position":2,"name":"El micr\u00f3fono AT4050ST de Audio-Technica clave en la grabaci\u00f3n del \u00faltimo trabajo de Corinne Bailey Rae"}]},{"@type":"WebSite","@id":"https:\/\/distribution.audio-technica.eu\/es-es\/#website","url":"https:\/\/distribution.audio-technica.eu\/es-es\/","name":"Audio-Technica Iberia","description":"Distribuci\u00f3n","potentialAction":[{"@type":"SearchAction","target":{"@type":"EntryPoint","urlTemplate":"https:\/\/distribution.audio-technica.eu\/es-es\/?s={search_term_string}"},"query-input":{"@type":"PropertyValueSpecification","valueRequired":true,"valueName":"search_term_string"}}],"inLanguage":"es"},{"@type":"Person","@id":"https:\/\/distribution.audio-technica.eu\/es-es\/#\/schema\/person\/e8e715e047e33cc425e816f59cbd9b80","name":"Audio-Technica"}]}},"_links":{"self":[{"href":"https:\/\/distribution.audio-technica.eu\/es-es\/wp-json\/wp\/v2\/posts\/2009","targetHints":{"allow":["GET"]}}],"collection":[{"href":"https:\/\/distribution.audio-technica.eu\/es-es\/wp-json\/wp\/v2\/posts"}],"about":[{"href":"https:\/\/distribution.audio-technica.eu\/es-es\/wp-json\/wp\/v2\/types\/post"}],"author":[{"embeddable":true,"href":"https:\/\/distribution.audio-technica.eu\/es-es\/wp-json\/wp\/v2\/users\/1"}],"replies":[{"embeddable":true,"href":"https:\/\/distribution.audio-technica.eu\/es-es\/wp-json\/wp\/v2\/comments?post=2009"}],"version-history":[{"count":1,"href":"https:\/\/distribution.audio-technica.eu\/es-es\/wp-json\/wp\/v2\/posts\/2009\/revisions"}],"predecessor-version":[{"id":30259,"href":"https:\/\/distribution.audio-technica.eu\/es-es\/wp-json\/wp\/v2\/posts\/2009\/revisions\/30259"}],"wp:featuredmedia":[{"embeddable":true,"href":"https:\/\/distribution.audio-technica.eu\/es-es\/wp-json\/wp\/v2\/media\/2006"}],"wp:attachment":[{"href":"https:\/\/distribution.audio-technica.eu\/es-es\/wp-json\/wp\/v2\/media?parent=2009"}],"wp:term":[{"taxonomy":"category","embeddable":true,"href":"https:\/\/distribution.audio-technica.eu\/es-es\/wp-json\/wp\/v2\/categories?post=2009"},{"taxonomy":"post_tag","embeddable":true,"href":"https:\/\/distribution.audio-technica.eu\/es-es\/wp-json\/wp\/v2\/tags?post=2009"}],"curies":[{"name":"wp","href":"https:\/\/api.w.org\/{rel}","templated":true}]}}