{"id":20148,"date":"2020-02-24T11:24:04","date_gmt":"2020-02-24T10:24:04","guid":{"rendered":"https:\/\/atdb-production.studiograft.dev\/es\/?p=20148"},"modified":"2023-10-17T18:12:04","modified_gmt":"2023-10-17T16:12:04","slug":"audio-technica-amplia-su-catalogo-de-distribucion-con-audio-pro-business","status":"publish","type":"post","link":"https:\/\/distribution.audio-technica.eu\/es-es\/noticias\/audio-technica-amplia-su-catalogo-de-distribucion-con-audio-pro-business\/","title":{"rendered":"Audio-Technica ampl\u00eda su cat\u00e1logo de distribuci\u00f3n con Audio Pro Business"},"content":{"rendered":"<h2>Audio-Technica ha anunciado la incorporaci\u00f3n del fabricante sueco de altavoces <a href=\"https:\/\/audioprobusiness.com\/\">Audio Pro Business<\/a> a la cartera de marcas distribuidas de Audio-Technica en Reino Unido, Irlanda, Francia y Espa\u00f1a a partir del 1 de Marzo de 2020.<\/h2>\n<figure id=\"attachment_20150\" aria-describedby=\"caption-attachment-20150\" style=\"width: 800px\" class=\"wp-caption aligncenter\"><a href=\"https:\/\/distribution.audio-technica.eu\/es\/wp-content\/uploads\/sites\/2\/WP-APB_AT2.jpg\"><img loading=\"lazy\" decoding=\"async\" class=\"size-800 wp-image-20150\" src=\"\/es\/wp-content\/uploads\/sites\/2\/WP-APB_AT2-800x534.jpg\" alt=\"(De izquierda a derecha): Laurent Rault Sales Director EMEA Audio Pro, Logan Helps Distributed Brand Manager Audio-Technica UK, Anthony Everest Sales Manager Audio-Technica UK, Ola Grahn Sales Director Audio Pro Business, Evang\u00e9line Pirot General Manager Audio-Technica France, Alex Farrell Area Sales Manager Commercial South Audio-Technica UK, Jens Henriksen CCO Audio Pro, Robert Morgan-Males CEO Audio-Technica Europe, Sylvain Hochart Managing Director Audio-Technica Iberia\" width=\"800\" height=\"534\" srcset=\"https:\/\/distribution.audio-technica.eu\/app\/uploads\/sites\/2\/WP-APB_AT2-800x534.jpg 800w, https:\/\/distribution.audio-technica.eu\/app\/uploads\/sites\/2\/WP-APB_AT2-150x100.jpg 150w, https:\/\/distribution.audio-technica.eu\/app\/uploads\/sites\/2\/WP-APB_AT2-300x200.jpg 300w, https:\/\/distribution.audio-technica.eu\/app\/uploads\/sites\/2\/WP-APB_AT2-768x513.jpg 768w, https:\/\/distribution.audio-technica.eu\/app\/uploads\/sites\/2\/WP-APB_AT2-1024x684.jpg 1024w, https:\/\/distribution.audio-technica.eu\/app\/uploads\/sites\/2\/WP-APB_AT2-200x134.jpg 200w, https:\/\/distribution.audio-technica.eu\/app\/uploads\/sites\/2\/WP-APB_AT2-400x267.jpg 400w, https:\/\/distribution.audio-technica.eu\/app\/uploads\/sites\/2\/WP-APB_AT2-600x401.jpg 600w, https:\/\/distribution.audio-technica.eu\/app\/uploads\/sites\/2\/WP-APB_AT2-1200x802.jpg 1200w, https:\/\/distribution.audio-technica.eu\/app\/uploads\/sites\/2\/WP-APB_AT2.jpg 1500w\" sizes=\"auto, (max-width: 800px) 100vw, 800px\" \/><\/a><figcaption id=\"caption-attachment-20150\" class=\"wp-caption-text\">(De izquierda a derecha): Laurent Rault Sales Director EMEA Audio Pro, Logan Helps Distributed Brand Manager Audio-Technica UK, Anthony Everest Sales Manager Audio-Technica UK, Ola Grahn Sales Director Audio Pro Business, Evang\u00e9line Pirot General Manager Audio-Technica France, Alex Farrell Area Sales Manager Commercial South Audio-Technica UK, Jens Henriksen CCO Audio Pro, Robert Morgan-Males CEO Audio-Technica Europe, Sylvain Hochart Managing Director Audio-Technica Iberia<\/figcaption><\/figure>\n<p>Las soluciones comerciales de altavoces de instalaci\u00f3n comercial Audio Pro Business se unir\u00e1n a marcas como Audio-Technica, Allen &amp; Heath, Genelec, Martin Audio, Audient y Artnovion para mejorar el audio para todo tipo de instalaciones, conformando todas ellas un cat\u00e1logo de marcas de calidad premium.<\/p>\n<p>Con una historia de 40 a\u00f1os en dise\u00f1o y fabricaci\u00f3n de altavoces, utilizando tecnolog\u00edas pioneras como el audio inal\u00e1mbrico y conexiones r\u00e1pidas en rieles de iluminaci\u00f3n, los altavoces inal\u00e1mbricos Audio Pro Business permiten una f\u00e1cil instalaci\u00f3n, flexibilidad y calidad de audio al mismo tiempo que permiten a los clientes conectarse a los modernos servicios de transmisi\u00f3n de medios.<\/p>\n<p>Gary Maguire, Director Comercial de Audio-Technica EMEA, comenta: \u201c<em>Estamos encantados de representar a Audio Pro Business en Reino Unido e Irlanda, Francia y Espa\u00f1a. Audio Pro Business satisface las necesidades de las empresas que desean un sonido de mejor calidad y la flexibilidad para adaptarse a los cambiantes entornos de retail y hosteler\u00eda. El enfoque innovador de la marca se alinea con muchas de las demandas que hemos experimentado en el mercado. Esperamos trabajar en algunos proyectos emocionantes en los pr\u00f3ximos meses\u201d<\/em>.<\/p>\n<p>Jens Henriksen, Audio Pro CCO agreg\u00f3: <em>\u201cEstamos muy contentos de unirnos al cat\u00e1logo de marcas premium de Audio-Technica. Creemos que nuestros productos ofrecen una soluci\u00f3n bien adaptada para el mercado de instalaci\u00f3n y son un gran complemento de Audio-Technica para la oferta existente. La nueva relaci\u00f3n nos permitir\u00e1 proporcionar a los instaladores un excelente servicio y soporte log\u00edstico para garantizar que puedan responder a los requisitos de sus clientes de manera r\u00e1pida y eficiente\u00bb.<\/em><\/p>\n<p>&nbsp;<\/p>\n","protected":false},"excerpt":{"rendered":"<p>Audio-Technica ha anunciado la incorporaci\u00f3n del fabricante sueco de altavoces Audio Pro Business a la cartera de marcas distribuidas de Audio-Technica en Reino Unido, Irlanda, Francia y Espa\u00f1a a partir del 1 de Marzo de 2020. Las soluciones comerciales de altavoces de instalaci\u00f3n comercial Audio Pro Business se unir\u00e1n a marcas como Audio-Technica, Allen &amp; [&hellip;]<\/p>\n","protected":false},"author":2,"featured_media":20149,"comment_status":"closed","ping_status":"closed","sticky":false,"template":"","format":"standard","meta":{"_acf_changed":false,"footnotes":""},"categories":[1692],"tags":[1553,2196],"class_list":["post-20148","post","type-post","status-publish","format-standard","has-post-thumbnail","hentry","category-empresa","tag-instalacion","tag-nueva-marca"],"acf":[],"yoast_head":"<!-- This site is optimized with the Yoast SEO plugin v27.1.1 - https:\/\/yoast.com\/product\/yoast-seo-wordpress\/ -->\n<title>Audio-Technica ampl\u00eda su cat\u00e1logo de distribuci\u00f3n con Audio Pro Business - Audio-Technica Iberia<\/title>\n<meta name=\"robots\" content=\"index, follow, max-snippet:-1, max-image-preview:large, max-video-preview:-1\" \/>\n<link rel=\"canonical\" href=\"https:\/\/distribution.audio-technica.eu\/es-es\/noticias\/audio-technica-amplia-su-catalogo-de-distribucion-con-audio-pro-business\/\" \/>\n<meta property=\"og:locale\" content=\"es_ES\" \/>\n<meta property=\"og:type\" content=\"article\" \/>\n<meta property=\"og:title\" content=\"Audio-Technica ampl\u00eda su cat\u00e1logo de distribuci\u00f3n con Audio Pro Business - Audio-Technica Iberia\" \/>\n<meta property=\"og:description\" content=\"Audio-Technica ha anunciado la incorporaci\u00f3n del fabricante sueco de altavoces Audio Pro Business a la cartera de marcas distribuidas de Audio-Technica en Reino Unido, Irlanda, Francia y Espa\u00f1a a partir del 1 de Marzo de 2020. Las soluciones comerciales de altavoces de instalaci\u00f3n comercial Audio Pro Business se unir\u00e1n a marcas como Audio-Technica, Allen &amp; [&hellip;]\" \/>\n<meta property=\"og:url\" content=\"https:\/\/distribution.audio-technica.eu\/es-es\/noticias\/audio-technica-amplia-su-catalogo-de-distribucion-con-audio-pro-business\/\" \/>\n<meta property=\"og:site_name\" content=\"Audio-Technica Iberia\" \/>\n<meta property=\"article:published_time\" content=\"2020-02-24T10:24:04+00:00\" \/>\n<meta property=\"article:modified_time\" content=\"2023-10-17T16:12:04+00:00\" \/>\n<meta property=\"og:image\" content=\"https:\/\/distribution.audio-technica.eu\/app\/uploads\/sites\/2\/WP-APB_AT2_banner.jpg\" \/>\n\t<meta property=\"og:image:width\" content=\"640\" \/>\n\t<meta property=\"og:image:height\" content=\"360\" \/>\n\t<meta property=\"og:image:type\" content=\"image\/jpeg\" \/>\n<meta name=\"author\" content=\"ctorras\" \/>\n<meta name=\"twitter:card\" content=\"summary_large_image\" \/>\n<meta name=\"twitter:label1\" content=\"Escrito por\" \/>\n\t<meta name=\"twitter:data1\" content=\"ctorras\" \/>\n\t<meta name=\"twitter:label2\" content=\"Tiempo de lectura\" \/>\n\t<meta name=\"twitter:data2\" content=\"2 minutos\" \/>\n<script type=\"application\/ld+json\" class=\"yoast-schema-graph\">{\"@context\":\"https:\/\/schema.org\",\"@graph\":[{\"@type\":\"Article\",\"@id\":\"https:\/\/distribution.audio-technica.eu\/es-es\/noticias\/audio-technica-amplia-su-catalogo-de-distribucion-con-audio-pro-business\/#article\",\"isPartOf\":{\"@id\":\"https:\/\/distribution.audio-technica.eu\/es-es\/noticias\/audio-technica-amplia-su-catalogo-de-distribucion-con-audio-pro-business\/\"},\"author\":{\"name\":\"ctorras\",\"@id\":\"https:\/\/distribution.audio-technica.eu\/es-es\/#\/schema\/person\/dbf0d33217ceab6329b4c3144742f2fb\"},\"headline\":\"Audio-Technica ampl\u00eda su cat\u00e1logo de distribuci\u00f3n con Audio Pro Business\",\"datePublished\":\"2020-02-24T10:24:04+00:00\",\"dateModified\":\"2023-10-17T16:12:04+00:00\",\"mainEntityOfPage\":{\"@id\":\"https:\/\/distribution.audio-technica.eu\/es-es\/noticias\/audio-technica-amplia-su-catalogo-de-distribucion-con-audio-pro-business\/\"},\"wordCount\":401,\"image\":{\"@id\":\"https:\/\/distribution.audio-technica.eu\/es-es\/noticias\/audio-technica-amplia-su-catalogo-de-distribucion-con-audio-pro-business\/#primaryimage\"},\"thumbnailUrl\":\"\/app\/uploads\/sites\/2\/WP-APB_AT2_banner.jpg\",\"keywords\":[\"Instalaci\u00f3n\",\"Nueva marca\"],\"articleSection\":[\"Empresa\"],\"inLanguage\":\"es\"},{\"@type\":\"WebPage\",\"@id\":\"https:\/\/distribution.audio-technica.eu\/es-es\/noticias\/audio-technica-amplia-su-catalogo-de-distribucion-con-audio-pro-business\/\",\"url\":\"https:\/\/distribution.audio-technica.eu\/es-es\/noticias\/audio-technica-amplia-su-catalogo-de-distribucion-con-audio-pro-business\/\",\"name\":\"Audio-Technica ampl\u00eda su cat\u00e1logo de distribuci\u00f3n con Audio Pro Business - Audio-Technica Iberia\",\"isPartOf\":{\"@id\":\"https:\/\/distribution.audio-technica.eu\/es-es\/#website\"},\"primaryImageOfPage\":{\"@id\":\"https:\/\/distribution.audio-technica.eu\/es-es\/noticias\/audio-technica-amplia-su-catalogo-de-distribucion-con-audio-pro-business\/#primaryimage\"},\"image\":{\"@id\":\"https:\/\/distribution.audio-technica.eu\/es-es\/noticias\/audio-technica-amplia-su-catalogo-de-distribucion-con-audio-pro-business\/#primaryimage\"},\"thumbnailUrl\":\"\/app\/uploads\/sites\/2\/WP-APB_AT2_banner.jpg\",\"datePublished\":\"2020-02-24T10:24:04+00:00\",\"dateModified\":\"2023-10-17T16:12:04+00:00\",\"author\":{\"@id\":\"https:\/\/distribution.audio-technica.eu\/es-es\/#\/schema\/person\/dbf0d33217ceab6329b4c3144742f2fb\"},\"breadcrumb\":{\"@id\":\"https:\/\/distribution.audio-technica.eu\/es-es\/noticias\/audio-technica-amplia-su-catalogo-de-distribucion-con-audio-pro-business\/#breadcrumb\"},\"inLanguage\":\"es\",\"potentialAction\":[{\"@type\":\"ReadAction\",\"target\":[\"https:\/\/distribution.audio-technica.eu\/es-es\/noticias\/audio-technica-amplia-su-catalogo-de-distribucion-con-audio-pro-business\/\"]}]},{\"@type\":\"ImageObject\",\"inLanguage\":\"es\",\"@id\":\"https:\/\/distribution.audio-technica.eu\/es-es\/noticias\/audio-technica-amplia-su-catalogo-de-distribucion-con-audio-pro-business\/#primaryimage\",\"url\":\"\/app\/uploads\/sites\/2\/WP-APB_AT2_banner.jpg\",\"contentUrl\":\"\/app\/uploads\/sites\/2\/WP-APB_AT2_banner.jpg\",\"width\":640,\"height\":360},{\"@type\":\"BreadcrumbList\",\"@id\":\"https:\/\/distribution.audio-technica.eu\/es-es\/noticias\/audio-technica-amplia-su-catalogo-de-distribucion-con-audio-pro-business\/#breadcrumb\",\"itemListElement\":[{\"@type\":\"ListItem\",\"position\":1,\"name\":\"Products\",\"item\":\"https:\/\/distribution.audio-technica.eu\/es-es\/\"},{\"@type\":\"ListItem\",\"position\":2,\"name\":\"Audio-Technica ampl\u00eda su cat\u00e1logo de distribuci\u00f3n con Audio Pro Business\"}]},{\"@type\":\"WebSite\",\"@id\":\"https:\/\/distribution.audio-technica.eu\/es-es\/#website\",\"url\":\"https:\/\/distribution.audio-technica.eu\/es-es\/\",\"name\":\"Audio-Technica Iberia\",\"description\":\"Distribuci\u00f3n\",\"potentialAction\":[{\"@type\":\"SearchAction\",\"target\":{\"@type\":\"EntryPoint\",\"urlTemplate\":\"https:\/\/distribution.audio-technica.eu\/es-es\/?s={search_term_string}\"},\"query-input\":{\"@type\":\"PropertyValueSpecification\",\"valueRequired\":true,\"valueName\":\"search_term_string\"}}],\"inLanguage\":\"es\"},{\"@type\":\"Person\",\"@id\":\"https:\/\/distribution.audio-technica.eu\/es-es\/#\/schema\/person\/dbf0d33217ceab6329b4c3144742f2fb\",\"name\":\"ctorras\"}]}<\/script>\n<!-- \/ Yoast SEO plugin. -->","yoast_head_json":{"title":"Audio-Technica ampl\u00eda su cat\u00e1logo de distribuci\u00f3n con Audio Pro Business - Audio-Technica Iberia","robots":{"index":"index","follow":"follow","max-snippet":"max-snippet:-1","max-image-preview":"max-image-preview:large","max-video-preview":"max-video-preview:-1"},"canonical":"https:\/\/distribution.audio-technica.eu\/es-es\/noticias\/audio-technica-amplia-su-catalogo-de-distribucion-con-audio-pro-business\/","og_locale":"es_ES","og_type":"article","og_title":"Audio-Technica ampl\u00eda su cat\u00e1logo de distribuci\u00f3n con Audio Pro Business - Audio-Technica Iberia","og_description":"Audio-Technica ha anunciado la incorporaci\u00f3n del fabricante sueco de altavoces Audio Pro Business a la cartera de marcas distribuidas de Audio-Technica en Reino Unido, Irlanda, Francia y Espa\u00f1a a partir del 1 de Marzo de 2020. Las soluciones comerciales de altavoces de instalaci\u00f3n comercial Audio Pro Business se unir\u00e1n a marcas como Audio-Technica, Allen &amp; [&hellip;]","og_url":"https:\/\/distribution.audio-technica.eu\/es-es\/noticias\/audio-technica-amplia-su-catalogo-de-distribucion-con-audio-pro-business\/","og_site_name":"Audio-Technica Iberia","article_published_time":"2020-02-24T10:24:04+00:00","article_modified_time":"2023-10-17T16:12:04+00:00","og_image":[{"width":640,"height":360,"url":"https:\/\/distribution.audio-technica.eu\/app\/uploads\/sites\/2\/WP-APB_AT2_banner.jpg","type":"image\/jpeg"}],"author":"ctorras","twitter_card":"summary_large_image","twitter_misc":{"Escrito por":"ctorras","Tiempo de lectura":"2 minutos"},"schema":{"@context":"https:\/\/schema.org","@graph":[{"@type":"Article","@id":"https:\/\/distribution.audio-technica.eu\/es-es\/noticias\/audio-technica-amplia-su-catalogo-de-distribucion-con-audio-pro-business\/#article","isPartOf":{"@id":"https:\/\/distribution.audio-technica.eu\/es-es\/noticias\/audio-technica-amplia-su-catalogo-de-distribucion-con-audio-pro-business\/"},"author":{"name":"ctorras","@id":"https:\/\/distribution.audio-technica.eu\/es-es\/#\/schema\/person\/dbf0d33217ceab6329b4c3144742f2fb"},"headline":"Audio-Technica ampl\u00eda su cat\u00e1logo de distribuci\u00f3n con Audio Pro Business","datePublished":"2020-02-24T10:24:04+00:00","dateModified":"2023-10-17T16:12:04+00:00","mainEntityOfPage":{"@id":"https:\/\/distribution.audio-technica.eu\/es-es\/noticias\/audio-technica-amplia-su-catalogo-de-distribucion-con-audio-pro-business\/"},"wordCount":401,"image":{"@id":"https:\/\/distribution.audio-technica.eu\/es-es\/noticias\/audio-technica-amplia-su-catalogo-de-distribucion-con-audio-pro-business\/#primaryimage"},"thumbnailUrl":"\/app\/uploads\/sites\/2\/WP-APB_AT2_banner.jpg","keywords":["Instalaci\u00f3n","Nueva marca"],"articleSection":["Empresa"],"inLanguage":"es"},{"@type":"WebPage","@id":"https:\/\/distribution.audio-technica.eu\/es-es\/noticias\/audio-technica-amplia-su-catalogo-de-distribucion-con-audio-pro-business\/","url":"https:\/\/distribution.audio-technica.eu\/es-es\/noticias\/audio-technica-amplia-su-catalogo-de-distribucion-con-audio-pro-business\/","name":"Audio-Technica ampl\u00eda su cat\u00e1logo de distribuci\u00f3n con Audio Pro Business - Audio-Technica Iberia","isPartOf":{"@id":"https:\/\/distribution.audio-technica.eu\/es-es\/#website"},"primaryImageOfPage":{"@id":"https:\/\/distribution.audio-technica.eu\/es-es\/noticias\/audio-technica-amplia-su-catalogo-de-distribucion-con-audio-pro-business\/#primaryimage"},"image":{"@id":"https:\/\/distribution.audio-technica.eu\/es-es\/noticias\/audio-technica-amplia-su-catalogo-de-distribucion-con-audio-pro-business\/#primaryimage"},"thumbnailUrl":"\/app\/uploads\/sites\/2\/WP-APB_AT2_banner.jpg","datePublished":"2020-02-24T10:24:04+00:00","dateModified":"2023-10-17T16:12:04+00:00","author":{"@id":"https:\/\/distribution.audio-technica.eu\/es-es\/#\/schema\/person\/dbf0d33217ceab6329b4c3144742f2fb"},"breadcrumb":{"@id":"https:\/\/distribution.audio-technica.eu\/es-es\/noticias\/audio-technica-amplia-su-catalogo-de-distribucion-con-audio-pro-business\/#breadcrumb"},"inLanguage":"es","potentialAction":[{"@type":"ReadAction","target":["https:\/\/distribution.audio-technica.eu\/es-es\/noticias\/audio-technica-amplia-su-catalogo-de-distribucion-con-audio-pro-business\/"]}]},{"@type":"ImageObject","inLanguage":"es","@id":"https:\/\/distribution.audio-technica.eu\/es-es\/noticias\/audio-technica-amplia-su-catalogo-de-distribucion-con-audio-pro-business\/#primaryimage","url":"\/app\/uploads\/sites\/2\/WP-APB_AT2_banner.jpg","contentUrl":"\/app\/uploads\/sites\/2\/WP-APB_AT2_banner.jpg","width":640,"height":360},{"@type":"BreadcrumbList","@id":"https:\/\/distribution.audio-technica.eu\/es-es\/noticias\/audio-technica-amplia-su-catalogo-de-distribucion-con-audio-pro-business\/#breadcrumb","itemListElement":[{"@type":"ListItem","position":1,"name":"Products","item":"https:\/\/distribution.audio-technica.eu\/es-es\/"},{"@type":"ListItem","position":2,"name":"Audio-Technica ampl\u00eda su cat\u00e1logo de distribuci\u00f3n con Audio Pro Business"}]},{"@type":"WebSite","@id":"https:\/\/distribution.audio-technica.eu\/es-es\/#website","url":"https:\/\/distribution.audio-technica.eu\/es-es\/","name":"Audio-Technica Iberia","description":"Distribuci\u00f3n","potentialAction":[{"@type":"SearchAction","target":{"@type":"EntryPoint","urlTemplate":"https:\/\/distribution.audio-technica.eu\/es-es\/?s={search_term_string}"},"query-input":{"@type":"PropertyValueSpecification","valueRequired":true,"valueName":"search_term_string"}}],"inLanguage":"es"},{"@type":"Person","@id":"https:\/\/distribution.audio-technica.eu\/es-es\/#\/schema\/person\/dbf0d33217ceab6329b4c3144742f2fb","name":"ctorras"}]}},"_links":{"self":[{"href":"https:\/\/distribution.audio-technica.eu\/es-es\/wp-json\/wp\/v2\/posts\/20148","targetHints":{"allow":["GET"]}}],"collection":[{"href":"https:\/\/distribution.audio-technica.eu\/es-es\/wp-json\/wp\/v2\/posts"}],"about":[{"href":"https:\/\/distribution.audio-technica.eu\/es-es\/wp-json\/wp\/v2\/types\/post"}],"author":[{"embeddable":true,"href":"https:\/\/distribution.audio-technica.eu\/es-es\/wp-json\/wp\/v2\/users\/2"}],"replies":[{"embeddable":true,"href":"https:\/\/distribution.audio-technica.eu\/es-es\/wp-json\/wp\/v2\/comments?post=20148"}],"version-history":[{"count":2,"href":"https:\/\/distribution.audio-technica.eu\/es-es\/wp-json\/wp\/v2\/posts\/20148\/revisions"}],"predecessor-version":[{"id":20152,"href":"https:\/\/distribution.audio-technica.eu\/es-es\/wp-json\/wp\/v2\/posts\/20148\/revisions\/20152"}],"wp:featuredmedia":[{"embeddable":true,"href":"https:\/\/distribution.audio-technica.eu\/es-es\/wp-json\/wp\/v2\/media\/20149"}],"wp:attachment":[{"href":"https:\/\/distribution.audio-technica.eu\/es-es\/wp-json\/wp\/v2\/media?parent=20148"}],"wp:term":[{"taxonomy":"category","embeddable":true,"href":"https:\/\/distribution.audio-technica.eu\/es-es\/wp-json\/wp\/v2\/categories?post=20148"},{"taxonomy":"post_tag","embeddable":true,"href":"https:\/\/distribution.audio-technica.eu\/es-es\/wp-json\/wp\/v2\/tags?post=20148"}],"curies":[{"name":"wp","href":"https:\/\/api.w.org\/{rel}","templated":true}]}}