{"id":20526,"date":"2020-04-08T19:44:13","date_gmt":"2020-04-08T17:44:13","guid":{"rendered":"https:\/\/atdb-production.studiograft.dev\/es\/?p=20526"},"modified":"2023-07-31T11:23:05","modified_gmt":"2023-07-31T09:23:05","slug":"sostenibilidad-en-el-corazon-de-los-nuevos-monitores-genelec-raw","status":"publish","type":"post","link":"https:\/\/distribution.audio-technica.eu\/es-es\/noticias\/sostenibilidad-en-el-corazon-de-los-nuevos-monitores-genelec-raw\/","title":{"rendered":"Sostenibilidad en el coraz\u00f3n de los nuevos monitores Genelec RAW"},"content":{"rendered":"<figure id=\"attachment_20527\" aria-describedby=\"caption-attachment-20527\" style=\"width: 800px\" class=\"wp-caption aligncenter\"><a href=\"https:\/\/distribution.audio-technica.eu\/es\/wp-content\/uploads\/sites\/2\/WP-Press-Image-1-Group-Shot-RAW-802080308040-Studio-models.jpg\"><img loading=\"lazy\" decoding=\"async\" class=\"size-800 wp-image-20527\" src=\"\/es\/wp-content\/uploads\/sites\/2\/WP-Press-Image-1-Group-Shot-RAW-802080308040-Studio-models-800x630.jpg\" alt=\"Monitores de estudio 8020\/8030\/8040 en acabado RAW\" width=\"800\" height=\"630\" srcset=\"https:\/\/distribution.audio-technica.eu\/app\/uploads\/sites\/2\/WP-Press-Image-1-Group-Shot-RAW-802080308040-Studio-models-800x630.jpg 800w, https:\/\/distribution.audio-technica.eu\/app\/uploads\/sites\/2\/WP-Press-Image-1-Group-Shot-RAW-802080308040-Studio-models-150x118.jpg 150w, https:\/\/distribution.audio-technica.eu\/app\/uploads\/sites\/2\/WP-Press-Image-1-Group-Shot-RAW-802080308040-Studio-models-300x236.jpg 300w, https:\/\/distribution.audio-technica.eu\/app\/uploads\/sites\/2\/WP-Press-Image-1-Group-Shot-RAW-802080308040-Studio-models-768x605.jpg 768w, https:\/\/distribution.audio-technica.eu\/app\/uploads\/sites\/2\/WP-Press-Image-1-Group-Shot-RAW-802080308040-Studio-models-1024x807.jpg 1024w, https:\/\/distribution.audio-technica.eu\/app\/uploads\/sites\/2\/WP-Press-Image-1-Group-Shot-RAW-802080308040-Studio-models-200x158.jpg 200w, https:\/\/distribution.audio-technica.eu\/app\/uploads\/sites\/2\/WP-Press-Image-1-Group-Shot-RAW-802080308040-Studio-models-400x315.jpg 400w, https:\/\/distribution.audio-technica.eu\/app\/uploads\/sites\/2\/WP-Press-Image-1-Group-Shot-RAW-802080308040-Studio-models-600x473.jpg 600w, https:\/\/distribution.audio-technica.eu\/app\/uploads\/sites\/2\/WP-Press-Image-1-Group-Shot-RAW-802080308040-Studio-models-1200x946.jpg 1200w, https:\/\/distribution.audio-technica.eu\/app\/uploads\/sites\/2\/WP-Press-Image-1-Group-Shot-RAW-802080308040-Studio-models.jpg 1500w\" sizes=\"auto, (max-width: 800px) 100vw, 800px\" \/><\/a><figcaption id=\"caption-attachment-20527\" class=\"wp-caption-text\">Monitores de estudio 8020\/8030\/8040 en acabado RAW<\/figcaption><\/figure>\n<p>Genelec, el l\u00edder mundial en monitores profesionales, ofrece ahora a sus clientes la opci\u00f3n de un acabado especial en color aluminio RAW, disponible en una selecci\u00f3n de los modelos m\u00e1s populares en sus gamas Studio, AV y Home Audio.<\/p>\n<p>Todos los modelos cuentan con el dise\u00f1o intemporal de recinto con la m\u00ednima difracci\u00f3n (MDE), desarrollado por Genelec en estrecha colaboraci\u00f3n con el dise\u00f1ador industrial l\u00edder Harri Koskinen, y fabricado con aluminio reciclado. Las versiones RAW no requieren pintura y necesitan menos material de acabado que los modelos pintados est\u00e1ndar, creando un altavoz a\u00fan m\u00e1s respetuoso con el medio ambiente que permite que brille la belleza natural del aluminio en bruto de la carcasa y le da a cada monitor una apariencia y sensaci\u00f3n \u00fanicas.<\/p>\n<p>Los modelos disponibles son todos de dos v\u00edas e incluyen los monitores de estudio de campo cercano <a href=\"https:\/\/distribution.audio-technica.eu\/es\/product\/8020d\/\">8020<\/a>, <a href=\"https:\/\/distribution.audio-technica.eu\/es\/product\/8030c\/\">8030<\/a> y <a href=\"https:\/\/distribution.audio-technica.eu\/es\/product\/8040b\/\">8040<\/a>, los recintos de instalaci\u00f3n <a href=\"https:\/\/distribution.audio-technica.eu\/es\/product\/4020c\/\">4020<\/a>, <a href=\"https:\/\/distribution.audio-technica.eu\/es\/product\/4030c\/\">4030<\/a> y <a href=\"https:\/\/distribution.audio-technica.eu\/es\/product\/4040a\/\">4040<\/a>, los nuevos recintos Smart IP <a href=\"https:\/\/distribution.audio-technica.eu\/es\/product\/4420a\/\">4420<\/a> y <a href=\"https:\/\/distribution.audio-technica.eu\/es\/product\/4430\/\">4430<\/a> y los modelos dom\u00e9sticos <a href=\"https:\/\/www.genelec.com\/g-two\">G Two<\/a>, <a href=\"https:\/\/www.genelec.com\/g-three\">G Three<\/a> y <a href=\"https:\/\/www.genelec.com\/g-four\">G Four<\/a>.<\/p>\n<figure id=\"attachment_20529\" aria-describedby=\"caption-attachment-20529\" style=\"width: 800px\" class=\"wp-caption aligncenter\"><a href=\"https:\/\/distribution.audio-technica.eu\/es\/wp-content\/uploads\/sites\/2\/WP-Press-Image-2-Group-Shot-RAW-Installation-models.jpg\"><img loading=\"lazy\" decoding=\"async\" class=\"size-800 wp-image-20529\" src=\"\/es\/wp-content\/uploads\/sites\/2\/WP-Press-Image-2-Group-Shot-RAW-Installation-models-800x630.jpg\" alt=\"Modelos para instalaci\u00f3n Serie 4000 en acabado RAW\" width=\"800\" height=\"630\" srcset=\"https:\/\/distribution.audio-technica.eu\/app\/uploads\/sites\/2\/WP-Press-Image-2-Group-Shot-RAW-Installation-models-800x630.jpg 800w, https:\/\/distribution.audio-technica.eu\/app\/uploads\/sites\/2\/WP-Press-Image-2-Group-Shot-RAW-Installation-models-150x118.jpg 150w, https:\/\/distribution.audio-technica.eu\/app\/uploads\/sites\/2\/WP-Press-Image-2-Group-Shot-RAW-Installation-models-300x236.jpg 300w, https:\/\/distribution.audio-technica.eu\/app\/uploads\/sites\/2\/WP-Press-Image-2-Group-Shot-RAW-Installation-models-768x605.jpg 768w, https:\/\/distribution.audio-technica.eu\/app\/uploads\/sites\/2\/WP-Press-Image-2-Group-Shot-RAW-Installation-models-1024x807.jpg 1024w, https:\/\/distribution.audio-technica.eu\/app\/uploads\/sites\/2\/WP-Press-Image-2-Group-Shot-RAW-Installation-models-200x158.jpg 200w, https:\/\/distribution.audio-technica.eu\/app\/uploads\/sites\/2\/WP-Press-Image-2-Group-Shot-RAW-Installation-models-400x315.jpg 400w, https:\/\/distribution.audio-technica.eu\/app\/uploads\/sites\/2\/WP-Press-Image-2-Group-Shot-RAW-Installation-models-600x473.jpg 600w, https:\/\/distribution.audio-technica.eu\/app\/uploads\/sites\/2\/WP-Press-Image-2-Group-Shot-RAW-Installation-models-1200x946.jpg 1200w, https:\/\/distribution.audio-technica.eu\/app\/uploads\/sites\/2\/WP-Press-Image-2-Group-Shot-RAW-Installation-models.jpg 1500w\" sizes=\"auto, (max-width: 800px) 100vw, 800px\" \/><\/a><figcaption id=\"caption-attachment-20529\" class=\"wp-caption-text\">Modelos para instalaci\u00f3n Serie 4000 en acabado RAW<\/figcaption><\/figure>\n<p>El uso original de Genelec de carcasas de aluminio se remonta a 1996 con el lanzamiento del modelo 1029A de campo cercano, con las curvas distintivas del revolucionario dise\u00f1o MDE fundido a presi\u00f3n finalmente logrando el reconocimiento mundial cuando se present\u00f3 la serie 8000 en 2004. Al eliminar las difracciones de borde, el MDE ofrece una respuesta de frecuencia incre\u00edblemente plana, im\u00e1genes precisas y un rendimiento ac\u00fastico incomparable. El recinto delgado est\u00e1 moldeado con elegancia y est\u00e1 bellamente acabado para proporcionar una estructura r\u00edgida extrema con un gran volumen interno, extendiendo as\u00ed la respuesta de frecuencia mientras reduce simult\u00e1neamente las resonancias y, por lo tanto, la cantidad de material de amortiguaci\u00f3n interna requerida.<\/p>\n<p>A lo largo de los a\u00f1os, el dise\u00f1o MDE ha hecho posible una amplia gama de acabados de pintura personalizados, pero con el lanzamiento de la nueva opci\u00f3n RAW, Genelec conf\u00eda en que sus clientes se sentir\u00e1n atra\u00eddos por la idea de invertir en un altavoz Genelec reciclable que creado en gran medida a partir de latas de bebidas recicladas y piezas de autom\u00f3viles, pero que ahora es incluso m\u00e1s amable con el medio ambiente.<\/p>\n<figure id=\"attachment_20530\" aria-describedby=\"caption-attachment-20530\" style=\"width: 800px\" class=\"wp-caption aligncenter\"><a href=\"https:\/\/distribution.audio-technica.eu\/es\/wp-content\/uploads\/sites\/2\/WP-Press-Image-3-RAW-4020-Installation-model.jpg\"><img loading=\"lazy\" decoding=\"async\" class=\"size-800 wp-image-20530\" src=\"\/es\/wp-content\/uploads\/sites\/2\/WP-Press-Image-3-RAW-4020-Installation-model-800x1200.jpg\" alt=\"Modelo 4020 para Instalaci\u00f3n en acabado RAW\" width=\"800\" height=\"1200\" srcset=\"https:\/\/distribution.audio-technica.eu\/app\/uploads\/sites\/2\/WP-Press-Image-3-RAW-4020-Installation-model-800x1200.jpg 800w, https:\/\/distribution.audio-technica.eu\/app\/uploads\/sites\/2\/WP-Press-Image-3-RAW-4020-Installation-model-100x150.jpg 100w, https:\/\/distribution.audio-technica.eu\/app\/uploads\/sites\/2\/WP-Press-Image-3-RAW-4020-Installation-model-200x300.jpg 200w, https:\/\/distribution.audio-technica.eu\/app\/uploads\/sites\/2\/WP-Press-Image-3-RAW-4020-Installation-model-768x1152.jpg 768w, https:\/\/distribution.audio-technica.eu\/app\/uploads\/sites\/2\/WP-Press-Image-3-RAW-4020-Installation-model-683x1024.jpg 683w, https:\/\/distribution.audio-technica.eu\/app\/uploads\/sites\/2\/WP-Press-Image-3-RAW-4020-Installation-model-400x600.jpg 400w, https:\/\/distribution.audio-technica.eu\/app\/uploads\/sites\/2\/WP-Press-Image-3-RAW-4020-Installation-model-600x900.jpg 600w, https:\/\/distribution.audio-technica.eu\/app\/uploads\/sites\/2\/WP-Press-Image-3-RAW-4020-Installation-model.jpg 1000w\" sizes=\"auto, (max-width: 800px) 100vw, 800px\" \/><\/a><figcaption id=\"caption-attachment-20530\" class=\"wp-caption-text\">Modelo 4020 para Instalaci\u00f3n en acabado RAW<\/figcaption><\/figure>\n<p>El director gerente de Genelec, Siamak Naghian, comenta: <em>\u201cHemos estado probando el acabado RAW durante un largo per\u00edodo de tiempo, evaluando la respuesta del cliente mientras ajustamos el proceso de producci\u00f3n. Aunque nos impuls\u00f3 el deseo de ofrecer una opci\u00f3n de recinto con credenciales de sostenibilidad a\u00fan mayores, r\u00e1pidamente se hizo evidente que a los clientes de todos los segmentos del mercado tambi\u00e9n les encant\u00f3 la est\u00e9tica de dise\u00f1o \u00abindustrial\u00bb que RAW representa. Esperamos que la comunidad de audio est\u00e9 de acuerdo en que nuestros recintos RAW suenan excepcionales, son hermosos a la vista y tambi\u00e9n son mejores para el planeta<\/em>\u201d.<\/p>\n<p>Para m\u00e1s informaci\u00f3n, visite <a href=\"http:\/\/www.genelec.com\/RAW\">http:\/\/www.genelec.com\/RAW<\/a><\/p>\n<p>&nbsp;<\/p>\n<p>[fusion_youtube id=\u00bb3DuVn6rwjFk\u00bb alignment=\u00bb\u00bb width=\u00bb800&#8243; height=\u00bb452&#8243; autoplay=\u00bbfalse\u00bb api_params=\u00bb\u00bb hide_on_mobile=\u00bbsmall-visibility,medium-visibility,large-visibility\u00bb class=\u00bb\u00bb][\/fusion_youtube]<\/p>\n","protected":false},"excerpt":{"rendered":"<p>Genelec, el l\u00edder mundial en monitores profesionales, ofrece ahora a sus clientes la opci\u00f3n de un acabado especial en color aluminio RAW, disponible en una selecci\u00f3n de los modelos m\u00e1s populares en sus gamas Studio, AV y Home Audio. Todos los modelos cuentan con el dise\u00f1o intemporal de recinto con la m\u00ednima difracci\u00f3n (MDE), desarrollado [&hellip;]<\/p>\n","protected":false},"author":2,"featured_media":20528,"comment_status":"closed","ping_status":"closed","sticky":false,"template":"","format":"standard","meta":{"_acf_changed":false,"footnotes":""},"categories":[2456],"tags":[1564,1553,1566,2209],"class_list":["post-20526","post","type-post","status-publish","format-standard","has-post-thumbnail","hentry","category-novedades","tag-estudio","tag-instalacion","tag-monitores","tag-raw"],"acf":[],"yoast_head":"<!-- This site is optimized with the Yoast SEO plugin v27.1.1 - https:\/\/yoast.com\/product\/yoast-seo-wordpress\/ -->\n<title>Sostenibilidad en el coraz\u00f3n de los nuevos monitores Genelec RAW - Audio-Technica Iberia<\/title>\n<meta name=\"robots\" content=\"index, follow, max-snippet:-1, max-image-preview:large, max-video-preview:-1\" \/>\n<link rel=\"canonical\" href=\"https:\/\/distribution.audio-technica.eu\/es-es\/noticias\/sostenibilidad-en-el-corazon-de-los-nuevos-monitores-genelec-raw\/\" \/>\n<meta property=\"og:locale\" content=\"es_ES\" \/>\n<meta property=\"og:type\" content=\"article\" \/>\n<meta property=\"og:title\" content=\"Sostenibilidad en el coraz\u00f3n de los nuevos monitores Genelec RAW - Audio-Technica Iberia\" \/>\n<meta property=\"og:description\" content=\"Genelec, el l\u00edder mundial en monitores profesionales, ofrece ahora a sus clientes la opci\u00f3n de un acabado especial en color aluminio RAW, disponible en una selecci\u00f3n de los modelos m\u00e1s populares en sus gamas Studio, AV y Home Audio. Todos los modelos cuentan con el dise\u00f1o intemporal de recinto con la m\u00ednima difracci\u00f3n (MDE), desarrollado [&hellip;]\" \/>\n<meta property=\"og:url\" content=\"https:\/\/distribution.audio-technica.eu\/es-es\/noticias\/sostenibilidad-en-el-corazon-de-los-nuevos-monitores-genelec-raw\/\" \/>\n<meta property=\"og:site_name\" content=\"Audio-Technica Iberia\" \/>\n<meta property=\"article:published_time\" content=\"2020-04-08T17:44:13+00:00\" \/>\n<meta property=\"article:modified_time\" content=\"2023-07-31T09:23:05+00:00\" \/>\n<meta property=\"og:image\" content=\"https:\/\/distribution.audio-technica.eu\/app\/uploads\/sites\/2\/WP-Press-Image-1-Group-Shot-RAW-802080308040-Studio-models_banner.jpg\" \/>\n\t<meta property=\"og:image:width\" content=\"640\" \/>\n\t<meta property=\"og:image:height\" content=\"360\" \/>\n\t<meta property=\"og:image:type\" content=\"image\/jpeg\" \/>\n<meta name=\"author\" content=\"ctorras\" \/>\n<meta name=\"twitter:card\" content=\"summary_large_image\" \/>\n<meta name=\"twitter:label1\" content=\"Escrito por\" \/>\n\t<meta name=\"twitter:data1\" content=\"ctorras\" \/>\n\t<meta name=\"twitter:label2\" content=\"Tiempo de lectura\" \/>\n\t<meta name=\"twitter:data2\" content=\"3 minutos\" \/>\n<script type=\"application\/ld+json\" class=\"yoast-schema-graph\">{\"@context\":\"https:\/\/schema.org\",\"@graph\":[{\"@type\":\"Article\",\"@id\":\"https:\/\/distribution.audio-technica.eu\/es-es\/noticias\/sostenibilidad-en-el-corazon-de-los-nuevos-monitores-genelec-raw\/#article\",\"isPartOf\":{\"@id\":\"https:\/\/distribution.audio-technica.eu\/es-es\/noticias\/sostenibilidad-en-el-corazon-de-los-nuevos-monitores-genelec-raw\/\"},\"author\":{\"name\":\"ctorras\",\"@id\":\"https:\/\/distribution.audio-technica.eu\/es-es\/#\/schema\/person\/dbf0d33217ceab6329b4c3144742f2fb\"},\"headline\":\"Sostenibilidad en el coraz\u00f3n de los nuevos monitores Genelec RAW\",\"datePublished\":\"2020-04-08T17:44:13+00:00\",\"dateModified\":\"2023-07-31T09:23:05+00:00\",\"mainEntityOfPage\":{\"@id\":\"https:\/\/distribution.audio-technica.eu\/es-es\/noticias\/sostenibilidad-en-el-corazon-de-los-nuevos-monitores-genelec-raw\/\"},\"wordCount\":578,\"image\":{\"@id\":\"https:\/\/distribution.audio-technica.eu\/es-es\/noticias\/sostenibilidad-en-el-corazon-de-los-nuevos-monitores-genelec-raw\/#primaryimage\"},\"thumbnailUrl\":\"\/app\/uploads\/sites\/2\/WP-Press-Image-1-Group-Shot-RAW-802080308040-Studio-models_banner.jpg\",\"keywords\":[\"Estudio\",\"Instalaci\u00f3n\",\"MONITORES\",\"RAW\"],\"articleSection\":[\"Novedades\"],\"inLanguage\":\"es\"},{\"@type\":\"WebPage\",\"@id\":\"https:\/\/distribution.audio-technica.eu\/es-es\/noticias\/sostenibilidad-en-el-corazon-de-los-nuevos-monitores-genelec-raw\/\",\"url\":\"https:\/\/distribution.audio-technica.eu\/es-es\/noticias\/sostenibilidad-en-el-corazon-de-los-nuevos-monitores-genelec-raw\/\",\"name\":\"Sostenibilidad en el coraz\u00f3n de los nuevos monitores Genelec RAW - Audio-Technica Iberia\",\"isPartOf\":{\"@id\":\"https:\/\/distribution.audio-technica.eu\/es-es\/#website\"},\"primaryImageOfPage\":{\"@id\":\"https:\/\/distribution.audio-technica.eu\/es-es\/noticias\/sostenibilidad-en-el-corazon-de-los-nuevos-monitores-genelec-raw\/#primaryimage\"},\"image\":{\"@id\":\"https:\/\/distribution.audio-technica.eu\/es-es\/noticias\/sostenibilidad-en-el-corazon-de-los-nuevos-monitores-genelec-raw\/#primaryimage\"},\"thumbnailUrl\":\"\/app\/uploads\/sites\/2\/WP-Press-Image-1-Group-Shot-RAW-802080308040-Studio-models_banner.jpg\",\"datePublished\":\"2020-04-08T17:44:13+00:00\",\"dateModified\":\"2023-07-31T09:23:05+00:00\",\"author\":{\"@id\":\"https:\/\/distribution.audio-technica.eu\/es-es\/#\/schema\/person\/dbf0d33217ceab6329b4c3144742f2fb\"},\"breadcrumb\":{\"@id\":\"https:\/\/distribution.audio-technica.eu\/es-es\/noticias\/sostenibilidad-en-el-corazon-de-los-nuevos-monitores-genelec-raw\/#breadcrumb\"},\"inLanguage\":\"es\",\"potentialAction\":[{\"@type\":\"ReadAction\",\"target\":[\"https:\/\/distribution.audio-technica.eu\/es-es\/noticias\/sostenibilidad-en-el-corazon-de-los-nuevos-monitores-genelec-raw\/\"]}]},{\"@type\":\"ImageObject\",\"inLanguage\":\"es\",\"@id\":\"https:\/\/distribution.audio-technica.eu\/es-es\/noticias\/sostenibilidad-en-el-corazon-de-los-nuevos-monitores-genelec-raw\/#primaryimage\",\"url\":\"\/app\/uploads\/sites\/2\/WP-Press-Image-1-Group-Shot-RAW-802080308040-Studio-models_banner.jpg\",\"contentUrl\":\"\/app\/uploads\/sites\/2\/WP-Press-Image-1-Group-Shot-RAW-802080308040-Studio-models_banner.jpg\",\"width\":640,\"height\":360},{\"@type\":\"BreadcrumbList\",\"@id\":\"https:\/\/distribution.audio-technica.eu\/es-es\/noticias\/sostenibilidad-en-el-corazon-de-los-nuevos-monitores-genelec-raw\/#breadcrumb\",\"itemListElement\":[{\"@type\":\"ListItem\",\"position\":1,\"name\":\"Products\",\"item\":\"https:\/\/distribution.audio-technica.eu\/es-es\/\"},{\"@type\":\"ListItem\",\"position\":2,\"name\":\"Sostenibilidad en el coraz\u00f3n de los nuevos monitores Genelec RAW\"}]},{\"@type\":\"WebSite\",\"@id\":\"https:\/\/distribution.audio-technica.eu\/es-es\/#website\",\"url\":\"https:\/\/distribution.audio-technica.eu\/es-es\/\",\"name\":\"Audio-Technica Iberia\",\"description\":\"Distribuci\u00f3n\",\"potentialAction\":[{\"@type\":\"SearchAction\",\"target\":{\"@type\":\"EntryPoint\",\"urlTemplate\":\"https:\/\/distribution.audio-technica.eu\/es-es\/?s={search_term_string}\"},\"query-input\":{\"@type\":\"PropertyValueSpecification\",\"valueRequired\":true,\"valueName\":\"search_term_string\"}}],\"inLanguage\":\"es\"},{\"@type\":\"Person\",\"@id\":\"https:\/\/distribution.audio-technica.eu\/es-es\/#\/schema\/person\/dbf0d33217ceab6329b4c3144742f2fb\",\"name\":\"ctorras\"}]}<\/script>\n<!-- \/ Yoast SEO plugin. -->","yoast_head_json":{"title":"Sostenibilidad en el coraz\u00f3n de los nuevos monitores Genelec RAW - Audio-Technica Iberia","robots":{"index":"index","follow":"follow","max-snippet":"max-snippet:-1","max-image-preview":"max-image-preview:large","max-video-preview":"max-video-preview:-1"},"canonical":"https:\/\/distribution.audio-technica.eu\/es-es\/noticias\/sostenibilidad-en-el-corazon-de-los-nuevos-monitores-genelec-raw\/","og_locale":"es_ES","og_type":"article","og_title":"Sostenibilidad en el coraz\u00f3n de los nuevos monitores Genelec RAW - Audio-Technica Iberia","og_description":"Genelec, el l\u00edder mundial en monitores profesionales, ofrece ahora a sus clientes la opci\u00f3n de un acabado especial en color aluminio RAW, disponible en una selecci\u00f3n de los modelos m\u00e1s populares en sus gamas Studio, AV y Home Audio. Todos los modelos cuentan con el dise\u00f1o intemporal de recinto con la m\u00ednima difracci\u00f3n (MDE), desarrollado [&hellip;]","og_url":"https:\/\/distribution.audio-technica.eu\/es-es\/noticias\/sostenibilidad-en-el-corazon-de-los-nuevos-monitores-genelec-raw\/","og_site_name":"Audio-Technica Iberia","article_published_time":"2020-04-08T17:44:13+00:00","article_modified_time":"2023-07-31T09:23:05+00:00","og_image":[{"width":640,"height":360,"url":"https:\/\/distribution.audio-technica.eu\/app\/uploads\/sites\/2\/WP-Press-Image-1-Group-Shot-RAW-802080308040-Studio-models_banner.jpg","type":"image\/jpeg"}],"author":"ctorras","twitter_card":"summary_large_image","twitter_misc":{"Escrito por":"ctorras","Tiempo de lectura":"3 minutos"},"schema":{"@context":"https:\/\/schema.org","@graph":[{"@type":"Article","@id":"https:\/\/distribution.audio-technica.eu\/es-es\/noticias\/sostenibilidad-en-el-corazon-de-los-nuevos-monitores-genelec-raw\/#article","isPartOf":{"@id":"https:\/\/distribution.audio-technica.eu\/es-es\/noticias\/sostenibilidad-en-el-corazon-de-los-nuevos-monitores-genelec-raw\/"},"author":{"name":"ctorras","@id":"https:\/\/distribution.audio-technica.eu\/es-es\/#\/schema\/person\/dbf0d33217ceab6329b4c3144742f2fb"},"headline":"Sostenibilidad en el coraz\u00f3n de los nuevos monitores Genelec RAW","datePublished":"2020-04-08T17:44:13+00:00","dateModified":"2023-07-31T09:23:05+00:00","mainEntityOfPage":{"@id":"https:\/\/distribution.audio-technica.eu\/es-es\/noticias\/sostenibilidad-en-el-corazon-de-los-nuevos-monitores-genelec-raw\/"},"wordCount":578,"image":{"@id":"https:\/\/distribution.audio-technica.eu\/es-es\/noticias\/sostenibilidad-en-el-corazon-de-los-nuevos-monitores-genelec-raw\/#primaryimage"},"thumbnailUrl":"\/app\/uploads\/sites\/2\/WP-Press-Image-1-Group-Shot-RAW-802080308040-Studio-models_banner.jpg","keywords":["Estudio","Instalaci\u00f3n","MONITORES","RAW"],"articleSection":["Novedades"],"inLanguage":"es"},{"@type":"WebPage","@id":"https:\/\/distribution.audio-technica.eu\/es-es\/noticias\/sostenibilidad-en-el-corazon-de-los-nuevos-monitores-genelec-raw\/","url":"https:\/\/distribution.audio-technica.eu\/es-es\/noticias\/sostenibilidad-en-el-corazon-de-los-nuevos-monitores-genelec-raw\/","name":"Sostenibilidad en el coraz\u00f3n de los nuevos monitores Genelec RAW - Audio-Technica Iberia","isPartOf":{"@id":"https:\/\/distribution.audio-technica.eu\/es-es\/#website"},"primaryImageOfPage":{"@id":"https:\/\/distribution.audio-technica.eu\/es-es\/noticias\/sostenibilidad-en-el-corazon-de-los-nuevos-monitores-genelec-raw\/#primaryimage"},"image":{"@id":"https:\/\/distribution.audio-technica.eu\/es-es\/noticias\/sostenibilidad-en-el-corazon-de-los-nuevos-monitores-genelec-raw\/#primaryimage"},"thumbnailUrl":"\/app\/uploads\/sites\/2\/WP-Press-Image-1-Group-Shot-RAW-802080308040-Studio-models_banner.jpg","datePublished":"2020-04-08T17:44:13+00:00","dateModified":"2023-07-31T09:23:05+00:00","author":{"@id":"https:\/\/distribution.audio-technica.eu\/es-es\/#\/schema\/person\/dbf0d33217ceab6329b4c3144742f2fb"},"breadcrumb":{"@id":"https:\/\/distribution.audio-technica.eu\/es-es\/noticias\/sostenibilidad-en-el-corazon-de-los-nuevos-monitores-genelec-raw\/#breadcrumb"},"inLanguage":"es","potentialAction":[{"@type":"ReadAction","target":["https:\/\/distribution.audio-technica.eu\/es-es\/noticias\/sostenibilidad-en-el-corazon-de-los-nuevos-monitores-genelec-raw\/"]}]},{"@type":"ImageObject","inLanguage":"es","@id":"https:\/\/distribution.audio-technica.eu\/es-es\/noticias\/sostenibilidad-en-el-corazon-de-los-nuevos-monitores-genelec-raw\/#primaryimage","url":"\/app\/uploads\/sites\/2\/WP-Press-Image-1-Group-Shot-RAW-802080308040-Studio-models_banner.jpg","contentUrl":"\/app\/uploads\/sites\/2\/WP-Press-Image-1-Group-Shot-RAW-802080308040-Studio-models_banner.jpg","width":640,"height":360},{"@type":"BreadcrumbList","@id":"https:\/\/distribution.audio-technica.eu\/es-es\/noticias\/sostenibilidad-en-el-corazon-de-los-nuevos-monitores-genelec-raw\/#breadcrumb","itemListElement":[{"@type":"ListItem","position":1,"name":"Products","item":"https:\/\/distribution.audio-technica.eu\/es-es\/"},{"@type":"ListItem","position":2,"name":"Sostenibilidad en el coraz\u00f3n de los nuevos monitores Genelec RAW"}]},{"@type":"WebSite","@id":"https:\/\/distribution.audio-technica.eu\/es-es\/#website","url":"https:\/\/distribution.audio-technica.eu\/es-es\/","name":"Audio-Technica Iberia","description":"Distribuci\u00f3n","potentialAction":[{"@type":"SearchAction","target":{"@type":"EntryPoint","urlTemplate":"https:\/\/distribution.audio-technica.eu\/es-es\/?s={search_term_string}"},"query-input":{"@type":"PropertyValueSpecification","valueRequired":true,"valueName":"search_term_string"}}],"inLanguage":"es"},{"@type":"Person","@id":"https:\/\/distribution.audio-technica.eu\/es-es\/#\/schema\/person\/dbf0d33217ceab6329b4c3144742f2fb","name":"ctorras"}]}},"_links":{"self":[{"href":"https:\/\/distribution.audio-technica.eu\/es-es\/wp-json\/wp\/v2\/posts\/20526","targetHints":{"allow":["GET"]}}],"collection":[{"href":"https:\/\/distribution.audio-technica.eu\/es-es\/wp-json\/wp\/v2\/posts"}],"about":[{"href":"https:\/\/distribution.audio-technica.eu\/es-es\/wp-json\/wp\/v2\/types\/post"}],"author":[{"embeddable":true,"href":"https:\/\/distribution.audio-technica.eu\/es-es\/wp-json\/wp\/v2\/users\/2"}],"replies":[{"embeddable":true,"href":"https:\/\/distribution.audio-technica.eu\/es-es\/wp-json\/wp\/v2\/comments?post=20526"}],"version-history":[{"count":2,"href":"https:\/\/distribution.audio-technica.eu\/es-es\/wp-json\/wp\/v2\/posts\/20526\/revisions"}],"predecessor-version":[{"id":20540,"href":"https:\/\/distribution.audio-technica.eu\/es-es\/wp-json\/wp\/v2\/posts\/20526\/revisions\/20540"}],"wp:featuredmedia":[{"embeddable":true,"href":"https:\/\/distribution.audio-technica.eu\/es-es\/wp-json\/wp\/v2\/media\/20528"}],"wp:attachment":[{"href":"https:\/\/distribution.audio-technica.eu\/es-es\/wp-json\/wp\/v2\/media?parent=20526"}],"wp:term":[{"taxonomy":"category","embeddable":true,"href":"https:\/\/distribution.audio-technica.eu\/es-es\/wp-json\/wp\/v2\/categories?post=20526"},{"taxonomy":"post_tag","embeddable":true,"href":"https:\/\/distribution.audio-technica.eu\/es-es\/wp-json\/wp\/v2\/tags?post=20526"}],"curies":[{"name":"wp","href":"https:\/\/api.w.org\/{rel}","templated":true}]}}