{"id":20592,"date":"2020-04-16T18:08:11","date_gmt":"2020-04-16T16:08:11","guid":{"rendered":"https:\/\/atdb-production.studiograft.dev\/es\/?p=20592"},"modified":"2023-07-31T11:22:50","modified_gmt":"2023-07-31T09:22:50","slug":"genelec-g-songlab-potencia-a-los-jovenes-creadores-de-musica","status":"publish","type":"post","link":"https:\/\/distribution.audio-technica.eu\/es-es\/noticias\/genelec-g-songlab-potencia-a-los-jovenes-creadores-de-musica\/","title":{"rendered":"Genelec G SongLab potencia a los j\u00f3venes creadores de m\u00fasica"},"content":{"rendered":"<p><a href=\"https:\/\/distribution.audio-technica.eu\/es\/wp-content\/uploads\/sites\/2\/WP-G_SongLab_Press_Image_1.jpg\"><img loading=\"lazy\" decoding=\"async\" class=\"aligncenter wp-image-20593 size-1200\" src=\"\/es\/wp-content\/uploads\/sites\/2\/WP-G_SongLab_Press_Image_1-1200x784.jpg\" alt=\"\" width=\"1200\" height=\"784\" srcset=\"https:\/\/distribution.audio-technica.eu\/app\/uploads\/sites\/2\/WP-G_SongLab_Press_Image_1-1200x784.jpg 1200w, https:\/\/distribution.audio-technica.eu\/app\/uploads\/sites\/2\/WP-G_SongLab_Press_Image_1-150x98.jpg 150w, https:\/\/distribution.audio-technica.eu\/app\/uploads\/sites\/2\/WP-G_SongLab_Press_Image_1-300x196.jpg 300w, https:\/\/distribution.audio-technica.eu\/app\/uploads\/sites\/2\/WP-G_SongLab_Press_Image_1-768x502.jpg 768w, https:\/\/distribution.audio-technica.eu\/app\/uploads\/sites\/2\/WP-G_SongLab_Press_Image_1-1024x669.jpg 1024w, https:\/\/distribution.audio-technica.eu\/app\/uploads\/sites\/2\/WP-G_SongLab_Press_Image_1-200x131.jpg 200w, https:\/\/distribution.audio-technica.eu\/app\/uploads\/sites\/2\/WP-G_SongLab_Press_Image_1-400x261.jpg 400w, https:\/\/distribution.audio-technica.eu\/app\/uploads\/sites\/2\/WP-G_SongLab_Press_Image_1-600x392.jpg 600w, https:\/\/distribution.audio-technica.eu\/app\/uploads\/sites\/2\/WP-G_SongLab_Press_Image_1-800x523.jpg 800w, https:\/\/distribution.audio-technica.eu\/app\/uploads\/sites\/2\/WP-G_SongLab_Press_Image_1.jpg 1500w\" sizes=\"auto, (max-width: 1200px) 100vw, 1200px\" \/><\/a><\/p>\n<p>Genelec se enorgullece de anunciar el lanzamiento del <a href=\"http:\/\/www.genelec.com\/g-songlab\" target=\"_blank\" rel=\"noopener\">G SongLab<\/a>, iniciativa que forma parte de la \u201cGenelec Academy\u201d y ofrece a la gente joven el libre acceso con seguridad a una comunidad de aprendizaje online, a trav\u00e9s de la cual pueden colaborar y conversar con otras personas para el desarrollo de sus habilidades en composici\u00f3n y creaci\u00f3n musical.<\/p>\n<p>Lanzada en Helsinki, la iniciativa es una colaboraci\u00f3n entre Genelec y varias entidades incluyendo Tiuku Public Information Cultural Factory, la ciudad de Helsinki, la Universidad de las Artes de Helsinki y la iniciativa de investigaci\u00f3n ArtsEqual, las cuales han unido esfuerzos para motivar y apoyar la participaci\u00f3n activa de la gente joven en la creaci\u00f3n musical, y el sentido de integraci\u00f3n social y compa\u00f1erismo que esto conlleva.<\/p>\n<p>El concepto G SongLab ha sido desarrollado por un equipo de compositores y educadores musicales liderados por Petter Korkman y Anna Kuoppam\u00e4ki. El proyecto ofrece una comunidad online de aprendizaje internacional para todos los j\u00f3venes compositores de entre 13 y 29 a\u00f1os, para que puedan trabajar desde el confort de su casa y compartir sus canciones con otras personas. Esto es especialmente beneficioso en tiempos de una epidemia global como el COVID-19.<\/p>\n<p>Genelec por su parte contribuir\u00e1 al programa educativo ense\u00f1ando algunos de los fundamentos del sonido y del monitoraje de audio, de forma que los participantes puedan aprender c\u00f3mo evaluar y mejorar la calidad de su trabajo.<\/p>\n<p>Una selecci\u00f3n de la m\u00fasica creada durante los talleres ser\u00e1 compartida con el p\u00fablico en general a trav\u00e9s del canal Genelec Music de YouTube, junto a actuaciones en vivo de los participantes en los talleres que ser\u00e1n retransmitidas desde el Genelec Artist Room de Helsinki.<\/p>\n<p><a href=\"https:\/\/distribution.audio-technica.eu\/es\/wp-content\/uploads\/sites\/2\/WP-G_SongLab_Press_Image_2.jpg\"><img loading=\"lazy\" decoding=\"async\" class=\"aligncenter size-800 wp-image-20594\" src=\"\/es\/wp-content\/uploads\/sites\/2\/WP-G_SongLab_Press_Image_2-800x600.jpg\" alt=\"\" width=\"800\" height=\"600\" srcset=\"https:\/\/distribution.audio-technica.eu\/app\/uploads\/sites\/2\/WP-G_SongLab_Press_Image_2-800x600.jpg 800w, https:\/\/distribution.audio-technica.eu\/app\/uploads\/sites\/2\/WP-G_SongLab_Press_Image_2-150x113.jpg 150w, https:\/\/distribution.audio-technica.eu\/app\/uploads\/sites\/2\/WP-G_SongLab_Press_Image_2-300x225.jpg 300w, https:\/\/distribution.audio-technica.eu\/app\/uploads\/sites\/2\/WP-G_SongLab_Press_Image_2-768x576.jpg 768w, https:\/\/distribution.audio-technica.eu\/app\/uploads\/sites\/2\/WP-G_SongLab_Press_Image_2-1024x768.jpg 1024w, https:\/\/distribution.audio-technica.eu\/app\/uploads\/sites\/2\/WP-G_SongLab_Press_Image_2-200x150.jpg 200w, https:\/\/distribution.audio-technica.eu\/app\/uploads\/sites\/2\/WP-G_SongLab_Press_Image_2-400x300.jpg 400w, https:\/\/distribution.audio-technica.eu\/app\/uploads\/sites\/2\/WP-G_SongLab_Press_Image_2-600x450.jpg 600w, https:\/\/distribution.audio-technica.eu\/app\/uploads\/sites\/2\/WP-G_SongLab_Press_Image_2-1200x900.jpg 1200w, https:\/\/distribution.audio-technica.eu\/app\/uploads\/sites\/2\/WP-G_SongLab_Press_Image_2.jpg 1500w\" sizes=\"auto, (max-width: 800px) 100vw, 800px\" \/><\/a><\/p>\n<p>Como empresa con un posicionamiento internacional, Genelec tiene una amplia tradici\u00f3n de apoyo a programas educativos que ayudan a la gente joven a realizar sus sue\u00f1os a trav\u00e9s de la creaci\u00f3n musical. Ya colabora con el John Lennon Educational Tour Bus en los Estados Unidos y en Europa, y se estableci\u00f3 la beca Ilpo Martikainen para visionarios del audio en colaboraci\u00f3n con AES. As\u00ed, G SongLab, es una extensi\u00f3n natural al compromiso con la educaci\u00f3n musical global.<\/p>\n<p>Juho Martikainen de Genelec explica <em>\u201cEsta es una manera excelente de expresar nuestros valores de entusiasmo y justicia. La creaci\u00f3n musical pertenece a todos y si conseguimos ayudar a la gente joven a aprender y encontrar su propio camino en la vida, entonces este ser\u00e1 el mejor premio. En los tiempos dif\u00edciles en los que vivimos, creemos que la m\u00fasica puede ayudar a generar esperanza, sentido de la pertenencia y una determinaci\u00f3n compartida para ayudar a los dem\u00e1s y sobrevivir.\u201d<\/em><\/p>\n<p><em>\u201cCualquiera puede escribir una canci\u00f3n igual que cualquiera puede dibujar un cuadro. La composici\u00f3n es una poderosa forma de autoexpresi\u00f3n y de estar conectado con otras personas a trav\u00e9s de la m\u00fasica. Es una forma de dar a conocer tus puntos de vista, experiencias y sentimientos; una forma de explicar qui\u00e9n eres. Queremos ser tanto o\u00eddos como altavoces, por as\u00ed decirlo, cuidadosamente escuchando, pero tambi\u00e9n activamente proyectando esta polifon\u00eda de voces hacia el mundo\u201d, <\/em>agregan Petter Korkman y Anna Kuoppam\u00e4ki.<\/p>\n<p>Para celebrar el lanzamiento, Genelec est\u00e1 preparando el G SongLab Songwriting Challenge, un concurso de composici\u00f3n, invitando a los j\u00f3venes creadores de m\u00fasica a enviar sus canciones originales. El desaf\u00edo estar\u00e1 abierto a los j\u00f3venes de todo el mundo, y los tres participantes m\u00e1s innovadores recibir\u00e1n un pack de grabaci\u00f3n home studio de alta calidad que incluir\u00e1 productos de Genelec, Universal Audio, Ableton, Audio-Technica, Native Instrument, y la oportunidad de interpretar su canci\u00f3n en directo en el Genelec Artist Room. En breve se publicar\u00e1n m\u00e1s detalles del Songwriting Challenge.<\/p>\n<p>Si est\u00e1s interesado, reg\u00edstrate en G SongLab <a href=\"http:\/\/www.genelec.com\/g-songlab\" target=\"_blank\" rel=\"noopener\">www.genelec.com\/g-songlab<\/a><\/p>\n","protected":false},"excerpt":{"rendered":"<p>Genelec se enorgullece de anunciar el lanzamiento del G SongLab, iniciativa que forma parte de la \u201cGenelec Academy\u201d y ofrece a la gente joven el libre acceso con seguridad a una comunidad de aprendizaje online, a trav\u00e9s de la cual pueden colaborar y conversar con otras personas para el desarrollo de sus habilidades en composici\u00f3n [&hellip;]<\/p>\n","protected":false},"author":2,"featured_media":20595,"comment_status":"closed","ping_status":"closed","sticky":false,"template":"","format":"standard","meta":{"_acf_changed":false,"footnotes":""},"categories":[1821,2461],"tags":[2210,2211],"class_list":["post-20592","post","type-post","status-publish","format-standard","has-post-thumbnail","hentry","category-artistas","category-noticias","tag-g-songlab","tag-musicos"],"acf":[],"yoast_head":"<!-- This site is optimized with the Yoast SEO plugin v27.1.1 - https:\/\/yoast.com\/product\/yoast-seo-wordpress\/ -->\n<title>Genelec G SongLab potencia a los j\u00f3venes creadores de m\u00fasica - Audio-Technica Iberia<\/title>\n<meta name=\"robots\" content=\"index, follow, max-snippet:-1, max-image-preview:large, max-video-preview:-1\" \/>\n<link rel=\"canonical\" href=\"https:\/\/distribution.audio-technica.eu\/es-es\/noticias\/genelec-g-songlab-potencia-a-los-jovenes-creadores-de-musica\/\" \/>\n<meta property=\"og:locale\" content=\"es_ES\" \/>\n<meta property=\"og:type\" content=\"article\" \/>\n<meta property=\"og:title\" content=\"Genelec G SongLab potencia a los j\u00f3venes creadores de m\u00fasica - Audio-Technica Iberia\" \/>\n<meta property=\"og:description\" content=\"Genelec se enorgullece de anunciar el lanzamiento del G SongLab, iniciativa que forma parte de la \u201cGenelec Academy\u201d y ofrece a la gente joven el libre acceso con seguridad a una comunidad de aprendizaje online, a trav\u00e9s de la cual pueden colaborar y conversar con otras personas para el desarrollo de sus habilidades en composici\u00f3n [&hellip;]\" \/>\n<meta property=\"og:url\" content=\"https:\/\/distribution.audio-technica.eu\/es-es\/noticias\/genelec-g-songlab-potencia-a-los-jovenes-creadores-de-musica\/\" \/>\n<meta property=\"og:site_name\" content=\"Audio-Technica Iberia\" \/>\n<meta property=\"article:published_time\" content=\"2020-04-16T16:08:11+00:00\" \/>\n<meta property=\"article:modified_time\" content=\"2023-07-31T09:22:50+00:00\" \/>\n<meta property=\"og:image\" content=\"https:\/\/distribution.audio-technica.eu\/app\/uploads\/sites\/2\/WP-G_SongLab_Press_Image_banner.jpg\" \/>\n\t<meta property=\"og:image:width\" content=\"640\" \/>\n\t<meta property=\"og:image:height\" content=\"360\" \/>\n\t<meta property=\"og:image:type\" content=\"image\/jpeg\" \/>\n<meta name=\"author\" content=\"ctorras\" \/>\n<meta name=\"twitter:card\" content=\"summary_large_image\" \/>\n<meta name=\"twitter:label1\" content=\"Escrito por\" \/>\n\t<meta name=\"twitter:data1\" content=\"ctorras\" \/>\n\t<meta name=\"twitter:label2\" content=\"Tiempo de lectura\" \/>\n\t<meta name=\"twitter:data2\" content=\"3 minutos\" \/>\n<script type=\"application\/ld+json\" class=\"yoast-schema-graph\">{\"@context\":\"https:\/\/schema.org\",\"@graph\":[{\"@type\":\"Article\",\"@id\":\"https:\/\/distribution.audio-technica.eu\/es-es\/noticias\/genelec-g-songlab-potencia-a-los-jovenes-creadores-de-musica\/#article\",\"isPartOf\":{\"@id\":\"https:\/\/distribution.audio-technica.eu\/es-es\/noticias\/genelec-g-songlab-potencia-a-los-jovenes-creadores-de-musica\/\"},\"author\":{\"name\":\"ctorras\",\"@id\":\"https:\/\/distribution.audio-technica.eu\/es-es\/#\/schema\/person\/dbf0d33217ceab6329b4c3144742f2fb\"},\"headline\":\"Genelec G SongLab potencia a los j\u00f3venes creadores de m\u00fasica\",\"datePublished\":\"2020-04-16T16:08:11+00:00\",\"dateModified\":\"2023-07-31T09:22:50+00:00\",\"mainEntityOfPage\":{\"@id\":\"https:\/\/distribution.audio-technica.eu\/es-es\/noticias\/genelec-g-songlab-potencia-a-los-jovenes-creadores-de-musica\/\"},\"wordCount\":679,\"image\":{\"@id\":\"https:\/\/distribution.audio-technica.eu\/es-es\/noticias\/genelec-g-songlab-potencia-a-los-jovenes-creadores-de-musica\/#primaryimage\"},\"thumbnailUrl\":\"\/app\/uploads\/sites\/2\/WP-G_SongLab_Press_Image_banner.jpg\",\"keywords\":[\"G SongLab\",\"M\u00fasicos\"],\"articleSection\":[\"Artistas\",\"Noticias\"],\"inLanguage\":\"es\"},{\"@type\":\"WebPage\",\"@id\":\"https:\/\/distribution.audio-technica.eu\/es-es\/noticias\/genelec-g-songlab-potencia-a-los-jovenes-creadores-de-musica\/\",\"url\":\"https:\/\/distribution.audio-technica.eu\/es-es\/noticias\/genelec-g-songlab-potencia-a-los-jovenes-creadores-de-musica\/\",\"name\":\"Genelec G SongLab potencia a los j\u00f3venes creadores de m\u00fasica - Audio-Technica Iberia\",\"isPartOf\":{\"@id\":\"https:\/\/distribution.audio-technica.eu\/es-es\/#website\"},\"primaryImageOfPage\":{\"@id\":\"https:\/\/distribution.audio-technica.eu\/es-es\/noticias\/genelec-g-songlab-potencia-a-los-jovenes-creadores-de-musica\/#primaryimage\"},\"image\":{\"@id\":\"https:\/\/distribution.audio-technica.eu\/es-es\/noticias\/genelec-g-songlab-potencia-a-los-jovenes-creadores-de-musica\/#primaryimage\"},\"thumbnailUrl\":\"\/app\/uploads\/sites\/2\/WP-G_SongLab_Press_Image_banner.jpg\",\"datePublished\":\"2020-04-16T16:08:11+00:00\",\"dateModified\":\"2023-07-31T09:22:50+00:00\",\"author\":{\"@id\":\"https:\/\/distribution.audio-technica.eu\/es-es\/#\/schema\/person\/dbf0d33217ceab6329b4c3144742f2fb\"},\"breadcrumb\":{\"@id\":\"https:\/\/distribution.audio-technica.eu\/es-es\/noticias\/genelec-g-songlab-potencia-a-los-jovenes-creadores-de-musica\/#breadcrumb\"},\"inLanguage\":\"es\",\"potentialAction\":[{\"@type\":\"ReadAction\",\"target\":[\"https:\/\/distribution.audio-technica.eu\/es-es\/noticias\/genelec-g-songlab-potencia-a-los-jovenes-creadores-de-musica\/\"]}]},{\"@type\":\"ImageObject\",\"inLanguage\":\"es\",\"@id\":\"https:\/\/distribution.audio-technica.eu\/es-es\/noticias\/genelec-g-songlab-potencia-a-los-jovenes-creadores-de-musica\/#primaryimage\",\"url\":\"\/app\/uploads\/sites\/2\/WP-G_SongLab_Press_Image_banner.jpg\",\"contentUrl\":\"\/app\/uploads\/sites\/2\/WP-G_SongLab_Press_Image_banner.jpg\",\"width\":640,\"height\":360},{\"@type\":\"BreadcrumbList\",\"@id\":\"https:\/\/distribution.audio-technica.eu\/es-es\/noticias\/genelec-g-songlab-potencia-a-los-jovenes-creadores-de-musica\/#breadcrumb\",\"itemListElement\":[{\"@type\":\"ListItem\",\"position\":1,\"name\":\"Products\",\"item\":\"https:\/\/distribution.audio-technica.eu\/es-es\/\"},{\"@type\":\"ListItem\",\"position\":2,\"name\":\"Genelec G SongLab potencia a los j\u00f3venes creadores de m\u00fasica\"}]},{\"@type\":\"WebSite\",\"@id\":\"https:\/\/distribution.audio-technica.eu\/es-es\/#website\",\"url\":\"https:\/\/distribution.audio-technica.eu\/es-es\/\",\"name\":\"Audio-Technica Iberia\",\"description\":\"Distribuci\u00f3n\",\"potentialAction\":[{\"@type\":\"SearchAction\",\"target\":{\"@type\":\"EntryPoint\",\"urlTemplate\":\"https:\/\/distribution.audio-technica.eu\/es-es\/?s={search_term_string}\"},\"query-input\":{\"@type\":\"PropertyValueSpecification\",\"valueRequired\":true,\"valueName\":\"search_term_string\"}}],\"inLanguage\":\"es\"},{\"@type\":\"Person\",\"@id\":\"https:\/\/distribution.audio-technica.eu\/es-es\/#\/schema\/person\/dbf0d33217ceab6329b4c3144742f2fb\",\"name\":\"ctorras\"}]}<\/script>\n<!-- \/ Yoast SEO plugin. -->","yoast_head_json":{"title":"Genelec G SongLab potencia a los j\u00f3venes creadores de m\u00fasica - Audio-Technica Iberia","robots":{"index":"index","follow":"follow","max-snippet":"max-snippet:-1","max-image-preview":"max-image-preview:large","max-video-preview":"max-video-preview:-1"},"canonical":"https:\/\/distribution.audio-technica.eu\/es-es\/noticias\/genelec-g-songlab-potencia-a-los-jovenes-creadores-de-musica\/","og_locale":"es_ES","og_type":"article","og_title":"Genelec G SongLab potencia a los j\u00f3venes creadores de m\u00fasica - Audio-Technica Iberia","og_description":"Genelec se enorgullece de anunciar el lanzamiento del G SongLab, iniciativa que forma parte de la \u201cGenelec Academy\u201d y ofrece a la gente joven el libre acceso con seguridad a una comunidad de aprendizaje online, a trav\u00e9s de la cual pueden colaborar y conversar con otras personas para el desarrollo de sus habilidades en composici\u00f3n [&hellip;]","og_url":"https:\/\/distribution.audio-technica.eu\/es-es\/noticias\/genelec-g-songlab-potencia-a-los-jovenes-creadores-de-musica\/","og_site_name":"Audio-Technica Iberia","article_published_time":"2020-04-16T16:08:11+00:00","article_modified_time":"2023-07-31T09:22:50+00:00","og_image":[{"width":640,"height":360,"url":"https:\/\/distribution.audio-technica.eu\/app\/uploads\/sites\/2\/WP-G_SongLab_Press_Image_banner.jpg","type":"image\/jpeg"}],"author":"ctorras","twitter_card":"summary_large_image","twitter_misc":{"Escrito por":"ctorras","Tiempo de lectura":"3 minutos"},"schema":{"@context":"https:\/\/schema.org","@graph":[{"@type":"Article","@id":"https:\/\/distribution.audio-technica.eu\/es-es\/noticias\/genelec-g-songlab-potencia-a-los-jovenes-creadores-de-musica\/#article","isPartOf":{"@id":"https:\/\/distribution.audio-technica.eu\/es-es\/noticias\/genelec-g-songlab-potencia-a-los-jovenes-creadores-de-musica\/"},"author":{"name":"ctorras","@id":"https:\/\/distribution.audio-technica.eu\/es-es\/#\/schema\/person\/dbf0d33217ceab6329b4c3144742f2fb"},"headline":"Genelec G SongLab potencia a los j\u00f3venes creadores de m\u00fasica","datePublished":"2020-04-16T16:08:11+00:00","dateModified":"2023-07-31T09:22:50+00:00","mainEntityOfPage":{"@id":"https:\/\/distribution.audio-technica.eu\/es-es\/noticias\/genelec-g-songlab-potencia-a-los-jovenes-creadores-de-musica\/"},"wordCount":679,"image":{"@id":"https:\/\/distribution.audio-technica.eu\/es-es\/noticias\/genelec-g-songlab-potencia-a-los-jovenes-creadores-de-musica\/#primaryimage"},"thumbnailUrl":"\/app\/uploads\/sites\/2\/WP-G_SongLab_Press_Image_banner.jpg","keywords":["G SongLab","M\u00fasicos"],"articleSection":["Artistas","Noticias"],"inLanguage":"es"},{"@type":"WebPage","@id":"https:\/\/distribution.audio-technica.eu\/es-es\/noticias\/genelec-g-songlab-potencia-a-los-jovenes-creadores-de-musica\/","url":"https:\/\/distribution.audio-technica.eu\/es-es\/noticias\/genelec-g-songlab-potencia-a-los-jovenes-creadores-de-musica\/","name":"Genelec G SongLab potencia a los j\u00f3venes creadores de m\u00fasica - Audio-Technica Iberia","isPartOf":{"@id":"https:\/\/distribution.audio-technica.eu\/es-es\/#website"},"primaryImageOfPage":{"@id":"https:\/\/distribution.audio-technica.eu\/es-es\/noticias\/genelec-g-songlab-potencia-a-los-jovenes-creadores-de-musica\/#primaryimage"},"image":{"@id":"https:\/\/distribution.audio-technica.eu\/es-es\/noticias\/genelec-g-songlab-potencia-a-los-jovenes-creadores-de-musica\/#primaryimage"},"thumbnailUrl":"\/app\/uploads\/sites\/2\/WP-G_SongLab_Press_Image_banner.jpg","datePublished":"2020-04-16T16:08:11+00:00","dateModified":"2023-07-31T09:22:50+00:00","author":{"@id":"https:\/\/distribution.audio-technica.eu\/es-es\/#\/schema\/person\/dbf0d33217ceab6329b4c3144742f2fb"},"breadcrumb":{"@id":"https:\/\/distribution.audio-technica.eu\/es-es\/noticias\/genelec-g-songlab-potencia-a-los-jovenes-creadores-de-musica\/#breadcrumb"},"inLanguage":"es","potentialAction":[{"@type":"ReadAction","target":["https:\/\/distribution.audio-technica.eu\/es-es\/noticias\/genelec-g-songlab-potencia-a-los-jovenes-creadores-de-musica\/"]}]},{"@type":"ImageObject","inLanguage":"es","@id":"https:\/\/distribution.audio-technica.eu\/es-es\/noticias\/genelec-g-songlab-potencia-a-los-jovenes-creadores-de-musica\/#primaryimage","url":"\/app\/uploads\/sites\/2\/WP-G_SongLab_Press_Image_banner.jpg","contentUrl":"\/app\/uploads\/sites\/2\/WP-G_SongLab_Press_Image_banner.jpg","width":640,"height":360},{"@type":"BreadcrumbList","@id":"https:\/\/distribution.audio-technica.eu\/es-es\/noticias\/genelec-g-songlab-potencia-a-los-jovenes-creadores-de-musica\/#breadcrumb","itemListElement":[{"@type":"ListItem","position":1,"name":"Products","item":"https:\/\/distribution.audio-technica.eu\/es-es\/"},{"@type":"ListItem","position":2,"name":"Genelec G SongLab potencia a los j\u00f3venes creadores de m\u00fasica"}]},{"@type":"WebSite","@id":"https:\/\/distribution.audio-technica.eu\/es-es\/#website","url":"https:\/\/distribution.audio-technica.eu\/es-es\/","name":"Audio-Technica Iberia","description":"Distribuci\u00f3n","potentialAction":[{"@type":"SearchAction","target":{"@type":"EntryPoint","urlTemplate":"https:\/\/distribution.audio-technica.eu\/es-es\/?s={search_term_string}"},"query-input":{"@type":"PropertyValueSpecification","valueRequired":true,"valueName":"search_term_string"}}],"inLanguage":"es"},{"@type":"Person","@id":"https:\/\/distribution.audio-technica.eu\/es-es\/#\/schema\/person\/dbf0d33217ceab6329b4c3144742f2fb","name":"ctorras"}]}},"_links":{"self":[{"href":"https:\/\/distribution.audio-technica.eu\/es-es\/wp-json\/wp\/v2\/posts\/20592","targetHints":{"allow":["GET"]}}],"collection":[{"href":"https:\/\/distribution.audio-technica.eu\/es-es\/wp-json\/wp\/v2\/posts"}],"about":[{"href":"https:\/\/distribution.audio-technica.eu\/es-es\/wp-json\/wp\/v2\/types\/post"}],"author":[{"embeddable":true,"href":"https:\/\/distribution.audio-technica.eu\/es-es\/wp-json\/wp\/v2\/users\/2"}],"replies":[{"embeddable":true,"href":"https:\/\/distribution.audio-technica.eu\/es-es\/wp-json\/wp\/v2\/comments?post=20592"}],"version-history":[{"count":7,"href":"https:\/\/distribution.audio-technica.eu\/es-es\/wp-json\/wp\/v2\/posts\/20592\/revisions"}],"predecessor-version":[{"id":20728,"href":"https:\/\/distribution.audio-technica.eu\/es-es\/wp-json\/wp\/v2\/posts\/20592\/revisions\/20728"}],"wp:featuredmedia":[{"embeddable":true,"href":"https:\/\/distribution.audio-technica.eu\/es-es\/wp-json\/wp\/v2\/media\/20595"}],"wp:attachment":[{"href":"https:\/\/distribution.audio-technica.eu\/es-es\/wp-json\/wp\/v2\/media?parent=20592"}],"wp:term":[{"taxonomy":"category","embeddable":true,"href":"https:\/\/distribution.audio-technica.eu\/es-es\/wp-json\/wp\/v2\/categories?post=20592"},{"taxonomy":"post_tag","embeddable":true,"href":"https:\/\/distribution.audio-technica.eu\/es-es\/wp-json\/wp\/v2\/tags?post=20592"}],"curies":[{"name":"wp","href":"https:\/\/api.w.org\/{rel}","templated":true}]}}