{"id":21377,"date":"2020-06-12T14:04:24","date_gmt":"2020-06-12T12:04:24","guid":{"rendered":"https:\/\/atdb-production.studiograft.dev\/es\/?p=21377"},"modified":"2023-07-31T10:30:09","modified_gmt":"2023-07-31T08:30:09","slug":"id14-simplifica-el-trabajo-a-dan-lenard-para-las-locuciones-de-voz-en-off","status":"publish","type":"post","link":"https:\/\/distribution.audio-technica.eu\/es-es\/noticias\/id14-simplifica-el-trabajo-a-dan-lenard-para-las-locuciones-de-voz-en-off\/","title":{"rendered":"iD14 simplifica el trabajo a Dan Lenard para las locuciones de voz en off"},"content":{"rendered":"<figure id=\"attachment_21387\" aria-describedby=\"caption-attachment-21387\" style=\"width: 800px\" class=\"wp-caption aligncenter\"><a href=\"https:\/\/distribution.audio-technica.eu\/es\/wp-content\/uploads\/sites\/2\/Dan-Lenard-1-830x623-1.jpg\"><img loading=\"lazy\" decoding=\"async\" class=\"size-fusion-800 wp-image-21387\" src=\"\/es\/wp-content\/uploads\/sites\/2\/Dan-Lenard-1-830x623-1-800x600.jpg\" alt=\"\" width=\"800\" height=\"600\" srcset=\"https:\/\/distribution.audio-technica.eu\/app\/uploads\/sites\/2\/Dan-Lenard-1-830x623-1-800x600.jpg 800w, https:\/\/distribution.audio-technica.eu\/app\/uploads\/sites\/2\/Dan-Lenard-1-830x623-1-300x225.jpg 300w, https:\/\/distribution.audio-technica.eu\/app\/uploads\/sites\/2\/Dan-Lenard-1-830x623-1-150x113.jpg 150w, https:\/\/distribution.audio-technica.eu\/app\/uploads\/sites\/2\/Dan-Lenard-1-830x623-1-768x576.jpg 768w, https:\/\/distribution.audio-technica.eu\/app\/uploads\/sites\/2\/Dan-Lenard-1-830x623-1-200x150.jpg 200w, https:\/\/distribution.audio-technica.eu\/app\/uploads\/sites\/2\/Dan-Lenard-1-830x623-1-400x300.jpg 400w, https:\/\/distribution.audio-technica.eu\/app\/uploads\/sites\/2\/Dan-Lenard-1-830x623-1-600x450.jpg 600w, https:\/\/distribution.audio-technica.eu\/app\/uploads\/sites\/2\/Dan-Lenard-1-830x623-1.jpg 830w\" sizes=\"auto, (max-width: 800px) 100vw, 800px\" \/><\/a><figcaption id=\"caption-attachment-21387\" class=\"wp-caption-text\">Dan Lenard en su home studio con Audient iD14<\/figcaption><\/figure>\n<p>Dan Lenard, actor de doblaje, productor, podcaster y propietario de un <a href=\"https:\/\/audient.com\/es\/productos\/interfaces-de-audio\/id14\/presentacion\/\" target=\"_blank\" rel=\"noopener noreferrer\">Audient iD14<\/a>, sostiene que cuando se trata de equipo, es mejor mantenerlo simple. \u201c<em>Creo en el minimalismo. Para grabar de forma clara y adecuada solo se requiere una ruta de audio corta. Consiste en el micr\u00f3fono directamente conectado a una excelente interfaz como el Audient iD14 y a mi Mac mini usando Adobe Audition como mi software de grabaci\u00f3n<\/em>\u201d, dice.<\/p>\n<p>Reconocido experto de la industria, co-anfitri\u00f3n de <a href=\"https:\/\/www.vobs.tv\/\" target=\"_blank\" rel=\"noopener noreferrer\">Voice Over Body Shop<\/a>, un webcast semanal que cubre todos los aspectos de la industria de la voz en off con \u00e9nfasis en la tecnolog\u00eda de estudio de VO en el hogar. No tiene problemas para obtener contenido, ya que comenz\u00f3 en la industria en 1975. \u00ab<em>Me gusta decir que he estado haciendo esto profesionalmente desde la administraci\u00f3n de Gerald Ford. B\u00e1sicamente, [lo he estado haciendo] desde que me gradu\u00e9 de la escuela secundaria<\/em>\u00ab, se r\u00ede.<\/p>\n<p>Con innumerables voces en off para la formaci\u00f3n online, anuncios comerciales, narraciones corporativas, m\u00e9dicas y religiosas a su nombre, Dan tiene todas las razones para saber de qu\u00e9 est\u00e1 hablando. \u00ab<em>Para m\u00ed, una interfaz debe ser simplemente plug and play\u00bb, aclara. \u201cEl iD14 es simple y tiene algunas caracter\u00edsticas interesantes que pueden ayudarte con tu podcast. Me gusta la gran control que silencia los monitores. Suena suave y tiene un gran amplificador de salida para mis monitores de estudio. El medidor VU es f\u00e1cil de ver, lo que hace que la configuraci\u00f3n de los niveles sea muy sencilla<\/em>\u201d.<\/p>\n<p>Siguiendo su propio consejo minimalista, graba todo en su propio home studio, que describe como \u00abesencialmente un vestidor tratado ac\u00fasticamente para ser un ambiente ac\u00fastico que no rechaza el sonido\u00bb. Y contin\u00faa: \u201cLa casa que compramos en Sherman Oaks, California, ten\u00eda un estudio de grabaci\u00f3n integrado en el garaje ya por los antiguos propietarios. Hizo una reconfiguraci\u00f3n para convertirlo en un estudio espec\u00edfico de voz en off con un estudio de televisi\u00f3n de pantalla verde tambi\u00e9n. Mi cabina vocal era la antigua sala insonorizada de la bater\u00eda. Mi antiguo estudio en Buffalo, Nueva York, era definitivamente un armario m\u00e1s peque\u00f1o. Aprend\u00ed mucho sobre la ac\u00fastica de las cabinas peque\u00f1as de esa compacta cabina\u201d.<\/p>\n<p>De hecho, \u00absiempre se aprende\u00bb es un consejo que compartir\u00eda gustosamente con su yo m\u00e1s joven, as\u00ed como un ligero recordatorio de que el \u00e9xito no llega de la noche a la ma\u00f1ana. En efecto invirti\u00f3 muchas horas y fue uno de los primeros en utilizar el podcasting, su nombre aparece en los podcasts desde 2005, a\u00f1os antes de que se volvieran tan omnipresentes.<\/p>\n<figure id=\"attachment_21386\" aria-describedby=\"caption-attachment-21386\" style=\"width: 800px\" class=\"wp-caption aligncenter\"><a href=\"https:\/\/distribution.audio-technica.eu\/es\/wp-content\/uploads\/sites\/2\/IMG-0660-scaled-1.jpg\"><img loading=\"lazy\" decoding=\"async\" class=\"size-fusion-800 wp-image-21386\" src=\"\/es\/wp-content\/uploads\/sites\/2\/IMG-0660-scaled-1-800x600.jpg\" alt=\"\" width=\"800\" height=\"600\" srcset=\"https:\/\/distribution.audio-technica.eu\/app\/uploads\/sites\/2\/IMG-0660-scaled-1-800x600.jpg 800w, https:\/\/distribution.audio-technica.eu\/app\/uploads\/sites\/2\/IMG-0660-scaled-1-300x225.jpg 300w, https:\/\/distribution.audio-technica.eu\/app\/uploads\/sites\/2\/IMG-0660-scaled-1-1024x768.jpg 1024w, https:\/\/distribution.audio-technica.eu\/app\/uploads\/sites\/2\/IMG-0660-scaled-1-150x113.jpg 150w, https:\/\/distribution.audio-technica.eu\/app\/uploads\/sites\/2\/IMG-0660-scaled-1-768x576.jpg 768w, https:\/\/distribution.audio-technica.eu\/app\/uploads\/sites\/2\/IMG-0660-scaled-1-200x150.jpg 200w, https:\/\/distribution.audio-technica.eu\/app\/uploads\/sites\/2\/IMG-0660-scaled-1-400x300.jpg 400w, https:\/\/distribution.audio-technica.eu\/app\/uploads\/sites\/2\/IMG-0660-scaled-1-600x450.jpg 600w, https:\/\/distribution.audio-technica.eu\/app\/uploads\/sites\/2\/IMG-0660-scaled-1-1200x900.jpg 1200w, https:\/\/distribution.audio-technica.eu\/app\/uploads\/sites\/2\/IMG-0660-scaled-1.jpg 1500w\" sizes=\"auto, (max-width: 800px) 100vw, 800px\" \/><\/a><figcaption id=\"caption-attachment-21386\" class=\"wp-caption-text\">Dan Lenard y sus t\u00e9cnicas de micr\u00f3fono: echa un vistazo al Tutorial Hub<\/figcaption><\/figure>\n<p>Dan tambi\u00e9n ofrece informaci\u00f3n valiosa sobre c\u00f3mo producir la mejor voz en off de estudio en <a href=\"https:\/\/www.homevoiceoverstudio.com\/\" target=\"_blank\" rel=\"noopener noreferrer\">Home Studio Master<\/a>, aprovechando su experiencia de m\u00e1s de 30 a\u00f1os detr\u00e1s del micr\u00f3fono para ayudar a los clientes, desde ac\u00fastica hasta qu\u00e9 equipo usar. \u201cTengo varios micr\u00f3fonos diferentes, pero creo firmemente que mi voz sonar\u00e1 como yo quiera sin importar el micr\u00f3fono que use. Los frikis de los equipos tecnol\u00f3gicos no estar\u00e1n de acuerdo, pero los frikis no contratan talentos de voz \u00ab.<\/p>\n<p>Lee m\u00e1s consejos e ideas de la voz en off de este maestro y padrino del podcasting, revisando los art\u00edculos de Dan sobre <a href=\"https:\/\/audient.com\/tutorial\/acoustics-for-podcasting\/\" target=\"_blank\" rel=\"noopener noreferrer\">ac\u00fastica para podcasting<\/a>, <a href=\"https:\/\/audient.com\/tutorial\/proper-audio-levels-podcast\/\" target=\"_blank\" rel=\"noopener noreferrer\">c\u00f3mo ajustar los niveles de audio para tu podcast<\/a> y procesos clave sobre la <a href=\"https:\/\/audient.com\/tutorial\/podcast-mic-technique\/\" target=\"_blank\" rel=\"noopener noreferrer\">t\u00e9cnica de micr\u00f3fono<\/a> en el <a href=\"https:\/\/audient.com\/tutorials\/\" target=\"_blank\" rel=\"noopener noreferrer\">Tutorial Hub<\/a>: \u00e9chale un vistazo!.<\/p>\n<p>&nbsp;<\/p>\n<p>&nbsp;<\/p>\n","protected":false},"excerpt":{"rendered":"<p>Dan Lenard, actor de doblaje, productor, podcaster y propietario de un Audient iD14, sostiene que cuando se trata de equipo, es mejor mantenerlo simple. \u201cCreo en el minimalismo. Para grabar de forma clara y adecuada solo se requiere una ruta de audio corta. Consiste en el micr\u00f3fono directamente conectado a una excelente interfaz como el [&hellip;]<\/p>\n","protected":false},"author":2,"featured_media":21384,"comment_status":"closed","ping_status":"closed","sticky":false,"template":"","format":"standard","meta":{"_acf_changed":false,"footnotes":""},"categories":[2459],"tags":[2224,1731,2226],"class_list":["post-21377","post","type-post","status-publish","format-standard","has-post-thumbnail","hentry","category-usuarios","tag-doblaje","tag-id14","tag-locucion"],"acf":[],"yoast_head":"<!-- This site is optimized with the Yoast SEO plugin v27.1.1 - https:\/\/yoast.com\/product\/yoast-seo-wordpress\/ -->\n<title>iD14 simplifica el trabajo a Dan Lenard para las locuciones de voz en off - Audio-Technica Iberia<\/title>\n<meta name=\"robots\" content=\"index, follow, max-snippet:-1, max-image-preview:large, max-video-preview:-1\" \/>\n<link rel=\"canonical\" href=\"https:\/\/distribution.audio-technica.eu\/es-es\/noticias\/id14-simplifica-el-trabajo-a-dan-lenard-para-las-locuciones-de-voz-en-off\/\" \/>\n<meta property=\"og:locale\" content=\"es_ES\" \/>\n<meta property=\"og:type\" content=\"article\" \/>\n<meta property=\"og:title\" content=\"iD14 simplifica el trabajo a Dan Lenard para las locuciones de voz en off - Audio-Technica Iberia\" \/>\n<meta property=\"og:description\" content=\"Dan Lenard, actor de doblaje, productor, podcaster y propietario de un Audient iD14, sostiene que cuando se trata de equipo, es mejor mantenerlo simple. \u201cCreo en el minimalismo. Para grabar de forma clara y adecuada solo se requiere una ruta de audio corta. Consiste en el micr\u00f3fono directamente conectado a una excelente interfaz como el [&hellip;]\" \/>\n<meta property=\"og:url\" content=\"https:\/\/distribution.audio-technica.eu\/es-es\/noticias\/id14-simplifica-el-trabajo-a-dan-lenard-para-las-locuciones-de-voz-en-off\/\" \/>\n<meta property=\"og:site_name\" content=\"Audio-Technica Iberia\" \/>\n<meta property=\"article:published_time\" content=\"2020-06-12T12:04:24+00:00\" \/>\n<meta property=\"article:modified_time\" content=\"2023-07-31T08:30:09+00:00\" \/>\n<meta property=\"og:image\" content=\"https:\/\/distribution.audio-technica.eu\/app\/uploads\/sites\/2\/Dan-Lenard-2-scaled_banner.jpg\" \/>\n\t<meta property=\"og:image:width\" content=\"640\" \/>\n\t<meta property=\"og:image:height\" content=\"360\" \/>\n\t<meta property=\"og:image:type\" content=\"image\/jpeg\" \/>\n<meta name=\"author\" content=\"ctorras\" \/>\n<meta name=\"twitter:card\" content=\"summary_large_image\" \/>\n<meta name=\"twitter:label1\" content=\"Escrito por\" \/>\n\t<meta name=\"twitter:data1\" content=\"ctorras\" \/>\n\t<meta name=\"twitter:label2\" content=\"Tiempo de lectura\" \/>\n\t<meta name=\"twitter:data2\" content=\"3 minutos\" \/>\n<script type=\"application\/ld+json\" class=\"yoast-schema-graph\">{\"@context\":\"https:\/\/schema.org\",\"@graph\":[{\"@type\":\"Article\",\"@id\":\"https:\/\/distribution.audio-technica.eu\/es-es\/noticias\/id14-simplifica-el-trabajo-a-dan-lenard-para-las-locuciones-de-voz-en-off\/#article\",\"isPartOf\":{\"@id\":\"https:\/\/distribution.audio-technica.eu\/es-es\/noticias\/id14-simplifica-el-trabajo-a-dan-lenard-para-las-locuciones-de-voz-en-off\/\"},\"author\":{\"name\":\"ctorras\",\"@id\":\"https:\/\/distribution.audio-technica.eu\/es-es\/#\/schema\/person\/dbf0d33217ceab6329b4c3144742f2fb\"},\"headline\":\"iD14 simplifica el trabajo a Dan Lenard para las locuciones de voz en off\",\"datePublished\":\"2020-06-12T12:04:24+00:00\",\"dateModified\":\"2023-07-31T08:30:09+00:00\",\"mainEntityOfPage\":{\"@id\":\"https:\/\/distribution.audio-technica.eu\/es-es\/noticias\/id14-simplifica-el-trabajo-a-dan-lenard-para-las-locuciones-de-voz-en-off\/\"},\"wordCount\":657,\"image\":{\"@id\":\"https:\/\/distribution.audio-technica.eu\/es-es\/noticias\/id14-simplifica-el-trabajo-a-dan-lenard-para-las-locuciones-de-voz-en-off\/#primaryimage\"},\"thumbnailUrl\":\"\/app\/uploads\/sites\/2\/Dan-Lenard-2-scaled_banner.jpg\",\"keywords\":[\"Doblaje\",\"id14\",\"Locuci\u00f3n\"],\"articleSection\":[\"Usuarios\"],\"inLanguage\":\"es\"},{\"@type\":\"WebPage\",\"@id\":\"https:\/\/distribution.audio-technica.eu\/es-es\/noticias\/id14-simplifica-el-trabajo-a-dan-lenard-para-las-locuciones-de-voz-en-off\/\",\"url\":\"https:\/\/distribution.audio-technica.eu\/es-es\/noticias\/id14-simplifica-el-trabajo-a-dan-lenard-para-las-locuciones-de-voz-en-off\/\",\"name\":\"iD14 simplifica el trabajo a Dan Lenard para las locuciones de voz en off - Audio-Technica Iberia\",\"isPartOf\":{\"@id\":\"https:\/\/distribution.audio-technica.eu\/es-es\/#website\"},\"primaryImageOfPage\":{\"@id\":\"https:\/\/distribution.audio-technica.eu\/es-es\/noticias\/id14-simplifica-el-trabajo-a-dan-lenard-para-las-locuciones-de-voz-en-off\/#primaryimage\"},\"image\":{\"@id\":\"https:\/\/distribution.audio-technica.eu\/es-es\/noticias\/id14-simplifica-el-trabajo-a-dan-lenard-para-las-locuciones-de-voz-en-off\/#primaryimage\"},\"thumbnailUrl\":\"\/app\/uploads\/sites\/2\/Dan-Lenard-2-scaled_banner.jpg\",\"datePublished\":\"2020-06-12T12:04:24+00:00\",\"dateModified\":\"2023-07-31T08:30:09+00:00\",\"author\":{\"@id\":\"https:\/\/distribution.audio-technica.eu\/es-es\/#\/schema\/person\/dbf0d33217ceab6329b4c3144742f2fb\"},\"breadcrumb\":{\"@id\":\"https:\/\/distribution.audio-technica.eu\/es-es\/noticias\/id14-simplifica-el-trabajo-a-dan-lenard-para-las-locuciones-de-voz-en-off\/#breadcrumb\"},\"inLanguage\":\"es\",\"potentialAction\":[{\"@type\":\"ReadAction\",\"target\":[\"https:\/\/distribution.audio-technica.eu\/es-es\/noticias\/id14-simplifica-el-trabajo-a-dan-lenard-para-las-locuciones-de-voz-en-off\/\"]}]},{\"@type\":\"ImageObject\",\"inLanguage\":\"es\",\"@id\":\"https:\/\/distribution.audio-technica.eu\/es-es\/noticias\/id14-simplifica-el-trabajo-a-dan-lenard-para-las-locuciones-de-voz-en-off\/#primaryimage\",\"url\":\"\/app\/uploads\/sites\/2\/Dan-Lenard-2-scaled_banner.jpg\",\"contentUrl\":\"\/app\/uploads\/sites\/2\/Dan-Lenard-2-scaled_banner.jpg\",\"width\":640,\"height\":360},{\"@type\":\"BreadcrumbList\",\"@id\":\"https:\/\/distribution.audio-technica.eu\/es-es\/noticias\/id14-simplifica-el-trabajo-a-dan-lenard-para-las-locuciones-de-voz-en-off\/#breadcrumb\",\"itemListElement\":[{\"@type\":\"ListItem\",\"position\":1,\"name\":\"Products\",\"item\":\"https:\/\/distribution.audio-technica.eu\/es-es\/\"},{\"@type\":\"ListItem\",\"position\":2,\"name\":\"iD14 simplifica el trabajo a Dan Lenard para las locuciones de voz en off\"}]},{\"@type\":\"WebSite\",\"@id\":\"https:\/\/distribution.audio-technica.eu\/es-es\/#website\",\"url\":\"https:\/\/distribution.audio-technica.eu\/es-es\/\",\"name\":\"Audio-Technica Iberia\",\"description\":\"Distribuci\u00f3n\",\"potentialAction\":[{\"@type\":\"SearchAction\",\"target\":{\"@type\":\"EntryPoint\",\"urlTemplate\":\"https:\/\/distribution.audio-technica.eu\/es-es\/?s={search_term_string}\"},\"query-input\":{\"@type\":\"PropertyValueSpecification\",\"valueRequired\":true,\"valueName\":\"search_term_string\"}}],\"inLanguage\":\"es\"},{\"@type\":\"Person\",\"@id\":\"https:\/\/distribution.audio-technica.eu\/es-es\/#\/schema\/person\/dbf0d33217ceab6329b4c3144742f2fb\",\"name\":\"ctorras\"}]}<\/script>\n<!-- \/ Yoast SEO plugin. -->","yoast_head_json":{"title":"iD14 simplifica el trabajo a Dan Lenard para las locuciones de voz en off - Audio-Technica Iberia","robots":{"index":"index","follow":"follow","max-snippet":"max-snippet:-1","max-image-preview":"max-image-preview:large","max-video-preview":"max-video-preview:-1"},"canonical":"https:\/\/distribution.audio-technica.eu\/es-es\/noticias\/id14-simplifica-el-trabajo-a-dan-lenard-para-las-locuciones-de-voz-en-off\/","og_locale":"es_ES","og_type":"article","og_title":"iD14 simplifica el trabajo a Dan Lenard para las locuciones de voz en off - Audio-Technica Iberia","og_description":"Dan Lenard, actor de doblaje, productor, podcaster y propietario de un Audient iD14, sostiene que cuando se trata de equipo, es mejor mantenerlo simple. \u201cCreo en el minimalismo. Para grabar de forma clara y adecuada solo se requiere una ruta de audio corta. Consiste en el micr\u00f3fono directamente conectado a una excelente interfaz como el [&hellip;]","og_url":"https:\/\/distribution.audio-technica.eu\/es-es\/noticias\/id14-simplifica-el-trabajo-a-dan-lenard-para-las-locuciones-de-voz-en-off\/","og_site_name":"Audio-Technica Iberia","article_published_time":"2020-06-12T12:04:24+00:00","article_modified_time":"2023-07-31T08:30:09+00:00","og_image":[{"width":640,"height":360,"url":"https:\/\/distribution.audio-technica.eu\/app\/uploads\/sites\/2\/Dan-Lenard-2-scaled_banner.jpg","type":"image\/jpeg"}],"author":"ctorras","twitter_card":"summary_large_image","twitter_misc":{"Escrito por":"ctorras","Tiempo de lectura":"3 minutos"},"schema":{"@context":"https:\/\/schema.org","@graph":[{"@type":"Article","@id":"https:\/\/distribution.audio-technica.eu\/es-es\/noticias\/id14-simplifica-el-trabajo-a-dan-lenard-para-las-locuciones-de-voz-en-off\/#article","isPartOf":{"@id":"https:\/\/distribution.audio-technica.eu\/es-es\/noticias\/id14-simplifica-el-trabajo-a-dan-lenard-para-las-locuciones-de-voz-en-off\/"},"author":{"name":"ctorras","@id":"https:\/\/distribution.audio-technica.eu\/es-es\/#\/schema\/person\/dbf0d33217ceab6329b4c3144742f2fb"},"headline":"iD14 simplifica el trabajo a Dan Lenard para las locuciones de voz en off","datePublished":"2020-06-12T12:04:24+00:00","dateModified":"2023-07-31T08:30:09+00:00","mainEntityOfPage":{"@id":"https:\/\/distribution.audio-technica.eu\/es-es\/noticias\/id14-simplifica-el-trabajo-a-dan-lenard-para-las-locuciones-de-voz-en-off\/"},"wordCount":657,"image":{"@id":"https:\/\/distribution.audio-technica.eu\/es-es\/noticias\/id14-simplifica-el-trabajo-a-dan-lenard-para-las-locuciones-de-voz-en-off\/#primaryimage"},"thumbnailUrl":"\/app\/uploads\/sites\/2\/Dan-Lenard-2-scaled_banner.jpg","keywords":["Doblaje","id14","Locuci\u00f3n"],"articleSection":["Usuarios"],"inLanguage":"es"},{"@type":"WebPage","@id":"https:\/\/distribution.audio-technica.eu\/es-es\/noticias\/id14-simplifica-el-trabajo-a-dan-lenard-para-las-locuciones-de-voz-en-off\/","url":"https:\/\/distribution.audio-technica.eu\/es-es\/noticias\/id14-simplifica-el-trabajo-a-dan-lenard-para-las-locuciones-de-voz-en-off\/","name":"iD14 simplifica el trabajo a Dan Lenard para las locuciones de voz en off - Audio-Technica Iberia","isPartOf":{"@id":"https:\/\/distribution.audio-technica.eu\/es-es\/#website"},"primaryImageOfPage":{"@id":"https:\/\/distribution.audio-technica.eu\/es-es\/noticias\/id14-simplifica-el-trabajo-a-dan-lenard-para-las-locuciones-de-voz-en-off\/#primaryimage"},"image":{"@id":"https:\/\/distribution.audio-technica.eu\/es-es\/noticias\/id14-simplifica-el-trabajo-a-dan-lenard-para-las-locuciones-de-voz-en-off\/#primaryimage"},"thumbnailUrl":"\/app\/uploads\/sites\/2\/Dan-Lenard-2-scaled_banner.jpg","datePublished":"2020-06-12T12:04:24+00:00","dateModified":"2023-07-31T08:30:09+00:00","author":{"@id":"https:\/\/distribution.audio-technica.eu\/es-es\/#\/schema\/person\/dbf0d33217ceab6329b4c3144742f2fb"},"breadcrumb":{"@id":"https:\/\/distribution.audio-technica.eu\/es-es\/noticias\/id14-simplifica-el-trabajo-a-dan-lenard-para-las-locuciones-de-voz-en-off\/#breadcrumb"},"inLanguage":"es","potentialAction":[{"@type":"ReadAction","target":["https:\/\/distribution.audio-technica.eu\/es-es\/noticias\/id14-simplifica-el-trabajo-a-dan-lenard-para-las-locuciones-de-voz-en-off\/"]}]},{"@type":"ImageObject","inLanguage":"es","@id":"https:\/\/distribution.audio-technica.eu\/es-es\/noticias\/id14-simplifica-el-trabajo-a-dan-lenard-para-las-locuciones-de-voz-en-off\/#primaryimage","url":"\/app\/uploads\/sites\/2\/Dan-Lenard-2-scaled_banner.jpg","contentUrl":"\/app\/uploads\/sites\/2\/Dan-Lenard-2-scaled_banner.jpg","width":640,"height":360},{"@type":"BreadcrumbList","@id":"https:\/\/distribution.audio-technica.eu\/es-es\/noticias\/id14-simplifica-el-trabajo-a-dan-lenard-para-las-locuciones-de-voz-en-off\/#breadcrumb","itemListElement":[{"@type":"ListItem","position":1,"name":"Products","item":"https:\/\/distribution.audio-technica.eu\/es-es\/"},{"@type":"ListItem","position":2,"name":"iD14 simplifica el trabajo a Dan Lenard para las locuciones de voz en off"}]},{"@type":"WebSite","@id":"https:\/\/distribution.audio-technica.eu\/es-es\/#website","url":"https:\/\/distribution.audio-technica.eu\/es-es\/","name":"Audio-Technica Iberia","description":"Distribuci\u00f3n","potentialAction":[{"@type":"SearchAction","target":{"@type":"EntryPoint","urlTemplate":"https:\/\/distribution.audio-technica.eu\/es-es\/?s={search_term_string}"},"query-input":{"@type":"PropertyValueSpecification","valueRequired":true,"valueName":"search_term_string"}}],"inLanguage":"es"},{"@type":"Person","@id":"https:\/\/distribution.audio-technica.eu\/es-es\/#\/schema\/person\/dbf0d33217ceab6329b4c3144742f2fb","name":"ctorras"}]}},"_links":{"self":[{"href":"https:\/\/distribution.audio-technica.eu\/es-es\/wp-json\/wp\/v2\/posts\/21377","targetHints":{"allow":["GET"]}}],"collection":[{"href":"https:\/\/distribution.audio-technica.eu\/es-es\/wp-json\/wp\/v2\/posts"}],"about":[{"href":"https:\/\/distribution.audio-technica.eu\/es-es\/wp-json\/wp\/v2\/types\/post"}],"author":[{"embeddable":true,"href":"https:\/\/distribution.audio-technica.eu\/es-es\/wp-json\/wp\/v2\/users\/2"}],"replies":[{"embeddable":true,"href":"https:\/\/distribution.audio-technica.eu\/es-es\/wp-json\/wp\/v2\/comments?post=21377"}],"version-history":[{"count":3,"href":"https:\/\/distribution.audio-technica.eu\/es-es\/wp-json\/wp\/v2\/posts\/21377\/revisions"}],"predecessor-version":[{"id":21390,"href":"https:\/\/distribution.audio-technica.eu\/es-es\/wp-json\/wp\/v2\/posts\/21377\/revisions\/21390"}],"wp:featuredmedia":[{"embeddable":true,"href":"https:\/\/distribution.audio-technica.eu\/es-es\/wp-json\/wp\/v2\/media\/21384"}],"wp:attachment":[{"href":"https:\/\/distribution.audio-technica.eu\/es-es\/wp-json\/wp\/v2\/media?parent=21377"}],"wp:term":[{"taxonomy":"category","embeddable":true,"href":"https:\/\/distribution.audio-technica.eu\/es-es\/wp-json\/wp\/v2\/categories?post=21377"},{"taxonomy":"post_tag","embeddable":true,"href":"https:\/\/distribution.audio-technica.eu\/es-es\/wp-json\/wp\/v2\/tags?post=21377"}],"curies":[{"name":"wp","href":"https:\/\/api.w.org\/{rel}","templated":true}]}}