{"id":21425,"date":"2020-07-20T18:29:30","date_gmt":"2020-07-20T16:29:30","guid":{"rendered":"https:\/\/atdb-production.studiograft.dev\/es\/?p=21425"},"modified":"2023-07-31T10:29:17","modified_gmt":"2023-07-31T08:29:17","slug":"musico-y-productor-hyde-street-studios-profundiza-con-evo4","status":"publish","type":"post","link":"https:\/\/distribution.audio-technica.eu\/es-es\/noticias\/musico-y-productor-hyde-street-studios-profundiza-con-evo4\/","title":{"rendered":"Christopher Harold Wells, el m\u00fasico y productor de Hyde Street Studios, profundiza con EVO 4"},"content":{"rendered":"<p><a href=\"https:\/\/distribution.audio-technica.eu\/es\/wp-content\/uploads\/sites\/2\/Christopher-Wells-Edited-2000x1500-1-830x623-1.jpg\"><img loading=\"lazy\" decoding=\"async\" class=\"aligncenter size-fusion-800 wp-image-21427\" src=\"\/es\/wp-content\/uploads\/sites\/2\/Christopher-Wells-Edited-2000x1500-1-830x623-1-800x600.jpg\" alt=\"\" width=\"800\" height=\"600\" srcset=\"https:\/\/distribution.audio-technica.eu\/app\/uploads\/sites\/2\/Christopher-Wells-Edited-2000x1500-1-830x623-1-800x600.jpg 800w, https:\/\/distribution.audio-technica.eu\/app\/uploads\/sites\/2\/Christopher-Wells-Edited-2000x1500-1-830x623-1-300x225.jpg 300w, https:\/\/distribution.audio-technica.eu\/app\/uploads\/sites\/2\/Christopher-Wells-Edited-2000x1500-1-830x623-1-150x113.jpg 150w, https:\/\/distribution.audio-technica.eu\/app\/uploads\/sites\/2\/Christopher-Wells-Edited-2000x1500-1-830x623-1-768x576.jpg 768w, https:\/\/distribution.audio-technica.eu\/app\/uploads\/sites\/2\/Christopher-Wells-Edited-2000x1500-1-830x623-1-200x150.jpg 200w, https:\/\/distribution.audio-technica.eu\/app\/uploads\/sites\/2\/Christopher-Wells-Edited-2000x1500-1-830x623-1-400x300.jpg 400w, https:\/\/distribution.audio-technica.eu\/app\/uploads\/sites\/2\/Christopher-Wells-Edited-2000x1500-1-830x623-1-600x450.jpg 600w, https:\/\/distribution.audio-technica.eu\/app\/uploads\/sites\/2\/Christopher-Wells-Edited-2000x1500-1-830x623-1.jpg 830w\" sizes=\"auto, (max-width: 800px) 100vw, 800px\" \/><\/a><\/p>\n<p>El m\u00fasico y productor Christopher Harold Wells adquiri\u00f3 una interfaz de audio <a href=\"https:\/\/evo.audio\/products\/evo-4\/overview\/\">EVO 4<\/a> para su home studio, para que pudiera reanudar el trabajo en el EP debut de su nueva banda grabado en los Estudios <a href=\"https:\/\/www.hydestreet.com\/\" target=\"_blank\" rel=\"noopener noreferrer\">Hyde Street<\/a> de San Francisco.<\/p>\n<p>Literalmente se detuvo en seco cuando la pandemia oblig\u00f3 a que todo se apagara, explica su situaci\u00f3n: \u201c<em>Regres\u00e9 a Carolina del Norte para un descanso r\u00e1pido y he estado encerrado desde entonces. Todav\u00eda hab\u00eda un par de pistas instrumentales y vocales que deb\u00edan terminarse, y ahora estoy en el proceso de rastrear las voces de las \u00faltimas canciones usando EVO 4.<\/em>\u00bb<\/p>\n<p>Trabajando junto al creador de \u00e9xitos, y compa\u00f1ero productor de Hyde Street Studios, Jaimeson Durr (Sammy Hagar, Joe Satriani, Train, Mickey Hart) en el disco, describe a su banda <a href=\"https:\/\/soundcloud.com\/the-neverlutionaries\/sets\/neverlutionaries-ep\" target=\"_blank\" rel=\"noopener noreferrer\">The Neverlutionaries<\/a> como \u00ab<em>alma psicod\u00e9lica mezclada con texturas pegadizas de rock alternativo<\/em>\u00ab. de \u00ab<em>un revuelto elenco de m\u00fasicos talentosos, incluido el legendario guitarrista de Kidrock, Kenny Olson<\/em>\u00ab.<\/p>\n<p>Con la fecha de lanzamiento del EP acerc\u00e1ndose r\u00e1pidamente, fue un verdadero golpe tener que detenerlo todo. Sin embargo, conseguir la interfaz de audio EVO 4 significaba que pod\u00eda ser productivo mientras se quedaba en casa. Su setup \u00abreducido\u00bb ahora incluye un iMac 21.5, EVO 4, software Studio One, monitores Auralex y micr\u00f3fonos AKG. \u00ab<em>EVO 4 es un cambio de juego en mi humilde opini\u00f3n<\/em>\u00ab, dice Christopher. \u00ab<em>Es s\u00faper rentable y el tama\u00f1o reducido es una gran ventaja en lo que respecta al espacio<\/em>\u00ab.<\/p>\n<p>Como con muchos de nosotros, Christopher luch\u00f3 para acceder a su creatividad desde el principio y durante la pandemia. \u00ab<em>Estos son tiempos serios, y al principio no pude tocar nada durante unas semanas porque estaba un poco asustado por todo eso. Luego me instal\u00e9 y comenc\u00e9 a aclimatarme a la nueva energ\u00eda<\/em>\u00ab. Fue entonces cuando las ideas comenzaron a surgir nuevamente, lo que hace que sea a\u00fan m\u00e1s importante capturarlas r\u00e1pidamente, sin perder el tiempo con el ajuste de niveles.<\/p>\n<figure id=\"attachment_21426\" aria-describedby=\"caption-attachment-21426\" style=\"width: 550px\" class=\"wp-caption aligncenter\"><a href=\"https:\/\/distribution.audio-technica.eu\/es\/wp-content\/uploads\/sites\/2\/Christopher-H-Wells-LIVE-550x733-1.jpg\"><img loading=\"lazy\" decoding=\"async\" class=\"size-full wp-image-21426\" src=\"\/es\/wp-content\/uploads\/sites\/2\/Christopher-H-Wells-LIVE-550x733-1.jpg\" alt=\"\" width=\"550\" height=\"733\" srcset=\"https:\/\/distribution.audio-technica.eu\/app\/uploads\/sites\/2\/Christopher-H-Wells-LIVE-550x733-1.jpg 550w, https:\/\/distribution.audio-technica.eu\/app\/uploads\/sites\/2\/Christopher-H-Wells-LIVE-550x733-1-225x300.jpg 225w, https:\/\/distribution.audio-technica.eu\/app\/uploads\/sites\/2\/Christopher-H-Wells-LIVE-550x733-1-113x150.jpg 113w, https:\/\/distribution.audio-technica.eu\/app\/uploads\/sites\/2\/Christopher-H-Wells-LIVE-550x733-1-200x267.jpg 200w, https:\/\/distribution.audio-technica.eu\/app\/uploads\/sites\/2\/Christopher-H-Wells-LIVE-550x733-1-400x533.jpg 400w\" sizes=\"auto, (max-width: 550px) 100vw, 550px\" \/><\/a><figcaption id=\"caption-attachment-21426\" class=\"wp-caption-text\">El m\u00fasico Christopher Harold Wells tocando en directo<\/figcaption><\/figure>\n<p>Empec\u00e9 con EVO 4. \u201c<em>\u00a1La funci\u00f3n Smartgain es m\u00e1s que genial! Esto me permite ver los aspectos t\u00e9cnicos en unos pocos movimientos cortos y sumergirme directamente en la creaci\u00f3n. \u00a1He usado otras interfaces en el pasado que no eran f\u00e1ciles de usar y para cuando lo descubres sobre la marcha, la idea de la canci\u00f3n se ha ido volando!<\/em>\u201d r\u00ede.<\/p>\n<p><em>\u201cLo pr\u00e1ctico de tener una entrada de instrumento en la parte frontal de la unidad al lado del conector para auriculares tambi\u00e9n es fant\u00e1stico. \u00a1Poder acceder a los controles del monitor y la salida con un solo bot\u00f3n tambi\u00e9n es genial! Cuando dise\u00f1aron esta unidad, se tomaron el tiempo para hacer todas las preguntas correctas y entregar respuestas, ya que esto es tan f\u00e1cil de usar como una interfaz<\/em>\u201d.<\/p>\n<p>Con su talento que va desde el bajo, la guitarra, la voz y la producci\u00f3n, Christopher siempre se ha dedicado a su oficio. \u00ab<em>He compartido escenarios y me he enredado con tantos artistas geniales de metal, Metallica hasta el rapero Bubba Sparxxx y miembros de The Roots\u00bb,<\/em> recuerda. Sin embargo, en las \u00faltimas semanas parece haber roto nuevos l\u00edmites. \u00ab<em>Me ha hecho profundizar m\u00e1s que nunca antes, con todo, desde contenido l\u00edrico hasta m\u00e1s emoci\u00f3n en todo lo que toco\u00bb, dice, prometiendo trabajar a\u00fan m\u00e1s. \u00abEstoy usando la oscuridad de lo que est\u00e1 sucediendo para inspirar luz y espero que la m\u00fasica que creo ayude a entretener y sanar<\/em>\u00ab.<\/p>\n<figure id=\"attachment_21429\" aria-describedby=\"caption-attachment-21429\" style=\"width: 353px\" class=\"wp-caption alignleft\"><a href=\"https:\/\/distribution.audio-technica.eu\/es\/wp-content\/uploads\/sites\/2\/theneverlutionariescover-550x550-1.png\"><img loading=\"lazy\" decoding=\"async\" class=\" wp-image-21429\" src=\"\/es\/wp-content\/uploads\/sites\/2\/theneverlutionariescover-550x550-1.png\" alt=\"\" width=\"353\" height=\"353\" srcset=\"https:\/\/distribution.audio-technica.eu\/app\/uploads\/sites\/2\/theneverlutionariescover-550x550-1.png 550w, https:\/\/distribution.audio-technica.eu\/app\/uploads\/sites\/2\/theneverlutionariescover-550x550-1-300x300.png 300w, https:\/\/distribution.audio-technica.eu\/app\/uploads\/sites\/2\/theneverlutionariescover-550x550-1-150x150.png 150w, https:\/\/distribution.audio-technica.eu\/app\/uploads\/sites\/2\/theneverlutionariescover-550x550-1-66x66.png 66w, https:\/\/distribution.audio-technica.eu\/app\/uploads\/sites\/2\/theneverlutionariescover-550x550-1-200x200.png 200w, https:\/\/distribution.audio-technica.eu\/app\/uploads\/sites\/2\/theneverlutionariescover-550x550-1-400x400.png 400w, https:\/\/distribution.audio-technica.eu\/app\/uploads\/sites\/2\/theneverlutionariescover-550x550-1-100x100.png 100w\" sizes=\"auto, (max-width: 353px) 100vw, 353px\" \/><\/a><figcaption id=\"caption-attachment-21429\" class=\"wp-caption-text\">Portada del pr\u00f3ximo EP de Neverlutionaries<\/figcaption><\/figure>\n<p>Escucha la nueva canci\u00f3n de The Neverlutionaries, <a href=\"https:\/\/soundcloud.com\/the-neverlutionaries\/ticking-away\" target=\"_blank\" rel=\"noopener noreferrer\">Ticking Away<\/a> con la voz, las guitarras y el bajo de Christopher, todos grabados con EVO 4, y sigue a la banda en <a href=\"https:\/\/www.instagram.com\/theneverlutionaries\/\" target=\"_blank\" rel=\"noopener noreferrer\">Instagram<\/a> y <a href=\"https:\/\/www.facebook.com\/The-Neverlutionaries-100165818234501\" target=\"_blank\" rel=\"noopener noreferrer\">Facebook<\/a>.<\/p>\n<p>&nbsp;<\/p>\n<p>&nbsp;<\/p>\n<p>&nbsp;<\/p>\n","protected":false},"excerpt":{"rendered":"<p>El m\u00fasico y productor Christopher Harold Wells adquiri\u00f3 una interfaz de audio EVO 4 para su home studio, para que pudiera reanudar el trabajo en el EP debut de su nueva banda grabado en los Estudios Hyde Street de San Francisco. Literalmente se detuvo en seco cuando la pandemia oblig\u00f3 a que todo se apagara, [&hellip;]<\/p>\n","protected":false},"author":2,"featured_media":21428,"comment_status":"closed","ping_status":"closed","sticky":false,"template":"","format":"standard","meta":{"_acf_changed":false,"footnotes":""},"categories":[2459],"tags":[2221,2205,1885],"class_list":["post-21425","post","type-post","status-publish","format-standard","has-post-thumbnail","hentry","category-usuarios","tag-evo-4","tag-home-studio","tag-produccion"],"acf":[],"yoast_head":"<!-- This site is optimized with the Yoast SEO plugin v27.1.1 - https:\/\/yoast.com\/product\/yoast-seo-wordpress\/ -->\n<title>Christopher Harold Wells, el m\u00fasico y productor de Hyde Street Studios, profundiza con EVO 4 - Audio-Technica Iberia<\/title>\n<meta name=\"robots\" content=\"index, follow, max-snippet:-1, max-image-preview:large, max-video-preview:-1\" \/>\n<link rel=\"canonical\" href=\"https:\/\/distribution.audio-technica.eu\/es-es\/noticias\/musico-y-productor-hyde-street-studios-profundiza-con-evo4\/\" \/>\n<meta property=\"og:locale\" content=\"es_ES\" \/>\n<meta property=\"og:type\" content=\"article\" \/>\n<meta property=\"og:title\" content=\"Christopher Harold Wells, el m\u00fasico y productor de Hyde Street Studios, profundiza con EVO 4 - Audio-Technica Iberia\" \/>\n<meta property=\"og:description\" content=\"El m\u00fasico y productor Christopher Harold Wells adquiri\u00f3 una interfaz de audio EVO 4 para su home studio, para que pudiera reanudar el trabajo en el EP debut de su nueva banda grabado en los Estudios Hyde Street de San Francisco. Literalmente se detuvo en seco cuando la pandemia oblig\u00f3 a que todo se apagara, [&hellip;]\" \/>\n<meta property=\"og:url\" content=\"https:\/\/distribution.audio-technica.eu\/es-es\/noticias\/musico-y-productor-hyde-street-studios-profundiza-con-evo4\/\" \/>\n<meta property=\"og:site_name\" content=\"Audio-Technica Iberia\" \/>\n<meta property=\"article:published_time\" content=\"2020-07-20T16:29:30+00:00\" \/>\n<meta property=\"article:modified_time\" content=\"2023-07-31T08:29:17+00:00\" \/>\n<meta property=\"og:image\" content=\"https:\/\/distribution.audio-technica.eu\/app\/uploads\/sites\/2\/Christopher-Wells-Edited-2000x1500-1-830x623_banner.jpg\" \/>\n\t<meta property=\"og:image:width\" content=\"640\" \/>\n\t<meta property=\"og:image:height\" content=\"360\" \/>\n\t<meta property=\"og:image:type\" content=\"image\/jpeg\" \/>\n<meta name=\"author\" content=\"ctorras\" \/>\n<meta name=\"twitter:card\" content=\"summary_large_image\" \/>\n<meta name=\"twitter:label1\" content=\"Escrito por\" \/>\n\t<meta name=\"twitter:data1\" content=\"ctorras\" \/>\n\t<meta name=\"twitter:label2\" content=\"Tiempo de lectura\" \/>\n\t<meta name=\"twitter:data2\" content=\"3 minutos\" \/>\n<script type=\"application\/ld+json\" class=\"yoast-schema-graph\">{\"@context\":\"https:\/\/schema.org\",\"@graph\":[{\"@type\":\"Article\",\"@id\":\"https:\/\/distribution.audio-technica.eu\/es-es\/noticias\/musico-y-productor-hyde-street-studios-profundiza-con-evo4\/#article\",\"isPartOf\":{\"@id\":\"https:\/\/distribution.audio-technica.eu\/es-es\/noticias\/musico-y-productor-hyde-street-studios-profundiza-con-evo4\/\"},\"author\":{\"name\":\"ctorras\",\"@id\":\"https:\/\/distribution.audio-technica.eu\/es-es\/#\/schema\/person\/dbf0d33217ceab6329b4c3144742f2fb\"},\"headline\":\"Christopher Harold Wells, el m\u00fasico y productor de Hyde Street Studios, profundiza con EVO 4\",\"datePublished\":\"2020-07-20T16:29:30+00:00\",\"dateModified\":\"2023-07-31T08:29:17+00:00\",\"mainEntityOfPage\":{\"@id\":\"https:\/\/distribution.audio-technica.eu\/es-es\/noticias\/musico-y-productor-hyde-street-studios-profundiza-con-evo4\/\"},\"wordCount\":677,\"image\":{\"@id\":\"https:\/\/distribution.audio-technica.eu\/es-es\/noticias\/musico-y-productor-hyde-street-studios-profundiza-con-evo4\/#primaryimage\"},\"thumbnailUrl\":\"\/app\/uploads\/sites\/2\/Christopher-Wells-Edited-2000x1500-1-830x623_banner.jpg\",\"keywords\":[\"EVO 4\",\"Home Studio\",\"produccion\"],\"articleSection\":[\"Usuarios\"],\"inLanguage\":\"es\"},{\"@type\":\"WebPage\",\"@id\":\"https:\/\/distribution.audio-technica.eu\/es-es\/noticias\/musico-y-productor-hyde-street-studios-profundiza-con-evo4\/\",\"url\":\"https:\/\/distribution.audio-technica.eu\/es-es\/noticias\/musico-y-productor-hyde-street-studios-profundiza-con-evo4\/\",\"name\":\"Christopher Harold Wells, el m\u00fasico y productor de Hyde Street Studios, profundiza con EVO 4 - Audio-Technica Iberia\",\"isPartOf\":{\"@id\":\"https:\/\/distribution.audio-technica.eu\/es-es\/#website\"},\"primaryImageOfPage\":{\"@id\":\"https:\/\/distribution.audio-technica.eu\/es-es\/noticias\/musico-y-productor-hyde-street-studios-profundiza-con-evo4\/#primaryimage\"},\"image\":{\"@id\":\"https:\/\/distribution.audio-technica.eu\/es-es\/noticias\/musico-y-productor-hyde-street-studios-profundiza-con-evo4\/#primaryimage\"},\"thumbnailUrl\":\"\/app\/uploads\/sites\/2\/Christopher-Wells-Edited-2000x1500-1-830x623_banner.jpg\",\"datePublished\":\"2020-07-20T16:29:30+00:00\",\"dateModified\":\"2023-07-31T08:29:17+00:00\",\"author\":{\"@id\":\"https:\/\/distribution.audio-technica.eu\/es-es\/#\/schema\/person\/dbf0d33217ceab6329b4c3144742f2fb\"},\"breadcrumb\":{\"@id\":\"https:\/\/distribution.audio-technica.eu\/es-es\/noticias\/musico-y-productor-hyde-street-studios-profundiza-con-evo4\/#breadcrumb\"},\"inLanguage\":\"es\",\"potentialAction\":[{\"@type\":\"ReadAction\",\"target\":[\"https:\/\/distribution.audio-technica.eu\/es-es\/noticias\/musico-y-productor-hyde-street-studios-profundiza-con-evo4\/\"]}]},{\"@type\":\"ImageObject\",\"inLanguage\":\"es\",\"@id\":\"https:\/\/distribution.audio-technica.eu\/es-es\/noticias\/musico-y-productor-hyde-street-studios-profundiza-con-evo4\/#primaryimage\",\"url\":\"\/app\/uploads\/sites\/2\/Christopher-Wells-Edited-2000x1500-1-830x623_banner.jpg\",\"contentUrl\":\"\/app\/uploads\/sites\/2\/Christopher-Wells-Edited-2000x1500-1-830x623_banner.jpg\",\"width\":640,\"height\":360},{\"@type\":\"BreadcrumbList\",\"@id\":\"https:\/\/distribution.audio-technica.eu\/es-es\/noticias\/musico-y-productor-hyde-street-studios-profundiza-con-evo4\/#breadcrumb\",\"itemListElement\":[{\"@type\":\"ListItem\",\"position\":1,\"name\":\"Products\",\"item\":\"https:\/\/distribution.audio-technica.eu\/es-es\/\"},{\"@type\":\"ListItem\",\"position\":2,\"name\":\"Christopher Harold Wells, el m\u00fasico y productor de Hyde Street Studios, profundiza con EVO 4\"}]},{\"@type\":\"WebSite\",\"@id\":\"https:\/\/distribution.audio-technica.eu\/es-es\/#website\",\"url\":\"https:\/\/distribution.audio-technica.eu\/es-es\/\",\"name\":\"Audio-Technica Iberia\",\"description\":\"Distribuci\u00f3n\",\"potentialAction\":[{\"@type\":\"SearchAction\",\"target\":{\"@type\":\"EntryPoint\",\"urlTemplate\":\"https:\/\/distribution.audio-technica.eu\/es-es\/?s={search_term_string}\"},\"query-input\":{\"@type\":\"PropertyValueSpecification\",\"valueRequired\":true,\"valueName\":\"search_term_string\"}}],\"inLanguage\":\"es\"},{\"@type\":\"Person\",\"@id\":\"https:\/\/distribution.audio-technica.eu\/es-es\/#\/schema\/person\/dbf0d33217ceab6329b4c3144742f2fb\",\"name\":\"ctorras\"}]}<\/script>\n<!-- \/ Yoast SEO plugin. -->","yoast_head_json":{"title":"Christopher Harold Wells, el m\u00fasico y productor de Hyde Street Studios, profundiza con EVO 4 - Audio-Technica Iberia","robots":{"index":"index","follow":"follow","max-snippet":"max-snippet:-1","max-image-preview":"max-image-preview:large","max-video-preview":"max-video-preview:-1"},"canonical":"https:\/\/distribution.audio-technica.eu\/es-es\/noticias\/musico-y-productor-hyde-street-studios-profundiza-con-evo4\/","og_locale":"es_ES","og_type":"article","og_title":"Christopher Harold Wells, el m\u00fasico y productor de Hyde Street Studios, profundiza con EVO 4 - Audio-Technica Iberia","og_description":"El m\u00fasico y productor Christopher Harold Wells adquiri\u00f3 una interfaz de audio EVO 4 para su home studio, para que pudiera reanudar el trabajo en el EP debut de su nueva banda grabado en los Estudios Hyde Street de San Francisco. Literalmente se detuvo en seco cuando la pandemia oblig\u00f3 a que todo se apagara, [&hellip;]","og_url":"https:\/\/distribution.audio-technica.eu\/es-es\/noticias\/musico-y-productor-hyde-street-studios-profundiza-con-evo4\/","og_site_name":"Audio-Technica Iberia","article_published_time":"2020-07-20T16:29:30+00:00","article_modified_time":"2023-07-31T08:29:17+00:00","og_image":[{"width":640,"height":360,"url":"https:\/\/distribution.audio-technica.eu\/app\/uploads\/sites\/2\/Christopher-Wells-Edited-2000x1500-1-830x623_banner.jpg","type":"image\/jpeg"}],"author":"ctorras","twitter_card":"summary_large_image","twitter_misc":{"Escrito por":"ctorras","Tiempo de lectura":"3 minutos"},"schema":{"@context":"https:\/\/schema.org","@graph":[{"@type":"Article","@id":"https:\/\/distribution.audio-technica.eu\/es-es\/noticias\/musico-y-productor-hyde-street-studios-profundiza-con-evo4\/#article","isPartOf":{"@id":"https:\/\/distribution.audio-technica.eu\/es-es\/noticias\/musico-y-productor-hyde-street-studios-profundiza-con-evo4\/"},"author":{"name":"ctorras","@id":"https:\/\/distribution.audio-technica.eu\/es-es\/#\/schema\/person\/dbf0d33217ceab6329b4c3144742f2fb"},"headline":"Christopher Harold Wells, el m\u00fasico y productor de Hyde Street Studios, profundiza con EVO 4","datePublished":"2020-07-20T16:29:30+00:00","dateModified":"2023-07-31T08:29:17+00:00","mainEntityOfPage":{"@id":"https:\/\/distribution.audio-technica.eu\/es-es\/noticias\/musico-y-productor-hyde-street-studios-profundiza-con-evo4\/"},"wordCount":677,"image":{"@id":"https:\/\/distribution.audio-technica.eu\/es-es\/noticias\/musico-y-productor-hyde-street-studios-profundiza-con-evo4\/#primaryimage"},"thumbnailUrl":"\/app\/uploads\/sites\/2\/Christopher-Wells-Edited-2000x1500-1-830x623_banner.jpg","keywords":["EVO 4","Home Studio","produccion"],"articleSection":["Usuarios"],"inLanguage":"es"},{"@type":"WebPage","@id":"https:\/\/distribution.audio-technica.eu\/es-es\/noticias\/musico-y-productor-hyde-street-studios-profundiza-con-evo4\/","url":"https:\/\/distribution.audio-technica.eu\/es-es\/noticias\/musico-y-productor-hyde-street-studios-profundiza-con-evo4\/","name":"Christopher Harold Wells, el m\u00fasico y productor de Hyde Street Studios, profundiza con EVO 4 - Audio-Technica Iberia","isPartOf":{"@id":"https:\/\/distribution.audio-technica.eu\/es-es\/#website"},"primaryImageOfPage":{"@id":"https:\/\/distribution.audio-technica.eu\/es-es\/noticias\/musico-y-productor-hyde-street-studios-profundiza-con-evo4\/#primaryimage"},"image":{"@id":"https:\/\/distribution.audio-technica.eu\/es-es\/noticias\/musico-y-productor-hyde-street-studios-profundiza-con-evo4\/#primaryimage"},"thumbnailUrl":"\/app\/uploads\/sites\/2\/Christopher-Wells-Edited-2000x1500-1-830x623_banner.jpg","datePublished":"2020-07-20T16:29:30+00:00","dateModified":"2023-07-31T08:29:17+00:00","author":{"@id":"https:\/\/distribution.audio-technica.eu\/es-es\/#\/schema\/person\/dbf0d33217ceab6329b4c3144742f2fb"},"breadcrumb":{"@id":"https:\/\/distribution.audio-technica.eu\/es-es\/noticias\/musico-y-productor-hyde-street-studios-profundiza-con-evo4\/#breadcrumb"},"inLanguage":"es","potentialAction":[{"@type":"ReadAction","target":["https:\/\/distribution.audio-technica.eu\/es-es\/noticias\/musico-y-productor-hyde-street-studios-profundiza-con-evo4\/"]}]},{"@type":"ImageObject","inLanguage":"es","@id":"https:\/\/distribution.audio-technica.eu\/es-es\/noticias\/musico-y-productor-hyde-street-studios-profundiza-con-evo4\/#primaryimage","url":"\/app\/uploads\/sites\/2\/Christopher-Wells-Edited-2000x1500-1-830x623_banner.jpg","contentUrl":"\/app\/uploads\/sites\/2\/Christopher-Wells-Edited-2000x1500-1-830x623_banner.jpg","width":640,"height":360},{"@type":"BreadcrumbList","@id":"https:\/\/distribution.audio-technica.eu\/es-es\/noticias\/musico-y-productor-hyde-street-studios-profundiza-con-evo4\/#breadcrumb","itemListElement":[{"@type":"ListItem","position":1,"name":"Products","item":"https:\/\/distribution.audio-technica.eu\/es-es\/"},{"@type":"ListItem","position":2,"name":"Christopher Harold Wells, el m\u00fasico y productor de Hyde Street Studios, profundiza con EVO 4"}]},{"@type":"WebSite","@id":"https:\/\/distribution.audio-technica.eu\/es-es\/#website","url":"https:\/\/distribution.audio-technica.eu\/es-es\/","name":"Audio-Technica Iberia","description":"Distribuci\u00f3n","potentialAction":[{"@type":"SearchAction","target":{"@type":"EntryPoint","urlTemplate":"https:\/\/distribution.audio-technica.eu\/es-es\/?s={search_term_string}"},"query-input":{"@type":"PropertyValueSpecification","valueRequired":true,"valueName":"search_term_string"}}],"inLanguage":"es"},{"@type":"Person","@id":"https:\/\/distribution.audio-technica.eu\/es-es\/#\/schema\/person\/dbf0d33217ceab6329b4c3144742f2fb","name":"ctorras"}]}},"_links":{"self":[{"href":"https:\/\/distribution.audio-technica.eu\/es-es\/wp-json\/wp\/v2\/posts\/21425","targetHints":{"allow":["GET"]}}],"collection":[{"href":"https:\/\/distribution.audio-technica.eu\/es-es\/wp-json\/wp\/v2\/posts"}],"about":[{"href":"https:\/\/distribution.audio-technica.eu\/es-es\/wp-json\/wp\/v2\/types\/post"}],"author":[{"embeddable":true,"href":"https:\/\/distribution.audio-technica.eu\/es-es\/wp-json\/wp\/v2\/users\/2"}],"replies":[{"embeddable":true,"href":"https:\/\/distribution.audio-technica.eu\/es-es\/wp-json\/wp\/v2\/comments?post=21425"}],"version-history":[{"count":3,"href":"https:\/\/distribution.audio-technica.eu\/es-es\/wp-json\/wp\/v2\/posts\/21425\/revisions"}],"predecessor-version":[{"id":21431,"href":"https:\/\/distribution.audio-technica.eu\/es-es\/wp-json\/wp\/v2\/posts\/21425\/revisions\/21431"}],"wp:featuredmedia":[{"embeddable":true,"href":"https:\/\/distribution.audio-technica.eu\/es-es\/wp-json\/wp\/v2\/media\/21428"}],"wp:attachment":[{"href":"https:\/\/distribution.audio-technica.eu\/es-es\/wp-json\/wp\/v2\/media?parent=21425"}],"wp:term":[{"taxonomy":"category","embeddable":true,"href":"https:\/\/distribution.audio-technica.eu\/es-es\/wp-json\/wp\/v2\/categories?post=21425"},{"taxonomy":"post_tag","embeddable":true,"href":"https:\/\/distribution.audio-technica.eu\/es-es\/wp-json\/wp\/v2\/tags?post=21425"}],"curies":[{"name":"wp","href":"https:\/\/api.w.org\/{rel}","templated":true}]}}