{"id":21463,"date":"2020-05-13T16:04:32","date_gmt":"2020-05-13T14:04:32","guid":{"rendered":"https:\/\/atdb-production.studiograft.dev\/es\/?p=21463"},"modified":"2023-07-31T11:22:23","modified_gmt":"2023-07-31T09:22:23","slug":"hardwell-instala-genelec-en-su-home-studio-de-vacaciones-en-curacao","status":"publish","type":"post","link":"https:\/\/distribution.audio-technica.eu\/es-es\/noticias\/hardwell-instala-genelec-en-su-home-studio-de-vacaciones-en-curacao\/","title":{"rendered":"Hardwell instala Genelec en su home studio de vacaciones en Cura\u00e7ao"},"content":{"rendered":"<p><a href=\"https:\/\/distribution.audio-technica.eu\/es\/wp-content\/uploads\/sites\/2\/WP-Hardwell_Morel_PR_Image_1.jpg\"><img loading=\"lazy\" decoding=\"async\" class=\"aligncenter size-fusion-800 wp-image-21464\" src=\"\/es\/wp-content\/uploads\/sites\/2\/WP-Hardwell_Morel_PR_Image_1-800x515.jpg\" alt=\"\" width=\"800\" height=\"515\" srcset=\"https:\/\/distribution.audio-technica.eu\/app\/uploads\/sites\/2\/WP-Hardwell_Morel_PR_Image_1-800x515.jpg 800w, https:\/\/distribution.audio-technica.eu\/app\/uploads\/sites\/2\/WP-Hardwell_Morel_PR_Image_1-300x193.jpg 300w, https:\/\/distribution.audio-technica.eu\/app\/uploads\/sites\/2\/WP-Hardwell_Morel_PR_Image_1-1024x659.jpg 1024w, https:\/\/distribution.audio-technica.eu\/app\/uploads\/sites\/2\/WP-Hardwell_Morel_PR_Image_1-150x97.jpg 150w, https:\/\/distribution.audio-technica.eu\/app\/uploads\/sites\/2\/WP-Hardwell_Morel_PR_Image_1-768x495.jpg 768w, https:\/\/distribution.audio-technica.eu\/app\/uploads\/sites\/2\/WP-Hardwell_Morel_PR_Image_1-460x295.jpg 460w, https:\/\/distribution.audio-technica.eu\/app\/uploads\/sites\/2\/WP-Hardwell_Morel_PR_Image_1-200x129.jpg 200w, https:\/\/distribution.audio-technica.eu\/app\/uploads\/sites\/2\/WP-Hardwell_Morel_PR_Image_1-400x258.jpg 400w, https:\/\/distribution.audio-technica.eu\/app\/uploads\/sites\/2\/WP-Hardwell_Morel_PR_Image_1-600x386.jpg 600w, https:\/\/distribution.audio-technica.eu\/app\/uploads\/sites\/2\/WP-Hardwell_Morel_PR_Image_1-1200x773.jpg 1200w, https:\/\/distribution.audio-technica.eu\/app\/uploads\/sites\/2\/WP-Hardwell_Morel_PR_Image_1.jpg 1500w\" sizes=\"auto, (max-width: 800px) 100vw, 800px\" \/><\/a><\/p>\n<p>La relaci\u00f3n entre Hardwell, Genelec y el dise\u00f1ador de estudios de grabaci\u00f3n Jan Morel ha dado como resultado un tercer espacio para grabaci\u00f3n, con la finalizaci\u00f3n del &#8216;home studio&#8217; para el DJ y productor en su residencia vacacional en Cura\u00e7ao. La nueva instalaci\u00f3n ofrece una apariencia completamente diferente a la del estudio principal de Hardwell en los Pa\u00edses Bajos, pero con la misma calidad de sonido de referencia y control de gama baja de frecuencias, gracias a los monitores de estudio y subgraves de Genelec.<\/p>\n<p>Sobre la base de los proyectos exitosos anteriores, Morel se incorpor\u00f3 desde el principio en el proceso del dise\u00f1o arquitect\u00f3nico de la casa caribe\u00f1a. \u00ab<em>Me involucr\u00e9 en el dise\u00f1o directamente desde el principio\u00bb, recuerda. \u201cCuando se hicieron los primeros dibujos para la nueva casa, estaba claro que un estudio tambi\u00e9n ten\u00eda que estar all\u00ed. El arquitecto me dio la ubicaci\u00f3n y el espacio en la casa para el estudio, y con esta informaci\u00f3n tuve que descubrir c\u00f3mo hacerlo posible<\/em>\u201d.<\/p>\n<p>Los requisitos est\u00e9ticos para el nuevo estudio exig\u00edan un dise\u00f1o diferente del estudio principal totalmente blanco de Hardwell en los Pa\u00edses Bajos, con el estilo, los colores y la arquitectura que reflejan las casas en Cura\u00e7ao. Sin embargo, solo hab\u00eda una opci\u00f3n para la soluci\u00f3n de monitoraje.<\/p>\n<p>\u00ab<em>Est\u00e1 acostumbrado a Genelec, su estudio principal est\u00e1 equipado con 1034B, 7073A y 8341A<\/em>\u00ab, dice Morel. \u00ab<em>Para \u00e9l no hay otra opci\u00f3n para trabajar<\/em>\u00ab.<\/p>\n<p><a href=\"https:\/\/distribution.audio-technica.eu\/es\/wp-content\/uploads\/sites\/2\/WP-Hardwell_Morel_PR_Image_2.jpg\"><img loading=\"lazy\" decoding=\"async\" class=\"aligncenter size-fusion-800 wp-image-21465\" src=\"\/es\/wp-content\/uploads\/sites\/2\/WP-Hardwell_Morel_PR_Image_2-800x600.jpg\" alt=\"\" width=\"800\" height=\"600\" srcset=\"https:\/\/distribution.audio-technica.eu\/app\/uploads\/sites\/2\/WP-Hardwell_Morel_PR_Image_2-800x600.jpg 800w, https:\/\/distribution.audio-technica.eu\/app\/uploads\/sites\/2\/WP-Hardwell_Morel_PR_Image_2-300x225.jpg 300w, https:\/\/distribution.audio-technica.eu\/app\/uploads\/sites\/2\/WP-Hardwell_Morel_PR_Image_2-1024x768.jpg 1024w, https:\/\/distribution.audio-technica.eu\/app\/uploads\/sites\/2\/WP-Hardwell_Morel_PR_Image_2-150x113.jpg 150w, https:\/\/distribution.audio-technica.eu\/app\/uploads\/sites\/2\/WP-Hardwell_Morel_PR_Image_2-768x576.jpg 768w, https:\/\/distribution.audio-technica.eu\/app\/uploads\/sites\/2\/WP-Hardwell_Morel_PR_Image_2-200x150.jpg 200w, https:\/\/distribution.audio-technica.eu\/app\/uploads\/sites\/2\/WP-Hardwell_Morel_PR_Image_2-400x300.jpg 400w, https:\/\/distribution.audio-technica.eu\/app\/uploads\/sites\/2\/WP-Hardwell_Morel_PR_Image_2-600x450.jpg 600w, https:\/\/distribution.audio-technica.eu\/app\/uploads\/sites\/2\/WP-Hardwell_Morel_PR_Image_2-1200x900.jpg 1200w, https:\/\/distribution.audio-technica.eu\/app\/uploads\/sites\/2\/WP-Hardwell_Morel_PR_Image_2.jpg 1500w\" sizes=\"auto, (max-width: 800px) 100vw, 800px\" \/><\/a><\/p>\n<p>Si bien la marca de monitoraje se mantuvo igual, Morel opt\u00f3 por una soluci\u00f3n Genelec ligeramente diferente en respuesta a los diferentes entornos ac\u00fasticos del nuevo espacio de Cura\u00e7ao. Se han instalado un par de monitores de estudio 1237A como la soluci\u00f3n de monitoraje principal, a unos 1,8 metros de la posici\u00f3n de escucha, con dos monitores 8330A ubicados a unos 1,2 metros de distancia para proporcionar el sistema de campo cercano. Finalmente, se coloc\u00f3 un subgrave doble de 12 pulgadas 7071A debajo de la mesa, pero fuera del centro, cerca de la pared para administrar las bajas frecuencias. Como parte de la familia SAM (Smart Active Monitoring) de Genelec, los monitores 1237A y 8330A se configuraron y calibraron usando el propio software GLM de Genelec.<\/p>\n<p>Inicialmente, Morel gestion\u00f3 de forma remota un equipo de contratistas y profesionales locales que hab\u00edan sido empleados para realizar la construcci\u00f3n. Con la fase de construcci\u00f3n completa, luego viaj\u00f3 a Cura\u00e7ao para la fase de puesta en marcha.<\/p>\n<p>\u00ab<em>Utilizamos GLM para hacer la primera autocalibraci\u00f3n<\/em>\u00ab, explica. <em>\u201cCuando esto se hizo, lo calibramos a\u00fan m\u00e1s de forma manual en GLM para obtener el resultado personal m\u00e1s satisfactorio para el ingeniero. \u00a1En este caso, por supuesto, el ingeniero es el propio Hardwell!\u201d<\/em><\/p>\n<figure id=\"attachment_21466\" aria-describedby=\"caption-attachment-21466\" style=\"width: 800px\" class=\"wp-caption aligncenter\"><a href=\"https:\/\/distribution.audio-technica.eu\/es\/wp-content\/uploads\/sites\/2\/WP-Hardwell_Morel_PR_Image_3.jpg\"><img loading=\"lazy\" decoding=\"async\" class=\"wp-image-21466 size-fusion-800\" src=\"\/es\/wp-content\/uploads\/sites\/2\/WP-Hardwell_Morel_PR_Image_3-800x450.jpg\" alt=\"\" width=\"800\" height=\"450\" srcset=\"https:\/\/distribution.audio-technica.eu\/app\/uploads\/sites\/2\/WP-Hardwell_Morel_PR_Image_3-800x450.jpg 800w, https:\/\/distribution.audio-technica.eu\/app\/uploads\/sites\/2\/WP-Hardwell_Morel_PR_Image_3-300x169.jpg 300w, https:\/\/distribution.audio-technica.eu\/app\/uploads\/sites\/2\/WP-Hardwell_Morel_PR_Image_3-1024x576.jpg 1024w, https:\/\/distribution.audio-technica.eu\/app\/uploads\/sites\/2\/WP-Hardwell_Morel_PR_Image_3-150x84.jpg 150w, https:\/\/distribution.audio-technica.eu\/app\/uploads\/sites\/2\/WP-Hardwell_Morel_PR_Image_3-768x432.jpg 768w, https:\/\/distribution.audio-technica.eu\/app\/uploads\/sites\/2\/WP-Hardwell_Morel_PR_Image_3-200x113.jpg 200w, https:\/\/distribution.audio-technica.eu\/app\/uploads\/sites\/2\/WP-Hardwell_Morel_PR_Image_3-400x225.jpg 400w, https:\/\/distribution.audio-technica.eu\/app\/uploads\/sites\/2\/WP-Hardwell_Morel_PR_Image_3-600x338.jpg 600w, https:\/\/distribution.audio-technica.eu\/app\/uploads\/sites\/2\/WP-Hardwell_Morel_PR_Image_3-1200x675.jpg 1200w, https:\/\/distribution.audio-technica.eu\/app\/uploads\/sites\/2\/WP-Hardwell_Morel_PR_Image_3.jpg 1500w\" sizes=\"auto, (max-width: 800px) 100vw, 800px\" \/><\/a><figcaption id=\"caption-attachment-21466\" class=\"wp-caption-text\">Jan Morel<\/figcaption><\/figure>\n<p>Una vez superados algunos desaf\u00edos dentro de la fase de construcci\u00f3n, el resultado final es algo con lo que Morel y, lo que es m\u00e1s importante, Hardwell, est\u00e1n satisfechos. \u00ab<em>Hab\u00eda visto el dise\u00f1o antes de que comenzara a terminar la sala, y cuando terminamos la sala de verdad, estaba realmente asombrado y maravillado por el resultado tanto en sonido como en apariencia\u00bb,<\/em> dice Morel. \u00ab<em>Estaba m\u00e1s all\u00e1 de sus expectativas<\/em>\u00ab.<\/p>\n<p>&nbsp;<\/p>\n<p>Para m\u00e1s informaci\u00f3n visite:<\/p>\n<p><a href=\"http:\/\/www.genelec.com\" target=\"_blank\" rel=\"noopener noreferrer\">www.genelec.com<\/a><\/p>\n<p><a href=\"http:\/\/www.morelmuziek.nl\" target=\"_blank\" rel=\"noopener noreferrer\">www.morelmuziek.nl<\/a><\/p>\n<p><a href=\"http:\/\/www.djhardwell.com\" target=\"_blank\" rel=\"noopener noreferrer\">www.djhardwell.com<\/a><\/p>\n","protected":false},"excerpt":{"rendered":"<p>La relaci\u00f3n entre Hardwell, Genelec y el dise\u00f1ador de estudios de grabaci\u00f3n Jan Morel ha dado como resultado un tercer espacio para grabaci\u00f3n, con la finalizaci\u00f3n del &#8216;home studio&#8217; para el DJ y productor en su residencia vacacional en Cura\u00e7ao. La nueva instalaci\u00f3n ofrece una apariencia completamente diferente a la del estudio principal de Hardwell [&hellip;]<\/p>\n","protected":false},"author":2,"featured_media":21467,"comment_status":"closed","ping_status":"closed","sticky":false,"template":"","format":"standard","meta":{"_acf_changed":false,"footnotes":""},"categories":[2459],"tags":[2205,2230,1567],"class_list":["post-21463","post","type-post","status-publish","format-standard","has-post-thumbnail","hentry","category-usuarios","tag-home-studio","tag-morel","tag-sam"],"acf":[],"yoast_head":"<!-- This site is optimized with the Yoast SEO plugin v27.1.1 - https:\/\/yoast.com\/product\/yoast-seo-wordpress\/ -->\n<title>Hardwell instala Genelec en su home studio de vacaciones en Cura\u00e7ao - Audio-Technica Iberia<\/title>\n<meta name=\"robots\" content=\"index, follow, max-snippet:-1, max-image-preview:large, max-video-preview:-1\" \/>\n<link rel=\"canonical\" href=\"https:\/\/distribution.audio-technica.eu\/es-es\/noticias\/hardwell-instala-genelec-en-su-home-studio-de-vacaciones-en-curacao\/\" \/>\n<meta property=\"og:locale\" content=\"es_ES\" \/>\n<meta property=\"og:type\" content=\"article\" \/>\n<meta property=\"og:title\" content=\"Hardwell instala Genelec en su home studio de vacaciones en Cura\u00e7ao - Audio-Technica Iberia\" \/>\n<meta property=\"og:description\" content=\"La relaci\u00f3n entre Hardwell, Genelec y el dise\u00f1ador de estudios de grabaci\u00f3n Jan Morel ha dado como resultado un tercer espacio para grabaci\u00f3n, con la finalizaci\u00f3n del &#8216;home studio&#8217; para el DJ y productor en su residencia vacacional en Cura\u00e7ao. La nueva instalaci\u00f3n ofrece una apariencia completamente diferente a la del estudio principal de Hardwell [&hellip;]\" \/>\n<meta property=\"og:url\" content=\"https:\/\/distribution.audio-technica.eu\/es-es\/noticias\/hardwell-instala-genelec-en-su-home-studio-de-vacaciones-en-curacao\/\" \/>\n<meta property=\"og:site_name\" content=\"Audio-Technica Iberia\" \/>\n<meta property=\"article:published_time\" content=\"2020-05-13T14:04:32+00:00\" \/>\n<meta property=\"article:modified_time\" content=\"2023-07-31T09:22:23+00:00\" \/>\n<meta property=\"og:image\" content=\"https:\/\/distribution.audio-technica.eu\/app\/uploads\/sites\/2\/Hardwell_Morel_PR_Image_1_banner.jpg\" \/>\n\t<meta property=\"og:image:width\" content=\"640\" \/>\n\t<meta property=\"og:image:height\" content=\"360\" \/>\n\t<meta property=\"og:image:type\" content=\"image\/jpeg\" \/>\n<meta name=\"author\" content=\"ctorras\" \/>\n<meta name=\"twitter:card\" content=\"summary_large_image\" \/>\n<meta name=\"twitter:label1\" content=\"Escrito por\" \/>\n\t<meta name=\"twitter:data1\" content=\"ctorras\" \/>\n\t<meta name=\"twitter:label2\" content=\"Tiempo de lectura\" \/>\n\t<meta name=\"twitter:data2\" content=\"3 minutos\" \/>\n<script type=\"application\/ld+json\" class=\"yoast-schema-graph\">{\"@context\":\"https:\/\/schema.org\",\"@graph\":[{\"@type\":\"Article\",\"@id\":\"https:\/\/distribution.audio-technica.eu\/es-es\/noticias\/hardwell-instala-genelec-en-su-home-studio-de-vacaciones-en-curacao\/#article\",\"isPartOf\":{\"@id\":\"https:\/\/distribution.audio-technica.eu\/es-es\/noticias\/hardwell-instala-genelec-en-su-home-studio-de-vacaciones-en-curacao\/\"},\"author\":{\"name\":\"ctorras\",\"@id\":\"https:\/\/distribution.audio-technica.eu\/es-es\/#\/schema\/person\/dbf0d33217ceab6329b4c3144742f2fb\"},\"headline\":\"Hardwell instala Genelec en su home studio de vacaciones en Cura\u00e7ao\",\"datePublished\":\"2020-05-13T14:04:32+00:00\",\"dateModified\":\"2023-07-31T09:22:23+00:00\",\"mainEntityOfPage\":{\"@id\":\"https:\/\/distribution.audio-technica.eu\/es-es\/noticias\/hardwell-instala-genelec-en-su-home-studio-de-vacaciones-en-curacao\/\"},\"wordCount\":591,\"image\":{\"@id\":\"https:\/\/distribution.audio-technica.eu\/es-es\/noticias\/hardwell-instala-genelec-en-su-home-studio-de-vacaciones-en-curacao\/#primaryimage\"},\"thumbnailUrl\":\"\/app\/uploads\/sites\/2\/Hardwell_Morel_PR_Image_1_banner.jpg\",\"keywords\":[\"Home Studio\",\"Morel\",\"SAM\"],\"articleSection\":[\"Usuarios\"],\"inLanguage\":\"es\"},{\"@type\":\"WebPage\",\"@id\":\"https:\/\/distribution.audio-technica.eu\/es-es\/noticias\/hardwell-instala-genelec-en-su-home-studio-de-vacaciones-en-curacao\/\",\"url\":\"https:\/\/distribution.audio-technica.eu\/es-es\/noticias\/hardwell-instala-genelec-en-su-home-studio-de-vacaciones-en-curacao\/\",\"name\":\"Hardwell instala Genelec en su home studio de vacaciones en Cura\u00e7ao - Audio-Technica Iberia\",\"isPartOf\":{\"@id\":\"https:\/\/distribution.audio-technica.eu\/es-es\/#website\"},\"primaryImageOfPage\":{\"@id\":\"https:\/\/distribution.audio-technica.eu\/es-es\/noticias\/hardwell-instala-genelec-en-su-home-studio-de-vacaciones-en-curacao\/#primaryimage\"},\"image\":{\"@id\":\"https:\/\/distribution.audio-technica.eu\/es-es\/noticias\/hardwell-instala-genelec-en-su-home-studio-de-vacaciones-en-curacao\/#primaryimage\"},\"thumbnailUrl\":\"\/app\/uploads\/sites\/2\/Hardwell_Morel_PR_Image_1_banner.jpg\",\"datePublished\":\"2020-05-13T14:04:32+00:00\",\"dateModified\":\"2023-07-31T09:22:23+00:00\",\"author\":{\"@id\":\"https:\/\/distribution.audio-technica.eu\/es-es\/#\/schema\/person\/dbf0d33217ceab6329b4c3144742f2fb\"},\"breadcrumb\":{\"@id\":\"https:\/\/distribution.audio-technica.eu\/es-es\/noticias\/hardwell-instala-genelec-en-su-home-studio-de-vacaciones-en-curacao\/#breadcrumb\"},\"inLanguage\":\"es\",\"potentialAction\":[{\"@type\":\"ReadAction\",\"target\":[\"https:\/\/distribution.audio-technica.eu\/es-es\/noticias\/hardwell-instala-genelec-en-su-home-studio-de-vacaciones-en-curacao\/\"]}]},{\"@type\":\"ImageObject\",\"inLanguage\":\"es\",\"@id\":\"https:\/\/distribution.audio-technica.eu\/es-es\/noticias\/hardwell-instala-genelec-en-su-home-studio-de-vacaciones-en-curacao\/#primaryimage\",\"url\":\"\/app\/uploads\/sites\/2\/Hardwell_Morel_PR_Image_1_banner.jpg\",\"contentUrl\":\"\/app\/uploads\/sites\/2\/Hardwell_Morel_PR_Image_1_banner.jpg\",\"width\":640,\"height\":360},{\"@type\":\"BreadcrumbList\",\"@id\":\"https:\/\/distribution.audio-technica.eu\/es-es\/noticias\/hardwell-instala-genelec-en-su-home-studio-de-vacaciones-en-curacao\/#breadcrumb\",\"itemListElement\":[{\"@type\":\"ListItem\",\"position\":1,\"name\":\"Products\",\"item\":\"https:\/\/distribution.audio-technica.eu\/es-es\/\"},{\"@type\":\"ListItem\",\"position\":2,\"name\":\"Hardwell instala Genelec en su home studio de vacaciones en Cura\u00e7ao\"}]},{\"@type\":\"WebSite\",\"@id\":\"https:\/\/distribution.audio-technica.eu\/es-es\/#website\",\"url\":\"https:\/\/distribution.audio-technica.eu\/es-es\/\",\"name\":\"Audio-Technica Iberia\",\"description\":\"Distribuci\u00f3n\",\"potentialAction\":[{\"@type\":\"SearchAction\",\"target\":{\"@type\":\"EntryPoint\",\"urlTemplate\":\"https:\/\/distribution.audio-technica.eu\/es-es\/?s={search_term_string}\"},\"query-input\":{\"@type\":\"PropertyValueSpecification\",\"valueRequired\":true,\"valueName\":\"search_term_string\"}}],\"inLanguage\":\"es\"},{\"@type\":\"Person\",\"@id\":\"https:\/\/distribution.audio-technica.eu\/es-es\/#\/schema\/person\/dbf0d33217ceab6329b4c3144742f2fb\",\"name\":\"ctorras\"}]}<\/script>\n<!-- \/ Yoast SEO plugin. -->","yoast_head_json":{"title":"Hardwell instala Genelec en su home studio de vacaciones en Cura\u00e7ao - Audio-Technica Iberia","robots":{"index":"index","follow":"follow","max-snippet":"max-snippet:-1","max-image-preview":"max-image-preview:large","max-video-preview":"max-video-preview:-1"},"canonical":"https:\/\/distribution.audio-technica.eu\/es-es\/noticias\/hardwell-instala-genelec-en-su-home-studio-de-vacaciones-en-curacao\/","og_locale":"es_ES","og_type":"article","og_title":"Hardwell instala Genelec en su home studio de vacaciones en Cura\u00e7ao - Audio-Technica Iberia","og_description":"La relaci\u00f3n entre Hardwell, Genelec y el dise\u00f1ador de estudios de grabaci\u00f3n Jan Morel ha dado como resultado un tercer espacio para grabaci\u00f3n, con la finalizaci\u00f3n del &#8216;home studio&#8217; para el DJ y productor en su residencia vacacional en Cura\u00e7ao. La nueva instalaci\u00f3n ofrece una apariencia completamente diferente a la del estudio principal de Hardwell [&hellip;]","og_url":"https:\/\/distribution.audio-technica.eu\/es-es\/noticias\/hardwell-instala-genelec-en-su-home-studio-de-vacaciones-en-curacao\/","og_site_name":"Audio-Technica Iberia","article_published_time":"2020-05-13T14:04:32+00:00","article_modified_time":"2023-07-31T09:22:23+00:00","og_image":[{"width":640,"height":360,"url":"https:\/\/distribution.audio-technica.eu\/app\/uploads\/sites\/2\/Hardwell_Morel_PR_Image_1_banner.jpg","type":"image\/jpeg"}],"author":"ctorras","twitter_card":"summary_large_image","twitter_misc":{"Escrito por":"ctorras","Tiempo de lectura":"3 minutos"},"schema":{"@context":"https:\/\/schema.org","@graph":[{"@type":"Article","@id":"https:\/\/distribution.audio-technica.eu\/es-es\/noticias\/hardwell-instala-genelec-en-su-home-studio-de-vacaciones-en-curacao\/#article","isPartOf":{"@id":"https:\/\/distribution.audio-technica.eu\/es-es\/noticias\/hardwell-instala-genelec-en-su-home-studio-de-vacaciones-en-curacao\/"},"author":{"name":"ctorras","@id":"https:\/\/distribution.audio-technica.eu\/es-es\/#\/schema\/person\/dbf0d33217ceab6329b4c3144742f2fb"},"headline":"Hardwell instala Genelec en su home studio de vacaciones en Cura\u00e7ao","datePublished":"2020-05-13T14:04:32+00:00","dateModified":"2023-07-31T09:22:23+00:00","mainEntityOfPage":{"@id":"https:\/\/distribution.audio-technica.eu\/es-es\/noticias\/hardwell-instala-genelec-en-su-home-studio-de-vacaciones-en-curacao\/"},"wordCount":591,"image":{"@id":"https:\/\/distribution.audio-technica.eu\/es-es\/noticias\/hardwell-instala-genelec-en-su-home-studio-de-vacaciones-en-curacao\/#primaryimage"},"thumbnailUrl":"\/app\/uploads\/sites\/2\/Hardwell_Morel_PR_Image_1_banner.jpg","keywords":["Home Studio","Morel","SAM"],"articleSection":["Usuarios"],"inLanguage":"es"},{"@type":"WebPage","@id":"https:\/\/distribution.audio-technica.eu\/es-es\/noticias\/hardwell-instala-genelec-en-su-home-studio-de-vacaciones-en-curacao\/","url":"https:\/\/distribution.audio-technica.eu\/es-es\/noticias\/hardwell-instala-genelec-en-su-home-studio-de-vacaciones-en-curacao\/","name":"Hardwell instala Genelec en su home studio de vacaciones en Cura\u00e7ao - Audio-Technica Iberia","isPartOf":{"@id":"https:\/\/distribution.audio-technica.eu\/es-es\/#website"},"primaryImageOfPage":{"@id":"https:\/\/distribution.audio-technica.eu\/es-es\/noticias\/hardwell-instala-genelec-en-su-home-studio-de-vacaciones-en-curacao\/#primaryimage"},"image":{"@id":"https:\/\/distribution.audio-technica.eu\/es-es\/noticias\/hardwell-instala-genelec-en-su-home-studio-de-vacaciones-en-curacao\/#primaryimage"},"thumbnailUrl":"\/app\/uploads\/sites\/2\/Hardwell_Morel_PR_Image_1_banner.jpg","datePublished":"2020-05-13T14:04:32+00:00","dateModified":"2023-07-31T09:22:23+00:00","author":{"@id":"https:\/\/distribution.audio-technica.eu\/es-es\/#\/schema\/person\/dbf0d33217ceab6329b4c3144742f2fb"},"breadcrumb":{"@id":"https:\/\/distribution.audio-technica.eu\/es-es\/noticias\/hardwell-instala-genelec-en-su-home-studio-de-vacaciones-en-curacao\/#breadcrumb"},"inLanguage":"es","potentialAction":[{"@type":"ReadAction","target":["https:\/\/distribution.audio-technica.eu\/es-es\/noticias\/hardwell-instala-genelec-en-su-home-studio-de-vacaciones-en-curacao\/"]}]},{"@type":"ImageObject","inLanguage":"es","@id":"https:\/\/distribution.audio-technica.eu\/es-es\/noticias\/hardwell-instala-genelec-en-su-home-studio-de-vacaciones-en-curacao\/#primaryimage","url":"\/app\/uploads\/sites\/2\/Hardwell_Morel_PR_Image_1_banner.jpg","contentUrl":"\/app\/uploads\/sites\/2\/Hardwell_Morel_PR_Image_1_banner.jpg","width":640,"height":360},{"@type":"BreadcrumbList","@id":"https:\/\/distribution.audio-technica.eu\/es-es\/noticias\/hardwell-instala-genelec-en-su-home-studio-de-vacaciones-en-curacao\/#breadcrumb","itemListElement":[{"@type":"ListItem","position":1,"name":"Products","item":"https:\/\/distribution.audio-technica.eu\/es-es\/"},{"@type":"ListItem","position":2,"name":"Hardwell instala Genelec en su home studio de vacaciones en Cura\u00e7ao"}]},{"@type":"WebSite","@id":"https:\/\/distribution.audio-technica.eu\/es-es\/#website","url":"https:\/\/distribution.audio-technica.eu\/es-es\/","name":"Audio-Technica Iberia","description":"Distribuci\u00f3n","potentialAction":[{"@type":"SearchAction","target":{"@type":"EntryPoint","urlTemplate":"https:\/\/distribution.audio-technica.eu\/es-es\/?s={search_term_string}"},"query-input":{"@type":"PropertyValueSpecification","valueRequired":true,"valueName":"search_term_string"}}],"inLanguage":"es"},{"@type":"Person","@id":"https:\/\/distribution.audio-technica.eu\/es-es\/#\/schema\/person\/dbf0d33217ceab6329b4c3144742f2fb","name":"ctorras"}]}},"_links":{"self":[{"href":"https:\/\/distribution.audio-technica.eu\/es-es\/wp-json\/wp\/v2\/posts\/21463","targetHints":{"allow":["GET"]}}],"collection":[{"href":"https:\/\/distribution.audio-technica.eu\/es-es\/wp-json\/wp\/v2\/posts"}],"about":[{"href":"https:\/\/distribution.audio-technica.eu\/es-es\/wp-json\/wp\/v2\/types\/post"}],"author":[{"embeddable":true,"href":"https:\/\/distribution.audio-technica.eu\/es-es\/wp-json\/wp\/v2\/users\/2"}],"replies":[{"embeddable":true,"href":"https:\/\/distribution.audio-technica.eu\/es-es\/wp-json\/wp\/v2\/comments?post=21463"}],"version-history":[{"count":7,"href":"https:\/\/distribution.audio-technica.eu\/es-es\/wp-json\/wp\/v2\/posts\/21463\/revisions"}],"predecessor-version":[{"id":27145,"href":"https:\/\/distribution.audio-technica.eu\/es-es\/wp-json\/wp\/v2\/posts\/21463\/revisions\/27145"}],"wp:featuredmedia":[{"embeddable":true,"href":"https:\/\/distribution.audio-technica.eu\/es-es\/wp-json\/wp\/v2\/media\/21467"}],"wp:attachment":[{"href":"https:\/\/distribution.audio-technica.eu\/es-es\/wp-json\/wp\/v2\/media?parent=21463"}],"wp:term":[{"taxonomy":"category","embeddable":true,"href":"https:\/\/distribution.audio-technica.eu\/es-es\/wp-json\/wp\/v2\/categories?post=21463"},{"taxonomy":"post_tag","embeddable":true,"href":"https:\/\/distribution.audio-technica.eu\/es-es\/wp-json\/wp\/v2\/tags?post=21463"}],"curies":[{"name":"wp","href":"https:\/\/api.w.org\/{rel}","templated":true}]}}