{"id":21490,"date":"2020-06-16T18:45:24","date_gmt":"2020-06-16T16:45:24","guid":{"rendered":"https:\/\/atdb-production.studiograft.dev\/es\/?p=21490"},"modified":"2023-07-31T11:21:24","modified_gmt":"2023-07-31T09:21:24","slug":"guy-sebastian-se-trae-la-mezcla-a-su-nueva-casa-con-genelec","status":"publish","type":"post","link":"https:\/\/distribution.audio-technica.eu\/es-es\/noticias\/guy-sebastian-se-trae-la-mezcla-a-su-nueva-casa-con-genelec\/","title":{"rendered":"Guy Sebastian se trae la mezcla a su nueva casa con Genelec"},"content":{"rendered":"<p><a href=\"https:\/\/distribution.audio-technica.eu\/es\/wp-content\/uploads\/sites\/2\/WP-Guy_Sebastian_PR_1.jpg\"><img loading=\"lazy\" decoding=\"async\" class=\"aligncenter size-fusion-800 wp-image-21492\" src=\"\/es\/wp-content\/uploads\/sites\/2\/WP-Guy_Sebastian_PR_1-800x450.jpg\" alt=\"\" width=\"800\" height=\"450\" srcset=\"https:\/\/distribution.audio-technica.eu\/app\/uploads\/sites\/2\/WP-Guy_Sebastian_PR_1-800x450.jpg 800w, https:\/\/distribution.audio-technica.eu\/app\/uploads\/sites\/2\/WP-Guy_Sebastian_PR_1-300x169.jpg 300w, https:\/\/distribution.audio-technica.eu\/app\/uploads\/sites\/2\/WP-Guy_Sebastian_PR_1-1024x576.jpg 1024w, https:\/\/distribution.audio-technica.eu\/app\/uploads\/sites\/2\/WP-Guy_Sebastian_PR_1-150x84.jpg 150w, https:\/\/distribution.audio-technica.eu\/app\/uploads\/sites\/2\/WP-Guy_Sebastian_PR_1-768x432.jpg 768w, https:\/\/distribution.audio-technica.eu\/app\/uploads\/sites\/2\/WP-Guy_Sebastian_PR_1-200x113.jpg 200w, https:\/\/distribution.audio-technica.eu\/app\/uploads\/sites\/2\/WP-Guy_Sebastian_PR_1-400x225.jpg 400w, https:\/\/distribution.audio-technica.eu\/app\/uploads\/sites\/2\/WP-Guy_Sebastian_PR_1-600x338.jpg 600w, https:\/\/distribution.audio-technica.eu\/app\/uploads\/sites\/2\/WP-Guy_Sebastian_PR_1-1200x675.jpg 1200w, https:\/\/distribution.audio-technica.eu\/app\/uploads\/sites\/2\/WP-Guy_Sebastian_PR_1.jpg 1500w\" sizes=\"auto, (max-width: 800px) 100vw, 800px\" \/><\/a><\/p>\n<p>Los monitores coaxiales <a href=\"https:\/\/www.genelec.com\/8341a\" target=\"_blank\" rel=\"noopener noreferrer\">8341A<\/a> de Genelec est\u00e1n demostrando ser tan importantes como todos los equipos de grabaci\u00f3n vintage en el nuevo home studio del cantante\/compositor australiano <a href=\"https:\/\/guysebastian.com\/\" target=\"_blank\" rel=\"noopener noreferrer\">Guy Sebastian<\/a>. Sebastian adquiri\u00f3 recientemente los galardonados monitores de campo cercano de fuente puntual del distribuidor australiano de Genelec, <a href=\"https:\/\/studioconnections.com.au\/\" target=\"_blank\" rel=\"noopener noreferrer\">Studio Connections<\/a>, y ahora ocupan un lugar de honor junto con su par de monitores principales <a href=\"https:\/\/www.genelec.com\/previous-models\/1034b\" target=\"_blank\" rel=\"noopener noreferrer\">1034B<\/a> que ya ten\u00eda.<\/p>\n<p>Sebastian destac\u00f3 por primera vez en 2003 como el primer ganador de Australian Idol. Desde entonces, su carrera se ha afianzado con discos de platino en los EE. UU. y Australia, y giras con entradas agotadas en todo el mundo. Este \u00e9xito le ha permitido crear un espacio de grabaci\u00f3n especialmente dise\u00f1ado en su nuevo hogar, d\u00e1ndole la capacidad de trabajar en nuevos proyectos tan pronto como le llegue la inspiraci\u00f3n.<\/p>\n<p><a href=\"https:\/\/distribution.audio-technica.eu\/es\/wp-content\/uploads\/sites\/2\/WP-Guy_Sebastian_PR_2.jpg\"><img loading=\"lazy\" decoding=\"async\" class=\"aligncenter size-fusion-800 wp-image-21493\" src=\"\/es\/wp-content\/uploads\/sites\/2\/WP-Guy_Sebastian_PR_2-800x450.jpg\" alt=\"\" width=\"800\" height=\"450\" srcset=\"https:\/\/distribution.audio-technica.eu\/app\/uploads\/sites\/2\/WP-Guy_Sebastian_PR_2-800x450.jpg 800w, https:\/\/distribution.audio-technica.eu\/app\/uploads\/sites\/2\/WP-Guy_Sebastian_PR_2-300x169.jpg 300w, https:\/\/distribution.audio-technica.eu\/app\/uploads\/sites\/2\/WP-Guy_Sebastian_PR_2-1024x576.jpg 1024w, https:\/\/distribution.audio-technica.eu\/app\/uploads\/sites\/2\/WP-Guy_Sebastian_PR_2-150x84.jpg 150w, https:\/\/distribution.audio-technica.eu\/app\/uploads\/sites\/2\/WP-Guy_Sebastian_PR_2-768x432.jpg 768w, https:\/\/distribution.audio-technica.eu\/app\/uploads\/sites\/2\/WP-Guy_Sebastian_PR_2-200x113.jpg 200w, https:\/\/distribution.audio-technica.eu\/app\/uploads\/sites\/2\/WP-Guy_Sebastian_PR_2-400x225.jpg 400w, https:\/\/distribution.audio-technica.eu\/app\/uploads\/sites\/2\/WP-Guy_Sebastian_PR_2-600x338.jpg 600w, https:\/\/distribution.audio-technica.eu\/app\/uploads\/sites\/2\/WP-Guy_Sebastian_PR_2-1200x675.jpg 1200w, https:\/\/distribution.audio-technica.eu\/app\/uploads\/sites\/2\/WP-Guy_Sebastian_PR_2.jpg 1500w\" sizes=\"auto, (max-width: 800px) 100vw, 800px\" \/><\/a><\/p>\n<p>El dise\u00f1o arquitect\u00f3nico para el estudio fue creado por el dise\u00f1ador ac\u00fastico <a href=\"https:\/\/www.johnlsayers.com\/\" target=\"_blank\" rel=\"noopener noreferrer\">John Sayers<\/a>, con Sebastian asumiendo la responsabilidad de los interiores. \u00ab<em>Esta casa es como un b\u00fanker de hormig\u00f3n<\/em>\u00ab, explica Sebasti\u00e1n. \u00ab<em>Es de hormig\u00f3n y acero negro y muy resistente, por lo que quer\u00eda que el estudio tuviera un ambiente un poco m\u00e1s moderno. Quer\u00eda mantenerlo bastante monocromo, y de aspecto realmente minimalista y limpio<\/em>\u201d.<\/p>\n<p>Sebastian es un adicto a los equipos tecnol\u00f3gicos, posee una colecci\u00f3n de micr\u00f3fonos antiguos que ser\u00eda la envidia de cualquiera, el estudio est\u00e1 lleno de algunos de los mejores equipos de grabaci\u00f3n hist\u00f3ricos, incluida una consola Siemens Sitral completamente restaurada, y en yuxtaposici\u00f3n a todo este equipo cl\u00e1sico, est\u00e1n la pareja de monitores Genelec 8341\u00aa en color blanco radiantemente modernos.<\/p>\n<p><a href=\"https:\/\/distribution.audio-technica.eu\/es\/wp-content\/uploads\/sites\/2\/WP-Guy_Sebastian_PR_3.jpg\"><img loading=\"lazy\" decoding=\"async\" class=\"aligncenter size-fusion-800 wp-image-21494\" src=\"\/es\/wp-content\/uploads\/sites\/2\/WP-Guy_Sebastian_PR_3-800x450.jpg\" alt=\"\" width=\"800\" height=\"450\" srcset=\"https:\/\/distribution.audio-technica.eu\/app\/uploads\/sites\/2\/WP-Guy_Sebastian_PR_3-800x450.jpg 800w, https:\/\/distribution.audio-technica.eu\/app\/uploads\/sites\/2\/WP-Guy_Sebastian_PR_3-300x169.jpg 300w, https:\/\/distribution.audio-technica.eu\/app\/uploads\/sites\/2\/WP-Guy_Sebastian_PR_3-1024x576.jpg 1024w, https:\/\/distribution.audio-technica.eu\/app\/uploads\/sites\/2\/WP-Guy_Sebastian_PR_3-150x84.jpg 150w, https:\/\/distribution.audio-technica.eu\/app\/uploads\/sites\/2\/WP-Guy_Sebastian_PR_3-768x432.jpg 768w, https:\/\/distribution.audio-technica.eu\/app\/uploads\/sites\/2\/WP-Guy_Sebastian_PR_3-200x113.jpg 200w, https:\/\/distribution.audio-technica.eu\/app\/uploads\/sites\/2\/WP-Guy_Sebastian_PR_3-400x225.jpg 400w, https:\/\/distribution.audio-technica.eu\/app\/uploads\/sites\/2\/WP-Guy_Sebastian_PR_3-600x338.jpg 600w, https:\/\/distribution.audio-technica.eu\/app\/uploads\/sites\/2\/WP-Guy_Sebastian_PR_3-1200x675.jpg 1200w, https:\/\/distribution.audio-technica.eu\/app\/uploads\/sites\/2\/WP-Guy_Sebastian_PR_3.jpg 1500w\" sizes=\"auto, (max-width: 800px) 100vw, 800px\" \/><\/a><\/p>\n<p>\u00ab<em>Son hermosos<\/em>\u00ab, dice Sebastian, quien tambi\u00e9n aprovech\u00f3 el software de calibraci\u00f3n <a href=\"https:\/\/www.genelec.com\/glm\" target=\"_blank\" rel=\"noopener noreferrer\">GLM<\/a> de Genelec para ayudar a calibrar los altavoces al espacio. \u201c<em>Fue genial poder usar la tecnolog\u00eda GLM de Genelec para ajustarlos perfectamente. No le hizo mucho a los monitores, solo algunas peque\u00f1as correcciones de frecuencia, pero fue muy interesante y \u00fatil<\/em>\u00ab.<\/p>\n<p>Por el contrario, los monitores principales 1034B de Sebastian fueron adquiridos hace varios a\u00f1os. \u00ab<em>Los he tenido durante un tiempo de Los \u00c1ngeles, y estaban guardados mientras se constru\u00eda este lugar<\/em>\u00ab, explica. \u201c<em>Me hacen no poner en marcha los altavoces. Cuando escuchas grandes monitores, a menos que est\u00e9s escuchando a un nivel muy alto, es dif\u00edcil sentir el punch. Estos son s\u00faper impactantes y muy claros, incluso a niveles bajos<\/em>\u00ab.<\/p>\n<p>Al reflexionar sobre la decisi\u00f3n de crear el espacio, Sebastian est\u00e1 claramente satisfecho con los resultados. \u00ab<em>El estudio fue una inversi\u00f3n para m\u00ed, pero ya ha valido la pena en la cantidad de tiempo que he pasado aqu\u00ed y lo que lo he usado en gira y en mis grabaciones<\/em>\u00ab, explica. \u00ab<em>Soy el Director Musical de mi banda, as\u00ed que pondr\u00e9 todas las pistas juntas y otros elementos para el directo. Hago mucha preproducci\u00f3n en el estudio y ensayo aqu\u00ed porque todo est\u00e1 donde lo necesitas<\/em>\u00ab.<\/p>\n<p>La decisi\u00f3n que tom\u00f3 con respecto a su soluci\u00f3n de monitoraje tambi\u00e9n parece haber valido la pena. \u00ab<em>Si necesitas buenos monitores, \u00a1y no hay nada mejor que Genelec!<\/em>\u00bb concluye.<\/p>\n<p>Para m\u00e1s informaci\u00f3n visite: <a href=\"http:\/\/www.genelec.com\" target=\"_blank\" rel=\"noopener noreferrer\">www.genelec.com<\/a><\/p>\n<p>&nbsp;<\/p>\n<p>&nbsp;<\/p>\n","protected":false},"excerpt":{"rendered":"<p>Los monitores coaxiales 8341A de Genelec est\u00e1n demostrando ser tan importantes como todos los equipos de grabaci\u00f3n vintage en el nuevo home studio del cantante\/compositor australiano Guy Sebastian. Sebastian adquiri\u00f3 recientemente los galardonados monitores de campo cercano de fuente puntual del distribuidor australiano de Genelec, Studio Connections, y ahora ocupan un lugar de honor junto [&hellip;]<\/p>\n","protected":false},"author":2,"featured_media":21491,"comment_status":"closed","ping_status":"closed","sticky":false,"template":"","format":"standard","meta":{"_acf_changed":false,"footnotes":""},"categories":[2459],"tags":[2153,1564],"class_list":["post-21490","post","type-post","status-publish","format-standard","has-post-thumbnail","hentry","category-usuarios","tag-2153","tag-estudio"],"acf":[],"yoast_head":"<!-- This site is optimized with the Yoast SEO plugin v27.1.1 - https:\/\/yoast.com\/product\/yoast-seo-wordpress\/ -->\n<title>Guy Sebastian se trae la mezcla a su nueva casa con Genelec - Audio-Technica Iberia<\/title>\n<meta name=\"robots\" content=\"index, follow, max-snippet:-1, max-image-preview:large, max-video-preview:-1\" \/>\n<link rel=\"canonical\" href=\"https:\/\/distribution.audio-technica.eu\/es-es\/noticias\/guy-sebastian-se-trae-la-mezcla-a-su-nueva-casa-con-genelec\/\" \/>\n<meta property=\"og:locale\" content=\"es_ES\" \/>\n<meta property=\"og:type\" content=\"article\" \/>\n<meta property=\"og:title\" content=\"Guy Sebastian se trae la mezcla a su nueva casa con Genelec - Audio-Technica Iberia\" \/>\n<meta property=\"og:description\" content=\"Los monitores coaxiales 8341A de Genelec est\u00e1n demostrando ser tan importantes como todos los equipos de grabaci\u00f3n vintage en el nuevo home studio del cantante\/compositor australiano Guy Sebastian. Sebastian adquiri\u00f3 recientemente los galardonados monitores de campo cercano de fuente puntual del distribuidor australiano de Genelec, Studio Connections, y ahora ocupan un lugar de honor junto [&hellip;]\" \/>\n<meta property=\"og:url\" content=\"https:\/\/distribution.audio-technica.eu\/es-es\/noticias\/guy-sebastian-se-trae-la-mezcla-a-su-nueva-casa-con-genelec\/\" \/>\n<meta property=\"og:site_name\" content=\"Audio-Technica Iberia\" \/>\n<meta property=\"article:published_time\" content=\"2020-06-16T16:45:24+00:00\" \/>\n<meta property=\"article:modified_time\" content=\"2023-07-31T09:21:24+00:00\" \/>\n<meta property=\"og:image\" content=\"https:\/\/distribution.audio-technica.eu\/app\/uploads\/sites\/2\/Guy_Sebastian_PR_1_banner.jpg\" \/>\n\t<meta property=\"og:image:width\" content=\"640\" \/>\n\t<meta property=\"og:image:height\" content=\"360\" \/>\n\t<meta property=\"og:image:type\" content=\"image\/jpeg\" \/>\n<meta name=\"author\" content=\"ctorras\" \/>\n<meta name=\"twitter:card\" content=\"summary_large_image\" \/>\n<meta name=\"twitter:label1\" content=\"Escrito por\" \/>\n\t<meta name=\"twitter:data1\" content=\"ctorras\" \/>\n\t<meta name=\"twitter:label2\" content=\"Tiempo de lectura\" \/>\n\t<meta name=\"twitter:data2\" content=\"3 minutos\" \/>\n<script type=\"application\/ld+json\" class=\"yoast-schema-graph\">{\"@context\":\"https:\/\/schema.org\",\"@graph\":[{\"@type\":\"Article\",\"@id\":\"https:\/\/distribution.audio-technica.eu\/es-es\/noticias\/guy-sebastian-se-trae-la-mezcla-a-su-nueva-casa-con-genelec\/#article\",\"isPartOf\":{\"@id\":\"https:\/\/distribution.audio-technica.eu\/es-es\/noticias\/guy-sebastian-se-trae-la-mezcla-a-su-nueva-casa-con-genelec\/\"},\"author\":{\"name\":\"ctorras\",\"@id\":\"https:\/\/distribution.audio-technica.eu\/es-es\/#\/schema\/person\/dbf0d33217ceab6329b4c3144742f2fb\"},\"headline\":\"Guy Sebastian se trae la mezcla a su nueva casa con Genelec\",\"datePublished\":\"2020-06-16T16:45:24+00:00\",\"dateModified\":\"2023-07-31T09:21:24+00:00\",\"mainEntityOfPage\":{\"@id\":\"https:\/\/distribution.audio-technica.eu\/es-es\/noticias\/guy-sebastian-se-trae-la-mezcla-a-su-nueva-casa-con-genelec\/\"},\"wordCount\":564,\"image\":{\"@id\":\"https:\/\/distribution.audio-technica.eu\/es-es\/noticias\/guy-sebastian-se-trae-la-mezcla-a-su-nueva-casa-con-genelec\/#primaryimage\"},\"thumbnailUrl\":\"\/app\/uploads\/sites\/2\/Guy_Sebastian_PR_1_banner.jpg\",\"keywords\":[\"8341\",\"Estudio\"],\"articleSection\":[\"Usuarios\"],\"inLanguage\":\"es\"},{\"@type\":\"WebPage\",\"@id\":\"https:\/\/distribution.audio-technica.eu\/es-es\/noticias\/guy-sebastian-se-trae-la-mezcla-a-su-nueva-casa-con-genelec\/\",\"url\":\"https:\/\/distribution.audio-technica.eu\/es-es\/noticias\/guy-sebastian-se-trae-la-mezcla-a-su-nueva-casa-con-genelec\/\",\"name\":\"Guy Sebastian se trae la mezcla a su nueva casa con Genelec - Audio-Technica Iberia\",\"isPartOf\":{\"@id\":\"https:\/\/distribution.audio-technica.eu\/es-es\/#website\"},\"primaryImageOfPage\":{\"@id\":\"https:\/\/distribution.audio-technica.eu\/es-es\/noticias\/guy-sebastian-se-trae-la-mezcla-a-su-nueva-casa-con-genelec\/#primaryimage\"},\"image\":{\"@id\":\"https:\/\/distribution.audio-technica.eu\/es-es\/noticias\/guy-sebastian-se-trae-la-mezcla-a-su-nueva-casa-con-genelec\/#primaryimage\"},\"thumbnailUrl\":\"\/app\/uploads\/sites\/2\/Guy_Sebastian_PR_1_banner.jpg\",\"datePublished\":\"2020-06-16T16:45:24+00:00\",\"dateModified\":\"2023-07-31T09:21:24+00:00\",\"author\":{\"@id\":\"https:\/\/distribution.audio-technica.eu\/es-es\/#\/schema\/person\/dbf0d33217ceab6329b4c3144742f2fb\"},\"breadcrumb\":{\"@id\":\"https:\/\/distribution.audio-technica.eu\/es-es\/noticias\/guy-sebastian-se-trae-la-mezcla-a-su-nueva-casa-con-genelec\/#breadcrumb\"},\"inLanguage\":\"es\",\"potentialAction\":[{\"@type\":\"ReadAction\",\"target\":[\"https:\/\/distribution.audio-technica.eu\/es-es\/noticias\/guy-sebastian-se-trae-la-mezcla-a-su-nueva-casa-con-genelec\/\"]}]},{\"@type\":\"ImageObject\",\"inLanguage\":\"es\",\"@id\":\"https:\/\/distribution.audio-technica.eu\/es-es\/noticias\/guy-sebastian-se-trae-la-mezcla-a-su-nueva-casa-con-genelec\/#primaryimage\",\"url\":\"\/app\/uploads\/sites\/2\/Guy_Sebastian_PR_1_banner.jpg\",\"contentUrl\":\"\/app\/uploads\/sites\/2\/Guy_Sebastian_PR_1_banner.jpg\",\"width\":640,\"height\":360},{\"@type\":\"BreadcrumbList\",\"@id\":\"https:\/\/distribution.audio-technica.eu\/es-es\/noticias\/guy-sebastian-se-trae-la-mezcla-a-su-nueva-casa-con-genelec\/#breadcrumb\",\"itemListElement\":[{\"@type\":\"ListItem\",\"position\":1,\"name\":\"Products\",\"item\":\"https:\/\/distribution.audio-technica.eu\/es-es\/\"},{\"@type\":\"ListItem\",\"position\":2,\"name\":\"Guy Sebastian se trae la mezcla a su nueva casa con Genelec\"}]},{\"@type\":\"WebSite\",\"@id\":\"https:\/\/distribution.audio-technica.eu\/es-es\/#website\",\"url\":\"https:\/\/distribution.audio-technica.eu\/es-es\/\",\"name\":\"Audio-Technica Iberia\",\"description\":\"Distribuci\u00f3n\",\"potentialAction\":[{\"@type\":\"SearchAction\",\"target\":{\"@type\":\"EntryPoint\",\"urlTemplate\":\"https:\/\/distribution.audio-technica.eu\/es-es\/?s={search_term_string}\"},\"query-input\":{\"@type\":\"PropertyValueSpecification\",\"valueRequired\":true,\"valueName\":\"search_term_string\"}}],\"inLanguage\":\"es\"},{\"@type\":\"Person\",\"@id\":\"https:\/\/distribution.audio-technica.eu\/es-es\/#\/schema\/person\/dbf0d33217ceab6329b4c3144742f2fb\",\"name\":\"ctorras\"}]}<\/script>\n<!-- \/ Yoast SEO plugin. -->","yoast_head_json":{"title":"Guy Sebastian se trae la mezcla a su nueva casa con Genelec - Audio-Technica Iberia","robots":{"index":"index","follow":"follow","max-snippet":"max-snippet:-1","max-image-preview":"max-image-preview:large","max-video-preview":"max-video-preview:-1"},"canonical":"https:\/\/distribution.audio-technica.eu\/es-es\/noticias\/guy-sebastian-se-trae-la-mezcla-a-su-nueva-casa-con-genelec\/","og_locale":"es_ES","og_type":"article","og_title":"Guy Sebastian se trae la mezcla a su nueva casa con Genelec - Audio-Technica Iberia","og_description":"Los monitores coaxiales 8341A de Genelec est\u00e1n demostrando ser tan importantes como todos los equipos de grabaci\u00f3n vintage en el nuevo home studio del cantante\/compositor australiano Guy Sebastian. Sebastian adquiri\u00f3 recientemente los galardonados monitores de campo cercano de fuente puntual del distribuidor australiano de Genelec, Studio Connections, y ahora ocupan un lugar de honor junto [&hellip;]","og_url":"https:\/\/distribution.audio-technica.eu\/es-es\/noticias\/guy-sebastian-se-trae-la-mezcla-a-su-nueva-casa-con-genelec\/","og_site_name":"Audio-Technica Iberia","article_published_time":"2020-06-16T16:45:24+00:00","article_modified_time":"2023-07-31T09:21:24+00:00","og_image":[{"width":640,"height":360,"url":"https:\/\/distribution.audio-technica.eu\/app\/uploads\/sites\/2\/Guy_Sebastian_PR_1_banner.jpg","type":"image\/jpeg"}],"author":"ctorras","twitter_card":"summary_large_image","twitter_misc":{"Escrito por":"ctorras","Tiempo de lectura":"3 minutos"},"schema":{"@context":"https:\/\/schema.org","@graph":[{"@type":"Article","@id":"https:\/\/distribution.audio-technica.eu\/es-es\/noticias\/guy-sebastian-se-trae-la-mezcla-a-su-nueva-casa-con-genelec\/#article","isPartOf":{"@id":"https:\/\/distribution.audio-technica.eu\/es-es\/noticias\/guy-sebastian-se-trae-la-mezcla-a-su-nueva-casa-con-genelec\/"},"author":{"name":"ctorras","@id":"https:\/\/distribution.audio-technica.eu\/es-es\/#\/schema\/person\/dbf0d33217ceab6329b4c3144742f2fb"},"headline":"Guy Sebastian se trae la mezcla a su nueva casa con Genelec","datePublished":"2020-06-16T16:45:24+00:00","dateModified":"2023-07-31T09:21:24+00:00","mainEntityOfPage":{"@id":"https:\/\/distribution.audio-technica.eu\/es-es\/noticias\/guy-sebastian-se-trae-la-mezcla-a-su-nueva-casa-con-genelec\/"},"wordCount":564,"image":{"@id":"https:\/\/distribution.audio-technica.eu\/es-es\/noticias\/guy-sebastian-se-trae-la-mezcla-a-su-nueva-casa-con-genelec\/#primaryimage"},"thumbnailUrl":"\/app\/uploads\/sites\/2\/Guy_Sebastian_PR_1_banner.jpg","keywords":["8341","Estudio"],"articleSection":["Usuarios"],"inLanguage":"es"},{"@type":"WebPage","@id":"https:\/\/distribution.audio-technica.eu\/es-es\/noticias\/guy-sebastian-se-trae-la-mezcla-a-su-nueva-casa-con-genelec\/","url":"https:\/\/distribution.audio-technica.eu\/es-es\/noticias\/guy-sebastian-se-trae-la-mezcla-a-su-nueva-casa-con-genelec\/","name":"Guy Sebastian se trae la mezcla a su nueva casa con Genelec - Audio-Technica Iberia","isPartOf":{"@id":"https:\/\/distribution.audio-technica.eu\/es-es\/#website"},"primaryImageOfPage":{"@id":"https:\/\/distribution.audio-technica.eu\/es-es\/noticias\/guy-sebastian-se-trae-la-mezcla-a-su-nueva-casa-con-genelec\/#primaryimage"},"image":{"@id":"https:\/\/distribution.audio-technica.eu\/es-es\/noticias\/guy-sebastian-se-trae-la-mezcla-a-su-nueva-casa-con-genelec\/#primaryimage"},"thumbnailUrl":"\/app\/uploads\/sites\/2\/Guy_Sebastian_PR_1_banner.jpg","datePublished":"2020-06-16T16:45:24+00:00","dateModified":"2023-07-31T09:21:24+00:00","author":{"@id":"https:\/\/distribution.audio-technica.eu\/es-es\/#\/schema\/person\/dbf0d33217ceab6329b4c3144742f2fb"},"breadcrumb":{"@id":"https:\/\/distribution.audio-technica.eu\/es-es\/noticias\/guy-sebastian-se-trae-la-mezcla-a-su-nueva-casa-con-genelec\/#breadcrumb"},"inLanguage":"es","potentialAction":[{"@type":"ReadAction","target":["https:\/\/distribution.audio-technica.eu\/es-es\/noticias\/guy-sebastian-se-trae-la-mezcla-a-su-nueva-casa-con-genelec\/"]}]},{"@type":"ImageObject","inLanguage":"es","@id":"https:\/\/distribution.audio-technica.eu\/es-es\/noticias\/guy-sebastian-se-trae-la-mezcla-a-su-nueva-casa-con-genelec\/#primaryimage","url":"\/app\/uploads\/sites\/2\/Guy_Sebastian_PR_1_banner.jpg","contentUrl":"\/app\/uploads\/sites\/2\/Guy_Sebastian_PR_1_banner.jpg","width":640,"height":360},{"@type":"BreadcrumbList","@id":"https:\/\/distribution.audio-technica.eu\/es-es\/noticias\/guy-sebastian-se-trae-la-mezcla-a-su-nueva-casa-con-genelec\/#breadcrumb","itemListElement":[{"@type":"ListItem","position":1,"name":"Products","item":"https:\/\/distribution.audio-technica.eu\/es-es\/"},{"@type":"ListItem","position":2,"name":"Guy Sebastian se trae la mezcla a su nueva casa con Genelec"}]},{"@type":"WebSite","@id":"https:\/\/distribution.audio-technica.eu\/es-es\/#website","url":"https:\/\/distribution.audio-technica.eu\/es-es\/","name":"Audio-Technica Iberia","description":"Distribuci\u00f3n","potentialAction":[{"@type":"SearchAction","target":{"@type":"EntryPoint","urlTemplate":"https:\/\/distribution.audio-technica.eu\/es-es\/?s={search_term_string}"},"query-input":{"@type":"PropertyValueSpecification","valueRequired":true,"valueName":"search_term_string"}}],"inLanguage":"es"},{"@type":"Person","@id":"https:\/\/distribution.audio-technica.eu\/es-es\/#\/schema\/person\/dbf0d33217ceab6329b4c3144742f2fb","name":"ctorras"}]}},"_links":{"self":[{"href":"https:\/\/distribution.audio-technica.eu\/es-es\/wp-json\/wp\/v2\/posts\/21490","targetHints":{"allow":["GET"]}}],"collection":[{"href":"https:\/\/distribution.audio-technica.eu\/es-es\/wp-json\/wp\/v2\/posts"}],"about":[{"href":"https:\/\/distribution.audio-technica.eu\/es-es\/wp-json\/wp\/v2\/types\/post"}],"author":[{"embeddable":true,"href":"https:\/\/distribution.audio-technica.eu\/es-es\/wp-json\/wp\/v2\/users\/2"}],"replies":[{"embeddable":true,"href":"https:\/\/distribution.audio-technica.eu\/es-es\/wp-json\/wp\/v2\/comments?post=21490"}],"version-history":[{"count":1,"href":"https:\/\/distribution.audio-technica.eu\/es-es\/wp-json\/wp\/v2\/posts\/21490\/revisions"}],"predecessor-version":[{"id":21495,"href":"https:\/\/distribution.audio-technica.eu\/es-es\/wp-json\/wp\/v2\/posts\/21490\/revisions\/21495"}],"wp:featuredmedia":[{"embeddable":true,"href":"https:\/\/distribution.audio-technica.eu\/es-es\/wp-json\/wp\/v2\/media\/21491"}],"wp:attachment":[{"href":"https:\/\/distribution.audio-technica.eu\/es-es\/wp-json\/wp\/v2\/media?parent=21490"}],"wp:term":[{"taxonomy":"category","embeddable":true,"href":"https:\/\/distribution.audio-technica.eu\/es-es\/wp-json\/wp\/v2\/categories?post=21490"},{"taxonomy":"post_tag","embeddable":true,"href":"https:\/\/distribution.audio-technica.eu\/es-es\/wp-json\/wp\/v2\/tags?post=21490"}],"curies":[{"name":"wp","href":"https:\/\/api.w.org\/{rel}","templated":true}]}}