{"id":21499,"date":"2020-07-24T15:18:40","date_gmt":"2020-07-24T13:18:40","guid":{"rendered":"https:\/\/atdb-production.studiograft.dev\/es\/?p=21499"},"modified":"2023-07-31T11:21:02","modified_gmt":"2023-07-31T09:21:02","slug":"genelec-g-learninglab-presentara-los-tutoriales-del-nuevo-glm-4","status":"publish","type":"post","link":"https:\/\/distribution.audio-technica.eu\/es-es\/noticias\/genelec-g-learninglab-presentara-los-tutoriales-del-nuevo-glm-4\/","title":{"rendered":"Genelec G LearningLab presentar\u00e1 los tutoriales del nuevo GLM 4"},"content":{"rendered":"<p><a href=\"https:\/\/distribution.audio-technica.eu\/es\/wp-content\/uploads\/sites\/2\/WP-GLearningLab_AT_GLM04_Green.jpg\"><img loading=\"lazy\" decoding=\"async\" class=\"aligncenter size-fusion-800 wp-image-21500\" src=\"\/es\/wp-content\/uploads\/sites\/2\/WP-GLearningLab_AT_GLM04_Green-800x533.jpg\" alt=\"\" width=\"800\" height=\"533\" srcset=\"https:\/\/distribution.audio-technica.eu\/app\/uploads\/sites\/2\/WP-GLearningLab_AT_GLM04_Green-800x533.jpg 800w, https:\/\/distribution.audio-technica.eu\/app\/uploads\/sites\/2\/WP-GLearningLab_AT_GLM04_Green-300x200.jpg 300w, https:\/\/distribution.audio-technica.eu\/app\/uploads\/sites\/2\/WP-GLearningLab_AT_GLM04_Green-1024x683.jpg 1024w, https:\/\/distribution.audio-technica.eu\/app\/uploads\/sites\/2\/WP-GLearningLab_AT_GLM04_Green-150x100.jpg 150w, https:\/\/distribution.audio-technica.eu\/app\/uploads\/sites\/2\/WP-GLearningLab_AT_GLM04_Green-768x512.jpg 768w, https:\/\/distribution.audio-technica.eu\/app\/uploads\/sites\/2\/WP-GLearningLab_AT_GLM04_Green-200x133.jpg 200w, https:\/\/distribution.audio-technica.eu\/app\/uploads\/sites\/2\/WP-GLearningLab_AT_GLM04_Green-400x267.jpg 400w, https:\/\/distribution.audio-technica.eu\/app\/uploads\/sites\/2\/WP-GLearningLab_AT_GLM04_Green-600x400.jpg 600w, https:\/\/distribution.audio-technica.eu\/app\/uploads\/sites\/2\/WP-GLearningLab_AT_GLM04_Green-1200x800.jpg 1200w, https:\/\/distribution.audio-technica.eu\/app\/uploads\/sites\/2\/WP-GLearningLab_AT_GLM04_Green.jpg 1500w\" sizes=\"auto, (max-width: 800px) 100vw, 800px\" \/><\/a><\/p>\n<p>El nuevo programa educativo G LearningLab de Genelec comenzar\u00e1 este agosto con una serie de tutoriales centrados exclusivamente en el software de gesti\u00f3n de altavoces <a href=\"https:\/\/www.genelec.com\/glm\" target=\"_blank\" rel=\"noopener noreferrer\">GLM<\/a>. Con el t\u00edtulo \u00ab6 pasos para crear su Referencia Sonora\u00bb, las sesiones de formaci\u00f3n tambi\u00e9n se utilizar\u00e1n para presentar el GLM 4, la versi\u00f3n m\u00e1s reciente del software, que actualmente se encuentra en una fase de prueba beta antes de su lanzamiento global oficial.<\/p>\n<p>G LearningLab es una herramienta educativa dise\u00f1ada para ayudar a la comunidad de audio a comprender mejor c\u00f3mo crear audio de alta calidad y proporcionar una experiencia de escucha m\u00e1s agradable. F\u00e1cilmente accesible a trav\u00e9s del <a href=\"https:\/\/www.genelec.com\/yoursonicreference\" target=\"_blank\" rel=\"noopener noreferrer\">sitio web de Genelec<\/a>, G LearningLab ofrece una amplia gama de videos, tutoriales, gu\u00edas de usuario, helpdesks y documentos acad\u00e9micos, y se basa en la larga herencia de programas de formaci\u00f3n ricos en contenido de Genelec. Artistas, creadores de m\u00fasica, ingenieros de sonido e integradores de sistemas encontrar\u00e1n que G LearningLab es un recurso valioso, que ofrece un aprendizaje a medida de alta calidad, desde los principios m\u00e1s b\u00e1sicos hasta los temas t\u00e9cnicos y acad\u00e9micos m\u00e1s profundos.<\/p>\n<p>A partir del 4 de agosto, la serie de seis tutoriales espec\u00edficos sobre GLM guiar\u00e1 a los asistentes a trav\u00e9s de cada etapa requerida, para configurar, calibrar y controlar un sistema de monitoraje de estudio para que proporcione una verdadera referencia sonora, y as\u00ed poder producir mezclas que se traduzcan consistentemente en otras salas y sistemas de reproducci\u00f3n. Realizado en ingl\u00e9s, cada sesi\u00f3n se repetir\u00e1 en diferentes momentos del d\u00eda para permitir que participen interesados de otras zonas horarias. Se motivar\u00e1 activamente a los asistentes a hacer preguntas y participar en una sesi\u00f3n de preguntas y respuestas al final de cada tutorial. Cualquier persona que complete con \u00e9xito cuatro o m\u00e1s tutoriales recibir\u00e1 un certificado y tambi\u00e9n participar\u00e1 en un sorteo donde podr\u00e1 ganar un par de monitores inteligentes activos Genelec <a href=\"https:\/\/www.genelec.com\/8320a\" target=\"_blank\" rel=\"noopener noreferrer\">RAW 8320 SAM<\/a> y un kit <a href=\"https:\/\/www.genelec.com\/glm-kit\" target=\"_blank\" rel=\"noopener noreferrer\">GLM<\/a>.<\/p>\n<p>Originalmente presentado en 2006, y basado en d\u00e9cadas de investigaci\u00f3n y datos de miles de estudios en todo el mundo, GLM se integra a la perfecci\u00f3n con el DSP inteligente dentro de cada Genelec SAM (Smart Active Monitor), permitiendo que cada monitor y subwoofer se conecte en red, se configure y se calibre individualmente para el ambiente ac\u00fastico espec\u00edfico del usuario.<\/p>\n<p>Los seis tutoriales est\u00e1n dirigidos tanto a los usuarios actuales de GLM como a aquellos que desean obtener m\u00e1s informaci\u00f3n sobre c\u00f3mo GLM puede mejorar su flujo de trabajo y la calidad de audio. Las sesiones cubrir\u00e1n todos los aspectos del uso de GLM: desde la simple ac\u00fastica de la sala y la ubicaci\u00f3n del monitor, pasando por las funciones b\u00e1sicas y avanzadas de GLM, el uso de GLM como un controlador de sistema de monitores, y terminando con una inmersi\u00f3n t\u00e9cnica profunda sobre c\u00f3mo funciona exactamente GLM. Durante la serie, los presentadores mostrar\u00e1n la nueva versi\u00f3n beta de GLM 4, que ahora ofrece compatibilidad de 64 bits, una nueva y elegante interfaz de usuario y una serie de nuevas caracter\u00edsticas valiosas para los usuarios de monitores y subgraves <a href=\"https:\/\/www.genelec.com\/sam-studio-monitors-subwoofers\" target=\"_blank\" rel=\"noopener noreferrer\">Genelec Smart Active Monitors<\/a> (SAM).<\/p>\n<p>El director general de Genelec, Siamak Naghian, comenta:<\/p>\n<p>\u201c<em>La calidad del audio es el coraz\u00f3n del proceso de creaci\u00f3n de un contenido, por lo que es esencial una comprensi\u00f3n fundamental de c\u00f3mo equipar una sala con un sistema de monitoraje preciso. G LearningLab es la culminaci\u00f3n de m\u00e1s de cuarenta a\u00f1os de experiencia en la formaci\u00f3n de nuestros socios y usuarios finales, y no puedo pensar en una mejor manera de celebrar eso que destacar el nuevo GLM 4, que est\u00e1 a punto de empoderar a los profesionales de audio con la nueva referencia de sonido<\/em>\u00ab.<\/p>\n<p>Para registrarse para los pr\u00f3ximos tutoriales de GLM, visite <a href=\"http:\/\/www.genelec.com\/events\" target=\"_blank\" rel=\"noopener noreferrer\">www.genelec.com\/events<\/a><\/p>\n","protected":false},"excerpt":{"rendered":"<p>El nuevo programa educativo G LearningLab de Genelec comenzar\u00e1 este agosto con una serie de tutoriales centrados exclusivamente en el software de gesti\u00f3n de altavoces GLM. Con el t\u00edtulo \u00ab6 pasos para crear su Referencia Sonora\u00bb, las sesiones de formaci\u00f3n tambi\u00e9n se utilizar\u00e1n para presentar el GLM 4, la versi\u00f3n m\u00e1s reciente del software, que [&hellip;]<\/p>\n","protected":false},"author":2,"featured_media":21501,"comment_status":"closed","ping_status":"closed","sticky":false,"template":"","format":"standard","meta":{"_acf_changed":false,"footnotes":""},"categories":[2458,2461],"tags":[1564,1565,1567],"class_list":["post-21499","post","type-post","status-publish","format-standard","has-post-thumbnail","hentry","category-eventos","category-noticias","tag-estudio","tag-glm","tag-sam"],"acf":[],"yoast_head":"<!-- This site is optimized with the Yoast SEO plugin v27.1.1 - https:\/\/yoast.com\/product\/yoast-seo-wordpress\/ -->\n<title>Genelec G LearningLab presentar\u00e1 los tutoriales del nuevo GLM 4 - Audio-Technica Iberia<\/title>\n<meta name=\"robots\" content=\"index, follow, max-snippet:-1, max-image-preview:large, max-video-preview:-1\" \/>\n<link rel=\"canonical\" href=\"https:\/\/distribution.audio-technica.eu\/es-es\/noticias\/genelec-g-learninglab-presentara-los-tutoriales-del-nuevo-glm-4\/\" \/>\n<meta property=\"og:locale\" content=\"es_ES\" \/>\n<meta property=\"og:type\" content=\"article\" \/>\n<meta property=\"og:title\" content=\"Genelec G LearningLab presentar\u00e1 los tutoriales del nuevo GLM 4 - Audio-Technica Iberia\" \/>\n<meta property=\"og:description\" content=\"El nuevo programa educativo G LearningLab de Genelec comenzar\u00e1 este agosto con una serie de tutoriales centrados exclusivamente en el software de gesti\u00f3n de altavoces GLM. Con el t\u00edtulo \u00ab6 pasos para crear su Referencia Sonora\u00bb, las sesiones de formaci\u00f3n tambi\u00e9n se utilizar\u00e1n para presentar el GLM 4, la versi\u00f3n m\u00e1s reciente del software, que [&hellip;]\" \/>\n<meta property=\"og:url\" content=\"https:\/\/distribution.audio-technica.eu\/es-es\/noticias\/genelec-g-learninglab-presentara-los-tutoriales-del-nuevo-glm-4\/\" \/>\n<meta property=\"og:site_name\" content=\"Audio-Technica Iberia\" \/>\n<meta property=\"article:published_time\" content=\"2020-07-24T13:18:40+00:00\" \/>\n<meta property=\"article:modified_time\" content=\"2023-07-31T09:21:02+00:00\" \/>\n<meta property=\"og:image\" content=\"https:\/\/distribution.audio-technica.eu\/app\/uploads\/sites\/2\/GLearningLab_AT_GLM04_Green_banner.jpg\" \/>\n\t<meta property=\"og:image:width\" content=\"640\" \/>\n\t<meta property=\"og:image:height\" content=\"360\" \/>\n\t<meta property=\"og:image:type\" content=\"image\/jpeg\" \/>\n<meta name=\"author\" content=\"ctorras\" \/>\n<meta name=\"twitter:card\" content=\"summary_large_image\" \/>\n<meta name=\"twitter:label1\" content=\"Escrito por\" \/>\n\t<meta name=\"twitter:data1\" content=\"ctorras\" \/>\n\t<meta name=\"twitter:label2\" content=\"Tiempo de lectura\" \/>\n\t<meta name=\"twitter:data2\" content=\"3 minutos\" \/>\n<script type=\"application\/ld+json\" class=\"yoast-schema-graph\">{\"@context\":\"https:\/\/schema.org\",\"@graph\":[{\"@type\":\"Article\",\"@id\":\"https:\/\/distribution.audio-technica.eu\/es-es\/noticias\/genelec-g-learninglab-presentara-los-tutoriales-del-nuevo-glm-4\/#article\",\"isPartOf\":{\"@id\":\"https:\/\/distribution.audio-technica.eu\/es-es\/noticias\/genelec-g-learninglab-presentara-los-tutoriales-del-nuevo-glm-4\/\"},\"author\":{\"name\":\"ctorras\",\"@id\":\"https:\/\/distribution.audio-technica.eu\/es-es\/#\/schema\/person\/dbf0d33217ceab6329b4c3144742f2fb\"},\"headline\":\"Genelec G LearningLab presentar\u00e1 los tutoriales del nuevo GLM 4\",\"datePublished\":\"2020-07-24T13:18:40+00:00\",\"dateModified\":\"2023-07-31T09:21:02+00:00\",\"mainEntityOfPage\":{\"@id\":\"https:\/\/distribution.audio-technica.eu\/es-es\/noticias\/genelec-g-learninglab-presentara-los-tutoriales-del-nuevo-glm-4\/\"},\"wordCount\":685,\"image\":{\"@id\":\"https:\/\/distribution.audio-technica.eu\/es-es\/noticias\/genelec-g-learninglab-presentara-los-tutoriales-del-nuevo-glm-4\/#primaryimage\"},\"thumbnailUrl\":\"\/app\/uploads\/sites\/2\/GLearningLab_AT_GLM04_Green_banner.jpg\",\"keywords\":[\"Estudio\",\"GLM\",\"SAM\"],\"articleSection\":[\"Eventos\",\"Noticias\"],\"inLanguage\":\"es\"},{\"@type\":\"WebPage\",\"@id\":\"https:\/\/distribution.audio-technica.eu\/es-es\/noticias\/genelec-g-learninglab-presentara-los-tutoriales-del-nuevo-glm-4\/\",\"url\":\"https:\/\/distribution.audio-technica.eu\/es-es\/noticias\/genelec-g-learninglab-presentara-los-tutoriales-del-nuevo-glm-4\/\",\"name\":\"Genelec G LearningLab presentar\u00e1 los tutoriales del nuevo GLM 4 - Audio-Technica Iberia\",\"isPartOf\":{\"@id\":\"https:\/\/distribution.audio-technica.eu\/es-es\/#website\"},\"primaryImageOfPage\":{\"@id\":\"https:\/\/distribution.audio-technica.eu\/es-es\/noticias\/genelec-g-learninglab-presentara-los-tutoriales-del-nuevo-glm-4\/#primaryimage\"},\"image\":{\"@id\":\"https:\/\/distribution.audio-technica.eu\/es-es\/noticias\/genelec-g-learninglab-presentara-los-tutoriales-del-nuevo-glm-4\/#primaryimage\"},\"thumbnailUrl\":\"\/app\/uploads\/sites\/2\/GLearningLab_AT_GLM04_Green_banner.jpg\",\"datePublished\":\"2020-07-24T13:18:40+00:00\",\"dateModified\":\"2023-07-31T09:21:02+00:00\",\"author\":{\"@id\":\"https:\/\/distribution.audio-technica.eu\/es-es\/#\/schema\/person\/dbf0d33217ceab6329b4c3144742f2fb\"},\"breadcrumb\":{\"@id\":\"https:\/\/distribution.audio-technica.eu\/es-es\/noticias\/genelec-g-learninglab-presentara-los-tutoriales-del-nuevo-glm-4\/#breadcrumb\"},\"inLanguage\":\"es\",\"potentialAction\":[{\"@type\":\"ReadAction\",\"target\":[\"https:\/\/distribution.audio-technica.eu\/es-es\/noticias\/genelec-g-learninglab-presentara-los-tutoriales-del-nuevo-glm-4\/\"]}]},{\"@type\":\"ImageObject\",\"inLanguage\":\"es\",\"@id\":\"https:\/\/distribution.audio-technica.eu\/es-es\/noticias\/genelec-g-learninglab-presentara-los-tutoriales-del-nuevo-glm-4\/#primaryimage\",\"url\":\"\/app\/uploads\/sites\/2\/GLearningLab_AT_GLM04_Green_banner.jpg\",\"contentUrl\":\"\/app\/uploads\/sites\/2\/GLearningLab_AT_GLM04_Green_banner.jpg\",\"width\":640,\"height\":360},{\"@type\":\"BreadcrumbList\",\"@id\":\"https:\/\/distribution.audio-technica.eu\/es-es\/noticias\/genelec-g-learninglab-presentara-los-tutoriales-del-nuevo-glm-4\/#breadcrumb\",\"itemListElement\":[{\"@type\":\"ListItem\",\"position\":1,\"name\":\"Products\",\"item\":\"https:\/\/distribution.audio-technica.eu\/es-es\/\"},{\"@type\":\"ListItem\",\"position\":2,\"name\":\"Genelec G LearningLab presentar\u00e1 los tutoriales del nuevo GLM 4\"}]},{\"@type\":\"WebSite\",\"@id\":\"https:\/\/distribution.audio-technica.eu\/es-es\/#website\",\"url\":\"https:\/\/distribution.audio-technica.eu\/es-es\/\",\"name\":\"Audio-Technica Iberia\",\"description\":\"Distribuci\u00f3n\",\"potentialAction\":[{\"@type\":\"SearchAction\",\"target\":{\"@type\":\"EntryPoint\",\"urlTemplate\":\"https:\/\/distribution.audio-technica.eu\/es-es\/?s={search_term_string}\"},\"query-input\":{\"@type\":\"PropertyValueSpecification\",\"valueRequired\":true,\"valueName\":\"search_term_string\"}}],\"inLanguage\":\"es\"},{\"@type\":\"Person\",\"@id\":\"https:\/\/distribution.audio-technica.eu\/es-es\/#\/schema\/person\/dbf0d33217ceab6329b4c3144742f2fb\",\"name\":\"ctorras\"}]}<\/script>\n<!-- \/ Yoast SEO plugin. -->","yoast_head_json":{"title":"Genelec G LearningLab presentar\u00e1 los tutoriales del nuevo GLM 4 - Audio-Technica Iberia","robots":{"index":"index","follow":"follow","max-snippet":"max-snippet:-1","max-image-preview":"max-image-preview:large","max-video-preview":"max-video-preview:-1"},"canonical":"https:\/\/distribution.audio-technica.eu\/es-es\/noticias\/genelec-g-learninglab-presentara-los-tutoriales-del-nuevo-glm-4\/","og_locale":"es_ES","og_type":"article","og_title":"Genelec G LearningLab presentar\u00e1 los tutoriales del nuevo GLM 4 - Audio-Technica Iberia","og_description":"El nuevo programa educativo G LearningLab de Genelec comenzar\u00e1 este agosto con una serie de tutoriales centrados exclusivamente en el software de gesti\u00f3n de altavoces GLM. Con el t\u00edtulo \u00ab6 pasos para crear su Referencia Sonora\u00bb, las sesiones de formaci\u00f3n tambi\u00e9n se utilizar\u00e1n para presentar el GLM 4, la versi\u00f3n m\u00e1s reciente del software, que [&hellip;]","og_url":"https:\/\/distribution.audio-technica.eu\/es-es\/noticias\/genelec-g-learninglab-presentara-los-tutoriales-del-nuevo-glm-4\/","og_site_name":"Audio-Technica Iberia","article_published_time":"2020-07-24T13:18:40+00:00","article_modified_time":"2023-07-31T09:21:02+00:00","og_image":[{"width":640,"height":360,"url":"https:\/\/distribution.audio-technica.eu\/app\/uploads\/sites\/2\/GLearningLab_AT_GLM04_Green_banner.jpg","type":"image\/jpeg"}],"author":"ctorras","twitter_card":"summary_large_image","twitter_misc":{"Escrito por":"ctorras","Tiempo de lectura":"3 minutos"},"schema":{"@context":"https:\/\/schema.org","@graph":[{"@type":"Article","@id":"https:\/\/distribution.audio-technica.eu\/es-es\/noticias\/genelec-g-learninglab-presentara-los-tutoriales-del-nuevo-glm-4\/#article","isPartOf":{"@id":"https:\/\/distribution.audio-technica.eu\/es-es\/noticias\/genelec-g-learninglab-presentara-los-tutoriales-del-nuevo-glm-4\/"},"author":{"name":"ctorras","@id":"https:\/\/distribution.audio-technica.eu\/es-es\/#\/schema\/person\/dbf0d33217ceab6329b4c3144742f2fb"},"headline":"Genelec G LearningLab presentar\u00e1 los tutoriales del nuevo GLM 4","datePublished":"2020-07-24T13:18:40+00:00","dateModified":"2023-07-31T09:21:02+00:00","mainEntityOfPage":{"@id":"https:\/\/distribution.audio-technica.eu\/es-es\/noticias\/genelec-g-learninglab-presentara-los-tutoriales-del-nuevo-glm-4\/"},"wordCount":685,"image":{"@id":"https:\/\/distribution.audio-technica.eu\/es-es\/noticias\/genelec-g-learninglab-presentara-los-tutoriales-del-nuevo-glm-4\/#primaryimage"},"thumbnailUrl":"\/app\/uploads\/sites\/2\/GLearningLab_AT_GLM04_Green_banner.jpg","keywords":["Estudio","GLM","SAM"],"articleSection":["Eventos","Noticias"],"inLanguage":"es"},{"@type":"WebPage","@id":"https:\/\/distribution.audio-technica.eu\/es-es\/noticias\/genelec-g-learninglab-presentara-los-tutoriales-del-nuevo-glm-4\/","url":"https:\/\/distribution.audio-technica.eu\/es-es\/noticias\/genelec-g-learninglab-presentara-los-tutoriales-del-nuevo-glm-4\/","name":"Genelec G LearningLab presentar\u00e1 los tutoriales del nuevo GLM 4 - Audio-Technica Iberia","isPartOf":{"@id":"https:\/\/distribution.audio-technica.eu\/es-es\/#website"},"primaryImageOfPage":{"@id":"https:\/\/distribution.audio-technica.eu\/es-es\/noticias\/genelec-g-learninglab-presentara-los-tutoriales-del-nuevo-glm-4\/#primaryimage"},"image":{"@id":"https:\/\/distribution.audio-technica.eu\/es-es\/noticias\/genelec-g-learninglab-presentara-los-tutoriales-del-nuevo-glm-4\/#primaryimage"},"thumbnailUrl":"\/app\/uploads\/sites\/2\/GLearningLab_AT_GLM04_Green_banner.jpg","datePublished":"2020-07-24T13:18:40+00:00","dateModified":"2023-07-31T09:21:02+00:00","author":{"@id":"https:\/\/distribution.audio-technica.eu\/es-es\/#\/schema\/person\/dbf0d33217ceab6329b4c3144742f2fb"},"breadcrumb":{"@id":"https:\/\/distribution.audio-technica.eu\/es-es\/noticias\/genelec-g-learninglab-presentara-los-tutoriales-del-nuevo-glm-4\/#breadcrumb"},"inLanguage":"es","potentialAction":[{"@type":"ReadAction","target":["https:\/\/distribution.audio-technica.eu\/es-es\/noticias\/genelec-g-learninglab-presentara-los-tutoriales-del-nuevo-glm-4\/"]}]},{"@type":"ImageObject","inLanguage":"es","@id":"https:\/\/distribution.audio-technica.eu\/es-es\/noticias\/genelec-g-learninglab-presentara-los-tutoriales-del-nuevo-glm-4\/#primaryimage","url":"\/app\/uploads\/sites\/2\/GLearningLab_AT_GLM04_Green_banner.jpg","contentUrl":"\/app\/uploads\/sites\/2\/GLearningLab_AT_GLM04_Green_banner.jpg","width":640,"height":360},{"@type":"BreadcrumbList","@id":"https:\/\/distribution.audio-technica.eu\/es-es\/noticias\/genelec-g-learninglab-presentara-los-tutoriales-del-nuevo-glm-4\/#breadcrumb","itemListElement":[{"@type":"ListItem","position":1,"name":"Products","item":"https:\/\/distribution.audio-technica.eu\/es-es\/"},{"@type":"ListItem","position":2,"name":"Genelec G LearningLab presentar\u00e1 los tutoriales del nuevo GLM 4"}]},{"@type":"WebSite","@id":"https:\/\/distribution.audio-technica.eu\/es-es\/#website","url":"https:\/\/distribution.audio-technica.eu\/es-es\/","name":"Audio-Technica Iberia","description":"Distribuci\u00f3n","potentialAction":[{"@type":"SearchAction","target":{"@type":"EntryPoint","urlTemplate":"https:\/\/distribution.audio-technica.eu\/es-es\/?s={search_term_string}"},"query-input":{"@type":"PropertyValueSpecification","valueRequired":true,"valueName":"search_term_string"}}],"inLanguage":"es"},{"@type":"Person","@id":"https:\/\/distribution.audio-technica.eu\/es-es\/#\/schema\/person\/dbf0d33217ceab6329b4c3144742f2fb","name":"ctorras"}]}},"_links":{"self":[{"href":"https:\/\/distribution.audio-technica.eu\/es-es\/wp-json\/wp\/v2\/posts\/21499","targetHints":{"allow":["GET"]}}],"collection":[{"href":"https:\/\/distribution.audio-technica.eu\/es-es\/wp-json\/wp\/v2\/posts"}],"about":[{"href":"https:\/\/distribution.audio-technica.eu\/es-es\/wp-json\/wp\/v2\/types\/post"}],"author":[{"embeddable":true,"href":"https:\/\/distribution.audio-technica.eu\/es-es\/wp-json\/wp\/v2\/users\/2"}],"replies":[{"embeddable":true,"href":"https:\/\/distribution.audio-technica.eu\/es-es\/wp-json\/wp\/v2\/comments?post=21499"}],"version-history":[{"count":8,"href":"https:\/\/distribution.audio-technica.eu\/es-es\/wp-json\/wp\/v2\/posts\/21499\/revisions"}],"predecessor-version":[{"id":21660,"href":"https:\/\/distribution.audio-technica.eu\/es-es\/wp-json\/wp\/v2\/posts\/21499\/revisions\/21660"}],"wp:featuredmedia":[{"embeddable":true,"href":"https:\/\/distribution.audio-technica.eu\/es-es\/wp-json\/wp\/v2\/media\/21501"}],"wp:attachment":[{"href":"https:\/\/distribution.audio-technica.eu\/es-es\/wp-json\/wp\/v2\/media?parent=21499"}],"wp:term":[{"taxonomy":"category","embeddable":true,"href":"https:\/\/distribution.audio-technica.eu\/es-es\/wp-json\/wp\/v2\/categories?post=21499"},{"taxonomy":"post_tag","embeddable":true,"href":"https:\/\/distribution.audio-technica.eu\/es-es\/wp-json\/wp\/v2\/tags?post=21499"}],"curies":[{"name":"wp","href":"https:\/\/api.w.org\/{rel}","templated":true}]}}