{"id":21555,"date":"2020-08-03T19:34:22","date_gmt":"2020-08-03T17:34:22","guid":{"rendered":"https:\/\/atdb-production.studiograft.dev\/es\/?p=21555"},"modified":"2023-07-31T10:29:00","modified_gmt":"2023-07-31T08:29:00","slug":"nero-encuentra-su-hogar-en-los-estudios-wilderness-de-los-alpes-austriacos","status":"publish","type":"post","link":"https:\/\/distribution.audio-technica.eu\/es-es\/noticias\/nero-encuentra-su-hogar-en-los-estudios-wilderness-de-los-alpes-austriacos\/","title":{"rendered":"Nero encuentra su hogar en los Estudios Wilderness de los Alpes Austr\u00edacos"},"content":{"rendered":"<p><a href=\"https:\/\/distribution.audio-technica.eu\/es\/wp-content\/uploads\/sites\/2\/Wilderness-3.jpg\"><img loading=\"lazy\" decoding=\"async\" class=\"aligncenter wp-image-21561 size-fusion-800\" src=\"\/es\/wp-content\/uploads\/sites\/2\/Wilderness-3-800x450.jpg\" alt=\"\" width=\"800\" height=\"450\" srcset=\"https:\/\/distribution.audio-technica.eu\/app\/uploads\/sites\/2\/Wilderness-3-800x450.jpg 800w, https:\/\/distribution.audio-technica.eu\/app\/uploads\/sites\/2\/Wilderness-3-300x169.jpg 300w, https:\/\/distribution.audio-technica.eu\/app\/uploads\/sites\/2\/Wilderness-3-150x84.jpg 150w, https:\/\/distribution.audio-technica.eu\/app\/uploads\/sites\/2\/Wilderness-3-768x432.jpg 768w, https:\/\/distribution.audio-technica.eu\/app\/uploads\/sites\/2\/Wilderness-3-200x112.jpg 200w, https:\/\/distribution.audio-technica.eu\/app\/uploads\/sites\/2\/Wilderness-3-400x225.jpg 400w, https:\/\/distribution.audio-technica.eu\/app\/uploads\/sites\/2\/Wilderness-3-600x337.jpg 600w, https:\/\/distribution.audio-technica.eu\/app\/uploads\/sites\/2\/Wilderness-3.jpg 1000w\" sizes=\"auto, (max-width: 800px) 100vw, 800px\" \/><\/a><\/p>\n<p>Un <a href=\"https:\/\/audient.com\/products\/monitor-controllers\/nero\/\" target=\"_blank\" rel=\"noopener noreferrer\">Audient Nero<\/a> se ha incorporado a los reci\u00e9n inaugurados <a href=\"https:\/\/www.wilderness-studios.com\/\" target=\"_blank\" rel=\"noopener noreferrer\">Estudios Wilderness<\/a> de los compositores y productores, Felix Brunhuber y Florian \u2018Flo\u2019 Fellier, enclavados en el Tirol (Austria). Convirtiendo el sue\u00f1o de crear un estudio con \u00abel mejor sonido imaginable\u00bb, Felix y Florian se han inspirado en la belleza natural, los vastos bosques y las monta\u00f1as vertiginosas de su tierra natal para crear un \u00aboasis creativo\u00bb.<\/p>\n<p>Juntos son <a href=\"https:\/\/www.wild-culture.at\/\" target=\"_blank\" rel=\"noopener noreferrer\">Wild Culture<\/a>, y han registrado m\u00e1s de 80 millones de streamings en todas las plataformas habituales (YouTube, <a href=\"https:\/\/open.spotify.com\/artist\/7hayBHpyq0PvgOt9l96hpp\" target=\"_blank\" rel=\"noopener noreferrer\">Spotify<\/a> y <a href=\"https:\/\/soundcloud.com\/wild_culture\" target=\"_blank\" rel=\"noopener noreferrer\">Soundcloud<\/a>). Como tal, saben exactamente lo que necesitan para crear sus propias \u00abproducciones \u00fanicas y de alta calidad\u00bb y consideran que ahora es el momento de compartir su inspiraci\u00f3n con el resto del mundo.<\/p>\n<p><a href=\"https:\/\/distribution.audio-technica.eu\/es\/wp-content\/uploads\/sites\/2\/Wilderness-1.jpg\"><img loading=\"lazy\" decoding=\"async\" class=\"aligncenter wp-image-21558 size-fusion-800\" src=\"\/es\/wp-content\/uploads\/sites\/2\/Wilderness-1-800x533.jpg\" alt=\"\" width=\"800\" height=\"533\" srcset=\"https:\/\/distribution.audio-technica.eu\/app\/uploads\/sites\/2\/Wilderness-1-800x533.jpg 800w, https:\/\/distribution.audio-technica.eu\/app\/uploads\/sites\/2\/Wilderness-1-300x200.jpg 300w, https:\/\/distribution.audio-technica.eu\/app\/uploads\/sites\/2\/Wilderness-1-150x100.jpg 150w, https:\/\/distribution.audio-technica.eu\/app\/uploads\/sites\/2\/Wilderness-1-768x511.jpg 768w, https:\/\/distribution.audio-technica.eu\/app\/uploads\/sites\/2\/Wilderness-1-200x133.jpg 200w, https:\/\/distribution.audio-technica.eu\/app\/uploads\/sites\/2\/Wilderness-1-400x266.jpg 400w, https:\/\/distribution.audio-technica.eu\/app\/uploads\/sites\/2\/Wilderness-1-600x400.jpg 600w, https:\/\/distribution.audio-technica.eu\/app\/uploads\/sites\/2\/Wilderness-1.jpg 1000w\" sizes=\"auto, (max-width: 800px) 100vw, 800px\" \/><\/a><\/p>\n<p>Especificando cuidadosamente su equipo de audio para adaptarse al espacio del estudio principal de 33 metros cuadrados, su experiencia como artistas les ha ayudado a seleccionar la zona perfecta para que los visitantes se sientan \u00ablibres y creativos\u00bb. Explican: \u201c<em>Wilderness Studios est\u00e1 dise\u00f1ado para producciones, grabaciones, cantantes y bandas, as\u00ed como para mezclar y masterizar. Pueden trabajar hasta 8 personas en el estudio principal <\/em>\u00ab.<\/p>\n<p>Han prestado especial atenci\u00f3n a todos los elementos, desde el control de la temperatura y la iluminaci\u00f3n para crear el ambiente deseado, as\u00ed como para obtener el sonido correcto. \u00ab<em>Con nuestro sistema de monitores Neumann controlado por el controlador del monitores Audient, tenemos el sonido perfecto para escribir, producir, mezclar y masterizar la m\u00fasica<\/em>\u00ab.<\/p>\n<p><a href=\"https:\/\/distribution.audio-technica.eu\/es\/wp-content\/uploads\/sites\/2\/Wilderness-2.jpg\"><img loading=\"lazy\" decoding=\"async\" class=\"aligncenter wp-image-21559 size-fusion-800\" src=\"\/es\/wp-content\/uploads\/sites\/2\/Wilderness-2-800x450.jpg\" alt=\"\" width=\"800\" height=\"450\" srcset=\"https:\/\/distribution.audio-technica.eu\/app\/uploads\/sites\/2\/Wilderness-2-800x450.jpg 800w, https:\/\/distribution.audio-technica.eu\/app\/uploads\/sites\/2\/Wilderness-2-300x169.jpg 300w, https:\/\/distribution.audio-technica.eu\/app\/uploads\/sites\/2\/Wilderness-2-150x84.jpg 150w, https:\/\/distribution.audio-technica.eu\/app\/uploads\/sites\/2\/Wilderness-2-768x432.jpg 768w, https:\/\/distribution.audio-technica.eu\/app\/uploads\/sites\/2\/Wilderness-2-200x112.jpg 200w, https:\/\/distribution.audio-technica.eu\/app\/uploads\/sites\/2\/Wilderness-2-400x225.jpg 400w, https:\/\/distribution.audio-technica.eu\/app\/uploads\/sites\/2\/Wilderness-2-600x337.jpg 600w, https:\/\/distribution.audio-technica.eu\/app\/uploads\/sites\/2\/Wilderness-2.jpg 1000w\" sizes=\"auto, (max-width: 800px) 100vw, 800px\" \/><\/a><\/p>\n<p>Al describir la parte de Nero en la configuraci\u00f3n general, Felix dice: \u00ab<em>Nero se utiliza como nuestro controlador de monitores principal y es una parte central de nuestro estudio principal. El bot\u00f3n de control s\u00faper suave y la capacidad de usar el sistema incorporado de talkback son extremadamente \u00fatiles, pero tambi\u00e9n el dise\u00f1o simple y pr\u00e1ctico de Nero es muy efectivo en nuestro flujo de trabajo<\/em>\u201d.<\/p>\n<p>El estudio principal es parte de un complejo m\u00e1s grande de 800 metros cuadrados ubicado en un antiguo edificio de un almac\u00e9n industrial que data de 1900. Llevando el dise\u00f1o urbano a las monta\u00f1as austriacas, Wilderness Studios est\u00e1 rodeado de naturaleza virgen e incluso tiene su propio manantial de agua fresca de monta\u00f1a. Dise\u00f1adas para atender a todo tipo de creativos, las salas de estudio se complementan con un espacio tipo loft de 400 metros cuadrados, zona de descanso y cabina de DJ, un amplio espacio para eventos, bares e incluso una cocina. Ideal para productores individuales o grupos m\u00e1s grandes, el dise\u00f1o de la sala interior se puede personalizar y dar vida a los conceptos m\u00e1s individuales.<\/p>\n<p><a href=\"https:\/\/distribution.audio-technica.eu\/es\/wp-content\/uploads\/sites\/2\/Wilderness-5.jpg\"><img loading=\"lazy\" decoding=\"async\" class=\"aligncenter size-fusion-800 wp-image-21556\" src=\"\/es\/wp-content\/uploads\/sites\/2\/Wilderness-5-800x450.jpg\" alt=\"\" width=\"800\" height=\"450\" srcset=\"https:\/\/distribution.audio-technica.eu\/app\/uploads\/sites\/2\/Wilderness-5-800x450.jpg 800w, https:\/\/distribution.audio-technica.eu\/app\/uploads\/sites\/2\/Wilderness-5-300x169.jpg 300w, https:\/\/distribution.audio-technica.eu\/app\/uploads\/sites\/2\/Wilderness-5-150x84.jpg 150w, https:\/\/distribution.audio-technica.eu\/app\/uploads\/sites\/2\/Wilderness-5-768x432.jpg 768w, https:\/\/distribution.audio-technica.eu\/app\/uploads\/sites\/2\/Wilderness-5-200x112.jpg 200w, https:\/\/distribution.audio-technica.eu\/app\/uploads\/sites\/2\/Wilderness-5-400x225.jpg 400w, https:\/\/distribution.audio-technica.eu\/app\/uploads\/sites\/2\/Wilderness-5-600x337.jpg 600w, https:\/\/distribution.audio-technica.eu\/app\/uploads\/sites\/2\/Wilderness-5.jpg 1000w\" sizes=\"auto, (max-width: 800px) 100vw, 800px\" \/><\/a><\/p>\n<p>\u00ab<em>Probablemente la mejor presentaci\u00f3n para descubrir lo que es posible en Wilderness Studios es escuchar nuestro nuevo sencillo,\u00bbWhat U Do<\/em>\u00ab, dice Flo. Producido, mezclado y masterizado utilizando su Audient Nero, es la primera canci\u00f3n del EP del mismo nombre. \u00ab<em>Marca el debut de Felix como cantante en una canci\u00f3n de Wild Culture, lo que la convierte en una de nuestras canciones m\u00e1s personales<\/em>\u00ab.<\/p>\n<p>Cuando se le pregunt\u00f3 qu\u00e9 es lo siguiente que podemos esperar de Wild Culture, Felix explica: \u201c<em>Desenterramos muchas ideas de canciones, bocetos y emociones almacenadas en nuestros ordenadores. Desempolvamos nuestros viejos disquetes y decidimos compartir las emociones almacenadas con el mundo. El primer lanzamiento ser\u00e1 un EP de 3 pistas, titulado Lost Files. Este ser\u00e1 el primero de varios EP que se lanzar\u00e1 a lo largo de 2020\/21, y mostrar\u00e1 el nuevo y extraordinario sonido pop de Wild Culture<\/em>\u00ab.<\/p>\n<figure id=\"attachment_21557\" aria-describedby=\"caption-attachment-21557\" style=\"width: 800px\" class=\"wp-caption aligncenter\"><a href=\"https:\/\/distribution.audio-technica.eu\/es\/wp-content\/uploads\/sites\/2\/Wild-Culture.jpg\"><img loading=\"lazy\" decoding=\"async\" class=\"wp-image-21557 size-fusion-800\" src=\"\/es\/wp-content\/uploads\/sites\/2\/Wild-Culture-800x533.jpg\" alt=\"\" width=\"800\" height=\"533\" srcset=\"https:\/\/distribution.audio-technica.eu\/app\/uploads\/sites\/2\/Wild-Culture-800x533.jpg 800w, https:\/\/distribution.audio-technica.eu\/app\/uploads\/sites\/2\/Wild-Culture-300x200.jpg 300w, https:\/\/distribution.audio-technica.eu\/app\/uploads\/sites\/2\/Wild-Culture-150x100.jpg 150w, https:\/\/distribution.audio-technica.eu\/app\/uploads\/sites\/2\/Wild-Culture-768x511.jpg 768w, https:\/\/distribution.audio-technica.eu\/app\/uploads\/sites\/2\/Wild-Culture-200x133.jpg 200w, https:\/\/distribution.audio-technica.eu\/app\/uploads\/sites\/2\/Wild-Culture-400x266.jpg 400w, https:\/\/distribution.audio-technica.eu\/app\/uploads\/sites\/2\/Wild-Culture-600x400.jpg 600w, https:\/\/distribution.audio-technica.eu\/app\/uploads\/sites\/2\/Wild-Culture.jpg 1000w\" sizes=\"auto, (max-width: 800px) 100vw, 800px\" \/><\/a><figcaption id=\"caption-attachment-21557\" class=\"wp-caption-text\">Felix Brunhuber &amp; Flo Fellier aka Wild Culture \u2013 de relax<\/figcaption><\/figure>\n","protected":false},"excerpt":{"rendered":"<p>Un Audient Nero se ha incorporado a los reci\u00e9n inaugurados Estudios Wilderness de los compositores y productores, Felix Brunhuber y Florian \u2018Flo\u2019 Fellier, enclavados en el Tirol (Austria). Convirtiendo el sue\u00f1o de crear un estudio con \u00abel mejor sonido imaginable\u00bb, Felix y Florian se han inspirado en la belleza natural, los vastos bosques y las [&hellip;]<\/p>\n","protected":false},"author":2,"featured_media":21560,"comment_status":"closed","ping_status":"closed","sticky":false,"template":"","format":"standard","meta":{"_acf_changed":false,"footnotes":""},"categories":[2459],"tags":[1728,1564,2206],"class_list":["post-21555","post","type-post","status-publish","format-standard","has-post-thumbnail","hentry","category-usuarios","tag-controlador-monitores","tag-estudio","tag-nero"],"acf":[],"yoast_head":"<!-- This site is optimized with the Yoast SEO plugin v27.1.1 - https:\/\/yoast.com\/product\/yoast-seo-wordpress\/ -->\n<title>Nero encuentra su hogar en los Estudios Wilderness de los Alpes Austr\u00edacos - Audio-Technica Iberia<\/title>\n<meta name=\"robots\" content=\"index, follow, max-snippet:-1, max-image-preview:large, max-video-preview:-1\" \/>\n<link rel=\"canonical\" href=\"https:\/\/distribution.audio-technica.eu\/es-es\/noticias\/nero-encuentra-su-hogar-en-los-estudios-wilderness-de-los-alpes-austriacos\/\" \/>\n<meta property=\"og:locale\" content=\"es_ES\" \/>\n<meta property=\"og:type\" content=\"article\" \/>\n<meta property=\"og:title\" content=\"Nero encuentra su hogar en los Estudios Wilderness de los Alpes Austr\u00edacos - Audio-Technica Iberia\" \/>\n<meta property=\"og:description\" content=\"Un Audient Nero se ha incorporado a los reci\u00e9n inaugurados Estudios Wilderness de los compositores y productores, Felix Brunhuber y Florian \u2018Flo\u2019 Fellier, enclavados en el Tirol (Austria). Convirtiendo el sue\u00f1o de crear un estudio con \u00abel mejor sonido imaginable\u00bb, Felix y Florian se han inspirado en la belleza natural, los vastos bosques y las [&hellip;]\" \/>\n<meta property=\"og:url\" content=\"https:\/\/distribution.audio-technica.eu\/es-es\/noticias\/nero-encuentra-su-hogar-en-los-estudios-wilderness-de-los-alpes-austriacos\/\" \/>\n<meta property=\"og:site_name\" content=\"Audio-Technica Iberia\" \/>\n<meta property=\"article:published_time\" content=\"2020-08-03T17:34:22+00:00\" \/>\n<meta property=\"article:modified_time\" content=\"2023-07-31T08:29:00+00:00\" \/>\n<meta property=\"og:image\" content=\"https:\/\/distribution.audio-technica.eu\/app\/uploads\/sites\/2\/Wilderness-2_banner.jpg\" \/>\n\t<meta property=\"og:image:width\" content=\"640\" \/>\n\t<meta property=\"og:image:height\" content=\"360\" \/>\n\t<meta property=\"og:image:type\" content=\"image\/jpeg\" \/>\n<meta name=\"author\" content=\"ctorras\" \/>\n<meta name=\"twitter:card\" content=\"summary_large_image\" \/>\n<meta name=\"twitter:label1\" content=\"Escrito por\" \/>\n\t<meta name=\"twitter:data1\" content=\"ctorras\" \/>\n\t<meta name=\"twitter:label2\" content=\"Tiempo de lectura\" \/>\n\t<meta name=\"twitter:data2\" content=\"3 minutos\" \/>\n<script type=\"application\/ld+json\" class=\"yoast-schema-graph\">{\"@context\":\"https:\/\/schema.org\",\"@graph\":[{\"@type\":\"Article\",\"@id\":\"https:\/\/distribution.audio-technica.eu\/es-es\/noticias\/nero-encuentra-su-hogar-en-los-estudios-wilderness-de-los-alpes-austriacos\/#article\",\"isPartOf\":{\"@id\":\"https:\/\/distribution.audio-technica.eu\/es-es\/noticias\/nero-encuentra-su-hogar-en-los-estudios-wilderness-de-los-alpes-austriacos\/\"},\"author\":{\"name\":\"ctorras\",\"@id\":\"https:\/\/distribution.audio-technica.eu\/es-es\/#\/schema\/person\/dbf0d33217ceab6329b4c3144742f2fb\"},\"headline\":\"Nero encuentra su hogar en los Estudios Wilderness de los Alpes Austr\u00edacos\",\"datePublished\":\"2020-08-03T17:34:22+00:00\",\"dateModified\":\"2023-07-31T08:29:00+00:00\",\"mainEntityOfPage\":{\"@id\":\"https:\/\/distribution.audio-technica.eu\/es-es\/noticias\/nero-encuentra-su-hogar-en-los-estudios-wilderness-de-los-alpes-austriacos\/\"},\"wordCount\":616,\"image\":{\"@id\":\"https:\/\/distribution.audio-technica.eu\/es-es\/noticias\/nero-encuentra-su-hogar-en-los-estudios-wilderness-de-los-alpes-austriacos\/#primaryimage\"},\"thumbnailUrl\":\"\/app\/uploads\/sites\/2\/Wilderness-2_banner.jpg\",\"keywords\":[\"Controlador de monitores\",\"Estudio\",\"Nero\"],\"articleSection\":[\"Usuarios\"],\"inLanguage\":\"es\"},{\"@type\":\"WebPage\",\"@id\":\"https:\/\/distribution.audio-technica.eu\/es-es\/noticias\/nero-encuentra-su-hogar-en-los-estudios-wilderness-de-los-alpes-austriacos\/\",\"url\":\"https:\/\/distribution.audio-technica.eu\/es-es\/noticias\/nero-encuentra-su-hogar-en-los-estudios-wilderness-de-los-alpes-austriacos\/\",\"name\":\"Nero encuentra su hogar en los Estudios Wilderness de los Alpes Austr\u00edacos - Audio-Technica Iberia\",\"isPartOf\":{\"@id\":\"https:\/\/distribution.audio-technica.eu\/es-es\/#website\"},\"primaryImageOfPage\":{\"@id\":\"https:\/\/distribution.audio-technica.eu\/es-es\/noticias\/nero-encuentra-su-hogar-en-los-estudios-wilderness-de-los-alpes-austriacos\/#primaryimage\"},\"image\":{\"@id\":\"https:\/\/distribution.audio-technica.eu\/es-es\/noticias\/nero-encuentra-su-hogar-en-los-estudios-wilderness-de-los-alpes-austriacos\/#primaryimage\"},\"thumbnailUrl\":\"\/app\/uploads\/sites\/2\/Wilderness-2_banner.jpg\",\"datePublished\":\"2020-08-03T17:34:22+00:00\",\"dateModified\":\"2023-07-31T08:29:00+00:00\",\"author\":{\"@id\":\"https:\/\/distribution.audio-technica.eu\/es-es\/#\/schema\/person\/dbf0d33217ceab6329b4c3144742f2fb\"},\"breadcrumb\":{\"@id\":\"https:\/\/distribution.audio-technica.eu\/es-es\/noticias\/nero-encuentra-su-hogar-en-los-estudios-wilderness-de-los-alpes-austriacos\/#breadcrumb\"},\"inLanguage\":\"es\",\"potentialAction\":[{\"@type\":\"ReadAction\",\"target\":[\"https:\/\/distribution.audio-technica.eu\/es-es\/noticias\/nero-encuentra-su-hogar-en-los-estudios-wilderness-de-los-alpes-austriacos\/\"]}]},{\"@type\":\"ImageObject\",\"inLanguage\":\"es\",\"@id\":\"https:\/\/distribution.audio-technica.eu\/es-es\/noticias\/nero-encuentra-su-hogar-en-los-estudios-wilderness-de-los-alpes-austriacos\/#primaryimage\",\"url\":\"\/app\/uploads\/sites\/2\/Wilderness-2_banner.jpg\",\"contentUrl\":\"\/app\/uploads\/sites\/2\/Wilderness-2_banner.jpg\",\"width\":640,\"height\":360},{\"@type\":\"BreadcrumbList\",\"@id\":\"https:\/\/distribution.audio-technica.eu\/es-es\/noticias\/nero-encuentra-su-hogar-en-los-estudios-wilderness-de-los-alpes-austriacos\/#breadcrumb\",\"itemListElement\":[{\"@type\":\"ListItem\",\"position\":1,\"name\":\"Products\",\"item\":\"https:\/\/distribution.audio-technica.eu\/es-es\/\"},{\"@type\":\"ListItem\",\"position\":2,\"name\":\"Nero encuentra su hogar en los Estudios Wilderness de los Alpes Austr\u00edacos\"}]},{\"@type\":\"WebSite\",\"@id\":\"https:\/\/distribution.audio-technica.eu\/es-es\/#website\",\"url\":\"https:\/\/distribution.audio-technica.eu\/es-es\/\",\"name\":\"Audio-Technica Iberia\",\"description\":\"Distribuci\u00f3n\",\"potentialAction\":[{\"@type\":\"SearchAction\",\"target\":{\"@type\":\"EntryPoint\",\"urlTemplate\":\"https:\/\/distribution.audio-technica.eu\/es-es\/?s={search_term_string}\"},\"query-input\":{\"@type\":\"PropertyValueSpecification\",\"valueRequired\":true,\"valueName\":\"search_term_string\"}}],\"inLanguage\":\"es\"},{\"@type\":\"Person\",\"@id\":\"https:\/\/distribution.audio-technica.eu\/es-es\/#\/schema\/person\/dbf0d33217ceab6329b4c3144742f2fb\",\"name\":\"ctorras\"}]}<\/script>\n<!-- \/ Yoast SEO plugin. -->","yoast_head_json":{"title":"Nero encuentra su hogar en los Estudios Wilderness de los Alpes Austr\u00edacos - Audio-Technica Iberia","robots":{"index":"index","follow":"follow","max-snippet":"max-snippet:-1","max-image-preview":"max-image-preview:large","max-video-preview":"max-video-preview:-1"},"canonical":"https:\/\/distribution.audio-technica.eu\/es-es\/noticias\/nero-encuentra-su-hogar-en-los-estudios-wilderness-de-los-alpes-austriacos\/","og_locale":"es_ES","og_type":"article","og_title":"Nero encuentra su hogar en los Estudios Wilderness de los Alpes Austr\u00edacos - Audio-Technica Iberia","og_description":"Un Audient Nero se ha incorporado a los reci\u00e9n inaugurados Estudios Wilderness de los compositores y productores, Felix Brunhuber y Florian \u2018Flo\u2019 Fellier, enclavados en el Tirol (Austria). Convirtiendo el sue\u00f1o de crear un estudio con \u00abel mejor sonido imaginable\u00bb, Felix y Florian se han inspirado en la belleza natural, los vastos bosques y las [&hellip;]","og_url":"https:\/\/distribution.audio-technica.eu\/es-es\/noticias\/nero-encuentra-su-hogar-en-los-estudios-wilderness-de-los-alpes-austriacos\/","og_site_name":"Audio-Technica Iberia","article_published_time":"2020-08-03T17:34:22+00:00","article_modified_time":"2023-07-31T08:29:00+00:00","og_image":[{"width":640,"height":360,"url":"https:\/\/distribution.audio-technica.eu\/app\/uploads\/sites\/2\/Wilderness-2_banner.jpg","type":"image\/jpeg"}],"author":"ctorras","twitter_card":"summary_large_image","twitter_misc":{"Escrito por":"ctorras","Tiempo de lectura":"3 minutos"},"schema":{"@context":"https:\/\/schema.org","@graph":[{"@type":"Article","@id":"https:\/\/distribution.audio-technica.eu\/es-es\/noticias\/nero-encuentra-su-hogar-en-los-estudios-wilderness-de-los-alpes-austriacos\/#article","isPartOf":{"@id":"https:\/\/distribution.audio-technica.eu\/es-es\/noticias\/nero-encuentra-su-hogar-en-los-estudios-wilderness-de-los-alpes-austriacos\/"},"author":{"name":"ctorras","@id":"https:\/\/distribution.audio-technica.eu\/es-es\/#\/schema\/person\/dbf0d33217ceab6329b4c3144742f2fb"},"headline":"Nero encuentra su hogar en los Estudios Wilderness de los Alpes Austr\u00edacos","datePublished":"2020-08-03T17:34:22+00:00","dateModified":"2023-07-31T08:29:00+00:00","mainEntityOfPage":{"@id":"https:\/\/distribution.audio-technica.eu\/es-es\/noticias\/nero-encuentra-su-hogar-en-los-estudios-wilderness-de-los-alpes-austriacos\/"},"wordCount":616,"image":{"@id":"https:\/\/distribution.audio-technica.eu\/es-es\/noticias\/nero-encuentra-su-hogar-en-los-estudios-wilderness-de-los-alpes-austriacos\/#primaryimage"},"thumbnailUrl":"\/app\/uploads\/sites\/2\/Wilderness-2_banner.jpg","keywords":["Controlador de monitores","Estudio","Nero"],"articleSection":["Usuarios"],"inLanguage":"es"},{"@type":"WebPage","@id":"https:\/\/distribution.audio-technica.eu\/es-es\/noticias\/nero-encuentra-su-hogar-en-los-estudios-wilderness-de-los-alpes-austriacos\/","url":"https:\/\/distribution.audio-technica.eu\/es-es\/noticias\/nero-encuentra-su-hogar-en-los-estudios-wilderness-de-los-alpes-austriacos\/","name":"Nero encuentra su hogar en los Estudios Wilderness de los Alpes Austr\u00edacos - Audio-Technica Iberia","isPartOf":{"@id":"https:\/\/distribution.audio-technica.eu\/es-es\/#website"},"primaryImageOfPage":{"@id":"https:\/\/distribution.audio-technica.eu\/es-es\/noticias\/nero-encuentra-su-hogar-en-los-estudios-wilderness-de-los-alpes-austriacos\/#primaryimage"},"image":{"@id":"https:\/\/distribution.audio-technica.eu\/es-es\/noticias\/nero-encuentra-su-hogar-en-los-estudios-wilderness-de-los-alpes-austriacos\/#primaryimage"},"thumbnailUrl":"\/app\/uploads\/sites\/2\/Wilderness-2_banner.jpg","datePublished":"2020-08-03T17:34:22+00:00","dateModified":"2023-07-31T08:29:00+00:00","author":{"@id":"https:\/\/distribution.audio-technica.eu\/es-es\/#\/schema\/person\/dbf0d33217ceab6329b4c3144742f2fb"},"breadcrumb":{"@id":"https:\/\/distribution.audio-technica.eu\/es-es\/noticias\/nero-encuentra-su-hogar-en-los-estudios-wilderness-de-los-alpes-austriacos\/#breadcrumb"},"inLanguage":"es","potentialAction":[{"@type":"ReadAction","target":["https:\/\/distribution.audio-technica.eu\/es-es\/noticias\/nero-encuentra-su-hogar-en-los-estudios-wilderness-de-los-alpes-austriacos\/"]}]},{"@type":"ImageObject","inLanguage":"es","@id":"https:\/\/distribution.audio-technica.eu\/es-es\/noticias\/nero-encuentra-su-hogar-en-los-estudios-wilderness-de-los-alpes-austriacos\/#primaryimage","url":"\/app\/uploads\/sites\/2\/Wilderness-2_banner.jpg","contentUrl":"\/app\/uploads\/sites\/2\/Wilderness-2_banner.jpg","width":640,"height":360},{"@type":"BreadcrumbList","@id":"https:\/\/distribution.audio-technica.eu\/es-es\/noticias\/nero-encuentra-su-hogar-en-los-estudios-wilderness-de-los-alpes-austriacos\/#breadcrumb","itemListElement":[{"@type":"ListItem","position":1,"name":"Products","item":"https:\/\/distribution.audio-technica.eu\/es-es\/"},{"@type":"ListItem","position":2,"name":"Nero encuentra su hogar en los Estudios Wilderness de los Alpes Austr\u00edacos"}]},{"@type":"WebSite","@id":"https:\/\/distribution.audio-technica.eu\/es-es\/#website","url":"https:\/\/distribution.audio-technica.eu\/es-es\/","name":"Audio-Technica Iberia","description":"Distribuci\u00f3n","potentialAction":[{"@type":"SearchAction","target":{"@type":"EntryPoint","urlTemplate":"https:\/\/distribution.audio-technica.eu\/es-es\/?s={search_term_string}"},"query-input":{"@type":"PropertyValueSpecification","valueRequired":true,"valueName":"search_term_string"}}],"inLanguage":"es"},{"@type":"Person","@id":"https:\/\/distribution.audio-technica.eu\/es-es\/#\/schema\/person\/dbf0d33217ceab6329b4c3144742f2fb","name":"ctorras"}]}},"_links":{"self":[{"href":"https:\/\/distribution.audio-technica.eu\/es-es\/wp-json\/wp\/v2\/posts\/21555","targetHints":{"allow":["GET"]}}],"collection":[{"href":"https:\/\/distribution.audio-technica.eu\/es-es\/wp-json\/wp\/v2\/posts"}],"about":[{"href":"https:\/\/distribution.audio-technica.eu\/es-es\/wp-json\/wp\/v2\/types\/post"}],"author":[{"embeddable":true,"href":"https:\/\/distribution.audio-technica.eu\/es-es\/wp-json\/wp\/v2\/users\/2"}],"replies":[{"embeddable":true,"href":"https:\/\/distribution.audio-technica.eu\/es-es\/wp-json\/wp\/v2\/comments?post=21555"}],"version-history":[{"count":3,"href":"https:\/\/distribution.audio-technica.eu\/es-es\/wp-json\/wp\/v2\/posts\/21555\/revisions"}],"predecessor-version":[{"id":21608,"href":"https:\/\/distribution.audio-technica.eu\/es-es\/wp-json\/wp\/v2\/posts\/21555\/revisions\/21608"}],"wp:featuredmedia":[{"embeddable":true,"href":"https:\/\/distribution.audio-technica.eu\/es-es\/wp-json\/wp\/v2\/media\/21560"}],"wp:attachment":[{"href":"https:\/\/distribution.audio-technica.eu\/es-es\/wp-json\/wp\/v2\/media?parent=21555"}],"wp:term":[{"taxonomy":"category","embeddable":true,"href":"https:\/\/distribution.audio-technica.eu\/es-es\/wp-json\/wp\/v2\/categories?post=21555"},{"taxonomy":"post_tag","embeddable":true,"href":"https:\/\/distribution.audio-technica.eu\/es-es\/wp-json\/wp\/v2\/tags?post=21555"}],"curies":[{"name":"wp","href":"https:\/\/api.w.org\/{rel}","templated":true}]}}