{"id":2156,"date":"2017-12-11T12:46:55","date_gmt":"2017-12-11T11:46:55","guid":{"rendered":"http:\/\/noticias.audio-technica.es\/?p=2156"},"modified":"2023-07-31T11:29:18","modified_gmt":"2023-07-31T09:29:18","slug":"the-ones-nominados","status":"publish","type":"post","link":"https:\/\/distribution.audio-technica.eu\/es-es\/noticias\/the-ones-nominados\/","title":{"rendered":"Los monitores The Ones de Genelec nominados a tres prestigiosos premios"},"content":{"rendered":"<h2>Los monitores The Ones de Genelec han sido nominados, dentro de la categor\u00eda \u2018Mejor Monitor de Estudio\u2019, en tres prestigiosos premios: Sound in Sound, Musicradar y TEC. Genelec se siente muy orgullosa de estas tres nominaciones, concedidas por tres de los m\u00e1s importantes premios de la industria.<\/h2>\n<p><a href=\"http:\/\/noticias.audio-technica.es\/wp-content\/uploads\/NdP-Genelec-The-Ones-Award-Nominees.jpg\"><img loading=\"lazy\" decoding=\"async\" class=\"aligncenter size-full wp-image-2154\" src=\"http:\/\/noticias.audio-technica.es\/wp-content\/uploads\/NdP-Genelec-The-Ones-Award-Nominees.jpg\" alt=\"Los monitores The Ones de Genelec nominados a tres prestigiosos premios\" width=\"1680\" height=\"1120\" srcset=\"https:\/\/distribution.audio-technica.eu\/app\/uploads\/sites\/2\/NdP-Genelec-The-Ones-Award-Nominees.jpg 1680w, https:\/\/distribution.audio-technica.eu\/app\/uploads\/sites\/2\/NdP-Genelec-The-Ones-Award-Nominees-300x200.jpg 300w, https:\/\/distribution.audio-technica.eu\/app\/uploads\/sites\/2\/NdP-Genelec-The-Ones-Award-Nominees-768x512.jpg 768w, https:\/\/distribution.audio-technica.eu\/app\/uploads\/sites\/2\/NdP-Genelec-The-Ones-Award-Nominees-1024x683.jpg 1024w, https:\/\/distribution.audio-technica.eu\/app\/uploads\/sites\/2\/NdP-Genelec-The-Ones-Award-Nominees-200x133.jpg 200w, https:\/\/distribution.audio-technica.eu\/app\/uploads\/sites\/2\/NdP-Genelec-The-Ones-Award-Nominees-400x267.jpg 400w, https:\/\/distribution.audio-technica.eu\/app\/uploads\/sites\/2\/NdP-Genelec-The-Ones-Award-Nominees-600x400.jpg 600w, https:\/\/distribution.audio-technica.eu\/app\/uploads\/sites\/2\/NdP-Genelec-The-Ones-Award-Nominees-800x533.jpg 800w, https:\/\/distribution.audio-technica.eu\/app\/uploads\/sites\/2\/NdP-Genelec-The-Ones-Award-Nominees-1200x800.jpg 1200w\" sizes=\"auto, (max-width: 1680px) 100vw, 1680px\" \/><\/a><\/p>\n<p>Otra prueba de la excelente acogida que han recibido los monitores <a href=\"https:\/\/eu.audio-technica.com\/brands\/genelec\/genelec-por-series\/serie-the-ones?lang=es\">The Ones<\/a> de Genelec es su reciente nominaci\u00f3n dentro de la categor\u00eda \u2018Mejor Monitor de Estudio\u2019, en tres prestigiosos premios.<\/p>\n<p>Los SOS Awards vienen entreg\u00e1ndose desde 2010, y tiene como objetivo proclamar los mejores productos aparecidos en la industria en los \u00faltimos doce meses. Los ganadores ser\u00e1n proclamados durante el pr\u00f3ximo NAMM Show que se celebrar\u00e1 en Los Angeles el pr\u00f3ximo mes de enero.<\/p>\n<p>M\u00e1s informaci\u00f3n en: <a href=\"https:\/\/www.soundonsound.com\/sos-awards\">https:\/\/www.soundonsound.com\/sos-awards<\/a><\/p>\n<p>&nbsp;<\/p>\n<p>Con 33 ediciones a sus espaldas, los premios TEC son unos de los m\u00e1s longevos de la industria. Los resultados tambi\u00e9n ser\u00e1n anunciados durante la celebraci\u00f3n del NAMM Show que se celebrar\u00e1 en enero.<\/p>\n<p>M\u00e1s informaci\u00f3n en: <a href=\"https:\/\/www.tecawards.org\/TEC33\/voting\">https:\/\/www.tecawards.org\/TEC33\/voting<\/a><\/p>\n<p>&nbsp;<\/p>\n<p>Finalmente, los premios Musicradar son concedidos en base a las votaciones de los lectores de esta publicaci\u00f3n on line.<\/p>\n<p>M\u00e1s informaci\u00f3n en:<\/p>\n<p><a href=\"http:\/\/www.musicradar.com\/news\/what-is-the-best-new-monitor-speaker-of-2017\">http:\/\/www.musicradar.com\/news\/what-is-the-best-new-monitor-speaker-of-2017<\/a><\/p>\n<p>&nbsp;<\/p>\n<p>Para m\u00e1s detalles sobre los monitores Genelec, visita <a href=\"http:\/\/www.genelec.com\">www.genelec.com<\/a><\/p>\n<p>Genelec es distribuido en Espa\u00f1a por <a href=\"https:\/\/eu.audio-technica.com\/brands\/genelec?lang=es\">Audio-Technica Iberia<\/a><\/p>\n<p>&nbsp;<\/p>\n<p><strong><em>Sobre Genelec<\/em><\/strong><\/p>\n<p>Desde la fundaci\u00f3n de Genelec en 1978, los monitores de audio profesional han sido su n\u00facleo principal de negocio. Un compromiso sin igual con la investigaci\u00f3n y el desarrollo han dado como fruto referencias de primer orden en el audio, consiguiendo posicionar en su industria a Genelec como el l\u00edder en monitores activos. Despu\u00e9s de m\u00e1s de 35 a\u00f1os, los productos de Genelec permanecen fieles a la filosof\u00eda original, ofreciendo confiabilidad, reproducci\u00f3n neutral de sonido con independencia de su tama\u00f1o y la capacidad de adaptarse a las condiciones ac\u00fasticas del entorno de escucha. Los clientes de Genelec reciben un soporte primordial sobre el terreno, desde la asesor\u00eda ac\u00fastica y la calibraci\u00f3n de los sistemas, al servicio t\u00e9cnico y la larga vida \u00fatil del producto. Adquirir un producto de Genelec es una inversi\u00f3n segura a largo plazo en soluciones de monitoreo de audio confiables y de excelente desempe\u00f1o.<\/p>\n","protected":false},"excerpt":{"rendered":"<p>Los monitores The Ones de Genelec han sido nominados, dentro de la categor\u00eda \u2018Mejor Monitor de Estudio\u2019, en tres prestigiosos premios: Sound in Sound, Musicradar y TEC. Genelec se siente muy orgullosa de estas tres nominaciones, concedidas por tres de los m\u00e1s importantes premios de la industria. Otra prueba de la excelente acogida que han [&hellip;]<\/p>\n","protected":false},"author":1,"featured_media":2155,"comment_status":"closed","ping_status":"closed","sticky":false,"template":"","format":"standard","meta":{"_acf_changed":false,"footnotes":""},"categories":[2461],"tags":[1566,1864,1765],"class_list":["post-2156","post","type-post","status-publish","format-standard","has-post-thumbnail","hentry","category-noticias","tag-monitores","tag-premios","tag-the-ones"],"acf":[],"yoast_head":"<!-- This site is optimized with the Yoast SEO plugin v27.1.1 - https:\/\/yoast.com\/product\/yoast-seo-wordpress\/ -->\n<title>Los monitores The Ones de Genelec nominados a tres prestigiosos premios - Audio-Technica Iberia<\/title>\n<meta name=\"robots\" content=\"index, follow, max-snippet:-1, max-image-preview:large, max-video-preview:-1\" \/>\n<link rel=\"canonical\" href=\"https:\/\/distribution.audio-technica.eu\/es-es\/noticias\/the-ones-nominados\/\" \/>\n<meta property=\"og:locale\" content=\"es_ES\" \/>\n<meta property=\"og:type\" content=\"article\" \/>\n<meta property=\"og:title\" content=\"Los monitores The Ones de Genelec nominados a tres prestigiosos premios - Audio-Technica Iberia\" \/>\n<meta property=\"og:description\" content=\"Los monitores The Ones de Genelec han sido nominados, dentro de la categor\u00eda \u2018Mejor Monitor de Estudio\u2019, en tres prestigiosos premios: Sound in Sound, Musicradar y TEC. Genelec se siente muy orgullosa de estas tres nominaciones, concedidas por tres de los m\u00e1s importantes premios de la industria. Otra prueba de la excelente acogida que han [&hellip;]\" \/>\n<meta property=\"og:url\" content=\"https:\/\/distribution.audio-technica.eu\/es-es\/noticias\/the-ones-nominados\/\" \/>\n<meta property=\"og:site_name\" content=\"Audio-Technica Iberia\" \/>\n<meta property=\"article:published_time\" content=\"2017-12-11T11:46:55+00:00\" \/>\n<meta property=\"article:modified_time\" content=\"2023-07-31T09:29:18+00:00\" \/>\n<meta property=\"og:image\" content=\"https:\/\/distribution.audio-technica.eu\/app\/uploads\/sites\/2\/NdP-Genelec-The-Ones-Award-Nominees-banner.jpg\" \/>\n\t<meta property=\"og:image:width\" content=\"640\" \/>\n\t<meta property=\"og:image:height\" content=\"360\" \/>\n\t<meta property=\"og:image:type\" content=\"image\/jpeg\" \/>\n<meta name=\"author\" content=\"Audio-Technica\" \/>\n<meta name=\"twitter:card\" content=\"summary_large_image\" \/>\n<meta name=\"twitter:label1\" content=\"Escrito por\" \/>\n\t<meta name=\"twitter:data1\" content=\"Audio-Technica\" \/>\n\t<meta name=\"twitter:label2\" content=\"Tiempo de lectura\" \/>\n\t<meta name=\"twitter:data2\" content=\"2 minutos\" \/>\n<script type=\"application\/ld+json\" class=\"yoast-schema-graph\">{\"@context\":\"https:\/\/schema.org\",\"@graph\":[{\"@type\":\"Article\",\"@id\":\"https:\/\/distribution.audio-technica.eu\/es-es\/noticias\/the-ones-nominados\/#article\",\"isPartOf\":{\"@id\":\"https:\/\/distribution.audio-technica.eu\/es-es\/noticias\/the-ones-nominados\/\"},\"author\":{\"name\":\"Audio-Technica\",\"@id\":\"https:\/\/distribution.audio-technica.eu\/es-es\/#\/schema\/person\/e8e715e047e33cc425e816f59cbd9b80\"},\"headline\":\"Los monitores The Ones de Genelec nominados a tres prestigiosos premios\",\"datePublished\":\"2017-12-11T11:46:55+00:00\",\"dateModified\":\"2023-07-31T09:29:18+00:00\",\"mainEntityOfPage\":{\"@id\":\"https:\/\/distribution.audio-technica.eu\/es-es\/noticias\/the-ones-nominados\/\"},\"wordCount\":418,\"image\":{\"@id\":\"https:\/\/distribution.audio-technica.eu\/es-es\/noticias\/the-ones-nominados\/#primaryimage\"},\"thumbnailUrl\":\"\/app\/uploads\/sites\/2\/NdP-Genelec-The-Ones-Award-Nominees-banner.jpg\",\"keywords\":[\"MONITORES\",\"premios\",\"The Ones\"],\"articleSection\":[\"Noticias\"],\"inLanguage\":\"es\"},{\"@type\":\"WebPage\",\"@id\":\"https:\/\/distribution.audio-technica.eu\/es-es\/noticias\/the-ones-nominados\/\",\"url\":\"https:\/\/distribution.audio-technica.eu\/es-es\/noticias\/the-ones-nominados\/\",\"name\":\"Los monitores The Ones de Genelec nominados a tres prestigiosos premios - Audio-Technica Iberia\",\"isPartOf\":{\"@id\":\"https:\/\/distribution.audio-technica.eu\/es-es\/#website\"},\"primaryImageOfPage\":{\"@id\":\"https:\/\/distribution.audio-technica.eu\/es-es\/noticias\/the-ones-nominados\/#primaryimage\"},\"image\":{\"@id\":\"https:\/\/distribution.audio-technica.eu\/es-es\/noticias\/the-ones-nominados\/#primaryimage\"},\"thumbnailUrl\":\"\/app\/uploads\/sites\/2\/NdP-Genelec-The-Ones-Award-Nominees-banner.jpg\",\"datePublished\":\"2017-12-11T11:46:55+00:00\",\"dateModified\":\"2023-07-31T09:29:18+00:00\",\"author\":{\"@id\":\"https:\/\/distribution.audio-technica.eu\/es-es\/#\/schema\/person\/e8e715e047e33cc425e816f59cbd9b80\"},\"breadcrumb\":{\"@id\":\"https:\/\/distribution.audio-technica.eu\/es-es\/noticias\/the-ones-nominados\/#breadcrumb\"},\"inLanguage\":\"es\",\"potentialAction\":[{\"@type\":\"ReadAction\",\"target\":[\"https:\/\/distribution.audio-technica.eu\/es-es\/noticias\/the-ones-nominados\/\"]}]},{\"@type\":\"ImageObject\",\"inLanguage\":\"es\",\"@id\":\"https:\/\/distribution.audio-technica.eu\/es-es\/noticias\/the-ones-nominados\/#primaryimage\",\"url\":\"\/app\/uploads\/sites\/2\/NdP-Genelec-The-Ones-Award-Nominees-banner.jpg\",\"contentUrl\":\"\/app\/uploads\/sites\/2\/NdP-Genelec-The-Ones-Award-Nominees-banner.jpg\",\"width\":640,\"height\":360,\"caption\":\"Los monitores The Ones de Genelec nominados a tres prestigiosos premios\"},{\"@type\":\"BreadcrumbList\",\"@id\":\"https:\/\/distribution.audio-technica.eu\/es-es\/noticias\/the-ones-nominados\/#breadcrumb\",\"itemListElement\":[{\"@type\":\"ListItem\",\"position\":1,\"name\":\"Products\",\"item\":\"https:\/\/distribution.audio-technica.eu\/es-es\/\"},{\"@type\":\"ListItem\",\"position\":2,\"name\":\"Los monitores The Ones de Genelec nominados a tres prestigiosos premios\"}]},{\"@type\":\"WebSite\",\"@id\":\"https:\/\/distribution.audio-technica.eu\/es-es\/#website\",\"url\":\"https:\/\/distribution.audio-technica.eu\/es-es\/\",\"name\":\"Audio-Technica Iberia\",\"description\":\"Distribuci\u00f3n\",\"potentialAction\":[{\"@type\":\"SearchAction\",\"target\":{\"@type\":\"EntryPoint\",\"urlTemplate\":\"https:\/\/distribution.audio-technica.eu\/es-es\/?s={search_term_string}\"},\"query-input\":{\"@type\":\"PropertyValueSpecification\",\"valueRequired\":true,\"valueName\":\"search_term_string\"}}],\"inLanguage\":\"es\"},{\"@type\":\"Person\",\"@id\":\"https:\/\/distribution.audio-technica.eu\/es-es\/#\/schema\/person\/e8e715e047e33cc425e816f59cbd9b80\",\"name\":\"Audio-Technica\"}]}<\/script>\n<!-- \/ Yoast SEO plugin. -->","yoast_head_json":{"title":"Los monitores The Ones de Genelec nominados a tres prestigiosos premios - Audio-Technica Iberia","robots":{"index":"index","follow":"follow","max-snippet":"max-snippet:-1","max-image-preview":"max-image-preview:large","max-video-preview":"max-video-preview:-1"},"canonical":"https:\/\/distribution.audio-technica.eu\/es-es\/noticias\/the-ones-nominados\/","og_locale":"es_ES","og_type":"article","og_title":"Los monitores The Ones de Genelec nominados a tres prestigiosos premios - Audio-Technica Iberia","og_description":"Los monitores The Ones de Genelec han sido nominados, dentro de la categor\u00eda \u2018Mejor Monitor de Estudio\u2019, en tres prestigiosos premios: Sound in Sound, Musicradar y TEC. Genelec se siente muy orgullosa de estas tres nominaciones, concedidas por tres de los m\u00e1s importantes premios de la industria. Otra prueba de la excelente acogida que han [&hellip;]","og_url":"https:\/\/distribution.audio-technica.eu\/es-es\/noticias\/the-ones-nominados\/","og_site_name":"Audio-Technica Iberia","article_published_time":"2017-12-11T11:46:55+00:00","article_modified_time":"2023-07-31T09:29:18+00:00","og_image":[{"width":640,"height":360,"url":"https:\/\/distribution.audio-technica.eu\/app\/uploads\/sites\/2\/NdP-Genelec-The-Ones-Award-Nominees-banner.jpg","type":"image\/jpeg"}],"author":"Audio-Technica","twitter_card":"summary_large_image","twitter_misc":{"Escrito por":"Audio-Technica","Tiempo de lectura":"2 minutos"},"schema":{"@context":"https:\/\/schema.org","@graph":[{"@type":"Article","@id":"https:\/\/distribution.audio-technica.eu\/es-es\/noticias\/the-ones-nominados\/#article","isPartOf":{"@id":"https:\/\/distribution.audio-technica.eu\/es-es\/noticias\/the-ones-nominados\/"},"author":{"name":"Audio-Technica","@id":"https:\/\/distribution.audio-technica.eu\/es-es\/#\/schema\/person\/e8e715e047e33cc425e816f59cbd9b80"},"headline":"Los monitores The Ones de Genelec nominados a tres prestigiosos premios","datePublished":"2017-12-11T11:46:55+00:00","dateModified":"2023-07-31T09:29:18+00:00","mainEntityOfPage":{"@id":"https:\/\/distribution.audio-technica.eu\/es-es\/noticias\/the-ones-nominados\/"},"wordCount":418,"image":{"@id":"https:\/\/distribution.audio-technica.eu\/es-es\/noticias\/the-ones-nominados\/#primaryimage"},"thumbnailUrl":"\/app\/uploads\/sites\/2\/NdP-Genelec-The-Ones-Award-Nominees-banner.jpg","keywords":["MONITORES","premios","The Ones"],"articleSection":["Noticias"],"inLanguage":"es"},{"@type":"WebPage","@id":"https:\/\/distribution.audio-technica.eu\/es-es\/noticias\/the-ones-nominados\/","url":"https:\/\/distribution.audio-technica.eu\/es-es\/noticias\/the-ones-nominados\/","name":"Los monitores The Ones de Genelec nominados a tres prestigiosos premios - Audio-Technica Iberia","isPartOf":{"@id":"https:\/\/distribution.audio-technica.eu\/es-es\/#website"},"primaryImageOfPage":{"@id":"https:\/\/distribution.audio-technica.eu\/es-es\/noticias\/the-ones-nominados\/#primaryimage"},"image":{"@id":"https:\/\/distribution.audio-technica.eu\/es-es\/noticias\/the-ones-nominados\/#primaryimage"},"thumbnailUrl":"\/app\/uploads\/sites\/2\/NdP-Genelec-The-Ones-Award-Nominees-banner.jpg","datePublished":"2017-12-11T11:46:55+00:00","dateModified":"2023-07-31T09:29:18+00:00","author":{"@id":"https:\/\/distribution.audio-technica.eu\/es-es\/#\/schema\/person\/e8e715e047e33cc425e816f59cbd9b80"},"breadcrumb":{"@id":"https:\/\/distribution.audio-technica.eu\/es-es\/noticias\/the-ones-nominados\/#breadcrumb"},"inLanguage":"es","potentialAction":[{"@type":"ReadAction","target":["https:\/\/distribution.audio-technica.eu\/es-es\/noticias\/the-ones-nominados\/"]}]},{"@type":"ImageObject","inLanguage":"es","@id":"https:\/\/distribution.audio-technica.eu\/es-es\/noticias\/the-ones-nominados\/#primaryimage","url":"\/app\/uploads\/sites\/2\/NdP-Genelec-The-Ones-Award-Nominees-banner.jpg","contentUrl":"\/app\/uploads\/sites\/2\/NdP-Genelec-The-Ones-Award-Nominees-banner.jpg","width":640,"height":360,"caption":"Los monitores The Ones de Genelec nominados a tres prestigiosos premios"},{"@type":"BreadcrumbList","@id":"https:\/\/distribution.audio-technica.eu\/es-es\/noticias\/the-ones-nominados\/#breadcrumb","itemListElement":[{"@type":"ListItem","position":1,"name":"Products","item":"https:\/\/distribution.audio-technica.eu\/es-es\/"},{"@type":"ListItem","position":2,"name":"Los monitores The Ones de Genelec nominados a tres prestigiosos premios"}]},{"@type":"WebSite","@id":"https:\/\/distribution.audio-technica.eu\/es-es\/#website","url":"https:\/\/distribution.audio-technica.eu\/es-es\/","name":"Audio-Technica Iberia","description":"Distribuci\u00f3n","potentialAction":[{"@type":"SearchAction","target":{"@type":"EntryPoint","urlTemplate":"https:\/\/distribution.audio-technica.eu\/es-es\/?s={search_term_string}"},"query-input":{"@type":"PropertyValueSpecification","valueRequired":true,"valueName":"search_term_string"}}],"inLanguage":"es"},{"@type":"Person","@id":"https:\/\/distribution.audio-technica.eu\/es-es\/#\/schema\/person\/e8e715e047e33cc425e816f59cbd9b80","name":"Audio-Technica"}]}},"_links":{"self":[{"href":"https:\/\/distribution.audio-technica.eu\/es-es\/wp-json\/wp\/v2\/posts\/2156","targetHints":{"allow":["GET"]}}],"collection":[{"href":"https:\/\/distribution.audio-technica.eu\/es-es\/wp-json\/wp\/v2\/posts"}],"about":[{"href":"https:\/\/distribution.audio-technica.eu\/es-es\/wp-json\/wp\/v2\/types\/post"}],"author":[{"embeddable":true,"href":"https:\/\/distribution.audio-technica.eu\/es-es\/wp-json\/wp\/v2\/users\/1"}],"replies":[{"embeddable":true,"href":"https:\/\/distribution.audio-technica.eu\/es-es\/wp-json\/wp\/v2\/comments?post=2156"}],"version-history":[{"count":1,"href":"https:\/\/distribution.audio-technica.eu\/es-es\/wp-json\/wp\/v2\/posts\/2156\/revisions"}],"predecessor-version":[{"id":27166,"href":"https:\/\/distribution.audio-technica.eu\/es-es\/wp-json\/wp\/v2\/posts\/2156\/revisions\/27166"}],"wp:featuredmedia":[{"embeddable":true,"href":"https:\/\/distribution.audio-technica.eu\/es-es\/wp-json\/wp\/v2\/media\/2155"}],"wp:attachment":[{"href":"https:\/\/distribution.audio-technica.eu\/es-es\/wp-json\/wp\/v2\/media?parent=2156"}],"wp:term":[{"taxonomy":"category","embeddable":true,"href":"https:\/\/distribution.audio-technica.eu\/es-es\/wp-json\/wp\/v2\/categories?post=2156"},{"taxonomy":"post_tag","embeddable":true,"href":"https:\/\/distribution.audio-technica.eu\/es-es\/wp-json\/wp\/v2\/tags?post=2156"}],"curies":[{"name":"wp","href":"https:\/\/api.w.org\/{rel}","templated":true}]}}