{"id":21613,"date":"2020-08-17T10:00:35","date_gmt":"2020-08-17T08:00:35","guid":{"rendered":"https:\/\/atdb-production.studiograft.dev\/es\/?p=21613"},"modified":"2023-10-17T18:09:41","modified_gmt":"2023-10-17T16:09:41","slug":"audio-technica-lanza-edicion-limitada-microfonos-de-condensador-cardioide-at2020v-y-at2020usbv-acabado-cromado-brillante","status":"publish","type":"post","link":"https:\/\/distribution.audio-technica.eu\/es-es\/noticias\/audio-technica-lanza-edicion-limitada-microfonos-de-condensador-cardioide-at2020v-y-at2020usbv-acabado-cromado-brillante\/","title":{"rendered":"Audio-Technica lanza la edici\u00f3n limitada de los micr\u00f3fonos de condensador cardioide AT2020V y AT2020USB+V con acabado cromado brillante"},"content":{"rendered":"<p><a href=\"https:\/\/distribution.audio-technica.eu\/es\/wp-content\/uploads\/sites\/2\/AT2020V_Product-Image-1b.jpg\"><img loading=\"lazy\" decoding=\"async\" class=\"aligncenter size-fusion-800 wp-image-21629\" src=\"\/es\/wp-content\/uploads\/sites\/2\/AT2020V_Product-Image-1b-800x447.jpg\" alt=\"\" width=\"800\" height=\"447\" srcset=\"https:\/\/distribution.audio-technica.eu\/app\/uploads\/sites\/2\/AT2020V_Product-Image-1b-800x447.jpg 800w, https:\/\/distribution.audio-technica.eu\/app\/uploads\/sites\/2\/AT2020V_Product-Image-1b-300x168.jpg 300w, https:\/\/distribution.audio-technica.eu\/app\/uploads\/sites\/2\/AT2020V_Product-Image-1b-1024x572.jpg 1024w, https:\/\/distribution.audio-technica.eu\/app\/uploads\/sites\/2\/AT2020V_Product-Image-1b-150x84.jpg 150w, https:\/\/distribution.audio-technica.eu\/app\/uploads\/sites\/2\/AT2020V_Product-Image-1b-768x429.jpg 768w, https:\/\/distribution.audio-technica.eu\/app\/uploads\/sites\/2\/AT2020V_Product-Image-1b-1536x858.jpg 1536w, https:\/\/distribution.audio-technica.eu\/app\/uploads\/sites\/2\/AT2020V_Product-Image-1b-200x112.jpg 200w, https:\/\/distribution.audio-technica.eu\/app\/uploads\/sites\/2\/AT2020V_Product-Image-1b-400x224.jpg 400w, https:\/\/distribution.audio-technica.eu\/app\/uploads\/sites\/2\/AT2020V_Product-Image-1b-600x335.jpg 600w, https:\/\/distribution.audio-technica.eu\/app\/uploads\/sites\/2\/AT2020V_Product-Image-1b-1200x671.jpg 1200w, https:\/\/distribution.audio-technica.eu\/app\/uploads\/sites\/2\/AT2020V_Product-Image-1b.jpg 1700w\" sizes=\"auto, (max-width: 800px) 100vw, 800px\" \/><\/a><\/p>\n<p>Audio-Technica ha lanzado dos nuevas versiones de edici\u00f3n limitada del aclamado micr\u00f3fono de condensador cardioide AT2020 que presentan un acabado cromado brillante: el <a href=\"https:\/\/www.audio-technica.com\/es-es\/at2020\" target=\"_blank\" rel=\"noopener noreferrer\">AT2020V<\/a> (modelo XLR) y el AT2020USB+V (modelo USB). El sorprendente acabado cromado refleja la fuerza creativa de quien lo usa, lo que hace que este micr\u00f3fono sea ideal para youtubers y creadores de emisiones en directo y otro tipo de contenidos.<\/p>\n<p>Su condensador de captaci\u00f3n lateral y de estructura resistente viene equipado con un diafragma de peso reducido, dise\u00f1ado a medida para una respuesta en frecuencia ampliada y una respuesta transitoria superior. El patr\u00f3n polar cardioide del micr\u00f3fono reduce la captaci\u00f3n de sonidos laterales y traseros, con lo que se mejora el aislamiento de la fuente de sonido deseada. Todos los modelos de la l\u00ednea de micr\u00f3fonos AT2020 \u2014referente en relaci\u00f3n calidad\/precio para tecnolog\u00eda de micr\u00f3fonos de condensador de captaci\u00f3n lateral para estudio\u2014 ofrecen un amplio rango din\u00e1mico y gestionan sin dificultades elevados niveles de presi\u00f3n sonora (SPL). Ambos modelos V de edici\u00f3n limitada incluyen soportes amortiguados AT8458a que aten\u00faan cualquier ruido, golpe o vibraci\u00f3n que se transmita por el pie, brazo o soporte del micr\u00f3fono.<\/p>\n<p><a href=\"https:\/\/distribution.audio-technica.eu\/es\/wp-content\/uploads\/sites\/2\/AT2020USBV_Lifestyle-Image-1.jpg\"><img loading=\"lazy\" decoding=\"async\" class=\"aligncenter size-fusion-800 wp-image-21631\" src=\"\/es\/wp-content\/uploads\/sites\/2\/AT2020USBV_Lifestyle-Image-1-800x447.jpg\" alt=\"\" width=\"800\" height=\"447\" srcset=\"https:\/\/distribution.audio-technica.eu\/app\/uploads\/sites\/2\/AT2020USBV_Lifestyle-Image-1-800x447.jpg 800w, https:\/\/distribution.audio-technica.eu\/app\/uploads\/sites\/2\/AT2020USBV_Lifestyle-Image-1-300x168.jpg 300w, https:\/\/distribution.audio-technica.eu\/app\/uploads\/sites\/2\/AT2020USBV_Lifestyle-Image-1-1024x572.jpg 1024w, https:\/\/distribution.audio-technica.eu\/app\/uploads\/sites\/2\/AT2020USBV_Lifestyle-Image-1-150x84.jpg 150w, https:\/\/distribution.audio-technica.eu\/app\/uploads\/sites\/2\/AT2020USBV_Lifestyle-Image-1-768x429.jpg 768w, https:\/\/distribution.audio-technica.eu\/app\/uploads\/sites\/2\/AT2020USBV_Lifestyle-Image-1-1536x858.jpg 1536w, https:\/\/distribution.audio-technica.eu\/app\/uploads\/sites\/2\/AT2020USBV_Lifestyle-Image-1-200x112.jpg 200w, https:\/\/distribution.audio-technica.eu\/app\/uploads\/sites\/2\/AT2020USBV_Lifestyle-Image-1-400x224.jpg 400w, https:\/\/distribution.audio-technica.eu\/app\/uploads\/sites\/2\/AT2020USBV_Lifestyle-Image-1-600x335.jpg 600w, https:\/\/distribution.audio-technica.eu\/app\/uploads\/sites\/2\/AT2020USBV_Lifestyle-Image-1-1200x671.jpg 1200w, https:\/\/distribution.audio-technica.eu\/app\/uploads\/sites\/2\/AT2020USBV_Lifestyle-Image-1.jpg 1700w\" sizes=\"auto, (max-width: 800px) 100vw, 800px\" \/><\/a><\/p>\n<p>El AT2020V resulta ideal para captaci\u00f3n de voz en usos de <em>home studio<\/em> y ofrece salida anal\u00f3gica XLR para una f\u00e1cil conexi\u00f3n a un conversor o mezclador digital. El AT2020USB+V, ideal para p\u00f3dcast, emisiones en directo, grabaciones en <em>home studio<\/em> y locuciones, le permite transmitir su visi\u00f3n con la comodidad de una conexi\u00f3n USB que permite un uso inmediato. El AT2020USB+V cuenta con un amplificador de auriculares integrado de elevada capacidad de salida y control de volumen que le permite regular directamente la se\u00f1al de micr\u00f3fono sin retardo. Ofrece, adem\u00e1s, control de mezcla para combinar la se\u00f1al del micr\u00f3fono con audio pregrabado. El convertidor A\/D del micr\u00f3fono (con una frecuencia de muestreo de 16\u00a0bits y 44,1\/48\u00a0kHz) garantiza una reproducci\u00f3n de sonido de enorme expresividad. Incluye un cable USB de 3,1\u00a0m.<\/p>\n<p>El <a href=\"https:\/\/www.audio-technica.com\/es-es\/at2020\" target=\"_blank\" rel=\"noopener noreferrer\">AT2020V<\/a> y el AT2020USB+V de edici\u00f3n limitada est\u00e1n actualmente disponibles por 129 \u20ac y 189 \u20ac, respectivamente.<\/p>\n<p><a href=\"https:\/\/distribution.audio-technica.eu\/es\/wp-content\/uploads\/sites\/2\/AT2020V_AT2020VUSBV_Product-Image.jpg\"><img loading=\"lazy\" decoding=\"async\" class=\"aligncenter size-fusion-800 wp-image-21633\" src=\"\/es\/wp-content\/uploads\/sites\/2\/AT2020V_AT2020VUSBV_Product-Image-800x447.jpg\" alt=\"\" width=\"800\" height=\"447\" srcset=\"https:\/\/distribution.audio-technica.eu\/app\/uploads\/sites\/2\/AT2020V_AT2020VUSBV_Product-Image-800x447.jpg 800w, https:\/\/distribution.audio-technica.eu\/app\/uploads\/sites\/2\/AT2020V_AT2020VUSBV_Product-Image-300x168.jpg 300w, https:\/\/distribution.audio-technica.eu\/app\/uploads\/sites\/2\/AT2020V_AT2020VUSBV_Product-Image-1024x572.jpg 1024w, https:\/\/distribution.audio-technica.eu\/app\/uploads\/sites\/2\/AT2020V_AT2020VUSBV_Product-Image-150x84.jpg 150w, https:\/\/distribution.audio-technica.eu\/app\/uploads\/sites\/2\/AT2020V_AT2020VUSBV_Product-Image-768x429.jpg 768w, https:\/\/distribution.audio-technica.eu\/app\/uploads\/sites\/2\/AT2020V_AT2020VUSBV_Product-Image-1536x858.jpg 1536w, https:\/\/distribution.audio-technica.eu\/app\/uploads\/sites\/2\/AT2020V_AT2020VUSBV_Product-Image-200x112.jpg 200w, https:\/\/distribution.audio-technica.eu\/app\/uploads\/sites\/2\/AT2020V_AT2020VUSBV_Product-Image-400x224.jpg 400w, https:\/\/distribution.audio-technica.eu\/app\/uploads\/sites\/2\/AT2020V_AT2020VUSBV_Product-Image-600x335.jpg 600w, https:\/\/distribution.audio-technica.eu\/app\/uploads\/sites\/2\/AT2020V_AT2020VUSBV_Product-Image-1200x671.jpg 1200w, https:\/\/distribution.audio-technica.eu\/app\/uploads\/sites\/2\/AT2020V_AT2020VUSBV_Product-Image.jpg 1700w\" sizes=\"auto, (max-width: 800px) 100vw, 800px\" \/><\/a><\/p>\n<p>Para m\u00e1s informaci\u00f3n, no dude en visitar <a href=\"https:\/\/www.audio-technica.com\/es-es\/\" target=\"_blank\" rel=\"noopener noreferrer\">www.audio-technica.com<\/a>.<\/p>\n","protected":false},"excerpt":{"rendered":"<p>Audio-Technica ha lanzado dos nuevas versiones de edici\u00f3n limitada del aclamado micr\u00f3fono de condensador cardioide AT2020 que presentan un acabado cromado brillante: el AT2020V (modelo XLR) y el AT2020USB+V (modelo USB). El sorprendente acabado cromado refleja la fuerza creativa de quien lo usa, lo que hace que este micr\u00f3fono sea ideal para youtubers y creadores [&hellip;]<\/p>\n","protected":false},"author":3,"featured_media":21629,"comment_status":"closed","ping_status":"closed","sticky":false,"template":"","format":"standard","meta":{"_acf_changed":false,"footnotes":""},"categories":[2456],"tags":[2234,2205,2235,2165],"class_list":["post-21613","post","type-post","status-publish","format-standard","has-post-thumbnail","hentry","category-novedades","tag-at2020","tag-home-studio","tag-microfono-de-condensador","tag-podcast"],"acf":[],"yoast_head":"<!-- This site is optimized with the Yoast SEO plugin v27.1.1 - https:\/\/yoast.com\/product\/yoast-seo-wordpress\/ -->\n<title>Audio-Technica lanza la edici\u00f3n limitada de los micr\u00f3fonos de condensador cardioide AT2020V y AT2020USB+V con acabado cromado brillante - Audio-Technica Iberia<\/title>\n<meta name=\"robots\" content=\"index, follow, max-snippet:-1, max-image-preview:large, max-video-preview:-1\" \/>\n<link rel=\"canonical\" href=\"https:\/\/distribution.audio-technica.eu\/es-es\/noticias\/audio-technica-lanza-edicion-limitada-microfonos-de-condensador-cardioide-at2020v-y-at2020usbv-acabado-cromado-brillante\/\" \/>\n<meta property=\"og:locale\" content=\"es_ES\" \/>\n<meta property=\"og:type\" content=\"article\" \/>\n<meta property=\"og:title\" content=\"Audio-Technica lanza la edici\u00f3n limitada de los micr\u00f3fonos de condensador cardioide AT2020V y AT2020USB+V con acabado cromado brillante - Audio-Technica Iberia\" \/>\n<meta property=\"og:description\" content=\"Audio-Technica ha lanzado dos nuevas versiones de edici\u00f3n limitada del aclamado micr\u00f3fono de condensador cardioide AT2020 que presentan un acabado cromado brillante: el AT2020V (modelo XLR) y el AT2020USB+V (modelo USB). El sorprendente acabado cromado refleja la fuerza creativa de quien lo usa, lo que hace que este micr\u00f3fono sea ideal para youtubers y creadores [&hellip;]\" \/>\n<meta property=\"og:url\" content=\"https:\/\/distribution.audio-technica.eu\/es-es\/noticias\/audio-technica-lanza-edicion-limitada-microfonos-de-condensador-cardioide-at2020v-y-at2020usbv-acabado-cromado-brillante\/\" \/>\n<meta property=\"og:site_name\" content=\"Audio-Technica Iberia\" \/>\n<meta property=\"article:published_time\" content=\"2020-08-17T08:00:35+00:00\" \/>\n<meta property=\"article:modified_time\" content=\"2023-10-17T16:09:41+00:00\" \/>\n<meta property=\"og:image\" content=\"https:\/\/distribution.audio-technica.eu\/app\/uploads\/sites\/2\/AT2020V_Product-Image-1b.jpg\" \/>\n\t<meta property=\"og:image:width\" content=\"1700\" \/>\n\t<meta property=\"og:image:height\" content=\"950\" \/>\n\t<meta property=\"og:image:type\" content=\"image\/jpeg\" \/>\n<meta name=\"author\" content=\"ncastano\" \/>\n<meta name=\"twitter:card\" content=\"summary_large_image\" \/>\n<meta name=\"twitter:label1\" content=\"Escrito por\" \/>\n\t<meta name=\"twitter:data1\" content=\"ncastano\" \/>\n\t<meta name=\"twitter:label2\" content=\"Tiempo de lectura\" \/>\n\t<meta name=\"twitter:data2\" content=\"2 minutos\" \/>\n<script type=\"application\/ld+json\" class=\"yoast-schema-graph\">{\"@context\":\"https:\/\/schema.org\",\"@graph\":[{\"@type\":\"Article\",\"@id\":\"https:\/\/distribution.audio-technica.eu\/es-es\/noticias\/audio-technica-lanza-edicion-limitada-microfonos-de-condensador-cardioide-at2020v-y-at2020usbv-acabado-cromado-brillante\/#article\",\"isPartOf\":{\"@id\":\"https:\/\/distribution.audio-technica.eu\/es-es\/noticias\/audio-technica-lanza-edicion-limitada-microfonos-de-condensador-cardioide-at2020v-y-at2020usbv-acabado-cromado-brillante\/\"},\"author\":{\"name\":\"ncastano\",\"@id\":\"https:\/\/distribution.audio-technica.eu\/es-es\/#\/schema\/person\/a04f79c3d9918bbe5ecebe751bec9122\"},\"headline\":\"Audio-Technica lanza la edici\u00f3n limitada de los micr\u00f3fonos de condensador cardioide AT2020V y AT2020USB+V con acabado cromado brillante\",\"datePublished\":\"2020-08-17T08:00:35+00:00\",\"dateModified\":\"2023-10-17T16:09:41+00:00\",\"mainEntityOfPage\":{\"@id\":\"https:\/\/distribution.audio-technica.eu\/es-es\/noticias\/audio-technica-lanza-edicion-limitada-microfonos-de-condensador-cardioide-at2020v-y-at2020usbv-acabado-cromado-brillante\/\"},\"wordCount\":418,\"image\":{\"@id\":\"https:\/\/distribution.audio-technica.eu\/es-es\/noticias\/audio-technica-lanza-edicion-limitada-microfonos-de-condensador-cardioide-at2020v-y-at2020usbv-acabado-cromado-brillante\/#primaryimage\"},\"thumbnailUrl\":\"\/app\/uploads\/sites\/2\/AT2020V_Product-Image-1b.jpg\",\"keywords\":[\"AT2020\",\"Home Studio\",\"microfono de condensador\",\"Podcast\"],\"articleSection\":[\"Novedades\"],\"inLanguage\":\"es\"},{\"@type\":\"WebPage\",\"@id\":\"https:\/\/distribution.audio-technica.eu\/es-es\/noticias\/audio-technica-lanza-edicion-limitada-microfonos-de-condensador-cardioide-at2020v-y-at2020usbv-acabado-cromado-brillante\/\",\"url\":\"https:\/\/distribution.audio-technica.eu\/es-es\/noticias\/audio-technica-lanza-edicion-limitada-microfonos-de-condensador-cardioide-at2020v-y-at2020usbv-acabado-cromado-brillante\/\",\"name\":\"Audio-Technica lanza la edici\u00f3n limitada de los micr\u00f3fonos de condensador cardioide AT2020V y AT2020USB+V con acabado cromado brillante - Audio-Technica Iberia\",\"isPartOf\":{\"@id\":\"https:\/\/distribution.audio-technica.eu\/es-es\/#website\"},\"primaryImageOfPage\":{\"@id\":\"https:\/\/distribution.audio-technica.eu\/es-es\/noticias\/audio-technica-lanza-edicion-limitada-microfonos-de-condensador-cardioide-at2020v-y-at2020usbv-acabado-cromado-brillante\/#primaryimage\"},\"image\":{\"@id\":\"https:\/\/distribution.audio-technica.eu\/es-es\/noticias\/audio-technica-lanza-edicion-limitada-microfonos-de-condensador-cardioide-at2020v-y-at2020usbv-acabado-cromado-brillante\/#primaryimage\"},\"thumbnailUrl\":\"\/app\/uploads\/sites\/2\/AT2020V_Product-Image-1b.jpg\",\"datePublished\":\"2020-08-17T08:00:35+00:00\",\"dateModified\":\"2023-10-17T16:09:41+00:00\",\"author\":{\"@id\":\"https:\/\/distribution.audio-technica.eu\/es-es\/#\/schema\/person\/a04f79c3d9918bbe5ecebe751bec9122\"},\"breadcrumb\":{\"@id\":\"https:\/\/distribution.audio-technica.eu\/es-es\/noticias\/audio-technica-lanza-edicion-limitada-microfonos-de-condensador-cardioide-at2020v-y-at2020usbv-acabado-cromado-brillante\/#breadcrumb\"},\"inLanguage\":\"es\",\"potentialAction\":[{\"@type\":\"ReadAction\",\"target\":[\"https:\/\/distribution.audio-technica.eu\/es-es\/noticias\/audio-technica-lanza-edicion-limitada-microfonos-de-condensador-cardioide-at2020v-y-at2020usbv-acabado-cromado-brillante\/\"]}]},{\"@type\":\"ImageObject\",\"inLanguage\":\"es\",\"@id\":\"https:\/\/distribution.audio-technica.eu\/es-es\/noticias\/audio-technica-lanza-edicion-limitada-microfonos-de-condensador-cardioide-at2020v-y-at2020usbv-acabado-cromado-brillante\/#primaryimage\",\"url\":\"\/app\/uploads\/sites\/2\/AT2020V_Product-Image-1b.jpg\",\"contentUrl\":\"\/app\/uploads\/sites\/2\/AT2020V_Product-Image-1b.jpg\",\"width\":1700,\"height\":950},{\"@type\":\"BreadcrumbList\",\"@id\":\"https:\/\/distribution.audio-technica.eu\/es-es\/noticias\/audio-technica-lanza-edicion-limitada-microfonos-de-condensador-cardioide-at2020v-y-at2020usbv-acabado-cromado-brillante\/#breadcrumb\",\"itemListElement\":[{\"@type\":\"ListItem\",\"position\":1,\"name\":\"Products\",\"item\":\"https:\/\/distribution.audio-technica.eu\/es-es\/\"},{\"@type\":\"ListItem\",\"position\":2,\"name\":\"Audio-Technica lanza la edici\u00f3n limitada de los micr\u00f3fonos de condensador cardioide AT2020V y AT2020USB+V con acabado cromado brillante\"}]},{\"@type\":\"WebSite\",\"@id\":\"https:\/\/distribution.audio-technica.eu\/es-es\/#website\",\"url\":\"https:\/\/distribution.audio-technica.eu\/es-es\/\",\"name\":\"Audio-Technica Iberia\",\"description\":\"Distribuci\u00f3n\",\"potentialAction\":[{\"@type\":\"SearchAction\",\"target\":{\"@type\":\"EntryPoint\",\"urlTemplate\":\"https:\/\/distribution.audio-technica.eu\/es-es\/?s={search_term_string}\"},\"query-input\":{\"@type\":\"PropertyValueSpecification\",\"valueRequired\":true,\"valueName\":\"search_term_string\"}}],\"inLanguage\":\"es\"},{\"@type\":\"Person\",\"@id\":\"https:\/\/distribution.audio-technica.eu\/es-es\/#\/schema\/person\/a04f79c3d9918bbe5ecebe751bec9122\",\"name\":\"ncastano\"}]}<\/script>\n<!-- \/ Yoast SEO plugin. -->","yoast_head_json":{"title":"Audio-Technica lanza la edici\u00f3n limitada de los micr\u00f3fonos de condensador cardioide AT2020V y AT2020USB+V con acabado cromado brillante - Audio-Technica Iberia","robots":{"index":"index","follow":"follow","max-snippet":"max-snippet:-1","max-image-preview":"max-image-preview:large","max-video-preview":"max-video-preview:-1"},"canonical":"https:\/\/distribution.audio-technica.eu\/es-es\/noticias\/audio-technica-lanza-edicion-limitada-microfonos-de-condensador-cardioide-at2020v-y-at2020usbv-acabado-cromado-brillante\/","og_locale":"es_ES","og_type":"article","og_title":"Audio-Technica lanza la edici\u00f3n limitada de los micr\u00f3fonos de condensador cardioide AT2020V y AT2020USB+V con acabado cromado brillante - Audio-Technica Iberia","og_description":"Audio-Technica ha lanzado dos nuevas versiones de edici\u00f3n limitada del aclamado micr\u00f3fono de condensador cardioide AT2020 que presentan un acabado cromado brillante: el AT2020V (modelo XLR) y el AT2020USB+V (modelo USB). El sorprendente acabado cromado refleja la fuerza creativa de quien lo usa, lo que hace que este micr\u00f3fono sea ideal para youtubers y creadores [&hellip;]","og_url":"https:\/\/distribution.audio-technica.eu\/es-es\/noticias\/audio-technica-lanza-edicion-limitada-microfonos-de-condensador-cardioide-at2020v-y-at2020usbv-acabado-cromado-brillante\/","og_site_name":"Audio-Technica Iberia","article_published_time":"2020-08-17T08:00:35+00:00","article_modified_time":"2023-10-17T16:09:41+00:00","og_image":[{"width":1700,"height":950,"url":"https:\/\/distribution.audio-technica.eu\/app\/uploads\/sites\/2\/AT2020V_Product-Image-1b.jpg","type":"image\/jpeg"}],"author":"ncastano","twitter_card":"summary_large_image","twitter_misc":{"Escrito por":"ncastano","Tiempo de lectura":"2 minutos"},"schema":{"@context":"https:\/\/schema.org","@graph":[{"@type":"Article","@id":"https:\/\/distribution.audio-technica.eu\/es-es\/noticias\/audio-technica-lanza-edicion-limitada-microfonos-de-condensador-cardioide-at2020v-y-at2020usbv-acabado-cromado-brillante\/#article","isPartOf":{"@id":"https:\/\/distribution.audio-technica.eu\/es-es\/noticias\/audio-technica-lanza-edicion-limitada-microfonos-de-condensador-cardioide-at2020v-y-at2020usbv-acabado-cromado-brillante\/"},"author":{"name":"ncastano","@id":"https:\/\/distribution.audio-technica.eu\/es-es\/#\/schema\/person\/a04f79c3d9918bbe5ecebe751bec9122"},"headline":"Audio-Technica lanza la edici\u00f3n limitada de los micr\u00f3fonos de condensador cardioide AT2020V y AT2020USB+V con acabado cromado brillante","datePublished":"2020-08-17T08:00:35+00:00","dateModified":"2023-10-17T16:09:41+00:00","mainEntityOfPage":{"@id":"https:\/\/distribution.audio-technica.eu\/es-es\/noticias\/audio-technica-lanza-edicion-limitada-microfonos-de-condensador-cardioide-at2020v-y-at2020usbv-acabado-cromado-brillante\/"},"wordCount":418,"image":{"@id":"https:\/\/distribution.audio-technica.eu\/es-es\/noticias\/audio-technica-lanza-edicion-limitada-microfonos-de-condensador-cardioide-at2020v-y-at2020usbv-acabado-cromado-brillante\/#primaryimage"},"thumbnailUrl":"\/app\/uploads\/sites\/2\/AT2020V_Product-Image-1b.jpg","keywords":["AT2020","Home Studio","microfono de condensador","Podcast"],"articleSection":["Novedades"],"inLanguage":"es"},{"@type":"WebPage","@id":"https:\/\/distribution.audio-technica.eu\/es-es\/noticias\/audio-technica-lanza-edicion-limitada-microfonos-de-condensador-cardioide-at2020v-y-at2020usbv-acabado-cromado-brillante\/","url":"https:\/\/distribution.audio-technica.eu\/es-es\/noticias\/audio-technica-lanza-edicion-limitada-microfonos-de-condensador-cardioide-at2020v-y-at2020usbv-acabado-cromado-brillante\/","name":"Audio-Technica lanza la edici\u00f3n limitada de los micr\u00f3fonos de condensador cardioide AT2020V y AT2020USB+V con acabado cromado brillante - Audio-Technica Iberia","isPartOf":{"@id":"https:\/\/distribution.audio-technica.eu\/es-es\/#website"},"primaryImageOfPage":{"@id":"https:\/\/distribution.audio-technica.eu\/es-es\/noticias\/audio-technica-lanza-edicion-limitada-microfonos-de-condensador-cardioide-at2020v-y-at2020usbv-acabado-cromado-brillante\/#primaryimage"},"image":{"@id":"https:\/\/distribution.audio-technica.eu\/es-es\/noticias\/audio-technica-lanza-edicion-limitada-microfonos-de-condensador-cardioide-at2020v-y-at2020usbv-acabado-cromado-brillante\/#primaryimage"},"thumbnailUrl":"\/app\/uploads\/sites\/2\/AT2020V_Product-Image-1b.jpg","datePublished":"2020-08-17T08:00:35+00:00","dateModified":"2023-10-17T16:09:41+00:00","author":{"@id":"https:\/\/distribution.audio-technica.eu\/es-es\/#\/schema\/person\/a04f79c3d9918bbe5ecebe751bec9122"},"breadcrumb":{"@id":"https:\/\/distribution.audio-technica.eu\/es-es\/noticias\/audio-technica-lanza-edicion-limitada-microfonos-de-condensador-cardioide-at2020v-y-at2020usbv-acabado-cromado-brillante\/#breadcrumb"},"inLanguage":"es","potentialAction":[{"@type":"ReadAction","target":["https:\/\/distribution.audio-technica.eu\/es-es\/noticias\/audio-technica-lanza-edicion-limitada-microfonos-de-condensador-cardioide-at2020v-y-at2020usbv-acabado-cromado-brillante\/"]}]},{"@type":"ImageObject","inLanguage":"es","@id":"https:\/\/distribution.audio-technica.eu\/es-es\/noticias\/audio-technica-lanza-edicion-limitada-microfonos-de-condensador-cardioide-at2020v-y-at2020usbv-acabado-cromado-brillante\/#primaryimage","url":"\/app\/uploads\/sites\/2\/AT2020V_Product-Image-1b.jpg","contentUrl":"\/app\/uploads\/sites\/2\/AT2020V_Product-Image-1b.jpg","width":1700,"height":950},{"@type":"BreadcrumbList","@id":"https:\/\/distribution.audio-technica.eu\/es-es\/noticias\/audio-technica-lanza-edicion-limitada-microfonos-de-condensador-cardioide-at2020v-y-at2020usbv-acabado-cromado-brillante\/#breadcrumb","itemListElement":[{"@type":"ListItem","position":1,"name":"Products","item":"https:\/\/distribution.audio-technica.eu\/es-es\/"},{"@type":"ListItem","position":2,"name":"Audio-Technica lanza la edici\u00f3n limitada de los micr\u00f3fonos de condensador cardioide AT2020V y AT2020USB+V con acabado cromado brillante"}]},{"@type":"WebSite","@id":"https:\/\/distribution.audio-technica.eu\/es-es\/#website","url":"https:\/\/distribution.audio-technica.eu\/es-es\/","name":"Audio-Technica Iberia","description":"Distribuci\u00f3n","potentialAction":[{"@type":"SearchAction","target":{"@type":"EntryPoint","urlTemplate":"https:\/\/distribution.audio-technica.eu\/es-es\/?s={search_term_string}"},"query-input":{"@type":"PropertyValueSpecification","valueRequired":true,"valueName":"search_term_string"}}],"inLanguage":"es"},{"@type":"Person","@id":"https:\/\/distribution.audio-technica.eu\/es-es\/#\/schema\/person\/a04f79c3d9918bbe5ecebe751bec9122","name":"ncastano"}]}},"_links":{"self":[{"href":"https:\/\/distribution.audio-technica.eu\/es-es\/wp-json\/wp\/v2\/posts\/21613","targetHints":{"allow":["GET"]}}],"collection":[{"href":"https:\/\/distribution.audio-technica.eu\/es-es\/wp-json\/wp\/v2\/posts"}],"about":[{"href":"https:\/\/distribution.audio-technica.eu\/es-es\/wp-json\/wp\/v2\/types\/post"}],"author":[{"embeddable":true,"href":"https:\/\/distribution.audio-technica.eu\/es-es\/wp-json\/wp\/v2\/users\/3"}],"replies":[{"embeddable":true,"href":"https:\/\/distribution.audio-technica.eu\/es-es\/wp-json\/wp\/v2\/comments?post=21613"}],"version-history":[{"count":15,"href":"https:\/\/distribution.audio-technica.eu\/es-es\/wp-json\/wp\/v2\/posts\/21613\/revisions"}],"predecessor-version":[{"id":21686,"href":"https:\/\/distribution.audio-technica.eu\/es-es\/wp-json\/wp\/v2\/posts\/21613\/revisions\/21686"}],"wp:featuredmedia":[{"embeddable":true,"href":"https:\/\/distribution.audio-technica.eu\/es-es\/wp-json\/wp\/v2\/media\/21629"}],"wp:attachment":[{"href":"https:\/\/distribution.audio-technica.eu\/es-es\/wp-json\/wp\/v2\/media?parent=21613"}],"wp:term":[{"taxonomy":"category","embeddable":true,"href":"https:\/\/distribution.audio-technica.eu\/es-es\/wp-json\/wp\/v2\/categories?post=21613"},{"taxonomy":"post_tag","embeddable":true,"href":"https:\/\/distribution.audio-technica.eu\/es-es\/wp-json\/wp\/v2\/tags?post=21613"}],"curies":[{"name":"wp","href":"https:\/\/api.w.org\/{rel}","templated":true}]}}