{"id":22044,"date":"2020-10-09T12:44:07","date_gmt":"2020-10-09T10:44:07","guid":{"rendered":"https:\/\/atdb-production.studiograft.dev\/es\/?p=22044"},"modified":"2023-07-31T11:20:00","modified_gmt":"2023-07-31T09:20:00","slug":"monitorizacion-genelec-en-el-centro-de-produccion-audiovisual-mas-avanzado-de-espana","status":"publish","type":"post","link":"https:\/\/distribution.audio-technica.eu\/es-es\/noticias\/monitorizacion-genelec-en-el-centro-de-produccion-audiovisual-mas-avanzado-de-espana\/","title":{"rendered":"Monitorizaci\u00f3n Genelec en el centro de producci\u00f3n audiovisual m\u00e1s avanzado de Espa\u00f1a"},"content":{"rendered":"<h2>Los estudios Drago, pertenecientes al grupo Secuoya, acaban de acometer una importante renovaci\u00f3n de sus instalaciones, que los convierte en el centro de producci\u00f3n audiovisual m\u00e1s avanzado de Espa\u00f1a.<\/h2>\n<p><a href=\"https:\/\/distribution.audio-technica.eu\/es\/wp-content\/uploads\/sites\/2\/NdP-Genelec-Estudios-Drago-Secuoya-01.jpg\"><img loading=\"lazy\" decoding=\"async\" class=\"aligncenter size-fusion-800 wp-image-22046\" src=\"\/es\/wp-content\/uploads\/sites\/2\/NdP-Genelec-Estudios-Drago-Secuoya-01-800x600.jpg\" alt=\"\" width=\"800\" height=\"600\" srcset=\"https:\/\/distribution.audio-technica.eu\/app\/uploads\/sites\/2\/NdP-Genelec-Estudios-Drago-Secuoya-01-800x600.jpg 800w, https:\/\/distribution.audio-technica.eu\/app\/uploads\/sites\/2\/NdP-Genelec-Estudios-Drago-Secuoya-01-300x225.jpg 300w, https:\/\/distribution.audio-technica.eu\/app\/uploads\/sites\/2\/NdP-Genelec-Estudios-Drago-Secuoya-01-1024x768.jpg 1024w, https:\/\/distribution.audio-technica.eu\/app\/uploads\/sites\/2\/NdP-Genelec-Estudios-Drago-Secuoya-01-150x113.jpg 150w, https:\/\/distribution.audio-technica.eu\/app\/uploads\/sites\/2\/NdP-Genelec-Estudios-Drago-Secuoya-01-768x576.jpg 768w, https:\/\/distribution.audio-technica.eu\/app\/uploads\/sites\/2\/NdP-Genelec-Estudios-Drago-Secuoya-01-1536x1152.jpg 1536w, https:\/\/distribution.audio-technica.eu\/app\/uploads\/sites\/2\/NdP-Genelec-Estudios-Drago-Secuoya-01-200x150.jpg 200w, https:\/\/distribution.audio-technica.eu\/app\/uploads\/sites\/2\/NdP-Genelec-Estudios-Drago-Secuoya-01-400x300.jpg 400w, https:\/\/distribution.audio-technica.eu\/app\/uploads\/sites\/2\/NdP-Genelec-Estudios-Drago-Secuoya-01-600x450.jpg 600w, https:\/\/distribution.audio-technica.eu\/app\/uploads\/sites\/2\/NdP-Genelec-Estudios-Drago-Secuoya-01-1200x900.jpg 1200w, https:\/\/distribution.audio-technica.eu\/app\/uploads\/sites\/2\/NdP-Genelec-Estudios-Drago-Secuoya-01.jpg 1600w\" sizes=\"auto, (max-width: 800px) 100vw, 800px\" \/><\/a><\/p>\n<p>Gracias al alto nivel tecnol\u00f3gico alcanzado, los estudios <a href=\"http:\/\/www.gruposecuoya.es\/\" target=\"_blank\" rel=\"noopener noreferrer\">Drago<\/a> albergan el centro de producci\u00f3n de audio del proveedor de contenidos de una de las mayores plataformas digitales de cine y TV del mundo.<\/p>\n<p>La empresa <a href=\"http:\/\/www.sesaudio.com\/\" target=\"_blank\" rel=\"noopener noreferrer\">SES-Audio<\/a> ha sido la encargada de desarrollar una soluci\u00f3n integral, realizando la obra civil de aislamiento ac\u00fastico, acondicionamiento ac\u00fastico, planimetr\u00eda, ingenier\u00eda, e instalaci\u00f3n y mantenimiento de los sistemas de audio y flujos de trabajo audiovisual m\u00e1s avanzados del mundo como Pro Tools, S6, Dolby Atmos y Genelec SAM.<\/p>\n<p>Los estudios Drago han incorporado tambi\u00e9n la certificaci\u00f3n Dolby Atmos Home para su estudio 1, que se suma a la Dolby Vision, con la que ya cuentan dichas instalaciones.<\/p>\n<p>Para la certificaci\u00f3n Dolby Atmos Home Entertainment Studio a nivel mundial, SES Audio ha desarrollado todo el programa de certificaci\u00f3n en base a los m\u00e1s exigentes protocolos de Dolby para sus salas. En palabras de Dolby \u201c<em>la sala proporciona unos registros de calidad superiores a lo exigido, con una ac\u00fastica muy bien ajustada; es una sala excelente<\/em>\u201d<\/p>\n<p><a href=\"https:\/\/distribution.audio-technica.eu\/es\/wp-content\/uploads\/sites\/2\/NdP-Genelec-Estudios-Drago-Secuoya-05.jpg\"><img loading=\"lazy\" decoding=\"async\" class=\"aligncenter size-fusion-800 wp-image-22048\" src=\"\/es\/wp-content\/uploads\/sites\/2\/NdP-Genelec-Estudios-Drago-Secuoya-05-800x600.jpg\" alt=\"\" width=\"800\" height=\"600\" srcset=\"https:\/\/distribution.audio-technica.eu\/app\/uploads\/sites\/2\/NdP-Genelec-Estudios-Drago-Secuoya-05-800x600.jpg 800w, https:\/\/distribution.audio-technica.eu\/app\/uploads\/sites\/2\/NdP-Genelec-Estudios-Drago-Secuoya-05-300x225.jpg 300w, https:\/\/distribution.audio-technica.eu\/app\/uploads\/sites\/2\/NdP-Genelec-Estudios-Drago-Secuoya-05-1024x768.jpg 1024w, https:\/\/distribution.audio-technica.eu\/app\/uploads\/sites\/2\/NdP-Genelec-Estudios-Drago-Secuoya-05-150x113.jpg 150w, https:\/\/distribution.audio-technica.eu\/app\/uploads\/sites\/2\/NdP-Genelec-Estudios-Drago-Secuoya-05-768x576.jpg 768w, https:\/\/distribution.audio-technica.eu\/app\/uploads\/sites\/2\/NdP-Genelec-Estudios-Drago-Secuoya-05-1536x1152.jpg 1536w, https:\/\/distribution.audio-technica.eu\/app\/uploads\/sites\/2\/NdP-Genelec-Estudios-Drago-Secuoya-05-200x150.jpg 200w, https:\/\/distribution.audio-technica.eu\/app\/uploads\/sites\/2\/NdP-Genelec-Estudios-Drago-Secuoya-05-400x300.jpg 400w, https:\/\/distribution.audio-technica.eu\/app\/uploads\/sites\/2\/NdP-Genelec-Estudios-Drago-Secuoya-05-600x450.jpg 600w, https:\/\/distribution.audio-technica.eu\/app\/uploads\/sites\/2\/NdP-Genelec-Estudios-Drago-Secuoya-05-1200x900.jpg 1200w, https:\/\/distribution.audio-technica.eu\/app\/uploads\/sites\/2\/NdP-Genelec-Estudios-Drago-Secuoya-05.jpg 1600w\" sizes=\"auto, (max-width: 800px) 100vw, 800px\" \/><\/a><\/p>\n<p>En base a la confianza depositada en SES-Audio por el Director t\u00e9cnico y de operaciones de Secuoya, Ra\u00fal Pino, y bajo su supervisi\u00f3n, se desarroll\u00f3 la integraci\u00f3n con el CPD de las 3 salas de Pro Tools, la sala de Correcci\u00f3n de color y la sala de Q.C.<\/p>\n<p>En la sala 1, con certificaci\u00f3n Dolby Atmos, se han instalado un total de 11 monitores <a href=\"https:\/\/www.genelec.com\/8341a\" target=\"_blank\" rel=\"noopener noreferrer\">8341<\/a> y un subgrave <a href=\"https:\/\/www.genelec.com\/7380a\" target=\"_blank\" rel=\"noopener noreferrer\">7380<\/a>.<\/p>\n<p>La sala 2 cuenta con un sistema 7.1.4, compuesto por 11 unidades <a href=\"https:\/\/www.genelec.com\/8341a\" target=\"_blank\" rel=\"noopener noreferrer\">8341<\/a> y 2 unidades <a href=\"https:\/\/www.genelec.com\/7360a\" target=\"_blank\" rel=\"noopener noreferrer\">7360<\/a>. Es totalmente compatible con la sala 1, lo que permite una m\u00e1xima flexibilidad a la hora de optimizar los flujos de trabajo. Tambi\u00e9n mantiene la compatibilidad con la sala 3 para trabajos en formatos est\u00e9reo y 5.1. \u00c9sta dispone de 5 monitores <a href=\"https:\/\/www.genelec.com\/8320a\" target=\"_blank\" rel=\"noopener noreferrer\">8320<\/a> y un subgrave <a href=\"https:\/\/www.genelec.com\/7350a\" target=\"_blank\" rel=\"noopener noreferrer\">7350<\/a>.<\/p>\n<p><a href=\"https:\/\/distribution.audio-technica.eu\/es\/wp-content\/uploads\/sites\/2\/NdP-Genelec-Estudios-Drago-Secuoya-03.jpg\"><img loading=\"lazy\" decoding=\"async\" class=\"aligncenter size-fusion-800 wp-image-22047\" src=\"\/es\/wp-content\/uploads\/sites\/2\/NdP-Genelec-Estudios-Drago-Secuoya-03-800x600.jpg\" alt=\"\" width=\"800\" height=\"600\" srcset=\"https:\/\/distribution.audio-technica.eu\/app\/uploads\/sites\/2\/NdP-Genelec-Estudios-Drago-Secuoya-03-800x600.jpg 800w, https:\/\/distribution.audio-technica.eu\/app\/uploads\/sites\/2\/NdP-Genelec-Estudios-Drago-Secuoya-03-300x225.jpg 300w, https:\/\/distribution.audio-technica.eu\/app\/uploads\/sites\/2\/NdP-Genelec-Estudios-Drago-Secuoya-03-1024x768.jpg 1024w, https:\/\/distribution.audio-technica.eu\/app\/uploads\/sites\/2\/NdP-Genelec-Estudios-Drago-Secuoya-03-150x113.jpg 150w, https:\/\/distribution.audio-technica.eu\/app\/uploads\/sites\/2\/NdP-Genelec-Estudios-Drago-Secuoya-03-768x576.jpg 768w, https:\/\/distribution.audio-technica.eu\/app\/uploads\/sites\/2\/NdP-Genelec-Estudios-Drago-Secuoya-03-1536x1152.jpg 1536w, https:\/\/distribution.audio-technica.eu\/app\/uploads\/sites\/2\/NdP-Genelec-Estudios-Drago-Secuoya-03-200x150.jpg 200w, https:\/\/distribution.audio-technica.eu\/app\/uploads\/sites\/2\/NdP-Genelec-Estudios-Drago-Secuoya-03-400x300.jpg 400w, https:\/\/distribution.audio-technica.eu\/app\/uploads\/sites\/2\/NdP-Genelec-Estudios-Drago-Secuoya-03-600x450.jpg 600w, https:\/\/distribution.audio-technica.eu\/app\/uploads\/sites\/2\/NdP-Genelec-Estudios-Drago-Secuoya-03-1200x900.jpg 1200w, https:\/\/distribution.audio-technica.eu\/app\/uploads\/sites\/2\/NdP-Genelec-Estudios-Drago-Secuoya-03.jpg 1600w\" sizes=\"auto, (max-width: 800px) 100vw, 800px\" \/><\/a><\/p>\n<p>A fin de garantizar la calidad de sonido a lo largo de toda la cadena de postproducci\u00f3n y superar las exigencias derivadas de los rigurosos controles de calidad de cine y plataformas OTTs, tambi\u00e9n se ha equipado la sala de control de calidad con un sistema de monitoraje formado por 11 unidades <a href=\"https:\/\/www.genelec.com\/8330a\">8330<\/a> y un subgrave <a href=\"https:\/\/www.genelec.com\/7360a\">7360<\/a>, capaz de reproducir contenido en todos los formatos, incluido Dolby Atmos Home.<\/p>\n<p>Finalmente, se dispone de un total de 11 salas de edici\u00f3n de v\u00eddeo, cada una de ellas equipada con monitores <a href=\"https:\/\/www.genelec.com\/8330a\">8330<\/a>.<\/p>\n<p>Charly Schmukler, responsable del \u00e1rea de Postproducci\u00f3n de Sonido de Drago, afirma que \u201c<em>la certificaci\u00f3n Dolby Atmos nos permite adaptarnos a las \u00faltimas tendencias de la industria audiovisual con la certeza de estar trabajando en un entorno que cumple con las m\u00e1s altas exigencias de calidad y que a su vez garantiza una perfecta transcripci\u00f3n de nuestros trabajos al entorno domestico<\/em>\u201d.<\/p>\n<p>Para m\u00e1s informaci\u00f3n, visite:\u00a0 <a href=\"http:\/\/www.genelec.com\" target=\"_blank\" rel=\"noopener noreferrer\">www.genelec.com<\/a>,\u00a0 <a href=\"http:\/\/www.gruposecuoya.es\" target=\"_blank\" rel=\"noopener noreferrer\">www.gruposecuoya.es<\/a>,\u00a0 <a href=\"http:\/\/www.sesaudio.com\" target=\"_blank\" rel=\"noopener noreferrer\">www.sesaudio.com<\/a><\/p>\n","protected":false},"excerpt":{"rendered":"<p>Los estudios Drago, pertenecientes al grupo Secuoya, acaban de acometer una importante renovaci\u00f3n de sus instalaciones, que los convierte en el centro de producci\u00f3n audiovisual m\u00e1s avanzado de Espa\u00f1a. Gracias al alto nivel tecnol\u00f3gico alcanzado, los estudios Drago albergan el centro de producci\u00f3n de audio del proveedor de contenidos de una de las mayores plataformas [&hellip;]<\/p>\n","protected":false},"author":2,"featured_media":22049,"comment_status":"closed","ping_status":"closed","sticky":false,"template":"","format":"standard","meta":{"_acf_changed":false,"footnotes":""},"categories":[2459],"tags":[1718,2244,2153,2243,1765],"class_list":["post-22044","post","type-post","status-publish","format-standard","has-post-thumbnail","hentry","category-usuarios","tag-1718","tag-2244","tag-2153","tag-estudio-de-grabacion","tag-the-ones"],"acf":[],"yoast_head":"<!-- This site is optimized with the Yoast SEO plugin v27.1.1 - https:\/\/yoast.com\/product\/yoast-seo-wordpress\/ -->\n<title>Monitorizaci\u00f3n Genelec en el centro de producci\u00f3n audiovisual m\u00e1s avanzado de Espa\u00f1a - Audio-Technica Iberia<\/title>\n<meta name=\"robots\" content=\"index, follow, max-snippet:-1, max-image-preview:large, max-video-preview:-1\" \/>\n<link rel=\"canonical\" href=\"https:\/\/distribution.audio-technica.eu\/es-es\/noticias\/monitorizacion-genelec-en-el-centro-de-produccion-audiovisual-mas-avanzado-de-espana\/\" \/>\n<meta property=\"og:locale\" content=\"es_ES\" \/>\n<meta property=\"og:type\" content=\"article\" \/>\n<meta property=\"og:title\" content=\"Monitorizaci\u00f3n Genelec en el centro de producci\u00f3n audiovisual m\u00e1s avanzado de Espa\u00f1a - Audio-Technica Iberia\" \/>\n<meta property=\"og:description\" content=\"Los estudios Drago, pertenecientes al grupo Secuoya, acaban de acometer una importante renovaci\u00f3n de sus instalaciones, que los convierte en el centro de producci\u00f3n audiovisual m\u00e1s avanzado de Espa\u00f1a. Gracias al alto nivel tecnol\u00f3gico alcanzado, los estudios Drago albergan el centro de producci\u00f3n de audio del proveedor de contenidos de una de las mayores plataformas [&hellip;]\" \/>\n<meta property=\"og:url\" content=\"https:\/\/distribution.audio-technica.eu\/es-es\/noticias\/monitorizacion-genelec-en-el-centro-de-produccion-audiovisual-mas-avanzado-de-espana\/\" \/>\n<meta property=\"og:site_name\" content=\"Audio-Technica Iberia\" \/>\n<meta property=\"article:published_time\" content=\"2020-10-09T10:44:07+00:00\" \/>\n<meta property=\"article:modified_time\" content=\"2023-07-31T09:20:00+00:00\" \/>\n<meta property=\"og:image\" content=\"https:\/\/distribution.audio-technica.eu\/app\/uploads\/sites\/2\/NdP-Genelec-Estudios-Drago-Secuoya-banner.jpg\" \/>\n\t<meta property=\"og:image:width\" content=\"640\" \/>\n\t<meta property=\"og:image:height\" content=\"360\" \/>\n\t<meta property=\"og:image:type\" content=\"image\/jpeg\" \/>\n<meta name=\"author\" content=\"ctorras\" \/>\n<meta name=\"twitter:card\" content=\"summary_large_image\" \/>\n<meta name=\"twitter:label1\" content=\"Escrito por\" \/>\n\t<meta name=\"twitter:data1\" content=\"ctorras\" \/>\n\t<meta name=\"twitter:label2\" content=\"Tiempo de lectura\" \/>\n\t<meta name=\"twitter:data2\" content=\"3 minutos\" \/>\n<script type=\"application\/ld+json\" class=\"yoast-schema-graph\">{\"@context\":\"https:\/\/schema.org\",\"@graph\":[{\"@type\":\"Article\",\"@id\":\"https:\/\/distribution.audio-technica.eu\/es-es\/noticias\/monitorizacion-genelec-en-el-centro-de-produccion-audiovisual-mas-avanzado-de-espana\/#article\",\"isPartOf\":{\"@id\":\"https:\/\/distribution.audio-technica.eu\/es-es\/noticias\/monitorizacion-genelec-en-el-centro-de-produccion-audiovisual-mas-avanzado-de-espana\/\"},\"author\":{\"name\":\"ctorras\",\"@id\":\"https:\/\/distribution.audio-technica.eu\/es-es\/#\/schema\/person\/dbf0d33217ceab6329b4c3144742f2fb\"},\"headline\":\"Monitorizaci\u00f3n Genelec en el centro de producci\u00f3n audiovisual m\u00e1s avanzado de Espa\u00f1a\",\"datePublished\":\"2020-10-09T10:44:07+00:00\",\"dateModified\":\"2023-07-31T09:20:00+00:00\",\"mainEntityOfPage\":{\"@id\":\"https:\/\/distribution.audio-technica.eu\/es-es\/noticias\/monitorizacion-genelec-en-el-centro-de-produccion-audiovisual-mas-avanzado-de-espana\/\"},\"wordCount\":527,\"image\":{\"@id\":\"https:\/\/distribution.audio-technica.eu\/es-es\/noticias\/monitorizacion-genelec-en-el-centro-de-produccion-audiovisual-mas-avanzado-de-espana\/#primaryimage\"},\"thumbnailUrl\":\"\/app\/uploads\/sites\/2\/NdP-Genelec-Estudios-Drago-Secuoya-banner.jpg\",\"keywords\":[\"8320\",\"8330\",\"8341\",\"Estudio de Grabaci\u00f3n\",\"The Ones\"],\"articleSection\":[\"Usuarios\"],\"inLanguage\":\"es\"},{\"@type\":\"WebPage\",\"@id\":\"https:\/\/distribution.audio-technica.eu\/es-es\/noticias\/monitorizacion-genelec-en-el-centro-de-produccion-audiovisual-mas-avanzado-de-espana\/\",\"url\":\"https:\/\/distribution.audio-technica.eu\/es-es\/noticias\/monitorizacion-genelec-en-el-centro-de-produccion-audiovisual-mas-avanzado-de-espana\/\",\"name\":\"Monitorizaci\u00f3n Genelec en el centro de producci\u00f3n audiovisual m\u00e1s avanzado de Espa\u00f1a - Audio-Technica Iberia\",\"isPartOf\":{\"@id\":\"https:\/\/distribution.audio-technica.eu\/es-es\/#website\"},\"primaryImageOfPage\":{\"@id\":\"https:\/\/distribution.audio-technica.eu\/es-es\/noticias\/monitorizacion-genelec-en-el-centro-de-produccion-audiovisual-mas-avanzado-de-espana\/#primaryimage\"},\"image\":{\"@id\":\"https:\/\/distribution.audio-technica.eu\/es-es\/noticias\/monitorizacion-genelec-en-el-centro-de-produccion-audiovisual-mas-avanzado-de-espana\/#primaryimage\"},\"thumbnailUrl\":\"\/app\/uploads\/sites\/2\/NdP-Genelec-Estudios-Drago-Secuoya-banner.jpg\",\"datePublished\":\"2020-10-09T10:44:07+00:00\",\"dateModified\":\"2023-07-31T09:20:00+00:00\",\"author\":{\"@id\":\"https:\/\/distribution.audio-technica.eu\/es-es\/#\/schema\/person\/dbf0d33217ceab6329b4c3144742f2fb\"},\"breadcrumb\":{\"@id\":\"https:\/\/distribution.audio-technica.eu\/es-es\/noticias\/monitorizacion-genelec-en-el-centro-de-produccion-audiovisual-mas-avanzado-de-espana\/#breadcrumb\"},\"inLanguage\":\"es\",\"potentialAction\":[{\"@type\":\"ReadAction\",\"target\":[\"https:\/\/distribution.audio-technica.eu\/es-es\/noticias\/monitorizacion-genelec-en-el-centro-de-produccion-audiovisual-mas-avanzado-de-espana\/\"]}]},{\"@type\":\"ImageObject\",\"inLanguage\":\"es\",\"@id\":\"https:\/\/distribution.audio-technica.eu\/es-es\/noticias\/monitorizacion-genelec-en-el-centro-de-produccion-audiovisual-mas-avanzado-de-espana\/#primaryimage\",\"url\":\"\/app\/uploads\/sites\/2\/NdP-Genelec-Estudios-Drago-Secuoya-banner.jpg\",\"contentUrl\":\"\/app\/uploads\/sites\/2\/NdP-Genelec-Estudios-Drago-Secuoya-banner.jpg\",\"width\":640,\"height\":360},{\"@type\":\"BreadcrumbList\",\"@id\":\"https:\/\/distribution.audio-technica.eu\/es-es\/noticias\/monitorizacion-genelec-en-el-centro-de-produccion-audiovisual-mas-avanzado-de-espana\/#breadcrumb\",\"itemListElement\":[{\"@type\":\"ListItem\",\"position\":1,\"name\":\"Products\",\"item\":\"https:\/\/distribution.audio-technica.eu\/es-es\/\"},{\"@type\":\"ListItem\",\"position\":2,\"name\":\"Monitorizaci\u00f3n Genelec en el centro de producci\u00f3n audiovisual m\u00e1s avanzado de Espa\u00f1a\"}]},{\"@type\":\"WebSite\",\"@id\":\"https:\/\/distribution.audio-technica.eu\/es-es\/#website\",\"url\":\"https:\/\/distribution.audio-technica.eu\/es-es\/\",\"name\":\"Audio-Technica Iberia\",\"description\":\"Distribuci\u00f3n\",\"potentialAction\":[{\"@type\":\"SearchAction\",\"target\":{\"@type\":\"EntryPoint\",\"urlTemplate\":\"https:\/\/distribution.audio-technica.eu\/es-es\/?s={search_term_string}\"},\"query-input\":{\"@type\":\"PropertyValueSpecification\",\"valueRequired\":true,\"valueName\":\"search_term_string\"}}],\"inLanguage\":\"es\"},{\"@type\":\"Person\",\"@id\":\"https:\/\/distribution.audio-technica.eu\/es-es\/#\/schema\/person\/dbf0d33217ceab6329b4c3144742f2fb\",\"name\":\"ctorras\"}]}<\/script>\n<!-- \/ Yoast SEO plugin. -->","yoast_head_json":{"title":"Monitorizaci\u00f3n Genelec en el centro de producci\u00f3n audiovisual m\u00e1s avanzado de Espa\u00f1a - Audio-Technica Iberia","robots":{"index":"index","follow":"follow","max-snippet":"max-snippet:-1","max-image-preview":"max-image-preview:large","max-video-preview":"max-video-preview:-1"},"canonical":"https:\/\/distribution.audio-technica.eu\/es-es\/noticias\/monitorizacion-genelec-en-el-centro-de-produccion-audiovisual-mas-avanzado-de-espana\/","og_locale":"es_ES","og_type":"article","og_title":"Monitorizaci\u00f3n Genelec en el centro de producci\u00f3n audiovisual m\u00e1s avanzado de Espa\u00f1a - Audio-Technica Iberia","og_description":"Los estudios Drago, pertenecientes al grupo Secuoya, acaban de acometer una importante renovaci\u00f3n de sus instalaciones, que los convierte en el centro de producci\u00f3n audiovisual m\u00e1s avanzado de Espa\u00f1a. Gracias al alto nivel tecnol\u00f3gico alcanzado, los estudios Drago albergan el centro de producci\u00f3n de audio del proveedor de contenidos de una de las mayores plataformas [&hellip;]","og_url":"https:\/\/distribution.audio-technica.eu\/es-es\/noticias\/monitorizacion-genelec-en-el-centro-de-produccion-audiovisual-mas-avanzado-de-espana\/","og_site_name":"Audio-Technica Iberia","article_published_time":"2020-10-09T10:44:07+00:00","article_modified_time":"2023-07-31T09:20:00+00:00","og_image":[{"width":640,"height":360,"url":"https:\/\/distribution.audio-technica.eu\/app\/uploads\/sites\/2\/NdP-Genelec-Estudios-Drago-Secuoya-banner.jpg","type":"image\/jpeg"}],"author":"ctorras","twitter_card":"summary_large_image","twitter_misc":{"Escrito por":"ctorras","Tiempo de lectura":"3 minutos"},"schema":{"@context":"https:\/\/schema.org","@graph":[{"@type":"Article","@id":"https:\/\/distribution.audio-technica.eu\/es-es\/noticias\/monitorizacion-genelec-en-el-centro-de-produccion-audiovisual-mas-avanzado-de-espana\/#article","isPartOf":{"@id":"https:\/\/distribution.audio-technica.eu\/es-es\/noticias\/monitorizacion-genelec-en-el-centro-de-produccion-audiovisual-mas-avanzado-de-espana\/"},"author":{"name":"ctorras","@id":"https:\/\/distribution.audio-technica.eu\/es-es\/#\/schema\/person\/dbf0d33217ceab6329b4c3144742f2fb"},"headline":"Monitorizaci\u00f3n Genelec en el centro de producci\u00f3n audiovisual m\u00e1s avanzado de Espa\u00f1a","datePublished":"2020-10-09T10:44:07+00:00","dateModified":"2023-07-31T09:20:00+00:00","mainEntityOfPage":{"@id":"https:\/\/distribution.audio-technica.eu\/es-es\/noticias\/monitorizacion-genelec-en-el-centro-de-produccion-audiovisual-mas-avanzado-de-espana\/"},"wordCount":527,"image":{"@id":"https:\/\/distribution.audio-technica.eu\/es-es\/noticias\/monitorizacion-genelec-en-el-centro-de-produccion-audiovisual-mas-avanzado-de-espana\/#primaryimage"},"thumbnailUrl":"\/app\/uploads\/sites\/2\/NdP-Genelec-Estudios-Drago-Secuoya-banner.jpg","keywords":["8320","8330","8341","Estudio de Grabaci\u00f3n","The Ones"],"articleSection":["Usuarios"],"inLanguage":"es"},{"@type":"WebPage","@id":"https:\/\/distribution.audio-technica.eu\/es-es\/noticias\/monitorizacion-genelec-en-el-centro-de-produccion-audiovisual-mas-avanzado-de-espana\/","url":"https:\/\/distribution.audio-technica.eu\/es-es\/noticias\/monitorizacion-genelec-en-el-centro-de-produccion-audiovisual-mas-avanzado-de-espana\/","name":"Monitorizaci\u00f3n Genelec en el centro de producci\u00f3n audiovisual m\u00e1s avanzado de Espa\u00f1a - Audio-Technica Iberia","isPartOf":{"@id":"https:\/\/distribution.audio-technica.eu\/es-es\/#website"},"primaryImageOfPage":{"@id":"https:\/\/distribution.audio-technica.eu\/es-es\/noticias\/monitorizacion-genelec-en-el-centro-de-produccion-audiovisual-mas-avanzado-de-espana\/#primaryimage"},"image":{"@id":"https:\/\/distribution.audio-technica.eu\/es-es\/noticias\/monitorizacion-genelec-en-el-centro-de-produccion-audiovisual-mas-avanzado-de-espana\/#primaryimage"},"thumbnailUrl":"\/app\/uploads\/sites\/2\/NdP-Genelec-Estudios-Drago-Secuoya-banner.jpg","datePublished":"2020-10-09T10:44:07+00:00","dateModified":"2023-07-31T09:20:00+00:00","author":{"@id":"https:\/\/distribution.audio-technica.eu\/es-es\/#\/schema\/person\/dbf0d33217ceab6329b4c3144742f2fb"},"breadcrumb":{"@id":"https:\/\/distribution.audio-technica.eu\/es-es\/noticias\/monitorizacion-genelec-en-el-centro-de-produccion-audiovisual-mas-avanzado-de-espana\/#breadcrumb"},"inLanguage":"es","potentialAction":[{"@type":"ReadAction","target":["https:\/\/distribution.audio-technica.eu\/es-es\/noticias\/monitorizacion-genelec-en-el-centro-de-produccion-audiovisual-mas-avanzado-de-espana\/"]}]},{"@type":"ImageObject","inLanguage":"es","@id":"https:\/\/distribution.audio-technica.eu\/es-es\/noticias\/monitorizacion-genelec-en-el-centro-de-produccion-audiovisual-mas-avanzado-de-espana\/#primaryimage","url":"\/app\/uploads\/sites\/2\/NdP-Genelec-Estudios-Drago-Secuoya-banner.jpg","contentUrl":"\/app\/uploads\/sites\/2\/NdP-Genelec-Estudios-Drago-Secuoya-banner.jpg","width":640,"height":360},{"@type":"BreadcrumbList","@id":"https:\/\/distribution.audio-technica.eu\/es-es\/noticias\/monitorizacion-genelec-en-el-centro-de-produccion-audiovisual-mas-avanzado-de-espana\/#breadcrumb","itemListElement":[{"@type":"ListItem","position":1,"name":"Products","item":"https:\/\/distribution.audio-technica.eu\/es-es\/"},{"@type":"ListItem","position":2,"name":"Monitorizaci\u00f3n Genelec en el centro de producci\u00f3n audiovisual m\u00e1s avanzado de Espa\u00f1a"}]},{"@type":"WebSite","@id":"https:\/\/distribution.audio-technica.eu\/es-es\/#website","url":"https:\/\/distribution.audio-technica.eu\/es-es\/","name":"Audio-Technica Iberia","description":"Distribuci\u00f3n","potentialAction":[{"@type":"SearchAction","target":{"@type":"EntryPoint","urlTemplate":"https:\/\/distribution.audio-technica.eu\/es-es\/?s={search_term_string}"},"query-input":{"@type":"PropertyValueSpecification","valueRequired":true,"valueName":"search_term_string"}}],"inLanguage":"es"},{"@type":"Person","@id":"https:\/\/distribution.audio-technica.eu\/es-es\/#\/schema\/person\/dbf0d33217ceab6329b4c3144742f2fb","name":"ctorras"}]}},"_links":{"self":[{"href":"https:\/\/distribution.audio-technica.eu\/es-es\/wp-json\/wp\/v2\/posts\/22044","targetHints":{"allow":["GET"]}}],"collection":[{"href":"https:\/\/distribution.audio-technica.eu\/es-es\/wp-json\/wp\/v2\/posts"}],"about":[{"href":"https:\/\/distribution.audio-technica.eu\/es-es\/wp-json\/wp\/v2\/types\/post"}],"author":[{"embeddable":true,"href":"https:\/\/distribution.audio-technica.eu\/es-es\/wp-json\/wp\/v2\/users\/2"}],"replies":[{"embeddable":true,"href":"https:\/\/distribution.audio-technica.eu\/es-es\/wp-json\/wp\/v2\/comments?post=22044"}],"version-history":[{"count":6,"href":"https:\/\/distribution.audio-technica.eu\/es-es\/wp-json\/wp\/v2\/posts\/22044\/revisions"}],"predecessor-version":[{"id":22065,"href":"https:\/\/distribution.audio-technica.eu\/es-es\/wp-json\/wp\/v2\/posts\/22044\/revisions\/22065"}],"wp:featuredmedia":[{"embeddable":true,"href":"https:\/\/distribution.audio-technica.eu\/es-es\/wp-json\/wp\/v2\/media\/22049"}],"wp:attachment":[{"href":"https:\/\/distribution.audio-technica.eu\/es-es\/wp-json\/wp\/v2\/media?parent=22044"}],"wp:term":[{"taxonomy":"category","embeddable":true,"href":"https:\/\/distribution.audio-technica.eu\/es-es\/wp-json\/wp\/v2\/categories?post=22044"},{"taxonomy":"post_tag","embeddable":true,"href":"https:\/\/distribution.audio-technica.eu\/es-es\/wp-json\/wp\/v2\/tags?post=22044"}],"curies":[{"name":"wp","href":"https:\/\/api.w.org\/{rel}","templated":true}]}}