{"id":2205,"date":"2018-01-25T10:00:26","date_gmt":"2018-01-25T09:00:26","guid":{"rendered":"http:\/\/noticias.audio-technica.es\/?p=2205"},"modified":"2023-10-17T18:33:33","modified_gmt":"2023-10-17T16:33:33","slug":"audio-technica-presenta-ath-m50xbb","status":"publish","type":"post","link":"https:\/\/distribution.audio-technica.eu\/es-es\/noticias\/audio-technica-presenta-ath-m50xbb\/","title":{"rendered":"Audio-Technica presenta la versi\u00f3n Azul\/Negro ATH-M50xBB de sus populares auriculares profesionales de monitorizaci\u00f3n ATH-M50x"},"content":{"rendered":"<p><a href=\"http:\/\/noticias.audio-technica.es\/wp-content\/uploads\/ATH-M50xBB_1.jpg\"><img loading=\"lazy\" decoding=\"async\" class=\"aligncenter  wp-image-2200\" src=\"http:\/\/noticias.audio-technica.es\/wp-content\/uploads\/ATH-M50xBB_1.jpg\" alt=\"Audio-Technica presenta la versi\u00f3n Azul\/Negro ATH-M50xBB de sus populares auriculares profesionales de monitorizaci\u00f3n ATH-M50x\" width=\"327\" height=\"327\" srcset=\"https:\/\/distribution.audio-technica.eu\/app\/uploads\/sites\/2\/ATH-M50xBB_1.jpg 1500w, https:\/\/distribution.audio-technica.eu\/app\/uploads\/sites\/2\/ATH-M50xBB_1-150x150.jpg 150w, https:\/\/distribution.audio-technica.eu\/app\/uploads\/sites\/2\/ATH-M50xBB_1-300x300.jpg 300w, https:\/\/distribution.audio-technica.eu\/app\/uploads\/sites\/2\/ATH-M50xBB_1-768x768.jpg 768w, https:\/\/distribution.audio-technica.eu\/app\/uploads\/sites\/2\/ATH-M50xBB_1-1024x1024.jpg 1024w, https:\/\/distribution.audio-technica.eu\/app\/uploads\/sites\/2\/ATH-M50xBB_1-66x66.jpg 66w, https:\/\/distribution.audio-technica.eu\/app\/uploads\/sites\/2\/ATH-M50xBB_1-200x200.jpg 200w, https:\/\/distribution.audio-technica.eu\/app\/uploads\/sites\/2\/ATH-M50xBB_1-400x400.jpg 400w, https:\/\/distribution.audio-technica.eu\/app\/uploads\/sites\/2\/ATH-M50xBB_1-600x600.jpg 600w, https:\/\/distribution.audio-technica.eu\/app\/uploads\/sites\/2\/ATH-M50xBB_1-800x800.jpg 800w, https:\/\/distribution.audio-technica.eu\/app\/uploads\/sites\/2\/ATH-M50xBB_1-1200x1200.jpg 1200w, https:\/\/distribution.audio-technica.eu\/app\/uploads\/sites\/2\/ATH-M50xBB_1-100x100.jpg 100w\" sizes=\"auto, (max-width: 327px) 100vw, 327px\" \/><\/a><\/p>\n<p>Audio-Technica (stand 15311, Nivel 1 ACC Norte) ha anunciado la presentaci\u00f3n de los auriculares profesionales de monitorizaci\u00f3n ATH-M50xBB en el Winter NAMM 2018. Se trata de una edici\u00f3n limitada que ofrece una versi\u00f3n en azul\/negro de los populares auriculares ATH-M50x, y que forma parte de la l\u00ednea de auriculares de la Serie M. Los auriculares incorporan aud\u00edfonos met\u00e1licos de color azul con adornos en negro, incluyendo su distintivo perfilado, almohadillas y diadema.<\/p>\n<p><a href=\"http:\/\/noticias.audio-technica.es\/wp-content\/uploads\/ATH-M50xBB_3.jpg\"><img loading=\"lazy\" decoding=\"async\" class=\"wp-image-2202 alignnone\" src=\"http:\/\/noticias.audio-technica.es\/wp-content\/uploads\/ATH-M50xBB_3.jpg\" alt=\"Audio-Technica presenta la versi\u00f3n Azul\/Negro ATH-M50xBB de sus populares auriculares profesionales de monitorizaci\u00f3n ATH-M50x\" width=\"408\" height=\"257\" srcset=\"https:\/\/distribution.audio-technica.eu\/app\/uploads\/sites\/2\/ATH-M50xBB_3.jpg 1500w, https:\/\/distribution.audio-technica.eu\/app\/uploads\/sites\/2\/ATH-M50xBB_3-300x190.jpg 300w, https:\/\/distribution.audio-technica.eu\/app\/uploads\/sites\/2\/ATH-M50xBB_3-768x486.jpg 768w, https:\/\/distribution.audio-technica.eu\/app\/uploads\/sites\/2\/ATH-M50xBB_3-1024x648.jpg 1024w, https:\/\/distribution.audio-technica.eu\/app\/uploads\/sites\/2\/ATH-M50xBB_3-320x202.jpg 320w, https:\/\/distribution.audio-technica.eu\/app\/uploads\/sites\/2\/ATH-M50xBB_3-700x441.jpg 700w, https:\/\/distribution.audio-technica.eu\/app\/uploads\/sites\/2\/ATH-M50xBB_3-200x127.jpg 200w, https:\/\/distribution.audio-technica.eu\/app\/uploads\/sites\/2\/ATH-M50xBB_3-400x253.jpg 400w, https:\/\/distribution.audio-technica.eu\/app\/uploads\/sites\/2\/ATH-M50xBB_3-600x380.jpg 600w, https:\/\/distribution.audio-technica.eu\/app\/uploads\/sites\/2\/ATH-M50xBB_3-800x506.jpg 800w, https:\/\/distribution.audio-technica.eu\/app\/uploads\/sites\/2\/ATH-M50xBB_3-1200x759.jpg 1200w\" sizes=\"auto, (max-width: 408px) 100vw, 408px\" \/><\/a><a href=\"http:\/\/noticias.audio-technica.es\/wp-content\/uploads\/ATH-M50xBB_2.jpg\"><img loading=\"lazy\" decoding=\"async\" class=\"wp-image-2201 alignnone\" src=\"http:\/\/noticias.audio-technica.es\/wp-content\/uploads\/ATH-M50xBB_2.jpg\" alt=\"Audio-Technica presenta la versi\u00f3n Azul\/Negro ATH-M50xBB de sus populares auriculares profesionales de monitorizaci\u00f3n ATH-M50x\" width=\"119\" height=\"292\" srcset=\"https:\/\/distribution.audio-technica.eu\/app\/uploads\/sites\/2\/ATH-M50xBB_2.jpg 498w, https:\/\/distribution.audio-technica.eu\/app\/uploads\/sites\/2\/ATH-M50xBB_2-122x300.jpg 122w, https:\/\/distribution.audio-technica.eu\/app\/uploads\/sites\/2\/ATH-M50xBB_2-417x1024.jpg 417w, https:\/\/distribution.audio-technica.eu\/app\/uploads\/sites\/2\/ATH-M50xBB_2-200x492.jpg 200w, https:\/\/distribution.audio-technica.eu\/app\/uploads\/sites\/2\/ATH-M50xBB_2-400x983.jpg 400w\" sizes=\"auto, (max-width: 119px) 100vw, 119px\" \/><\/a><\/p>\n<p>Gracias a sus transductores de 45 mm de gran apertura, sus aud\u00edfonos con un excelente aislamiento y su robusta construcci\u00f3n, el ATH-M50xBB proporciona una experiencia sin precedentes en las aplicaciones de audio m\u00e1s exigentes, tales como grabaci\u00f3n, sonorizaci\u00f3n en directo, broadcast, DJ y audici\u00f3n personal. Estos auriculares incorporan tecnolog\u00eda fruto de la dilatada trayectoria de Audio-Technica en el campo del audio profesional de altas prestaciones, proporcionando una excepcional capacidad de manejo de potencia, alta capacidad SPL, y un sonido preciso y natural con graves impactantes y amplio margen de manejo de frecuencias elevadas. Equipados con almohadillas y diadema fabricados con materiales de nivel profesional, y un dise\u00f1o plegable con cable desmontable, los auriculares ATH-M50xBB ofrecen la m\u00e1xima comodidad durante largas sesiones de monitorizaci\u00f3n, y pueden ser transportados muy f\u00e1cilmente.<\/p>\n<figure id=\"attachment_2203\" aria-describedby=\"caption-attachment-2203\" style=\"width: 361px\" class=\"wp-caption aligncenter\"><a href=\"http:\/\/noticias.audio-technica.es\/wp-content\/uploads\/ATH-M50xBB_4.jpg\"><img loading=\"lazy\" decoding=\"async\" class=\" wp-image-2203\" src=\"http:\/\/noticias.audio-technica.es\/wp-content\/uploads\/ATH-M50xBB_4.jpg\" alt=\"Audio-Technica presenta la versi\u00f3n Azul\/Negro ATH-M50xBB de sus populares auriculares profesionales de monitorizaci\u00f3n ATH-M50x\" width=\"361\" height=\"361\" srcset=\"https:\/\/distribution.audio-technica.eu\/app\/uploads\/sites\/2\/ATH-M50xBB_4.jpg 1500w, https:\/\/distribution.audio-technica.eu\/app\/uploads\/sites\/2\/ATH-M50xBB_4-150x150.jpg 150w, https:\/\/distribution.audio-technica.eu\/app\/uploads\/sites\/2\/ATH-M50xBB_4-300x300.jpg 300w, https:\/\/distribution.audio-technica.eu\/app\/uploads\/sites\/2\/ATH-M50xBB_4-768x768.jpg 768w, https:\/\/distribution.audio-technica.eu\/app\/uploads\/sites\/2\/ATH-M50xBB_4-1024x1024.jpg 1024w, https:\/\/distribution.audio-technica.eu\/app\/uploads\/sites\/2\/ATH-M50xBB_4-66x66.jpg 66w, https:\/\/distribution.audio-technica.eu\/app\/uploads\/sites\/2\/ATH-M50xBB_4-200x200.jpg 200w, https:\/\/distribution.audio-technica.eu\/app\/uploads\/sites\/2\/ATH-M50xBB_4-400x400.jpg 400w, https:\/\/distribution.audio-technica.eu\/app\/uploads\/sites\/2\/ATH-M50xBB_4-600x600.jpg 600w, https:\/\/distribution.audio-technica.eu\/app\/uploads\/sites\/2\/ATH-M50xBB_4-800x800.jpg 800w, https:\/\/distribution.audio-technica.eu\/app\/uploads\/sites\/2\/ATH-M50xBB_4-1200x1200.jpg 1200w, https:\/\/distribution.audio-technica.eu\/app\/uploads\/sites\/2\/ATH-M50xBB_4-100x100.jpg 100w\" sizes=\"auto, (max-width: 361px) 100vw, 361px\" \/><\/a><figcaption id=\"caption-attachment-2203\" class=\"wp-caption-text\">Flexibilidad de uso y colocaci\u00f3n para DJ&#8217;s<\/figcaption><\/figure>\n<p>&nbsp;<\/p>\n<p><strong>Prestaciones del ATH-M50xBB:<\/strong><\/p>\n<ul>\n<li>Transductores de 45 mm de gran apertura, de dise\u00f1o propio, con imanes de tierras raras y bobinas de hilo de aluminio recubierto de cobre<\/li>\n<li>Claridad excepcional sobre una ampl\u00edsima gama de frecuencias, con una respuesta profunda y precisa en los graves<\/li>\n<li>Dise\u00f1o circumaural que rodea las orejas para conseguir un excelente aislamiento sonoro en ambientes ruidosos<\/li>\n<li>Aud\u00edfonos giratorios en 90 grados para facilitar la escucha a trav\u00e9s de un \u00fanico aud\u00edfono<\/li>\n<li>Almohadillas y diadema fabricados con material de nivel profesional, proporcionando una mayor durabilidad y comodidad durante largos per\u00edodos de uso<\/li>\n<li>Plegables, para permitir su transporte ocupando poco espacio y facilitando su almacenamiento<\/li>\n<li>La mejor elecci\u00f3n para grabaci\u00f3n y mezcla en estudio, as\u00ed como para sonorizaci\u00f3n en directo, monitorizaci\u00f3n para DJs y audici\u00f3n personal<\/li>\n<li>Cables desmontables (incluye cable en espiral de 1.2m-3m, y cables rectos de 3m y 1.2 m)<\/li>\n<\/ul>\n<p>&nbsp;<\/p>\n<p>&nbsp;<\/p>\n<p><strong><em>Sobre Audio-Technica<\/em><\/strong><\/p>\n<p>Celebrando m\u00e1s de 50 a\u00f1os de excelencia internacional en el mundo del audio, Audio-Technica es una innovadora empresa l\u00edder en la tecnolog\u00eda de transductores, famosa por el dise\u00f1o y fabricaci\u00f3n de micr\u00f3fonos, micr\u00f3fonos inal\u00e1mbricos, auriculares, mezcladores y equipos electr\u00f3nicos para la industria del sonido. La lista de usuarios de micr\u00f3fonos y auriculares de Audio-Technica incluye nombres tan importantes como Metallica, Gwen Stefani, Linkin Park, Rudimental, Faithless, Pendulum, Royal Blood, James Bay, Enter Shikari, You Me At Six y Deaf Havana<\/p>\n","protected":false},"excerpt":{"rendered":"<p>Audio-Technica (stand 15311, Nivel 1 ACC Norte) ha anunciado la presentaci\u00f3n de los auriculares profesionales de monitorizaci\u00f3n ATH-M50xBB en el Winter NAMM 2018. Se trata de una edici\u00f3n limitada que ofrece una versi\u00f3n en azul\/negro de los populares auriculares ATH-M50x, y que forma parte de la l\u00ednea de auriculares de la Serie M. Los auriculares [&hellip;]<\/p>\n","protected":false},"author":1,"featured_media":2204,"comment_status":"closed","ping_status":"closed","sticky":false,"template":"","format":"standard","meta":{"_acf_changed":false,"footnotes":""},"categories":[2456],"tags":[1843,1708],"class_list":["post-2205","post","type-post","status-publish","format-standard","has-post-thumbnail","hentry","category-novedades","tag-ath-m50x","tag-auriculares"],"acf":[],"yoast_head":"<!-- This site is optimized with the Yoast SEO plugin v27.1.1 - https:\/\/yoast.com\/product\/yoast-seo-wordpress\/ -->\n<title>Audio-Technica presenta la versi\u00f3n Azul\/Negro ATH-M50xBB de sus populares auriculares profesionales de monitorizaci\u00f3n ATH-M50x - Audio-Technica Iberia<\/title>\n<meta name=\"robots\" content=\"index, follow, max-snippet:-1, max-image-preview:large, max-video-preview:-1\" \/>\n<link rel=\"canonical\" href=\"https:\/\/distribution.audio-technica.eu\/es-es\/noticias\/audio-technica-presenta-ath-m50xbb\/\" \/>\n<meta property=\"og:locale\" content=\"es_ES\" \/>\n<meta property=\"og:type\" content=\"article\" \/>\n<meta property=\"og:title\" content=\"Audio-Technica presenta la versi\u00f3n Azul\/Negro ATH-M50xBB de sus populares auriculares profesionales de monitorizaci\u00f3n ATH-M50x - Audio-Technica Iberia\" \/>\n<meta property=\"og:description\" content=\"Audio-Technica (stand 15311, Nivel 1 ACC Norte) ha anunciado la presentaci\u00f3n de los auriculares profesionales de monitorizaci\u00f3n ATH-M50xBB en el Winter NAMM 2018. Se trata de una edici\u00f3n limitada que ofrece una versi\u00f3n en azul\/negro de los populares auriculares ATH-M50x, y que forma parte de la l\u00ednea de auriculares de la Serie M. Los auriculares [&hellip;]\" \/>\n<meta property=\"og:url\" content=\"https:\/\/distribution.audio-technica.eu\/es-es\/noticias\/audio-technica-presenta-ath-m50xbb\/\" \/>\n<meta property=\"og:site_name\" content=\"Audio-Technica Iberia\" \/>\n<meta property=\"article:published_time\" content=\"2018-01-25T09:00:26+00:00\" \/>\n<meta property=\"article:modified_time\" content=\"2023-10-17T16:33:33+00:00\" \/>\n<meta property=\"og:image\" content=\"https:\/\/distribution.audio-technica.eu\/app\/uploads\/sites\/2\/ATH-M50xBB_banner.jpg\" \/>\n\t<meta property=\"og:image:width\" content=\"640\" \/>\n\t<meta property=\"og:image:height\" content=\"360\" \/>\n\t<meta property=\"og:image:type\" content=\"image\/jpeg\" \/>\n<meta name=\"author\" content=\"Audio-Technica\" \/>\n<meta name=\"twitter:card\" content=\"summary_large_image\" \/>\n<meta name=\"twitter:label1\" content=\"Escrito por\" \/>\n\t<meta name=\"twitter:data1\" content=\"Audio-Technica\" \/>\n\t<meta name=\"twitter:label2\" content=\"Tiempo de lectura\" \/>\n\t<meta name=\"twitter:data2\" content=\"2 minutos\" \/>\n<script type=\"application\/ld+json\" class=\"yoast-schema-graph\">{\"@context\":\"https:\/\/schema.org\",\"@graph\":[{\"@type\":\"Article\",\"@id\":\"https:\/\/distribution.audio-technica.eu\/es-es\/noticias\/audio-technica-presenta-ath-m50xbb\/#article\",\"isPartOf\":{\"@id\":\"https:\/\/distribution.audio-technica.eu\/es-es\/noticias\/audio-technica-presenta-ath-m50xbb\/\"},\"author\":{\"name\":\"Audio-Technica\",\"@id\":\"https:\/\/distribution.audio-technica.eu\/es-es\/#\/schema\/person\/e8e715e047e33cc425e816f59cbd9b80\"},\"headline\":\"Audio-Technica presenta la versi\u00f3n Azul\/Negro ATH-M50xBB de sus populares auriculares profesionales de monitorizaci\u00f3n ATH-M50x\",\"datePublished\":\"2018-01-25T09:00:26+00:00\",\"dateModified\":\"2023-10-17T16:33:33+00:00\",\"mainEntityOfPage\":{\"@id\":\"https:\/\/distribution.audio-technica.eu\/es-es\/noticias\/audio-technica-presenta-ath-m50xbb\/\"},\"wordCount\":504,\"image\":{\"@id\":\"https:\/\/distribution.audio-technica.eu\/es-es\/noticias\/audio-technica-presenta-ath-m50xbb\/#primaryimage\"},\"thumbnailUrl\":\"\/app\/uploads\/sites\/2\/ATH-M50xBB_banner.jpg\",\"keywords\":[\"ath-m50x\",\"auriculares\"],\"articleSection\":[\"Novedades\"],\"inLanguage\":\"es\"},{\"@type\":\"WebPage\",\"@id\":\"https:\/\/distribution.audio-technica.eu\/es-es\/noticias\/audio-technica-presenta-ath-m50xbb\/\",\"url\":\"https:\/\/distribution.audio-technica.eu\/es-es\/noticias\/audio-technica-presenta-ath-m50xbb\/\",\"name\":\"Audio-Technica presenta la versi\u00f3n Azul\/Negro ATH-M50xBB de sus populares auriculares profesionales de monitorizaci\u00f3n ATH-M50x - Audio-Technica Iberia\",\"isPartOf\":{\"@id\":\"https:\/\/distribution.audio-technica.eu\/es-es\/#website\"},\"primaryImageOfPage\":{\"@id\":\"https:\/\/distribution.audio-technica.eu\/es-es\/noticias\/audio-technica-presenta-ath-m50xbb\/#primaryimage\"},\"image\":{\"@id\":\"https:\/\/distribution.audio-technica.eu\/es-es\/noticias\/audio-technica-presenta-ath-m50xbb\/#primaryimage\"},\"thumbnailUrl\":\"\/app\/uploads\/sites\/2\/ATH-M50xBB_banner.jpg\",\"datePublished\":\"2018-01-25T09:00:26+00:00\",\"dateModified\":\"2023-10-17T16:33:33+00:00\",\"author\":{\"@id\":\"https:\/\/distribution.audio-technica.eu\/es-es\/#\/schema\/person\/e8e715e047e33cc425e816f59cbd9b80\"},\"breadcrumb\":{\"@id\":\"https:\/\/distribution.audio-technica.eu\/es-es\/noticias\/audio-technica-presenta-ath-m50xbb\/#breadcrumb\"},\"inLanguage\":\"es\",\"potentialAction\":[{\"@type\":\"ReadAction\",\"target\":[\"https:\/\/distribution.audio-technica.eu\/es-es\/noticias\/audio-technica-presenta-ath-m50xbb\/\"]}]},{\"@type\":\"ImageObject\",\"inLanguage\":\"es\",\"@id\":\"https:\/\/distribution.audio-technica.eu\/es-es\/noticias\/audio-technica-presenta-ath-m50xbb\/#primaryimage\",\"url\":\"\/app\/uploads\/sites\/2\/ATH-M50xBB_banner.jpg\",\"contentUrl\":\"\/app\/uploads\/sites\/2\/ATH-M50xBB_banner.jpg\",\"width\":640,\"height\":360,\"caption\":\"Audio-Technica presenta la versi\u00f3n Azul\/Negro ATH-M50xBB de sus populares auriculares profesionales de monitorizaci\u00f3n ATH-M50x\"},{\"@type\":\"BreadcrumbList\",\"@id\":\"https:\/\/distribution.audio-technica.eu\/es-es\/noticias\/audio-technica-presenta-ath-m50xbb\/#breadcrumb\",\"itemListElement\":[{\"@type\":\"ListItem\",\"position\":1,\"name\":\"Products\",\"item\":\"https:\/\/distribution.audio-technica.eu\/es-es\/\"},{\"@type\":\"ListItem\",\"position\":2,\"name\":\"Audio-Technica presenta la versi\u00f3n Azul\/Negro ATH-M50xBB de sus populares auriculares profesionales de monitorizaci\u00f3n ATH-M50x\"}]},{\"@type\":\"WebSite\",\"@id\":\"https:\/\/distribution.audio-technica.eu\/es-es\/#website\",\"url\":\"https:\/\/distribution.audio-technica.eu\/es-es\/\",\"name\":\"Audio-Technica Iberia\",\"description\":\"Distribuci\u00f3n\",\"potentialAction\":[{\"@type\":\"SearchAction\",\"target\":{\"@type\":\"EntryPoint\",\"urlTemplate\":\"https:\/\/distribution.audio-technica.eu\/es-es\/?s={search_term_string}\"},\"query-input\":{\"@type\":\"PropertyValueSpecification\",\"valueRequired\":true,\"valueName\":\"search_term_string\"}}],\"inLanguage\":\"es\"},{\"@type\":\"Person\",\"@id\":\"https:\/\/distribution.audio-technica.eu\/es-es\/#\/schema\/person\/e8e715e047e33cc425e816f59cbd9b80\",\"name\":\"Audio-Technica\"}]}<\/script>\n<!-- \/ Yoast SEO plugin. -->","yoast_head_json":{"title":"Audio-Technica presenta la versi\u00f3n Azul\/Negro ATH-M50xBB de sus populares auriculares profesionales de monitorizaci\u00f3n ATH-M50x - Audio-Technica Iberia","robots":{"index":"index","follow":"follow","max-snippet":"max-snippet:-1","max-image-preview":"max-image-preview:large","max-video-preview":"max-video-preview:-1"},"canonical":"https:\/\/distribution.audio-technica.eu\/es-es\/noticias\/audio-technica-presenta-ath-m50xbb\/","og_locale":"es_ES","og_type":"article","og_title":"Audio-Technica presenta la versi\u00f3n Azul\/Negro ATH-M50xBB de sus populares auriculares profesionales de monitorizaci\u00f3n ATH-M50x - Audio-Technica Iberia","og_description":"Audio-Technica (stand 15311, Nivel 1 ACC Norte) ha anunciado la presentaci\u00f3n de los auriculares profesionales de monitorizaci\u00f3n ATH-M50xBB en el Winter NAMM 2018. Se trata de una edici\u00f3n limitada que ofrece una versi\u00f3n en azul\/negro de los populares auriculares ATH-M50x, y que forma parte de la l\u00ednea de auriculares de la Serie M. Los auriculares [&hellip;]","og_url":"https:\/\/distribution.audio-technica.eu\/es-es\/noticias\/audio-technica-presenta-ath-m50xbb\/","og_site_name":"Audio-Technica Iberia","article_published_time":"2018-01-25T09:00:26+00:00","article_modified_time":"2023-10-17T16:33:33+00:00","og_image":[{"width":640,"height":360,"url":"https:\/\/distribution.audio-technica.eu\/app\/uploads\/sites\/2\/ATH-M50xBB_banner.jpg","type":"image\/jpeg"}],"author":"Audio-Technica","twitter_card":"summary_large_image","twitter_misc":{"Escrito por":"Audio-Technica","Tiempo de lectura":"2 minutos"},"schema":{"@context":"https:\/\/schema.org","@graph":[{"@type":"Article","@id":"https:\/\/distribution.audio-technica.eu\/es-es\/noticias\/audio-technica-presenta-ath-m50xbb\/#article","isPartOf":{"@id":"https:\/\/distribution.audio-technica.eu\/es-es\/noticias\/audio-technica-presenta-ath-m50xbb\/"},"author":{"name":"Audio-Technica","@id":"https:\/\/distribution.audio-technica.eu\/es-es\/#\/schema\/person\/e8e715e047e33cc425e816f59cbd9b80"},"headline":"Audio-Technica presenta la versi\u00f3n Azul\/Negro ATH-M50xBB de sus populares auriculares profesionales de monitorizaci\u00f3n ATH-M50x","datePublished":"2018-01-25T09:00:26+00:00","dateModified":"2023-10-17T16:33:33+00:00","mainEntityOfPage":{"@id":"https:\/\/distribution.audio-technica.eu\/es-es\/noticias\/audio-technica-presenta-ath-m50xbb\/"},"wordCount":504,"image":{"@id":"https:\/\/distribution.audio-technica.eu\/es-es\/noticias\/audio-technica-presenta-ath-m50xbb\/#primaryimage"},"thumbnailUrl":"\/app\/uploads\/sites\/2\/ATH-M50xBB_banner.jpg","keywords":["ath-m50x","auriculares"],"articleSection":["Novedades"],"inLanguage":"es"},{"@type":"WebPage","@id":"https:\/\/distribution.audio-technica.eu\/es-es\/noticias\/audio-technica-presenta-ath-m50xbb\/","url":"https:\/\/distribution.audio-technica.eu\/es-es\/noticias\/audio-technica-presenta-ath-m50xbb\/","name":"Audio-Technica presenta la versi\u00f3n Azul\/Negro ATH-M50xBB de sus populares auriculares profesionales de monitorizaci\u00f3n ATH-M50x - Audio-Technica Iberia","isPartOf":{"@id":"https:\/\/distribution.audio-technica.eu\/es-es\/#website"},"primaryImageOfPage":{"@id":"https:\/\/distribution.audio-technica.eu\/es-es\/noticias\/audio-technica-presenta-ath-m50xbb\/#primaryimage"},"image":{"@id":"https:\/\/distribution.audio-technica.eu\/es-es\/noticias\/audio-technica-presenta-ath-m50xbb\/#primaryimage"},"thumbnailUrl":"\/app\/uploads\/sites\/2\/ATH-M50xBB_banner.jpg","datePublished":"2018-01-25T09:00:26+00:00","dateModified":"2023-10-17T16:33:33+00:00","author":{"@id":"https:\/\/distribution.audio-technica.eu\/es-es\/#\/schema\/person\/e8e715e047e33cc425e816f59cbd9b80"},"breadcrumb":{"@id":"https:\/\/distribution.audio-technica.eu\/es-es\/noticias\/audio-technica-presenta-ath-m50xbb\/#breadcrumb"},"inLanguage":"es","potentialAction":[{"@type":"ReadAction","target":["https:\/\/distribution.audio-technica.eu\/es-es\/noticias\/audio-technica-presenta-ath-m50xbb\/"]}]},{"@type":"ImageObject","inLanguage":"es","@id":"https:\/\/distribution.audio-technica.eu\/es-es\/noticias\/audio-technica-presenta-ath-m50xbb\/#primaryimage","url":"\/app\/uploads\/sites\/2\/ATH-M50xBB_banner.jpg","contentUrl":"\/app\/uploads\/sites\/2\/ATH-M50xBB_banner.jpg","width":640,"height":360,"caption":"Audio-Technica presenta la versi\u00f3n Azul\/Negro ATH-M50xBB de sus populares auriculares profesionales de monitorizaci\u00f3n ATH-M50x"},{"@type":"BreadcrumbList","@id":"https:\/\/distribution.audio-technica.eu\/es-es\/noticias\/audio-technica-presenta-ath-m50xbb\/#breadcrumb","itemListElement":[{"@type":"ListItem","position":1,"name":"Products","item":"https:\/\/distribution.audio-technica.eu\/es-es\/"},{"@type":"ListItem","position":2,"name":"Audio-Technica presenta la versi\u00f3n Azul\/Negro ATH-M50xBB de sus populares auriculares profesionales de monitorizaci\u00f3n ATH-M50x"}]},{"@type":"WebSite","@id":"https:\/\/distribution.audio-technica.eu\/es-es\/#website","url":"https:\/\/distribution.audio-technica.eu\/es-es\/","name":"Audio-Technica Iberia","description":"Distribuci\u00f3n","potentialAction":[{"@type":"SearchAction","target":{"@type":"EntryPoint","urlTemplate":"https:\/\/distribution.audio-technica.eu\/es-es\/?s={search_term_string}"},"query-input":{"@type":"PropertyValueSpecification","valueRequired":true,"valueName":"search_term_string"}}],"inLanguage":"es"},{"@type":"Person","@id":"https:\/\/distribution.audio-technica.eu\/es-es\/#\/schema\/person\/e8e715e047e33cc425e816f59cbd9b80","name":"Audio-Technica"}]}},"_links":{"self":[{"href":"https:\/\/distribution.audio-technica.eu\/es-es\/wp-json\/wp\/v2\/posts\/2205","targetHints":{"allow":["GET"]}}],"collection":[{"href":"https:\/\/distribution.audio-technica.eu\/es-es\/wp-json\/wp\/v2\/posts"}],"about":[{"href":"https:\/\/distribution.audio-technica.eu\/es-es\/wp-json\/wp\/v2\/types\/post"}],"author":[{"embeddable":true,"href":"https:\/\/distribution.audio-technica.eu\/es-es\/wp-json\/wp\/v2\/users\/1"}],"replies":[{"embeddable":true,"href":"https:\/\/distribution.audio-technica.eu\/es-es\/wp-json\/wp\/v2\/comments?post=2205"}],"version-history":[{"count":1,"href":"https:\/\/distribution.audio-technica.eu\/es-es\/wp-json\/wp\/v2\/posts\/2205\/revisions"}],"predecessor-version":[{"id":30285,"href":"https:\/\/distribution.audio-technica.eu\/es-es\/wp-json\/wp\/v2\/posts\/2205\/revisions\/30285"}],"wp:featuredmedia":[{"embeddable":true,"href":"https:\/\/distribution.audio-technica.eu\/es-es\/wp-json\/wp\/v2\/media\/2204"}],"wp:attachment":[{"href":"https:\/\/distribution.audio-technica.eu\/es-es\/wp-json\/wp\/v2\/media?parent=2205"}],"wp:term":[{"taxonomy":"category","embeddable":true,"href":"https:\/\/distribution.audio-technica.eu\/es-es\/wp-json\/wp\/v2\/categories?post=2205"},{"taxonomy":"post_tag","embeddable":true,"href":"https:\/\/distribution.audio-technica.eu\/es-es\/wp-json\/wp\/v2\/tags?post=2205"}],"curies":[{"name":"wp","href":"https:\/\/api.w.org\/{rel}","templated":true}]}}